{"id":215226,"date":"2024-07-11T22:10:00","date_gmt":"2024-07-11T22:10:00","guid":{"rendered":"https:\/\/www.webdo.tn\/fr\/blog\/securite-et-lutte-anti-terroriste-rencontre-entre-khaled-nouri-et-mohammed-bin-ali-koman\/215226\/"},"modified":"2025-05-21T09:04:46","modified_gmt":"2025-05-21T09:04:46","slug":"securite-et-lutte-anti-terroriste-rencontre-entre-khaled-nouri-et-mohammed-bin-ali-koman","status":"publish","type":"post","link":"https:\/\/www.webdo.tn\/fr\/actualite\/national\/securite-et-lutte-anti-terroriste-rencontre-entre-khaled-nouri-et-mohammed-bin-ali-koman\/215226\/","title":{"rendered":"S\u00e9curit\u00e9 et lutte anti-terroriste : Rencontre entre Khaled Nouri et Mohammed bin Ali Koman"},"content":{"rendered":"<p>Jeudi 11 juillet 2024, le si\u00e8ge du minist\u00e8re de l&rsquo;Int\u00e9rieur a \u00e9t\u00e9 le th\u00e9\u00e2tre d&rsquo;une rencontre  entre le ministre de l&rsquo;Int\u00e9rieur, Khaled Nouri, et le Secr\u00e9taire G\u00e9n\u00e9ral du Conseil des Ministres de l&rsquo;Int\u00e9rieur Arabes, Dr Mohamed Bin Ali Koman.<\/p>\n<p>\t\t\t\t\t\t\t\t\tCette r\u00e9union, marqu\u00e9e par la pr\u00e9sence de Sofiene Bessadok, Secr\u00e9taire d&rsquo;\u00c9tat aupr\u00e8s du ministre de l&rsquo;Int\u00e9rieur charg\u00e9 de la s\u00e9curit\u00e9, ainsi que du Directeur g\u00e9n\u00e9ral des relations ext\u00e9rieures et de la coop\u00e9ration internationale, visait \u00e0 renforcer la coop\u00e9ration en mati\u00e8re de s\u00e9curit\u00e9 entre les pays arabes.<\/p>\n<p>Les discussions ont port\u00e9 sur plusieurs sujets pour le d\u00e9veloppement de la coop\u00e9ration s\u00e9curitaire arabe. Les participants ont soulign\u00e9 l&rsquo;importance de la collaboration actuelle entre le minist\u00e8re de l&rsquo;Int\u00e9rieur et le Secr\u00e9tariat g\u00e9n\u00e9ral du Conseil.<\/p>\n<p>L&rsquo;un des points forts de cette r\u00e9union a \u00e9t\u00e9 la pr\u00e9sentation du document strat\u00e9gique arabe pour la lutte contre le terrorisme, un projet ambitieux \u00e9labor\u00e9 par le Secr\u00e9tariat g\u00e9n\u00e9ral. Ce document sera prochainement soumis aux minist\u00e8res de l&rsquo;Int\u00e9rieur des pays arabes pour la mise en \u0153uvre de ses directives essentielles.<\/p>\n","protected":false},"excerpt":{"rendered":"<p>Le ministre de l&rsquo;Int\u00e9rieur, Khaled Nouri, a rencontr\u00e9 le Secr\u00e9taire G\u00e9n\u00e9ral du Conseil des Ministres de l&rsquo;Int\u00e9rieur Arabes, Dr. Mohammed bin Ali Koman, pour ren&#8230;<\/p>\n","protected":false},"author":3166,"featured_media":247007,"comment_status":"open","ping_status":"closed","sticky":false,"template":"","format":"standard","meta":{"footnotes":""},"categories":[44],"tags":[6161,2840,2608],"class_list":["post-215226","post","type-post","status-publish","format-standard","has-post-thumbnail","hentry","category-national","tag-lutte-anti-terroriste","tag-securite","tag-tunisie"],"yoast_head":"<!-- This site is optimized with the Yoast SEO Premium plugin v27.5 (Yoast SEO v27.5) - https:\/\/yoast.com\/product\/yoast-seo-premium-wordpress\/ -->\n<title>S\u00e9curit\u00e9 et lutte anti-terroriste : Rencontre entre Khaled Nouri et Mohammed bin Ali Koman<\/title>\n<meta name=\"description\" content=\"Le ministre de l&#039;Int\u00e9rieur, Khaled Nouri, a rencontr\u00e9 le Secr\u00e9taire G\u00e9n\u00e9ral du Conseil des Ministres de l&#039;Int\u00e9rieur Arabes, Dr. Mohammed bin Ali Koman, pour ren...\" \/>\n<link rel=\"canonical\" href=\"https:\/\/www.webdo.tn\/fr\/actualite\/national\/securite-et-lutte-anti-terroriste-rencontre-entre-khaled-nouri-et-mohammed-bin-ali-koman\/215226\/\" \/>\n<meta property=\"og:locale\" content=\"fr_FR\" \/>\n<meta property=\"og:type\" content=\"article\" \/>\n<meta property=\"og:title\" content=\"S\u00e9curit\u00e9 et lutte anti-terroriste : Rencontre entre Khaled Nouri et Mohammed bin Ali Koman\" \/>\n<meta property=\"og:description\" content=\"Le ministre de l&#039;Int\u00e9rieur, Khaled Nouri, a rencontr\u00e9 le Secr\u00e9taire G\u00e9n\u00e9ral du Conseil des Ministres de l&#039;Int\u00e9rieur Arabes, Dr. Mohammed bin Ali Koman, pour ren...\" \/>\n<meta property=\"og:url\" content=\"https:\/\/www.webdo.tn\/fr\/actualite\/national\/securite-et-lutte-anti-terroriste-rencontre-entre-khaled-nouri-et-mohammed-bin-ali-koman\/215226\/\" \/>\n<meta property=\"og:site_name\" content=\"webdo\" \/>\n<meta property=\"article:publisher\" content=\"https:\/\/www.facebook.com\/webdotn\" \/>\n<meta property=\"article:published_time\" content=\"2024-07-11T22:10:00+00:00\" \/>\n<meta property=\"article:modified_time\" content=\"2025-05-21T09:04:46+00:00\" \/>\n<meta property=\"og:image\" content=\"https:\/\/www.webdo.tn\/fr\/wp-content\/uploads\/2024\/07\/38416335b8fd571736fa07cbbf1ee3c2.webp\" \/>\n\t<meta property=\"og:image:width\" content=\"750\" \/>\n\t<meta property=\"og:image:height\" content=\"400\" \/>\n\t<meta property=\"og:image:type\" content=\"image\/webp\" \/>\n<meta name=\"author\" content=\"AZ\" \/>\n<meta name=\"twitter:card\" content=\"summary_large_image\" \/>\n<meta name=\"twitter:creator\" content=\"@webdo_tn\" \/>\n<meta name=\"twitter:site\" content=\"@webdo_tn\" \/>\n<meta name=\"twitter:label1\" content=\"\u00c9crit par\" \/>\n\t<meta name=\"twitter:data1\" content=\"AZ\" \/>\n\t<meta name=\"twitter:label2\" content=\"Dur\u00e9e de lecture estim\u00e9e\" \/>\n\t<meta name=\"twitter:data2\" content=\"1 minute\" \/>\n<script type=\"application\/ld+json\" class=\"yoast-schema-graph\">{\"@context\":\"https:\\\/\\\/schema.org\",\"@graph\":[{\"@type\":\"NewsArticle\",\"@id\":\"https:\\\/\\\/www.webdo.tn\\\/fr\\\/actualite\\\/national\\\/securite-et-lutte-anti-terroriste-rencontre-entre-khaled-nouri-et-mohammed-bin-ali-koman\\\/215226\\\/#article\",\"isPartOf\":{\"@id\":\"https:\\\/\\\/www.webdo.tn\\\/fr\\\/actualite\\\/national\\\/securite-et-lutte-anti-terroriste-rencontre-entre-khaled-nouri-et-mohammed-bin-ali-koman\\\/215226\\\/\"},\"author\":{\"name\":\"AZ\",\"@id\":\"https:\\\/\\\/www.webdo.tn\\\/fr\\\/#\\\/schema\\\/person\\\/b8a41c04d93287d375510db360906b34\"},\"headline\":\"S\u00e9curit\u00e9 et lutte anti-terroriste : Rencontre entre Khaled Nouri et Mohammed bin Ali Koman\",\"datePublished\":\"2024-07-11T22:10:00+00:00\",\"dateModified\":\"2025-05-21T09:04:46+00:00\",\"mainEntityOfPage\":{\"@id\":\"https:\\\/\\\/www.webdo.tn\\\/fr\\\/actualite\\\/national\\\/securite-et-lutte-anti-terroriste-rencontre-entre-khaled-nouri-et-mohammed-bin-ali-koman\\\/215226\\\/\"},\"wordCount\":230,\"commentCount\":0,\"publisher\":{\"@id\":\"https:\\\/\\\/www.webdo.tn\\\/fr\\\/#organization\"},\"image\":{\"@id\":\"https:\\\/\\\/www.webdo.tn\\\/fr\\\/actualite\\\/national\\\/securite-et-lutte-anti-terroriste-rencontre-entre-khaled-nouri-et-mohammed-bin-ali-koman\\\/215226\\\/#primaryimage\"},\"thumbnailUrl\":\"https:\\\/\\\/www.webdo.tn\\\/fr\\\/wp-content\\\/uploads\\\/2024\\\/07\\\/38416335b8fd571736fa07cbbf1ee3c2.webp\",\"keywords\":[\"lutte anti-terroriste\",\"s\u00e9curit\u00e9\",\"Tunisie\"],\"articleSection\":[\"National\"],\"inLanguage\":\"fr-FR\"},{\"@type\":\"WebPage\",\"@id\":\"https:\\\/\\\/www.webdo.tn\\\/fr\\\/actualite\\\/national\\\/securite-et-lutte-anti-terroriste-rencontre-entre-khaled-nouri-et-mohammed-bin-ali-koman\\\/215226\\\/\",\"url\":\"https:\\\/\\\/www.webdo.tn\\\/fr\\\/actualite\\\/national\\\/securite-et-lutte-anti-terroriste-rencontre-entre-khaled-nouri-et-mohammed-bin-ali-koman\\\/215226\\\/\",\"name\":\"S\u00e9curit\u00e9 et lutte anti-terroriste : Rencontre entre Khaled Nouri et Mohammed bin Ali Koman\",\"isPartOf\":{\"@id\":\"https:\\\/\\\/www.webdo.tn\\\/fr\\\/#website\"},\"primaryImageOfPage\":{\"@id\":\"https:\\\/\\\/www.webdo.tn\\\/fr\\\/actualite\\\/national\\\/securite-et-lutte-anti-terroriste-rencontre-entre-khaled-nouri-et-mohammed-bin-ali-koman\\\/215226\\\/#primaryimage\"},\"image\":{\"@id\":\"https:\\\/\\\/www.webdo.tn\\\/fr\\\/actualite\\\/national\\\/securite-et-lutte-anti-terroriste-rencontre-entre-khaled-nouri-et-mohammed-bin-ali-koman\\\/215226\\\/#primaryimage\"},\"thumbnailUrl\":\"https:\\\/\\\/www.webdo.tn\\\/fr\\\/wp-content\\\/uploads\\\/2024\\\/07\\\/38416335b8fd571736fa07cbbf1ee3c2.webp\",\"datePublished\":\"2024-07-11T22:10:00+00:00\",\"dateModified\":\"2025-05-21T09:04:46+00:00\",\"description\":\"Le ministre de l'Int\u00e9rieur, Khaled Nouri, a rencontr\u00e9 le Secr\u00e9taire G\u00e9n\u00e9ral du Conseil des Ministres de l'Int\u00e9rieur Arabes, Dr. Mohammed bin Ali Koman, pour ren...\",\"breadcrumb\":{\"@id\":\"https:\\\/\\\/www.webdo.tn\\\/fr\\\/actualite\\\/national\\\/securite-et-lutte-anti-terroriste-rencontre-entre-khaled-nouri-et-mohammed-bin-ali-koman\\\/215226\\\/#breadcrumb\"},\"inLanguage\":\"fr-FR\",\"potentialAction\":[{\"@type\":\"ReadAction\",\"target\":[\"https:\\\/\\\/www.webdo.tn\\\/fr\\\/actualite\\\/national\\\/securite-et-lutte-anti-terroriste-rencontre-entre-khaled-nouri-et-mohammed-bin-ali-koman\\\/215226\\\/\"]}]},{\"@type\":\"ImageObject\",\"inLanguage\":\"fr-FR\",\"@id\":\"https:\\\/\\\/www.webdo.tn\\\/fr\\\/actualite\\\/national\\\/securite-et-lutte-anti-terroriste-rencontre-entre-khaled-nouri-et-mohammed-bin-ali-koman\\\/215226\\\/#primaryimage\",\"url\":\"https:\\\/\\\/www.webdo.tn\\\/fr\\\/wp-content\\\/uploads\\\/2024\\\/07\\\/38416335b8fd571736fa07cbbf1ee3c2.webp\",\"contentUrl\":\"https:\\\/\\\/www.webdo.tn\\\/fr\\\/wp-content\\\/uploads\\\/2024\\\/07\\\/38416335b8fd571736fa07cbbf1ee3c2.webp\",\"width\":750,\"height\":400,\"caption\":\"S\u00e9curit\u00e9 et lutte anti-terroriste : Rencontre entre Khaled Nouri et Mohammed bin Ali Koman\"},{\"@type\":\"BreadcrumbList\",\"@id\":\"https:\\\/\\\/www.webdo.tn\\\/fr\\\/actualite\\\/national\\\/securite-et-lutte-anti-terroriste-rencontre-entre-khaled-nouri-et-mohammed-bin-ali-koman\\\/215226\\\/#breadcrumb\",\"itemListElement\":[{\"@type\":\"ListItem\",\"position\":1,\"name\":\"Accueil\",\"item\":\"https:\\\/\\\/www.webdo.tn\\\/fr\\\/\"},{\"@type\":\"ListItem\",\"position\":2,\"name\":\"S\u00e9curit\u00e9 et lutte anti-terroriste : Rencontre entre Khaled Nouri et Mohammed bin Ali Koman\"}]},{\"@type\":\"WebSite\",\"@id\":\"https:\\\/\\\/www.webdo.tn\\\/fr\\\/#website\",\"url\":\"https:\\\/\\\/www.webdo.tn\\\/fr\\\/\",\"name\":\"webdo\",\"description\":\"Tunisie - News en Tunisie et \u00e0 l&#039;international sur Webdo.tn\",\"publisher\":{\"@id\":\"https:\\\/\\\/www.webdo.tn\\\/fr\\\/#organization\"},\"potentialAction\":[{\"@type\":\"SearchAction\",\"target\":{\"@type\":\"EntryPoint\",\"urlTemplate\":\"https:\\\/\\\/www.webdo.tn\\\/fr\\\/?s={search_term_string}\"},\"query-input\":{\"@type\":\"PropertyValueSpecification\",\"valueRequired\":true,\"valueName\":\"search_term_string\"}}],\"inLanguage\":\"fr-FR\"},{\"@type\":\"Organization\",\"@id\":\"https:\\\/\\\/www.webdo.tn\\\/fr\\\/#organization\",\"name\":\"Webdo\",\"alternateName\":\"Webdo.tn\",\"url\":\"https:\\\/\\\/www.webdo.tn\\\/fr\\\/\",\"logo\":{\"@type\":\"ImageObject\",\"inLanguage\":\"fr-FR\",\"@id\":\"https:\\\/\\\/www.webdo.tn\\\/fr\\\/#\\\/schema\\\/logo\\\/image\\\/\",\"url\":\"https:\\\/\\\/www.webdo.tn\\\/fr\\\/wp-content\\\/uploads\\\/2025\\\/06\\\/Webdo-Tunisie_168377.jpg\",\"contentUrl\":\"https:\\\/\\\/www.webdo.tn\\\/fr\\\/wp-content\\\/uploads\\\/2025\\\/06\\\/Webdo-Tunisie_168377.jpg\",\"width\":301,\"height\":301,\"caption\":\"Webdo\"},\"image\":{\"@id\":\"https:\\\/\\\/www.webdo.tn\\\/fr\\\/#\\\/schema\\\/logo\\\/image\\\/\"},\"sameAs\":[\"https:\\\/\\\/www.facebook.com\\\/webdotn\",\"https:\\\/\\\/x.com\\\/webdo_tn\"],\"description\":\"Webdo est un m\u00e9dia num\u00e9rique tunisien fond\u00e9 en 2010, sp\u00e9cialis\u00e9 dans l\u2019actualit\u00e9 nationale et internationale, l\u2019\u00e9conomie, la soci\u00e9t\u00e9 et les analyses politiques. Le site s\u2019adresse \u00e0 un large public francophone et couvre l\u2019information tunisienne en temps r\u00e9el.\",\"email\":\"redac@webdo.tn\",\"legalName\":\"YNJ SARL\",\"foundingDate\":\"2010-09-06\",\"numberOfEmployees\":{\"@type\":\"QuantitativeValue\",\"minValue\":\"11\",\"maxValue\":\"50\"}},{\"@type\":\"Person\",\"@id\":\"https:\\\/\\\/www.webdo.tn\\\/fr\\\/#\\\/schema\\\/person\\\/b8a41c04d93287d375510db360906b34\",\"name\":\"AZ\",\"image\":{\"@type\":\"ImageObject\",\"inLanguage\":\"fr-FR\",\"@id\":\"https:\\\/\\\/secure.gravatar.com\\\/avatar\\\/492b80bada79439de4201dce15cd41eece6c277cfdf1b53382073c79105c1f89?s=96&d=mm&r=g\",\"url\":\"https:\\\/\\\/secure.gravatar.com\\\/avatar\\\/492b80bada79439de4201dce15cd41eece6c277cfdf1b53382073c79105c1f89?s=96&d=mm&r=g\",\"contentUrl\":\"https:\\\/\\\/secure.gravatar.com\\\/avatar\\\/492b80bada79439de4201dce15cd41eece6c277cfdf1b53382073c79105c1f89?s=96&d=mm&r=g\",\"caption\":\"AZ\"},\"url\":\"https:\\\/\\\/www.webdo.tn\\\/fr\\\/actualite\\\/author\\\/az\\\/\"}]}<\/script>\n<!-- \/ Yoast SEO Premium plugin. -->","yoast_head_json":{"title":"S\u00e9curit\u00e9 et lutte anti-terroriste : Rencontre entre Khaled Nouri et Mohammed bin Ali Koman","description":"Le ministre de l'Int\u00e9rieur, Khaled Nouri, a rencontr\u00e9 le Secr\u00e9taire G\u00e9n\u00e9ral du Conseil des Ministres de l'Int\u00e9rieur Arabes, Dr. Mohammed bin Ali Koman, pour ren...","canonical":"https:\/\/www.webdo.tn\/fr\/actualite\/national\/securite-et-lutte-anti-terroriste-rencontre-entre-khaled-nouri-et-mohammed-bin-ali-koman\/215226\/","og_locale":"fr_FR","og_type":"article","og_title":"S\u00e9curit\u00e9 et lutte anti-terroriste : Rencontre entre Khaled Nouri et Mohammed bin Ali Koman","og_description":"Le ministre de l'Int\u00e9rieur, Khaled Nouri, a rencontr\u00e9 le Secr\u00e9taire G\u00e9n\u00e9ral du Conseil des Ministres de l'Int\u00e9rieur Arabes, Dr. Mohammed bin Ali Koman, pour ren...","og_url":"https:\/\/www.webdo.tn\/fr\/actualite\/national\/securite-et-lutte-anti-terroriste-rencontre-entre-khaled-nouri-et-mohammed-bin-ali-koman\/215226\/","og_site_name":"webdo","article_publisher":"https:\/\/www.facebook.com\/webdotn","article_published_time":"2024-07-11T22:10:00+00:00","article_modified_time":"2025-05-21T09:04:46+00:00","og_image":[{"width":750,"height":400,"url":"https:\/\/www.webdo.tn\/fr\/wp-content\/uploads\/2024\/07\/38416335b8fd571736fa07cbbf1ee3c2.webp","type":"image\/webp"}],"author":"AZ","twitter_card":"summary_large_image","twitter_creator":"@webdo_tn","twitter_site":"@webdo_tn","twitter_misc":{"\u00c9crit par":"AZ","Dur\u00e9e de lecture estim\u00e9e":"1 minute"},"schema":{"@context":"https:\/\/schema.org","@graph":[{"@type":"NewsArticle","@id":"https:\/\/www.webdo.tn\/fr\/actualite\/national\/securite-et-lutte-anti-terroriste-rencontre-entre-khaled-nouri-et-mohammed-bin-ali-koman\/215226\/#article","isPartOf":{"@id":"https:\/\/www.webdo.tn\/fr\/actualite\/national\/securite-et-lutte-anti-terroriste-rencontre-entre-khaled-nouri-et-mohammed-bin-ali-koman\/215226\/"},"author":{"name":"AZ","@id":"https:\/\/www.webdo.tn\/fr\/#\/schema\/person\/b8a41c04d93287d375510db360906b34"},"headline":"S\u00e9curit\u00e9 et lutte anti-terroriste : Rencontre entre Khaled Nouri et Mohammed bin Ali Koman","datePublished":"2024-07-11T22:10:00+00:00","dateModified":"2025-05-21T09:04:46+00:00","mainEntityOfPage":{"@id":"https:\/\/www.webdo.tn\/fr\/actualite\/national\/securite-et-lutte-anti-terroriste-rencontre-entre-khaled-nouri-et-mohammed-bin-ali-koman\/215226\/"},"wordCount":230,"commentCount":0,"publisher":{"@id":"https:\/\/www.webdo.tn\/fr\/#organization"},"image":{"@id":"https:\/\/www.webdo.tn\/fr\/actualite\/national\/securite-et-lutte-anti-terroriste-rencontre-entre-khaled-nouri-et-mohammed-bin-ali-koman\/215226\/#primaryimage"},"thumbnailUrl":"https:\/\/www.webdo.tn\/fr\/wp-content\/uploads\/2024\/07\/38416335b8fd571736fa07cbbf1ee3c2.webp","keywords":["lutte anti-terroriste","s\u00e9curit\u00e9","Tunisie"],"articleSection":["National"],"inLanguage":"fr-FR"},{"@type":"WebPage","@id":"https:\/\/www.webdo.tn\/fr\/actualite\/national\/securite-et-lutte-anti-terroriste-rencontre-entre-khaled-nouri-et-mohammed-bin-ali-koman\/215226\/","url":"https:\/\/www.webdo.tn\/fr\/actualite\/national\/securite-et-lutte-anti-terroriste-rencontre-entre-khaled-nouri-et-mohammed-bin-ali-koman\/215226\/","name":"S\u00e9curit\u00e9 et lutte anti-terroriste : Rencontre entre Khaled Nouri et Mohammed bin Ali Koman","isPartOf":{"@id":"https:\/\/www.webdo.tn\/fr\/#website"},"primaryImageOfPage":{"@id":"https:\/\/www.webdo.tn\/fr\/actualite\/national\/securite-et-lutte-anti-terroriste-rencontre-entre-khaled-nouri-et-mohammed-bin-ali-koman\/215226\/#primaryimage"},"image":{"@id":"https:\/\/www.webdo.tn\/fr\/actualite\/national\/securite-et-lutte-anti-terroriste-rencontre-entre-khaled-nouri-et-mohammed-bin-ali-koman\/215226\/#primaryimage"},"thumbnailUrl":"https:\/\/www.webdo.tn\/fr\/wp-content\/uploads\/2024\/07\/38416335b8fd571736fa07cbbf1ee3c2.webp","datePublished":"2024-07-11T22:10:00+00:00","dateModified":"2025-05-21T09:04:46+00:00","description":"Le ministre de l'Int\u00e9rieur, Khaled Nouri, a rencontr\u00e9 le Secr\u00e9taire G\u00e9n\u00e9ral du Conseil des Ministres de l'Int\u00e9rieur Arabes, Dr. Mohammed bin Ali Koman, pour ren...","breadcrumb":{"@id":"https:\/\/www.webdo.tn\/fr\/actualite\/national\/securite-et-lutte-anti-terroriste-rencontre-entre-khaled-nouri-et-mohammed-bin-ali-koman\/215226\/#breadcrumb"},"inLanguage":"fr-FR","potentialAction":[{"@type":"ReadAction","target":["https:\/\/www.webdo.tn\/fr\/actualite\/national\/securite-et-lutte-anti-terroriste-rencontre-entre-khaled-nouri-et-mohammed-bin-ali-koman\/215226\/"]}]},{"@type":"ImageObject","inLanguage":"fr-FR","@id":"https:\/\/www.webdo.tn\/fr\/actualite\/national\/securite-et-lutte-anti-terroriste-rencontre-entre-khaled-nouri-et-mohammed-bin-ali-koman\/215226\/#primaryimage","url":"https:\/\/www.webdo.tn\/fr\/wp-content\/uploads\/2024\/07\/38416335b8fd571736fa07cbbf1ee3c2.webp","contentUrl":"https:\/\/www.webdo.tn\/fr\/wp-content\/uploads\/2024\/07\/38416335b8fd571736fa07cbbf1ee3c2.webp","width":750,"height":400,"caption":"S\u00e9curit\u00e9 et lutte anti-terroriste : Rencontre entre Khaled Nouri et Mohammed bin Ali Koman"},{"@type":"BreadcrumbList","@id":"https:\/\/www.webdo.tn\/fr\/actualite\/national\/securite-et-lutte-anti-terroriste-rencontre-entre-khaled-nouri-et-mohammed-bin-ali-koman\/215226\/#breadcrumb","itemListElement":[{"@type":"ListItem","position":1,"name":"Accueil","item":"https:\/\/www.webdo.tn\/fr\/"},{"@type":"ListItem","position":2,"name":"S\u00e9curit\u00e9 et lutte anti-terroriste : Rencontre entre Khaled Nouri et Mohammed bin Ali Koman"}]},{"@type":"WebSite","@id":"https:\/\/www.webdo.tn\/fr\/#website","url":"https:\/\/www.webdo.tn\/fr\/","name":"webdo","description":"Tunisie - News en Tunisie et \u00e0 l&#039;international sur Webdo.tn","publisher":{"@id":"https:\/\/www.webdo.tn\/fr\/#organization"},"potentialAction":[{"@type":"SearchAction","target":{"@type":"EntryPoint","urlTemplate":"https:\/\/www.webdo.tn\/fr\/?s={search_term_string}"},"query-input":{"@type":"PropertyValueSpecification","valueRequired":true,"valueName":"search_term_string"}}],"inLanguage":"fr-FR"},{"@type":"Organization","@id":"https:\/\/www.webdo.tn\/fr\/#organization","name":"Webdo","alternateName":"Webdo.tn","url":"https:\/\/www.webdo.tn\/fr\/","logo":{"@type":"ImageObject","inLanguage":"fr-FR","@id":"https:\/\/www.webdo.tn\/fr\/#\/schema\/logo\/image\/","url":"https:\/\/www.webdo.tn\/fr\/wp-content\/uploads\/2025\/06\/Webdo-Tunisie_168377.jpg","contentUrl":"https:\/\/www.webdo.tn\/fr\/wp-content\/uploads\/2025\/06\/Webdo-Tunisie_168377.jpg","width":301,"height":301,"caption":"Webdo"},"image":{"@id":"https:\/\/www.webdo.tn\/fr\/#\/schema\/logo\/image\/"},"sameAs":["https:\/\/www.facebook.com\/webdotn","https:\/\/x.com\/webdo_tn"],"description":"Webdo est un m\u00e9dia num\u00e9rique tunisien fond\u00e9 en 2010, sp\u00e9cialis\u00e9 dans l\u2019actualit\u00e9 nationale et internationale, l\u2019\u00e9conomie, la soci\u00e9t\u00e9 et les analyses politiques. Le site s\u2019adresse \u00e0 un large public francophone et couvre l\u2019information tunisienne en temps r\u00e9el.","email":"redac@webdo.tn","legalName":"YNJ SARL","foundingDate":"2010-09-06","numberOfEmployees":{"@type":"QuantitativeValue","minValue":"11","maxValue":"50"}},{"@type":"Person","@id":"https:\/\/www.webdo.tn\/fr\/#\/schema\/person\/b8a41c04d93287d375510db360906b34","name":"AZ","image":{"@type":"ImageObject","inLanguage":"fr-FR","@id":"https:\/\/secure.gravatar.com\/avatar\/492b80bada79439de4201dce15cd41eece6c277cfdf1b53382073c79105c1f89?s=96&d=mm&r=g","url":"https:\/\/secure.gravatar.com\/avatar\/492b80bada79439de4201dce15cd41eece6c277cfdf1b53382073c79105c1f89?s=96&d=mm&r=g","contentUrl":"https:\/\/secure.gravatar.com\/avatar\/492b80bada79439de4201dce15cd41eece6c277cfdf1b53382073c79105c1f89?s=96&d=mm&r=g","caption":"AZ"},"url":"https:\/\/www.webdo.tn\/fr\/actualite\/author\/az\/"}]}},"_links":{"self":[{"href":"https:\/\/www.webdo.tn\/fr\/wp-json\/wp\/v2\/posts\/215226","targetHints":{"allow":["GET"]}}],"collection":[{"href":"https:\/\/www.webdo.tn\/fr\/wp-json\/wp\/v2\/posts"}],"about":[{"href":"https:\/\/www.webdo.tn\/fr\/wp-json\/wp\/v2\/types\/post"}],"author":[{"embeddable":true,"href":"https:\/\/www.webdo.tn\/fr\/wp-json\/wp\/v2\/users\/3166"}],"replies":[{"embeddable":true,"href":"https:\/\/www.webdo.tn\/fr\/wp-json\/wp\/v2\/comments?post=215226"}],"version-history":[{"count":0,"href":"https:\/\/www.webdo.tn\/fr\/wp-json\/wp\/v2\/posts\/215226\/revisions"}],"wp:featuredmedia":[{"embeddable":true,"href":"https:\/\/www.webdo.tn\/fr\/wp-json\/wp\/v2\/media\/247007"}],"wp:attachment":[{"href":"https:\/\/www.webdo.tn\/fr\/wp-json\/wp\/v2\/media?parent=215226"}],"wp:term":[{"taxonomy":"category","embeddable":true,"href":"https:\/\/www.webdo.tn\/fr\/wp-json\/wp\/v2\/categories?post=215226"},{"taxonomy":"post_tag","embeddable":true,"href":"https:\/\/www.webdo.tn\/fr\/wp-json\/wp\/v2\/tags?post=215226"}],"curies":[{"name":"wp","href":"https:\/\/api.w.org\/{rel}","templated":true}]}}