{"id":215220,"date":"2024-07-11T19:35:00","date_gmt":"2024-07-11T19:35:00","guid":{"rendered":"https:\/\/www.webdo.tn\/fr\/blog\/l-avocat-mehdi-zagrouba-obtient-sa-liberation-provisoire\/215220\/"},"modified":"2025-05-21T09:05:49","modified_gmt":"2025-05-21T09:05:49","slug":"l-avocat-mehdi-zagrouba-obtient-sa-liberation-provisoire","status":"publish","type":"post","link":"https:\/\/www.webdo.tn\/fr\/actualite\/national\/l-avocat-mehdi-zagrouba-obtient-sa-liberation-provisoire\/215220\/","title":{"rendered":"L&rsquo;avocat Mehdi Zagrouba obtient sa lib\u00e9ration provisoire"},"content":{"rendered":"<p>La Chambre d&rsquo;accusation de la Cour d&rsquo;appel de Tunis a d\u00e9cid\u00e9 de lib\u00e9rer provisoirement l&rsquo;avocat Mahdi Zagrouba, malgr\u00e9 le rejet initial de cette demande par le juge d&rsquo;instruction du Tribunal de premi\u00e8re instance de Tunis.<\/p>\n<p>\t\t\t\t\t\t\t\t\tLa d\u00e9cision de la Chambre d&rsquo;accusation fait suite \u00e0 un appel interjet\u00e9 par la d\u00e9fense de Zagrouba.<\/p>\n<p>Il est \u00e0 rappeler que l&rsquo;arrestation de l&rsquo;avocat avait eu lieu le lundi 13 mai 2024, lors d&rsquo;une intervention muscl\u00e9e de la police \u00e0 la Maison de l\u2019avocat, au cours de laquelle il aurait \u00e9t\u00e9 violemment agress\u00e9. Des t\u00e9moins ont rapport\u00e9 que les agents l&rsquo;avaient tra\u00een\u00e9 au sol et d\u00e9nud\u00e9.<\/p>\n<p>Le juge d&rsquo;instruction avait \u00e9mis un mandat de d\u00e9p\u00f4t \u00e0 l&rsquo;encontre de Mehdi Zagrouba dans le cadre d&rsquo;une enqu\u00eate sur la diffusion d&rsquo;une vid\u00e9o \u00e0 l&rsquo;int\u00e9rieur du Palais de justice de Tunis, lors de la protestation de Zagrouba contre la pr\u00e9sence des agents de s\u00e9curit\u00e9 dans l&rsquo;enceinte du Tribunal de premi\u00e8re instance de Tunis. Le minist\u00e8re public l&rsquo;accuse d&rsquo;outrage \u00e0 un fonctionnaire public et de violence physique et verbale envers les deux agents.<\/p>\n","protected":false},"excerpt":{"rendered":"<p>Lib\u00e9r\u00e9 provisoirement, l&rsquo;avocat Mahdi Zagrouba, arr\u00eat\u00e9 pour altercation avec des agents de s\u00e9curit\u00e9 au tribunal de Tunis, fait l&rsquo;objet d&rsquo;accusations d&rsquo;outrage e&#8230;<\/p>\n","protected":false},"author":3166,"featured_media":290828,"comment_status":"open","ping_status":"closed","sticky":false,"template":"","format":"standard","meta":{"footnotes":""},"categories":[44],"tags":[3042,6343,2608],"class_list":["post-215220","post","type-post","status-publish","format-standard","has-post-thumbnail","hentry","category-national","tag-avocat","tag-mehdi-zagrouba","tag-tunisie"],"yoast_head":"<!-- This site is optimized with the Yoast SEO Premium plugin v27.5 (Yoast SEO v27.5) - https:\/\/yoast.com\/product\/yoast-seo-premium-wordpress\/ -->\n<title>L&#039;avocat Mehdi Zagrouba obtient sa lib\u00e9ration provisoire<\/title>\n<meta name=\"description\" content=\"Lib\u00e9r\u00e9 provisoirement, l&#039;avocat Mahdi Zagrouba, arr\u00eat\u00e9 pour altercation avec des agents de s\u00e9curit\u00e9 au tribunal de Tunis, fait l&#039;objet d&#039;accusations d&#039;outrage e...\" \/>\n<link rel=\"canonical\" href=\"https:\/\/www.webdo.tn\/fr\/actualite\/national\/l-avocat-mehdi-zagrouba-obtient-sa-liberation-provisoire\/215220\/\" \/>\n<meta property=\"og:locale\" content=\"fr_FR\" \/>\n<meta property=\"og:type\" content=\"article\" \/>\n<meta property=\"og:title\" content=\"L&#039;avocat Mehdi Zagrouba obtient sa lib\u00e9ration provisoire\" \/>\n<meta property=\"og:description\" content=\"Lib\u00e9r\u00e9 provisoirement, l&#039;avocat Mahdi Zagrouba, arr\u00eat\u00e9 pour altercation avec des agents de s\u00e9curit\u00e9 au tribunal de Tunis, fait l&#039;objet d&#039;accusations d&#039;outrage e...\" \/>\n<meta property=\"og:url\" content=\"https:\/\/www.webdo.tn\/fr\/actualite\/national\/l-avocat-mehdi-zagrouba-obtient-sa-liberation-provisoire\/215220\/\" \/>\n<meta property=\"og:site_name\" content=\"webdo\" \/>\n<meta property=\"article:publisher\" content=\"https:\/\/www.facebook.com\/webdotn\" \/>\n<meta property=\"article:published_time\" content=\"2024-07-11T19:35:00+00:00\" \/>\n<meta property=\"article:modified_time\" content=\"2025-05-21T09:05:49+00:00\" \/>\n<meta property=\"og:image\" content=\"https:\/\/www.webdo.tn\/fr\/wp-content\/uploads\/2024\/07\/5dca5ffd346521765019ae80e02480e4.webp\" \/>\n\t<meta property=\"og:image:width\" content=\"750\" \/>\n\t<meta property=\"og:image:height\" content=\"400\" \/>\n\t<meta property=\"og:image:type\" content=\"image\/webp\" \/>\n<meta name=\"author\" content=\"AZ\" \/>\n<meta name=\"twitter:card\" content=\"summary_large_image\" \/>\n<meta name=\"twitter:creator\" content=\"@webdo_tn\" \/>\n<meta name=\"twitter:site\" content=\"@webdo_tn\" \/>\n<meta name=\"twitter:label1\" content=\"\u00c9crit par\" \/>\n\t<meta name=\"twitter:data1\" content=\"AZ\" \/>\n\t<meta name=\"twitter:label2\" content=\"Dur\u00e9e de lecture estim\u00e9e\" \/>\n\t<meta name=\"twitter:data2\" content=\"1 minute\" \/>\n<script type=\"application\/ld+json\" class=\"yoast-schema-graph\">{\"@context\":\"https:\\\/\\\/schema.org\",\"@graph\":[{\"@type\":\"NewsArticle\",\"@id\":\"https:\\\/\\\/www.webdo.tn\\\/fr\\\/actualite\\\/national\\\/l-avocat-mehdi-zagrouba-obtient-sa-liberation-provisoire\\\/215220\\\/#article\",\"isPartOf\":{\"@id\":\"https:\\\/\\\/www.webdo.tn\\\/fr\\\/actualite\\\/national\\\/l-avocat-mehdi-zagrouba-obtient-sa-liberation-provisoire\\\/215220\\\/\"},\"author\":{\"name\":\"AZ\",\"@id\":\"https:\\\/\\\/www.webdo.tn\\\/fr\\\/#\\\/schema\\\/person\\\/b8a41c04d93287d375510db360906b34\"},\"headline\":\"L&rsquo;avocat Mehdi Zagrouba obtient sa lib\u00e9ration provisoire\",\"datePublished\":\"2024-07-11T19:35:00+00:00\",\"dateModified\":\"2025-05-21T09:05:49+00:00\",\"mainEntityOfPage\":{\"@id\":\"https:\\\/\\\/www.webdo.tn\\\/fr\\\/actualite\\\/national\\\/l-avocat-mehdi-zagrouba-obtient-sa-liberation-provisoire\\\/215220\\\/\"},\"wordCount\":212,\"commentCount\":0,\"publisher\":{\"@id\":\"https:\\\/\\\/www.webdo.tn\\\/fr\\\/#organization\"},\"image\":{\"@id\":\"https:\\\/\\\/www.webdo.tn\\\/fr\\\/actualite\\\/national\\\/l-avocat-mehdi-zagrouba-obtient-sa-liberation-provisoire\\\/215220\\\/#primaryimage\"},\"thumbnailUrl\":\"https:\\\/\\\/www.webdo.tn\\\/fr\\\/wp-content\\\/uploads\\\/2024\\\/07\\\/5dca5ffd346521765019ae80e02480e4.webp\",\"keywords\":[\"avocat\",\"mehdi zagrouba\",\"Tunisie\"],\"articleSection\":[\"National\"],\"inLanguage\":\"fr-FR\"},{\"@type\":\"WebPage\",\"@id\":\"https:\\\/\\\/www.webdo.tn\\\/fr\\\/actualite\\\/national\\\/l-avocat-mehdi-zagrouba-obtient-sa-liberation-provisoire\\\/215220\\\/\",\"url\":\"https:\\\/\\\/www.webdo.tn\\\/fr\\\/actualite\\\/national\\\/l-avocat-mehdi-zagrouba-obtient-sa-liberation-provisoire\\\/215220\\\/\",\"name\":\"L'avocat Mehdi Zagrouba obtient sa lib\u00e9ration provisoire\",\"isPartOf\":{\"@id\":\"https:\\\/\\\/www.webdo.tn\\\/fr\\\/#website\"},\"primaryImageOfPage\":{\"@id\":\"https:\\\/\\\/www.webdo.tn\\\/fr\\\/actualite\\\/national\\\/l-avocat-mehdi-zagrouba-obtient-sa-liberation-provisoire\\\/215220\\\/#primaryimage\"},\"image\":{\"@id\":\"https:\\\/\\\/www.webdo.tn\\\/fr\\\/actualite\\\/national\\\/l-avocat-mehdi-zagrouba-obtient-sa-liberation-provisoire\\\/215220\\\/#primaryimage\"},\"thumbnailUrl\":\"https:\\\/\\\/www.webdo.tn\\\/fr\\\/wp-content\\\/uploads\\\/2024\\\/07\\\/5dca5ffd346521765019ae80e02480e4.webp\",\"datePublished\":\"2024-07-11T19:35:00+00:00\",\"dateModified\":\"2025-05-21T09:05:49+00:00\",\"description\":\"Lib\u00e9r\u00e9 provisoirement, l'avocat Mahdi Zagrouba, arr\u00eat\u00e9 pour altercation avec des agents de s\u00e9curit\u00e9 au tribunal de Tunis, fait l'objet d'accusations d'outrage e...\",\"breadcrumb\":{\"@id\":\"https:\\\/\\\/www.webdo.tn\\\/fr\\\/actualite\\\/national\\\/l-avocat-mehdi-zagrouba-obtient-sa-liberation-provisoire\\\/215220\\\/#breadcrumb\"},\"inLanguage\":\"fr-FR\",\"potentialAction\":[{\"@type\":\"ReadAction\",\"target\":[\"https:\\\/\\\/www.webdo.tn\\\/fr\\\/actualite\\\/national\\\/l-avocat-mehdi-zagrouba-obtient-sa-liberation-provisoire\\\/215220\\\/\"]}]},{\"@type\":\"ImageObject\",\"inLanguage\":\"fr-FR\",\"@id\":\"https:\\\/\\\/www.webdo.tn\\\/fr\\\/actualite\\\/national\\\/l-avocat-mehdi-zagrouba-obtient-sa-liberation-provisoire\\\/215220\\\/#primaryimage\",\"url\":\"https:\\\/\\\/www.webdo.tn\\\/fr\\\/wp-content\\\/uploads\\\/2024\\\/07\\\/5dca5ffd346521765019ae80e02480e4.webp\",\"contentUrl\":\"https:\\\/\\\/www.webdo.tn\\\/fr\\\/wp-content\\\/uploads\\\/2024\\\/07\\\/5dca5ffd346521765019ae80e02480e4.webp\",\"width\":750,\"height\":400,\"caption\":\"L'avocat Mehdi Zagrouba obtient sa lib\u00e9ration provisoire\"},{\"@type\":\"BreadcrumbList\",\"@id\":\"https:\\\/\\\/www.webdo.tn\\\/fr\\\/actualite\\\/national\\\/l-avocat-mehdi-zagrouba-obtient-sa-liberation-provisoire\\\/215220\\\/#breadcrumb\",\"itemListElement\":[{\"@type\":\"ListItem\",\"position\":1,\"name\":\"Accueil\",\"item\":\"https:\\\/\\\/www.webdo.tn\\\/fr\\\/\"},{\"@type\":\"ListItem\",\"position\":2,\"name\":\"L&rsquo;avocat Mehdi Zagrouba obtient sa lib\u00e9ration provisoire\"}]},{\"@type\":\"WebSite\",\"@id\":\"https:\\\/\\\/www.webdo.tn\\\/fr\\\/#website\",\"url\":\"https:\\\/\\\/www.webdo.tn\\\/fr\\\/\",\"name\":\"webdo\",\"description\":\"Tunisie - News en Tunisie et \u00e0 l&#039;international sur Webdo.tn\",\"publisher\":{\"@id\":\"https:\\\/\\\/www.webdo.tn\\\/fr\\\/#organization\"},\"potentialAction\":[{\"@type\":\"SearchAction\",\"target\":{\"@type\":\"EntryPoint\",\"urlTemplate\":\"https:\\\/\\\/www.webdo.tn\\\/fr\\\/?s={search_term_string}\"},\"query-input\":{\"@type\":\"PropertyValueSpecification\",\"valueRequired\":true,\"valueName\":\"search_term_string\"}}],\"inLanguage\":\"fr-FR\"},{\"@type\":\"Organization\",\"@id\":\"https:\\\/\\\/www.webdo.tn\\\/fr\\\/#organization\",\"name\":\"Webdo\",\"alternateName\":\"Webdo.tn\",\"url\":\"https:\\\/\\\/www.webdo.tn\\\/fr\\\/\",\"logo\":{\"@type\":\"ImageObject\",\"inLanguage\":\"fr-FR\",\"@id\":\"https:\\\/\\\/www.webdo.tn\\\/fr\\\/#\\\/schema\\\/logo\\\/image\\\/\",\"url\":\"https:\\\/\\\/www.webdo.tn\\\/fr\\\/wp-content\\\/uploads\\\/2025\\\/06\\\/Webdo-Tunisie_168377.jpg\",\"contentUrl\":\"https:\\\/\\\/www.webdo.tn\\\/fr\\\/wp-content\\\/uploads\\\/2025\\\/06\\\/Webdo-Tunisie_168377.jpg\",\"width\":301,\"height\":301,\"caption\":\"Webdo\"},\"image\":{\"@id\":\"https:\\\/\\\/www.webdo.tn\\\/fr\\\/#\\\/schema\\\/logo\\\/image\\\/\"},\"sameAs\":[\"https:\\\/\\\/www.facebook.com\\\/webdotn\",\"https:\\\/\\\/x.com\\\/webdo_tn\"],\"description\":\"Webdo est un m\u00e9dia num\u00e9rique tunisien fond\u00e9 en 2010, sp\u00e9cialis\u00e9 dans l\u2019actualit\u00e9 nationale et internationale, l\u2019\u00e9conomie, la soci\u00e9t\u00e9 et les analyses politiques. Le site s\u2019adresse \u00e0 un large public francophone et couvre l\u2019information tunisienne en temps r\u00e9el.\",\"email\":\"redac@webdo.tn\",\"legalName\":\"YNJ SARL\",\"foundingDate\":\"2010-09-06\",\"numberOfEmployees\":{\"@type\":\"QuantitativeValue\",\"minValue\":\"11\",\"maxValue\":\"50\"}},{\"@type\":\"Person\",\"@id\":\"https:\\\/\\\/www.webdo.tn\\\/fr\\\/#\\\/schema\\\/person\\\/b8a41c04d93287d375510db360906b34\",\"name\":\"AZ\",\"image\":{\"@type\":\"ImageObject\",\"inLanguage\":\"fr-FR\",\"@id\":\"https:\\\/\\\/secure.gravatar.com\\\/avatar\\\/492b80bada79439de4201dce15cd41eece6c277cfdf1b53382073c79105c1f89?s=96&d=mm&r=g\",\"url\":\"https:\\\/\\\/secure.gravatar.com\\\/avatar\\\/492b80bada79439de4201dce15cd41eece6c277cfdf1b53382073c79105c1f89?s=96&d=mm&r=g\",\"contentUrl\":\"https:\\\/\\\/secure.gravatar.com\\\/avatar\\\/492b80bada79439de4201dce15cd41eece6c277cfdf1b53382073c79105c1f89?s=96&d=mm&r=g\",\"caption\":\"AZ\"},\"url\":\"https:\\\/\\\/www.webdo.tn\\\/fr\\\/actualite\\\/author\\\/az\\\/\"}]}<\/script>\n<!-- \/ Yoast SEO Premium plugin. -->","yoast_head_json":{"title":"L'avocat Mehdi Zagrouba obtient sa lib\u00e9ration provisoire","description":"Lib\u00e9r\u00e9 provisoirement, l'avocat Mahdi Zagrouba, arr\u00eat\u00e9 pour altercation avec des agents de s\u00e9curit\u00e9 au tribunal de Tunis, fait l'objet d'accusations d'outrage e...","canonical":"https:\/\/www.webdo.tn\/fr\/actualite\/national\/l-avocat-mehdi-zagrouba-obtient-sa-liberation-provisoire\/215220\/","og_locale":"fr_FR","og_type":"article","og_title":"L'avocat Mehdi Zagrouba obtient sa lib\u00e9ration provisoire","og_description":"Lib\u00e9r\u00e9 provisoirement, l'avocat Mahdi Zagrouba, arr\u00eat\u00e9 pour altercation avec des agents de s\u00e9curit\u00e9 au tribunal de Tunis, fait l'objet d'accusations d'outrage e...","og_url":"https:\/\/www.webdo.tn\/fr\/actualite\/national\/l-avocat-mehdi-zagrouba-obtient-sa-liberation-provisoire\/215220\/","og_site_name":"webdo","article_publisher":"https:\/\/www.facebook.com\/webdotn","article_published_time":"2024-07-11T19:35:00+00:00","article_modified_time":"2025-05-21T09:05:49+00:00","og_image":[{"width":750,"height":400,"url":"https:\/\/www.webdo.tn\/fr\/wp-content\/uploads\/2024\/07\/5dca5ffd346521765019ae80e02480e4.webp","type":"image\/webp"}],"author":"AZ","twitter_card":"summary_large_image","twitter_creator":"@webdo_tn","twitter_site":"@webdo_tn","twitter_misc":{"\u00c9crit par":"AZ","Dur\u00e9e de lecture estim\u00e9e":"1 minute"},"schema":{"@context":"https:\/\/schema.org","@graph":[{"@type":"NewsArticle","@id":"https:\/\/www.webdo.tn\/fr\/actualite\/national\/l-avocat-mehdi-zagrouba-obtient-sa-liberation-provisoire\/215220\/#article","isPartOf":{"@id":"https:\/\/www.webdo.tn\/fr\/actualite\/national\/l-avocat-mehdi-zagrouba-obtient-sa-liberation-provisoire\/215220\/"},"author":{"name":"AZ","@id":"https:\/\/www.webdo.tn\/fr\/#\/schema\/person\/b8a41c04d93287d375510db360906b34"},"headline":"L&rsquo;avocat Mehdi Zagrouba obtient sa lib\u00e9ration provisoire","datePublished":"2024-07-11T19:35:00+00:00","dateModified":"2025-05-21T09:05:49+00:00","mainEntityOfPage":{"@id":"https:\/\/www.webdo.tn\/fr\/actualite\/national\/l-avocat-mehdi-zagrouba-obtient-sa-liberation-provisoire\/215220\/"},"wordCount":212,"commentCount":0,"publisher":{"@id":"https:\/\/www.webdo.tn\/fr\/#organization"},"image":{"@id":"https:\/\/www.webdo.tn\/fr\/actualite\/national\/l-avocat-mehdi-zagrouba-obtient-sa-liberation-provisoire\/215220\/#primaryimage"},"thumbnailUrl":"https:\/\/www.webdo.tn\/fr\/wp-content\/uploads\/2024\/07\/5dca5ffd346521765019ae80e02480e4.webp","keywords":["avocat","mehdi zagrouba","Tunisie"],"articleSection":["National"],"inLanguage":"fr-FR"},{"@type":"WebPage","@id":"https:\/\/www.webdo.tn\/fr\/actualite\/national\/l-avocat-mehdi-zagrouba-obtient-sa-liberation-provisoire\/215220\/","url":"https:\/\/www.webdo.tn\/fr\/actualite\/national\/l-avocat-mehdi-zagrouba-obtient-sa-liberation-provisoire\/215220\/","name":"L'avocat Mehdi Zagrouba obtient sa lib\u00e9ration provisoire","isPartOf":{"@id":"https:\/\/www.webdo.tn\/fr\/#website"},"primaryImageOfPage":{"@id":"https:\/\/www.webdo.tn\/fr\/actualite\/national\/l-avocat-mehdi-zagrouba-obtient-sa-liberation-provisoire\/215220\/#primaryimage"},"image":{"@id":"https:\/\/www.webdo.tn\/fr\/actualite\/national\/l-avocat-mehdi-zagrouba-obtient-sa-liberation-provisoire\/215220\/#primaryimage"},"thumbnailUrl":"https:\/\/www.webdo.tn\/fr\/wp-content\/uploads\/2024\/07\/5dca5ffd346521765019ae80e02480e4.webp","datePublished":"2024-07-11T19:35:00+00:00","dateModified":"2025-05-21T09:05:49+00:00","description":"Lib\u00e9r\u00e9 provisoirement, l'avocat Mahdi Zagrouba, arr\u00eat\u00e9 pour altercation avec des agents de s\u00e9curit\u00e9 au tribunal de Tunis, fait l'objet d'accusations d'outrage e...","breadcrumb":{"@id":"https:\/\/www.webdo.tn\/fr\/actualite\/national\/l-avocat-mehdi-zagrouba-obtient-sa-liberation-provisoire\/215220\/#breadcrumb"},"inLanguage":"fr-FR","potentialAction":[{"@type":"ReadAction","target":["https:\/\/www.webdo.tn\/fr\/actualite\/national\/l-avocat-mehdi-zagrouba-obtient-sa-liberation-provisoire\/215220\/"]}]},{"@type":"ImageObject","inLanguage":"fr-FR","@id":"https:\/\/www.webdo.tn\/fr\/actualite\/national\/l-avocat-mehdi-zagrouba-obtient-sa-liberation-provisoire\/215220\/#primaryimage","url":"https:\/\/www.webdo.tn\/fr\/wp-content\/uploads\/2024\/07\/5dca5ffd346521765019ae80e02480e4.webp","contentUrl":"https:\/\/www.webdo.tn\/fr\/wp-content\/uploads\/2024\/07\/5dca5ffd346521765019ae80e02480e4.webp","width":750,"height":400,"caption":"L'avocat Mehdi Zagrouba obtient sa lib\u00e9ration provisoire"},{"@type":"BreadcrumbList","@id":"https:\/\/www.webdo.tn\/fr\/actualite\/national\/l-avocat-mehdi-zagrouba-obtient-sa-liberation-provisoire\/215220\/#breadcrumb","itemListElement":[{"@type":"ListItem","position":1,"name":"Accueil","item":"https:\/\/www.webdo.tn\/fr\/"},{"@type":"ListItem","position":2,"name":"L&rsquo;avocat Mehdi Zagrouba obtient sa lib\u00e9ration provisoire"}]},{"@type":"WebSite","@id":"https:\/\/www.webdo.tn\/fr\/#website","url":"https:\/\/www.webdo.tn\/fr\/","name":"webdo","description":"Tunisie - News en Tunisie et \u00e0 l&#039;international sur Webdo.tn","publisher":{"@id":"https:\/\/www.webdo.tn\/fr\/#organization"},"potentialAction":[{"@type":"SearchAction","target":{"@type":"EntryPoint","urlTemplate":"https:\/\/www.webdo.tn\/fr\/?s={search_term_string}"},"query-input":{"@type":"PropertyValueSpecification","valueRequired":true,"valueName":"search_term_string"}}],"inLanguage":"fr-FR"},{"@type":"Organization","@id":"https:\/\/www.webdo.tn\/fr\/#organization","name":"Webdo","alternateName":"Webdo.tn","url":"https:\/\/www.webdo.tn\/fr\/","logo":{"@type":"ImageObject","inLanguage":"fr-FR","@id":"https:\/\/www.webdo.tn\/fr\/#\/schema\/logo\/image\/","url":"https:\/\/www.webdo.tn\/fr\/wp-content\/uploads\/2025\/06\/Webdo-Tunisie_168377.jpg","contentUrl":"https:\/\/www.webdo.tn\/fr\/wp-content\/uploads\/2025\/06\/Webdo-Tunisie_168377.jpg","width":301,"height":301,"caption":"Webdo"},"image":{"@id":"https:\/\/www.webdo.tn\/fr\/#\/schema\/logo\/image\/"},"sameAs":["https:\/\/www.facebook.com\/webdotn","https:\/\/x.com\/webdo_tn"],"description":"Webdo est un m\u00e9dia num\u00e9rique tunisien fond\u00e9 en 2010, sp\u00e9cialis\u00e9 dans l\u2019actualit\u00e9 nationale et internationale, l\u2019\u00e9conomie, la soci\u00e9t\u00e9 et les analyses politiques. Le site s\u2019adresse \u00e0 un large public francophone et couvre l\u2019information tunisienne en temps r\u00e9el.","email":"redac@webdo.tn","legalName":"YNJ SARL","foundingDate":"2010-09-06","numberOfEmployees":{"@type":"QuantitativeValue","minValue":"11","maxValue":"50"}},{"@type":"Person","@id":"https:\/\/www.webdo.tn\/fr\/#\/schema\/person\/b8a41c04d93287d375510db360906b34","name":"AZ","image":{"@type":"ImageObject","inLanguage":"fr-FR","@id":"https:\/\/secure.gravatar.com\/avatar\/492b80bada79439de4201dce15cd41eece6c277cfdf1b53382073c79105c1f89?s=96&d=mm&r=g","url":"https:\/\/secure.gravatar.com\/avatar\/492b80bada79439de4201dce15cd41eece6c277cfdf1b53382073c79105c1f89?s=96&d=mm&r=g","contentUrl":"https:\/\/secure.gravatar.com\/avatar\/492b80bada79439de4201dce15cd41eece6c277cfdf1b53382073c79105c1f89?s=96&d=mm&r=g","caption":"AZ"},"url":"https:\/\/www.webdo.tn\/fr\/actualite\/author\/az\/"}]}},"_links":{"self":[{"href":"https:\/\/www.webdo.tn\/fr\/wp-json\/wp\/v2\/posts\/215220","targetHints":{"allow":["GET"]}}],"collection":[{"href":"https:\/\/www.webdo.tn\/fr\/wp-json\/wp\/v2\/posts"}],"about":[{"href":"https:\/\/www.webdo.tn\/fr\/wp-json\/wp\/v2\/types\/post"}],"author":[{"embeddable":true,"href":"https:\/\/www.webdo.tn\/fr\/wp-json\/wp\/v2\/users\/3166"}],"replies":[{"embeddable":true,"href":"https:\/\/www.webdo.tn\/fr\/wp-json\/wp\/v2\/comments?post=215220"}],"version-history":[{"count":0,"href":"https:\/\/www.webdo.tn\/fr\/wp-json\/wp\/v2\/posts\/215220\/revisions"}],"wp:featuredmedia":[{"embeddable":true,"href":"https:\/\/www.webdo.tn\/fr\/wp-json\/wp\/v2\/media\/290828"}],"wp:attachment":[{"href":"https:\/\/www.webdo.tn\/fr\/wp-json\/wp\/v2\/media?parent=215220"}],"wp:term":[{"taxonomy":"category","embeddable":true,"href":"https:\/\/www.webdo.tn\/fr\/wp-json\/wp\/v2\/categories?post=215220"},{"taxonomy":"post_tag","embeddable":true,"href":"https:\/\/www.webdo.tn\/fr\/wp-json\/wp\/v2\/tags?post=215220"}],"curies":[{"name":"wp","href":"https:\/\/api.w.org\/{rel}","templated":true}]}}