{"id":215201,"date":"2024-07-11T09:28:00","date_gmt":"2024-07-11T09:28:00","guid":{"rendered":"https:\/\/www.webdo.tn\/fr\/blog\/elections-les-tunisiens-residant-a-l-etranger-pourront-voter-dans-n-importe-quel-bureau\/215201\/"},"modified":"2025-05-20T22:35:48","modified_gmt":"2025-05-20T22:35:48","slug":"elections-les-tunisiens-residant-a-l-etranger-pourront-voter-dans-n-importe-quel-bureau","status":"publish","type":"post","link":"https:\/\/www.webdo.tn\/fr\/actualite\/national\/elections-les-tunisiens-residant-a-l-etranger-pourront-voter-dans-n-importe-quel-bureau\/215201\/","title":{"rendered":"Elections : Les Tunisiens r\u00e9sidant \u00e0 l\u2019\u00e9tranger pourront voter dans n&rsquo;importe quel bureau"},"content":{"rendered":"<p>Le Conseil de l\u2019ISIE a adopt\u00e9, hier, une d\u00e9cision concernant le vote des Tunisiens \u00e0 l\u2019\u00e9tranger. Tout Tunisien r\u00e9sidant \u00e0 l\u2019\u00e9tranger pourra voter le jour du scrutin (4 et 5 octobre) dans n\u2019importe quel centre de son choix.<\/p>\n<p>\t\t\t\t\t\t\t\t\tLe Conseil de l\u2019Instance sup\u00e9rieure ind\u00e9pendante pour les \u00e9lections (ISIE) a adopt\u00e9, mercredi 10 juillet, une d\u00e9cision concernant les Tunisiens \u00e0 l\u2019\u00e9tranger.<\/p>\n<p>Cette d\u00e9cision stipule que tout Tunisien r\u00e9sidant \u00e0 l\u2019\u00e9tranger pourra voter (lors de la pr\u00e9sidentielle du 6 octobre) le jour du scrutin (4 et 5 octobre) dans n\u2019importe quel centre de son choix, sans \u00eatre li\u00e9 au centre o\u00f9 il est inscrit, a indiqu\u00e9 Mohamed Tlili Mansri, porte-parole de l\u2019ISIE dans une d\u00e9claration \u00e0 l\u2019agence TAP.<\/p>\n<p>Cette d\u00e9cision a pour but de faciliter aux Tunisiens r\u00e9sidant \u00e0 l\u2019\u00e9tranger l\u2019accomplissement de leur devoir \u00e9lectoral.<\/p>\n","protected":false},"excerpt":{"rendered":"<p>Le Conseil de l\u2019ISIE a adopt\u00e9, hier, une d\u00e9cision concernant le vote des Tunisiens \u00e0 l\u2019\u00e9tranger. Tout Tunisien r\u00e9sidant \u00e0 l\u2019\u00e9tranger pourra voter le jour du scr&#8230;<\/p>\n","protected":false},"author":3175,"featured_media":247020,"comment_status":"open","ping_status":"closed","sticky":false,"template":"","format":"standard","meta":{"footnotes":""},"categories":[44],"tags":[3923,2967,2645,2608,6172],"class_list":["post-215201","post","type-post","status-publish","format-standard","has-post-thumbnail","hentry","category-national","tag-elections","tag-isie","tag-tre","tag-tunisie","tag-vote"],"yoast_head":"<!-- This site is optimized with the Yoast SEO Premium plugin v27.4 (Yoast SEO v27.4) - https:\/\/yoast.com\/product\/yoast-seo-premium-wordpress\/ -->\n<title>Elections : Les Tunisiens r\u00e9sidant \u00e0 l\u2019\u00e9tranger pourront voter dans n&#039;importe quel bureau<\/title>\n<meta name=\"description\" content=\"Le Conseil de l\u2019ISIE a adopt\u00e9, hier, une d\u00e9cision concernant le vote des Tunisiens \u00e0 l\u2019\u00e9tranger. Tout Tunisien r\u00e9sidant \u00e0 l\u2019\u00e9tranger pourra voter le jour du scr...\" \/>\n<link rel=\"canonical\" href=\"https:\/\/www.webdo.tn\/fr\/actualite\/national\/elections-les-tunisiens-residant-a-l-etranger-pourront-voter-dans-n-importe-quel-bureau\/215201\/\" \/>\n<meta property=\"og:locale\" content=\"fr_FR\" \/>\n<meta property=\"og:type\" content=\"article\" \/>\n<meta property=\"og:title\" content=\"Elections : Les Tunisiens r\u00e9sidant \u00e0 l\u2019\u00e9tranger pourront voter dans n&#039;importe quel bureau\" \/>\n<meta property=\"og:description\" content=\"Le Conseil de l\u2019ISIE a adopt\u00e9, hier, une d\u00e9cision concernant le vote des Tunisiens \u00e0 l\u2019\u00e9tranger. Tout Tunisien r\u00e9sidant \u00e0 l\u2019\u00e9tranger pourra voter le jour du scr...\" \/>\n<meta property=\"og:url\" content=\"https:\/\/www.webdo.tn\/fr\/actualite\/national\/elections-les-tunisiens-residant-a-l-etranger-pourront-voter-dans-n-importe-quel-bureau\/215201\/\" \/>\n<meta property=\"og:site_name\" content=\"webdo\" \/>\n<meta property=\"article:publisher\" content=\"https:\/\/www.facebook.com\/webdotn\" \/>\n<meta property=\"article:published_time\" content=\"2024-07-11T09:28:00+00:00\" \/>\n<meta property=\"article:modified_time\" content=\"2025-05-20T22:35:48+00:00\" \/>\n<meta property=\"og:image\" content=\"https:\/\/www.webdo.tn\/fr\/wp-content\/uploads\/2024\/07\/70bddf7840afaa46bcc233c8bdbfbebe.webp\" \/>\n\t<meta property=\"og:image:width\" content=\"750\" \/>\n\t<meta property=\"og:image:height\" content=\"400\" \/>\n\t<meta property=\"og:image:type\" content=\"image\/webp\" \/>\n<meta name=\"author\" content=\"CL\" \/>\n<meta name=\"twitter:card\" content=\"summary_large_image\" \/>\n<meta name=\"twitter:creator\" content=\"@webdo_tn\" \/>\n<meta name=\"twitter:site\" content=\"@webdo_tn\" \/>\n<meta name=\"twitter:label1\" content=\"\u00c9crit par\" \/>\n\t<meta name=\"twitter:data1\" content=\"CL\" \/>\n\t<meta name=\"twitter:label2\" content=\"Dur\u00e9e de lecture estim\u00e9e\" \/>\n\t<meta name=\"twitter:data2\" content=\"1 minute\" \/>\n<script type=\"application\/ld+json\" class=\"yoast-schema-graph\">{\"@context\":\"https:\\\/\\\/schema.org\",\"@graph\":[{\"@type\":\"NewsArticle\",\"@id\":\"https:\\\/\\\/www.webdo.tn\\\/fr\\\/actualite\\\/national\\\/elections-les-tunisiens-residant-a-l-etranger-pourront-voter-dans-n-importe-quel-bureau\\\/215201\\\/#article\",\"isPartOf\":{\"@id\":\"https:\\\/\\\/www.webdo.tn\\\/fr\\\/actualite\\\/national\\\/elections-les-tunisiens-residant-a-l-etranger-pourront-voter-dans-n-importe-quel-bureau\\\/215201\\\/\"},\"author\":{\"name\":\"CL\",\"@id\":\"https:\\\/\\\/www.webdo.tn\\\/fr\\\/#\\\/schema\\\/person\\\/f35b42a42c5e2511bbd282959d6385cc\"},\"headline\":\"Elections : Les Tunisiens r\u00e9sidant \u00e0 l\u2019\u00e9tranger pourront voter dans n&rsquo;importe quel bureau\",\"datePublished\":\"2024-07-11T09:28:00+00:00\",\"dateModified\":\"2025-05-20T22:35:48+00:00\",\"mainEntityOfPage\":{\"@id\":\"https:\\\/\\\/www.webdo.tn\\\/fr\\\/actualite\\\/national\\\/elections-les-tunisiens-residant-a-l-etranger-pourront-voter-dans-n-importe-quel-bureau\\\/215201\\\/\"},\"wordCount\":158,\"commentCount\":0,\"publisher\":{\"@id\":\"https:\\\/\\\/www.webdo.tn\\\/fr\\\/#organization\"},\"image\":{\"@id\":\"https:\\\/\\\/www.webdo.tn\\\/fr\\\/actualite\\\/national\\\/elections-les-tunisiens-residant-a-l-etranger-pourront-voter-dans-n-importe-quel-bureau\\\/215201\\\/#primaryimage\"},\"thumbnailUrl\":\"https:\\\/\\\/www.webdo.tn\\\/fr\\\/wp-content\\\/uploads\\\/2024\\\/07\\\/70bddf7840afaa46bcc233c8bdbfbebe.webp\",\"keywords\":[\"\u00e9lections\",\"ISIE\",\"TRE\",\"Tunisie\",\"vote\"],\"articleSection\":[\"National\"],\"inLanguage\":\"fr-FR\"},{\"@type\":\"WebPage\",\"@id\":\"https:\\\/\\\/www.webdo.tn\\\/fr\\\/actualite\\\/national\\\/elections-les-tunisiens-residant-a-l-etranger-pourront-voter-dans-n-importe-quel-bureau\\\/215201\\\/\",\"url\":\"https:\\\/\\\/www.webdo.tn\\\/fr\\\/actualite\\\/national\\\/elections-les-tunisiens-residant-a-l-etranger-pourront-voter-dans-n-importe-quel-bureau\\\/215201\\\/\",\"name\":\"Elections : Les Tunisiens r\u00e9sidant \u00e0 l\u2019\u00e9tranger pourront voter dans n'importe quel bureau\",\"isPartOf\":{\"@id\":\"https:\\\/\\\/www.webdo.tn\\\/fr\\\/#website\"},\"primaryImageOfPage\":{\"@id\":\"https:\\\/\\\/www.webdo.tn\\\/fr\\\/actualite\\\/national\\\/elections-les-tunisiens-residant-a-l-etranger-pourront-voter-dans-n-importe-quel-bureau\\\/215201\\\/#primaryimage\"},\"image\":{\"@id\":\"https:\\\/\\\/www.webdo.tn\\\/fr\\\/actualite\\\/national\\\/elections-les-tunisiens-residant-a-l-etranger-pourront-voter-dans-n-importe-quel-bureau\\\/215201\\\/#primaryimage\"},\"thumbnailUrl\":\"https:\\\/\\\/www.webdo.tn\\\/fr\\\/wp-content\\\/uploads\\\/2024\\\/07\\\/70bddf7840afaa46bcc233c8bdbfbebe.webp\",\"datePublished\":\"2024-07-11T09:28:00+00:00\",\"dateModified\":\"2025-05-20T22:35:48+00:00\",\"description\":\"Le Conseil de l\u2019ISIE a adopt\u00e9, hier, une d\u00e9cision concernant le vote des Tunisiens \u00e0 l\u2019\u00e9tranger. Tout Tunisien r\u00e9sidant \u00e0 l\u2019\u00e9tranger pourra voter le jour du scr...\",\"breadcrumb\":{\"@id\":\"https:\\\/\\\/www.webdo.tn\\\/fr\\\/actualite\\\/national\\\/elections-les-tunisiens-residant-a-l-etranger-pourront-voter-dans-n-importe-quel-bureau\\\/215201\\\/#breadcrumb\"},\"inLanguage\":\"fr-FR\",\"potentialAction\":[{\"@type\":\"ReadAction\",\"target\":[\"https:\\\/\\\/www.webdo.tn\\\/fr\\\/actualite\\\/national\\\/elections-les-tunisiens-residant-a-l-etranger-pourront-voter-dans-n-importe-quel-bureau\\\/215201\\\/\"]}]},{\"@type\":\"ImageObject\",\"inLanguage\":\"fr-FR\",\"@id\":\"https:\\\/\\\/www.webdo.tn\\\/fr\\\/actualite\\\/national\\\/elections-les-tunisiens-residant-a-l-etranger-pourront-voter-dans-n-importe-quel-bureau\\\/215201\\\/#primaryimage\",\"url\":\"https:\\\/\\\/www.webdo.tn\\\/fr\\\/wp-content\\\/uploads\\\/2024\\\/07\\\/70bddf7840afaa46bcc233c8bdbfbebe.webp\",\"contentUrl\":\"https:\\\/\\\/www.webdo.tn\\\/fr\\\/wp-content\\\/uploads\\\/2024\\\/07\\\/70bddf7840afaa46bcc233c8bdbfbebe.webp\",\"width\":750,\"height\":400,\"caption\":\"Elections : Les Tunisiens r\u00e9sidant \u00e0 l\u2019\u00e9tranger pourront voter dans n'importe quel bureau\"},{\"@type\":\"BreadcrumbList\",\"@id\":\"https:\\\/\\\/www.webdo.tn\\\/fr\\\/actualite\\\/national\\\/elections-les-tunisiens-residant-a-l-etranger-pourront-voter-dans-n-importe-quel-bureau\\\/215201\\\/#breadcrumb\",\"itemListElement\":[{\"@type\":\"ListItem\",\"position\":1,\"name\":\"Accueil\",\"item\":\"https:\\\/\\\/www.webdo.tn\\\/fr\\\/\"},{\"@type\":\"ListItem\",\"position\":2,\"name\":\"Elections : Les Tunisiens r\u00e9sidant \u00e0 l\u2019\u00e9tranger pourront voter dans n&#8217;importe quel bureau\"}]},{\"@type\":\"WebSite\",\"@id\":\"https:\\\/\\\/www.webdo.tn\\\/fr\\\/#website\",\"url\":\"https:\\\/\\\/www.webdo.tn\\\/fr\\\/\",\"name\":\"webdo\",\"description\":\"Tunisie - News en Tunisie et \u00e0 l&#039;international sur Webdo.tn\",\"publisher\":{\"@id\":\"https:\\\/\\\/www.webdo.tn\\\/fr\\\/#organization\"},\"potentialAction\":[{\"@type\":\"SearchAction\",\"target\":{\"@type\":\"EntryPoint\",\"urlTemplate\":\"https:\\\/\\\/www.webdo.tn\\\/fr\\\/?s={search_term_string}\"},\"query-input\":{\"@type\":\"PropertyValueSpecification\",\"valueRequired\":true,\"valueName\":\"search_term_string\"}}],\"inLanguage\":\"fr-FR\"},{\"@type\":\"Organization\",\"@id\":\"https:\\\/\\\/www.webdo.tn\\\/fr\\\/#organization\",\"name\":\"Webdo\",\"alternateName\":\"Webdo.tn\",\"url\":\"https:\\\/\\\/www.webdo.tn\\\/fr\\\/\",\"logo\":{\"@type\":\"ImageObject\",\"inLanguage\":\"fr-FR\",\"@id\":\"https:\\\/\\\/www.webdo.tn\\\/fr\\\/#\\\/schema\\\/logo\\\/image\\\/\",\"url\":\"https:\\\/\\\/www.webdo.tn\\\/fr\\\/wp-content\\\/uploads\\\/2025\\\/06\\\/Webdo-Tunisie_168377.jpg\",\"contentUrl\":\"https:\\\/\\\/www.webdo.tn\\\/fr\\\/wp-content\\\/uploads\\\/2025\\\/06\\\/Webdo-Tunisie_168377.jpg\",\"width\":301,\"height\":301,\"caption\":\"Webdo\"},\"image\":{\"@id\":\"https:\\\/\\\/www.webdo.tn\\\/fr\\\/#\\\/schema\\\/logo\\\/image\\\/\"},\"sameAs\":[\"https:\\\/\\\/www.facebook.com\\\/webdotn\",\"https:\\\/\\\/x.com\\\/webdo_tn\"],\"description\":\"Webdo est un m\u00e9dia num\u00e9rique tunisien fond\u00e9 en 2010, sp\u00e9cialis\u00e9 dans l\u2019actualit\u00e9 nationale et internationale, l\u2019\u00e9conomie, la soci\u00e9t\u00e9 et les analyses politiques. Le site s\u2019adresse \u00e0 un large public francophone et couvre l\u2019information tunisienne en temps r\u00e9el.\",\"email\":\"redac@webdo.tn\",\"legalName\":\"YNJ SARL\",\"foundingDate\":\"2010-09-06\",\"numberOfEmployees\":{\"@type\":\"QuantitativeValue\",\"minValue\":\"11\",\"maxValue\":\"50\"}},{\"@type\":\"Person\",\"@id\":\"https:\\\/\\\/www.webdo.tn\\\/fr\\\/#\\\/schema\\\/person\\\/f35b42a42c5e2511bbd282959d6385cc\",\"name\":\"CL\",\"image\":{\"@type\":\"ImageObject\",\"inLanguage\":\"fr-FR\",\"@id\":\"https:\\\/\\\/secure.gravatar.com\\\/avatar\\\/1447a49909b67aa657c488aec6512e1dd6143a480c1ecfee9b5b5cd74eb3b59e?s=96&d=mm&r=g\",\"url\":\"https:\\\/\\\/secure.gravatar.com\\\/avatar\\\/1447a49909b67aa657c488aec6512e1dd6143a480c1ecfee9b5b5cd74eb3b59e?s=96&d=mm&r=g\",\"contentUrl\":\"https:\\\/\\\/secure.gravatar.com\\\/avatar\\\/1447a49909b67aa657c488aec6512e1dd6143a480c1ecfee9b5b5cd74eb3b59e?s=96&d=mm&r=g\",\"caption\":\"CL\"},\"url\":\"https:\\\/\\\/www.webdo.tn\\\/fr\\\/actualite\\\/author\\\/cl\\\/\"}]}<\/script>\n<!-- \/ Yoast SEO Premium plugin. -->","yoast_head_json":{"title":"Elections : Les Tunisiens r\u00e9sidant \u00e0 l\u2019\u00e9tranger pourront voter dans n'importe quel bureau","description":"Le Conseil de l\u2019ISIE a adopt\u00e9, hier, une d\u00e9cision concernant le vote des Tunisiens \u00e0 l\u2019\u00e9tranger. Tout Tunisien r\u00e9sidant \u00e0 l\u2019\u00e9tranger pourra voter le jour du scr...","canonical":"https:\/\/www.webdo.tn\/fr\/actualite\/national\/elections-les-tunisiens-residant-a-l-etranger-pourront-voter-dans-n-importe-quel-bureau\/215201\/","og_locale":"fr_FR","og_type":"article","og_title":"Elections : Les Tunisiens r\u00e9sidant \u00e0 l\u2019\u00e9tranger pourront voter dans n'importe quel bureau","og_description":"Le Conseil de l\u2019ISIE a adopt\u00e9, hier, une d\u00e9cision concernant le vote des Tunisiens \u00e0 l\u2019\u00e9tranger. Tout Tunisien r\u00e9sidant \u00e0 l\u2019\u00e9tranger pourra voter le jour du scr...","og_url":"https:\/\/www.webdo.tn\/fr\/actualite\/national\/elections-les-tunisiens-residant-a-l-etranger-pourront-voter-dans-n-importe-quel-bureau\/215201\/","og_site_name":"webdo","article_publisher":"https:\/\/www.facebook.com\/webdotn","article_published_time":"2024-07-11T09:28:00+00:00","article_modified_time":"2025-05-20T22:35:48+00:00","og_image":[{"width":750,"height":400,"url":"https:\/\/www.webdo.tn\/fr\/wp-content\/uploads\/2024\/07\/70bddf7840afaa46bcc233c8bdbfbebe.webp","type":"image\/webp"}],"author":"CL","twitter_card":"summary_large_image","twitter_creator":"@webdo_tn","twitter_site":"@webdo_tn","twitter_misc":{"\u00c9crit par":"CL","Dur\u00e9e de lecture estim\u00e9e":"1 minute"},"schema":{"@context":"https:\/\/schema.org","@graph":[{"@type":"NewsArticle","@id":"https:\/\/www.webdo.tn\/fr\/actualite\/national\/elections-les-tunisiens-residant-a-l-etranger-pourront-voter-dans-n-importe-quel-bureau\/215201\/#article","isPartOf":{"@id":"https:\/\/www.webdo.tn\/fr\/actualite\/national\/elections-les-tunisiens-residant-a-l-etranger-pourront-voter-dans-n-importe-quel-bureau\/215201\/"},"author":{"name":"CL","@id":"https:\/\/www.webdo.tn\/fr\/#\/schema\/person\/f35b42a42c5e2511bbd282959d6385cc"},"headline":"Elections : Les Tunisiens r\u00e9sidant \u00e0 l\u2019\u00e9tranger pourront voter dans n&rsquo;importe quel bureau","datePublished":"2024-07-11T09:28:00+00:00","dateModified":"2025-05-20T22:35:48+00:00","mainEntityOfPage":{"@id":"https:\/\/www.webdo.tn\/fr\/actualite\/national\/elections-les-tunisiens-residant-a-l-etranger-pourront-voter-dans-n-importe-quel-bureau\/215201\/"},"wordCount":158,"commentCount":0,"publisher":{"@id":"https:\/\/www.webdo.tn\/fr\/#organization"},"image":{"@id":"https:\/\/www.webdo.tn\/fr\/actualite\/national\/elections-les-tunisiens-residant-a-l-etranger-pourront-voter-dans-n-importe-quel-bureau\/215201\/#primaryimage"},"thumbnailUrl":"https:\/\/www.webdo.tn\/fr\/wp-content\/uploads\/2024\/07\/70bddf7840afaa46bcc233c8bdbfbebe.webp","keywords":["\u00e9lections","ISIE","TRE","Tunisie","vote"],"articleSection":["National"],"inLanguage":"fr-FR"},{"@type":"WebPage","@id":"https:\/\/www.webdo.tn\/fr\/actualite\/national\/elections-les-tunisiens-residant-a-l-etranger-pourront-voter-dans-n-importe-quel-bureau\/215201\/","url":"https:\/\/www.webdo.tn\/fr\/actualite\/national\/elections-les-tunisiens-residant-a-l-etranger-pourront-voter-dans-n-importe-quel-bureau\/215201\/","name":"Elections : Les Tunisiens r\u00e9sidant \u00e0 l\u2019\u00e9tranger pourront voter dans n'importe quel bureau","isPartOf":{"@id":"https:\/\/www.webdo.tn\/fr\/#website"},"primaryImageOfPage":{"@id":"https:\/\/www.webdo.tn\/fr\/actualite\/national\/elections-les-tunisiens-residant-a-l-etranger-pourront-voter-dans-n-importe-quel-bureau\/215201\/#primaryimage"},"image":{"@id":"https:\/\/www.webdo.tn\/fr\/actualite\/national\/elections-les-tunisiens-residant-a-l-etranger-pourront-voter-dans-n-importe-quel-bureau\/215201\/#primaryimage"},"thumbnailUrl":"https:\/\/www.webdo.tn\/fr\/wp-content\/uploads\/2024\/07\/70bddf7840afaa46bcc233c8bdbfbebe.webp","datePublished":"2024-07-11T09:28:00+00:00","dateModified":"2025-05-20T22:35:48+00:00","description":"Le Conseil de l\u2019ISIE a adopt\u00e9, hier, une d\u00e9cision concernant le vote des Tunisiens \u00e0 l\u2019\u00e9tranger. Tout Tunisien r\u00e9sidant \u00e0 l\u2019\u00e9tranger pourra voter le jour du scr...","breadcrumb":{"@id":"https:\/\/www.webdo.tn\/fr\/actualite\/national\/elections-les-tunisiens-residant-a-l-etranger-pourront-voter-dans-n-importe-quel-bureau\/215201\/#breadcrumb"},"inLanguage":"fr-FR","potentialAction":[{"@type":"ReadAction","target":["https:\/\/www.webdo.tn\/fr\/actualite\/national\/elections-les-tunisiens-residant-a-l-etranger-pourront-voter-dans-n-importe-quel-bureau\/215201\/"]}]},{"@type":"ImageObject","inLanguage":"fr-FR","@id":"https:\/\/www.webdo.tn\/fr\/actualite\/national\/elections-les-tunisiens-residant-a-l-etranger-pourront-voter-dans-n-importe-quel-bureau\/215201\/#primaryimage","url":"https:\/\/www.webdo.tn\/fr\/wp-content\/uploads\/2024\/07\/70bddf7840afaa46bcc233c8bdbfbebe.webp","contentUrl":"https:\/\/www.webdo.tn\/fr\/wp-content\/uploads\/2024\/07\/70bddf7840afaa46bcc233c8bdbfbebe.webp","width":750,"height":400,"caption":"Elections : Les Tunisiens r\u00e9sidant \u00e0 l\u2019\u00e9tranger pourront voter dans n'importe quel bureau"},{"@type":"BreadcrumbList","@id":"https:\/\/www.webdo.tn\/fr\/actualite\/national\/elections-les-tunisiens-residant-a-l-etranger-pourront-voter-dans-n-importe-quel-bureau\/215201\/#breadcrumb","itemListElement":[{"@type":"ListItem","position":1,"name":"Accueil","item":"https:\/\/www.webdo.tn\/fr\/"},{"@type":"ListItem","position":2,"name":"Elections : Les Tunisiens r\u00e9sidant \u00e0 l\u2019\u00e9tranger pourront voter dans n&#8217;importe quel bureau"}]},{"@type":"WebSite","@id":"https:\/\/www.webdo.tn\/fr\/#website","url":"https:\/\/www.webdo.tn\/fr\/","name":"webdo","description":"Tunisie - News en Tunisie et \u00e0 l&#039;international sur Webdo.tn","publisher":{"@id":"https:\/\/www.webdo.tn\/fr\/#organization"},"potentialAction":[{"@type":"SearchAction","target":{"@type":"EntryPoint","urlTemplate":"https:\/\/www.webdo.tn\/fr\/?s={search_term_string}"},"query-input":{"@type":"PropertyValueSpecification","valueRequired":true,"valueName":"search_term_string"}}],"inLanguage":"fr-FR"},{"@type":"Organization","@id":"https:\/\/www.webdo.tn\/fr\/#organization","name":"Webdo","alternateName":"Webdo.tn","url":"https:\/\/www.webdo.tn\/fr\/","logo":{"@type":"ImageObject","inLanguage":"fr-FR","@id":"https:\/\/www.webdo.tn\/fr\/#\/schema\/logo\/image\/","url":"https:\/\/www.webdo.tn\/fr\/wp-content\/uploads\/2025\/06\/Webdo-Tunisie_168377.jpg","contentUrl":"https:\/\/www.webdo.tn\/fr\/wp-content\/uploads\/2025\/06\/Webdo-Tunisie_168377.jpg","width":301,"height":301,"caption":"Webdo"},"image":{"@id":"https:\/\/www.webdo.tn\/fr\/#\/schema\/logo\/image\/"},"sameAs":["https:\/\/www.facebook.com\/webdotn","https:\/\/x.com\/webdo_tn"],"description":"Webdo est un m\u00e9dia num\u00e9rique tunisien fond\u00e9 en 2010, sp\u00e9cialis\u00e9 dans l\u2019actualit\u00e9 nationale et internationale, l\u2019\u00e9conomie, la soci\u00e9t\u00e9 et les analyses politiques. Le site s\u2019adresse \u00e0 un large public francophone et couvre l\u2019information tunisienne en temps r\u00e9el.","email":"redac@webdo.tn","legalName":"YNJ SARL","foundingDate":"2010-09-06","numberOfEmployees":{"@type":"QuantitativeValue","minValue":"11","maxValue":"50"}},{"@type":"Person","@id":"https:\/\/www.webdo.tn\/fr\/#\/schema\/person\/f35b42a42c5e2511bbd282959d6385cc","name":"CL","image":{"@type":"ImageObject","inLanguage":"fr-FR","@id":"https:\/\/secure.gravatar.com\/avatar\/1447a49909b67aa657c488aec6512e1dd6143a480c1ecfee9b5b5cd74eb3b59e?s=96&d=mm&r=g","url":"https:\/\/secure.gravatar.com\/avatar\/1447a49909b67aa657c488aec6512e1dd6143a480c1ecfee9b5b5cd74eb3b59e?s=96&d=mm&r=g","contentUrl":"https:\/\/secure.gravatar.com\/avatar\/1447a49909b67aa657c488aec6512e1dd6143a480c1ecfee9b5b5cd74eb3b59e?s=96&d=mm&r=g","caption":"CL"},"url":"https:\/\/www.webdo.tn\/fr\/actualite\/author\/cl\/"}]}},"_links":{"self":[{"href":"https:\/\/www.webdo.tn\/fr\/wp-json\/wp\/v2\/posts\/215201","targetHints":{"allow":["GET"]}}],"collection":[{"href":"https:\/\/www.webdo.tn\/fr\/wp-json\/wp\/v2\/posts"}],"about":[{"href":"https:\/\/www.webdo.tn\/fr\/wp-json\/wp\/v2\/types\/post"}],"author":[{"embeddable":true,"href":"https:\/\/www.webdo.tn\/fr\/wp-json\/wp\/v2\/users\/3175"}],"replies":[{"embeddable":true,"href":"https:\/\/www.webdo.tn\/fr\/wp-json\/wp\/v2\/comments?post=215201"}],"version-history":[{"count":0,"href":"https:\/\/www.webdo.tn\/fr\/wp-json\/wp\/v2\/posts\/215201\/revisions"}],"wp:featuredmedia":[{"embeddable":true,"href":"https:\/\/www.webdo.tn\/fr\/wp-json\/wp\/v2\/media\/247020"}],"wp:attachment":[{"href":"https:\/\/www.webdo.tn\/fr\/wp-json\/wp\/v2\/media?parent=215201"}],"wp:term":[{"taxonomy":"category","embeddable":true,"href":"https:\/\/www.webdo.tn\/fr\/wp-json\/wp\/v2\/categories?post=215201"},{"taxonomy":"post_tag","embeddable":true,"href":"https:\/\/www.webdo.tn\/fr\/wp-json\/wp\/v2\/tags?post=215201"}],"curies":[{"name":"wp","href":"https:\/\/api.w.org\/{rel}","templated":true}]}}