{"id":215196,"date":"2024-07-10T20:42:00","date_gmt":"2024-07-10T20:42:00","guid":{"rendered":"https:\/\/www.webdo.tn\/fr\/blog\/nabil-ammar-en-visite-officielle-au-bresil\/215196\/"},"modified":"2025-05-21T09:04:51","modified_gmt":"2025-05-21T09:04:51","slug":"nabil-ammar-en-visite-officielle-au-bresil","status":"publish","type":"post","link":"https:\/\/www.webdo.tn\/fr\/actualite\/national\/nabil-ammar-en-visite-officielle-au-bresil\/215196\/","title":{"rendered":"Nabil Ammar en visite officielle au br\u00e9sil"},"content":{"rendered":"<p>Le ministre des Affaires \u00e9trang\u00e8res, de l&rsquo;Immigration et des Tunisiens \u00e0 l&rsquo;\u00e9tranger, Nabil Ammar, r\u00e9pondant \u00e0 l&rsquo;invitation de son homologue br\u00e9silien, Mauro Vieira, effectuera une visite officielle en R\u00e9publique f\u00e9d\u00e9rale du Br\u00e9sil du 11 au 13 juillet 2024.<\/p>\n<p>\t\t\t\t\t\t\t\t\tNabil Ammar sera accompagn\u00e9 d&rsquo;une d\u00e9l\u00e9gation repr\u00e9sentant les institutions tunisiennes officielles dans les secteurs pharmaceutique, du phosphate et des douanes, ainsi que d&rsquo;une d\u00e9l\u00e9gation d&rsquo;hommes d&rsquo;affaires et d&rsquo;acteurs \u00e9conomiques dirig\u00e9e par le pr\u00e9sident de l&rsquo;Union tunisienne de l&rsquo;industrie, du commerce et de l&rsquo;artisanat.<\/p>\n<p>Cette visite constituera une occasion de tenir une r\u00e9union de travail avec le ministre br\u00e9silien des Relations ext\u00e9rieures pour discuter de la situation actuelle et des perspectives de la coop\u00e9ration bilat\u00e9rale dans divers domaines, ainsi que pour aborder des questions r\u00e9gionales et internationales d&rsquo;int\u00e9r\u00eat commun. De plus, elle permettra la signature d&rsquo;un protocole d&rsquo;accord concernant la coop\u00e9ration diplomatique entre les deux minist\u00e8res.<\/p>\n<p>Pendant cette visite, le ministre Nabil Ammar pr\u00e9sidera le Forum \u00e9conomique tuniso-br\u00e9silien, organis\u00e9 par la Chambre de commerce arabo-br\u00e9silienne en collaboration avec le Conseil d&rsquo;affaires tuniso-br\u00e9silien. \u00c0 cette occasion, il inaugurera le bureau commercial et consulaire tunisien \u00e0 S\u00e3o Paulo, o\u00f9 il rencontrera \u00e9galement des Tunisiens r\u00e9sidant dans cette ville.<\/p>\n","protected":false},"excerpt":{"rendered":"<p>Le ministre tunisien des Affaires \u00e9trang\u00e8res effectue une visite officielle au Br\u00e9sil, accompagn\u00e9 d&rsquo;une d\u00e9l\u00e9gation cl\u00e9. D\u00e9couvrez les discussions sur la coop\u00e9ra&#8230;<\/p>\n","protected":false},"author":3166,"featured_media":247019,"comment_status":"open","ping_status":"closed","sticky":false,"template":"","format":"standard","meta":{"footnotes":""},"categories":[44],"tags":[4949,5912,2608],"class_list":["post-215196","post","type-post","status-publish","format-standard","has-post-thumbnail","hentry","category-national","tag-bresil","tag-nabil-ammar","tag-tunisie"],"yoast_head":"<!-- This site is optimized with the Yoast SEO Premium plugin v27.5 (Yoast SEO v27.5) - https:\/\/yoast.com\/product\/yoast-seo-premium-wordpress\/ -->\n<title>Nabil Ammar en visite officielle au br\u00e9sil<\/title>\n<meta name=\"description\" content=\"Le ministre tunisien des Affaires \u00e9trang\u00e8res effectue une visite officielle au Br\u00e9sil, accompagn\u00e9 d&#039;une d\u00e9l\u00e9gation cl\u00e9. D\u00e9couvrez les discussions sur la coop\u00e9ra...\" \/>\n<link rel=\"canonical\" href=\"https:\/\/www.webdo.tn\/fr\/actualite\/national\/nabil-ammar-en-visite-officielle-au-bresil\/215196\/\" \/>\n<meta property=\"og:locale\" content=\"fr_FR\" \/>\n<meta property=\"og:type\" content=\"article\" \/>\n<meta property=\"og:title\" content=\"Nabil Ammar en visite officielle au br\u00e9sil\" \/>\n<meta property=\"og:description\" content=\"Le ministre tunisien des Affaires \u00e9trang\u00e8res effectue une visite officielle au Br\u00e9sil, accompagn\u00e9 d&#039;une d\u00e9l\u00e9gation cl\u00e9. D\u00e9couvrez les discussions sur la coop\u00e9ra...\" \/>\n<meta property=\"og:url\" content=\"https:\/\/www.webdo.tn\/fr\/actualite\/national\/nabil-ammar-en-visite-officielle-au-bresil\/215196\/\" \/>\n<meta property=\"og:site_name\" content=\"webdo\" \/>\n<meta property=\"article:publisher\" content=\"https:\/\/www.facebook.com\/webdotn\" \/>\n<meta property=\"article:published_time\" content=\"2024-07-10T20:42:00+00:00\" \/>\n<meta property=\"article:modified_time\" content=\"2025-05-21T09:04:51+00:00\" \/>\n<meta property=\"og:image\" content=\"https:\/\/www.webdo.tn\/fr\/wp-content\/uploads\/2024\/07\/66af74dcb6df7b131fab41d62d5fd62c.webp\" \/>\n\t<meta property=\"og:image:width\" content=\"750\" \/>\n\t<meta property=\"og:image:height\" content=\"400\" \/>\n\t<meta property=\"og:image:type\" content=\"image\/webp\" \/>\n<meta name=\"author\" content=\"AZ\" \/>\n<meta name=\"twitter:card\" content=\"summary_large_image\" \/>\n<meta name=\"twitter:creator\" content=\"@webdo_tn\" \/>\n<meta name=\"twitter:site\" content=\"@webdo_tn\" \/>\n<meta name=\"twitter:label1\" content=\"\u00c9crit par\" \/>\n\t<meta name=\"twitter:data1\" content=\"AZ\" \/>\n\t<meta name=\"twitter:label2\" content=\"Dur\u00e9e de lecture estim\u00e9e\" \/>\n\t<meta name=\"twitter:data2\" content=\"1 minute\" \/>\n<script type=\"application\/ld+json\" class=\"yoast-schema-graph\">{\"@context\":\"https:\\\/\\\/schema.org\",\"@graph\":[{\"@type\":\"NewsArticle\",\"@id\":\"https:\\\/\\\/www.webdo.tn\\\/fr\\\/actualite\\\/national\\\/nabil-ammar-en-visite-officielle-au-bresil\\\/215196\\\/#article\",\"isPartOf\":{\"@id\":\"https:\\\/\\\/www.webdo.tn\\\/fr\\\/actualite\\\/national\\\/nabil-ammar-en-visite-officielle-au-bresil\\\/215196\\\/\"},\"author\":{\"name\":\"AZ\",\"@id\":\"https:\\\/\\\/www.webdo.tn\\\/fr\\\/#\\\/schema\\\/person\\\/b8a41c04d93287d375510db360906b34\"},\"headline\":\"Nabil Ammar en visite officielle au br\u00e9sil\",\"datePublished\":\"2024-07-10T20:42:00+00:00\",\"dateModified\":\"2025-05-21T09:04:51+00:00\",\"mainEntityOfPage\":{\"@id\":\"https:\\\/\\\/www.webdo.tn\\\/fr\\\/actualite\\\/national\\\/nabil-ammar-en-visite-officielle-au-bresil\\\/215196\\\/\"},\"wordCount\":239,\"commentCount\":0,\"publisher\":{\"@id\":\"https:\\\/\\\/www.webdo.tn\\\/fr\\\/#organization\"},\"image\":{\"@id\":\"https:\\\/\\\/www.webdo.tn\\\/fr\\\/actualite\\\/national\\\/nabil-ammar-en-visite-officielle-au-bresil\\\/215196\\\/#primaryimage\"},\"thumbnailUrl\":\"https:\\\/\\\/www.webdo.tn\\\/fr\\\/wp-content\\\/uploads\\\/2024\\\/07\\\/66af74dcb6df7b131fab41d62d5fd62c.webp\",\"keywords\":[\"Br\u00e9sil\",\"Nabil Ammar\",\"Tunisie\"],\"articleSection\":[\"National\"],\"inLanguage\":\"fr-FR\"},{\"@type\":\"WebPage\",\"@id\":\"https:\\\/\\\/www.webdo.tn\\\/fr\\\/actualite\\\/national\\\/nabil-ammar-en-visite-officielle-au-bresil\\\/215196\\\/\",\"url\":\"https:\\\/\\\/www.webdo.tn\\\/fr\\\/actualite\\\/national\\\/nabil-ammar-en-visite-officielle-au-bresil\\\/215196\\\/\",\"name\":\"Nabil Ammar en visite officielle au br\u00e9sil\",\"isPartOf\":{\"@id\":\"https:\\\/\\\/www.webdo.tn\\\/fr\\\/#website\"},\"primaryImageOfPage\":{\"@id\":\"https:\\\/\\\/www.webdo.tn\\\/fr\\\/actualite\\\/national\\\/nabil-ammar-en-visite-officielle-au-bresil\\\/215196\\\/#primaryimage\"},\"image\":{\"@id\":\"https:\\\/\\\/www.webdo.tn\\\/fr\\\/actualite\\\/national\\\/nabil-ammar-en-visite-officielle-au-bresil\\\/215196\\\/#primaryimage\"},\"thumbnailUrl\":\"https:\\\/\\\/www.webdo.tn\\\/fr\\\/wp-content\\\/uploads\\\/2024\\\/07\\\/66af74dcb6df7b131fab41d62d5fd62c.webp\",\"datePublished\":\"2024-07-10T20:42:00+00:00\",\"dateModified\":\"2025-05-21T09:04:51+00:00\",\"description\":\"Le ministre tunisien des Affaires \u00e9trang\u00e8res effectue une visite officielle au Br\u00e9sil, accompagn\u00e9 d'une d\u00e9l\u00e9gation cl\u00e9. D\u00e9couvrez les discussions sur la coop\u00e9ra...\",\"breadcrumb\":{\"@id\":\"https:\\\/\\\/www.webdo.tn\\\/fr\\\/actualite\\\/national\\\/nabil-ammar-en-visite-officielle-au-bresil\\\/215196\\\/#breadcrumb\"},\"inLanguage\":\"fr-FR\",\"potentialAction\":[{\"@type\":\"ReadAction\",\"target\":[\"https:\\\/\\\/www.webdo.tn\\\/fr\\\/actualite\\\/national\\\/nabil-ammar-en-visite-officielle-au-bresil\\\/215196\\\/\"]}]},{\"@type\":\"ImageObject\",\"inLanguage\":\"fr-FR\",\"@id\":\"https:\\\/\\\/www.webdo.tn\\\/fr\\\/actualite\\\/national\\\/nabil-ammar-en-visite-officielle-au-bresil\\\/215196\\\/#primaryimage\",\"url\":\"https:\\\/\\\/www.webdo.tn\\\/fr\\\/wp-content\\\/uploads\\\/2024\\\/07\\\/66af74dcb6df7b131fab41d62d5fd62c.webp\",\"contentUrl\":\"https:\\\/\\\/www.webdo.tn\\\/fr\\\/wp-content\\\/uploads\\\/2024\\\/07\\\/66af74dcb6df7b131fab41d62d5fd62c.webp\",\"width\":750,\"height\":400,\"caption\":\"Nabil Ammar en visite officielle au br\u00e9sil\"},{\"@type\":\"BreadcrumbList\",\"@id\":\"https:\\\/\\\/www.webdo.tn\\\/fr\\\/actualite\\\/national\\\/nabil-ammar-en-visite-officielle-au-bresil\\\/215196\\\/#breadcrumb\",\"itemListElement\":[{\"@type\":\"ListItem\",\"position\":1,\"name\":\"Accueil\",\"item\":\"https:\\\/\\\/www.webdo.tn\\\/fr\\\/\"},{\"@type\":\"ListItem\",\"position\":2,\"name\":\"Nabil Ammar en visite officielle au br\u00e9sil\"}]},{\"@type\":\"WebSite\",\"@id\":\"https:\\\/\\\/www.webdo.tn\\\/fr\\\/#website\",\"url\":\"https:\\\/\\\/www.webdo.tn\\\/fr\\\/\",\"name\":\"webdo\",\"description\":\"Tunisie - News en Tunisie et \u00e0 l&#039;international sur Webdo.tn\",\"publisher\":{\"@id\":\"https:\\\/\\\/www.webdo.tn\\\/fr\\\/#organization\"},\"potentialAction\":[{\"@type\":\"SearchAction\",\"target\":{\"@type\":\"EntryPoint\",\"urlTemplate\":\"https:\\\/\\\/www.webdo.tn\\\/fr\\\/?s={search_term_string}\"},\"query-input\":{\"@type\":\"PropertyValueSpecification\",\"valueRequired\":true,\"valueName\":\"search_term_string\"}}],\"inLanguage\":\"fr-FR\"},{\"@type\":\"Organization\",\"@id\":\"https:\\\/\\\/www.webdo.tn\\\/fr\\\/#organization\",\"name\":\"Webdo\",\"alternateName\":\"Webdo.tn\",\"url\":\"https:\\\/\\\/www.webdo.tn\\\/fr\\\/\",\"logo\":{\"@type\":\"ImageObject\",\"inLanguage\":\"fr-FR\",\"@id\":\"https:\\\/\\\/www.webdo.tn\\\/fr\\\/#\\\/schema\\\/logo\\\/image\\\/\",\"url\":\"https:\\\/\\\/www.webdo.tn\\\/fr\\\/wp-content\\\/uploads\\\/2025\\\/06\\\/Webdo-Tunisie_168377.jpg\",\"contentUrl\":\"https:\\\/\\\/www.webdo.tn\\\/fr\\\/wp-content\\\/uploads\\\/2025\\\/06\\\/Webdo-Tunisie_168377.jpg\",\"width\":301,\"height\":301,\"caption\":\"Webdo\"},\"image\":{\"@id\":\"https:\\\/\\\/www.webdo.tn\\\/fr\\\/#\\\/schema\\\/logo\\\/image\\\/\"},\"sameAs\":[\"https:\\\/\\\/www.facebook.com\\\/webdotn\",\"https:\\\/\\\/x.com\\\/webdo_tn\"],\"description\":\"Webdo est un m\u00e9dia num\u00e9rique tunisien fond\u00e9 en 2010, sp\u00e9cialis\u00e9 dans l\u2019actualit\u00e9 nationale et internationale, l\u2019\u00e9conomie, la soci\u00e9t\u00e9 et les analyses politiques. Le site s\u2019adresse \u00e0 un large public francophone et couvre l\u2019information tunisienne en temps r\u00e9el.\",\"email\":\"redac@webdo.tn\",\"legalName\":\"YNJ SARL\",\"foundingDate\":\"2010-09-06\",\"numberOfEmployees\":{\"@type\":\"QuantitativeValue\",\"minValue\":\"11\",\"maxValue\":\"50\"}},{\"@type\":\"Person\",\"@id\":\"https:\\\/\\\/www.webdo.tn\\\/fr\\\/#\\\/schema\\\/person\\\/b8a41c04d93287d375510db360906b34\",\"name\":\"AZ\",\"image\":{\"@type\":\"ImageObject\",\"inLanguage\":\"fr-FR\",\"@id\":\"https:\\\/\\\/secure.gravatar.com\\\/avatar\\\/492b80bada79439de4201dce15cd41eece6c277cfdf1b53382073c79105c1f89?s=96&d=mm&r=g\",\"url\":\"https:\\\/\\\/secure.gravatar.com\\\/avatar\\\/492b80bada79439de4201dce15cd41eece6c277cfdf1b53382073c79105c1f89?s=96&d=mm&r=g\",\"contentUrl\":\"https:\\\/\\\/secure.gravatar.com\\\/avatar\\\/492b80bada79439de4201dce15cd41eece6c277cfdf1b53382073c79105c1f89?s=96&d=mm&r=g\",\"caption\":\"AZ\"},\"url\":\"https:\\\/\\\/www.webdo.tn\\\/fr\\\/actualite\\\/author\\\/az\\\/\"}]}<\/script>\n<!-- \/ Yoast SEO Premium plugin. -->","yoast_head_json":{"title":"Nabil Ammar en visite officielle au br\u00e9sil","description":"Le ministre tunisien des Affaires \u00e9trang\u00e8res effectue une visite officielle au Br\u00e9sil, accompagn\u00e9 d'une d\u00e9l\u00e9gation cl\u00e9. D\u00e9couvrez les discussions sur la coop\u00e9ra...","canonical":"https:\/\/www.webdo.tn\/fr\/actualite\/national\/nabil-ammar-en-visite-officielle-au-bresil\/215196\/","og_locale":"fr_FR","og_type":"article","og_title":"Nabil Ammar en visite officielle au br\u00e9sil","og_description":"Le ministre tunisien des Affaires \u00e9trang\u00e8res effectue une visite officielle au Br\u00e9sil, accompagn\u00e9 d'une d\u00e9l\u00e9gation cl\u00e9. D\u00e9couvrez les discussions sur la coop\u00e9ra...","og_url":"https:\/\/www.webdo.tn\/fr\/actualite\/national\/nabil-ammar-en-visite-officielle-au-bresil\/215196\/","og_site_name":"webdo","article_publisher":"https:\/\/www.facebook.com\/webdotn","article_published_time":"2024-07-10T20:42:00+00:00","article_modified_time":"2025-05-21T09:04:51+00:00","og_image":[{"width":750,"height":400,"url":"https:\/\/www.webdo.tn\/fr\/wp-content\/uploads\/2024\/07\/66af74dcb6df7b131fab41d62d5fd62c.webp","type":"image\/webp"}],"author":"AZ","twitter_card":"summary_large_image","twitter_creator":"@webdo_tn","twitter_site":"@webdo_tn","twitter_misc":{"\u00c9crit par":"AZ","Dur\u00e9e de lecture estim\u00e9e":"1 minute"},"schema":{"@context":"https:\/\/schema.org","@graph":[{"@type":"NewsArticle","@id":"https:\/\/www.webdo.tn\/fr\/actualite\/national\/nabil-ammar-en-visite-officielle-au-bresil\/215196\/#article","isPartOf":{"@id":"https:\/\/www.webdo.tn\/fr\/actualite\/national\/nabil-ammar-en-visite-officielle-au-bresil\/215196\/"},"author":{"name":"AZ","@id":"https:\/\/www.webdo.tn\/fr\/#\/schema\/person\/b8a41c04d93287d375510db360906b34"},"headline":"Nabil Ammar en visite officielle au br\u00e9sil","datePublished":"2024-07-10T20:42:00+00:00","dateModified":"2025-05-21T09:04:51+00:00","mainEntityOfPage":{"@id":"https:\/\/www.webdo.tn\/fr\/actualite\/national\/nabil-ammar-en-visite-officielle-au-bresil\/215196\/"},"wordCount":239,"commentCount":0,"publisher":{"@id":"https:\/\/www.webdo.tn\/fr\/#organization"},"image":{"@id":"https:\/\/www.webdo.tn\/fr\/actualite\/national\/nabil-ammar-en-visite-officielle-au-bresil\/215196\/#primaryimage"},"thumbnailUrl":"https:\/\/www.webdo.tn\/fr\/wp-content\/uploads\/2024\/07\/66af74dcb6df7b131fab41d62d5fd62c.webp","keywords":["Br\u00e9sil","Nabil Ammar","Tunisie"],"articleSection":["National"],"inLanguage":"fr-FR"},{"@type":"WebPage","@id":"https:\/\/www.webdo.tn\/fr\/actualite\/national\/nabil-ammar-en-visite-officielle-au-bresil\/215196\/","url":"https:\/\/www.webdo.tn\/fr\/actualite\/national\/nabil-ammar-en-visite-officielle-au-bresil\/215196\/","name":"Nabil Ammar en visite officielle au br\u00e9sil","isPartOf":{"@id":"https:\/\/www.webdo.tn\/fr\/#website"},"primaryImageOfPage":{"@id":"https:\/\/www.webdo.tn\/fr\/actualite\/national\/nabil-ammar-en-visite-officielle-au-bresil\/215196\/#primaryimage"},"image":{"@id":"https:\/\/www.webdo.tn\/fr\/actualite\/national\/nabil-ammar-en-visite-officielle-au-bresil\/215196\/#primaryimage"},"thumbnailUrl":"https:\/\/www.webdo.tn\/fr\/wp-content\/uploads\/2024\/07\/66af74dcb6df7b131fab41d62d5fd62c.webp","datePublished":"2024-07-10T20:42:00+00:00","dateModified":"2025-05-21T09:04:51+00:00","description":"Le ministre tunisien des Affaires \u00e9trang\u00e8res effectue une visite officielle au Br\u00e9sil, accompagn\u00e9 d'une d\u00e9l\u00e9gation cl\u00e9. D\u00e9couvrez les discussions sur la coop\u00e9ra...","breadcrumb":{"@id":"https:\/\/www.webdo.tn\/fr\/actualite\/national\/nabil-ammar-en-visite-officielle-au-bresil\/215196\/#breadcrumb"},"inLanguage":"fr-FR","potentialAction":[{"@type":"ReadAction","target":["https:\/\/www.webdo.tn\/fr\/actualite\/national\/nabil-ammar-en-visite-officielle-au-bresil\/215196\/"]}]},{"@type":"ImageObject","inLanguage":"fr-FR","@id":"https:\/\/www.webdo.tn\/fr\/actualite\/national\/nabil-ammar-en-visite-officielle-au-bresil\/215196\/#primaryimage","url":"https:\/\/www.webdo.tn\/fr\/wp-content\/uploads\/2024\/07\/66af74dcb6df7b131fab41d62d5fd62c.webp","contentUrl":"https:\/\/www.webdo.tn\/fr\/wp-content\/uploads\/2024\/07\/66af74dcb6df7b131fab41d62d5fd62c.webp","width":750,"height":400,"caption":"Nabil Ammar en visite officielle au br\u00e9sil"},{"@type":"BreadcrumbList","@id":"https:\/\/www.webdo.tn\/fr\/actualite\/national\/nabil-ammar-en-visite-officielle-au-bresil\/215196\/#breadcrumb","itemListElement":[{"@type":"ListItem","position":1,"name":"Accueil","item":"https:\/\/www.webdo.tn\/fr\/"},{"@type":"ListItem","position":2,"name":"Nabil Ammar en visite officielle au br\u00e9sil"}]},{"@type":"WebSite","@id":"https:\/\/www.webdo.tn\/fr\/#website","url":"https:\/\/www.webdo.tn\/fr\/","name":"webdo","description":"Tunisie - News en Tunisie et \u00e0 l&#039;international sur Webdo.tn","publisher":{"@id":"https:\/\/www.webdo.tn\/fr\/#organization"},"potentialAction":[{"@type":"SearchAction","target":{"@type":"EntryPoint","urlTemplate":"https:\/\/www.webdo.tn\/fr\/?s={search_term_string}"},"query-input":{"@type":"PropertyValueSpecification","valueRequired":true,"valueName":"search_term_string"}}],"inLanguage":"fr-FR"},{"@type":"Organization","@id":"https:\/\/www.webdo.tn\/fr\/#organization","name":"Webdo","alternateName":"Webdo.tn","url":"https:\/\/www.webdo.tn\/fr\/","logo":{"@type":"ImageObject","inLanguage":"fr-FR","@id":"https:\/\/www.webdo.tn\/fr\/#\/schema\/logo\/image\/","url":"https:\/\/www.webdo.tn\/fr\/wp-content\/uploads\/2025\/06\/Webdo-Tunisie_168377.jpg","contentUrl":"https:\/\/www.webdo.tn\/fr\/wp-content\/uploads\/2025\/06\/Webdo-Tunisie_168377.jpg","width":301,"height":301,"caption":"Webdo"},"image":{"@id":"https:\/\/www.webdo.tn\/fr\/#\/schema\/logo\/image\/"},"sameAs":["https:\/\/www.facebook.com\/webdotn","https:\/\/x.com\/webdo_tn"],"description":"Webdo est un m\u00e9dia num\u00e9rique tunisien fond\u00e9 en 2010, sp\u00e9cialis\u00e9 dans l\u2019actualit\u00e9 nationale et internationale, l\u2019\u00e9conomie, la soci\u00e9t\u00e9 et les analyses politiques. Le site s\u2019adresse \u00e0 un large public francophone et couvre l\u2019information tunisienne en temps r\u00e9el.","email":"redac@webdo.tn","legalName":"YNJ SARL","foundingDate":"2010-09-06","numberOfEmployees":{"@type":"QuantitativeValue","minValue":"11","maxValue":"50"}},{"@type":"Person","@id":"https:\/\/www.webdo.tn\/fr\/#\/schema\/person\/b8a41c04d93287d375510db360906b34","name":"AZ","image":{"@type":"ImageObject","inLanguage":"fr-FR","@id":"https:\/\/secure.gravatar.com\/avatar\/492b80bada79439de4201dce15cd41eece6c277cfdf1b53382073c79105c1f89?s=96&d=mm&r=g","url":"https:\/\/secure.gravatar.com\/avatar\/492b80bada79439de4201dce15cd41eece6c277cfdf1b53382073c79105c1f89?s=96&d=mm&r=g","contentUrl":"https:\/\/secure.gravatar.com\/avatar\/492b80bada79439de4201dce15cd41eece6c277cfdf1b53382073c79105c1f89?s=96&d=mm&r=g","caption":"AZ"},"url":"https:\/\/www.webdo.tn\/fr\/actualite\/author\/az\/"}]}},"_links":{"self":[{"href":"https:\/\/www.webdo.tn\/fr\/wp-json\/wp\/v2\/posts\/215196","targetHints":{"allow":["GET"]}}],"collection":[{"href":"https:\/\/www.webdo.tn\/fr\/wp-json\/wp\/v2\/posts"}],"about":[{"href":"https:\/\/www.webdo.tn\/fr\/wp-json\/wp\/v2\/types\/post"}],"author":[{"embeddable":true,"href":"https:\/\/www.webdo.tn\/fr\/wp-json\/wp\/v2\/users\/3166"}],"replies":[{"embeddable":true,"href":"https:\/\/www.webdo.tn\/fr\/wp-json\/wp\/v2\/comments?post=215196"}],"version-history":[{"count":0,"href":"https:\/\/www.webdo.tn\/fr\/wp-json\/wp\/v2\/posts\/215196\/revisions"}],"wp:featuredmedia":[{"embeddable":true,"href":"https:\/\/www.webdo.tn\/fr\/wp-json\/wp\/v2\/media\/247019"}],"wp:attachment":[{"href":"https:\/\/www.webdo.tn\/fr\/wp-json\/wp\/v2\/media?parent=215196"}],"wp:term":[{"taxonomy":"category","embeddable":true,"href":"https:\/\/www.webdo.tn\/fr\/wp-json\/wp\/v2\/categories?post=215196"},{"taxonomy":"post_tag","embeddable":true,"href":"https:\/\/www.webdo.tn\/fr\/wp-json\/wp\/v2\/tags?post=215196"}],"curies":[{"name":"wp","href":"https:\/\/api.w.org\/{rel}","templated":true}]}}