{"id":215192,"date":"2024-07-10T19:27:00","date_gmt":"2024-07-10T19:27:00","guid":{"rendered":"https:\/\/www.webdo.tn\/fr\/blog\/cereales-2023-2024-une-recolte-meilleure-que-l-annee-precedente\/215192\/"},"modified":"2025-05-21T09:04:47","modified_gmt":"2025-05-21T09:04:47","slug":"cereales-2023-2024-une-recolte-meilleure-que-l-annee-precedente","status":"publish","type":"post","link":"https:\/\/www.webdo.tn\/fr\/actualite\/national\/cereales-2023-2024-une-recolte-meilleure-que-l-annee-precedente\/215192\/","title":{"rendered":"C\u00e9r\u00e9ales 2023\/2024 : Une r\u00e9colte meilleure que l&rsquo;ann\u00e9e pr\u00e9c\u00e9dente"},"content":{"rendered":"<p>Les quantit\u00e9s de c\u00e9r\u00e9ales collect\u00e9es durant la saison 2023\/2024 ont atteint environ 6,01 millions de quintaux jusqu&rsquo;au 8 juillet 2024, d&rsquo;apr\u00e8s l&rsquo;Office des C\u00e9r\u00e9ales. Le gouvernorat de B\u00e9ja arrive en t\u00eate avec une collecte de 1,6 million de quintaux, suivi par Bizerte avec 1,1 million de quintaux.<\/p>\n<p>\t\t\t\t\t\t\t\t\tLes donn\u00e9es de l&rsquo;Office r\u00e9v\u00e8lent \u00e9galement que Jendouba a r\u00e9colt\u00e9 892 000 quintaux, Kairouan 599 000 quintaux, et Siliana 532 000 quintaux.<\/p>\n<p>Salwa Zouari, directrice g\u00e9n\u00e9rale de l&rsquo;Office des C\u00e9r\u00e9ales, a d\u00e9clar\u00e9 \u00e0 l&rsquo;agence TAP que la saison de la moisson a progress\u00e9 de 90%, permettant ainsi de r\u00e9colter plus de 5 millions de quintaux de bl\u00e9 dur, de bl\u00e9 tendre, d&rsquo;orge et de triticale. Elle a qualifi\u00e9 la r\u00e9colte c\u00e9r\u00e9ali\u00e8re de cette ann\u00e9e de \u00ab\u00a0moyenne\u00a0\u00bb mais meilleure que celle de 2023.<\/p>\n","protected":false},"excerpt":{"rendered":"<p>La r\u00e9colte de c\u00e9r\u00e9ales 2023\/2024 atteint 6,01 millions de quintaux, selon l&rsquo;Office des C\u00e9r\u00e9ales. B\u00e9ja se distingue avec 1,6 million de quintaux, suivi de Bizert&#8230;<\/p>\n","protected":false},"author":3166,"featured_media":247015,"comment_status":"open","ping_status":"closed","sticky":false,"template":"","format":"standard","meta":{"footnotes":""},"categories":[44],"tags":[5799,6170,6169,2608],"class_list":["post-215192","post","type-post","status-publish","format-standard","has-post-thumbnail","hentry","category-national","tag-5799","tag-cereale","tag-moisson","tag-tunisie"],"yoast_head":"<!-- This site is optimized with the Yoast SEO Premium plugin v27.5 (Yoast SEO v27.5) - https:\/\/yoast.com\/product\/yoast-seo-premium-wordpress\/ -->\n<title>C\u00e9r\u00e9ales 2023\/2024 : Une r\u00e9colte meilleure que l&#039;ann\u00e9e pr\u00e9c\u00e9dente<\/title>\n<meta name=\"description\" content=\"La r\u00e9colte de c\u00e9r\u00e9ales 2023\/2024 atteint 6,01 millions de quintaux, selon l&#039;Office des C\u00e9r\u00e9ales. B\u00e9ja se distingue avec 1,6 million de quintaux, suivi de Bizert...\" \/>\n<link rel=\"canonical\" href=\"https:\/\/www.webdo.tn\/fr\/actualite\/national\/cereales-2023-2024-une-recolte-meilleure-que-l-annee-precedente\/215192\/\" \/>\n<meta property=\"og:locale\" content=\"fr_FR\" \/>\n<meta property=\"og:type\" content=\"article\" \/>\n<meta property=\"og:title\" content=\"C\u00e9r\u00e9ales 2023\/2024 : Une r\u00e9colte meilleure que l&#039;ann\u00e9e pr\u00e9c\u00e9dente\" \/>\n<meta property=\"og:description\" content=\"La r\u00e9colte de c\u00e9r\u00e9ales 2023\/2024 atteint 6,01 millions de quintaux, selon l&#039;Office des C\u00e9r\u00e9ales. B\u00e9ja se distingue avec 1,6 million de quintaux, suivi de Bizert...\" \/>\n<meta property=\"og:url\" content=\"https:\/\/www.webdo.tn\/fr\/actualite\/national\/cereales-2023-2024-une-recolte-meilleure-que-l-annee-precedente\/215192\/\" \/>\n<meta property=\"og:site_name\" content=\"webdo\" \/>\n<meta property=\"article:publisher\" content=\"https:\/\/www.facebook.com\/webdotn\" \/>\n<meta property=\"article:published_time\" content=\"2024-07-10T19:27:00+00:00\" \/>\n<meta property=\"article:modified_time\" content=\"2025-05-21T09:04:47+00:00\" \/>\n<meta property=\"og:image\" content=\"https:\/\/www.webdo.tn\/fr\/wp-content\/uploads\/2024\/07\/ef527bf0bfd32562cdcec5c020a9253e.webp\" \/>\n\t<meta property=\"og:image:width\" content=\"750\" \/>\n\t<meta property=\"og:image:height\" content=\"400\" \/>\n\t<meta property=\"og:image:type\" content=\"image\/webp\" \/>\n<meta name=\"author\" content=\"AZ\" \/>\n<meta name=\"twitter:card\" content=\"summary_large_image\" \/>\n<meta name=\"twitter:creator\" content=\"@webdo_tn\" \/>\n<meta name=\"twitter:site\" content=\"@webdo_tn\" \/>\n<meta name=\"twitter:label1\" content=\"\u00c9crit par\" \/>\n\t<meta name=\"twitter:data1\" content=\"AZ\" \/>\n\t<meta name=\"twitter:label2\" content=\"Dur\u00e9e de lecture estim\u00e9e\" \/>\n\t<meta name=\"twitter:data2\" content=\"1 minute\" \/>\n<script type=\"application\/ld+json\" class=\"yoast-schema-graph\">{\"@context\":\"https:\\\/\\\/schema.org\",\"@graph\":[{\"@type\":\"NewsArticle\",\"@id\":\"https:\\\/\\\/www.webdo.tn\\\/fr\\\/actualite\\\/national\\\/cereales-2023-2024-une-recolte-meilleure-que-l-annee-precedente\\\/215192\\\/#article\",\"isPartOf\":{\"@id\":\"https:\\\/\\\/www.webdo.tn\\\/fr\\\/actualite\\\/national\\\/cereales-2023-2024-une-recolte-meilleure-que-l-annee-precedente\\\/215192\\\/\"},\"author\":{\"name\":\"AZ\",\"@id\":\"https:\\\/\\\/www.webdo.tn\\\/fr\\\/#\\\/schema\\\/person\\\/b8a41c04d93287d375510db360906b34\"},\"headline\":\"C\u00e9r\u00e9ales 2023\\\/2024 : Une r\u00e9colte meilleure que l&rsquo;ann\u00e9e pr\u00e9c\u00e9dente\",\"datePublished\":\"2024-07-10T19:27:00+00:00\",\"dateModified\":\"2025-05-21T09:04:47+00:00\",\"mainEntityOfPage\":{\"@id\":\"https:\\\/\\\/www.webdo.tn\\\/fr\\\/actualite\\\/national\\\/cereales-2023-2024-une-recolte-meilleure-que-l-annee-precedente\\\/215192\\\/\"},\"wordCount\":158,\"commentCount\":0,\"publisher\":{\"@id\":\"https:\\\/\\\/www.webdo.tn\\\/fr\\\/#organization\"},\"image\":{\"@id\":\"https:\\\/\\\/www.webdo.tn\\\/fr\\\/actualite\\\/national\\\/cereales-2023-2024-une-recolte-meilleure-que-l-annee-precedente\\\/215192\\\/#primaryimage\"},\"thumbnailUrl\":\"https:\\\/\\\/www.webdo.tn\\\/fr\\\/wp-content\\\/uploads\\\/2024\\\/07\\\/ef527bf0bfd32562cdcec5c020a9253e.webp\",\"keywords\":[\"2024\",\"C\u00e9r\u00e9ale\",\"Moisson\",\"Tunisie\"],\"articleSection\":[\"National\"],\"inLanguage\":\"fr-FR\"},{\"@type\":\"WebPage\",\"@id\":\"https:\\\/\\\/www.webdo.tn\\\/fr\\\/actualite\\\/national\\\/cereales-2023-2024-une-recolte-meilleure-que-l-annee-precedente\\\/215192\\\/\",\"url\":\"https:\\\/\\\/www.webdo.tn\\\/fr\\\/actualite\\\/national\\\/cereales-2023-2024-une-recolte-meilleure-que-l-annee-precedente\\\/215192\\\/\",\"name\":\"C\u00e9r\u00e9ales 2023\\\/2024 : Une r\u00e9colte meilleure que l'ann\u00e9e pr\u00e9c\u00e9dente\",\"isPartOf\":{\"@id\":\"https:\\\/\\\/www.webdo.tn\\\/fr\\\/#website\"},\"primaryImageOfPage\":{\"@id\":\"https:\\\/\\\/www.webdo.tn\\\/fr\\\/actualite\\\/national\\\/cereales-2023-2024-une-recolte-meilleure-que-l-annee-precedente\\\/215192\\\/#primaryimage\"},\"image\":{\"@id\":\"https:\\\/\\\/www.webdo.tn\\\/fr\\\/actualite\\\/national\\\/cereales-2023-2024-une-recolte-meilleure-que-l-annee-precedente\\\/215192\\\/#primaryimage\"},\"thumbnailUrl\":\"https:\\\/\\\/www.webdo.tn\\\/fr\\\/wp-content\\\/uploads\\\/2024\\\/07\\\/ef527bf0bfd32562cdcec5c020a9253e.webp\",\"datePublished\":\"2024-07-10T19:27:00+00:00\",\"dateModified\":\"2025-05-21T09:04:47+00:00\",\"description\":\"La r\u00e9colte de c\u00e9r\u00e9ales 2023\\\/2024 atteint 6,01 millions de quintaux, selon l'Office des C\u00e9r\u00e9ales. B\u00e9ja se distingue avec 1,6 million de quintaux, suivi de Bizert...\",\"breadcrumb\":{\"@id\":\"https:\\\/\\\/www.webdo.tn\\\/fr\\\/actualite\\\/national\\\/cereales-2023-2024-une-recolte-meilleure-que-l-annee-precedente\\\/215192\\\/#breadcrumb\"},\"inLanguage\":\"fr-FR\",\"potentialAction\":[{\"@type\":\"ReadAction\",\"target\":[\"https:\\\/\\\/www.webdo.tn\\\/fr\\\/actualite\\\/national\\\/cereales-2023-2024-une-recolte-meilleure-que-l-annee-precedente\\\/215192\\\/\"]}]},{\"@type\":\"ImageObject\",\"inLanguage\":\"fr-FR\",\"@id\":\"https:\\\/\\\/www.webdo.tn\\\/fr\\\/actualite\\\/national\\\/cereales-2023-2024-une-recolte-meilleure-que-l-annee-precedente\\\/215192\\\/#primaryimage\",\"url\":\"https:\\\/\\\/www.webdo.tn\\\/fr\\\/wp-content\\\/uploads\\\/2024\\\/07\\\/ef527bf0bfd32562cdcec5c020a9253e.webp\",\"contentUrl\":\"https:\\\/\\\/www.webdo.tn\\\/fr\\\/wp-content\\\/uploads\\\/2024\\\/07\\\/ef527bf0bfd32562cdcec5c020a9253e.webp\",\"width\":750,\"height\":400,\"caption\":\"C\u00e9r\u00e9ales 2023\\\/2024 : Une r\u00e9colte meilleure que l'ann\u00e9e pr\u00e9c\u00e9dente\"},{\"@type\":\"BreadcrumbList\",\"@id\":\"https:\\\/\\\/www.webdo.tn\\\/fr\\\/actualite\\\/national\\\/cereales-2023-2024-une-recolte-meilleure-que-l-annee-precedente\\\/215192\\\/#breadcrumb\",\"itemListElement\":[{\"@type\":\"ListItem\",\"position\":1,\"name\":\"Accueil\",\"item\":\"https:\\\/\\\/www.webdo.tn\\\/fr\\\/\"},{\"@type\":\"ListItem\",\"position\":2,\"name\":\"C\u00e9r\u00e9ales 2023\\\/2024 : Une r\u00e9colte meilleure que l&#8217;ann\u00e9e pr\u00e9c\u00e9dente\"}]},{\"@type\":\"WebSite\",\"@id\":\"https:\\\/\\\/www.webdo.tn\\\/fr\\\/#website\",\"url\":\"https:\\\/\\\/www.webdo.tn\\\/fr\\\/\",\"name\":\"webdo\",\"description\":\"Tunisie - News en Tunisie et \u00e0 l&#039;international sur Webdo.tn\",\"publisher\":{\"@id\":\"https:\\\/\\\/www.webdo.tn\\\/fr\\\/#organization\"},\"potentialAction\":[{\"@type\":\"SearchAction\",\"target\":{\"@type\":\"EntryPoint\",\"urlTemplate\":\"https:\\\/\\\/www.webdo.tn\\\/fr\\\/?s={search_term_string}\"},\"query-input\":{\"@type\":\"PropertyValueSpecification\",\"valueRequired\":true,\"valueName\":\"search_term_string\"}}],\"inLanguage\":\"fr-FR\"},{\"@type\":\"Organization\",\"@id\":\"https:\\\/\\\/www.webdo.tn\\\/fr\\\/#organization\",\"name\":\"Webdo\",\"alternateName\":\"Webdo.tn\",\"url\":\"https:\\\/\\\/www.webdo.tn\\\/fr\\\/\",\"logo\":{\"@type\":\"ImageObject\",\"inLanguage\":\"fr-FR\",\"@id\":\"https:\\\/\\\/www.webdo.tn\\\/fr\\\/#\\\/schema\\\/logo\\\/image\\\/\",\"url\":\"https:\\\/\\\/www.webdo.tn\\\/fr\\\/wp-content\\\/uploads\\\/2025\\\/06\\\/Webdo-Tunisie_168377.jpg\",\"contentUrl\":\"https:\\\/\\\/www.webdo.tn\\\/fr\\\/wp-content\\\/uploads\\\/2025\\\/06\\\/Webdo-Tunisie_168377.jpg\",\"width\":301,\"height\":301,\"caption\":\"Webdo\"},\"image\":{\"@id\":\"https:\\\/\\\/www.webdo.tn\\\/fr\\\/#\\\/schema\\\/logo\\\/image\\\/\"},\"sameAs\":[\"https:\\\/\\\/www.facebook.com\\\/webdotn\",\"https:\\\/\\\/x.com\\\/webdo_tn\"],\"description\":\"Webdo est un m\u00e9dia num\u00e9rique tunisien fond\u00e9 en 2010, sp\u00e9cialis\u00e9 dans l\u2019actualit\u00e9 nationale et internationale, l\u2019\u00e9conomie, la soci\u00e9t\u00e9 et les analyses politiques. Le site s\u2019adresse \u00e0 un large public francophone et couvre l\u2019information tunisienne en temps r\u00e9el.\",\"email\":\"redac@webdo.tn\",\"legalName\":\"YNJ SARL\",\"foundingDate\":\"2010-09-06\",\"numberOfEmployees\":{\"@type\":\"QuantitativeValue\",\"minValue\":\"11\",\"maxValue\":\"50\"}},{\"@type\":\"Person\",\"@id\":\"https:\\\/\\\/www.webdo.tn\\\/fr\\\/#\\\/schema\\\/person\\\/b8a41c04d93287d375510db360906b34\",\"name\":\"AZ\",\"image\":{\"@type\":\"ImageObject\",\"inLanguage\":\"fr-FR\",\"@id\":\"https:\\\/\\\/secure.gravatar.com\\\/avatar\\\/492b80bada79439de4201dce15cd41eece6c277cfdf1b53382073c79105c1f89?s=96&d=mm&r=g\",\"url\":\"https:\\\/\\\/secure.gravatar.com\\\/avatar\\\/492b80bada79439de4201dce15cd41eece6c277cfdf1b53382073c79105c1f89?s=96&d=mm&r=g\",\"contentUrl\":\"https:\\\/\\\/secure.gravatar.com\\\/avatar\\\/492b80bada79439de4201dce15cd41eece6c277cfdf1b53382073c79105c1f89?s=96&d=mm&r=g\",\"caption\":\"AZ\"},\"url\":\"https:\\\/\\\/www.webdo.tn\\\/fr\\\/actualite\\\/author\\\/az\\\/\"}]}<\/script>\n<!-- \/ Yoast SEO Premium plugin. -->","yoast_head_json":{"title":"C\u00e9r\u00e9ales 2023\/2024 : Une r\u00e9colte meilleure que l'ann\u00e9e pr\u00e9c\u00e9dente","description":"La r\u00e9colte de c\u00e9r\u00e9ales 2023\/2024 atteint 6,01 millions de quintaux, selon l'Office des C\u00e9r\u00e9ales. B\u00e9ja se distingue avec 1,6 million de quintaux, suivi de Bizert...","canonical":"https:\/\/www.webdo.tn\/fr\/actualite\/national\/cereales-2023-2024-une-recolte-meilleure-que-l-annee-precedente\/215192\/","og_locale":"fr_FR","og_type":"article","og_title":"C\u00e9r\u00e9ales 2023\/2024 : Une r\u00e9colte meilleure que l'ann\u00e9e pr\u00e9c\u00e9dente","og_description":"La r\u00e9colte de c\u00e9r\u00e9ales 2023\/2024 atteint 6,01 millions de quintaux, selon l'Office des C\u00e9r\u00e9ales. B\u00e9ja se distingue avec 1,6 million de quintaux, suivi de Bizert...","og_url":"https:\/\/www.webdo.tn\/fr\/actualite\/national\/cereales-2023-2024-une-recolte-meilleure-que-l-annee-precedente\/215192\/","og_site_name":"webdo","article_publisher":"https:\/\/www.facebook.com\/webdotn","article_published_time":"2024-07-10T19:27:00+00:00","article_modified_time":"2025-05-21T09:04:47+00:00","og_image":[{"width":750,"height":400,"url":"https:\/\/www.webdo.tn\/fr\/wp-content\/uploads\/2024\/07\/ef527bf0bfd32562cdcec5c020a9253e.webp","type":"image\/webp"}],"author":"AZ","twitter_card":"summary_large_image","twitter_creator":"@webdo_tn","twitter_site":"@webdo_tn","twitter_misc":{"\u00c9crit par":"AZ","Dur\u00e9e de lecture estim\u00e9e":"1 minute"},"schema":{"@context":"https:\/\/schema.org","@graph":[{"@type":"NewsArticle","@id":"https:\/\/www.webdo.tn\/fr\/actualite\/national\/cereales-2023-2024-une-recolte-meilleure-que-l-annee-precedente\/215192\/#article","isPartOf":{"@id":"https:\/\/www.webdo.tn\/fr\/actualite\/national\/cereales-2023-2024-une-recolte-meilleure-que-l-annee-precedente\/215192\/"},"author":{"name":"AZ","@id":"https:\/\/www.webdo.tn\/fr\/#\/schema\/person\/b8a41c04d93287d375510db360906b34"},"headline":"C\u00e9r\u00e9ales 2023\/2024 : Une r\u00e9colte meilleure que l&rsquo;ann\u00e9e pr\u00e9c\u00e9dente","datePublished":"2024-07-10T19:27:00+00:00","dateModified":"2025-05-21T09:04:47+00:00","mainEntityOfPage":{"@id":"https:\/\/www.webdo.tn\/fr\/actualite\/national\/cereales-2023-2024-une-recolte-meilleure-que-l-annee-precedente\/215192\/"},"wordCount":158,"commentCount":0,"publisher":{"@id":"https:\/\/www.webdo.tn\/fr\/#organization"},"image":{"@id":"https:\/\/www.webdo.tn\/fr\/actualite\/national\/cereales-2023-2024-une-recolte-meilleure-que-l-annee-precedente\/215192\/#primaryimage"},"thumbnailUrl":"https:\/\/www.webdo.tn\/fr\/wp-content\/uploads\/2024\/07\/ef527bf0bfd32562cdcec5c020a9253e.webp","keywords":["2024","C\u00e9r\u00e9ale","Moisson","Tunisie"],"articleSection":["National"],"inLanguage":"fr-FR"},{"@type":"WebPage","@id":"https:\/\/www.webdo.tn\/fr\/actualite\/national\/cereales-2023-2024-une-recolte-meilleure-que-l-annee-precedente\/215192\/","url":"https:\/\/www.webdo.tn\/fr\/actualite\/national\/cereales-2023-2024-une-recolte-meilleure-que-l-annee-precedente\/215192\/","name":"C\u00e9r\u00e9ales 2023\/2024 : Une r\u00e9colte meilleure que l'ann\u00e9e pr\u00e9c\u00e9dente","isPartOf":{"@id":"https:\/\/www.webdo.tn\/fr\/#website"},"primaryImageOfPage":{"@id":"https:\/\/www.webdo.tn\/fr\/actualite\/national\/cereales-2023-2024-une-recolte-meilleure-que-l-annee-precedente\/215192\/#primaryimage"},"image":{"@id":"https:\/\/www.webdo.tn\/fr\/actualite\/national\/cereales-2023-2024-une-recolte-meilleure-que-l-annee-precedente\/215192\/#primaryimage"},"thumbnailUrl":"https:\/\/www.webdo.tn\/fr\/wp-content\/uploads\/2024\/07\/ef527bf0bfd32562cdcec5c020a9253e.webp","datePublished":"2024-07-10T19:27:00+00:00","dateModified":"2025-05-21T09:04:47+00:00","description":"La r\u00e9colte de c\u00e9r\u00e9ales 2023\/2024 atteint 6,01 millions de quintaux, selon l'Office des C\u00e9r\u00e9ales. B\u00e9ja se distingue avec 1,6 million de quintaux, suivi de Bizert...","breadcrumb":{"@id":"https:\/\/www.webdo.tn\/fr\/actualite\/national\/cereales-2023-2024-une-recolte-meilleure-que-l-annee-precedente\/215192\/#breadcrumb"},"inLanguage":"fr-FR","potentialAction":[{"@type":"ReadAction","target":["https:\/\/www.webdo.tn\/fr\/actualite\/national\/cereales-2023-2024-une-recolte-meilleure-que-l-annee-precedente\/215192\/"]}]},{"@type":"ImageObject","inLanguage":"fr-FR","@id":"https:\/\/www.webdo.tn\/fr\/actualite\/national\/cereales-2023-2024-une-recolte-meilleure-que-l-annee-precedente\/215192\/#primaryimage","url":"https:\/\/www.webdo.tn\/fr\/wp-content\/uploads\/2024\/07\/ef527bf0bfd32562cdcec5c020a9253e.webp","contentUrl":"https:\/\/www.webdo.tn\/fr\/wp-content\/uploads\/2024\/07\/ef527bf0bfd32562cdcec5c020a9253e.webp","width":750,"height":400,"caption":"C\u00e9r\u00e9ales 2023\/2024 : Une r\u00e9colte meilleure que l'ann\u00e9e pr\u00e9c\u00e9dente"},{"@type":"BreadcrumbList","@id":"https:\/\/www.webdo.tn\/fr\/actualite\/national\/cereales-2023-2024-une-recolte-meilleure-que-l-annee-precedente\/215192\/#breadcrumb","itemListElement":[{"@type":"ListItem","position":1,"name":"Accueil","item":"https:\/\/www.webdo.tn\/fr\/"},{"@type":"ListItem","position":2,"name":"C\u00e9r\u00e9ales 2023\/2024 : Une r\u00e9colte meilleure que l&#8217;ann\u00e9e pr\u00e9c\u00e9dente"}]},{"@type":"WebSite","@id":"https:\/\/www.webdo.tn\/fr\/#website","url":"https:\/\/www.webdo.tn\/fr\/","name":"webdo","description":"Tunisie - News en Tunisie et \u00e0 l&#039;international sur Webdo.tn","publisher":{"@id":"https:\/\/www.webdo.tn\/fr\/#organization"},"potentialAction":[{"@type":"SearchAction","target":{"@type":"EntryPoint","urlTemplate":"https:\/\/www.webdo.tn\/fr\/?s={search_term_string}"},"query-input":{"@type":"PropertyValueSpecification","valueRequired":true,"valueName":"search_term_string"}}],"inLanguage":"fr-FR"},{"@type":"Organization","@id":"https:\/\/www.webdo.tn\/fr\/#organization","name":"Webdo","alternateName":"Webdo.tn","url":"https:\/\/www.webdo.tn\/fr\/","logo":{"@type":"ImageObject","inLanguage":"fr-FR","@id":"https:\/\/www.webdo.tn\/fr\/#\/schema\/logo\/image\/","url":"https:\/\/www.webdo.tn\/fr\/wp-content\/uploads\/2025\/06\/Webdo-Tunisie_168377.jpg","contentUrl":"https:\/\/www.webdo.tn\/fr\/wp-content\/uploads\/2025\/06\/Webdo-Tunisie_168377.jpg","width":301,"height":301,"caption":"Webdo"},"image":{"@id":"https:\/\/www.webdo.tn\/fr\/#\/schema\/logo\/image\/"},"sameAs":["https:\/\/www.facebook.com\/webdotn","https:\/\/x.com\/webdo_tn"],"description":"Webdo est un m\u00e9dia num\u00e9rique tunisien fond\u00e9 en 2010, sp\u00e9cialis\u00e9 dans l\u2019actualit\u00e9 nationale et internationale, l\u2019\u00e9conomie, la soci\u00e9t\u00e9 et les analyses politiques. Le site s\u2019adresse \u00e0 un large public francophone et couvre l\u2019information tunisienne en temps r\u00e9el.","email":"redac@webdo.tn","legalName":"YNJ SARL","foundingDate":"2010-09-06","numberOfEmployees":{"@type":"QuantitativeValue","minValue":"11","maxValue":"50"}},{"@type":"Person","@id":"https:\/\/www.webdo.tn\/fr\/#\/schema\/person\/b8a41c04d93287d375510db360906b34","name":"AZ","image":{"@type":"ImageObject","inLanguage":"fr-FR","@id":"https:\/\/secure.gravatar.com\/avatar\/492b80bada79439de4201dce15cd41eece6c277cfdf1b53382073c79105c1f89?s=96&d=mm&r=g","url":"https:\/\/secure.gravatar.com\/avatar\/492b80bada79439de4201dce15cd41eece6c277cfdf1b53382073c79105c1f89?s=96&d=mm&r=g","contentUrl":"https:\/\/secure.gravatar.com\/avatar\/492b80bada79439de4201dce15cd41eece6c277cfdf1b53382073c79105c1f89?s=96&d=mm&r=g","caption":"AZ"},"url":"https:\/\/www.webdo.tn\/fr\/actualite\/author\/az\/"}]}},"_links":{"self":[{"href":"https:\/\/www.webdo.tn\/fr\/wp-json\/wp\/v2\/posts\/215192","targetHints":{"allow":["GET"]}}],"collection":[{"href":"https:\/\/www.webdo.tn\/fr\/wp-json\/wp\/v2\/posts"}],"about":[{"href":"https:\/\/www.webdo.tn\/fr\/wp-json\/wp\/v2\/types\/post"}],"author":[{"embeddable":true,"href":"https:\/\/www.webdo.tn\/fr\/wp-json\/wp\/v2\/users\/3166"}],"replies":[{"embeddable":true,"href":"https:\/\/www.webdo.tn\/fr\/wp-json\/wp\/v2\/comments?post=215192"}],"version-history":[{"count":0,"href":"https:\/\/www.webdo.tn\/fr\/wp-json\/wp\/v2\/posts\/215192\/revisions"}],"wp:featuredmedia":[{"embeddable":true,"href":"https:\/\/www.webdo.tn\/fr\/wp-json\/wp\/v2\/media\/247015"}],"wp:attachment":[{"href":"https:\/\/www.webdo.tn\/fr\/wp-json\/wp\/v2\/media?parent=215192"}],"wp:term":[{"taxonomy":"category","embeddable":true,"href":"https:\/\/www.webdo.tn\/fr\/wp-json\/wp\/v2\/categories?post=215192"},{"taxonomy":"post_tag","embeddable":true,"href":"https:\/\/www.webdo.tn\/fr\/wp-json\/wp\/v2\/tags?post=215192"}],"curies":[{"name":"wp","href":"https:\/\/api.w.org\/{rel}","templated":true}]}}