{"id":215171,"date":"2024-07-09T20:56:00","date_gmt":"2024-07-09T20:56:00","guid":{"rendered":"https:\/\/www.webdo.tn\/fr\/blog\/le-parti-des-travailleurs-boycotte-l-election-presidentielle\/215171\/"},"modified":"2025-05-21T09:04:55","modified_gmt":"2025-05-21T09:04:55","slug":"le-parti-des-travailleurs-boycotte-l-election-presidentielle","status":"publish","type":"post","link":"https:\/\/www.webdo.tn\/fr\/actualite\/national\/le-parti-des-travailleurs-boycotte-l-election-presidentielle\/215171\/","title":{"rendered":"Le Parti des Travailleurs boycotte l&rsquo;\u00e9lection pr\u00e9sidentielle"},"content":{"rendered":"<p>Hamma Hammami, secr\u00e9taire g\u00e9n\u00e9ral du Parti des Travailleurs, a annonc\u00e9 aujourd&rsquo;hui sur les ondes de Mosa\u00efque FM la d\u00e9cision de son parti de boycotter l&rsquo;\u00e9lection pr\u00e9sidentielle pr\u00e9vue en octobre prochain.<\/p>\n<p>\t\t\t\t\t\t\t\t\tIl a expliqu\u00e9 que cette d\u00e9cision repose sur le refus de participer \u00e0 un processus \u00e9lectoral jug\u00e9 incompatible avec les principes de libert\u00e9 et d&rsquo;\u00e9quit\u00e9, notamment en raison de la situation de nombreux candidats actuellement incarc\u00e9r\u00e9s.<\/p>\n<p>Le Parti des Travailleurs ne pr\u00e9sentera aucun candidat \u00e0 cette \u00e9lection pr\u00e9sidentielle et s&rsquo;engage \u00e0 jouer un r\u00f4le actif d&rsquo;opposition, avec un programme d\u00e9fini au d\u00e9but de la campagne \u00e9lectorale. Cette d\u00e9marche s&rsquo;inscrit dans la continuit\u00e9 des actions pr\u00e9c\u00e9dentes du parti dans ce domaine.<\/p>\n","protected":false},"excerpt":{"rendered":"<p>Le Parti des Travailleurs boycotte l&rsquo;\u00e9lection pr\u00e9sidentielle d&rsquo;octobre 2024 en Tunisie. Hamma Hammami explique la position du parti sur la libert\u00e9 et l&rsquo;\u00e9quit\u00e9 \u00e9&#8230;<\/p>\n","protected":false},"author":3166,"featured_media":247034,"comment_status":"open","ping_status":"closed","sticky":false,"template":"","format":"standard","meta":{"footnotes":""},"categories":[44],"tags":[5637,6188,6187,2608],"class_list":["post-215171","post","type-post","status-publish","format-standard","has-post-thumbnail","hentry","category-national","tag-elections-presidentielles","tag-hamma-hammami","tag-parti-des-travailleurs","tag-tunisie"],"yoast_head":"<!-- This site is optimized with the Yoast SEO Premium plugin v27.5 (Yoast SEO v27.5) - https:\/\/yoast.com\/product\/yoast-seo-premium-wordpress\/ -->\n<title>Le Parti des Travailleurs boycotte l&#039;\u00e9lection pr\u00e9sidentielle<\/title>\n<meta name=\"description\" content=\"Le Parti des Travailleurs boycotte l&#039;\u00e9lection pr\u00e9sidentielle d&#039;octobre 2024 en Tunisie. Hamma Hammami explique la position du parti sur la libert\u00e9 et l&#039;\u00e9quit\u00e9 \u00e9...\" \/>\n<link rel=\"canonical\" href=\"https:\/\/www.webdo.tn\/fr\/actualite\/national\/le-parti-des-travailleurs-boycotte-l-election-presidentielle\/215171\/\" \/>\n<meta property=\"og:locale\" content=\"fr_FR\" \/>\n<meta property=\"og:type\" content=\"article\" \/>\n<meta property=\"og:title\" content=\"Le Parti des Travailleurs boycotte l&#039;\u00e9lection pr\u00e9sidentielle\" \/>\n<meta property=\"og:description\" content=\"Le Parti des Travailleurs boycotte l&#039;\u00e9lection pr\u00e9sidentielle d&#039;octobre 2024 en Tunisie. Hamma Hammami explique la position du parti sur la libert\u00e9 et l&#039;\u00e9quit\u00e9 \u00e9...\" \/>\n<meta property=\"og:url\" content=\"https:\/\/www.webdo.tn\/fr\/actualite\/national\/le-parti-des-travailleurs-boycotte-l-election-presidentielle\/215171\/\" \/>\n<meta property=\"og:site_name\" content=\"webdo\" \/>\n<meta property=\"article:publisher\" content=\"https:\/\/www.facebook.com\/webdotn\" \/>\n<meta property=\"article:published_time\" content=\"2024-07-09T20:56:00+00:00\" \/>\n<meta property=\"article:modified_time\" content=\"2025-05-21T09:04:55+00:00\" \/>\n<meta property=\"og:image\" content=\"https:\/\/www.webdo.tn\/fr\/wp-content\/uploads\/2024\/07\/e1625155e4056959d365aca54792b78c.webp\" \/>\n\t<meta property=\"og:image:width\" content=\"743\" \/>\n\t<meta property=\"og:image:height\" content=\"396\" \/>\n\t<meta property=\"og:image:type\" content=\"image\/webp\" \/>\n<meta name=\"author\" content=\"AZ\" \/>\n<meta name=\"twitter:card\" content=\"summary_large_image\" \/>\n<meta name=\"twitter:creator\" content=\"@webdo_tn\" \/>\n<meta name=\"twitter:site\" content=\"@webdo_tn\" \/>\n<meta name=\"twitter:label1\" content=\"\u00c9crit par\" \/>\n\t<meta name=\"twitter:data1\" content=\"AZ\" \/>\n\t<meta name=\"twitter:label2\" content=\"Dur\u00e9e de lecture estim\u00e9e\" \/>\n\t<meta name=\"twitter:data2\" content=\"1 minute\" \/>\n<script type=\"application\/ld+json\" class=\"yoast-schema-graph\">{\"@context\":\"https:\\\/\\\/schema.org\",\"@graph\":[{\"@type\":\"NewsArticle\",\"@id\":\"https:\\\/\\\/www.webdo.tn\\\/fr\\\/actualite\\\/national\\\/le-parti-des-travailleurs-boycotte-l-election-presidentielle\\\/215171\\\/#article\",\"isPartOf\":{\"@id\":\"https:\\\/\\\/www.webdo.tn\\\/fr\\\/actualite\\\/national\\\/le-parti-des-travailleurs-boycotte-l-election-presidentielle\\\/215171\\\/\"},\"author\":{\"name\":\"AZ\",\"@id\":\"https:\\\/\\\/www.webdo.tn\\\/fr\\\/#\\\/schema\\\/person\\\/b8a41c04d93287d375510db360906b34\"},\"headline\":\"Le Parti des Travailleurs boycotte l&rsquo;\u00e9lection pr\u00e9sidentielle\",\"datePublished\":\"2024-07-09T20:56:00+00:00\",\"dateModified\":\"2025-05-21T09:04:55+00:00\",\"mainEntityOfPage\":{\"@id\":\"https:\\\/\\\/www.webdo.tn\\\/fr\\\/actualite\\\/national\\\/le-parti-des-travailleurs-boycotte-l-election-presidentielle\\\/215171\\\/\"},\"wordCount\":140,\"commentCount\":0,\"publisher\":{\"@id\":\"https:\\\/\\\/www.webdo.tn\\\/fr\\\/#organization\"},\"image\":{\"@id\":\"https:\\\/\\\/www.webdo.tn\\\/fr\\\/actualite\\\/national\\\/le-parti-des-travailleurs-boycotte-l-election-presidentielle\\\/215171\\\/#primaryimage\"},\"thumbnailUrl\":\"https:\\\/\\\/www.webdo.tn\\\/fr\\\/wp-content\\\/uploads\\\/2024\\\/07\\\/e1625155e4056959d365aca54792b78c.webp\",\"keywords\":[\"\u00e9lections pr\u00e9sidentielles\",\"Hamma Hammami\",\"Parti des Travailleurs\",\"Tunisie\"],\"articleSection\":[\"National\"],\"inLanguage\":\"fr-FR\"},{\"@type\":\"WebPage\",\"@id\":\"https:\\\/\\\/www.webdo.tn\\\/fr\\\/actualite\\\/national\\\/le-parti-des-travailleurs-boycotte-l-election-presidentielle\\\/215171\\\/\",\"url\":\"https:\\\/\\\/www.webdo.tn\\\/fr\\\/actualite\\\/national\\\/le-parti-des-travailleurs-boycotte-l-election-presidentielle\\\/215171\\\/\",\"name\":\"Le Parti des Travailleurs boycotte l'\u00e9lection pr\u00e9sidentielle\",\"isPartOf\":{\"@id\":\"https:\\\/\\\/www.webdo.tn\\\/fr\\\/#website\"},\"primaryImageOfPage\":{\"@id\":\"https:\\\/\\\/www.webdo.tn\\\/fr\\\/actualite\\\/national\\\/le-parti-des-travailleurs-boycotte-l-election-presidentielle\\\/215171\\\/#primaryimage\"},\"image\":{\"@id\":\"https:\\\/\\\/www.webdo.tn\\\/fr\\\/actualite\\\/national\\\/le-parti-des-travailleurs-boycotte-l-election-presidentielle\\\/215171\\\/#primaryimage\"},\"thumbnailUrl\":\"https:\\\/\\\/www.webdo.tn\\\/fr\\\/wp-content\\\/uploads\\\/2024\\\/07\\\/e1625155e4056959d365aca54792b78c.webp\",\"datePublished\":\"2024-07-09T20:56:00+00:00\",\"dateModified\":\"2025-05-21T09:04:55+00:00\",\"description\":\"Le Parti des Travailleurs boycotte l'\u00e9lection pr\u00e9sidentielle d'octobre 2024 en Tunisie. Hamma Hammami explique la position du parti sur la libert\u00e9 et l'\u00e9quit\u00e9 \u00e9...\",\"breadcrumb\":{\"@id\":\"https:\\\/\\\/www.webdo.tn\\\/fr\\\/actualite\\\/national\\\/le-parti-des-travailleurs-boycotte-l-election-presidentielle\\\/215171\\\/#breadcrumb\"},\"inLanguage\":\"fr-FR\",\"potentialAction\":[{\"@type\":\"ReadAction\",\"target\":[\"https:\\\/\\\/www.webdo.tn\\\/fr\\\/actualite\\\/national\\\/le-parti-des-travailleurs-boycotte-l-election-presidentielle\\\/215171\\\/\"]}]},{\"@type\":\"ImageObject\",\"inLanguage\":\"fr-FR\",\"@id\":\"https:\\\/\\\/www.webdo.tn\\\/fr\\\/actualite\\\/national\\\/le-parti-des-travailleurs-boycotte-l-election-presidentielle\\\/215171\\\/#primaryimage\",\"url\":\"https:\\\/\\\/www.webdo.tn\\\/fr\\\/wp-content\\\/uploads\\\/2024\\\/07\\\/e1625155e4056959d365aca54792b78c.webp\",\"contentUrl\":\"https:\\\/\\\/www.webdo.tn\\\/fr\\\/wp-content\\\/uploads\\\/2024\\\/07\\\/e1625155e4056959d365aca54792b78c.webp\",\"width\":743,\"height\":396,\"caption\":\"Le Parti des Travailleurs boycotte l'\u00e9lection pr\u00e9sidentielle\"},{\"@type\":\"BreadcrumbList\",\"@id\":\"https:\\\/\\\/www.webdo.tn\\\/fr\\\/actualite\\\/national\\\/le-parti-des-travailleurs-boycotte-l-election-presidentielle\\\/215171\\\/#breadcrumb\",\"itemListElement\":[{\"@type\":\"ListItem\",\"position\":1,\"name\":\"Accueil\",\"item\":\"https:\\\/\\\/www.webdo.tn\\\/fr\\\/\"},{\"@type\":\"ListItem\",\"position\":2,\"name\":\"Le Parti des Travailleurs boycotte l&#8217;\u00e9lection pr\u00e9sidentielle\"}]},{\"@type\":\"WebSite\",\"@id\":\"https:\\\/\\\/www.webdo.tn\\\/fr\\\/#website\",\"url\":\"https:\\\/\\\/www.webdo.tn\\\/fr\\\/\",\"name\":\"webdo\",\"description\":\"Tunisie - News en Tunisie et \u00e0 l&#039;international sur Webdo.tn\",\"publisher\":{\"@id\":\"https:\\\/\\\/www.webdo.tn\\\/fr\\\/#organization\"},\"potentialAction\":[{\"@type\":\"SearchAction\",\"target\":{\"@type\":\"EntryPoint\",\"urlTemplate\":\"https:\\\/\\\/www.webdo.tn\\\/fr\\\/?s={search_term_string}\"},\"query-input\":{\"@type\":\"PropertyValueSpecification\",\"valueRequired\":true,\"valueName\":\"search_term_string\"}}],\"inLanguage\":\"fr-FR\"},{\"@type\":\"Organization\",\"@id\":\"https:\\\/\\\/www.webdo.tn\\\/fr\\\/#organization\",\"name\":\"Webdo\",\"alternateName\":\"Webdo.tn\",\"url\":\"https:\\\/\\\/www.webdo.tn\\\/fr\\\/\",\"logo\":{\"@type\":\"ImageObject\",\"inLanguage\":\"fr-FR\",\"@id\":\"https:\\\/\\\/www.webdo.tn\\\/fr\\\/#\\\/schema\\\/logo\\\/image\\\/\",\"url\":\"https:\\\/\\\/www.webdo.tn\\\/fr\\\/wp-content\\\/uploads\\\/2025\\\/06\\\/Webdo-Tunisie_168377.jpg\",\"contentUrl\":\"https:\\\/\\\/www.webdo.tn\\\/fr\\\/wp-content\\\/uploads\\\/2025\\\/06\\\/Webdo-Tunisie_168377.jpg\",\"width\":301,\"height\":301,\"caption\":\"Webdo\"},\"image\":{\"@id\":\"https:\\\/\\\/www.webdo.tn\\\/fr\\\/#\\\/schema\\\/logo\\\/image\\\/\"},\"sameAs\":[\"https:\\\/\\\/www.facebook.com\\\/webdotn\",\"https:\\\/\\\/x.com\\\/webdo_tn\"],\"description\":\"Webdo est un m\u00e9dia num\u00e9rique tunisien fond\u00e9 en 2010, sp\u00e9cialis\u00e9 dans l\u2019actualit\u00e9 nationale et internationale, l\u2019\u00e9conomie, la soci\u00e9t\u00e9 et les analyses politiques. Le site s\u2019adresse \u00e0 un large public francophone et couvre l\u2019information tunisienne en temps r\u00e9el.\",\"email\":\"redac@webdo.tn\",\"legalName\":\"YNJ SARL\",\"foundingDate\":\"2010-09-06\",\"numberOfEmployees\":{\"@type\":\"QuantitativeValue\",\"minValue\":\"11\",\"maxValue\":\"50\"}},{\"@type\":\"Person\",\"@id\":\"https:\\\/\\\/www.webdo.tn\\\/fr\\\/#\\\/schema\\\/person\\\/b8a41c04d93287d375510db360906b34\",\"name\":\"AZ\",\"image\":{\"@type\":\"ImageObject\",\"inLanguage\":\"fr-FR\",\"@id\":\"https:\\\/\\\/secure.gravatar.com\\\/avatar\\\/492b80bada79439de4201dce15cd41eece6c277cfdf1b53382073c79105c1f89?s=96&d=mm&r=g\",\"url\":\"https:\\\/\\\/secure.gravatar.com\\\/avatar\\\/492b80bada79439de4201dce15cd41eece6c277cfdf1b53382073c79105c1f89?s=96&d=mm&r=g\",\"contentUrl\":\"https:\\\/\\\/secure.gravatar.com\\\/avatar\\\/492b80bada79439de4201dce15cd41eece6c277cfdf1b53382073c79105c1f89?s=96&d=mm&r=g\",\"caption\":\"AZ\"},\"url\":\"https:\\\/\\\/www.webdo.tn\\\/fr\\\/actualite\\\/author\\\/az\\\/\"}]}<\/script>\n<!-- \/ Yoast SEO Premium plugin. -->","yoast_head_json":{"title":"Le Parti des Travailleurs boycotte l'\u00e9lection pr\u00e9sidentielle","description":"Le Parti des Travailleurs boycotte l'\u00e9lection pr\u00e9sidentielle d'octobre 2024 en Tunisie. Hamma Hammami explique la position du parti sur la libert\u00e9 et l'\u00e9quit\u00e9 \u00e9...","canonical":"https:\/\/www.webdo.tn\/fr\/actualite\/national\/le-parti-des-travailleurs-boycotte-l-election-presidentielle\/215171\/","og_locale":"fr_FR","og_type":"article","og_title":"Le Parti des Travailleurs boycotte l'\u00e9lection pr\u00e9sidentielle","og_description":"Le Parti des Travailleurs boycotte l'\u00e9lection pr\u00e9sidentielle d'octobre 2024 en Tunisie. Hamma Hammami explique la position du parti sur la libert\u00e9 et l'\u00e9quit\u00e9 \u00e9...","og_url":"https:\/\/www.webdo.tn\/fr\/actualite\/national\/le-parti-des-travailleurs-boycotte-l-election-presidentielle\/215171\/","og_site_name":"webdo","article_publisher":"https:\/\/www.facebook.com\/webdotn","article_published_time":"2024-07-09T20:56:00+00:00","article_modified_time":"2025-05-21T09:04:55+00:00","og_image":[{"width":743,"height":396,"url":"https:\/\/www.webdo.tn\/fr\/wp-content\/uploads\/2024\/07\/e1625155e4056959d365aca54792b78c.webp","type":"image\/webp"}],"author":"AZ","twitter_card":"summary_large_image","twitter_creator":"@webdo_tn","twitter_site":"@webdo_tn","twitter_misc":{"\u00c9crit par":"AZ","Dur\u00e9e de lecture estim\u00e9e":"1 minute"},"schema":{"@context":"https:\/\/schema.org","@graph":[{"@type":"NewsArticle","@id":"https:\/\/www.webdo.tn\/fr\/actualite\/national\/le-parti-des-travailleurs-boycotte-l-election-presidentielle\/215171\/#article","isPartOf":{"@id":"https:\/\/www.webdo.tn\/fr\/actualite\/national\/le-parti-des-travailleurs-boycotte-l-election-presidentielle\/215171\/"},"author":{"name":"AZ","@id":"https:\/\/www.webdo.tn\/fr\/#\/schema\/person\/b8a41c04d93287d375510db360906b34"},"headline":"Le Parti des Travailleurs boycotte l&rsquo;\u00e9lection pr\u00e9sidentielle","datePublished":"2024-07-09T20:56:00+00:00","dateModified":"2025-05-21T09:04:55+00:00","mainEntityOfPage":{"@id":"https:\/\/www.webdo.tn\/fr\/actualite\/national\/le-parti-des-travailleurs-boycotte-l-election-presidentielle\/215171\/"},"wordCount":140,"commentCount":0,"publisher":{"@id":"https:\/\/www.webdo.tn\/fr\/#organization"},"image":{"@id":"https:\/\/www.webdo.tn\/fr\/actualite\/national\/le-parti-des-travailleurs-boycotte-l-election-presidentielle\/215171\/#primaryimage"},"thumbnailUrl":"https:\/\/www.webdo.tn\/fr\/wp-content\/uploads\/2024\/07\/e1625155e4056959d365aca54792b78c.webp","keywords":["\u00e9lections pr\u00e9sidentielles","Hamma Hammami","Parti des Travailleurs","Tunisie"],"articleSection":["National"],"inLanguage":"fr-FR"},{"@type":"WebPage","@id":"https:\/\/www.webdo.tn\/fr\/actualite\/national\/le-parti-des-travailleurs-boycotte-l-election-presidentielle\/215171\/","url":"https:\/\/www.webdo.tn\/fr\/actualite\/national\/le-parti-des-travailleurs-boycotte-l-election-presidentielle\/215171\/","name":"Le Parti des Travailleurs boycotte l'\u00e9lection pr\u00e9sidentielle","isPartOf":{"@id":"https:\/\/www.webdo.tn\/fr\/#website"},"primaryImageOfPage":{"@id":"https:\/\/www.webdo.tn\/fr\/actualite\/national\/le-parti-des-travailleurs-boycotte-l-election-presidentielle\/215171\/#primaryimage"},"image":{"@id":"https:\/\/www.webdo.tn\/fr\/actualite\/national\/le-parti-des-travailleurs-boycotte-l-election-presidentielle\/215171\/#primaryimage"},"thumbnailUrl":"https:\/\/www.webdo.tn\/fr\/wp-content\/uploads\/2024\/07\/e1625155e4056959d365aca54792b78c.webp","datePublished":"2024-07-09T20:56:00+00:00","dateModified":"2025-05-21T09:04:55+00:00","description":"Le Parti des Travailleurs boycotte l'\u00e9lection pr\u00e9sidentielle d'octobre 2024 en Tunisie. Hamma Hammami explique la position du parti sur la libert\u00e9 et l'\u00e9quit\u00e9 \u00e9...","breadcrumb":{"@id":"https:\/\/www.webdo.tn\/fr\/actualite\/national\/le-parti-des-travailleurs-boycotte-l-election-presidentielle\/215171\/#breadcrumb"},"inLanguage":"fr-FR","potentialAction":[{"@type":"ReadAction","target":["https:\/\/www.webdo.tn\/fr\/actualite\/national\/le-parti-des-travailleurs-boycotte-l-election-presidentielle\/215171\/"]}]},{"@type":"ImageObject","inLanguage":"fr-FR","@id":"https:\/\/www.webdo.tn\/fr\/actualite\/national\/le-parti-des-travailleurs-boycotte-l-election-presidentielle\/215171\/#primaryimage","url":"https:\/\/www.webdo.tn\/fr\/wp-content\/uploads\/2024\/07\/e1625155e4056959d365aca54792b78c.webp","contentUrl":"https:\/\/www.webdo.tn\/fr\/wp-content\/uploads\/2024\/07\/e1625155e4056959d365aca54792b78c.webp","width":743,"height":396,"caption":"Le Parti des Travailleurs boycotte l'\u00e9lection pr\u00e9sidentielle"},{"@type":"BreadcrumbList","@id":"https:\/\/www.webdo.tn\/fr\/actualite\/national\/le-parti-des-travailleurs-boycotte-l-election-presidentielle\/215171\/#breadcrumb","itemListElement":[{"@type":"ListItem","position":1,"name":"Accueil","item":"https:\/\/www.webdo.tn\/fr\/"},{"@type":"ListItem","position":2,"name":"Le Parti des Travailleurs boycotte l&#8217;\u00e9lection pr\u00e9sidentielle"}]},{"@type":"WebSite","@id":"https:\/\/www.webdo.tn\/fr\/#website","url":"https:\/\/www.webdo.tn\/fr\/","name":"webdo","description":"Tunisie - News en Tunisie et \u00e0 l&#039;international sur Webdo.tn","publisher":{"@id":"https:\/\/www.webdo.tn\/fr\/#organization"},"potentialAction":[{"@type":"SearchAction","target":{"@type":"EntryPoint","urlTemplate":"https:\/\/www.webdo.tn\/fr\/?s={search_term_string}"},"query-input":{"@type":"PropertyValueSpecification","valueRequired":true,"valueName":"search_term_string"}}],"inLanguage":"fr-FR"},{"@type":"Organization","@id":"https:\/\/www.webdo.tn\/fr\/#organization","name":"Webdo","alternateName":"Webdo.tn","url":"https:\/\/www.webdo.tn\/fr\/","logo":{"@type":"ImageObject","inLanguage":"fr-FR","@id":"https:\/\/www.webdo.tn\/fr\/#\/schema\/logo\/image\/","url":"https:\/\/www.webdo.tn\/fr\/wp-content\/uploads\/2025\/06\/Webdo-Tunisie_168377.jpg","contentUrl":"https:\/\/www.webdo.tn\/fr\/wp-content\/uploads\/2025\/06\/Webdo-Tunisie_168377.jpg","width":301,"height":301,"caption":"Webdo"},"image":{"@id":"https:\/\/www.webdo.tn\/fr\/#\/schema\/logo\/image\/"},"sameAs":["https:\/\/www.facebook.com\/webdotn","https:\/\/x.com\/webdo_tn"],"description":"Webdo est un m\u00e9dia num\u00e9rique tunisien fond\u00e9 en 2010, sp\u00e9cialis\u00e9 dans l\u2019actualit\u00e9 nationale et internationale, l\u2019\u00e9conomie, la soci\u00e9t\u00e9 et les analyses politiques. Le site s\u2019adresse \u00e0 un large public francophone et couvre l\u2019information tunisienne en temps r\u00e9el.","email":"redac@webdo.tn","legalName":"YNJ SARL","foundingDate":"2010-09-06","numberOfEmployees":{"@type":"QuantitativeValue","minValue":"11","maxValue":"50"}},{"@type":"Person","@id":"https:\/\/www.webdo.tn\/fr\/#\/schema\/person\/b8a41c04d93287d375510db360906b34","name":"AZ","image":{"@type":"ImageObject","inLanguage":"fr-FR","@id":"https:\/\/secure.gravatar.com\/avatar\/492b80bada79439de4201dce15cd41eece6c277cfdf1b53382073c79105c1f89?s=96&d=mm&r=g","url":"https:\/\/secure.gravatar.com\/avatar\/492b80bada79439de4201dce15cd41eece6c277cfdf1b53382073c79105c1f89?s=96&d=mm&r=g","contentUrl":"https:\/\/secure.gravatar.com\/avatar\/492b80bada79439de4201dce15cd41eece6c277cfdf1b53382073c79105c1f89?s=96&d=mm&r=g","caption":"AZ"},"url":"https:\/\/www.webdo.tn\/fr\/actualite\/author\/az\/"}]}},"_links":{"self":[{"href":"https:\/\/www.webdo.tn\/fr\/wp-json\/wp\/v2\/posts\/215171","targetHints":{"allow":["GET"]}}],"collection":[{"href":"https:\/\/www.webdo.tn\/fr\/wp-json\/wp\/v2\/posts"}],"about":[{"href":"https:\/\/www.webdo.tn\/fr\/wp-json\/wp\/v2\/types\/post"}],"author":[{"embeddable":true,"href":"https:\/\/www.webdo.tn\/fr\/wp-json\/wp\/v2\/users\/3166"}],"replies":[{"embeddable":true,"href":"https:\/\/www.webdo.tn\/fr\/wp-json\/wp\/v2\/comments?post=215171"}],"version-history":[{"count":0,"href":"https:\/\/www.webdo.tn\/fr\/wp-json\/wp\/v2\/posts\/215171\/revisions"}],"wp:featuredmedia":[{"embeddable":true,"href":"https:\/\/www.webdo.tn\/fr\/wp-json\/wp\/v2\/media\/247034"}],"wp:attachment":[{"href":"https:\/\/www.webdo.tn\/fr\/wp-json\/wp\/v2\/media?parent=215171"}],"wp:term":[{"taxonomy":"category","embeddable":true,"href":"https:\/\/www.webdo.tn\/fr\/wp-json\/wp\/v2\/categories?post=215171"},{"taxonomy":"post_tag","embeddable":true,"href":"https:\/\/www.webdo.tn\/fr\/wp-json\/wp\/v2\/tags?post=215171"}],"curies":[{"name":"wp","href":"https:\/\/api.w.org\/{rel}","templated":true}]}}