{"id":215170,"date":"2024-07-09T20:07:00","date_gmt":"2024-07-09T20:07:00","guid":{"rendered":"https:\/\/www.webdo.tn\/fr\/blog\/le-comite-technique-du-club-africain-demissionne\/215170\/"},"modified":"2025-05-21T09:04:54","modified_gmt":"2025-05-21T09:04:54","slug":"le-comite-technique-du-club-africain-demissionne","status":"publish","type":"post","link":"https:\/\/www.webdo.tn\/fr\/actualite\/sport\/le-comite-technique-du-club-africain-demissionne\/215170\/","title":{"rendered":"Le comit\u00e9 technique du Club Africain d\u00e9missionne"},"content":{"rendered":"<p>Le Comit\u00e9 technique du Club africain, form\u00e9 de Bassem Mehri, Nejib Ghommidh et Mohamed Mensi, a annonc\u00e9 sa d\u00e9mission ce mardi, seulement quatre jours apr\u00e8s avoir \u00e9t\u00e9 nomm\u00e9.<\/p>\n<p>\t\t\t\t\t\t\t\t\tSelon la radio nationale tunisienne, cette d\u00e9cision fait suite au d\u00e9saccord du comit\u00e9 sur les conditions de travail, particuli\u00e8rement en ce qui concerne l&rsquo;ing\u00e9rence dans les recrutements lors de la r\u00e9cente p\u00e9riode de transferts estivaux.<\/p>\n","protected":false},"excerpt":{"rendered":"<p>Le Comit\u00e9 technique du Club africain d\u00e9missionne apr\u00e8s quatre jours : d\u00e9saccord sur l&rsquo;ing\u00e9rence lors des transferts estivaux. D\u00e9tails sur la d\u00e9cision et les rai&#8230;<\/p>\n","protected":false},"author":3166,"featured_media":247033,"comment_status":"open","ping_status":"closed","sticky":false,"template":"","format":"standard","meta":{"footnotes":""},"categories":[2593],"tags":[4506,3101,2622,2608],"class_list":["post-215170","post","type-post","status-publish","format-standard","has-post-thumbnail","hentry","category-sport","tag-ca","tag-club-africain","tag-football","tag-tunisie"],"yoast_head":"<!-- This site is optimized with the Yoast SEO Premium plugin v27.4 (Yoast SEO v27.5) - https:\/\/yoast.com\/product\/yoast-seo-premium-wordpress\/ -->\n<title>Le comit\u00e9 technique du Club Africain d\u00e9missionne<\/title>\n<meta name=\"description\" content=\"Le Comit\u00e9 technique du Club africain d\u00e9missionne apr\u00e8s quatre jours : d\u00e9saccord sur l&#039;ing\u00e9rence lors des transferts estivaux. D\u00e9tails sur la d\u00e9cision et les rai...\" \/>\n<link rel=\"canonical\" href=\"https:\/\/www.webdo.tn\/fr\/actualite\/sport\/le-comite-technique-du-club-africain-demissionne\/215170\/\" \/>\n<meta property=\"og:locale\" content=\"fr_FR\" \/>\n<meta property=\"og:type\" content=\"article\" \/>\n<meta property=\"og:title\" content=\"Le comit\u00e9 technique du Club Africain d\u00e9missionne\" \/>\n<meta property=\"og:description\" content=\"Le Comit\u00e9 technique du Club africain d\u00e9missionne apr\u00e8s quatre jours : d\u00e9saccord sur l&#039;ing\u00e9rence lors des transferts estivaux. D\u00e9tails sur la d\u00e9cision et les rai...\" \/>\n<meta property=\"og:url\" content=\"https:\/\/www.webdo.tn\/fr\/actualite\/sport\/le-comite-technique-du-club-africain-demissionne\/215170\/\" \/>\n<meta property=\"og:site_name\" content=\"webdo\" \/>\n<meta property=\"article:publisher\" content=\"https:\/\/www.facebook.com\/webdotn\" \/>\n<meta property=\"article:published_time\" content=\"2024-07-09T20:07:00+00:00\" \/>\n<meta property=\"article:modified_time\" content=\"2025-05-21T09:04:54+00:00\" \/>\n<meta property=\"og:image\" content=\"https:\/\/www.webdo.tn\/fr\/wp-content\/uploads\/2024\/07\/d022b62dc26f52332cbb193212d8e7a0.webp\" \/>\n\t<meta property=\"og:image:width\" content=\"750\" \/>\n\t<meta property=\"og:image:height\" content=\"400\" \/>\n\t<meta property=\"og:image:type\" content=\"image\/webp\" \/>\n<meta name=\"author\" content=\"AZ\" \/>\n<meta name=\"twitter:card\" content=\"summary_large_image\" \/>\n<meta name=\"twitter:creator\" content=\"@webdo_tn\" \/>\n<meta name=\"twitter:site\" content=\"@webdo_tn\" \/>\n<meta name=\"twitter:label1\" content=\"\u00c9crit par\" \/>\n\t<meta name=\"twitter:data1\" content=\"AZ\" \/>\n<script type=\"application\/ld+json\" class=\"yoast-schema-graph\">{\"@context\":\"https:\\\/\\\/schema.org\",\"@graph\":[{\"@type\":\"NewsArticle\",\"@id\":\"https:\\\/\\\/www.webdo.tn\\\/fr\\\/actualite\\\/sport\\\/le-comite-technique-du-club-africain-demissionne\\\/215170\\\/#article\",\"isPartOf\":{\"@id\":\"https:\\\/\\\/www.webdo.tn\\\/fr\\\/actualite\\\/sport\\\/le-comite-technique-du-club-africain-demissionne\\\/215170\\\/\"},\"author\":{\"name\":\"AZ\",\"@id\":\"https:\\\/\\\/www.webdo.tn\\\/fr\\\/#\\\/schema\\\/person\\\/b8a41c04d93287d375510db360906b34\"},\"headline\":\"Le comit\u00e9 technique du Club Africain d\u00e9missionne\",\"datePublished\":\"2024-07-09T20:07:00+00:00\",\"dateModified\":\"2025-05-21T09:04:54+00:00\",\"mainEntityOfPage\":{\"@id\":\"https:\\\/\\\/www.webdo.tn\\\/fr\\\/actualite\\\/sport\\\/le-comite-technique-du-club-africain-demissionne\\\/215170\\\/\"},\"wordCount\":80,\"commentCount\":0,\"publisher\":{\"@id\":\"https:\\\/\\\/www.webdo.tn\\\/fr\\\/#organization\"},\"image\":{\"@id\":\"https:\\\/\\\/www.webdo.tn\\\/fr\\\/actualite\\\/sport\\\/le-comite-technique-du-club-africain-demissionne\\\/215170\\\/#primaryimage\"},\"thumbnailUrl\":\"https:\\\/\\\/www.webdo.tn\\\/fr\\\/wp-content\\\/uploads\\\/2024\\\/07\\\/d022b62dc26f52332cbb193212d8e7a0.webp\",\"keywords\":[\"CA\",\"Club Africain\",\"football\",\"Tunisie\"],\"articleSection\":[\"Sport\"],\"inLanguage\":\"fr-FR\"},{\"@type\":\"WebPage\",\"@id\":\"https:\\\/\\\/www.webdo.tn\\\/fr\\\/actualite\\\/sport\\\/le-comite-technique-du-club-africain-demissionne\\\/215170\\\/\",\"url\":\"https:\\\/\\\/www.webdo.tn\\\/fr\\\/actualite\\\/sport\\\/le-comite-technique-du-club-africain-demissionne\\\/215170\\\/\",\"name\":\"Le comit\u00e9 technique du Club Africain d\u00e9missionne\",\"isPartOf\":{\"@id\":\"https:\\\/\\\/www.webdo.tn\\\/fr\\\/#website\"},\"primaryImageOfPage\":{\"@id\":\"https:\\\/\\\/www.webdo.tn\\\/fr\\\/actualite\\\/sport\\\/le-comite-technique-du-club-africain-demissionne\\\/215170\\\/#primaryimage\"},\"image\":{\"@id\":\"https:\\\/\\\/www.webdo.tn\\\/fr\\\/actualite\\\/sport\\\/le-comite-technique-du-club-africain-demissionne\\\/215170\\\/#primaryimage\"},\"thumbnailUrl\":\"https:\\\/\\\/www.webdo.tn\\\/fr\\\/wp-content\\\/uploads\\\/2024\\\/07\\\/d022b62dc26f52332cbb193212d8e7a0.webp\",\"datePublished\":\"2024-07-09T20:07:00+00:00\",\"dateModified\":\"2025-05-21T09:04:54+00:00\",\"description\":\"Le Comit\u00e9 technique du Club africain d\u00e9missionne apr\u00e8s quatre jours : d\u00e9saccord sur l'ing\u00e9rence lors des transferts estivaux. D\u00e9tails sur la d\u00e9cision et les rai...\",\"breadcrumb\":{\"@id\":\"https:\\\/\\\/www.webdo.tn\\\/fr\\\/actualite\\\/sport\\\/le-comite-technique-du-club-africain-demissionne\\\/215170\\\/#breadcrumb\"},\"inLanguage\":\"fr-FR\",\"potentialAction\":[{\"@type\":\"ReadAction\",\"target\":[\"https:\\\/\\\/www.webdo.tn\\\/fr\\\/actualite\\\/sport\\\/le-comite-technique-du-club-africain-demissionne\\\/215170\\\/\"]}]},{\"@type\":\"ImageObject\",\"inLanguage\":\"fr-FR\",\"@id\":\"https:\\\/\\\/www.webdo.tn\\\/fr\\\/actualite\\\/sport\\\/le-comite-technique-du-club-africain-demissionne\\\/215170\\\/#primaryimage\",\"url\":\"https:\\\/\\\/www.webdo.tn\\\/fr\\\/wp-content\\\/uploads\\\/2024\\\/07\\\/d022b62dc26f52332cbb193212d8e7a0.webp\",\"contentUrl\":\"https:\\\/\\\/www.webdo.tn\\\/fr\\\/wp-content\\\/uploads\\\/2024\\\/07\\\/d022b62dc26f52332cbb193212d8e7a0.webp\",\"width\":750,\"height\":400,\"caption\":\"Le comit\u00e9 technique du Club Africain d\u00e9missionne\"},{\"@type\":\"BreadcrumbList\",\"@id\":\"https:\\\/\\\/www.webdo.tn\\\/fr\\\/actualite\\\/sport\\\/le-comite-technique-du-club-africain-demissionne\\\/215170\\\/#breadcrumb\",\"itemListElement\":[{\"@type\":\"ListItem\",\"position\":1,\"name\":\"Accueil\",\"item\":\"https:\\\/\\\/www.webdo.tn\\\/fr\\\/\"},{\"@type\":\"ListItem\",\"position\":2,\"name\":\"Le comit\u00e9 technique du Club Africain d\u00e9missionne\"}]},{\"@type\":\"WebSite\",\"@id\":\"https:\\\/\\\/www.webdo.tn\\\/fr\\\/#website\",\"url\":\"https:\\\/\\\/www.webdo.tn\\\/fr\\\/\",\"name\":\"webdo\",\"description\":\"Tunisie - News en Tunisie et \u00e0 l&#039;international sur Webdo.tn\",\"publisher\":{\"@id\":\"https:\\\/\\\/www.webdo.tn\\\/fr\\\/#organization\"},\"potentialAction\":[{\"@type\":\"SearchAction\",\"target\":{\"@type\":\"EntryPoint\",\"urlTemplate\":\"https:\\\/\\\/www.webdo.tn\\\/fr\\\/?s={search_term_string}\"},\"query-input\":{\"@type\":\"PropertyValueSpecification\",\"valueRequired\":true,\"valueName\":\"search_term_string\"}}],\"inLanguage\":\"fr-FR\"},{\"@type\":\"Organization\",\"@id\":\"https:\\\/\\\/www.webdo.tn\\\/fr\\\/#organization\",\"name\":\"Webdo\",\"alternateName\":\"Webdo.tn\",\"url\":\"https:\\\/\\\/www.webdo.tn\\\/fr\\\/\",\"logo\":{\"@type\":\"ImageObject\",\"inLanguage\":\"fr-FR\",\"@id\":\"https:\\\/\\\/www.webdo.tn\\\/fr\\\/#\\\/schema\\\/logo\\\/image\\\/\",\"url\":\"https:\\\/\\\/www.webdo.tn\\\/fr\\\/wp-content\\\/uploads\\\/2025\\\/06\\\/Webdo-Tunisie_168377.jpg\",\"contentUrl\":\"https:\\\/\\\/www.webdo.tn\\\/fr\\\/wp-content\\\/uploads\\\/2025\\\/06\\\/Webdo-Tunisie_168377.jpg\",\"width\":301,\"height\":301,\"caption\":\"Webdo\"},\"image\":{\"@id\":\"https:\\\/\\\/www.webdo.tn\\\/fr\\\/#\\\/schema\\\/logo\\\/image\\\/\"},\"sameAs\":[\"https:\\\/\\\/www.facebook.com\\\/webdotn\",\"https:\\\/\\\/x.com\\\/webdo_tn\"],\"description\":\"Webdo est un m\u00e9dia num\u00e9rique tunisien fond\u00e9 en 2010, sp\u00e9cialis\u00e9 dans l\u2019actualit\u00e9 nationale et internationale, l\u2019\u00e9conomie, la soci\u00e9t\u00e9 et les analyses politiques. Le site s\u2019adresse \u00e0 un large public francophone et couvre l\u2019information tunisienne en temps r\u00e9el.\",\"email\":\"redac@webdo.tn\",\"legalName\":\"YNJ SARL\",\"foundingDate\":\"2010-09-06\",\"numberOfEmployees\":{\"@type\":\"QuantitativeValue\",\"minValue\":\"11\",\"maxValue\":\"50\"}},{\"@type\":\"Person\",\"@id\":\"https:\\\/\\\/www.webdo.tn\\\/fr\\\/#\\\/schema\\\/person\\\/b8a41c04d93287d375510db360906b34\",\"name\":\"AZ\",\"image\":{\"@type\":\"ImageObject\",\"inLanguage\":\"fr-FR\",\"@id\":\"https:\\\/\\\/secure.gravatar.com\\\/avatar\\\/492b80bada79439de4201dce15cd41eece6c277cfdf1b53382073c79105c1f89?s=96&d=mm&r=g\",\"url\":\"https:\\\/\\\/secure.gravatar.com\\\/avatar\\\/492b80bada79439de4201dce15cd41eece6c277cfdf1b53382073c79105c1f89?s=96&d=mm&r=g\",\"contentUrl\":\"https:\\\/\\\/secure.gravatar.com\\\/avatar\\\/492b80bada79439de4201dce15cd41eece6c277cfdf1b53382073c79105c1f89?s=96&d=mm&r=g\",\"caption\":\"AZ\"},\"url\":\"https:\\\/\\\/www.webdo.tn\\\/fr\\\/actualite\\\/author\\\/az\\\/\"}]}<\/script>\n<!-- \/ Yoast SEO Premium plugin. -->","yoast_head_json":{"title":"Le comit\u00e9 technique du Club Africain d\u00e9missionne","description":"Le Comit\u00e9 technique du Club africain d\u00e9missionne apr\u00e8s quatre jours : d\u00e9saccord sur l'ing\u00e9rence lors des transferts estivaux. D\u00e9tails sur la d\u00e9cision et les rai...","canonical":"https:\/\/www.webdo.tn\/fr\/actualite\/sport\/le-comite-technique-du-club-africain-demissionne\/215170\/","og_locale":"fr_FR","og_type":"article","og_title":"Le comit\u00e9 technique du Club Africain d\u00e9missionne","og_description":"Le Comit\u00e9 technique du Club africain d\u00e9missionne apr\u00e8s quatre jours : d\u00e9saccord sur l'ing\u00e9rence lors des transferts estivaux. D\u00e9tails sur la d\u00e9cision et les rai...","og_url":"https:\/\/www.webdo.tn\/fr\/actualite\/sport\/le-comite-technique-du-club-africain-demissionne\/215170\/","og_site_name":"webdo","article_publisher":"https:\/\/www.facebook.com\/webdotn","article_published_time":"2024-07-09T20:07:00+00:00","article_modified_time":"2025-05-21T09:04:54+00:00","og_image":[{"width":750,"height":400,"url":"https:\/\/www.webdo.tn\/fr\/wp-content\/uploads\/2024\/07\/d022b62dc26f52332cbb193212d8e7a0.webp","type":"image\/webp"}],"author":"AZ","twitter_card":"summary_large_image","twitter_creator":"@webdo_tn","twitter_site":"@webdo_tn","twitter_misc":{"\u00c9crit par":"AZ"},"schema":{"@context":"https:\/\/schema.org","@graph":[{"@type":"NewsArticle","@id":"https:\/\/www.webdo.tn\/fr\/actualite\/sport\/le-comite-technique-du-club-africain-demissionne\/215170\/#article","isPartOf":{"@id":"https:\/\/www.webdo.tn\/fr\/actualite\/sport\/le-comite-technique-du-club-africain-demissionne\/215170\/"},"author":{"name":"AZ","@id":"https:\/\/www.webdo.tn\/fr\/#\/schema\/person\/b8a41c04d93287d375510db360906b34"},"headline":"Le comit\u00e9 technique du Club Africain d\u00e9missionne","datePublished":"2024-07-09T20:07:00+00:00","dateModified":"2025-05-21T09:04:54+00:00","mainEntityOfPage":{"@id":"https:\/\/www.webdo.tn\/fr\/actualite\/sport\/le-comite-technique-du-club-africain-demissionne\/215170\/"},"wordCount":80,"commentCount":0,"publisher":{"@id":"https:\/\/www.webdo.tn\/fr\/#organization"},"image":{"@id":"https:\/\/www.webdo.tn\/fr\/actualite\/sport\/le-comite-technique-du-club-africain-demissionne\/215170\/#primaryimage"},"thumbnailUrl":"https:\/\/www.webdo.tn\/fr\/wp-content\/uploads\/2024\/07\/d022b62dc26f52332cbb193212d8e7a0.webp","keywords":["CA","Club Africain","football","Tunisie"],"articleSection":["Sport"],"inLanguage":"fr-FR"},{"@type":"WebPage","@id":"https:\/\/www.webdo.tn\/fr\/actualite\/sport\/le-comite-technique-du-club-africain-demissionne\/215170\/","url":"https:\/\/www.webdo.tn\/fr\/actualite\/sport\/le-comite-technique-du-club-africain-demissionne\/215170\/","name":"Le comit\u00e9 technique du Club Africain d\u00e9missionne","isPartOf":{"@id":"https:\/\/www.webdo.tn\/fr\/#website"},"primaryImageOfPage":{"@id":"https:\/\/www.webdo.tn\/fr\/actualite\/sport\/le-comite-technique-du-club-africain-demissionne\/215170\/#primaryimage"},"image":{"@id":"https:\/\/www.webdo.tn\/fr\/actualite\/sport\/le-comite-technique-du-club-africain-demissionne\/215170\/#primaryimage"},"thumbnailUrl":"https:\/\/www.webdo.tn\/fr\/wp-content\/uploads\/2024\/07\/d022b62dc26f52332cbb193212d8e7a0.webp","datePublished":"2024-07-09T20:07:00+00:00","dateModified":"2025-05-21T09:04:54+00:00","description":"Le Comit\u00e9 technique du Club africain d\u00e9missionne apr\u00e8s quatre jours : d\u00e9saccord sur l'ing\u00e9rence lors des transferts estivaux. D\u00e9tails sur la d\u00e9cision et les rai...","breadcrumb":{"@id":"https:\/\/www.webdo.tn\/fr\/actualite\/sport\/le-comite-technique-du-club-africain-demissionne\/215170\/#breadcrumb"},"inLanguage":"fr-FR","potentialAction":[{"@type":"ReadAction","target":["https:\/\/www.webdo.tn\/fr\/actualite\/sport\/le-comite-technique-du-club-africain-demissionne\/215170\/"]}]},{"@type":"ImageObject","inLanguage":"fr-FR","@id":"https:\/\/www.webdo.tn\/fr\/actualite\/sport\/le-comite-technique-du-club-africain-demissionne\/215170\/#primaryimage","url":"https:\/\/www.webdo.tn\/fr\/wp-content\/uploads\/2024\/07\/d022b62dc26f52332cbb193212d8e7a0.webp","contentUrl":"https:\/\/www.webdo.tn\/fr\/wp-content\/uploads\/2024\/07\/d022b62dc26f52332cbb193212d8e7a0.webp","width":750,"height":400,"caption":"Le comit\u00e9 technique du Club Africain d\u00e9missionne"},{"@type":"BreadcrumbList","@id":"https:\/\/www.webdo.tn\/fr\/actualite\/sport\/le-comite-technique-du-club-africain-demissionne\/215170\/#breadcrumb","itemListElement":[{"@type":"ListItem","position":1,"name":"Accueil","item":"https:\/\/www.webdo.tn\/fr\/"},{"@type":"ListItem","position":2,"name":"Le comit\u00e9 technique du Club Africain d\u00e9missionne"}]},{"@type":"WebSite","@id":"https:\/\/www.webdo.tn\/fr\/#website","url":"https:\/\/www.webdo.tn\/fr\/","name":"webdo","description":"Tunisie - News en Tunisie et \u00e0 l&#039;international sur Webdo.tn","publisher":{"@id":"https:\/\/www.webdo.tn\/fr\/#organization"},"potentialAction":[{"@type":"SearchAction","target":{"@type":"EntryPoint","urlTemplate":"https:\/\/www.webdo.tn\/fr\/?s={search_term_string}"},"query-input":{"@type":"PropertyValueSpecification","valueRequired":true,"valueName":"search_term_string"}}],"inLanguage":"fr-FR"},{"@type":"Organization","@id":"https:\/\/www.webdo.tn\/fr\/#organization","name":"Webdo","alternateName":"Webdo.tn","url":"https:\/\/www.webdo.tn\/fr\/","logo":{"@type":"ImageObject","inLanguage":"fr-FR","@id":"https:\/\/www.webdo.tn\/fr\/#\/schema\/logo\/image\/","url":"https:\/\/www.webdo.tn\/fr\/wp-content\/uploads\/2025\/06\/Webdo-Tunisie_168377.jpg","contentUrl":"https:\/\/www.webdo.tn\/fr\/wp-content\/uploads\/2025\/06\/Webdo-Tunisie_168377.jpg","width":301,"height":301,"caption":"Webdo"},"image":{"@id":"https:\/\/www.webdo.tn\/fr\/#\/schema\/logo\/image\/"},"sameAs":["https:\/\/www.facebook.com\/webdotn","https:\/\/x.com\/webdo_tn"],"description":"Webdo est un m\u00e9dia num\u00e9rique tunisien fond\u00e9 en 2010, sp\u00e9cialis\u00e9 dans l\u2019actualit\u00e9 nationale et internationale, l\u2019\u00e9conomie, la soci\u00e9t\u00e9 et les analyses politiques. Le site s\u2019adresse \u00e0 un large public francophone et couvre l\u2019information tunisienne en temps r\u00e9el.","email":"redac@webdo.tn","legalName":"YNJ SARL","foundingDate":"2010-09-06","numberOfEmployees":{"@type":"QuantitativeValue","minValue":"11","maxValue":"50"}},{"@type":"Person","@id":"https:\/\/www.webdo.tn\/fr\/#\/schema\/person\/b8a41c04d93287d375510db360906b34","name":"AZ","image":{"@type":"ImageObject","inLanguage":"fr-FR","@id":"https:\/\/secure.gravatar.com\/avatar\/492b80bada79439de4201dce15cd41eece6c277cfdf1b53382073c79105c1f89?s=96&d=mm&r=g","url":"https:\/\/secure.gravatar.com\/avatar\/492b80bada79439de4201dce15cd41eece6c277cfdf1b53382073c79105c1f89?s=96&d=mm&r=g","contentUrl":"https:\/\/secure.gravatar.com\/avatar\/492b80bada79439de4201dce15cd41eece6c277cfdf1b53382073c79105c1f89?s=96&d=mm&r=g","caption":"AZ"},"url":"https:\/\/www.webdo.tn\/fr\/actualite\/author\/az\/"}]}},"_links":{"self":[{"href":"https:\/\/www.webdo.tn\/fr\/wp-json\/wp\/v2\/posts\/215170","targetHints":{"allow":["GET"]}}],"collection":[{"href":"https:\/\/www.webdo.tn\/fr\/wp-json\/wp\/v2\/posts"}],"about":[{"href":"https:\/\/www.webdo.tn\/fr\/wp-json\/wp\/v2\/types\/post"}],"author":[{"embeddable":true,"href":"https:\/\/www.webdo.tn\/fr\/wp-json\/wp\/v2\/users\/3166"}],"replies":[{"embeddable":true,"href":"https:\/\/www.webdo.tn\/fr\/wp-json\/wp\/v2\/comments?post=215170"}],"version-history":[{"count":0,"href":"https:\/\/www.webdo.tn\/fr\/wp-json\/wp\/v2\/posts\/215170\/revisions"}],"wp:featuredmedia":[{"embeddable":true,"href":"https:\/\/www.webdo.tn\/fr\/wp-json\/wp\/v2\/media\/247033"}],"wp:attachment":[{"href":"https:\/\/www.webdo.tn\/fr\/wp-json\/wp\/v2\/media?parent=215170"}],"wp:term":[{"taxonomy":"category","embeddable":true,"href":"https:\/\/www.webdo.tn\/fr\/wp-json\/wp\/v2\/categories?post=215170"},{"taxonomy":"post_tag","embeddable":true,"href":"https:\/\/www.webdo.tn\/fr\/wp-json\/wp\/v2\/tags?post=215170"}],"curies":[{"name":"wp","href":"https:\/\/api.w.org\/{rel}","templated":true}]}}