{"id":215169,"date":"2024-07-09T19:47:00","date_gmt":"2024-07-09T19:47:00","guid":{"rendered":"https:\/\/www.webdo.tn\/fr\/blog\/inm-l-etna-ne-presente-pas-de-danger-pour-la-tunisie\/215169\/"},"modified":"2025-05-21T09:04:53","modified_gmt":"2025-05-21T09:04:53","slug":"inm-l-etna-ne-presente-pas-de-danger-pour-la-tunisie","status":"publish","type":"post","link":"https:\/\/www.webdo.tn\/fr\/actualite\/national\/inm-l-etna-ne-presente-pas-de-danger-pour-la-tunisie\/215169\/","title":{"rendered":"INM : L&rsquo;Etna ne pr\u00e9sente pas de danger pour la Tunisie"},"content":{"rendered":"<p>D&rsquo;apr\u00e8s un rapport de l&rsquo;Institut national de la m\u00e9t\u00e9orologie, l&rsquo;activit\u00e9 volcanique de l&rsquo;Etna en Sicile ne devrait pas affecter n\u00e9gativement la Tunisie.<\/p>\n<p>\t\t\t\t\t\t\t\t\tL&rsquo;Etna, situ\u00e9 \u00e0 environ 400 km au nord de la Tunisie, fait l&rsquo;objet d&rsquo;une surveillance constante gr\u00e2ce aux images satellites du programme Sentinel. Ces images confirment que les niveaux de dioxyde de soufre restent \u00e0 des hauteurs s\u00e9curitaires, loin de la surface terrestre, et dans les limites fix\u00e9es par la l\u00e9gislation tunisienne.<\/p>\n<p>Les observations des stations mobiles de surveillance de la qualit\u00e9 de l&rsquo;air, install\u00e9es dans le cadre d&rsquo;une coop\u00e9ration tuniso-italienne, ont montr\u00e9 des niveaux de dioxyde de soufre tr\u00e8s bas, voire n\u00e9gligeables, entre le 3 et le 7 juillet 2024.<\/p>\n<p>Ces donn\u00e9es rassurent quant \u00e0 l&rsquo;absence de risques pour la Tunisie, malgr\u00e9 l&rsquo;activit\u00e9 volcanique enregistr\u00e9e depuis le 3 juillet 2024 sur l&rsquo;Etna, situ\u00e9 \u00e0 l&rsquo;est de la Sicile. Les mesures quotidiennes effectu\u00e9es par l&rsquo;Institut national de m\u00e9t\u00e9orologie restent dans les limites de s\u00e9curit\u00e9 sp\u00e9cifi\u00e9es par l&rsquo;arr\u00eat\u00e9 gouvernemental n\u00b0 447 du 18 mai 2018.<\/p>\n","protected":false},"excerpt":{"rendered":"<p>Les derni\u00e8res donn\u00e9es confirment que l&rsquo;activit\u00e9 de l&rsquo;Etna n&rsquo;affecte pas n\u00e9gativement la Tunisie, selon les mesures de dioxyde de soufre et de qualit\u00e9 de l&rsquo;air.<\/p>\n","protected":false},"author":3166,"featured_media":247032,"comment_status":"open","ping_status":"closed","sticky":false,"template":"","format":"standard","meta":{"footnotes":""},"categories":[44],"tags":[6185,3073,5606,2608,6186],"class_list":["post-215169","post","type-post","status-publish","format-standard","has-post-thumbnail","hentry","category-national","tag-etna","tag-inm","tag-sicile","tag-tunisie","tag-volcan"],"yoast_head":"<!-- This site is optimized with the Yoast SEO Premium plugin v27.4 (Yoast SEO v27.5) - https:\/\/yoast.com\/product\/yoast-seo-premium-wordpress\/ -->\n<title>INM : L&#039;Etna ne pr\u00e9sente pas de danger pour la Tunisie<\/title>\n<meta name=\"description\" content=\"Les derni\u00e8res donn\u00e9es confirment que l&#039;activit\u00e9 de l&#039;Etna n&#039;affecte pas n\u00e9gativement la Tunisie, selon les mesures de dioxyde de soufre et de qualit\u00e9 de l&#039;air.\" \/>\n<link rel=\"canonical\" href=\"https:\/\/www.webdo.tn\/fr\/actualite\/national\/inm-l-etna-ne-presente-pas-de-danger-pour-la-tunisie\/215169\/\" \/>\n<meta property=\"og:locale\" content=\"fr_FR\" \/>\n<meta property=\"og:type\" content=\"article\" \/>\n<meta property=\"og:title\" content=\"INM : L&#039;Etna ne pr\u00e9sente pas de danger pour la Tunisie\" \/>\n<meta property=\"og:description\" content=\"Les derni\u00e8res donn\u00e9es confirment que l&#039;activit\u00e9 de l&#039;Etna n&#039;affecte pas n\u00e9gativement la Tunisie, selon les mesures de dioxyde de soufre et de qualit\u00e9 de l&#039;air.\" \/>\n<meta property=\"og:url\" content=\"https:\/\/www.webdo.tn\/fr\/actualite\/national\/inm-l-etna-ne-presente-pas-de-danger-pour-la-tunisie\/215169\/\" \/>\n<meta property=\"og:site_name\" content=\"webdo\" \/>\n<meta property=\"article:publisher\" content=\"https:\/\/www.facebook.com\/webdotn\" \/>\n<meta property=\"article:published_time\" content=\"2024-07-09T19:47:00+00:00\" \/>\n<meta property=\"article:modified_time\" content=\"2025-05-21T09:04:53+00:00\" \/>\n<meta property=\"og:image\" content=\"https:\/\/www.webdo.tn\/fr\/wp-content\/uploads\/2024\/07\/f70fb9548d9ff23032c86d761214011d.webp\" \/>\n\t<meta property=\"og:image:width\" content=\"750\" \/>\n\t<meta property=\"og:image:height\" content=\"400\" \/>\n\t<meta property=\"og:image:type\" content=\"image\/webp\" \/>\n<meta name=\"author\" content=\"AZ\" \/>\n<meta name=\"twitter:card\" content=\"summary_large_image\" \/>\n<meta name=\"twitter:creator\" content=\"@webdo_tn\" \/>\n<meta name=\"twitter:site\" content=\"@webdo_tn\" \/>\n<meta name=\"twitter:label1\" content=\"\u00c9crit par\" \/>\n\t<meta name=\"twitter:data1\" content=\"AZ\" \/>\n\t<meta name=\"twitter:label2\" content=\"Dur\u00e9e de lecture estim\u00e9e\" \/>\n\t<meta name=\"twitter:data2\" content=\"1 minute\" \/>\n<script type=\"application\/ld+json\" class=\"yoast-schema-graph\">{\"@context\":\"https:\\\/\\\/schema.org\",\"@graph\":[{\"@type\":\"NewsArticle\",\"@id\":\"https:\\\/\\\/www.webdo.tn\\\/fr\\\/actualite\\\/national\\\/inm-l-etna-ne-presente-pas-de-danger-pour-la-tunisie\\\/215169\\\/#article\",\"isPartOf\":{\"@id\":\"https:\\\/\\\/www.webdo.tn\\\/fr\\\/actualite\\\/national\\\/inm-l-etna-ne-presente-pas-de-danger-pour-la-tunisie\\\/215169\\\/\"},\"author\":{\"name\":\"AZ\",\"@id\":\"https:\\\/\\\/www.webdo.tn\\\/fr\\\/#\\\/schema\\\/person\\\/b8a41c04d93287d375510db360906b34\"},\"headline\":\"INM : L&rsquo;Etna ne pr\u00e9sente pas de danger pour la Tunisie\",\"datePublished\":\"2024-07-09T19:47:00+00:00\",\"dateModified\":\"2025-05-21T09:04:53+00:00\",\"mainEntityOfPage\":{\"@id\":\"https:\\\/\\\/www.webdo.tn\\\/fr\\\/actualite\\\/national\\\/inm-l-etna-ne-presente-pas-de-danger-pour-la-tunisie\\\/215169\\\/\"},\"wordCount\":201,\"commentCount\":0,\"publisher\":{\"@id\":\"https:\\\/\\\/www.webdo.tn\\\/fr\\\/#organization\"},\"image\":{\"@id\":\"https:\\\/\\\/www.webdo.tn\\\/fr\\\/actualite\\\/national\\\/inm-l-etna-ne-presente-pas-de-danger-pour-la-tunisie\\\/215169\\\/#primaryimage\"},\"thumbnailUrl\":\"https:\\\/\\\/www.webdo.tn\\\/fr\\\/wp-content\\\/uploads\\\/2024\\\/07\\\/f70fb9548d9ff23032c86d761214011d.webp\",\"keywords\":[\"Etna\",\"inm\",\"sicile\",\"Tunisie\",\"Volcan\"],\"articleSection\":[\"National\"],\"inLanguage\":\"fr-FR\"},{\"@type\":\"WebPage\",\"@id\":\"https:\\\/\\\/www.webdo.tn\\\/fr\\\/actualite\\\/national\\\/inm-l-etna-ne-presente-pas-de-danger-pour-la-tunisie\\\/215169\\\/\",\"url\":\"https:\\\/\\\/www.webdo.tn\\\/fr\\\/actualite\\\/national\\\/inm-l-etna-ne-presente-pas-de-danger-pour-la-tunisie\\\/215169\\\/\",\"name\":\"INM : L'Etna ne pr\u00e9sente pas de danger pour la Tunisie\",\"isPartOf\":{\"@id\":\"https:\\\/\\\/www.webdo.tn\\\/fr\\\/#website\"},\"primaryImageOfPage\":{\"@id\":\"https:\\\/\\\/www.webdo.tn\\\/fr\\\/actualite\\\/national\\\/inm-l-etna-ne-presente-pas-de-danger-pour-la-tunisie\\\/215169\\\/#primaryimage\"},\"image\":{\"@id\":\"https:\\\/\\\/www.webdo.tn\\\/fr\\\/actualite\\\/national\\\/inm-l-etna-ne-presente-pas-de-danger-pour-la-tunisie\\\/215169\\\/#primaryimage\"},\"thumbnailUrl\":\"https:\\\/\\\/www.webdo.tn\\\/fr\\\/wp-content\\\/uploads\\\/2024\\\/07\\\/f70fb9548d9ff23032c86d761214011d.webp\",\"datePublished\":\"2024-07-09T19:47:00+00:00\",\"dateModified\":\"2025-05-21T09:04:53+00:00\",\"description\":\"Les derni\u00e8res donn\u00e9es confirment que l'activit\u00e9 de l'Etna n'affecte pas n\u00e9gativement la Tunisie, selon les mesures de dioxyde de soufre et de qualit\u00e9 de l'air.\",\"breadcrumb\":{\"@id\":\"https:\\\/\\\/www.webdo.tn\\\/fr\\\/actualite\\\/national\\\/inm-l-etna-ne-presente-pas-de-danger-pour-la-tunisie\\\/215169\\\/#breadcrumb\"},\"inLanguage\":\"fr-FR\",\"potentialAction\":[{\"@type\":\"ReadAction\",\"target\":[\"https:\\\/\\\/www.webdo.tn\\\/fr\\\/actualite\\\/national\\\/inm-l-etna-ne-presente-pas-de-danger-pour-la-tunisie\\\/215169\\\/\"]}]},{\"@type\":\"ImageObject\",\"inLanguage\":\"fr-FR\",\"@id\":\"https:\\\/\\\/www.webdo.tn\\\/fr\\\/actualite\\\/national\\\/inm-l-etna-ne-presente-pas-de-danger-pour-la-tunisie\\\/215169\\\/#primaryimage\",\"url\":\"https:\\\/\\\/www.webdo.tn\\\/fr\\\/wp-content\\\/uploads\\\/2024\\\/07\\\/f70fb9548d9ff23032c86d761214011d.webp\",\"contentUrl\":\"https:\\\/\\\/www.webdo.tn\\\/fr\\\/wp-content\\\/uploads\\\/2024\\\/07\\\/f70fb9548d9ff23032c86d761214011d.webp\",\"width\":750,\"height\":400,\"caption\":\"INM : L'Etna ne pr\u00e9sente pas de danger pour la Tunisie\"},{\"@type\":\"BreadcrumbList\",\"@id\":\"https:\\\/\\\/www.webdo.tn\\\/fr\\\/actualite\\\/national\\\/inm-l-etna-ne-presente-pas-de-danger-pour-la-tunisie\\\/215169\\\/#breadcrumb\",\"itemListElement\":[{\"@type\":\"ListItem\",\"position\":1,\"name\":\"Accueil\",\"item\":\"https:\\\/\\\/www.webdo.tn\\\/fr\\\/\"},{\"@type\":\"ListItem\",\"position\":2,\"name\":\"INM : L&#8217;Etna ne pr\u00e9sente pas de danger pour la Tunisie\"}]},{\"@type\":\"WebSite\",\"@id\":\"https:\\\/\\\/www.webdo.tn\\\/fr\\\/#website\",\"url\":\"https:\\\/\\\/www.webdo.tn\\\/fr\\\/\",\"name\":\"webdo\",\"description\":\"Tunisie - News en Tunisie et \u00e0 l&#039;international sur Webdo.tn\",\"publisher\":{\"@id\":\"https:\\\/\\\/www.webdo.tn\\\/fr\\\/#organization\"},\"potentialAction\":[{\"@type\":\"SearchAction\",\"target\":{\"@type\":\"EntryPoint\",\"urlTemplate\":\"https:\\\/\\\/www.webdo.tn\\\/fr\\\/?s={search_term_string}\"},\"query-input\":{\"@type\":\"PropertyValueSpecification\",\"valueRequired\":true,\"valueName\":\"search_term_string\"}}],\"inLanguage\":\"fr-FR\"},{\"@type\":\"Organization\",\"@id\":\"https:\\\/\\\/www.webdo.tn\\\/fr\\\/#organization\",\"name\":\"Webdo\",\"alternateName\":\"Webdo.tn\",\"url\":\"https:\\\/\\\/www.webdo.tn\\\/fr\\\/\",\"logo\":{\"@type\":\"ImageObject\",\"inLanguage\":\"fr-FR\",\"@id\":\"https:\\\/\\\/www.webdo.tn\\\/fr\\\/#\\\/schema\\\/logo\\\/image\\\/\",\"url\":\"https:\\\/\\\/www.webdo.tn\\\/fr\\\/wp-content\\\/uploads\\\/2025\\\/06\\\/Webdo-Tunisie_168377.jpg\",\"contentUrl\":\"https:\\\/\\\/www.webdo.tn\\\/fr\\\/wp-content\\\/uploads\\\/2025\\\/06\\\/Webdo-Tunisie_168377.jpg\",\"width\":301,\"height\":301,\"caption\":\"Webdo\"},\"image\":{\"@id\":\"https:\\\/\\\/www.webdo.tn\\\/fr\\\/#\\\/schema\\\/logo\\\/image\\\/\"},\"sameAs\":[\"https:\\\/\\\/www.facebook.com\\\/webdotn\",\"https:\\\/\\\/x.com\\\/webdo_tn\"],\"description\":\"Webdo est un m\u00e9dia num\u00e9rique tunisien fond\u00e9 en 2010, sp\u00e9cialis\u00e9 dans l\u2019actualit\u00e9 nationale et internationale, l\u2019\u00e9conomie, la soci\u00e9t\u00e9 et les analyses politiques. Le site s\u2019adresse \u00e0 un large public francophone et couvre l\u2019information tunisienne en temps r\u00e9el.\",\"email\":\"redac@webdo.tn\",\"legalName\":\"YNJ SARL\",\"foundingDate\":\"2010-09-06\",\"numberOfEmployees\":{\"@type\":\"QuantitativeValue\",\"minValue\":\"11\",\"maxValue\":\"50\"}},{\"@type\":\"Person\",\"@id\":\"https:\\\/\\\/www.webdo.tn\\\/fr\\\/#\\\/schema\\\/person\\\/b8a41c04d93287d375510db360906b34\",\"name\":\"AZ\",\"image\":{\"@type\":\"ImageObject\",\"inLanguage\":\"fr-FR\",\"@id\":\"https:\\\/\\\/secure.gravatar.com\\\/avatar\\\/492b80bada79439de4201dce15cd41eece6c277cfdf1b53382073c79105c1f89?s=96&d=mm&r=g\",\"url\":\"https:\\\/\\\/secure.gravatar.com\\\/avatar\\\/492b80bada79439de4201dce15cd41eece6c277cfdf1b53382073c79105c1f89?s=96&d=mm&r=g\",\"contentUrl\":\"https:\\\/\\\/secure.gravatar.com\\\/avatar\\\/492b80bada79439de4201dce15cd41eece6c277cfdf1b53382073c79105c1f89?s=96&d=mm&r=g\",\"caption\":\"AZ\"},\"url\":\"https:\\\/\\\/www.webdo.tn\\\/fr\\\/actualite\\\/author\\\/az\\\/\"}]}<\/script>\n<!-- \/ Yoast SEO Premium plugin. -->","yoast_head_json":{"title":"INM : L'Etna ne pr\u00e9sente pas de danger pour la Tunisie","description":"Les derni\u00e8res donn\u00e9es confirment que l'activit\u00e9 de l'Etna n'affecte pas n\u00e9gativement la Tunisie, selon les mesures de dioxyde de soufre et de qualit\u00e9 de l'air.","canonical":"https:\/\/www.webdo.tn\/fr\/actualite\/national\/inm-l-etna-ne-presente-pas-de-danger-pour-la-tunisie\/215169\/","og_locale":"fr_FR","og_type":"article","og_title":"INM : L'Etna ne pr\u00e9sente pas de danger pour la Tunisie","og_description":"Les derni\u00e8res donn\u00e9es confirment que l'activit\u00e9 de l'Etna n'affecte pas n\u00e9gativement la Tunisie, selon les mesures de dioxyde de soufre et de qualit\u00e9 de l'air.","og_url":"https:\/\/www.webdo.tn\/fr\/actualite\/national\/inm-l-etna-ne-presente-pas-de-danger-pour-la-tunisie\/215169\/","og_site_name":"webdo","article_publisher":"https:\/\/www.facebook.com\/webdotn","article_published_time":"2024-07-09T19:47:00+00:00","article_modified_time":"2025-05-21T09:04:53+00:00","og_image":[{"width":750,"height":400,"url":"https:\/\/www.webdo.tn\/fr\/wp-content\/uploads\/2024\/07\/f70fb9548d9ff23032c86d761214011d.webp","type":"image\/webp"}],"author":"AZ","twitter_card":"summary_large_image","twitter_creator":"@webdo_tn","twitter_site":"@webdo_tn","twitter_misc":{"\u00c9crit par":"AZ","Dur\u00e9e de lecture estim\u00e9e":"1 minute"},"schema":{"@context":"https:\/\/schema.org","@graph":[{"@type":"NewsArticle","@id":"https:\/\/www.webdo.tn\/fr\/actualite\/national\/inm-l-etna-ne-presente-pas-de-danger-pour-la-tunisie\/215169\/#article","isPartOf":{"@id":"https:\/\/www.webdo.tn\/fr\/actualite\/national\/inm-l-etna-ne-presente-pas-de-danger-pour-la-tunisie\/215169\/"},"author":{"name":"AZ","@id":"https:\/\/www.webdo.tn\/fr\/#\/schema\/person\/b8a41c04d93287d375510db360906b34"},"headline":"INM : L&rsquo;Etna ne pr\u00e9sente pas de danger pour la Tunisie","datePublished":"2024-07-09T19:47:00+00:00","dateModified":"2025-05-21T09:04:53+00:00","mainEntityOfPage":{"@id":"https:\/\/www.webdo.tn\/fr\/actualite\/national\/inm-l-etna-ne-presente-pas-de-danger-pour-la-tunisie\/215169\/"},"wordCount":201,"commentCount":0,"publisher":{"@id":"https:\/\/www.webdo.tn\/fr\/#organization"},"image":{"@id":"https:\/\/www.webdo.tn\/fr\/actualite\/national\/inm-l-etna-ne-presente-pas-de-danger-pour-la-tunisie\/215169\/#primaryimage"},"thumbnailUrl":"https:\/\/www.webdo.tn\/fr\/wp-content\/uploads\/2024\/07\/f70fb9548d9ff23032c86d761214011d.webp","keywords":["Etna","inm","sicile","Tunisie","Volcan"],"articleSection":["National"],"inLanguage":"fr-FR"},{"@type":"WebPage","@id":"https:\/\/www.webdo.tn\/fr\/actualite\/national\/inm-l-etna-ne-presente-pas-de-danger-pour-la-tunisie\/215169\/","url":"https:\/\/www.webdo.tn\/fr\/actualite\/national\/inm-l-etna-ne-presente-pas-de-danger-pour-la-tunisie\/215169\/","name":"INM : L'Etna ne pr\u00e9sente pas de danger pour la Tunisie","isPartOf":{"@id":"https:\/\/www.webdo.tn\/fr\/#website"},"primaryImageOfPage":{"@id":"https:\/\/www.webdo.tn\/fr\/actualite\/national\/inm-l-etna-ne-presente-pas-de-danger-pour-la-tunisie\/215169\/#primaryimage"},"image":{"@id":"https:\/\/www.webdo.tn\/fr\/actualite\/national\/inm-l-etna-ne-presente-pas-de-danger-pour-la-tunisie\/215169\/#primaryimage"},"thumbnailUrl":"https:\/\/www.webdo.tn\/fr\/wp-content\/uploads\/2024\/07\/f70fb9548d9ff23032c86d761214011d.webp","datePublished":"2024-07-09T19:47:00+00:00","dateModified":"2025-05-21T09:04:53+00:00","description":"Les derni\u00e8res donn\u00e9es confirment que l'activit\u00e9 de l'Etna n'affecte pas n\u00e9gativement la Tunisie, selon les mesures de dioxyde de soufre et de qualit\u00e9 de l'air.","breadcrumb":{"@id":"https:\/\/www.webdo.tn\/fr\/actualite\/national\/inm-l-etna-ne-presente-pas-de-danger-pour-la-tunisie\/215169\/#breadcrumb"},"inLanguage":"fr-FR","potentialAction":[{"@type":"ReadAction","target":["https:\/\/www.webdo.tn\/fr\/actualite\/national\/inm-l-etna-ne-presente-pas-de-danger-pour-la-tunisie\/215169\/"]}]},{"@type":"ImageObject","inLanguage":"fr-FR","@id":"https:\/\/www.webdo.tn\/fr\/actualite\/national\/inm-l-etna-ne-presente-pas-de-danger-pour-la-tunisie\/215169\/#primaryimage","url":"https:\/\/www.webdo.tn\/fr\/wp-content\/uploads\/2024\/07\/f70fb9548d9ff23032c86d761214011d.webp","contentUrl":"https:\/\/www.webdo.tn\/fr\/wp-content\/uploads\/2024\/07\/f70fb9548d9ff23032c86d761214011d.webp","width":750,"height":400,"caption":"INM : L'Etna ne pr\u00e9sente pas de danger pour la Tunisie"},{"@type":"BreadcrumbList","@id":"https:\/\/www.webdo.tn\/fr\/actualite\/national\/inm-l-etna-ne-presente-pas-de-danger-pour-la-tunisie\/215169\/#breadcrumb","itemListElement":[{"@type":"ListItem","position":1,"name":"Accueil","item":"https:\/\/www.webdo.tn\/fr\/"},{"@type":"ListItem","position":2,"name":"INM : L&#8217;Etna ne pr\u00e9sente pas de danger pour la Tunisie"}]},{"@type":"WebSite","@id":"https:\/\/www.webdo.tn\/fr\/#website","url":"https:\/\/www.webdo.tn\/fr\/","name":"webdo","description":"Tunisie - News en Tunisie et \u00e0 l&#039;international sur Webdo.tn","publisher":{"@id":"https:\/\/www.webdo.tn\/fr\/#organization"},"potentialAction":[{"@type":"SearchAction","target":{"@type":"EntryPoint","urlTemplate":"https:\/\/www.webdo.tn\/fr\/?s={search_term_string}"},"query-input":{"@type":"PropertyValueSpecification","valueRequired":true,"valueName":"search_term_string"}}],"inLanguage":"fr-FR"},{"@type":"Organization","@id":"https:\/\/www.webdo.tn\/fr\/#organization","name":"Webdo","alternateName":"Webdo.tn","url":"https:\/\/www.webdo.tn\/fr\/","logo":{"@type":"ImageObject","inLanguage":"fr-FR","@id":"https:\/\/www.webdo.tn\/fr\/#\/schema\/logo\/image\/","url":"https:\/\/www.webdo.tn\/fr\/wp-content\/uploads\/2025\/06\/Webdo-Tunisie_168377.jpg","contentUrl":"https:\/\/www.webdo.tn\/fr\/wp-content\/uploads\/2025\/06\/Webdo-Tunisie_168377.jpg","width":301,"height":301,"caption":"Webdo"},"image":{"@id":"https:\/\/www.webdo.tn\/fr\/#\/schema\/logo\/image\/"},"sameAs":["https:\/\/www.facebook.com\/webdotn","https:\/\/x.com\/webdo_tn"],"description":"Webdo est un m\u00e9dia num\u00e9rique tunisien fond\u00e9 en 2010, sp\u00e9cialis\u00e9 dans l\u2019actualit\u00e9 nationale et internationale, l\u2019\u00e9conomie, la soci\u00e9t\u00e9 et les analyses politiques. Le site s\u2019adresse \u00e0 un large public francophone et couvre l\u2019information tunisienne en temps r\u00e9el.","email":"redac@webdo.tn","legalName":"YNJ SARL","foundingDate":"2010-09-06","numberOfEmployees":{"@type":"QuantitativeValue","minValue":"11","maxValue":"50"}},{"@type":"Person","@id":"https:\/\/www.webdo.tn\/fr\/#\/schema\/person\/b8a41c04d93287d375510db360906b34","name":"AZ","image":{"@type":"ImageObject","inLanguage":"fr-FR","@id":"https:\/\/secure.gravatar.com\/avatar\/492b80bada79439de4201dce15cd41eece6c277cfdf1b53382073c79105c1f89?s=96&d=mm&r=g","url":"https:\/\/secure.gravatar.com\/avatar\/492b80bada79439de4201dce15cd41eece6c277cfdf1b53382073c79105c1f89?s=96&d=mm&r=g","contentUrl":"https:\/\/secure.gravatar.com\/avatar\/492b80bada79439de4201dce15cd41eece6c277cfdf1b53382073c79105c1f89?s=96&d=mm&r=g","caption":"AZ"},"url":"https:\/\/www.webdo.tn\/fr\/actualite\/author\/az\/"}]}},"_links":{"self":[{"href":"https:\/\/www.webdo.tn\/fr\/wp-json\/wp\/v2\/posts\/215169","targetHints":{"allow":["GET"]}}],"collection":[{"href":"https:\/\/www.webdo.tn\/fr\/wp-json\/wp\/v2\/posts"}],"about":[{"href":"https:\/\/www.webdo.tn\/fr\/wp-json\/wp\/v2\/types\/post"}],"author":[{"embeddable":true,"href":"https:\/\/www.webdo.tn\/fr\/wp-json\/wp\/v2\/users\/3166"}],"replies":[{"embeddable":true,"href":"https:\/\/www.webdo.tn\/fr\/wp-json\/wp\/v2\/comments?post=215169"}],"version-history":[{"count":0,"href":"https:\/\/www.webdo.tn\/fr\/wp-json\/wp\/v2\/posts\/215169\/revisions"}],"wp:featuredmedia":[{"embeddable":true,"href":"https:\/\/www.webdo.tn\/fr\/wp-json\/wp\/v2\/media\/247032"}],"wp:attachment":[{"href":"https:\/\/www.webdo.tn\/fr\/wp-json\/wp\/v2\/media?parent=215169"}],"wp:term":[{"taxonomy":"category","embeddable":true,"href":"https:\/\/www.webdo.tn\/fr\/wp-json\/wp\/v2\/categories?post=215169"},{"taxonomy":"post_tag","embeddable":true,"href":"https:\/\/www.webdo.tn\/fr\/wp-json\/wp\/v2\/tags?post=215169"}],"curies":[{"name":"wp","href":"https:\/\/api.w.org\/{rel}","templated":true}]}}