{"id":215167,"date":"2024-07-09T19:28:00","date_gmt":"2024-07-09T19:28:00","guid":{"rendered":"https:\/\/www.webdo.tn\/fr\/blog\/kamel-akrout-annonce-sa-candidature-a-la-presidentielle-de-2024\/215167\/"},"modified":"2025-05-21T09:04:53","modified_gmt":"2025-05-21T09:04:53","slug":"kamel-akrout-annonce-sa-candidature-a-la-presidentielle-de-2024","status":"publish","type":"post","link":"https:\/\/www.webdo.tn\/fr\/actualite\/national\/kamel-akrout-annonce-sa-candidature-a-la-presidentielle-de-2024\/215167\/","title":{"rendered":"Kamel Akrout annonce sa candidature \u00e0 la pr\u00e9sidentielle de 2024"},"content":{"rendered":"<p>L&rsquo;amiral et ancien conseiller en s\u00e9curit\u00e9 nationale du d\u00e9funt pr\u00e9sident B\u00e9ji Ca\u00efd Essebsi, Kamel Akrout, a officiellement annonc\u00e9 sa candidature \u00e0 l&rsquo;\u00e9lection pr\u00e9sidentielle tunisienne pr\u00e9vue pour le 6 octobre 2024.<\/p>\n<p>\t\t\t\t\t\t\t\t\tL&rsquo;ancien amiral a soulign\u00e9 son engagement envers la s\u00e9curit\u00e9 et la stabilit\u00e9 de la Tunisie, mettant en avant son exp\u00e9rience pass\u00e9e \u00e0 la t\u00eate de la marine tunisienne et en tant que premier conseiller en s\u00e9curit\u00e9 nationale sous le mandat de B\u00e9ji Ca\u00efd Essebsi.<\/p>\n<p>Kamel Akrout avait quitt\u00e9 son poste de conseiller en s\u00e9curit\u00e9 nationale lorsque le pr\u00e9sident actuel, Ka\u00efs Sa\u00efed, est arriv\u00e9 au pouvoir.<\/p>\n","protected":false},"excerpt":{"rendered":"<p>L&rsquo;amiral et ancien conseiller en s\u00e9curit\u00e9 nationale du d\u00e9funt pr\u00e9sident B\u00e9ji Ca\u00efd Essebsi, Kamel Akrout, a annonc\u00e9 sa candidature \u00e0 l&rsquo;\u00e9lection pr\u00e9sidentielle tu&#8230;<\/p>\n","protected":false},"author":3166,"featured_media":247031,"comment_status":"open","ping_status":"closed","sticky":false,"template":"","format":"standard","meta":{"footnotes":""},"categories":[44],"tags":[4428,6184,2608],"class_list":["post-215167","post","type-post","status-publish","format-standard","has-post-thumbnail","hentry","category-national","tag-election-presidentielle","tag-kamel-akrout","tag-tunisie"],"yoast_head":"<!-- This site is optimized with the Yoast SEO Premium plugin v27.4 (Yoast SEO v27.4) - https:\/\/yoast.com\/product\/yoast-seo-premium-wordpress\/ -->\n<title>Kamel Akrout annonce sa candidature \u00e0 la pr\u00e9sidentielle de 2024<\/title>\n<meta name=\"description\" content=\"L&#039;amiral et ancien conseiller en s\u00e9curit\u00e9 nationale du d\u00e9funt pr\u00e9sident B\u00e9ji Ca\u00efd Essebsi, Kamel Akrout, a annonc\u00e9 sa candidature \u00e0 l&#039;\u00e9lection pr\u00e9sidentielle tu...\" \/>\n<link rel=\"canonical\" href=\"https:\/\/www.webdo.tn\/fr\/actualite\/national\/kamel-akrout-annonce-sa-candidature-a-la-presidentielle-de-2024\/215167\/\" \/>\n<meta property=\"og:locale\" content=\"fr_FR\" \/>\n<meta property=\"og:type\" content=\"article\" \/>\n<meta property=\"og:title\" content=\"Kamel Akrout annonce sa candidature \u00e0 la pr\u00e9sidentielle de 2024\" \/>\n<meta property=\"og:description\" content=\"L&#039;amiral et ancien conseiller en s\u00e9curit\u00e9 nationale du d\u00e9funt pr\u00e9sident B\u00e9ji Ca\u00efd Essebsi, Kamel Akrout, a annonc\u00e9 sa candidature \u00e0 l&#039;\u00e9lection pr\u00e9sidentielle tu...\" \/>\n<meta property=\"og:url\" content=\"https:\/\/www.webdo.tn\/fr\/actualite\/national\/kamel-akrout-annonce-sa-candidature-a-la-presidentielle-de-2024\/215167\/\" \/>\n<meta property=\"og:site_name\" content=\"webdo\" \/>\n<meta property=\"article:publisher\" content=\"https:\/\/www.facebook.com\/webdotn\" \/>\n<meta property=\"article:published_time\" content=\"2024-07-09T19:28:00+00:00\" \/>\n<meta property=\"article:modified_time\" content=\"2025-05-21T09:04:53+00:00\" \/>\n<meta property=\"og:image\" content=\"https:\/\/www.webdo.tn\/fr\/wp-content\/uploads\/2024\/07\/7e5a2fef9dcff36c7c27ac12e19fbff7.webp\" \/>\n\t<meta property=\"og:image:width\" content=\"750\" \/>\n\t<meta property=\"og:image:height\" content=\"400\" \/>\n\t<meta property=\"og:image:type\" content=\"image\/webp\" \/>\n<meta name=\"author\" content=\"AZ\" \/>\n<meta name=\"twitter:card\" content=\"summary_large_image\" \/>\n<meta name=\"twitter:creator\" content=\"@webdo_tn\" \/>\n<meta name=\"twitter:site\" content=\"@webdo_tn\" \/>\n<meta name=\"twitter:label1\" content=\"\u00c9crit par\" \/>\n\t<meta name=\"twitter:data1\" content=\"AZ\" \/>\n\t<meta name=\"twitter:label2\" content=\"Dur\u00e9e de lecture estim\u00e9e\" \/>\n\t<meta name=\"twitter:data2\" content=\"1 minute\" \/>\n<script type=\"application\/ld+json\" class=\"yoast-schema-graph\">{\"@context\":\"https:\\\/\\\/schema.org\",\"@graph\":[{\"@type\":\"NewsArticle\",\"@id\":\"https:\\\/\\\/www.webdo.tn\\\/fr\\\/actualite\\\/national\\\/kamel-akrout-annonce-sa-candidature-a-la-presidentielle-de-2024\\\/215167\\\/#article\",\"isPartOf\":{\"@id\":\"https:\\\/\\\/www.webdo.tn\\\/fr\\\/actualite\\\/national\\\/kamel-akrout-annonce-sa-candidature-a-la-presidentielle-de-2024\\\/215167\\\/\"},\"author\":{\"name\":\"AZ\",\"@id\":\"https:\\\/\\\/www.webdo.tn\\\/fr\\\/#\\\/schema\\\/person\\\/b8a41c04d93287d375510db360906b34\"},\"headline\":\"Kamel Akrout annonce sa candidature \u00e0 la pr\u00e9sidentielle de 2024\",\"datePublished\":\"2024-07-09T19:28:00+00:00\",\"dateModified\":\"2025-05-21T09:04:53+00:00\",\"mainEntityOfPage\":{\"@id\":\"https:\\\/\\\/www.webdo.tn\\\/fr\\\/actualite\\\/national\\\/kamel-akrout-annonce-sa-candidature-a-la-presidentielle-de-2024\\\/215167\\\/\"},\"wordCount\":121,\"commentCount\":0,\"publisher\":{\"@id\":\"https:\\\/\\\/www.webdo.tn\\\/fr\\\/#organization\"},\"image\":{\"@id\":\"https:\\\/\\\/www.webdo.tn\\\/fr\\\/actualite\\\/national\\\/kamel-akrout-annonce-sa-candidature-a-la-presidentielle-de-2024\\\/215167\\\/#primaryimage\"},\"thumbnailUrl\":\"https:\\\/\\\/www.webdo.tn\\\/fr\\\/wp-content\\\/uploads\\\/2024\\\/07\\\/7e5a2fef9dcff36c7c27ac12e19fbff7.webp\",\"keywords\":[\"\u00e9lection pr\u00e9sidentielle\",\"Kamel Akrout\",\"Tunisie\"],\"articleSection\":[\"National\"],\"inLanguage\":\"fr-FR\"},{\"@type\":\"WebPage\",\"@id\":\"https:\\\/\\\/www.webdo.tn\\\/fr\\\/actualite\\\/national\\\/kamel-akrout-annonce-sa-candidature-a-la-presidentielle-de-2024\\\/215167\\\/\",\"url\":\"https:\\\/\\\/www.webdo.tn\\\/fr\\\/actualite\\\/national\\\/kamel-akrout-annonce-sa-candidature-a-la-presidentielle-de-2024\\\/215167\\\/\",\"name\":\"Kamel Akrout annonce sa candidature \u00e0 la pr\u00e9sidentielle de 2024\",\"isPartOf\":{\"@id\":\"https:\\\/\\\/www.webdo.tn\\\/fr\\\/#website\"},\"primaryImageOfPage\":{\"@id\":\"https:\\\/\\\/www.webdo.tn\\\/fr\\\/actualite\\\/national\\\/kamel-akrout-annonce-sa-candidature-a-la-presidentielle-de-2024\\\/215167\\\/#primaryimage\"},\"image\":{\"@id\":\"https:\\\/\\\/www.webdo.tn\\\/fr\\\/actualite\\\/national\\\/kamel-akrout-annonce-sa-candidature-a-la-presidentielle-de-2024\\\/215167\\\/#primaryimage\"},\"thumbnailUrl\":\"https:\\\/\\\/www.webdo.tn\\\/fr\\\/wp-content\\\/uploads\\\/2024\\\/07\\\/7e5a2fef9dcff36c7c27ac12e19fbff7.webp\",\"datePublished\":\"2024-07-09T19:28:00+00:00\",\"dateModified\":\"2025-05-21T09:04:53+00:00\",\"description\":\"L'amiral et ancien conseiller en s\u00e9curit\u00e9 nationale du d\u00e9funt pr\u00e9sident B\u00e9ji Ca\u00efd Essebsi, Kamel Akrout, a annonc\u00e9 sa candidature \u00e0 l'\u00e9lection pr\u00e9sidentielle tu...\",\"breadcrumb\":{\"@id\":\"https:\\\/\\\/www.webdo.tn\\\/fr\\\/actualite\\\/national\\\/kamel-akrout-annonce-sa-candidature-a-la-presidentielle-de-2024\\\/215167\\\/#breadcrumb\"},\"inLanguage\":\"fr-FR\",\"potentialAction\":[{\"@type\":\"ReadAction\",\"target\":[\"https:\\\/\\\/www.webdo.tn\\\/fr\\\/actualite\\\/national\\\/kamel-akrout-annonce-sa-candidature-a-la-presidentielle-de-2024\\\/215167\\\/\"]}]},{\"@type\":\"ImageObject\",\"inLanguage\":\"fr-FR\",\"@id\":\"https:\\\/\\\/www.webdo.tn\\\/fr\\\/actualite\\\/national\\\/kamel-akrout-annonce-sa-candidature-a-la-presidentielle-de-2024\\\/215167\\\/#primaryimage\",\"url\":\"https:\\\/\\\/www.webdo.tn\\\/fr\\\/wp-content\\\/uploads\\\/2024\\\/07\\\/7e5a2fef9dcff36c7c27ac12e19fbff7.webp\",\"contentUrl\":\"https:\\\/\\\/www.webdo.tn\\\/fr\\\/wp-content\\\/uploads\\\/2024\\\/07\\\/7e5a2fef9dcff36c7c27ac12e19fbff7.webp\",\"width\":750,\"height\":400,\"caption\":\"Kamel Akrout annonce sa candidature \u00e0 la pr\u00e9sidentielle de 2024\"},{\"@type\":\"BreadcrumbList\",\"@id\":\"https:\\\/\\\/www.webdo.tn\\\/fr\\\/actualite\\\/national\\\/kamel-akrout-annonce-sa-candidature-a-la-presidentielle-de-2024\\\/215167\\\/#breadcrumb\",\"itemListElement\":[{\"@type\":\"ListItem\",\"position\":1,\"name\":\"Accueil\",\"item\":\"https:\\\/\\\/www.webdo.tn\\\/fr\\\/\"},{\"@type\":\"ListItem\",\"position\":2,\"name\":\"Kamel Akrout annonce sa candidature \u00e0 la pr\u00e9sidentielle de 2024\"}]},{\"@type\":\"WebSite\",\"@id\":\"https:\\\/\\\/www.webdo.tn\\\/fr\\\/#website\",\"url\":\"https:\\\/\\\/www.webdo.tn\\\/fr\\\/\",\"name\":\"webdo\",\"description\":\"Tunisie - News en Tunisie et \u00e0 l&#039;international sur Webdo.tn\",\"publisher\":{\"@id\":\"https:\\\/\\\/www.webdo.tn\\\/fr\\\/#organization\"},\"potentialAction\":[{\"@type\":\"SearchAction\",\"target\":{\"@type\":\"EntryPoint\",\"urlTemplate\":\"https:\\\/\\\/www.webdo.tn\\\/fr\\\/?s={search_term_string}\"},\"query-input\":{\"@type\":\"PropertyValueSpecification\",\"valueRequired\":true,\"valueName\":\"search_term_string\"}}],\"inLanguage\":\"fr-FR\"},{\"@type\":\"Organization\",\"@id\":\"https:\\\/\\\/www.webdo.tn\\\/fr\\\/#organization\",\"name\":\"Webdo\",\"alternateName\":\"Webdo.tn\",\"url\":\"https:\\\/\\\/www.webdo.tn\\\/fr\\\/\",\"logo\":{\"@type\":\"ImageObject\",\"inLanguage\":\"fr-FR\",\"@id\":\"https:\\\/\\\/www.webdo.tn\\\/fr\\\/#\\\/schema\\\/logo\\\/image\\\/\",\"url\":\"https:\\\/\\\/www.webdo.tn\\\/fr\\\/wp-content\\\/uploads\\\/2025\\\/06\\\/Webdo-Tunisie_168377.jpg\",\"contentUrl\":\"https:\\\/\\\/www.webdo.tn\\\/fr\\\/wp-content\\\/uploads\\\/2025\\\/06\\\/Webdo-Tunisie_168377.jpg\",\"width\":301,\"height\":301,\"caption\":\"Webdo\"},\"image\":{\"@id\":\"https:\\\/\\\/www.webdo.tn\\\/fr\\\/#\\\/schema\\\/logo\\\/image\\\/\"},\"sameAs\":[\"https:\\\/\\\/www.facebook.com\\\/webdotn\",\"https:\\\/\\\/x.com\\\/webdo_tn\"],\"description\":\"Webdo est un m\u00e9dia num\u00e9rique tunisien fond\u00e9 en 2010, sp\u00e9cialis\u00e9 dans l\u2019actualit\u00e9 nationale et internationale, l\u2019\u00e9conomie, la soci\u00e9t\u00e9 et les analyses politiques. Le site s\u2019adresse \u00e0 un large public francophone et couvre l\u2019information tunisienne en temps r\u00e9el.\",\"email\":\"redac@webdo.tn\",\"legalName\":\"YNJ SARL\",\"foundingDate\":\"2010-09-06\",\"numberOfEmployees\":{\"@type\":\"QuantitativeValue\",\"minValue\":\"11\",\"maxValue\":\"50\"}},{\"@type\":\"Person\",\"@id\":\"https:\\\/\\\/www.webdo.tn\\\/fr\\\/#\\\/schema\\\/person\\\/b8a41c04d93287d375510db360906b34\",\"name\":\"AZ\",\"image\":{\"@type\":\"ImageObject\",\"inLanguage\":\"fr-FR\",\"@id\":\"https:\\\/\\\/secure.gravatar.com\\\/avatar\\\/492b80bada79439de4201dce15cd41eece6c277cfdf1b53382073c79105c1f89?s=96&d=mm&r=g\",\"url\":\"https:\\\/\\\/secure.gravatar.com\\\/avatar\\\/492b80bada79439de4201dce15cd41eece6c277cfdf1b53382073c79105c1f89?s=96&d=mm&r=g\",\"contentUrl\":\"https:\\\/\\\/secure.gravatar.com\\\/avatar\\\/492b80bada79439de4201dce15cd41eece6c277cfdf1b53382073c79105c1f89?s=96&d=mm&r=g\",\"caption\":\"AZ\"},\"url\":\"https:\\\/\\\/www.webdo.tn\\\/fr\\\/actualite\\\/author\\\/az\\\/\"}]}<\/script>\n<!-- \/ Yoast SEO Premium plugin. -->","yoast_head_json":{"title":"Kamel Akrout annonce sa candidature \u00e0 la pr\u00e9sidentielle de 2024","description":"L'amiral et ancien conseiller en s\u00e9curit\u00e9 nationale du d\u00e9funt pr\u00e9sident B\u00e9ji Ca\u00efd Essebsi, Kamel Akrout, a annonc\u00e9 sa candidature \u00e0 l'\u00e9lection pr\u00e9sidentielle tu...","canonical":"https:\/\/www.webdo.tn\/fr\/actualite\/national\/kamel-akrout-annonce-sa-candidature-a-la-presidentielle-de-2024\/215167\/","og_locale":"fr_FR","og_type":"article","og_title":"Kamel Akrout annonce sa candidature \u00e0 la pr\u00e9sidentielle de 2024","og_description":"L'amiral et ancien conseiller en s\u00e9curit\u00e9 nationale du d\u00e9funt pr\u00e9sident B\u00e9ji Ca\u00efd Essebsi, Kamel Akrout, a annonc\u00e9 sa candidature \u00e0 l'\u00e9lection pr\u00e9sidentielle tu...","og_url":"https:\/\/www.webdo.tn\/fr\/actualite\/national\/kamel-akrout-annonce-sa-candidature-a-la-presidentielle-de-2024\/215167\/","og_site_name":"webdo","article_publisher":"https:\/\/www.facebook.com\/webdotn","article_published_time":"2024-07-09T19:28:00+00:00","article_modified_time":"2025-05-21T09:04:53+00:00","og_image":[{"width":750,"height":400,"url":"https:\/\/www.webdo.tn\/fr\/wp-content\/uploads\/2024\/07\/7e5a2fef9dcff36c7c27ac12e19fbff7.webp","type":"image\/webp"}],"author":"AZ","twitter_card":"summary_large_image","twitter_creator":"@webdo_tn","twitter_site":"@webdo_tn","twitter_misc":{"\u00c9crit par":"AZ","Dur\u00e9e de lecture estim\u00e9e":"1 minute"},"schema":{"@context":"https:\/\/schema.org","@graph":[{"@type":"NewsArticle","@id":"https:\/\/www.webdo.tn\/fr\/actualite\/national\/kamel-akrout-annonce-sa-candidature-a-la-presidentielle-de-2024\/215167\/#article","isPartOf":{"@id":"https:\/\/www.webdo.tn\/fr\/actualite\/national\/kamel-akrout-annonce-sa-candidature-a-la-presidentielle-de-2024\/215167\/"},"author":{"name":"AZ","@id":"https:\/\/www.webdo.tn\/fr\/#\/schema\/person\/b8a41c04d93287d375510db360906b34"},"headline":"Kamel Akrout annonce sa candidature \u00e0 la pr\u00e9sidentielle de 2024","datePublished":"2024-07-09T19:28:00+00:00","dateModified":"2025-05-21T09:04:53+00:00","mainEntityOfPage":{"@id":"https:\/\/www.webdo.tn\/fr\/actualite\/national\/kamel-akrout-annonce-sa-candidature-a-la-presidentielle-de-2024\/215167\/"},"wordCount":121,"commentCount":0,"publisher":{"@id":"https:\/\/www.webdo.tn\/fr\/#organization"},"image":{"@id":"https:\/\/www.webdo.tn\/fr\/actualite\/national\/kamel-akrout-annonce-sa-candidature-a-la-presidentielle-de-2024\/215167\/#primaryimage"},"thumbnailUrl":"https:\/\/www.webdo.tn\/fr\/wp-content\/uploads\/2024\/07\/7e5a2fef9dcff36c7c27ac12e19fbff7.webp","keywords":["\u00e9lection pr\u00e9sidentielle","Kamel Akrout","Tunisie"],"articleSection":["National"],"inLanguage":"fr-FR"},{"@type":"WebPage","@id":"https:\/\/www.webdo.tn\/fr\/actualite\/national\/kamel-akrout-annonce-sa-candidature-a-la-presidentielle-de-2024\/215167\/","url":"https:\/\/www.webdo.tn\/fr\/actualite\/national\/kamel-akrout-annonce-sa-candidature-a-la-presidentielle-de-2024\/215167\/","name":"Kamel Akrout annonce sa candidature \u00e0 la pr\u00e9sidentielle de 2024","isPartOf":{"@id":"https:\/\/www.webdo.tn\/fr\/#website"},"primaryImageOfPage":{"@id":"https:\/\/www.webdo.tn\/fr\/actualite\/national\/kamel-akrout-annonce-sa-candidature-a-la-presidentielle-de-2024\/215167\/#primaryimage"},"image":{"@id":"https:\/\/www.webdo.tn\/fr\/actualite\/national\/kamel-akrout-annonce-sa-candidature-a-la-presidentielle-de-2024\/215167\/#primaryimage"},"thumbnailUrl":"https:\/\/www.webdo.tn\/fr\/wp-content\/uploads\/2024\/07\/7e5a2fef9dcff36c7c27ac12e19fbff7.webp","datePublished":"2024-07-09T19:28:00+00:00","dateModified":"2025-05-21T09:04:53+00:00","description":"L'amiral et ancien conseiller en s\u00e9curit\u00e9 nationale du d\u00e9funt pr\u00e9sident B\u00e9ji Ca\u00efd Essebsi, Kamel Akrout, a annonc\u00e9 sa candidature \u00e0 l'\u00e9lection pr\u00e9sidentielle tu...","breadcrumb":{"@id":"https:\/\/www.webdo.tn\/fr\/actualite\/national\/kamel-akrout-annonce-sa-candidature-a-la-presidentielle-de-2024\/215167\/#breadcrumb"},"inLanguage":"fr-FR","potentialAction":[{"@type":"ReadAction","target":["https:\/\/www.webdo.tn\/fr\/actualite\/national\/kamel-akrout-annonce-sa-candidature-a-la-presidentielle-de-2024\/215167\/"]}]},{"@type":"ImageObject","inLanguage":"fr-FR","@id":"https:\/\/www.webdo.tn\/fr\/actualite\/national\/kamel-akrout-annonce-sa-candidature-a-la-presidentielle-de-2024\/215167\/#primaryimage","url":"https:\/\/www.webdo.tn\/fr\/wp-content\/uploads\/2024\/07\/7e5a2fef9dcff36c7c27ac12e19fbff7.webp","contentUrl":"https:\/\/www.webdo.tn\/fr\/wp-content\/uploads\/2024\/07\/7e5a2fef9dcff36c7c27ac12e19fbff7.webp","width":750,"height":400,"caption":"Kamel Akrout annonce sa candidature \u00e0 la pr\u00e9sidentielle de 2024"},{"@type":"BreadcrumbList","@id":"https:\/\/www.webdo.tn\/fr\/actualite\/national\/kamel-akrout-annonce-sa-candidature-a-la-presidentielle-de-2024\/215167\/#breadcrumb","itemListElement":[{"@type":"ListItem","position":1,"name":"Accueil","item":"https:\/\/www.webdo.tn\/fr\/"},{"@type":"ListItem","position":2,"name":"Kamel Akrout annonce sa candidature \u00e0 la pr\u00e9sidentielle de 2024"}]},{"@type":"WebSite","@id":"https:\/\/www.webdo.tn\/fr\/#website","url":"https:\/\/www.webdo.tn\/fr\/","name":"webdo","description":"Tunisie - News en Tunisie et \u00e0 l&#039;international sur Webdo.tn","publisher":{"@id":"https:\/\/www.webdo.tn\/fr\/#organization"},"potentialAction":[{"@type":"SearchAction","target":{"@type":"EntryPoint","urlTemplate":"https:\/\/www.webdo.tn\/fr\/?s={search_term_string}"},"query-input":{"@type":"PropertyValueSpecification","valueRequired":true,"valueName":"search_term_string"}}],"inLanguage":"fr-FR"},{"@type":"Organization","@id":"https:\/\/www.webdo.tn\/fr\/#organization","name":"Webdo","alternateName":"Webdo.tn","url":"https:\/\/www.webdo.tn\/fr\/","logo":{"@type":"ImageObject","inLanguage":"fr-FR","@id":"https:\/\/www.webdo.tn\/fr\/#\/schema\/logo\/image\/","url":"https:\/\/www.webdo.tn\/fr\/wp-content\/uploads\/2025\/06\/Webdo-Tunisie_168377.jpg","contentUrl":"https:\/\/www.webdo.tn\/fr\/wp-content\/uploads\/2025\/06\/Webdo-Tunisie_168377.jpg","width":301,"height":301,"caption":"Webdo"},"image":{"@id":"https:\/\/www.webdo.tn\/fr\/#\/schema\/logo\/image\/"},"sameAs":["https:\/\/www.facebook.com\/webdotn","https:\/\/x.com\/webdo_tn"],"description":"Webdo est un m\u00e9dia num\u00e9rique tunisien fond\u00e9 en 2010, sp\u00e9cialis\u00e9 dans l\u2019actualit\u00e9 nationale et internationale, l\u2019\u00e9conomie, la soci\u00e9t\u00e9 et les analyses politiques. Le site s\u2019adresse \u00e0 un large public francophone et couvre l\u2019information tunisienne en temps r\u00e9el.","email":"redac@webdo.tn","legalName":"YNJ SARL","foundingDate":"2010-09-06","numberOfEmployees":{"@type":"QuantitativeValue","minValue":"11","maxValue":"50"}},{"@type":"Person","@id":"https:\/\/www.webdo.tn\/fr\/#\/schema\/person\/b8a41c04d93287d375510db360906b34","name":"AZ","image":{"@type":"ImageObject","inLanguage":"fr-FR","@id":"https:\/\/secure.gravatar.com\/avatar\/492b80bada79439de4201dce15cd41eece6c277cfdf1b53382073c79105c1f89?s=96&d=mm&r=g","url":"https:\/\/secure.gravatar.com\/avatar\/492b80bada79439de4201dce15cd41eece6c277cfdf1b53382073c79105c1f89?s=96&d=mm&r=g","contentUrl":"https:\/\/secure.gravatar.com\/avatar\/492b80bada79439de4201dce15cd41eece6c277cfdf1b53382073c79105c1f89?s=96&d=mm&r=g","caption":"AZ"},"url":"https:\/\/www.webdo.tn\/fr\/actualite\/author\/az\/"}]}},"_links":{"self":[{"href":"https:\/\/www.webdo.tn\/fr\/wp-json\/wp\/v2\/posts\/215167","targetHints":{"allow":["GET"]}}],"collection":[{"href":"https:\/\/www.webdo.tn\/fr\/wp-json\/wp\/v2\/posts"}],"about":[{"href":"https:\/\/www.webdo.tn\/fr\/wp-json\/wp\/v2\/types\/post"}],"author":[{"embeddable":true,"href":"https:\/\/www.webdo.tn\/fr\/wp-json\/wp\/v2\/users\/3166"}],"replies":[{"embeddable":true,"href":"https:\/\/www.webdo.tn\/fr\/wp-json\/wp\/v2\/comments?post=215167"}],"version-history":[{"count":0,"href":"https:\/\/www.webdo.tn\/fr\/wp-json\/wp\/v2\/posts\/215167\/revisions"}],"wp:featuredmedia":[{"embeddable":true,"href":"https:\/\/www.webdo.tn\/fr\/wp-json\/wp\/v2\/media\/247031"}],"wp:attachment":[{"href":"https:\/\/www.webdo.tn\/fr\/wp-json\/wp\/v2\/media?parent=215167"}],"wp:term":[{"taxonomy":"category","embeddable":true,"href":"https:\/\/www.webdo.tn\/fr\/wp-json\/wp\/v2\/categories?post=215167"},{"taxonomy":"post_tag","embeddable":true,"href":"https:\/\/www.webdo.tn\/fr\/wp-json\/wp\/v2\/tags?post=215167"}],"curies":[{"name":"wp","href":"https:\/\/api.w.org\/{rel}","templated":true}]}}