{"id":215158,"date":"2024-07-09T12:53:00","date_gmt":"2024-07-09T12:53:00","guid":{"rendered":"https:\/\/www.webdo.tn\/fr\/blog\/tunisie-justice-militaire-l-article-sur-la-desertion-amende\/215158\/"},"modified":"2025-05-20T22:35:51","modified_gmt":"2025-05-20T22:35:51","slug":"tunisie-justice-militaire-l-article-sur-la-desertion-amende","status":"publish","type":"post","link":"https:\/\/www.webdo.tn\/fr\/actualite\/national\/tunisie-justice-militaire-l-article-sur-la-desertion-amende\/215158\/","title":{"rendered":"Tunisie &#8211; Justice militaire : L&rsquo;article sur la d\u00e9sertion amend\u00e9"},"content":{"rendered":"<p>Un projet de loi amendant l&rsquo;article 68 et compl\u00e9tant l&rsquo;article 20 du Code de justice militaire a \u00e9t\u00e9 approuv\u00e9 aujourd\u2019hui \u00e0 l\u2019ARP.<\/p>\n<p>\t\t\t\t\t\t\t\t\tUn projet de loi amendant l&rsquo;article 68 et compl\u00e9tant l&rsquo;article 20 du Code de justice militaire a \u00e9t\u00e9 examin\u00e9 avant d\u2019\u00eatre approuv\u00e9 ce mardi 9 juillet 2024 \u00e0 l&rsquo;Assembl\u00e9e des repr\u00e9sentants du peuple.<\/p>\n<p>Ce projet de loi, propos\u00e9 par la pr\u00e9sidence de la R\u00e9publique, selon le minist\u00e8re de la D\u00e9fense, a pour objectif d\u2019amender l\u2019article 68 du Code de justice militaire relatif \u00e0 la d\u00e9sertion des militaires vers des pays \u00e9trangers et afin de mettre en place des pr\u00e9cautions quant \u00e0 cette pratique.<\/p>\n<p>L&rsquo;article 68 amend\u00e9 stipule qu&rsquo;il est d\u00e9serteur \u00e0 l&rsquo;\u00e9tranger, en temps de paix, tout militaire ou assimil\u00e9 qui franchit les fronti\u00e8res du territoire tunisien sans autorisation et abandonne le corps auquel il appartient et passe dans un pays \u00e9tranger et ce, apr\u00e8s une absence ill\u00e9gale de trois jours. Le d\u00e9lai est r\u00e9duit \u00e0 un jour, en temps de guerre.<\/p>\n","protected":false},"excerpt":{"rendered":"<p>Un projet de loi amendant l&rsquo;article 68 et compl\u00e9tant l&rsquo;article 20 du Code de justice militaire a \u00e9t\u00e9 examin\u00e9 avant d\u2019\u00eatre approuv\u00e9 ce mardi 9 juillet 2024 \u00e0 l&rsquo;A&#8230;<\/p>\n","protected":false},"author":3175,"featured_media":247029,"comment_status":"open","ping_status":"closed","sticky":false,"template":"","format":"standard","meta":{"footnotes":""},"categories":[44],"tags":[2814,6183,3859,2608],"class_list":["post-215158","post","type-post","status-publish","format-standard","has-post-thumbnail","hentry","category-national","tag-amendement","tag-desertion","tag-justice-militaire","tag-tunisie"],"yoast_head":"<!-- This site is optimized with the Yoast SEO Premium plugin v27.5 (Yoast SEO v27.5) - https:\/\/yoast.com\/product\/yoast-seo-premium-wordpress\/ -->\n<title>Tunisie - Justice militaire : L&#039;article sur la d\u00e9sertion amend\u00e9<\/title>\n<meta name=\"description\" content=\"Un projet de loi amendant l&#039;article 68 et compl\u00e9tant l&#039;article 20 du Code de justice militaire a \u00e9t\u00e9 examin\u00e9 avant d\u2019\u00eatre approuv\u00e9 ce mardi 9 juillet 2024 \u00e0 l&#039;A...\" \/>\n<link rel=\"canonical\" href=\"https:\/\/www.webdo.tn\/fr\/actualite\/national\/tunisie-justice-militaire-l-article-sur-la-desertion-amende\/215158\/\" \/>\n<meta property=\"og:locale\" content=\"fr_FR\" \/>\n<meta property=\"og:type\" content=\"article\" \/>\n<meta property=\"og:title\" content=\"Tunisie - Justice militaire : L&#039;article sur la d\u00e9sertion amend\u00e9\" \/>\n<meta property=\"og:description\" content=\"Un projet de loi amendant l&#039;article 68 et compl\u00e9tant l&#039;article 20 du Code de justice militaire a \u00e9t\u00e9 examin\u00e9 avant d\u2019\u00eatre approuv\u00e9 ce mardi 9 juillet 2024 \u00e0 l&#039;A...\" \/>\n<meta property=\"og:url\" content=\"https:\/\/www.webdo.tn\/fr\/actualite\/national\/tunisie-justice-militaire-l-article-sur-la-desertion-amende\/215158\/\" \/>\n<meta property=\"og:site_name\" content=\"webdo\" \/>\n<meta property=\"article:publisher\" content=\"https:\/\/www.facebook.com\/webdotn\" \/>\n<meta property=\"article:published_time\" content=\"2024-07-09T12:53:00+00:00\" \/>\n<meta property=\"article:modified_time\" content=\"2025-05-20T22:35:51+00:00\" \/>\n<meta property=\"og:image\" content=\"https:\/\/www.webdo.tn\/fr\/wp-content\/uploads\/2024\/07\/0dc5cd97d42716e91c5ecacfa3816a56.webp\" \/>\n\t<meta property=\"og:image:width\" content=\"750\" \/>\n\t<meta property=\"og:image:height\" content=\"400\" \/>\n\t<meta property=\"og:image:type\" content=\"image\/webp\" \/>\n<meta name=\"author\" content=\"CL\" \/>\n<meta name=\"twitter:card\" content=\"summary_large_image\" \/>\n<meta name=\"twitter:creator\" content=\"@webdo_tn\" \/>\n<meta name=\"twitter:site\" content=\"@webdo_tn\" \/>\n<meta name=\"twitter:label1\" content=\"\u00c9crit par\" \/>\n\t<meta name=\"twitter:data1\" content=\"CL\" \/>\n\t<meta name=\"twitter:label2\" content=\"Dur\u00e9e de lecture estim\u00e9e\" \/>\n\t<meta name=\"twitter:data2\" content=\"1 minute\" \/>\n<script type=\"application\/ld+json\" class=\"yoast-schema-graph\">{\"@context\":\"https:\\\/\\\/schema.org\",\"@graph\":[{\"@type\":\"NewsArticle\",\"@id\":\"https:\\\/\\\/www.webdo.tn\\\/fr\\\/actualite\\\/national\\\/tunisie-justice-militaire-l-article-sur-la-desertion-amende\\\/215158\\\/#article\",\"isPartOf\":{\"@id\":\"https:\\\/\\\/www.webdo.tn\\\/fr\\\/actualite\\\/national\\\/tunisie-justice-militaire-l-article-sur-la-desertion-amende\\\/215158\\\/\"},\"author\":{\"name\":\"CL\",\"@id\":\"https:\\\/\\\/www.webdo.tn\\\/fr\\\/#\\\/schema\\\/person\\\/f35b42a42c5e2511bbd282959d6385cc\"},\"headline\":\"Tunisie &#8211; Justice militaire : L&rsquo;article sur la d\u00e9sertion amend\u00e9\",\"datePublished\":\"2024-07-09T12:53:00+00:00\",\"dateModified\":\"2025-05-20T22:35:51+00:00\",\"mainEntityOfPage\":{\"@id\":\"https:\\\/\\\/www.webdo.tn\\\/fr\\\/actualite\\\/national\\\/tunisie-justice-militaire-l-article-sur-la-desertion-amende\\\/215158\\\/\"},\"wordCount\":190,\"commentCount\":0,\"publisher\":{\"@id\":\"https:\\\/\\\/www.webdo.tn\\\/fr\\\/#organization\"},\"image\":{\"@id\":\"https:\\\/\\\/www.webdo.tn\\\/fr\\\/actualite\\\/national\\\/tunisie-justice-militaire-l-article-sur-la-desertion-amende\\\/215158\\\/#primaryimage\"},\"thumbnailUrl\":\"https:\\\/\\\/www.webdo.tn\\\/fr\\\/wp-content\\\/uploads\\\/2024\\\/07\\\/0dc5cd97d42716e91c5ecacfa3816a56.webp\",\"keywords\":[\"Amendement\",\"d\u00e9sertion\",\"justice militaire\",\"Tunisie\"],\"articleSection\":[\"National\"],\"inLanguage\":\"fr-FR\"},{\"@type\":\"WebPage\",\"@id\":\"https:\\\/\\\/www.webdo.tn\\\/fr\\\/actualite\\\/national\\\/tunisie-justice-militaire-l-article-sur-la-desertion-amende\\\/215158\\\/\",\"url\":\"https:\\\/\\\/www.webdo.tn\\\/fr\\\/actualite\\\/national\\\/tunisie-justice-militaire-l-article-sur-la-desertion-amende\\\/215158\\\/\",\"name\":\"Tunisie - Justice militaire : L'article sur la d\u00e9sertion amend\u00e9\",\"isPartOf\":{\"@id\":\"https:\\\/\\\/www.webdo.tn\\\/fr\\\/#website\"},\"primaryImageOfPage\":{\"@id\":\"https:\\\/\\\/www.webdo.tn\\\/fr\\\/actualite\\\/national\\\/tunisie-justice-militaire-l-article-sur-la-desertion-amende\\\/215158\\\/#primaryimage\"},\"image\":{\"@id\":\"https:\\\/\\\/www.webdo.tn\\\/fr\\\/actualite\\\/national\\\/tunisie-justice-militaire-l-article-sur-la-desertion-amende\\\/215158\\\/#primaryimage\"},\"thumbnailUrl\":\"https:\\\/\\\/www.webdo.tn\\\/fr\\\/wp-content\\\/uploads\\\/2024\\\/07\\\/0dc5cd97d42716e91c5ecacfa3816a56.webp\",\"datePublished\":\"2024-07-09T12:53:00+00:00\",\"dateModified\":\"2025-05-20T22:35:51+00:00\",\"description\":\"Un projet de loi amendant l'article 68 et compl\u00e9tant l'article 20 du Code de justice militaire a \u00e9t\u00e9 examin\u00e9 avant d\u2019\u00eatre approuv\u00e9 ce mardi 9 juillet 2024 \u00e0 l'A...\",\"breadcrumb\":{\"@id\":\"https:\\\/\\\/www.webdo.tn\\\/fr\\\/actualite\\\/national\\\/tunisie-justice-militaire-l-article-sur-la-desertion-amende\\\/215158\\\/#breadcrumb\"},\"inLanguage\":\"fr-FR\",\"potentialAction\":[{\"@type\":\"ReadAction\",\"target\":[\"https:\\\/\\\/www.webdo.tn\\\/fr\\\/actualite\\\/national\\\/tunisie-justice-militaire-l-article-sur-la-desertion-amende\\\/215158\\\/\"]}]},{\"@type\":\"ImageObject\",\"inLanguage\":\"fr-FR\",\"@id\":\"https:\\\/\\\/www.webdo.tn\\\/fr\\\/actualite\\\/national\\\/tunisie-justice-militaire-l-article-sur-la-desertion-amende\\\/215158\\\/#primaryimage\",\"url\":\"https:\\\/\\\/www.webdo.tn\\\/fr\\\/wp-content\\\/uploads\\\/2024\\\/07\\\/0dc5cd97d42716e91c5ecacfa3816a56.webp\",\"contentUrl\":\"https:\\\/\\\/www.webdo.tn\\\/fr\\\/wp-content\\\/uploads\\\/2024\\\/07\\\/0dc5cd97d42716e91c5ecacfa3816a56.webp\",\"width\":750,\"height\":400,\"caption\":\"Tunisie - Justice militaire : L'article sur la d\u00e9sertion amend\u00e9\"},{\"@type\":\"BreadcrumbList\",\"@id\":\"https:\\\/\\\/www.webdo.tn\\\/fr\\\/actualite\\\/national\\\/tunisie-justice-militaire-l-article-sur-la-desertion-amende\\\/215158\\\/#breadcrumb\",\"itemListElement\":[{\"@type\":\"ListItem\",\"position\":1,\"name\":\"Accueil\",\"item\":\"https:\\\/\\\/www.webdo.tn\\\/fr\\\/\"},{\"@type\":\"ListItem\",\"position\":2,\"name\":\"Tunisie &#8211; Justice militaire : L&#8217;article sur la d\u00e9sertion amend\u00e9\"}]},{\"@type\":\"WebSite\",\"@id\":\"https:\\\/\\\/www.webdo.tn\\\/fr\\\/#website\",\"url\":\"https:\\\/\\\/www.webdo.tn\\\/fr\\\/\",\"name\":\"webdo\",\"description\":\"Tunisie - News en Tunisie et \u00e0 l&#039;international sur Webdo.tn\",\"publisher\":{\"@id\":\"https:\\\/\\\/www.webdo.tn\\\/fr\\\/#organization\"},\"potentialAction\":[{\"@type\":\"SearchAction\",\"target\":{\"@type\":\"EntryPoint\",\"urlTemplate\":\"https:\\\/\\\/www.webdo.tn\\\/fr\\\/?s={search_term_string}\"},\"query-input\":{\"@type\":\"PropertyValueSpecification\",\"valueRequired\":true,\"valueName\":\"search_term_string\"}}],\"inLanguage\":\"fr-FR\"},{\"@type\":\"Organization\",\"@id\":\"https:\\\/\\\/www.webdo.tn\\\/fr\\\/#organization\",\"name\":\"Webdo\",\"alternateName\":\"Webdo.tn\",\"url\":\"https:\\\/\\\/www.webdo.tn\\\/fr\\\/\",\"logo\":{\"@type\":\"ImageObject\",\"inLanguage\":\"fr-FR\",\"@id\":\"https:\\\/\\\/www.webdo.tn\\\/fr\\\/#\\\/schema\\\/logo\\\/image\\\/\",\"url\":\"https:\\\/\\\/www.webdo.tn\\\/fr\\\/wp-content\\\/uploads\\\/2025\\\/06\\\/Webdo-Tunisie_168377.jpg\",\"contentUrl\":\"https:\\\/\\\/www.webdo.tn\\\/fr\\\/wp-content\\\/uploads\\\/2025\\\/06\\\/Webdo-Tunisie_168377.jpg\",\"width\":301,\"height\":301,\"caption\":\"Webdo\"},\"image\":{\"@id\":\"https:\\\/\\\/www.webdo.tn\\\/fr\\\/#\\\/schema\\\/logo\\\/image\\\/\"},\"sameAs\":[\"https:\\\/\\\/www.facebook.com\\\/webdotn\",\"https:\\\/\\\/x.com\\\/webdo_tn\"],\"description\":\"Webdo est un m\u00e9dia num\u00e9rique tunisien fond\u00e9 en 2010, sp\u00e9cialis\u00e9 dans l\u2019actualit\u00e9 nationale et internationale, l\u2019\u00e9conomie, la soci\u00e9t\u00e9 et les analyses politiques. Le site s\u2019adresse \u00e0 un large public francophone et couvre l\u2019information tunisienne en temps r\u00e9el.\",\"email\":\"redac@webdo.tn\",\"legalName\":\"YNJ SARL\",\"foundingDate\":\"2010-09-06\",\"numberOfEmployees\":{\"@type\":\"QuantitativeValue\",\"minValue\":\"11\",\"maxValue\":\"50\"}},{\"@type\":\"Person\",\"@id\":\"https:\\\/\\\/www.webdo.tn\\\/fr\\\/#\\\/schema\\\/person\\\/f35b42a42c5e2511bbd282959d6385cc\",\"name\":\"CL\",\"image\":{\"@type\":\"ImageObject\",\"inLanguage\":\"fr-FR\",\"@id\":\"https:\\\/\\\/secure.gravatar.com\\\/avatar\\\/1447a49909b67aa657c488aec6512e1dd6143a480c1ecfee9b5b5cd74eb3b59e?s=96&d=mm&r=g\",\"url\":\"https:\\\/\\\/secure.gravatar.com\\\/avatar\\\/1447a49909b67aa657c488aec6512e1dd6143a480c1ecfee9b5b5cd74eb3b59e?s=96&d=mm&r=g\",\"contentUrl\":\"https:\\\/\\\/secure.gravatar.com\\\/avatar\\\/1447a49909b67aa657c488aec6512e1dd6143a480c1ecfee9b5b5cd74eb3b59e?s=96&d=mm&r=g\",\"caption\":\"CL\"},\"url\":\"https:\\\/\\\/www.webdo.tn\\\/fr\\\/actualite\\\/author\\\/cl\\\/\"}]}<\/script>\n<!-- \/ Yoast SEO Premium plugin. -->","yoast_head_json":{"title":"Tunisie - Justice militaire : L'article sur la d\u00e9sertion amend\u00e9","description":"Un projet de loi amendant l'article 68 et compl\u00e9tant l'article 20 du Code de justice militaire a \u00e9t\u00e9 examin\u00e9 avant d\u2019\u00eatre approuv\u00e9 ce mardi 9 juillet 2024 \u00e0 l'A...","canonical":"https:\/\/www.webdo.tn\/fr\/actualite\/national\/tunisie-justice-militaire-l-article-sur-la-desertion-amende\/215158\/","og_locale":"fr_FR","og_type":"article","og_title":"Tunisie - Justice militaire : L'article sur la d\u00e9sertion amend\u00e9","og_description":"Un projet de loi amendant l'article 68 et compl\u00e9tant l'article 20 du Code de justice militaire a \u00e9t\u00e9 examin\u00e9 avant d\u2019\u00eatre approuv\u00e9 ce mardi 9 juillet 2024 \u00e0 l'A...","og_url":"https:\/\/www.webdo.tn\/fr\/actualite\/national\/tunisie-justice-militaire-l-article-sur-la-desertion-amende\/215158\/","og_site_name":"webdo","article_publisher":"https:\/\/www.facebook.com\/webdotn","article_published_time":"2024-07-09T12:53:00+00:00","article_modified_time":"2025-05-20T22:35:51+00:00","og_image":[{"width":750,"height":400,"url":"https:\/\/www.webdo.tn\/fr\/wp-content\/uploads\/2024\/07\/0dc5cd97d42716e91c5ecacfa3816a56.webp","type":"image\/webp"}],"author":"CL","twitter_card":"summary_large_image","twitter_creator":"@webdo_tn","twitter_site":"@webdo_tn","twitter_misc":{"\u00c9crit par":"CL","Dur\u00e9e de lecture estim\u00e9e":"1 minute"},"schema":{"@context":"https:\/\/schema.org","@graph":[{"@type":"NewsArticle","@id":"https:\/\/www.webdo.tn\/fr\/actualite\/national\/tunisie-justice-militaire-l-article-sur-la-desertion-amende\/215158\/#article","isPartOf":{"@id":"https:\/\/www.webdo.tn\/fr\/actualite\/national\/tunisie-justice-militaire-l-article-sur-la-desertion-amende\/215158\/"},"author":{"name":"CL","@id":"https:\/\/www.webdo.tn\/fr\/#\/schema\/person\/f35b42a42c5e2511bbd282959d6385cc"},"headline":"Tunisie &#8211; Justice militaire : L&rsquo;article sur la d\u00e9sertion amend\u00e9","datePublished":"2024-07-09T12:53:00+00:00","dateModified":"2025-05-20T22:35:51+00:00","mainEntityOfPage":{"@id":"https:\/\/www.webdo.tn\/fr\/actualite\/national\/tunisie-justice-militaire-l-article-sur-la-desertion-amende\/215158\/"},"wordCount":190,"commentCount":0,"publisher":{"@id":"https:\/\/www.webdo.tn\/fr\/#organization"},"image":{"@id":"https:\/\/www.webdo.tn\/fr\/actualite\/national\/tunisie-justice-militaire-l-article-sur-la-desertion-amende\/215158\/#primaryimage"},"thumbnailUrl":"https:\/\/www.webdo.tn\/fr\/wp-content\/uploads\/2024\/07\/0dc5cd97d42716e91c5ecacfa3816a56.webp","keywords":["Amendement","d\u00e9sertion","justice militaire","Tunisie"],"articleSection":["National"],"inLanguage":"fr-FR"},{"@type":"WebPage","@id":"https:\/\/www.webdo.tn\/fr\/actualite\/national\/tunisie-justice-militaire-l-article-sur-la-desertion-amende\/215158\/","url":"https:\/\/www.webdo.tn\/fr\/actualite\/national\/tunisie-justice-militaire-l-article-sur-la-desertion-amende\/215158\/","name":"Tunisie - Justice militaire : L'article sur la d\u00e9sertion amend\u00e9","isPartOf":{"@id":"https:\/\/www.webdo.tn\/fr\/#website"},"primaryImageOfPage":{"@id":"https:\/\/www.webdo.tn\/fr\/actualite\/national\/tunisie-justice-militaire-l-article-sur-la-desertion-amende\/215158\/#primaryimage"},"image":{"@id":"https:\/\/www.webdo.tn\/fr\/actualite\/national\/tunisie-justice-militaire-l-article-sur-la-desertion-amende\/215158\/#primaryimage"},"thumbnailUrl":"https:\/\/www.webdo.tn\/fr\/wp-content\/uploads\/2024\/07\/0dc5cd97d42716e91c5ecacfa3816a56.webp","datePublished":"2024-07-09T12:53:00+00:00","dateModified":"2025-05-20T22:35:51+00:00","description":"Un projet de loi amendant l'article 68 et compl\u00e9tant l'article 20 du Code de justice militaire a \u00e9t\u00e9 examin\u00e9 avant d\u2019\u00eatre approuv\u00e9 ce mardi 9 juillet 2024 \u00e0 l'A...","breadcrumb":{"@id":"https:\/\/www.webdo.tn\/fr\/actualite\/national\/tunisie-justice-militaire-l-article-sur-la-desertion-amende\/215158\/#breadcrumb"},"inLanguage":"fr-FR","potentialAction":[{"@type":"ReadAction","target":["https:\/\/www.webdo.tn\/fr\/actualite\/national\/tunisie-justice-militaire-l-article-sur-la-desertion-amende\/215158\/"]}]},{"@type":"ImageObject","inLanguage":"fr-FR","@id":"https:\/\/www.webdo.tn\/fr\/actualite\/national\/tunisie-justice-militaire-l-article-sur-la-desertion-amende\/215158\/#primaryimage","url":"https:\/\/www.webdo.tn\/fr\/wp-content\/uploads\/2024\/07\/0dc5cd97d42716e91c5ecacfa3816a56.webp","contentUrl":"https:\/\/www.webdo.tn\/fr\/wp-content\/uploads\/2024\/07\/0dc5cd97d42716e91c5ecacfa3816a56.webp","width":750,"height":400,"caption":"Tunisie - Justice militaire : L'article sur la d\u00e9sertion amend\u00e9"},{"@type":"BreadcrumbList","@id":"https:\/\/www.webdo.tn\/fr\/actualite\/national\/tunisie-justice-militaire-l-article-sur-la-desertion-amende\/215158\/#breadcrumb","itemListElement":[{"@type":"ListItem","position":1,"name":"Accueil","item":"https:\/\/www.webdo.tn\/fr\/"},{"@type":"ListItem","position":2,"name":"Tunisie &#8211; Justice militaire : L&#8217;article sur la d\u00e9sertion amend\u00e9"}]},{"@type":"WebSite","@id":"https:\/\/www.webdo.tn\/fr\/#website","url":"https:\/\/www.webdo.tn\/fr\/","name":"webdo","description":"Tunisie - News en Tunisie et \u00e0 l&#039;international sur Webdo.tn","publisher":{"@id":"https:\/\/www.webdo.tn\/fr\/#organization"},"potentialAction":[{"@type":"SearchAction","target":{"@type":"EntryPoint","urlTemplate":"https:\/\/www.webdo.tn\/fr\/?s={search_term_string}"},"query-input":{"@type":"PropertyValueSpecification","valueRequired":true,"valueName":"search_term_string"}}],"inLanguage":"fr-FR"},{"@type":"Organization","@id":"https:\/\/www.webdo.tn\/fr\/#organization","name":"Webdo","alternateName":"Webdo.tn","url":"https:\/\/www.webdo.tn\/fr\/","logo":{"@type":"ImageObject","inLanguage":"fr-FR","@id":"https:\/\/www.webdo.tn\/fr\/#\/schema\/logo\/image\/","url":"https:\/\/www.webdo.tn\/fr\/wp-content\/uploads\/2025\/06\/Webdo-Tunisie_168377.jpg","contentUrl":"https:\/\/www.webdo.tn\/fr\/wp-content\/uploads\/2025\/06\/Webdo-Tunisie_168377.jpg","width":301,"height":301,"caption":"Webdo"},"image":{"@id":"https:\/\/www.webdo.tn\/fr\/#\/schema\/logo\/image\/"},"sameAs":["https:\/\/www.facebook.com\/webdotn","https:\/\/x.com\/webdo_tn"],"description":"Webdo est un m\u00e9dia num\u00e9rique tunisien fond\u00e9 en 2010, sp\u00e9cialis\u00e9 dans l\u2019actualit\u00e9 nationale et internationale, l\u2019\u00e9conomie, la soci\u00e9t\u00e9 et les analyses politiques. Le site s\u2019adresse \u00e0 un large public francophone et couvre l\u2019information tunisienne en temps r\u00e9el.","email":"redac@webdo.tn","legalName":"YNJ SARL","foundingDate":"2010-09-06","numberOfEmployees":{"@type":"QuantitativeValue","minValue":"11","maxValue":"50"}},{"@type":"Person","@id":"https:\/\/www.webdo.tn\/fr\/#\/schema\/person\/f35b42a42c5e2511bbd282959d6385cc","name":"CL","image":{"@type":"ImageObject","inLanguage":"fr-FR","@id":"https:\/\/secure.gravatar.com\/avatar\/1447a49909b67aa657c488aec6512e1dd6143a480c1ecfee9b5b5cd74eb3b59e?s=96&d=mm&r=g","url":"https:\/\/secure.gravatar.com\/avatar\/1447a49909b67aa657c488aec6512e1dd6143a480c1ecfee9b5b5cd74eb3b59e?s=96&d=mm&r=g","contentUrl":"https:\/\/secure.gravatar.com\/avatar\/1447a49909b67aa657c488aec6512e1dd6143a480c1ecfee9b5b5cd74eb3b59e?s=96&d=mm&r=g","caption":"CL"},"url":"https:\/\/www.webdo.tn\/fr\/actualite\/author\/cl\/"}]}},"_links":{"self":[{"href":"https:\/\/www.webdo.tn\/fr\/wp-json\/wp\/v2\/posts\/215158","targetHints":{"allow":["GET"]}}],"collection":[{"href":"https:\/\/www.webdo.tn\/fr\/wp-json\/wp\/v2\/posts"}],"about":[{"href":"https:\/\/www.webdo.tn\/fr\/wp-json\/wp\/v2\/types\/post"}],"author":[{"embeddable":true,"href":"https:\/\/www.webdo.tn\/fr\/wp-json\/wp\/v2\/users\/3175"}],"replies":[{"embeddable":true,"href":"https:\/\/www.webdo.tn\/fr\/wp-json\/wp\/v2\/comments?post=215158"}],"version-history":[{"count":0,"href":"https:\/\/www.webdo.tn\/fr\/wp-json\/wp\/v2\/posts\/215158\/revisions"}],"wp:featuredmedia":[{"embeddable":true,"href":"https:\/\/www.webdo.tn\/fr\/wp-json\/wp\/v2\/media\/247029"}],"wp:attachment":[{"href":"https:\/\/www.webdo.tn\/fr\/wp-json\/wp\/v2\/media?parent=215158"}],"wp:term":[{"taxonomy":"category","embeddable":true,"href":"https:\/\/www.webdo.tn\/fr\/wp-json\/wp\/v2\/categories?post=215158"},{"taxonomy":"post_tag","embeddable":true,"href":"https:\/\/www.webdo.tn\/fr\/wp-json\/wp\/v2\/tags?post=215158"}],"curies":[{"name":"wp","href":"https:\/\/api.w.org\/{rel}","templated":true}]}}