{"id":215144,"date":"2024-07-08T20:26:00","date_gmt":"2024-07-08T20:26:00","guid":{"rendered":"https:\/\/www.webdo.tn\/fr\/blog\/l-esperance-st-interdite-de-recrutement\/215144\/"},"modified":"2025-05-20T22:13:46","modified_gmt":"2025-05-20T22:13:46","slug":"l-esperance-st-interdite-de-recrutement","status":"publish","type":"post","link":"https:\/\/www.webdo.tn\/fr\/actualite\/sport\/l-esperance-st-interdite-de-recrutement\/215144\/","title":{"rendered":"L\u2019Esp\u00e9rance ST interdite de recrutement"},"content":{"rendered":"<p>A la grande surprise de ses fans, l\u2019Esp\u00e9rance ST figure sur la liste mise \u00e0 jour des clubs tunisiens interdits de transferts et publi\u00e9e par la FIFA aujourd&rsquo;hui.<\/p>\n<p>\t\t\t\t\t\t\t\t\tL&rsquo;Esp\u00e9rance Sportive de Tunis figure sur la liste mise \u00e0 jour des clubs tunisiens interdits de transferts publi\u00e9e par la FIFA ce lundi 8 juillet 2024.<\/p>\n<p>L\u2019Esp\u00e9rance figure sur cette liste de la FIFA apr\u00e8s une nouvelle d\u00e9cision qui la prive de recruter des joueurs pour trois p\u00e9riodes de mercato \u00e0 partir du 3 juillet 2024.<\/p>\n<p>Cette interdiction fait suite \u00e0 une obligation impos\u00e9e par la chambre de r\u00e8glement des diff\u00e9rends \u00e0 l&rsquo;administration du club de verser environ 400.000 dollars, soit l&rsquo;\u00e9quivalent de 1,2 million de dinars tunisiens, au joueur libyen Hamdou El Houni.<\/p>\n<p>Le comit\u00e9 juridique de l&rsquo;Esp\u00e9rance Sportive de Tunis devrait faire appel de cette d\u00e9cision devant le Tribunal Arbitral du Sport (TAS).<\/p>\n<p>Il convient de noter que la liste mise \u00e0 jour des clubs tunisiens interdits de transferts, publi\u00e9e aujourd&rsquo;hui par la FIFA comprend ouze clubs tunisiens interdits de recrutement.<\/p>\n<p>Il s&rsquo;agit du Club Africain (7 dossiers), de l&rsquo;Etoile Sportive du Sahel (5 dossiers), du CS Chebba (4 dossiers), de l&rsquo;Olympique de B\u00e9ja (2 dossiers), de l\u2019US Monastirienne (2 dossiers), de l&rsquo;US Tataouine (2 dossiers), de l&rsquo;US Ben Guerdane (1 dossier), de l&rsquo;ES M\u00e9tlaoui (1 dossier), de l&rsquo;AS Rejiche (1 dossier), de l&rsquo;AS Soliman (1 dossier), de l\u2019Esp\u00e9rance ST (1 dossier) et du CS Sfaxien (1 dossier).<\/p>\n","protected":false},"excerpt":{"rendered":"<p>L&rsquo;Esp\u00e9rance Sportive de Tunis figure sur la liste mise \u00e0 jour des clubs tunisiens interdits de transferts publi\u00e9e par la FIFA ce lundi 8 juillet 2024.<\/p>\n","protected":false},"author":3162,"featured_media":290807,"comment_status":"open","ping_status":"closed","sticky":false,"template":"","format":"standard","meta":{"footnotes":""},"categories":[2593],"tags":[3437,3487,4338,5857,4555,3872],"class_list":["post-215144","post","type-post","status-publish","format-standard","has-post-thumbnail","hentry","category-sport","tag-esperance","tag-fifa","tag-interdiction","tag-litige","tag-mercato","tag-recrutement"],"yoast_head":"<!-- This site is optimized with the Yoast SEO Premium plugin v27.4 (Yoast SEO v27.5) - https:\/\/yoast.com\/product\/yoast-seo-premium-wordpress\/ -->\n<title>L\u2019Esp\u00e9rance ST interdite de recrutement<\/title>\n<meta name=\"description\" content=\"L&#039;Esp\u00e9rance Sportive de Tunis figure sur la liste mise \u00e0 jour des clubs tunisiens interdits de transferts publi\u00e9e par la FIFA ce lundi 8 juillet 2024.\" \/>\n<link rel=\"canonical\" href=\"https:\/\/www.webdo.tn\/fr\/actualite\/sport\/l-esperance-st-interdite-de-recrutement\/215144\/\" \/>\n<meta property=\"og:locale\" content=\"fr_FR\" \/>\n<meta property=\"og:type\" content=\"article\" \/>\n<meta property=\"og:title\" content=\"L\u2019Esp\u00e9rance ST interdite de recrutement\" \/>\n<meta property=\"og:description\" content=\"L&#039;Esp\u00e9rance Sportive de Tunis figure sur la liste mise \u00e0 jour des clubs tunisiens interdits de transferts publi\u00e9e par la FIFA ce lundi 8 juillet 2024.\" \/>\n<meta property=\"og:url\" content=\"https:\/\/www.webdo.tn\/fr\/actualite\/sport\/l-esperance-st-interdite-de-recrutement\/215144\/\" \/>\n<meta property=\"og:site_name\" content=\"webdo\" \/>\n<meta property=\"article:publisher\" content=\"https:\/\/www.facebook.com\/webdotn\" \/>\n<meta property=\"article:published_time\" content=\"2024-07-08T20:26:00+00:00\" \/>\n<meta property=\"article:modified_time\" content=\"2025-05-20T22:13:46+00:00\" \/>\n<meta property=\"og:image\" content=\"https:\/\/www.webdo.tn\/fr\/wp-content\/uploads\/2024\/07\/f63dbcea272c43ba770076e6ffa3ef9a.webp\" \/>\n\t<meta property=\"og:image:width\" content=\"750\" \/>\n\t<meta property=\"og:image:height\" content=\"400\" \/>\n\t<meta property=\"og:image:type\" content=\"image\/webp\" \/>\n<meta name=\"author\" content=\"MC\" \/>\n<meta name=\"twitter:card\" content=\"summary_large_image\" \/>\n<meta name=\"twitter:creator\" content=\"@webdo_tn\" \/>\n<meta name=\"twitter:site\" content=\"@webdo_tn\" \/>\n<meta name=\"twitter:label1\" content=\"\u00c9crit par\" \/>\n\t<meta name=\"twitter:data1\" content=\"MC\" \/>\n\t<meta name=\"twitter:label2\" content=\"Dur\u00e9e de lecture estim\u00e9e\" \/>\n\t<meta name=\"twitter:data2\" content=\"1 minute\" \/>\n<script type=\"application\/ld+json\" class=\"yoast-schema-graph\">{\"@context\":\"https:\\\/\\\/schema.org\",\"@graph\":[{\"@type\":\"NewsArticle\",\"@id\":\"https:\\\/\\\/www.webdo.tn\\\/fr\\\/actualite\\\/sport\\\/l-esperance-st-interdite-de-recrutement\\\/215144\\\/#article\",\"isPartOf\":{\"@id\":\"https:\\\/\\\/www.webdo.tn\\\/fr\\\/actualite\\\/sport\\\/l-esperance-st-interdite-de-recrutement\\\/215144\\\/\"},\"author\":{\"name\":\"MC\",\"@id\":\"https:\\\/\\\/www.webdo.tn\\\/fr\\\/#\\\/schema\\\/person\\\/2c4929cbf5a809e3bd38617c6ce150f6\"},\"headline\":\"L\u2019Esp\u00e9rance ST interdite de recrutement\",\"datePublished\":\"2024-07-08T20:26:00+00:00\",\"dateModified\":\"2025-05-20T22:13:46+00:00\",\"mainEntityOfPage\":{\"@id\":\"https:\\\/\\\/www.webdo.tn\\\/fr\\\/actualite\\\/sport\\\/l-esperance-st-interdite-de-recrutement\\\/215144\\\/\"},\"wordCount\":256,\"commentCount\":0,\"publisher\":{\"@id\":\"https:\\\/\\\/www.webdo.tn\\\/fr\\\/#organization\"},\"image\":{\"@id\":\"https:\\\/\\\/www.webdo.tn\\\/fr\\\/actualite\\\/sport\\\/l-esperance-st-interdite-de-recrutement\\\/215144\\\/#primaryimage\"},\"thumbnailUrl\":\"https:\\\/\\\/www.webdo.tn\\\/fr\\\/wp-content\\\/uploads\\\/2024\\\/07\\\/f63dbcea272c43ba770076e6ffa3ef9a.webp\",\"keywords\":[\"esp\u00e9rance\",\"FIFA\",\"interdiction\",\"litige\",\"mercato\",\"recrutement\"],\"articleSection\":[\"Sport\"],\"inLanguage\":\"fr-FR\"},{\"@type\":\"WebPage\",\"@id\":\"https:\\\/\\\/www.webdo.tn\\\/fr\\\/actualite\\\/sport\\\/l-esperance-st-interdite-de-recrutement\\\/215144\\\/\",\"url\":\"https:\\\/\\\/www.webdo.tn\\\/fr\\\/actualite\\\/sport\\\/l-esperance-st-interdite-de-recrutement\\\/215144\\\/\",\"name\":\"L\u2019Esp\u00e9rance ST interdite de recrutement\",\"isPartOf\":{\"@id\":\"https:\\\/\\\/www.webdo.tn\\\/fr\\\/#website\"},\"primaryImageOfPage\":{\"@id\":\"https:\\\/\\\/www.webdo.tn\\\/fr\\\/actualite\\\/sport\\\/l-esperance-st-interdite-de-recrutement\\\/215144\\\/#primaryimage\"},\"image\":{\"@id\":\"https:\\\/\\\/www.webdo.tn\\\/fr\\\/actualite\\\/sport\\\/l-esperance-st-interdite-de-recrutement\\\/215144\\\/#primaryimage\"},\"thumbnailUrl\":\"https:\\\/\\\/www.webdo.tn\\\/fr\\\/wp-content\\\/uploads\\\/2024\\\/07\\\/f63dbcea272c43ba770076e6ffa3ef9a.webp\",\"datePublished\":\"2024-07-08T20:26:00+00:00\",\"dateModified\":\"2025-05-20T22:13:46+00:00\",\"description\":\"L'Esp\u00e9rance Sportive de Tunis figure sur la liste mise \u00e0 jour des clubs tunisiens interdits de transferts publi\u00e9e par la FIFA ce lundi 8 juillet 2024.\",\"breadcrumb\":{\"@id\":\"https:\\\/\\\/www.webdo.tn\\\/fr\\\/actualite\\\/sport\\\/l-esperance-st-interdite-de-recrutement\\\/215144\\\/#breadcrumb\"},\"inLanguage\":\"fr-FR\",\"potentialAction\":[{\"@type\":\"ReadAction\",\"target\":[\"https:\\\/\\\/www.webdo.tn\\\/fr\\\/actualite\\\/sport\\\/l-esperance-st-interdite-de-recrutement\\\/215144\\\/\"]}]},{\"@type\":\"ImageObject\",\"inLanguage\":\"fr-FR\",\"@id\":\"https:\\\/\\\/www.webdo.tn\\\/fr\\\/actualite\\\/sport\\\/l-esperance-st-interdite-de-recrutement\\\/215144\\\/#primaryimage\",\"url\":\"https:\\\/\\\/www.webdo.tn\\\/fr\\\/wp-content\\\/uploads\\\/2024\\\/07\\\/f63dbcea272c43ba770076e6ffa3ef9a.webp\",\"contentUrl\":\"https:\\\/\\\/www.webdo.tn\\\/fr\\\/wp-content\\\/uploads\\\/2024\\\/07\\\/f63dbcea272c43ba770076e6ffa3ef9a.webp\",\"width\":750,\"height\":400,\"caption\":\"L\u2019Esp\u00e9rance ST interdite de recrutement\"},{\"@type\":\"BreadcrumbList\",\"@id\":\"https:\\\/\\\/www.webdo.tn\\\/fr\\\/actualite\\\/sport\\\/l-esperance-st-interdite-de-recrutement\\\/215144\\\/#breadcrumb\",\"itemListElement\":[{\"@type\":\"ListItem\",\"position\":1,\"name\":\"Accueil\",\"item\":\"https:\\\/\\\/www.webdo.tn\\\/fr\\\/\"},{\"@type\":\"ListItem\",\"position\":2,\"name\":\"L\u2019Esp\u00e9rance ST interdite de recrutement\"}]},{\"@type\":\"WebSite\",\"@id\":\"https:\\\/\\\/www.webdo.tn\\\/fr\\\/#website\",\"url\":\"https:\\\/\\\/www.webdo.tn\\\/fr\\\/\",\"name\":\"webdo\",\"description\":\"Tunisie - News en Tunisie et \u00e0 l&#039;international sur Webdo.tn\",\"publisher\":{\"@id\":\"https:\\\/\\\/www.webdo.tn\\\/fr\\\/#organization\"},\"potentialAction\":[{\"@type\":\"SearchAction\",\"target\":{\"@type\":\"EntryPoint\",\"urlTemplate\":\"https:\\\/\\\/www.webdo.tn\\\/fr\\\/?s={search_term_string}\"},\"query-input\":{\"@type\":\"PropertyValueSpecification\",\"valueRequired\":true,\"valueName\":\"search_term_string\"}}],\"inLanguage\":\"fr-FR\"},{\"@type\":\"Organization\",\"@id\":\"https:\\\/\\\/www.webdo.tn\\\/fr\\\/#organization\",\"name\":\"Webdo\",\"alternateName\":\"Webdo.tn\",\"url\":\"https:\\\/\\\/www.webdo.tn\\\/fr\\\/\",\"logo\":{\"@type\":\"ImageObject\",\"inLanguage\":\"fr-FR\",\"@id\":\"https:\\\/\\\/www.webdo.tn\\\/fr\\\/#\\\/schema\\\/logo\\\/image\\\/\",\"url\":\"https:\\\/\\\/www.webdo.tn\\\/fr\\\/wp-content\\\/uploads\\\/2025\\\/06\\\/Webdo-Tunisie_168377.jpg\",\"contentUrl\":\"https:\\\/\\\/www.webdo.tn\\\/fr\\\/wp-content\\\/uploads\\\/2025\\\/06\\\/Webdo-Tunisie_168377.jpg\",\"width\":301,\"height\":301,\"caption\":\"Webdo\"},\"image\":{\"@id\":\"https:\\\/\\\/www.webdo.tn\\\/fr\\\/#\\\/schema\\\/logo\\\/image\\\/\"},\"sameAs\":[\"https:\\\/\\\/www.facebook.com\\\/webdotn\",\"https:\\\/\\\/x.com\\\/webdo_tn\"],\"description\":\"Webdo est un m\u00e9dia num\u00e9rique tunisien fond\u00e9 en 2010, sp\u00e9cialis\u00e9 dans l\u2019actualit\u00e9 nationale et internationale, l\u2019\u00e9conomie, la soci\u00e9t\u00e9 et les analyses politiques. Le site s\u2019adresse \u00e0 un large public francophone et couvre l\u2019information tunisienne en temps r\u00e9el.\",\"email\":\"redac@webdo.tn\",\"legalName\":\"YNJ SARL\",\"foundingDate\":\"2010-09-06\",\"numberOfEmployees\":{\"@type\":\"QuantitativeValue\",\"minValue\":\"11\",\"maxValue\":\"50\"}},{\"@type\":\"Person\",\"@id\":\"https:\\\/\\\/www.webdo.tn\\\/fr\\\/#\\\/schema\\\/person\\\/2c4929cbf5a809e3bd38617c6ce150f6\",\"name\":\"MC\",\"image\":{\"@type\":\"ImageObject\",\"inLanguage\":\"fr-FR\",\"@id\":\"https:\\\/\\\/secure.gravatar.com\\\/avatar\\\/a545bbb6f84efdd5553dbbc2895e3ca8f1d12c5215e00a041c9670b54aa9b18a?s=96&d=mm&r=g\",\"url\":\"https:\\\/\\\/secure.gravatar.com\\\/avatar\\\/a545bbb6f84efdd5553dbbc2895e3ca8f1d12c5215e00a041c9670b54aa9b18a?s=96&d=mm&r=g\",\"contentUrl\":\"https:\\\/\\\/secure.gravatar.com\\\/avatar\\\/a545bbb6f84efdd5553dbbc2895e3ca8f1d12c5215e00a041c9670b54aa9b18a?s=96&d=mm&r=g\",\"caption\":\"MC\"},\"url\":\"https:\\\/\\\/www.webdo.tn\\\/fr\\\/actualite\\\/author\\\/mc\\\/\"}]}<\/script>\n<!-- \/ Yoast SEO Premium plugin. -->","yoast_head_json":{"title":"L\u2019Esp\u00e9rance ST interdite de recrutement","description":"L'Esp\u00e9rance Sportive de Tunis figure sur la liste mise \u00e0 jour des clubs tunisiens interdits de transferts publi\u00e9e par la FIFA ce lundi 8 juillet 2024.","canonical":"https:\/\/www.webdo.tn\/fr\/actualite\/sport\/l-esperance-st-interdite-de-recrutement\/215144\/","og_locale":"fr_FR","og_type":"article","og_title":"L\u2019Esp\u00e9rance ST interdite de recrutement","og_description":"L'Esp\u00e9rance Sportive de Tunis figure sur la liste mise \u00e0 jour des clubs tunisiens interdits de transferts publi\u00e9e par la FIFA ce lundi 8 juillet 2024.","og_url":"https:\/\/www.webdo.tn\/fr\/actualite\/sport\/l-esperance-st-interdite-de-recrutement\/215144\/","og_site_name":"webdo","article_publisher":"https:\/\/www.facebook.com\/webdotn","article_published_time":"2024-07-08T20:26:00+00:00","article_modified_time":"2025-05-20T22:13:46+00:00","og_image":[{"width":750,"height":400,"url":"https:\/\/www.webdo.tn\/fr\/wp-content\/uploads\/2024\/07\/f63dbcea272c43ba770076e6ffa3ef9a.webp","type":"image\/webp"}],"author":"MC","twitter_card":"summary_large_image","twitter_creator":"@webdo_tn","twitter_site":"@webdo_tn","twitter_misc":{"\u00c9crit par":"MC","Dur\u00e9e de lecture estim\u00e9e":"1 minute"},"schema":{"@context":"https:\/\/schema.org","@graph":[{"@type":"NewsArticle","@id":"https:\/\/www.webdo.tn\/fr\/actualite\/sport\/l-esperance-st-interdite-de-recrutement\/215144\/#article","isPartOf":{"@id":"https:\/\/www.webdo.tn\/fr\/actualite\/sport\/l-esperance-st-interdite-de-recrutement\/215144\/"},"author":{"name":"MC","@id":"https:\/\/www.webdo.tn\/fr\/#\/schema\/person\/2c4929cbf5a809e3bd38617c6ce150f6"},"headline":"L\u2019Esp\u00e9rance ST interdite de recrutement","datePublished":"2024-07-08T20:26:00+00:00","dateModified":"2025-05-20T22:13:46+00:00","mainEntityOfPage":{"@id":"https:\/\/www.webdo.tn\/fr\/actualite\/sport\/l-esperance-st-interdite-de-recrutement\/215144\/"},"wordCount":256,"commentCount":0,"publisher":{"@id":"https:\/\/www.webdo.tn\/fr\/#organization"},"image":{"@id":"https:\/\/www.webdo.tn\/fr\/actualite\/sport\/l-esperance-st-interdite-de-recrutement\/215144\/#primaryimage"},"thumbnailUrl":"https:\/\/www.webdo.tn\/fr\/wp-content\/uploads\/2024\/07\/f63dbcea272c43ba770076e6ffa3ef9a.webp","keywords":["esp\u00e9rance","FIFA","interdiction","litige","mercato","recrutement"],"articleSection":["Sport"],"inLanguage":"fr-FR"},{"@type":"WebPage","@id":"https:\/\/www.webdo.tn\/fr\/actualite\/sport\/l-esperance-st-interdite-de-recrutement\/215144\/","url":"https:\/\/www.webdo.tn\/fr\/actualite\/sport\/l-esperance-st-interdite-de-recrutement\/215144\/","name":"L\u2019Esp\u00e9rance ST interdite de recrutement","isPartOf":{"@id":"https:\/\/www.webdo.tn\/fr\/#website"},"primaryImageOfPage":{"@id":"https:\/\/www.webdo.tn\/fr\/actualite\/sport\/l-esperance-st-interdite-de-recrutement\/215144\/#primaryimage"},"image":{"@id":"https:\/\/www.webdo.tn\/fr\/actualite\/sport\/l-esperance-st-interdite-de-recrutement\/215144\/#primaryimage"},"thumbnailUrl":"https:\/\/www.webdo.tn\/fr\/wp-content\/uploads\/2024\/07\/f63dbcea272c43ba770076e6ffa3ef9a.webp","datePublished":"2024-07-08T20:26:00+00:00","dateModified":"2025-05-20T22:13:46+00:00","description":"L'Esp\u00e9rance Sportive de Tunis figure sur la liste mise \u00e0 jour des clubs tunisiens interdits de transferts publi\u00e9e par la FIFA ce lundi 8 juillet 2024.","breadcrumb":{"@id":"https:\/\/www.webdo.tn\/fr\/actualite\/sport\/l-esperance-st-interdite-de-recrutement\/215144\/#breadcrumb"},"inLanguage":"fr-FR","potentialAction":[{"@type":"ReadAction","target":["https:\/\/www.webdo.tn\/fr\/actualite\/sport\/l-esperance-st-interdite-de-recrutement\/215144\/"]}]},{"@type":"ImageObject","inLanguage":"fr-FR","@id":"https:\/\/www.webdo.tn\/fr\/actualite\/sport\/l-esperance-st-interdite-de-recrutement\/215144\/#primaryimage","url":"https:\/\/www.webdo.tn\/fr\/wp-content\/uploads\/2024\/07\/f63dbcea272c43ba770076e6ffa3ef9a.webp","contentUrl":"https:\/\/www.webdo.tn\/fr\/wp-content\/uploads\/2024\/07\/f63dbcea272c43ba770076e6ffa3ef9a.webp","width":750,"height":400,"caption":"L\u2019Esp\u00e9rance ST interdite de recrutement"},{"@type":"BreadcrumbList","@id":"https:\/\/www.webdo.tn\/fr\/actualite\/sport\/l-esperance-st-interdite-de-recrutement\/215144\/#breadcrumb","itemListElement":[{"@type":"ListItem","position":1,"name":"Accueil","item":"https:\/\/www.webdo.tn\/fr\/"},{"@type":"ListItem","position":2,"name":"L\u2019Esp\u00e9rance ST interdite de recrutement"}]},{"@type":"WebSite","@id":"https:\/\/www.webdo.tn\/fr\/#website","url":"https:\/\/www.webdo.tn\/fr\/","name":"webdo","description":"Tunisie - News en Tunisie et \u00e0 l&#039;international sur Webdo.tn","publisher":{"@id":"https:\/\/www.webdo.tn\/fr\/#organization"},"potentialAction":[{"@type":"SearchAction","target":{"@type":"EntryPoint","urlTemplate":"https:\/\/www.webdo.tn\/fr\/?s={search_term_string}"},"query-input":{"@type":"PropertyValueSpecification","valueRequired":true,"valueName":"search_term_string"}}],"inLanguage":"fr-FR"},{"@type":"Organization","@id":"https:\/\/www.webdo.tn\/fr\/#organization","name":"Webdo","alternateName":"Webdo.tn","url":"https:\/\/www.webdo.tn\/fr\/","logo":{"@type":"ImageObject","inLanguage":"fr-FR","@id":"https:\/\/www.webdo.tn\/fr\/#\/schema\/logo\/image\/","url":"https:\/\/www.webdo.tn\/fr\/wp-content\/uploads\/2025\/06\/Webdo-Tunisie_168377.jpg","contentUrl":"https:\/\/www.webdo.tn\/fr\/wp-content\/uploads\/2025\/06\/Webdo-Tunisie_168377.jpg","width":301,"height":301,"caption":"Webdo"},"image":{"@id":"https:\/\/www.webdo.tn\/fr\/#\/schema\/logo\/image\/"},"sameAs":["https:\/\/www.facebook.com\/webdotn","https:\/\/x.com\/webdo_tn"],"description":"Webdo est un m\u00e9dia num\u00e9rique tunisien fond\u00e9 en 2010, sp\u00e9cialis\u00e9 dans l\u2019actualit\u00e9 nationale et internationale, l\u2019\u00e9conomie, la soci\u00e9t\u00e9 et les analyses politiques. Le site s\u2019adresse \u00e0 un large public francophone et couvre l\u2019information tunisienne en temps r\u00e9el.","email":"redac@webdo.tn","legalName":"YNJ SARL","foundingDate":"2010-09-06","numberOfEmployees":{"@type":"QuantitativeValue","minValue":"11","maxValue":"50"}},{"@type":"Person","@id":"https:\/\/www.webdo.tn\/fr\/#\/schema\/person\/2c4929cbf5a809e3bd38617c6ce150f6","name":"MC","image":{"@type":"ImageObject","inLanguage":"fr-FR","@id":"https:\/\/secure.gravatar.com\/avatar\/a545bbb6f84efdd5553dbbc2895e3ca8f1d12c5215e00a041c9670b54aa9b18a?s=96&d=mm&r=g","url":"https:\/\/secure.gravatar.com\/avatar\/a545bbb6f84efdd5553dbbc2895e3ca8f1d12c5215e00a041c9670b54aa9b18a?s=96&d=mm&r=g","contentUrl":"https:\/\/secure.gravatar.com\/avatar\/a545bbb6f84efdd5553dbbc2895e3ca8f1d12c5215e00a041c9670b54aa9b18a?s=96&d=mm&r=g","caption":"MC"},"url":"https:\/\/www.webdo.tn\/fr\/actualite\/author\/mc\/"}]}},"_links":{"self":[{"href":"https:\/\/www.webdo.tn\/fr\/wp-json\/wp\/v2\/posts\/215144","targetHints":{"allow":["GET"]}}],"collection":[{"href":"https:\/\/www.webdo.tn\/fr\/wp-json\/wp\/v2\/posts"}],"about":[{"href":"https:\/\/www.webdo.tn\/fr\/wp-json\/wp\/v2\/types\/post"}],"author":[{"embeddable":true,"href":"https:\/\/www.webdo.tn\/fr\/wp-json\/wp\/v2\/users\/3162"}],"replies":[{"embeddable":true,"href":"https:\/\/www.webdo.tn\/fr\/wp-json\/wp\/v2\/comments?post=215144"}],"version-history":[{"count":0,"href":"https:\/\/www.webdo.tn\/fr\/wp-json\/wp\/v2\/posts\/215144\/revisions"}],"wp:featuredmedia":[{"embeddable":true,"href":"https:\/\/www.webdo.tn\/fr\/wp-json\/wp\/v2\/media\/290807"}],"wp:attachment":[{"href":"https:\/\/www.webdo.tn\/fr\/wp-json\/wp\/v2\/media?parent=215144"}],"wp:term":[{"taxonomy":"category","embeddable":true,"href":"https:\/\/www.webdo.tn\/fr\/wp-json\/wp\/v2\/categories?post=215144"},{"taxonomy":"post_tag","embeddable":true,"href":"https:\/\/www.webdo.tn\/fr\/wp-json\/wp\/v2\/tags?post=215144"}],"curies":[{"name":"wp","href":"https:\/\/api.w.org\/{rel}","templated":true}]}}