{"id":215122,"date":"2024-07-07T11:25:00","date_gmt":"2024-07-07T11:25:00","guid":{"rendered":"https:\/\/www.webdo.tn\/fr\/blog\/neji-jalloul-annonce-sa-candidature-a-l-election-presidentielle\/215122\/"},"modified":"2025-05-21T09:04:58","modified_gmt":"2025-05-21T09:04:58","slug":"neji-jalloul-annonce-sa-candidature-a-l-election-presidentielle","status":"publish","type":"post","link":"https:\/\/www.webdo.tn\/fr\/actualite\/national\/neji-jalloul-annonce-sa-candidature-a-l-election-presidentielle\/215122\/","title":{"rendered":"N\u00e9ji Jalloul annonce sa candidature \u00e0 l\u2019\u00e9lection pr\u00e9sidentielle"},"content":{"rendered":"<p>N\u00e9ji Jalloul, pr\u00e9sident du parti de la Coalition nationale Tunisienne, a officiellement d\u00e9clar\u00e9 sa candidature pour l\u2019\u00e9lection pr\u00e9sidentielle pr\u00e9vue le 6 octobre 2024.<\/p>\n<p>\t\t\t\t\t\t\t\t\t\u00a0L\u2019annonce a \u00e9t\u00e9 faite ce dimanche 7 juillet 2024, lors d&rsquo;un caf\u00e9 politique organis\u00e9 par la coordination r\u00e9gionale du parti \u00e0 Souk Jedid, dans le gouvernorat de Sidi Bouzid.<\/p>\n<p>Jalloul, figure bien connue de la sc\u00e8ne politique tunisienne, est le fondateur et pr\u00e9sident du Parti de la Coalition nationale. Son parcours est marqu\u00e9 par plusieurs postes cl\u00e9s : il a \u00e9t\u00e9 ministre de l&rsquo;Education, directeur de l&rsquo;Institut tunisien des \u00e9tudes strat\u00e9giques, et ancien dirigeant du mouvement Nidaa Tounes. En outre, il est professeur universitaire en histoire islamique et membre fondateur du Parti socialiste progressiste.<\/p>\n","protected":false},"excerpt":{"rendered":"<p>N\u00e9ji Jalloul, pr\u00e9sident du parti de la Coalition nationale Tunisienne, annonce sa candidature \u00e0 l&rsquo;\u00e9lection pr\u00e9sidentielle du 6 octobre 2024 lors d&rsquo;un caf\u00e9 polit&#8230;<\/p>\n","protected":false},"author":3166,"featured_media":247039,"comment_status":"open","ping_status":"closed","sticky":false,"template":"","format":"standard","meta":{"footnotes":""},"categories":[44],"tags":[5799,4428,5843,2608],"class_list":["post-215122","post","type-post","status-publish","format-standard","has-post-thumbnail","hentry","category-national","tag-5799","tag-election-presidentielle","tag-neji-jalloul","tag-tunisie"],"yoast_head":"<!-- This site is optimized with the Yoast SEO Premium plugin v27.5 (Yoast SEO v27.5) - https:\/\/yoast.com\/product\/yoast-seo-premium-wordpress\/ -->\n<title>N\u00e9ji Jalloul annonce sa candidature \u00e0 l\u2019\u00e9lection pr\u00e9sidentielle<\/title>\n<meta name=\"description\" content=\"N\u00e9ji Jalloul, pr\u00e9sident du parti de la Coalition nationale Tunisienne, annonce sa candidature \u00e0 l&#039;\u00e9lection pr\u00e9sidentielle du 6 octobre 2024 lors d&#039;un caf\u00e9 polit...\" \/>\n<link rel=\"canonical\" href=\"https:\/\/www.webdo.tn\/fr\/actualite\/national\/neji-jalloul-annonce-sa-candidature-a-l-election-presidentielle\/215122\/\" \/>\n<meta property=\"og:locale\" content=\"fr_FR\" \/>\n<meta property=\"og:type\" content=\"article\" \/>\n<meta property=\"og:title\" content=\"N\u00e9ji Jalloul annonce sa candidature \u00e0 l\u2019\u00e9lection pr\u00e9sidentielle\" \/>\n<meta property=\"og:description\" content=\"N\u00e9ji Jalloul, pr\u00e9sident du parti de la Coalition nationale Tunisienne, annonce sa candidature \u00e0 l&#039;\u00e9lection pr\u00e9sidentielle du 6 octobre 2024 lors d&#039;un caf\u00e9 polit...\" \/>\n<meta property=\"og:url\" content=\"https:\/\/www.webdo.tn\/fr\/actualite\/national\/neji-jalloul-annonce-sa-candidature-a-l-election-presidentielle\/215122\/\" \/>\n<meta property=\"og:site_name\" content=\"webdo\" \/>\n<meta property=\"article:publisher\" content=\"https:\/\/www.facebook.com\/webdotn\" \/>\n<meta property=\"article:published_time\" content=\"2024-07-07T11:25:00+00:00\" \/>\n<meta property=\"article:modified_time\" content=\"2025-05-21T09:04:58+00:00\" \/>\n<meta property=\"og:image\" content=\"https:\/\/www.webdo.tn\/fr\/wp-content\/uploads\/2024\/07\/4726254ec05e99f8182452cf3270845a.webp\" \/>\n\t<meta property=\"og:image:width\" content=\"750\" \/>\n\t<meta property=\"og:image:height\" content=\"400\" \/>\n\t<meta property=\"og:image:type\" content=\"image\/webp\" \/>\n<meta name=\"author\" content=\"AZ\" \/>\n<meta name=\"twitter:card\" content=\"summary_large_image\" \/>\n<meta name=\"twitter:creator\" content=\"@webdo_tn\" \/>\n<meta name=\"twitter:site\" content=\"@webdo_tn\" \/>\n<meta name=\"twitter:label1\" content=\"\u00c9crit par\" \/>\n\t<meta name=\"twitter:data1\" content=\"AZ\" \/>\n\t<meta name=\"twitter:label2\" content=\"Dur\u00e9e de lecture estim\u00e9e\" \/>\n\t<meta name=\"twitter:data2\" content=\"1 minute\" \/>\n<script type=\"application\/ld+json\" class=\"yoast-schema-graph\">{\"@context\":\"https:\\\/\\\/schema.org\",\"@graph\":[{\"@type\":\"NewsArticle\",\"@id\":\"https:\\\/\\\/www.webdo.tn\\\/fr\\\/actualite\\\/national\\\/neji-jalloul-annonce-sa-candidature-a-l-election-presidentielle\\\/215122\\\/#article\",\"isPartOf\":{\"@id\":\"https:\\\/\\\/www.webdo.tn\\\/fr\\\/actualite\\\/national\\\/neji-jalloul-annonce-sa-candidature-a-l-election-presidentielle\\\/215122\\\/\"},\"author\":{\"name\":\"AZ\",\"@id\":\"https:\\\/\\\/www.webdo.tn\\\/fr\\\/#\\\/schema\\\/person\\\/b8a41c04d93287d375510db360906b34\"},\"headline\":\"N\u00e9ji Jalloul annonce sa candidature \u00e0 l\u2019\u00e9lection pr\u00e9sidentielle\",\"datePublished\":\"2024-07-07T11:25:00+00:00\",\"dateModified\":\"2025-05-21T09:04:58+00:00\",\"mainEntityOfPage\":{\"@id\":\"https:\\\/\\\/www.webdo.tn\\\/fr\\\/actualite\\\/national\\\/neji-jalloul-annonce-sa-candidature-a-l-election-presidentielle\\\/215122\\\/\"},\"wordCount\":136,\"commentCount\":0,\"publisher\":{\"@id\":\"https:\\\/\\\/www.webdo.tn\\\/fr\\\/#organization\"},\"image\":{\"@id\":\"https:\\\/\\\/www.webdo.tn\\\/fr\\\/actualite\\\/national\\\/neji-jalloul-annonce-sa-candidature-a-l-election-presidentielle\\\/215122\\\/#primaryimage\"},\"thumbnailUrl\":\"https:\\\/\\\/www.webdo.tn\\\/fr\\\/wp-content\\\/uploads\\\/2024\\\/07\\\/4726254ec05e99f8182452cf3270845a.webp\",\"keywords\":[\"2024\",\"\u00e9lection pr\u00e9sidentielle\",\"n\u00e9ji jalloul\",\"Tunisie\"],\"articleSection\":[\"National\"],\"inLanguage\":\"fr-FR\"},{\"@type\":\"WebPage\",\"@id\":\"https:\\\/\\\/www.webdo.tn\\\/fr\\\/actualite\\\/national\\\/neji-jalloul-annonce-sa-candidature-a-l-election-presidentielle\\\/215122\\\/\",\"url\":\"https:\\\/\\\/www.webdo.tn\\\/fr\\\/actualite\\\/national\\\/neji-jalloul-annonce-sa-candidature-a-l-election-presidentielle\\\/215122\\\/\",\"name\":\"N\u00e9ji Jalloul annonce sa candidature \u00e0 l\u2019\u00e9lection pr\u00e9sidentielle\",\"isPartOf\":{\"@id\":\"https:\\\/\\\/www.webdo.tn\\\/fr\\\/#website\"},\"primaryImageOfPage\":{\"@id\":\"https:\\\/\\\/www.webdo.tn\\\/fr\\\/actualite\\\/national\\\/neji-jalloul-annonce-sa-candidature-a-l-election-presidentielle\\\/215122\\\/#primaryimage\"},\"image\":{\"@id\":\"https:\\\/\\\/www.webdo.tn\\\/fr\\\/actualite\\\/national\\\/neji-jalloul-annonce-sa-candidature-a-l-election-presidentielle\\\/215122\\\/#primaryimage\"},\"thumbnailUrl\":\"https:\\\/\\\/www.webdo.tn\\\/fr\\\/wp-content\\\/uploads\\\/2024\\\/07\\\/4726254ec05e99f8182452cf3270845a.webp\",\"datePublished\":\"2024-07-07T11:25:00+00:00\",\"dateModified\":\"2025-05-21T09:04:58+00:00\",\"description\":\"N\u00e9ji Jalloul, pr\u00e9sident du parti de la Coalition nationale Tunisienne, annonce sa candidature \u00e0 l'\u00e9lection pr\u00e9sidentielle du 6 octobre 2024 lors d'un caf\u00e9 polit...\",\"breadcrumb\":{\"@id\":\"https:\\\/\\\/www.webdo.tn\\\/fr\\\/actualite\\\/national\\\/neji-jalloul-annonce-sa-candidature-a-l-election-presidentielle\\\/215122\\\/#breadcrumb\"},\"inLanguage\":\"fr-FR\",\"potentialAction\":[{\"@type\":\"ReadAction\",\"target\":[\"https:\\\/\\\/www.webdo.tn\\\/fr\\\/actualite\\\/national\\\/neji-jalloul-annonce-sa-candidature-a-l-election-presidentielle\\\/215122\\\/\"]}]},{\"@type\":\"ImageObject\",\"inLanguage\":\"fr-FR\",\"@id\":\"https:\\\/\\\/www.webdo.tn\\\/fr\\\/actualite\\\/national\\\/neji-jalloul-annonce-sa-candidature-a-l-election-presidentielle\\\/215122\\\/#primaryimage\",\"url\":\"https:\\\/\\\/www.webdo.tn\\\/fr\\\/wp-content\\\/uploads\\\/2024\\\/07\\\/4726254ec05e99f8182452cf3270845a.webp\",\"contentUrl\":\"https:\\\/\\\/www.webdo.tn\\\/fr\\\/wp-content\\\/uploads\\\/2024\\\/07\\\/4726254ec05e99f8182452cf3270845a.webp\",\"width\":750,\"height\":400,\"caption\":\"N\u00e9ji Jalloul annonce sa candidature \u00e0 l\u2019\u00e9lection pr\u00e9sidentielle\"},{\"@type\":\"BreadcrumbList\",\"@id\":\"https:\\\/\\\/www.webdo.tn\\\/fr\\\/actualite\\\/national\\\/neji-jalloul-annonce-sa-candidature-a-l-election-presidentielle\\\/215122\\\/#breadcrumb\",\"itemListElement\":[{\"@type\":\"ListItem\",\"position\":1,\"name\":\"Accueil\",\"item\":\"https:\\\/\\\/www.webdo.tn\\\/fr\\\/\"},{\"@type\":\"ListItem\",\"position\":2,\"name\":\"N\u00e9ji Jalloul annonce sa candidature \u00e0 l\u2019\u00e9lection pr\u00e9sidentielle\"}]},{\"@type\":\"WebSite\",\"@id\":\"https:\\\/\\\/www.webdo.tn\\\/fr\\\/#website\",\"url\":\"https:\\\/\\\/www.webdo.tn\\\/fr\\\/\",\"name\":\"webdo\",\"description\":\"Tunisie - News en Tunisie et \u00e0 l&#039;international sur Webdo.tn\",\"publisher\":{\"@id\":\"https:\\\/\\\/www.webdo.tn\\\/fr\\\/#organization\"},\"potentialAction\":[{\"@type\":\"SearchAction\",\"target\":{\"@type\":\"EntryPoint\",\"urlTemplate\":\"https:\\\/\\\/www.webdo.tn\\\/fr\\\/?s={search_term_string}\"},\"query-input\":{\"@type\":\"PropertyValueSpecification\",\"valueRequired\":true,\"valueName\":\"search_term_string\"}}],\"inLanguage\":\"fr-FR\"},{\"@type\":\"Organization\",\"@id\":\"https:\\\/\\\/www.webdo.tn\\\/fr\\\/#organization\",\"name\":\"Webdo\",\"alternateName\":\"Webdo.tn\",\"url\":\"https:\\\/\\\/www.webdo.tn\\\/fr\\\/\",\"logo\":{\"@type\":\"ImageObject\",\"inLanguage\":\"fr-FR\",\"@id\":\"https:\\\/\\\/www.webdo.tn\\\/fr\\\/#\\\/schema\\\/logo\\\/image\\\/\",\"url\":\"https:\\\/\\\/www.webdo.tn\\\/fr\\\/wp-content\\\/uploads\\\/2025\\\/06\\\/Webdo-Tunisie_168377.jpg\",\"contentUrl\":\"https:\\\/\\\/www.webdo.tn\\\/fr\\\/wp-content\\\/uploads\\\/2025\\\/06\\\/Webdo-Tunisie_168377.jpg\",\"width\":301,\"height\":301,\"caption\":\"Webdo\"},\"image\":{\"@id\":\"https:\\\/\\\/www.webdo.tn\\\/fr\\\/#\\\/schema\\\/logo\\\/image\\\/\"},\"sameAs\":[\"https:\\\/\\\/www.facebook.com\\\/webdotn\",\"https:\\\/\\\/x.com\\\/webdo_tn\"],\"description\":\"Webdo est un m\u00e9dia num\u00e9rique tunisien fond\u00e9 en 2010, sp\u00e9cialis\u00e9 dans l\u2019actualit\u00e9 nationale et internationale, l\u2019\u00e9conomie, la soci\u00e9t\u00e9 et les analyses politiques. Le site s\u2019adresse \u00e0 un large public francophone et couvre l\u2019information tunisienne en temps r\u00e9el.\",\"email\":\"redac@webdo.tn\",\"legalName\":\"YNJ SARL\",\"foundingDate\":\"2010-09-06\",\"numberOfEmployees\":{\"@type\":\"QuantitativeValue\",\"minValue\":\"11\",\"maxValue\":\"50\"}},{\"@type\":\"Person\",\"@id\":\"https:\\\/\\\/www.webdo.tn\\\/fr\\\/#\\\/schema\\\/person\\\/b8a41c04d93287d375510db360906b34\",\"name\":\"AZ\",\"image\":{\"@type\":\"ImageObject\",\"inLanguage\":\"fr-FR\",\"@id\":\"https:\\\/\\\/secure.gravatar.com\\\/avatar\\\/492b80bada79439de4201dce15cd41eece6c277cfdf1b53382073c79105c1f89?s=96&d=mm&r=g\",\"url\":\"https:\\\/\\\/secure.gravatar.com\\\/avatar\\\/492b80bada79439de4201dce15cd41eece6c277cfdf1b53382073c79105c1f89?s=96&d=mm&r=g\",\"contentUrl\":\"https:\\\/\\\/secure.gravatar.com\\\/avatar\\\/492b80bada79439de4201dce15cd41eece6c277cfdf1b53382073c79105c1f89?s=96&d=mm&r=g\",\"caption\":\"AZ\"},\"url\":\"https:\\\/\\\/www.webdo.tn\\\/fr\\\/actualite\\\/author\\\/az\\\/\"}]}<\/script>\n<!-- \/ Yoast SEO Premium plugin. -->","yoast_head_json":{"title":"N\u00e9ji Jalloul annonce sa candidature \u00e0 l\u2019\u00e9lection pr\u00e9sidentielle","description":"N\u00e9ji Jalloul, pr\u00e9sident du parti de la Coalition nationale Tunisienne, annonce sa candidature \u00e0 l'\u00e9lection pr\u00e9sidentielle du 6 octobre 2024 lors d'un caf\u00e9 polit...","canonical":"https:\/\/www.webdo.tn\/fr\/actualite\/national\/neji-jalloul-annonce-sa-candidature-a-l-election-presidentielle\/215122\/","og_locale":"fr_FR","og_type":"article","og_title":"N\u00e9ji Jalloul annonce sa candidature \u00e0 l\u2019\u00e9lection pr\u00e9sidentielle","og_description":"N\u00e9ji Jalloul, pr\u00e9sident du parti de la Coalition nationale Tunisienne, annonce sa candidature \u00e0 l'\u00e9lection pr\u00e9sidentielle du 6 octobre 2024 lors d'un caf\u00e9 polit...","og_url":"https:\/\/www.webdo.tn\/fr\/actualite\/national\/neji-jalloul-annonce-sa-candidature-a-l-election-presidentielle\/215122\/","og_site_name":"webdo","article_publisher":"https:\/\/www.facebook.com\/webdotn","article_published_time":"2024-07-07T11:25:00+00:00","article_modified_time":"2025-05-21T09:04:58+00:00","og_image":[{"width":750,"height":400,"url":"https:\/\/www.webdo.tn\/fr\/wp-content\/uploads\/2024\/07\/4726254ec05e99f8182452cf3270845a.webp","type":"image\/webp"}],"author":"AZ","twitter_card":"summary_large_image","twitter_creator":"@webdo_tn","twitter_site":"@webdo_tn","twitter_misc":{"\u00c9crit par":"AZ","Dur\u00e9e de lecture estim\u00e9e":"1 minute"},"schema":{"@context":"https:\/\/schema.org","@graph":[{"@type":"NewsArticle","@id":"https:\/\/www.webdo.tn\/fr\/actualite\/national\/neji-jalloul-annonce-sa-candidature-a-l-election-presidentielle\/215122\/#article","isPartOf":{"@id":"https:\/\/www.webdo.tn\/fr\/actualite\/national\/neji-jalloul-annonce-sa-candidature-a-l-election-presidentielle\/215122\/"},"author":{"name":"AZ","@id":"https:\/\/www.webdo.tn\/fr\/#\/schema\/person\/b8a41c04d93287d375510db360906b34"},"headline":"N\u00e9ji Jalloul annonce sa candidature \u00e0 l\u2019\u00e9lection pr\u00e9sidentielle","datePublished":"2024-07-07T11:25:00+00:00","dateModified":"2025-05-21T09:04:58+00:00","mainEntityOfPage":{"@id":"https:\/\/www.webdo.tn\/fr\/actualite\/national\/neji-jalloul-annonce-sa-candidature-a-l-election-presidentielle\/215122\/"},"wordCount":136,"commentCount":0,"publisher":{"@id":"https:\/\/www.webdo.tn\/fr\/#organization"},"image":{"@id":"https:\/\/www.webdo.tn\/fr\/actualite\/national\/neji-jalloul-annonce-sa-candidature-a-l-election-presidentielle\/215122\/#primaryimage"},"thumbnailUrl":"https:\/\/www.webdo.tn\/fr\/wp-content\/uploads\/2024\/07\/4726254ec05e99f8182452cf3270845a.webp","keywords":["2024","\u00e9lection pr\u00e9sidentielle","n\u00e9ji jalloul","Tunisie"],"articleSection":["National"],"inLanguage":"fr-FR"},{"@type":"WebPage","@id":"https:\/\/www.webdo.tn\/fr\/actualite\/national\/neji-jalloul-annonce-sa-candidature-a-l-election-presidentielle\/215122\/","url":"https:\/\/www.webdo.tn\/fr\/actualite\/national\/neji-jalloul-annonce-sa-candidature-a-l-election-presidentielle\/215122\/","name":"N\u00e9ji Jalloul annonce sa candidature \u00e0 l\u2019\u00e9lection pr\u00e9sidentielle","isPartOf":{"@id":"https:\/\/www.webdo.tn\/fr\/#website"},"primaryImageOfPage":{"@id":"https:\/\/www.webdo.tn\/fr\/actualite\/national\/neji-jalloul-annonce-sa-candidature-a-l-election-presidentielle\/215122\/#primaryimage"},"image":{"@id":"https:\/\/www.webdo.tn\/fr\/actualite\/national\/neji-jalloul-annonce-sa-candidature-a-l-election-presidentielle\/215122\/#primaryimage"},"thumbnailUrl":"https:\/\/www.webdo.tn\/fr\/wp-content\/uploads\/2024\/07\/4726254ec05e99f8182452cf3270845a.webp","datePublished":"2024-07-07T11:25:00+00:00","dateModified":"2025-05-21T09:04:58+00:00","description":"N\u00e9ji Jalloul, pr\u00e9sident du parti de la Coalition nationale Tunisienne, annonce sa candidature \u00e0 l'\u00e9lection pr\u00e9sidentielle du 6 octobre 2024 lors d'un caf\u00e9 polit...","breadcrumb":{"@id":"https:\/\/www.webdo.tn\/fr\/actualite\/national\/neji-jalloul-annonce-sa-candidature-a-l-election-presidentielle\/215122\/#breadcrumb"},"inLanguage":"fr-FR","potentialAction":[{"@type":"ReadAction","target":["https:\/\/www.webdo.tn\/fr\/actualite\/national\/neji-jalloul-annonce-sa-candidature-a-l-election-presidentielle\/215122\/"]}]},{"@type":"ImageObject","inLanguage":"fr-FR","@id":"https:\/\/www.webdo.tn\/fr\/actualite\/national\/neji-jalloul-annonce-sa-candidature-a-l-election-presidentielle\/215122\/#primaryimage","url":"https:\/\/www.webdo.tn\/fr\/wp-content\/uploads\/2024\/07\/4726254ec05e99f8182452cf3270845a.webp","contentUrl":"https:\/\/www.webdo.tn\/fr\/wp-content\/uploads\/2024\/07\/4726254ec05e99f8182452cf3270845a.webp","width":750,"height":400,"caption":"N\u00e9ji Jalloul annonce sa candidature \u00e0 l\u2019\u00e9lection pr\u00e9sidentielle"},{"@type":"BreadcrumbList","@id":"https:\/\/www.webdo.tn\/fr\/actualite\/national\/neji-jalloul-annonce-sa-candidature-a-l-election-presidentielle\/215122\/#breadcrumb","itemListElement":[{"@type":"ListItem","position":1,"name":"Accueil","item":"https:\/\/www.webdo.tn\/fr\/"},{"@type":"ListItem","position":2,"name":"N\u00e9ji Jalloul annonce sa candidature \u00e0 l\u2019\u00e9lection pr\u00e9sidentielle"}]},{"@type":"WebSite","@id":"https:\/\/www.webdo.tn\/fr\/#website","url":"https:\/\/www.webdo.tn\/fr\/","name":"webdo","description":"Tunisie - News en Tunisie et \u00e0 l&#039;international sur Webdo.tn","publisher":{"@id":"https:\/\/www.webdo.tn\/fr\/#organization"},"potentialAction":[{"@type":"SearchAction","target":{"@type":"EntryPoint","urlTemplate":"https:\/\/www.webdo.tn\/fr\/?s={search_term_string}"},"query-input":{"@type":"PropertyValueSpecification","valueRequired":true,"valueName":"search_term_string"}}],"inLanguage":"fr-FR"},{"@type":"Organization","@id":"https:\/\/www.webdo.tn\/fr\/#organization","name":"Webdo","alternateName":"Webdo.tn","url":"https:\/\/www.webdo.tn\/fr\/","logo":{"@type":"ImageObject","inLanguage":"fr-FR","@id":"https:\/\/www.webdo.tn\/fr\/#\/schema\/logo\/image\/","url":"https:\/\/www.webdo.tn\/fr\/wp-content\/uploads\/2025\/06\/Webdo-Tunisie_168377.jpg","contentUrl":"https:\/\/www.webdo.tn\/fr\/wp-content\/uploads\/2025\/06\/Webdo-Tunisie_168377.jpg","width":301,"height":301,"caption":"Webdo"},"image":{"@id":"https:\/\/www.webdo.tn\/fr\/#\/schema\/logo\/image\/"},"sameAs":["https:\/\/www.facebook.com\/webdotn","https:\/\/x.com\/webdo_tn"],"description":"Webdo est un m\u00e9dia num\u00e9rique tunisien fond\u00e9 en 2010, sp\u00e9cialis\u00e9 dans l\u2019actualit\u00e9 nationale et internationale, l\u2019\u00e9conomie, la soci\u00e9t\u00e9 et les analyses politiques. Le site s\u2019adresse \u00e0 un large public francophone et couvre l\u2019information tunisienne en temps r\u00e9el.","email":"redac@webdo.tn","legalName":"YNJ SARL","foundingDate":"2010-09-06","numberOfEmployees":{"@type":"QuantitativeValue","minValue":"11","maxValue":"50"}},{"@type":"Person","@id":"https:\/\/www.webdo.tn\/fr\/#\/schema\/person\/b8a41c04d93287d375510db360906b34","name":"AZ","image":{"@type":"ImageObject","inLanguage":"fr-FR","@id":"https:\/\/secure.gravatar.com\/avatar\/492b80bada79439de4201dce15cd41eece6c277cfdf1b53382073c79105c1f89?s=96&d=mm&r=g","url":"https:\/\/secure.gravatar.com\/avatar\/492b80bada79439de4201dce15cd41eece6c277cfdf1b53382073c79105c1f89?s=96&d=mm&r=g","contentUrl":"https:\/\/secure.gravatar.com\/avatar\/492b80bada79439de4201dce15cd41eece6c277cfdf1b53382073c79105c1f89?s=96&d=mm&r=g","caption":"AZ"},"url":"https:\/\/www.webdo.tn\/fr\/actualite\/author\/az\/"}]}},"_links":{"self":[{"href":"https:\/\/www.webdo.tn\/fr\/wp-json\/wp\/v2\/posts\/215122","targetHints":{"allow":["GET"]}}],"collection":[{"href":"https:\/\/www.webdo.tn\/fr\/wp-json\/wp\/v2\/posts"}],"about":[{"href":"https:\/\/www.webdo.tn\/fr\/wp-json\/wp\/v2\/types\/post"}],"author":[{"embeddable":true,"href":"https:\/\/www.webdo.tn\/fr\/wp-json\/wp\/v2\/users\/3166"}],"replies":[{"embeddable":true,"href":"https:\/\/www.webdo.tn\/fr\/wp-json\/wp\/v2\/comments?post=215122"}],"version-history":[{"count":0,"href":"https:\/\/www.webdo.tn\/fr\/wp-json\/wp\/v2\/posts\/215122\/revisions"}],"wp:featuredmedia":[{"embeddable":true,"href":"https:\/\/www.webdo.tn\/fr\/wp-json\/wp\/v2\/media\/247039"}],"wp:attachment":[{"href":"https:\/\/www.webdo.tn\/fr\/wp-json\/wp\/v2\/media?parent=215122"}],"wp:term":[{"taxonomy":"category","embeddable":true,"href":"https:\/\/www.webdo.tn\/fr\/wp-json\/wp\/v2\/categories?post=215122"},{"taxonomy":"post_tag","embeddable":true,"href":"https:\/\/www.webdo.tn\/fr\/wp-json\/wp\/v2\/tags?post=215122"}],"curies":[{"name":"wp","href":"https:\/\/api.w.org\/{rel}","templated":true}]}}