{"id":215116,"date":"2024-07-06T12:26:00","date_gmt":"2024-07-06T12:26:00","guid":{"rendered":"https:\/\/www.webdo.tn\/fr\/blog\/ras-el-am-une-celebration-aux-saveurs-de-couscous-et-mloukhia\/215116\/"},"modified":"2024-07-06T12:26:00","modified_gmt":"2024-07-06T12:26:00","slug":"ras-el-am-une-celebration-aux-saveurs-de-couscous-et-mloukhia","status":"publish","type":"post","link":"https:\/\/www.webdo.tn\/fr\/actualite\/chroniques\/ras-el-am-une-celebration-aux-saveurs-de-couscous-et-mloukhia\/215116\/","title":{"rendered":"Ras el Am : Une c\u00e9l\u00e9bration aux saveurs de couscous et mloukhia"},"content":{"rendered":"<p>Bienvenue \u00e0 Ras el am, le Nouvel an h\u00e9girien. Premier mois du  calendrier, Moharrem fait son entr\u00e9e vingt jours apr\u00e8s Aid el Idha et marque le d\u00e9but de la nouvelle ann\u00e9e.<\/p>\n<p>\t\t\t\t\t\t\t\t\tPlusieurs coutumes sont li\u00e9es \u00e0 cette importante c\u00e9l\u00e9bration. Elles sont pour l&rsquo;essentiel culinaires et riches en symboles.<br \/>\nRas el am est le premier jour de l&rsquo;ann\u00e9e lunaire. D&rsquo;apr\u00e8s le\u00a0 calendrier h\u00e9girien, c&rsquo;est le premier jour du mois de Moharrem, premier mois de l&rsquo;ann\u00e9e.<\/p>\n<p>Le calendrier h\u00e9girien commence \u00e0 partir de la date de l&rsquo;\u00e9migration (h\u00e9gire) du Proph\u00e8te \u00e0 M\u00e9dine, le 16 juillet 622. Ce calendrier accueillera donc l&rsquo;ann\u00e9e 1446 ce samedi apr\u00e8s le coucher du soleil.<\/p>\n<p>Il existe plusieurs coutumes li\u00e9es \u00e0 Ras el am. On consomme par exemple un potage l\u00e9ger pour que l&rsquo;ann\u00e9e passe facilement. On d\u00e9guste des g\u00e2teaux et friandises pour que l&rsquo;ann\u00e9e soit douce. Pour que l&rsquo;ann\u00e9e qui arrive ne soit pas br\u00fblante, on s&rsquo;abstiendra ce jour pr\u00e9cis de consommer de l&rsquo; harissa et des condiments piquants.<\/p>\n<p>Selon les familles et les r\u00e9gions, on mangera aussi de la mloukhia et du\u00a0 couscous qui est le plat rituel li\u00e9 \u00e0 cette f\u00eate.<br \/>\nEn ce qui concerne la mloukhia, sa couleur verte est consid\u00e9r\u00e9e de bon augure. Par superstition, on ne mettra pas d&rsquo;ail dans ce plat car il est cens\u00e9 faire pleurer.<\/p>\n<p>La mloukhia est un plat \u00e0 base de feuilles de cor\u00e8te pil\u00e9es et tamis\u00e9es finement. On le pr\u00e9pare avec de la viande de boeuf et on laisse mijoter \u00e0 feu tr\u00e8s doux pendant toute la nuit.<\/p>\n<p>C&rsquo;est toutefois le\u00a0 couscous qui est le plat principal pour cette c\u00e9l\u00e9bration. C&rsquo;est un couscous aux f\u00e8ves et au qadid. Les f\u00e8ves sont un gage de prosp\u00e9rit\u00e9. On ajoute parfois aux f\u00e8ves des oeufs durs.<\/p>\n<p>Pour le qadid, il s&rsquo;agit de lani\u00e8res de viande sal\u00e9e, \u00e9pic\u00e9e et s\u00e9ch\u00e9e. Cette viande provient du mouton qui a \u00e9t\u00e9 sacrifi\u00e9 vingt jours avant pour Aid el Idha.<\/p>\n<p>Ce qui est remarquable pour ce\u00a0 couscous de Ras el am, c&rsquo;est le fait que, selon nos traditions, il doit \u00eatre pr\u00e9par\u00e9 avec des produits de l&rsquo;ann\u00e9e pr\u00e9c\u00e9dente.<\/p>\n<p>En effet, les graines de couscous doivent provenir de deux provisions diff\u00e9rentes. C&rsquo;est aussi le cas pour les f\u00e8ves s\u00e8ches et bouillies qui doivent provenir de stocks successifs. M\u00eame le qadid est cens\u00e9 provenir de deux aids qui se sont succ\u00e9d\u00e9s.<br \/>\nCe rituel est une mani\u00e8re symbolique pour les familles de souligner la prosp\u00e9rit\u00e9 et donc l&rsquo;absence de rupture des stocks alimentaires.<\/p>\n<p>Toutefois, de nos jours, le\u00a0 couscous de Ras el am ne r\u00e9pond plus absolument \u00e0 ces exigences car la vie moderne a profond\u00e9ment chang\u00e9 les coutumes. Et, il est devenu rare, surtout en milieu urbain, de constituer des provisions annuelles, ces \u00ab\u00a0oula\u00a0\u00bb de la tradition.<\/p>\n<p>Bonne ann\u00e9e 1446 \u00e0 toutes et \u00e0 tous! Que votre ann\u00e9e soit verte et abondante !<\/p>\n","protected":false},"excerpt":{"rendered":"<p>Ras el am est le premier jour de l&rsquo;ann\u00e9e lunaire. D&rsquo;apr\u00e8s le  calendrier h\u00e9girien, c&rsquo;est le premier jour du mois de Moharrem, premier mois de l&rsquo;ann\u00e9e.<\/p>\n","protected":false},"author":3229,"featured_media":290801,"comment_status":"open","ping_status":"closed","sticky":false,"template":"","format":"standard","meta":{"footnotes":""},"categories":[2596],"tags":[10299,6211,4534],"class_list":["post-215116","post","type-post","status-publish","format-standard","has-post-thumbnail","hentry","category-chroniques","tag-ras-el-am","tag-hegire","tag-nouvel-an"],"yoast_head":"<!-- This site is optimized with the Yoast SEO Premium plugin v27.5 (Yoast SEO v27.5) - https:\/\/yoast.com\/product\/yoast-seo-premium-wordpress\/ -->\n<title>Ras el Am : Une c\u00e9l\u00e9bration aux saveurs de couscous et mloukhia<\/title>\n<meta name=\"description\" content=\"Ras el am est le premier jour de l&#039;ann\u00e9e lunaire. D&#039;apr\u00e8s le calendrier h\u00e9girien, c&#039;est le premier jour du mois de Moharrem, premier mois de l&#039;ann\u00e9e.\" \/>\n<link rel=\"canonical\" href=\"https:\/\/www.webdo.tn\/fr\/actualite\/chroniques\/ras-el-am-une-celebration-aux-saveurs-de-couscous-et-mloukhia\/215116\/\" \/>\n<meta property=\"og:locale\" content=\"fr_FR\" \/>\n<meta property=\"og:type\" content=\"article\" \/>\n<meta property=\"og:title\" content=\"Ras el Am : Une c\u00e9l\u00e9bration aux saveurs de couscous et mloukhia\" \/>\n<meta property=\"og:description\" content=\"Ras el am est le premier jour de l&#039;ann\u00e9e lunaire. D&#039;apr\u00e8s le calendrier h\u00e9girien, c&#039;est le premier jour du mois de Moharrem, premier mois de l&#039;ann\u00e9e.\" \/>\n<meta property=\"og:url\" content=\"https:\/\/www.webdo.tn\/fr\/actualite\/chroniques\/ras-el-am-une-celebration-aux-saveurs-de-couscous-et-mloukhia\/215116\/\" \/>\n<meta property=\"og:site_name\" content=\"webdo\" \/>\n<meta property=\"article:publisher\" content=\"https:\/\/www.facebook.com\/webdotn\" \/>\n<meta property=\"article:author\" content=\"https:\/\/www.facebook.com\/hatem.bourial.2025\" \/>\n<meta property=\"article:published_time\" content=\"2024-07-06T12:26:00+00:00\" \/>\n<meta property=\"og:image\" content=\"https:\/\/www.webdo.tn\/fr\/wp-content\/uploads\/2024\/07\/d28072e6337f11713d7eb6609ff68387.webp\" \/>\n\t<meta property=\"og:image:width\" content=\"750\" \/>\n\t<meta property=\"og:image:height\" content=\"400\" \/>\n\t<meta property=\"og:image:type\" content=\"image\/webp\" \/>\n<meta name=\"author\" content=\"Hatem Bourial\" \/>\n<meta name=\"twitter:card\" content=\"summary_large_image\" \/>\n<meta name=\"twitter:creator\" content=\"@webdo_tn\" \/>\n<meta name=\"twitter:site\" content=\"@webdo_tn\" \/>\n<meta name=\"twitter:label1\" content=\"\u00c9crit par\" \/>\n\t<meta name=\"twitter:data1\" content=\"Hatem Bourial\" \/>\n\t<meta name=\"twitter:label2\" content=\"Dur\u00e9e de lecture estim\u00e9e\" \/>\n\t<meta name=\"twitter:data2\" content=\"3 minutes\" \/>\n<script type=\"application\/ld+json\" class=\"yoast-schema-graph\">{\"@context\":\"https:\\\/\\\/schema.org\",\"@graph\":[{\"@type\":\"NewsArticle\",\"@id\":\"https:\\\/\\\/www.webdo.tn\\\/fr\\\/actualite\\\/chroniques\\\/ras-el-am-une-celebration-aux-saveurs-de-couscous-et-mloukhia\\\/215116\\\/#article\",\"isPartOf\":{\"@id\":\"https:\\\/\\\/www.webdo.tn\\\/fr\\\/actualite\\\/chroniques\\\/ras-el-am-une-celebration-aux-saveurs-de-couscous-et-mloukhia\\\/215116\\\/\"},\"author\":{\"name\":\"Hatem Bourial\",\"@id\":\"https:\\\/\\\/www.webdo.tn\\\/fr\\\/#\\\/schema\\\/person\\\/6bc0beba2cd23aec27cb5df85ca2554f\"},\"headline\":\"Ras el Am : Une c\u00e9l\u00e9bration aux saveurs de couscous et mloukhia\",\"datePublished\":\"2024-07-06T12:26:00+00:00\",\"mainEntityOfPage\":{\"@id\":\"https:\\\/\\\/www.webdo.tn\\\/fr\\\/actualite\\\/chroniques\\\/ras-el-am-une-celebration-aux-saveurs-de-couscous-et-mloukhia\\\/215116\\\/\"},\"wordCount\":546,\"commentCount\":0,\"publisher\":{\"@id\":\"https:\\\/\\\/www.webdo.tn\\\/fr\\\/#organization\"},\"image\":{\"@id\":\"https:\\\/\\\/www.webdo.tn\\\/fr\\\/actualite\\\/chroniques\\\/ras-el-am-une-celebration-aux-saveurs-de-couscous-et-mloukhia\\\/215116\\\/#primaryimage\"},\"thumbnailUrl\":\"https:\\\/\\\/www.webdo.tn\\\/fr\\\/wp-content\\\/uploads\\\/2024\\\/07\\\/d28072e6337f11713d7eb6609ff68387.webp\",\"keywords\":[\"'ras el am']\",\"h\u00e9gire\",\"nouvel an\"],\"articleSection\":[\"Chroniques\"],\"inLanguage\":\"fr-FR\"},{\"@type\":\"WebPage\",\"@id\":\"https:\\\/\\\/www.webdo.tn\\\/fr\\\/actualite\\\/chroniques\\\/ras-el-am-une-celebration-aux-saveurs-de-couscous-et-mloukhia\\\/215116\\\/\",\"url\":\"https:\\\/\\\/www.webdo.tn\\\/fr\\\/actualite\\\/chroniques\\\/ras-el-am-une-celebration-aux-saveurs-de-couscous-et-mloukhia\\\/215116\\\/\",\"name\":\"Ras el Am : Une c\u00e9l\u00e9bration aux saveurs de couscous et mloukhia\",\"isPartOf\":{\"@id\":\"https:\\\/\\\/www.webdo.tn\\\/fr\\\/#website\"},\"primaryImageOfPage\":{\"@id\":\"https:\\\/\\\/www.webdo.tn\\\/fr\\\/actualite\\\/chroniques\\\/ras-el-am-une-celebration-aux-saveurs-de-couscous-et-mloukhia\\\/215116\\\/#primaryimage\"},\"image\":{\"@id\":\"https:\\\/\\\/www.webdo.tn\\\/fr\\\/actualite\\\/chroniques\\\/ras-el-am-une-celebration-aux-saveurs-de-couscous-et-mloukhia\\\/215116\\\/#primaryimage\"},\"thumbnailUrl\":\"https:\\\/\\\/www.webdo.tn\\\/fr\\\/wp-content\\\/uploads\\\/2024\\\/07\\\/d28072e6337f11713d7eb6609ff68387.webp\",\"datePublished\":\"2024-07-06T12:26:00+00:00\",\"description\":\"Ras el am est le premier jour de l'ann\u00e9e lunaire. D'apr\u00e8s le calendrier h\u00e9girien, c'est le premier jour du mois de Moharrem, premier mois de l'ann\u00e9e.\",\"breadcrumb\":{\"@id\":\"https:\\\/\\\/www.webdo.tn\\\/fr\\\/actualite\\\/chroniques\\\/ras-el-am-une-celebration-aux-saveurs-de-couscous-et-mloukhia\\\/215116\\\/#breadcrumb\"},\"inLanguage\":\"fr-FR\",\"potentialAction\":[{\"@type\":\"ReadAction\",\"target\":[\"https:\\\/\\\/www.webdo.tn\\\/fr\\\/actualite\\\/chroniques\\\/ras-el-am-une-celebration-aux-saveurs-de-couscous-et-mloukhia\\\/215116\\\/\"]}]},{\"@type\":\"ImageObject\",\"inLanguage\":\"fr-FR\",\"@id\":\"https:\\\/\\\/www.webdo.tn\\\/fr\\\/actualite\\\/chroniques\\\/ras-el-am-une-celebration-aux-saveurs-de-couscous-et-mloukhia\\\/215116\\\/#primaryimage\",\"url\":\"https:\\\/\\\/www.webdo.tn\\\/fr\\\/wp-content\\\/uploads\\\/2024\\\/07\\\/d28072e6337f11713d7eb6609ff68387.webp\",\"contentUrl\":\"https:\\\/\\\/www.webdo.tn\\\/fr\\\/wp-content\\\/uploads\\\/2024\\\/07\\\/d28072e6337f11713d7eb6609ff68387.webp\",\"width\":750,\"height\":400,\"caption\":\"Ras el Am : Une c\u00e9l\u00e9bration aux saveurs de couscous et mloukhia\"},{\"@type\":\"BreadcrumbList\",\"@id\":\"https:\\\/\\\/www.webdo.tn\\\/fr\\\/actualite\\\/chroniques\\\/ras-el-am-une-celebration-aux-saveurs-de-couscous-et-mloukhia\\\/215116\\\/#breadcrumb\",\"itemListElement\":[{\"@type\":\"ListItem\",\"position\":1,\"name\":\"Accueil\",\"item\":\"https:\\\/\\\/www.webdo.tn\\\/fr\\\/\"},{\"@type\":\"ListItem\",\"position\":2,\"name\":\"Ras el Am : Une c\u00e9l\u00e9bration aux saveurs de couscous et mloukhia\"}]},{\"@type\":\"WebSite\",\"@id\":\"https:\\\/\\\/www.webdo.tn\\\/fr\\\/#website\",\"url\":\"https:\\\/\\\/www.webdo.tn\\\/fr\\\/\",\"name\":\"webdo\",\"description\":\"Tunisie - News en Tunisie et \u00e0 l&#039;international sur Webdo.tn\",\"publisher\":{\"@id\":\"https:\\\/\\\/www.webdo.tn\\\/fr\\\/#organization\"},\"potentialAction\":[{\"@type\":\"SearchAction\",\"target\":{\"@type\":\"EntryPoint\",\"urlTemplate\":\"https:\\\/\\\/www.webdo.tn\\\/fr\\\/?s={search_term_string}\"},\"query-input\":{\"@type\":\"PropertyValueSpecification\",\"valueRequired\":true,\"valueName\":\"search_term_string\"}}],\"inLanguage\":\"fr-FR\"},{\"@type\":\"Organization\",\"@id\":\"https:\\\/\\\/www.webdo.tn\\\/fr\\\/#organization\",\"name\":\"Webdo\",\"alternateName\":\"Webdo.tn\",\"url\":\"https:\\\/\\\/www.webdo.tn\\\/fr\\\/\",\"logo\":{\"@type\":\"ImageObject\",\"inLanguage\":\"fr-FR\",\"@id\":\"https:\\\/\\\/www.webdo.tn\\\/fr\\\/#\\\/schema\\\/logo\\\/image\\\/\",\"url\":\"https:\\\/\\\/www.webdo.tn\\\/fr\\\/wp-content\\\/uploads\\\/2025\\\/06\\\/Webdo-Tunisie_168377.jpg\",\"contentUrl\":\"https:\\\/\\\/www.webdo.tn\\\/fr\\\/wp-content\\\/uploads\\\/2025\\\/06\\\/Webdo-Tunisie_168377.jpg\",\"width\":301,\"height\":301,\"caption\":\"Webdo\"},\"image\":{\"@id\":\"https:\\\/\\\/www.webdo.tn\\\/fr\\\/#\\\/schema\\\/logo\\\/image\\\/\"},\"sameAs\":[\"https:\\\/\\\/www.facebook.com\\\/webdotn\",\"https:\\\/\\\/x.com\\\/webdo_tn\"],\"description\":\"Webdo est un m\u00e9dia num\u00e9rique tunisien fond\u00e9 en 2010, sp\u00e9cialis\u00e9 dans l\u2019actualit\u00e9 nationale et internationale, l\u2019\u00e9conomie, la soci\u00e9t\u00e9 et les analyses politiques. Le site s\u2019adresse \u00e0 un large public francophone et couvre l\u2019information tunisienne en temps r\u00e9el.\",\"email\":\"redac@webdo.tn\",\"legalName\":\"YNJ SARL\",\"foundingDate\":\"2010-09-06\",\"numberOfEmployees\":{\"@type\":\"QuantitativeValue\",\"minValue\":\"11\",\"maxValue\":\"50\"}},{\"@type\":\"Person\",\"@id\":\"https:\\\/\\\/www.webdo.tn\\\/fr\\\/#\\\/schema\\\/person\\\/6bc0beba2cd23aec27cb5df85ca2554f\",\"name\":\"Hatem Bourial\",\"image\":{\"@type\":\"ImageObject\",\"inLanguage\":\"fr-FR\",\"@id\":\"https:\\\/\\\/www.webdo.tn\\\/fr\\\/wp-content\\\/uploads\\\/2026\\\/04\\\/hatem-bourial_avatar-96x96.jpg\",\"url\":\"https:\\\/\\\/www.webdo.tn\\\/fr\\\/wp-content\\\/uploads\\\/2026\\\/04\\\/hatem-bourial_avatar-96x96.jpg\",\"contentUrl\":\"https:\\\/\\\/www.webdo.tn\\\/fr\\\/wp-content\\\/uploads\\\/2026\\\/04\\\/hatem-bourial_avatar-96x96.jpg\",\"caption\":\"Hatem Bourial\"},\"description\":\"Hatem Bourial est journaliste, \u00e9crivain et chroniqueur tunisien. Actif depuis plusieurs d\u00e9cennies, il s\u2019est impos\u00e9 comme un observateur attentif de la soci\u00e9t\u00e9 tunisienne, m\u00ealant dans ses \u00e9crits m\u00e9moire, culture et analyse du quotidien. Auteur de nombreux ouvrages, il d\u00e9veloppe une \u0153uvre \u00e0 la crois\u00e9e du r\u00e9cit, de la po\u00e9sie et de l\u2019observation sociologique. Parall\u00e8lement \u00e0 ses contributions dans la presse, il intervient r\u00e9guli\u00e8rement \u00e0 la radio et dans des espaces culturels, o\u00f9 il explore les enjeux li\u00e9s au patrimoine, \u00e0 l\u2019identit\u00e9 et aux transformations du monde contemporain. \u00c0 travers ses chroniques, Hatem Bourial propose une lecture sensible et approfondie de l\u2019actualit\u00e9, nourrie par une exp\u00e9rience journalistique et litt\u00e9raire reconnue. \ud83d\udd17 Facebook : https:\\\/\\\/www.facebook.com\\\/hatem.bourial.2025\",\"sameAs\":[\"https:\\\/\\\/www.facebook.com\\\/hatem.bourial.2025\",\"https:\\\/\\\/fr.wikipedia.org\\\/wiki\\\/Fichier:Hatem_Bourial.jpg\"],\"knowsAbout\":[\"Culture & patrimoine tunisien\",\"Chronique soci\u00e9tale\",\"Litt\u00e9rature & m\u00e9moire\",\"Cin\u00e9ma & critique culturelle\",\"Identit\u00e9 & mutations sociales\"],\"knowsLanguage\":[\"Arabe\",\"Fran\u00e7ais\",\"Anglais\",\"Italien\",\"Polonais\"],\"jobTitle\":\"Journaliste, \u00e9crivain et chroniqueur culturel\",\"worksFor\":\"Webdo\",\"url\":\"https:\\\/\\\/www.webdo.tn\\\/fr\\\/actualite\\\/author\\\/hatem-bourial-2\\\/\"}]}<\/script>\n<!-- \/ Yoast SEO Premium plugin. -->","yoast_head_json":{"title":"Ras el Am : Une c\u00e9l\u00e9bration aux saveurs de couscous et mloukhia","description":"Ras el am est le premier jour de l'ann\u00e9e lunaire. D'apr\u00e8s le calendrier h\u00e9girien, c'est le premier jour du mois de Moharrem, premier mois de l'ann\u00e9e.","canonical":"https:\/\/www.webdo.tn\/fr\/actualite\/chroniques\/ras-el-am-une-celebration-aux-saveurs-de-couscous-et-mloukhia\/215116\/","og_locale":"fr_FR","og_type":"article","og_title":"Ras el Am : Une c\u00e9l\u00e9bration aux saveurs de couscous et mloukhia","og_description":"Ras el am est le premier jour de l'ann\u00e9e lunaire. D'apr\u00e8s le calendrier h\u00e9girien, c'est le premier jour du mois de Moharrem, premier mois de l'ann\u00e9e.","og_url":"https:\/\/www.webdo.tn\/fr\/actualite\/chroniques\/ras-el-am-une-celebration-aux-saveurs-de-couscous-et-mloukhia\/215116\/","og_site_name":"webdo","article_publisher":"https:\/\/www.facebook.com\/webdotn","article_author":"https:\/\/www.facebook.com\/hatem.bourial.2025","article_published_time":"2024-07-06T12:26:00+00:00","og_image":[{"width":750,"height":400,"url":"https:\/\/www.webdo.tn\/fr\/wp-content\/uploads\/2024\/07\/d28072e6337f11713d7eb6609ff68387.webp","type":"image\/webp"}],"author":"Hatem Bourial","twitter_card":"summary_large_image","twitter_creator":"@webdo_tn","twitter_site":"@webdo_tn","twitter_misc":{"\u00c9crit par":"Hatem Bourial","Dur\u00e9e de lecture estim\u00e9e":"3 minutes"},"schema":{"@context":"https:\/\/schema.org","@graph":[{"@type":"NewsArticle","@id":"https:\/\/www.webdo.tn\/fr\/actualite\/chroniques\/ras-el-am-une-celebration-aux-saveurs-de-couscous-et-mloukhia\/215116\/#article","isPartOf":{"@id":"https:\/\/www.webdo.tn\/fr\/actualite\/chroniques\/ras-el-am-une-celebration-aux-saveurs-de-couscous-et-mloukhia\/215116\/"},"author":{"name":"Hatem Bourial","@id":"https:\/\/www.webdo.tn\/fr\/#\/schema\/person\/6bc0beba2cd23aec27cb5df85ca2554f"},"headline":"Ras el Am : Une c\u00e9l\u00e9bration aux saveurs de couscous et mloukhia","datePublished":"2024-07-06T12:26:00+00:00","mainEntityOfPage":{"@id":"https:\/\/www.webdo.tn\/fr\/actualite\/chroniques\/ras-el-am-une-celebration-aux-saveurs-de-couscous-et-mloukhia\/215116\/"},"wordCount":546,"commentCount":0,"publisher":{"@id":"https:\/\/www.webdo.tn\/fr\/#organization"},"image":{"@id":"https:\/\/www.webdo.tn\/fr\/actualite\/chroniques\/ras-el-am-une-celebration-aux-saveurs-de-couscous-et-mloukhia\/215116\/#primaryimage"},"thumbnailUrl":"https:\/\/www.webdo.tn\/fr\/wp-content\/uploads\/2024\/07\/d28072e6337f11713d7eb6609ff68387.webp","keywords":["'ras el am']","h\u00e9gire","nouvel an"],"articleSection":["Chroniques"],"inLanguage":"fr-FR"},{"@type":"WebPage","@id":"https:\/\/www.webdo.tn\/fr\/actualite\/chroniques\/ras-el-am-une-celebration-aux-saveurs-de-couscous-et-mloukhia\/215116\/","url":"https:\/\/www.webdo.tn\/fr\/actualite\/chroniques\/ras-el-am-une-celebration-aux-saveurs-de-couscous-et-mloukhia\/215116\/","name":"Ras el Am : Une c\u00e9l\u00e9bration aux saveurs de couscous et mloukhia","isPartOf":{"@id":"https:\/\/www.webdo.tn\/fr\/#website"},"primaryImageOfPage":{"@id":"https:\/\/www.webdo.tn\/fr\/actualite\/chroniques\/ras-el-am-une-celebration-aux-saveurs-de-couscous-et-mloukhia\/215116\/#primaryimage"},"image":{"@id":"https:\/\/www.webdo.tn\/fr\/actualite\/chroniques\/ras-el-am-une-celebration-aux-saveurs-de-couscous-et-mloukhia\/215116\/#primaryimage"},"thumbnailUrl":"https:\/\/www.webdo.tn\/fr\/wp-content\/uploads\/2024\/07\/d28072e6337f11713d7eb6609ff68387.webp","datePublished":"2024-07-06T12:26:00+00:00","description":"Ras el am est le premier jour de l'ann\u00e9e lunaire. D'apr\u00e8s le calendrier h\u00e9girien, c'est le premier jour du mois de Moharrem, premier mois de l'ann\u00e9e.","breadcrumb":{"@id":"https:\/\/www.webdo.tn\/fr\/actualite\/chroniques\/ras-el-am-une-celebration-aux-saveurs-de-couscous-et-mloukhia\/215116\/#breadcrumb"},"inLanguage":"fr-FR","potentialAction":[{"@type":"ReadAction","target":["https:\/\/www.webdo.tn\/fr\/actualite\/chroniques\/ras-el-am-une-celebration-aux-saveurs-de-couscous-et-mloukhia\/215116\/"]}]},{"@type":"ImageObject","inLanguage":"fr-FR","@id":"https:\/\/www.webdo.tn\/fr\/actualite\/chroniques\/ras-el-am-une-celebration-aux-saveurs-de-couscous-et-mloukhia\/215116\/#primaryimage","url":"https:\/\/www.webdo.tn\/fr\/wp-content\/uploads\/2024\/07\/d28072e6337f11713d7eb6609ff68387.webp","contentUrl":"https:\/\/www.webdo.tn\/fr\/wp-content\/uploads\/2024\/07\/d28072e6337f11713d7eb6609ff68387.webp","width":750,"height":400,"caption":"Ras el Am : Une c\u00e9l\u00e9bration aux saveurs de couscous et mloukhia"},{"@type":"BreadcrumbList","@id":"https:\/\/www.webdo.tn\/fr\/actualite\/chroniques\/ras-el-am-une-celebration-aux-saveurs-de-couscous-et-mloukhia\/215116\/#breadcrumb","itemListElement":[{"@type":"ListItem","position":1,"name":"Accueil","item":"https:\/\/www.webdo.tn\/fr\/"},{"@type":"ListItem","position":2,"name":"Ras el Am : Une c\u00e9l\u00e9bration aux saveurs de couscous et mloukhia"}]},{"@type":"WebSite","@id":"https:\/\/www.webdo.tn\/fr\/#website","url":"https:\/\/www.webdo.tn\/fr\/","name":"webdo","description":"Tunisie - News en Tunisie et \u00e0 l&#039;international sur Webdo.tn","publisher":{"@id":"https:\/\/www.webdo.tn\/fr\/#organization"},"potentialAction":[{"@type":"SearchAction","target":{"@type":"EntryPoint","urlTemplate":"https:\/\/www.webdo.tn\/fr\/?s={search_term_string}"},"query-input":{"@type":"PropertyValueSpecification","valueRequired":true,"valueName":"search_term_string"}}],"inLanguage":"fr-FR"},{"@type":"Organization","@id":"https:\/\/www.webdo.tn\/fr\/#organization","name":"Webdo","alternateName":"Webdo.tn","url":"https:\/\/www.webdo.tn\/fr\/","logo":{"@type":"ImageObject","inLanguage":"fr-FR","@id":"https:\/\/www.webdo.tn\/fr\/#\/schema\/logo\/image\/","url":"https:\/\/www.webdo.tn\/fr\/wp-content\/uploads\/2025\/06\/Webdo-Tunisie_168377.jpg","contentUrl":"https:\/\/www.webdo.tn\/fr\/wp-content\/uploads\/2025\/06\/Webdo-Tunisie_168377.jpg","width":301,"height":301,"caption":"Webdo"},"image":{"@id":"https:\/\/www.webdo.tn\/fr\/#\/schema\/logo\/image\/"},"sameAs":["https:\/\/www.facebook.com\/webdotn","https:\/\/x.com\/webdo_tn"],"description":"Webdo est un m\u00e9dia num\u00e9rique tunisien fond\u00e9 en 2010, sp\u00e9cialis\u00e9 dans l\u2019actualit\u00e9 nationale et internationale, l\u2019\u00e9conomie, la soci\u00e9t\u00e9 et les analyses politiques. Le site s\u2019adresse \u00e0 un large public francophone et couvre l\u2019information tunisienne en temps r\u00e9el.","email":"redac@webdo.tn","legalName":"YNJ SARL","foundingDate":"2010-09-06","numberOfEmployees":{"@type":"QuantitativeValue","minValue":"11","maxValue":"50"}},{"@type":"Person","@id":"https:\/\/www.webdo.tn\/fr\/#\/schema\/person\/6bc0beba2cd23aec27cb5df85ca2554f","name":"Hatem Bourial","image":{"@type":"ImageObject","inLanguage":"fr-FR","@id":"https:\/\/www.webdo.tn\/fr\/wp-content\/uploads\/2026\/04\/hatem-bourial_avatar-96x96.jpg","url":"https:\/\/www.webdo.tn\/fr\/wp-content\/uploads\/2026\/04\/hatem-bourial_avatar-96x96.jpg","contentUrl":"https:\/\/www.webdo.tn\/fr\/wp-content\/uploads\/2026\/04\/hatem-bourial_avatar-96x96.jpg","caption":"Hatem Bourial"},"description":"Hatem Bourial est journaliste, \u00e9crivain et chroniqueur tunisien. Actif depuis plusieurs d\u00e9cennies, il s\u2019est impos\u00e9 comme un observateur attentif de la soci\u00e9t\u00e9 tunisienne, m\u00ealant dans ses \u00e9crits m\u00e9moire, culture et analyse du quotidien. Auteur de nombreux ouvrages, il d\u00e9veloppe une \u0153uvre \u00e0 la crois\u00e9e du r\u00e9cit, de la po\u00e9sie et de l\u2019observation sociologique. Parall\u00e8lement \u00e0 ses contributions dans la presse, il intervient r\u00e9guli\u00e8rement \u00e0 la radio et dans des espaces culturels, o\u00f9 il explore les enjeux li\u00e9s au patrimoine, \u00e0 l\u2019identit\u00e9 et aux transformations du monde contemporain. \u00c0 travers ses chroniques, Hatem Bourial propose une lecture sensible et approfondie de l\u2019actualit\u00e9, nourrie par une exp\u00e9rience journalistique et litt\u00e9raire reconnue. \ud83d\udd17 Facebook : https:\/\/www.facebook.com\/hatem.bourial.2025","sameAs":["https:\/\/www.facebook.com\/hatem.bourial.2025","https:\/\/fr.wikipedia.org\/wiki\/Fichier:Hatem_Bourial.jpg"],"knowsAbout":["Culture & patrimoine tunisien","Chronique soci\u00e9tale","Litt\u00e9rature & m\u00e9moire","Cin\u00e9ma & critique culturelle","Identit\u00e9 & mutations sociales"],"knowsLanguage":["Arabe","Fran\u00e7ais","Anglais","Italien","Polonais"],"jobTitle":"Journaliste, \u00e9crivain et chroniqueur culturel","worksFor":"Webdo","url":"https:\/\/www.webdo.tn\/fr\/actualite\/author\/hatem-bourial-2\/"}]}},"_links":{"self":[{"href":"https:\/\/www.webdo.tn\/fr\/wp-json\/wp\/v2\/posts\/215116","targetHints":{"allow":["GET"]}}],"collection":[{"href":"https:\/\/www.webdo.tn\/fr\/wp-json\/wp\/v2\/posts"}],"about":[{"href":"https:\/\/www.webdo.tn\/fr\/wp-json\/wp\/v2\/types\/post"}],"author":[{"embeddable":true,"href":"https:\/\/www.webdo.tn\/fr\/wp-json\/wp\/v2\/users\/3229"}],"replies":[{"embeddable":true,"href":"https:\/\/www.webdo.tn\/fr\/wp-json\/wp\/v2\/comments?post=215116"}],"version-history":[{"count":0,"href":"https:\/\/www.webdo.tn\/fr\/wp-json\/wp\/v2\/posts\/215116\/revisions"}],"wp:featuredmedia":[{"embeddable":true,"href":"https:\/\/www.webdo.tn\/fr\/wp-json\/wp\/v2\/media\/290801"}],"wp:attachment":[{"href":"https:\/\/www.webdo.tn\/fr\/wp-json\/wp\/v2\/media?parent=215116"}],"wp:term":[{"taxonomy":"category","embeddable":true,"href":"https:\/\/www.webdo.tn\/fr\/wp-json\/wp\/v2\/categories?post=215116"},{"taxonomy":"post_tag","embeddable":true,"href":"https:\/\/www.webdo.tn\/fr\/wp-json\/wp\/v2\/tags?post=215116"}],"curies":[{"name":"wp","href":"https:\/\/api.w.org\/{rel}","templated":true}]}}