{"id":215112,"date":"2024-07-06T10:33:00","date_gmt":"2024-07-06T10:33:00","guid":{"rendered":"https:\/\/www.webdo.tn\/fr\/blog\/l-envoye-special-chinois-pour-le-moyen-orient-en-tunisie\/215112\/"},"modified":"2025-05-20T22:54:11","modified_gmt":"2025-05-20T22:54:11","slug":"l-envoye-special-chinois-pour-le-moyen-orient-en-tunisie","status":"publish","type":"post","link":"https:\/\/www.webdo.tn\/fr\/actualite\/national\/l-envoye-special-chinois-pour-le-moyen-orient-en-tunisie\/215112\/","title":{"rendered":"L\u2019envoy\u00e9 sp\u00e9cial chinois pour le Moyen-Orient en Tunisie"},"content":{"rendered":"<p>Nabil Ammar, Ministre des Affaires Etrang\u00e8res, de la Migration et des Tunisiens \u00e0 l\u2019Etranger, a re\u00e7u hier, Zhai Jun, Envoy\u00e9 sp\u00e9cial pour le Moyen-Orient de la Chine, en visite de travail en Tunisie.<\/p>\n<p>\t\t\t\t\t\t\t\t\tLa r\u00e9union a permis de passer en revue plusieurs sujets d\u2019int\u00e9r\u00eat commun, en particulier la r\u00e9cente visite du Pr\u00e9sident Kais Saied \u00e0 P\u00e9kin, que M. Zhai Jun a qualifi\u00e9e de r\u00e9ussite \u00e0 tous les niveaux.<\/p>\n<p>Le responsable chinois a \u00e9galement \u00e9voqu\u00e9 le prochain sommet du Forum sur la coop\u00e9ration sino-africaine qui se tiendra \u00e0 P\u00e9kin d\u00e9but septembre 2024, souhaitant que la participation de la Tunisie soit la plus \u00e9lev\u00e9e.<\/p>\n<p>En ce qui concerne le prochain sommet du Forum sur la coop\u00e9ration sino-africaine, Nabil Ammar a mis l\u2019accent sur l\u2019importance de ce partenariat sur le plan tant bilat\u00e9ral que multilat\u00e9ral et les opportunit\u00e9s d\u2019investissement qu\u2019il offre au continent africain, indiquant que la Tunisie participera au plus haut niveau possible.<\/p>\n<p>Sur la question palestinienne, l\u2019Envoy\u00e9 sp\u00e9cial chinois a appr\u00e9ci\u00e9 la convergence des positions de la Tunisie et la Chine.<\/p>\n","protected":false},"excerpt":{"rendered":"<p>Nabil Ammar, Ministre des Affaires Etrang\u00e8res, de la Migration et des Tunisiens \u00e0 l\u2019Etranger, a re\u00e7u hier, Zhai Jun, Envoy\u00e9 sp\u00e9cial pour le Moyen-Orient de la C&#8230;<\/p>\n","protected":false},"author":3175,"featured_media":290799,"comment_status":"open","ping_status":"closed","sticky":false,"template":"","format":"standard","meta":{"footnotes":""},"categories":[44],"tags":[2694,5805,2608],"class_list":["post-215112","post","type-post","status-publish","format-standard","has-post-thumbnail","hentry","category-national","tag-chine","tag-forum-sino-africain","tag-tunisie"],"yoast_head":"<!-- This site is optimized with the Yoast SEO Premium plugin v27.4 (Yoast SEO v27.5) - https:\/\/yoast.com\/product\/yoast-seo-premium-wordpress\/ -->\n<title>L\u2019envoy\u00e9 sp\u00e9cial chinois pour le Moyen-Orient en Tunisie<\/title>\n<meta name=\"description\" content=\"Nabil Ammar, Ministre des Affaires Etrang\u00e8res, de la Migration et des Tunisiens \u00e0 l\u2019Etranger, a re\u00e7u hier, Zhai Jun, Envoy\u00e9 sp\u00e9cial pour le Moyen-Orient de la C...\" \/>\n<link rel=\"canonical\" href=\"https:\/\/www.webdo.tn\/fr\/actualite\/national\/l-envoye-special-chinois-pour-le-moyen-orient-en-tunisie\/215112\/\" \/>\n<meta property=\"og:locale\" content=\"fr_FR\" \/>\n<meta property=\"og:type\" content=\"article\" \/>\n<meta property=\"og:title\" content=\"L\u2019envoy\u00e9 sp\u00e9cial chinois pour le Moyen-Orient en Tunisie\" \/>\n<meta property=\"og:description\" content=\"Nabil Ammar, Ministre des Affaires Etrang\u00e8res, de la Migration et des Tunisiens \u00e0 l\u2019Etranger, a re\u00e7u hier, Zhai Jun, Envoy\u00e9 sp\u00e9cial pour le Moyen-Orient de la C...\" \/>\n<meta property=\"og:url\" content=\"https:\/\/www.webdo.tn\/fr\/actualite\/national\/l-envoye-special-chinois-pour-le-moyen-orient-en-tunisie\/215112\/\" \/>\n<meta property=\"og:site_name\" content=\"webdo\" \/>\n<meta property=\"article:publisher\" content=\"https:\/\/www.facebook.com\/webdotn\" \/>\n<meta property=\"article:published_time\" content=\"2024-07-06T10:33:00+00:00\" \/>\n<meta property=\"article:modified_time\" content=\"2025-05-20T22:54:11+00:00\" \/>\n<meta property=\"og:image\" content=\"https:\/\/www.webdo.tn\/fr\/wp-content\/uploads\/2024\/07\/6b94e2925c28b9cd70bd4d58c6e8e022.webp\" \/>\n\t<meta property=\"og:image:width\" content=\"750\" \/>\n\t<meta property=\"og:image:height\" content=\"400\" \/>\n\t<meta property=\"og:image:type\" content=\"image\/webp\" \/>\n<meta name=\"author\" content=\"CL\" \/>\n<meta name=\"twitter:card\" content=\"summary_large_image\" \/>\n<meta name=\"twitter:creator\" content=\"@webdo_tn\" \/>\n<meta name=\"twitter:site\" content=\"@webdo_tn\" \/>\n<meta name=\"twitter:label1\" content=\"\u00c9crit par\" \/>\n\t<meta name=\"twitter:data1\" content=\"CL\" \/>\n\t<meta name=\"twitter:label2\" content=\"Dur\u00e9e de lecture estim\u00e9e\" \/>\n\t<meta name=\"twitter:data2\" content=\"1 minute\" \/>\n<script type=\"application\/ld+json\" class=\"yoast-schema-graph\">{\"@context\":\"https:\\\/\\\/schema.org\",\"@graph\":[{\"@type\":\"NewsArticle\",\"@id\":\"https:\\\/\\\/www.webdo.tn\\\/fr\\\/actualite\\\/national\\\/l-envoye-special-chinois-pour-le-moyen-orient-en-tunisie\\\/215112\\\/#article\",\"isPartOf\":{\"@id\":\"https:\\\/\\\/www.webdo.tn\\\/fr\\\/actualite\\\/national\\\/l-envoye-special-chinois-pour-le-moyen-orient-en-tunisie\\\/215112\\\/\"},\"author\":{\"name\":\"CL\",\"@id\":\"https:\\\/\\\/www.webdo.tn\\\/fr\\\/#\\\/schema\\\/person\\\/f35b42a42c5e2511bbd282959d6385cc\"},\"headline\":\"L\u2019envoy\u00e9 sp\u00e9cial chinois pour le Moyen-Orient en Tunisie\",\"datePublished\":\"2024-07-06T10:33:00+00:00\",\"dateModified\":\"2025-05-20T22:54:11+00:00\",\"mainEntityOfPage\":{\"@id\":\"https:\\\/\\\/www.webdo.tn\\\/fr\\\/actualite\\\/national\\\/l-envoye-special-chinois-pour-le-moyen-orient-en-tunisie\\\/215112\\\/\"},\"wordCount\":203,\"commentCount\":0,\"publisher\":{\"@id\":\"https:\\\/\\\/www.webdo.tn\\\/fr\\\/#organization\"},\"image\":{\"@id\":\"https:\\\/\\\/www.webdo.tn\\\/fr\\\/actualite\\\/national\\\/l-envoye-special-chinois-pour-le-moyen-orient-en-tunisie\\\/215112\\\/#primaryimage\"},\"thumbnailUrl\":\"https:\\\/\\\/www.webdo.tn\\\/fr\\\/wp-content\\\/uploads\\\/2024\\\/07\\\/6b94e2925c28b9cd70bd4d58c6e8e022.webp\",\"keywords\":[\"chine\",\"Forum sino-africain\",\"Tunisie\"],\"articleSection\":[\"National\"],\"inLanguage\":\"fr-FR\"},{\"@type\":\"WebPage\",\"@id\":\"https:\\\/\\\/www.webdo.tn\\\/fr\\\/actualite\\\/national\\\/l-envoye-special-chinois-pour-le-moyen-orient-en-tunisie\\\/215112\\\/\",\"url\":\"https:\\\/\\\/www.webdo.tn\\\/fr\\\/actualite\\\/national\\\/l-envoye-special-chinois-pour-le-moyen-orient-en-tunisie\\\/215112\\\/\",\"name\":\"L\u2019envoy\u00e9 sp\u00e9cial chinois pour le Moyen-Orient en Tunisie\",\"isPartOf\":{\"@id\":\"https:\\\/\\\/www.webdo.tn\\\/fr\\\/#website\"},\"primaryImageOfPage\":{\"@id\":\"https:\\\/\\\/www.webdo.tn\\\/fr\\\/actualite\\\/national\\\/l-envoye-special-chinois-pour-le-moyen-orient-en-tunisie\\\/215112\\\/#primaryimage\"},\"image\":{\"@id\":\"https:\\\/\\\/www.webdo.tn\\\/fr\\\/actualite\\\/national\\\/l-envoye-special-chinois-pour-le-moyen-orient-en-tunisie\\\/215112\\\/#primaryimage\"},\"thumbnailUrl\":\"https:\\\/\\\/www.webdo.tn\\\/fr\\\/wp-content\\\/uploads\\\/2024\\\/07\\\/6b94e2925c28b9cd70bd4d58c6e8e022.webp\",\"datePublished\":\"2024-07-06T10:33:00+00:00\",\"dateModified\":\"2025-05-20T22:54:11+00:00\",\"description\":\"Nabil Ammar, Ministre des Affaires Etrang\u00e8res, de la Migration et des Tunisiens \u00e0 l\u2019Etranger, a re\u00e7u hier, Zhai Jun, Envoy\u00e9 sp\u00e9cial pour le Moyen-Orient de la C...\",\"breadcrumb\":{\"@id\":\"https:\\\/\\\/www.webdo.tn\\\/fr\\\/actualite\\\/national\\\/l-envoye-special-chinois-pour-le-moyen-orient-en-tunisie\\\/215112\\\/#breadcrumb\"},\"inLanguage\":\"fr-FR\",\"potentialAction\":[{\"@type\":\"ReadAction\",\"target\":[\"https:\\\/\\\/www.webdo.tn\\\/fr\\\/actualite\\\/national\\\/l-envoye-special-chinois-pour-le-moyen-orient-en-tunisie\\\/215112\\\/\"]}]},{\"@type\":\"ImageObject\",\"inLanguage\":\"fr-FR\",\"@id\":\"https:\\\/\\\/www.webdo.tn\\\/fr\\\/actualite\\\/national\\\/l-envoye-special-chinois-pour-le-moyen-orient-en-tunisie\\\/215112\\\/#primaryimage\",\"url\":\"https:\\\/\\\/www.webdo.tn\\\/fr\\\/wp-content\\\/uploads\\\/2024\\\/07\\\/6b94e2925c28b9cd70bd4d58c6e8e022.webp\",\"contentUrl\":\"https:\\\/\\\/www.webdo.tn\\\/fr\\\/wp-content\\\/uploads\\\/2024\\\/07\\\/6b94e2925c28b9cd70bd4d58c6e8e022.webp\",\"width\":750,\"height\":400,\"caption\":\"L\u2019envoy\u00e9 sp\u00e9cial chinois pour le Moyen-Orient en Tunisie\"},{\"@type\":\"BreadcrumbList\",\"@id\":\"https:\\\/\\\/www.webdo.tn\\\/fr\\\/actualite\\\/national\\\/l-envoye-special-chinois-pour-le-moyen-orient-en-tunisie\\\/215112\\\/#breadcrumb\",\"itemListElement\":[{\"@type\":\"ListItem\",\"position\":1,\"name\":\"Accueil\",\"item\":\"https:\\\/\\\/www.webdo.tn\\\/fr\\\/\"},{\"@type\":\"ListItem\",\"position\":2,\"name\":\"L\u2019envoy\u00e9 sp\u00e9cial chinois pour le Moyen-Orient en Tunisie\"}]},{\"@type\":\"WebSite\",\"@id\":\"https:\\\/\\\/www.webdo.tn\\\/fr\\\/#website\",\"url\":\"https:\\\/\\\/www.webdo.tn\\\/fr\\\/\",\"name\":\"webdo\",\"description\":\"Tunisie - News en Tunisie et \u00e0 l&#039;international sur Webdo.tn\",\"publisher\":{\"@id\":\"https:\\\/\\\/www.webdo.tn\\\/fr\\\/#organization\"},\"potentialAction\":[{\"@type\":\"SearchAction\",\"target\":{\"@type\":\"EntryPoint\",\"urlTemplate\":\"https:\\\/\\\/www.webdo.tn\\\/fr\\\/?s={search_term_string}\"},\"query-input\":{\"@type\":\"PropertyValueSpecification\",\"valueRequired\":true,\"valueName\":\"search_term_string\"}}],\"inLanguage\":\"fr-FR\"},{\"@type\":\"Organization\",\"@id\":\"https:\\\/\\\/www.webdo.tn\\\/fr\\\/#organization\",\"name\":\"Webdo\",\"alternateName\":\"Webdo.tn\",\"url\":\"https:\\\/\\\/www.webdo.tn\\\/fr\\\/\",\"logo\":{\"@type\":\"ImageObject\",\"inLanguage\":\"fr-FR\",\"@id\":\"https:\\\/\\\/www.webdo.tn\\\/fr\\\/#\\\/schema\\\/logo\\\/image\\\/\",\"url\":\"https:\\\/\\\/www.webdo.tn\\\/fr\\\/wp-content\\\/uploads\\\/2025\\\/06\\\/Webdo-Tunisie_168377.jpg\",\"contentUrl\":\"https:\\\/\\\/www.webdo.tn\\\/fr\\\/wp-content\\\/uploads\\\/2025\\\/06\\\/Webdo-Tunisie_168377.jpg\",\"width\":301,\"height\":301,\"caption\":\"Webdo\"},\"image\":{\"@id\":\"https:\\\/\\\/www.webdo.tn\\\/fr\\\/#\\\/schema\\\/logo\\\/image\\\/\"},\"sameAs\":[\"https:\\\/\\\/www.facebook.com\\\/webdotn\",\"https:\\\/\\\/x.com\\\/webdo_tn\"],\"description\":\"Webdo est un m\u00e9dia num\u00e9rique tunisien fond\u00e9 en 2010, sp\u00e9cialis\u00e9 dans l\u2019actualit\u00e9 nationale et internationale, l\u2019\u00e9conomie, la soci\u00e9t\u00e9 et les analyses politiques. Le site s\u2019adresse \u00e0 un large public francophone et couvre l\u2019information tunisienne en temps r\u00e9el.\",\"email\":\"redac@webdo.tn\",\"legalName\":\"YNJ SARL\",\"foundingDate\":\"2010-09-06\",\"numberOfEmployees\":{\"@type\":\"QuantitativeValue\",\"minValue\":\"11\",\"maxValue\":\"50\"}},{\"@type\":\"Person\",\"@id\":\"https:\\\/\\\/www.webdo.tn\\\/fr\\\/#\\\/schema\\\/person\\\/f35b42a42c5e2511bbd282959d6385cc\",\"name\":\"CL\",\"image\":{\"@type\":\"ImageObject\",\"inLanguage\":\"fr-FR\",\"@id\":\"https:\\\/\\\/secure.gravatar.com\\\/avatar\\\/1447a49909b67aa657c488aec6512e1dd6143a480c1ecfee9b5b5cd74eb3b59e?s=96&d=mm&r=g\",\"url\":\"https:\\\/\\\/secure.gravatar.com\\\/avatar\\\/1447a49909b67aa657c488aec6512e1dd6143a480c1ecfee9b5b5cd74eb3b59e?s=96&d=mm&r=g\",\"contentUrl\":\"https:\\\/\\\/secure.gravatar.com\\\/avatar\\\/1447a49909b67aa657c488aec6512e1dd6143a480c1ecfee9b5b5cd74eb3b59e?s=96&d=mm&r=g\",\"caption\":\"CL\"},\"url\":\"https:\\\/\\\/www.webdo.tn\\\/fr\\\/actualite\\\/author\\\/cl\\\/\"}]}<\/script>\n<!-- \/ Yoast SEO Premium plugin. -->","yoast_head_json":{"title":"L\u2019envoy\u00e9 sp\u00e9cial chinois pour le Moyen-Orient en Tunisie","description":"Nabil Ammar, Ministre des Affaires Etrang\u00e8res, de la Migration et des Tunisiens \u00e0 l\u2019Etranger, a re\u00e7u hier, Zhai Jun, Envoy\u00e9 sp\u00e9cial pour le Moyen-Orient de la C...","canonical":"https:\/\/www.webdo.tn\/fr\/actualite\/national\/l-envoye-special-chinois-pour-le-moyen-orient-en-tunisie\/215112\/","og_locale":"fr_FR","og_type":"article","og_title":"L\u2019envoy\u00e9 sp\u00e9cial chinois pour le Moyen-Orient en Tunisie","og_description":"Nabil Ammar, Ministre des Affaires Etrang\u00e8res, de la Migration et des Tunisiens \u00e0 l\u2019Etranger, a re\u00e7u hier, Zhai Jun, Envoy\u00e9 sp\u00e9cial pour le Moyen-Orient de la C...","og_url":"https:\/\/www.webdo.tn\/fr\/actualite\/national\/l-envoye-special-chinois-pour-le-moyen-orient-en-tunisie\/215112\/","og_site_name":"webdo","article_publisher":"https:\/\/www.facebook.com\/webdotn","article_published_time":"2024-07-06T10:33:00+00:00","article_modified_time":"2025-05-20T22:54:11+00:00","og_image":[{"width":750,"height":400,"url":"https:\/\/www.webdo.tn\/fr\/wp-content\/uploads\/2024\/07\/6b94e2925c28b9cd70bd4d58c6e8e022.webp","type":"image\/webp"}],"author":"CL","twitter_card":"summary_large_image","twitter_creator":"@webdo_tn","twitter_site":"@webdo_tn","twitter_misc":{"\u00c9crit par":"CL","Dur\u00e9e de lecture estim\u00e9e":"1 minute"},"schema":{"@context":"https:\/\/schema.org","@graph":[{"@type":"NewsArticle","@id":"https:\/\/www.webdo.tn\/fr\/actualite\/national\/l-envoye-special-chinois-pour-le-moyen-orient-en-tunisie\/215112\/#article","isPartOf":{"@id":"https:\/\/www.webdo.tn\/fr\/actualite\/national\/l-envoye-special-chinois-pour-le-moyen-orient-en-tunisie\/215112\/"},"author":{"name":"CL","@id":"https:\/\/www.webdo.tn\/fr\/#\/schema\/person\/f35b42a42c5e2511bbd282959d6385cc"},"headline":"L\u2019envoy\u00e9 sp\u00e9cial chinois pour le Moyen-Orient en Tunisie","datePublished":"2024-07-06T10:33:00+00:00","dateModified":"2025-05-20T22:54:11+00:00","mainEntityOfPage":{"@id":"https:\/\/www.webdo.tn\/fr\/actualite\/national\/l-envoye-special-chinois-pour-le-moyen-orient-en-tunisie\/215112\/"},"wordCount":203,"commentCount":0,"publisher":{"@id":"https:\/\/www.webdo.tn\/fr\/#organization"},"image":{"@id":"https:\/\/www.webdo.tn\/fr\/actualite\/national\/l-envoye-special-chinois-pour-le-moyen-orient-en-tunisie\/215112\/#primaryimage"},"thumbnailUrl":"https:\/\/www.webdo.tn\/fr\/wp-content\/uploads\/2024\/07\/6b94e2925c28b9cd70bd4d58c6e8e022.webp","keywords":["chine","Forum sino-africain","Tunisie"],"articleSection":["National"],"inLanguage":"fr-FR"},{"@type":"WebPage","@id":"https:\/\/www.webdo.tn\/fr\/actualite\/national\/l-envoye-special-chinois-pour-le-moyen-orient-en-tunisie\/215112\/","url":"https:\/\/www.webdo.tn\/fr\/actualite\/national\/l-envoye-special-chinois-pour-le-moyen-orient-en-tunisie\/215112\/","name":"L\u2019envoy\u00e9 sp\u00e9cial chinois pour le Moyen-Orient en Tunisie","isPartOf":{"@id":"https:\/\/www.webdo.tn\/fr\/#website"},"primaryImageOfPage":{"@id":"https:\/\/www.webdo.tn\/fr\/actualite\/national\/l-envoye-special-chinois-pour-le-moyen-orient-en-tunisie\/215112\/#primaryimage"},"image":{"@id":"https:\/\/www.webdo.tn\/fr\/actualite\/national\/l-envoye-special-chinois-pour-le-moyen-orient-en-tunisie\/215112\/#primaryimage"},"thumbnailUrl":"https:\/\/www.webdo.tn\/fr\/wp-content\/uploads\/2024\/07\/6b94e2925c28b9cd70bd4d58c6e8e022.webp","datePublished":"2024-07-06T10:33:00+00:00","dateModified":"2025-05-20T22:54:11+00:00","description":"Nabil Ammar, Ministre des Affaires Etrang\u00e8res, de la Migration et des Tunisiens \u00e0 l\u2019Etranger, a re\u00e7u hier, Zhai Jun, Envoy\u00e9 sp\u00e9cial pour le Moyen-Orient de la C...","breadcrumb":{"@id":"https:\/\/www.webdo.tn\/fr\/actualite\/national\/l-envoye-special-chinois-pour-le-moyen-orient-en-tunisie\/215112\/#breadcrumb"},"inLanguage":"fr-FR","potentialAction":[{"@type":"ReadAction","target":["https:\/\/www.webdo.tn\/fr\/actualite\/national\/l-envoye-special-chinois-pour-le-moyen-orient-en-tunisie\/215112\/"]}]},{"@type":"ImageObject","inLanguage":"fr-FR","@id":"https:\/\/www.webdo.tn\/fr\/actualite\/national\/l-envoye-special-chinois-pour-le-moyen-orient-en-tunisie\/215112\/#primaryimage","url":"https:\/\/www.webdo.tn\/fr\/wp-content\/uploads\/2024\/07\/6b94e2925c28b9cd70bd4d58c6e8e022.webp","contentUrl":"https:\/\/www.webdo.tn\/fr\/wp-content\/uploads\/2024\/07\/6b94e2925c28b9cd70bd4d58c6e8e022.webp","width":750,"height":400,"caption":"L\u2019envoy\u00e9 sp\u00e9cial chinois pour le Moyen-Orient en Tunisie"},{"@type":"BreadcrumbList","@id":"https:\/\/www.webdo.tn\/fr\/actualite\/national\/l-envoye-special-chinois-pour-le-moyen-orient-en-tunisie\/215112\/#breadcrumb","itemListElement":[{"@type":"ListItem","position":1,"name":"Accueil","item":"https:\/\/www.webdo.tn\/fr\/"},{"@type":"ListItem","position":2,"name":"L\u2019envoy\u00e9 sp\u00e9cial chinois pour le Moyen-Orient en Tunisie"}]},{"@type":"WebSite","@id":"https:\/\/www.webdo.tn\/fr\/#website","url":"https:\/\/www.webdo.tn\/fr\/","name":"webdo","description":"Tunisie - News en Tunisie et \u00e0 l&#039;international sur Webdo.tn","publisher":{"@id":"https:\/\/www.webdo.tn\/fr\/#organization"},"potentialAction":[{"@type":"SearchAction","target":{"@type":"EntryPoint","urlTemplate":"https:\/\/www.webdo.tn\/fr\/?s={search_term_string}"},"query-input":{"@type":"PropertyValueSpecification","valueRequired":true,"valueName":"search_term_string"}}],"inLanguage":"fr-FR"},{"@type":"Organization","@id":"https:\/\/www.webdo.tn\/fr\/#organization","name":"Webdo","alternateName":"Webdo.tn","url":"https:\/\/www.webdo.tn\/fr\/","logo":{"@type":"ImageObject","inLanguage":"fr-FR","@id":"https:\/\/www.webdo.tn\/fr\/#\/schema\/logo\/image\/","url":"https:\/\/www.webdo.tn\/fr\/wp-content\/uploads\/2025\/06\/Webdo-Tunisie_168377.jpg","contentUrl":"https:\/\/www.webdo.tn\/fr\/wp-content\/uploads\/2025\/06\/Webdo-Tunisie_168377.jpg","width":301,"height":301,"caption":"Webdo"},"image":{"@id":"https:\/\/www.webdo.tn\/fr\/#\/schema\/logo\/image\/"},"sameAs":["https:\/\/www.facebook.com\/webdotn","https:\/\/x.com\/webdo_tn"],"description":"Webdo est un m\u00e9dia num\u00e9rique tunisien fond\u00e9 en 2010, sp\u00e9cialis\u00e9 dans l\u2019actualit\u00e9 nationale et internationale, l\u2019\u00e9conomie, la soci\u00e9t\u00e9 et les analyses politiques. Le site s\u2019adresse \u00e0 un large public francophone et couvre l\u2019information tunisienne en temps r\u00e9el.","email":"redac@webdo.tn","legalName":"YNJ SARL","foundingDate":"2010-09-06","numberOfEmployees":{"@type":"QuantitativeValue","minValue":"11","maxValue":"50"}},{"@type":"Person","@id":"https:\/\/www.webdo.tn\/fr\/#\/schema\/person\/f35b42a42c5e2511bbd282959d6385cc","name":"CL","image":{"@type":"ImageObject","inLanguage":"fr-FR","@id":"https:\/\/secure.gravatar.com\/avatar\/1447a49909b67aa657c488aec6512e1dd6143a480c1ecfee9b5b5cd74eb3b59e?s=96&d=mm&r=g","url":"https:\/\/secure.gravatar.com\/avatar\/1447a49909b67aa657c488aec6512e1dd6143a480c1ecfee9b5b5cd74eb3b59e?s=96&d=mm&r=g","contentUrl":"https:\/\/secure.gravatar.com\/avatar\/1447a49909b67aa657c488aec6512e1dd6143a480c1ecfee9b5b5cd74eb3b59e?s=96&d=mm&r=g","caption":"CL"},"url":"https:\/\/www.webdo.tn\/fr\/actualite\/author\/cl\/"}]}},"_links":{"self":[{"href":"https:\/\/www.webdo.tn\/fr\/wp-json\/wp\/v2\/posts\/215112","targetHints":{"allow":["GET"]}}],"collection":[{"href":"https:\/\/www.webdo.tn\/fr\/wp-json\/wp\/v2\/posts"}],"about":[{"href":"https:\/\/www.webdo.tn\/fr\/wp-json\/wp\/v2\/types\/post"}],"author":[{"embeddable":true,"href":"https:\/\/www.webdo.tn\/fr\/wp-json\/wp\/v2\/users\/3175"}],"replies":[{"embeddable":true,"href":"https:\/\/www.webdo.tn\/fr\/wp-json\/wp\/v2\/comments?post=215112"}],"version-history":[{"count":0,"href":"https:\/\/www.webdo.tn\/fr\/wp-json\/wp\/v2\/posts\/215112\/revisions"}],"wp:featuredmedia":[{"embeddable":true,"href":"https:\/\/www.webdo.tn\/fr\/wp-json\/wp\/v2\/media\/290799"}],"wp:attachment":[{"href":"https:\/\/www.webdo.tn\/fr\/wp-json\/wp\/v2\/media?parent=215112"}],"wp:term":[{"taxonomy":"category","embeddable":true,"href":"https:\/\/www.webdo.tn\/fr\/wp-json\/wp\/v2\/categories?post=215112"},{"taxonomy":"post_tag","embeddable":true,"href":"https:\/\/www.webdo.tn\/fr\/wp-json\/wp\/v2\/tags?post=215112"}],"curies":[{"name":"wp","href":"https:\/\/api.w.org\/{rel}","templated":true}]}}