{"id":215109,"date":"2024-07-06T09:28:00","date_gmt":"2024-07-06T09:28:00","guid":{"rendered":"https:\/\/www.webdo.tn\/fr\/blog\/affaire-omar-laabidi-verdict-encore-reporte-au-12-juillet\/215109\/"},"modified":"2025-05-20T22:35:57","modified_gmt":"2025-05-20T22:35:57","slug":"affaire-omar-laabidi-verdict-encore-reporte-au-12-juillet","status":"publish","type":"post","link":"https:\/\/www.webdo.tn\/fr\/actualite\/national\/affaire-omar-laabidi-verdict-encore-reporte-au-12-juillet\/215109\/","title":{"rendered":"Affaire Omar Laabidi : Verdict encore report\u00e9\u2026 au 12 juillet"},"content":{"rendered":"<p>Le verdict attendu\u2026 depuis plus de six ans devait \u00eatre prononc\u00e9 ce vendredi 5 juillet mais il a \u00e9t\u00e9 de nouveau report\u00e9. Un \u00e9ni\u00e8me report !<\/p>\n<p>\t\t\t\t\t\t\t\t\tLa chambre correctionnelle de la cour d&rsquo;appel de Tunis avait fix\u00e9 au 5 juillet 2024 la date de son verdict concernant l&rsquo;affaire du supporter du Club africain, Omar La\u00e2bidi. Selon l\u2019avocat Toumi Ben Farhat, membre du comit\u00e9 de d\u00e9fense dans cette affaire, le verdict a \u00e9t\u00e9 report\u00e9 au 12 juillet prochain, a-t-il annonc\u00e9 hier sur sa page Facebook.<\/p>\n<p>Omar La\u00e2bidi, jeune supporter du Club africain, est d\u00e9c\u00e9d\u00e9 par noyade le 31 mars 2018 pr\u00e8s du stade de Rad\u00e9s. Sa mort a suscit\u00e9 une vive r\u00e9action de l&rsquo;opinion publique. Selon plusieurs t\u00e9moins, les forces de l&rsquo;ordre auraient incit\u00e9 le jeune homme \u00e0 se jeter dans l&rsquo;eau et n&rsquo;auraient pas r\u00e9pondu \u00e0 ses appels \u00e0 l&rsquo;aide, alors qu&rsquo;il ne savait pas nager.<\/p>\n<p>Suite \u00e0 cet incident, quatorze policiers, initialement en libert\u00e9 provisoire, ont comparu devant la Chambre correctionnelle du Tribunal de premi\u00e8re instance de Ben Arous. Douze d&rsquo;entre eux ont \u00e9t\u00e9 condamn\u00e9s \u00e0 deux ans de prison. Les jugements de premi\u00e8re instance ont \u00e9t\u00e9 contest\u00e9s par toutes les parties, entra\u00eenant un appel.<\/p>\n","protected":false},"excerpt":{"rendered":"<p>La chambre correctionnelle de la cour d&rsquo;appel de Tunis avait fix\u00e9 au 5 juillet 2024 la date de son verdict concernant l&rsquo;affaire du supporter du Club africain, O&#8230;<\/p>\n","protected":false},"author":3175,"featured_media":247061,"comment_status":"open","ping_status":"closed","sticky":false,"template":"","format":"standard","meta":{"footnotes":""},"categories":[44],"tags":[3101,2619,6213,6214,3114],"class_list":["post-215109","post","type-post","status-publish","format-standard","has-post-thumbnail","hentry","category-national","tag-club-africain","tag-justice","tag-omar-laabidi","tag-supporter","tag-verdict"],"yoast_head":"<!-- This site is optimized with the Yoast SEO Premium plugin v27.4 (Yoast SEO v27.5) - https:\/\/yoast.com\/product\/yoast-seo-premium-wordpress\/ -->\n<title>Affaire Omar Laabidi : Verdict encore report\u00e9\u2026 au 12 juillet<\/title>\n<meta name=\"description\" content=\"La chambre correctionnelle de la cour d&#039;appel de Tunis avait fix\u00e9 au 5 juillet 2024 la date de son verdict concernant l&#039;affaire du supporter du Club africain, O...\" \/>\n<link rel=\"canonical\" href=\"https:\/\/www.webdo.tn\/fr\/actualite\/national\/affaire-omar-laabidi-verdict-encore-reporte-au-12-juillet\/215109\/\" \/>\n<meta property=\"og:locale\" content=\"fr_FR\" \/>\n<meta property=\"og:type\" content=\"article\" \/>\n<meta property=\"og:title\" content=\"Affaire Omar Laabidi : Verdict encore report\u00e9\u2026 au 12 juillet\" \/>\n<meta property=\"og:description\" content=\"La chambre correctionnelle de la cour d&#039;appel de Tunis avait fix\u00e9 au 5 juillet 2024 la date de son verdict concernant l&#039;affaire du supporter du Club africain, O...\" \/>\n<meta property=\"og:url\" content=\"https:\/\/www.webdo.tn\/fr\/actualite\/national\/affaire-omar-laabidi-verdict-encore-reporte-au-12-juillet\/215109\/\" \/>\n<meta property=\"og:site_name\" content=\"webdo\" \/>\n<meta property=\"article:publisher\" content=\"https:\/\/www.facebook.com\/webdotn\" \/>\n<meta property=\"article:published_time\" content=\"2024-07-06T09:28:00+00:00\" \/>\n<meta property=\"article:modified_time\" content=\"2025-05-20T22:35:57+00:00\" \/>\n<meta property=\"og:image\" content=\"https:\/\/www.webdo.tn\/fr\/wp-content\/uploads\/2024\/07\/d2d85ccedc0c895f2ff20133805a1c37.webp\" \/>\n\t<meta property=\"og:image:width\" content=\"703\" \/>\n\t<meta property=\"og:image:height\" content=\"375\" \/>\n\t<meta property=\"og:image:type\" content=\"image\/webp\" \/>\n<meta name=\"author\" content=\"CL\" \/>\n<meta name=\"twitter:card\" content=\"summary_large_image\" \/>\n<meta name=\"twitter:creator\" content=\"@webdo_tn\" \/>\n<meta name=\"twitter:site\" content=\"@webdo_tn\" \/>\n<meta name=\"twitter:label1\" content=\"\u00c9crit par\" \/>\n\t<meta name=\"twitter:data1\" content=\"CL\" \/>\n\t<meta name=\"twitter:label2\" content=\"Dur\u00e9e de lecture estim\u00e9e\" \/>\n\t<meta name=\"twitter:data2\" content=\"1 minute\" \/>\n<script type=\"application\/ld+json\" class=\"yoast-schema-graph\">{\"@context\":\"https:\\\/\\\/schema.org\",\"@graph\":[{\"@type\":\"NewsArticle\",\"@id\":\"https:\\\/\\\/www.webdo.tn\\\/fr\\\/actualite\\\/national\\\/affaire-omar-laabidi-verdict-encore-reporte-au-12-juillet\\\/215109\\\/#article\",\"isPartOf\":{\"@id\":\"https:\\\/\\\/www.webdo.tn\\\/fr\\\/actualite\\\/national\\\/affaire-omar-laabidi-verdict-encore-reporte-au-12-juillet\\\/215109\\\/\"},\"author\":{\"name\":\"CL\",\"@id\":\"https:\\\/\\\/www.webdo.tn\\\/fr\\\/#\\\/schema\\\/person\\\/f35b42a42c5e2511bbd282959d6385cc\"},\"headline\":\"Affaire Omar Laabidi : Verdict encore report\u00e9\u2026 au 12 juillet\",\"datePublished\":\"2024-07-06T09:28:00+00:00\",\"dateModified\":\"2025-05-20T22:35:57+00:00\",\"mainEntityOfPage\":{\"@id\":\"https:\\\/\\\/www.webdo.tn\\\/fr\\\/actualite\\\/national\\\/affaire-omar-laabidi-verdict-encore-reporte-au-12-juillet\\\/215109\\\/\"},\"wordCount\":218,\"commentCount\":0,\"publisher\":{\"@id\":\"https:\\\/\\\/www.webdo.tn\\\/fr\\\/#organization\"},\"image\":{\"@id\":\"https:\\\/\\\/www.webdo.tn\\\/fr\\\/actualite\\\/national\\\/affaire-omar-laabidi-verdict-encore-reporte-au-12-juillet\\\/215109\\\/#primaryimage\"},\"thumbnailUrl\":\"https:\\\/\\\/www.webdo.tn\\\/fr\\\/wp-content\\\/uploads\\\/2024\\\/07\\\/d2d85ccedc0c895f2ff20133805a1c37.webp\",\"keywords\":[\"Club Africain\",\"justice\",\"omar laabidi\",\"supporter\",\"verdict\"],\"articleSection\":[\"National\"],\"inLanguage\":\"fr-FR\"},{\"@type\":\"WebPage\",\"@id\":\"https:\\\/\\\/www.webdo.tn\\\/fr\\\/actualite\\\/national\\\/affaire-omar-laabidi-verdict-encore-reporte-au-12-juillet\\\/215109\\\/\",\"url\":\"https:\\\/\\\/www.webdo.tn\\\/fr\\\/actualite\\\/national\\\/affaire-omar-laabidi-verdict-encore-reporte-au-12-juillet\\\/215109\\\/\",\"name\":\"Affaire Omar Laabidi : Verdict encore report\u00e9\u2026 au 12 juillet\",\"isPartOf\":{\"@id\":\"https:\\\/\\\/www.webdo.tn\\\/fr\\\/#website\"},\"primaryImageOfPage\":{\"@id\":\"https:\\\/\\\/www.webdo.tn\\\/fr\\\/actualite\\\/national\\\/affaire-omar-laabidi-verdict-encore-reporte-au-12-juillet\\\/215109\\\/#primaryimage\"},\"image\":{\"@id\":\"https:\\\/\\\/www.webdo.tn\\\/fr\\\/actualite\\\/national\\\/affaire-omar-laabidi-verdict-encore-reporte-au-12-juillet\\\/215109\\\/#primaryimage\"},\"thumbnailUrl\":\"https:\\\/\\\/www.webdo.tn\\\/fr\\\/wp-content\\\/uploads\\\/2024\\\/07\\\/d2d85ccedc0c895f2ff20133805a1c37.webp\",\"datePublished\":\"2024-07-06T09:28:00+00:00\",\"dateModified\":\"2025-05-20T22:35:57+00:00\",\"description\":\"La chambre correctionnelle de la cour d'appel de Tunis avait fix\u00e9 au 5 juillet 2024 la date de son verdict concernant l'affaire du supporter du Club africain, O...\",\"breadcrumb\":{\"@id\":\"https:\\\/\\\/www.webdo.tn\\\/fr\\\/actualite\\\/national\\\/affaire-omar-laabidi-verdict-encore-reporte-au-12-juillet\\\/215109\\\/#breadcrumb\"},\"inLanguage\":\"fr-FR\",\"potentialAction\":[{\"@type\":\"ReadAction\",\"target\":[\"https:\\\/\\\/www.webdo.tn\\\/fr\\\/actualite\\\/national\\\/affaire-omar-laabidi-verdict-encore-reporte-au-12-juillet\\\/215109\\\/\"]}]},{\"@type\":\"ImageObject\",\"inLanguage\":\"fr-FR\",\"@id\":\"https:\\\/\\\/www.webdo.tn\\\/fr\\\/actualite\\\/national\\\/affaire-omar-laabidi-verdict-encore-reporte-au-12-juillet\\\/215109\\\/#primaryimage\",\"url\":\"https:\\\/\\\/www.webdo.tn\\\/fr\\\/wp-content\\\/uploads\\\/2024\\\/07\\\/d2d85ccedc0c895f2ff20133805a1c37.webp\",\"contentUrl\":\"https:\\\/\\\/www.webdo.tn\\\/fr\\\/wp-content\\\/uploads\\\/2024\\\/07\\\/d2d85ccedc0c895f2ff20133805a1c37.webp\",\"width\":703,\"height\":375,\"caption\":\"Affaire Omar Laabidi : Verdict encore report\u00e9\u2026 au 12 juillet\"},{\"@type\":\"BreadcrumbList\",\"@id\":\"https:\\\/\\\/www.webdo.tn\\\/fr\\\/actualite\\\/national\\\/affaire-omar-laabidi-verdict-encore-reporte-au-12-juillet\\\/215109\\\/#breadcrumb\",\"itemListElement\":[{\"@type\":\"ListItem\",\"position\":1,\"name\":\"Accueil\",\"item\":\"https:\\\/\\\/www.webdo.tn\\\/fr\\\/\"},{\"@type\":\"ListItem\",\"position\":2,\"name\":\"Affaire Omar Laabidi : Verdict encore report\u00e9\u2026 au 12 juillet\"}]},{\"@type\":\"WebSite\",\"@id\":\"https:\\\/\\\/www.webdo.tn\\\/fr\\\/#website\",\"url\":\"https:\\\/\\\/www.webdo.tn\\\/fr\\\/\",\"name\":\"webdo\",\"description\":\"Tunisie - News en Tunisie et \u00e0 l&#039;international sur Webdo.tn\",\"publisher\":{\"@id\":\"https:\\\/\\\/www.webdo.tn\\\/fr\\\/#organization\"},\"potentialAction\":[{\"@type\":\"SearchAction\",\"target\":{\"@type\":\"EntryPoint\",\"urlTemplate\":\"https:\\\/\\\/www.webdo.tn\\\/fr\\\/?s={search_term_string}\"},\"query-input\":{\"@type\":\"PropertyValueSpecification\",\"valueRequired\":true,\"valueName\":\"search_term_string\"}}],\"inLanguage\":\"fr-FR\"},{\"@type\":\"Organization\",\"@id\":\"https:\\\/\\\/www.webdo.tn\\\/fr\\\/#organization\",\"name\":\"Webdo\",\"alternateName\":\"Webdo.tn\",\"url\":\"https:\\\/\\\/www.webdo.tn\\\/fr\\\/\",\"logo\":{\"@type\":\"ImageObject\",\"inLanguage\":\"fr-FR\",\"@id\":\"https:\\\/\\\/www.webdo.tn\\\/fr\\\/#\\\/schema\\\/logo\\\/image\\\/\",\"url\":\"https:\\\/\\\/www.webdo.tn\\\/fr\\\/wp-content\\\/uploads\\\/2025\\\/06\\\/Webdo-Tunisie_168377.jpg\",\"contentUrl\":\"https:\\\/\\\/www.webdo.tn\\\/fr\\\/wp-content\\\/uploads\\\/2025\\\/06\\\/Webdo-Tunisie_168377.jpg\",\"width\":301,\"height\":301,\"caption\":\"Webdo\"},\"image\":{\"@id\":\"https:\\\/\\\/www.webdo.tn\\\/fr\\\/#\\\/schema\\\/logo\\\/image\\\/\"},\"sameAs\":[\"https:\\\/\\\/www.facebook.com\\\/webdotn\",\"https:\\\/\\\/x.com\\\/webdo_tn\"],\"description\":\"Webdo est un m\u00e9dia num\u00e9rique tunisien fond\u00e9 en 2010, sp\u00e9cialis\u00e9 dans l\u2019actualit\u00e9 nationale et internationale, l\u2019\u00e9conomie, la soci\u00e9t\u00e9 et les analyses politiques. Le site s\u2019adresse \u00e0 un large public francophone et couvre l\u2019information tunisienne en temps r\u00e9el.\",\"email\":\"redac@webdo.tn\",\"legalName\":\"YNJ SARL\",\"foundingDate\":\"2010-09-06\",\"numberOfEmployees\":{\"@type\":\"QuantitativeValue\",\"minValue\":\"11\",\"maxValue\":\"50\"}},{\"@type\":\"Person\",\"@id\":\"https:\\\/\\\/www.webdo.tn\\\/fr\\\/#\\\/schema\\\/person\\\/f35b42a42c5e2511bbd282959d6385cc\",\"name\":\"CL\",\"image\":{\"@type\":\"ImageObject\",\"inLanguage\":\"fr-FR\",\"@id\":\"https:\\\/\\\/secure.gravatar.com\\\/avatar\\\/1447a49909b67aa657c488aec6512e1dd6143a480c1ecfee9b5b5cd74eb3b59e?s=96&d=mm&r=g\",\"url\":\"https:\\\/\\\/secure.gravatar.com\\\/avatar\\\/1447a49909b67aa657c488aec6512e1dd6143a480c1ecfee9b5b5cd74eb3b59e?s=96&d=mm&r=g\",\"contentUrl\":\"https:\\\/\\\/secure.gravatar.com\\\/avatar\\\/1447a49909b67aa657c488aec6512e1dd6143a480c1ecfee9b5b5cd74eb3b59e?s=96&d=mm&r=g\",\"caption\":\"CL\"},\"url\":\"https:\\\/\\\/www.webdo.tn\\\/fr\\\/actualite\\\/author\\\/cl\\\/\"}]}<\/script>\n<!-- \/ Yoast SEO Premium plugin. -->","yoast_head_json":{"title":"Affaire Omar Laabidi : Verdict encore report\u00e9\u2026 au 12 juillet","description":"La chambre correctionnelle de la cour d'appel de Tunis avait fix\u00e9 au 5 juillet 2024 la date de son verdict concernant l'affaire du supporter du Club africain, O...","canonical":"https:\/\/www.webdo.tn\/fr\/actualite\/national\/affaire-omar-laabidi-verdict-encore-reporte-au-12-juillet\/215109\/","og_locale":"fr_FR","og_type":"article","og_title":"Affaire Omar Laabidi : Verdict encore report\u00e9\u2026 au 12 juillet","og_description":"La chambre correctionnelle de la cour d'appel de Tunis avait fix\u00e9 au 5 juillet 2024 la date de son verdict concernant l'affaire du supporter du Club africain, O...","og_url":"https:\/\/www.webdo.tn\/fr\/actualite\/national\/affaire-omar-laabidi-verdict-encore-reporte-au-12-juillet\/215109\/","og_site_name":"webdo","article_publisher":"https:\/\/www.facebook.com\/webdotn","article_published_time":"2024-07-06T09:28:00+00:00","article_modified_time":"2025-05-20T22:35:57+00:00","og_image":[{"width":703,"height":375,"url":"https:\/\/www.webdo.tn\/fr\/wp-content\/uploads\/2024\/07\/d2d85ccedc0c895f2ff20133805a1c37.webp","type":"image\/webp"}],"author":"CL","twitter_card":"summary_large_image","twitter_creator":"@webdo_tn","twitter_site":"@webdo_tn","twitter_misc":{"\u00c9crit par":"CL","Dur\u00e9e de lecture estim\u00e9e":"1 minute"},"schema":{"@context":"https:\/\/schema.org","@graph":[{"@type":"NewsArticle","@id":"https:\/\/www.webdo.tn\/fr\/actualite\/national\/affaire-omar-laabidi-verdict-encore-reporte-au-12-juillet\/215109\/#article","isPartOf":{"@id":"https:\/\/www.webdo.tn\/fr\/actualite\/national\/affaire-omar-laabidi-verdict-encore-reporte-au-12-juillet\/215109\/"},"author":{"name":"CL","@id":"https:\/\/www.webdo.tn\/fr\/#\/schema\/person\/f35b42a42c5e2511bbd282959d6385cc"},"headline":"Affaire Omar Laabidi : Verdict encore report\u00e9\u2026 au 12 juillet","datePublished":"2024-07-06T09:28:00+00:00","dateModified":"2025-05-20T22:35:57+00:00","mainEntityOfPage":{"@id":"https:\/\/www.webdo.tn\/fr\/actualite\/national\/affaire-omar-laabidi-verdict-encore-reporte-au-12-juillet\/215109\/"},"wordCount":218,"commentCount":0,"publisher":{"@id":"https:\/\/www.webdo.tn\/fr\/#organization"},"image":{"@id":"https:\/\/www.webdo.tn\/fr\/actualite\/national\/affaire-omar-laabidi-verdict-encore-reporte-au-12-juillet\/215109\/#primaryimage"},"thumbnailUrl":"https:\/\/www.webdo.tn\/fr\/wp-content\/uploads\/2024\/07\/d2d85ccedc0c895f2ff20133805a1c37.webp","keywords":["Club Africain","justice","omar laabidi","supporter","verdict"],"articleSection":["National"],"inLanguage":"fr-FR"},{"@type":"WebPage","@id":"https:\/\/www.webdo.tn\/fr\/actualite\/national\/affaire-omar-laabidi-verdict-encore-reporte-au-12-juillet\/215109\/","url":"https:\/\/www.webdo.tn\/fr\/actualite\/national\/affaire-omar-laabidi-verdict-encore-reporte-au-12-juillet\/215109\/","name":"Affaire Omar Laabidi : Verdict encore report\u00e9\u2026 au 12 juillet","isPartOf":{"@id":"https:\/\/www.webdo.tn\/fr\/#website"},"primaryImageOfPage":{"@id":"https:\/\/www.webdo.tn\/fr\/actualite\/national\/affaire-omar-laabidi-verdict-encore-reporte-au-12-juillet\/215109\/#primaryimage"},"image":{"@id":"https:\/\/www.webdo.tn\/fr\/actualite\/national\/affaire-omar-laabidi-verdict-encore-reporte-au-12-juillet\/215109\/#primaryimage"},"thumbnailUrl":"https:\/\/www.webdo.tn\/fr\/wp-content\/uploads\/2024\/07\/d2d85ccedc0c895f2ff20133805a1c37.webp","datePublished":"2024-07-06T09:28:00+00:00","dateModified":"2025-05-20T22:35:57+00:00","description":"La chambre correctionnelle de la cour d'appel de Tunis avait fix\u00e9 au 5 juillet 2024 la date de son verdict concernant l'affaire du supporter du Club africain, O...","breadcrumb":{"@id":"https:\/\/www.webdo.tn\/fr\/actualite\/national\/affaire-omar-laabidi-verdict-encore-reporte-au-12-juillet\/215109\/#breadcrumb"},"inLanguage":"fr-FR","potentialAction":[{"@type":"ReadAction","target":["https:\/\/www.webdo.tn\/fr\/actualite\/national\/affaire-omar-laabidi-verdict-encore-reporte-au-12-juillet\/215109\/"]}]},{"@type":"ImageObject","inLanguage":"fr-FR","@id":"https:\/\/www.webdo.tn\/fr\/actualite\/national\/affaire-omar-laabidi-verdict-encore-reporte-au-12-juillet\/215109\/#primaryimage","url":"https:\/\/www.webdo.tn\/fr\/wp-content\/uploads\/2024\/07\/d2d85ccedc0c895f2ff20133805a1c37.webp","contentUrl":"https:\/\/www.webdo.tn\/fr\/wp-content\/uploads\/2024\/07\/d2d85ccedc0c895f2ff20133805a1c37.webp","width":703,"height":375,"caption":"Affaire Omar Laabidi : Verdict encore report\u00e9\u2026 au 12 juillet"},{"@type":"BreadcrumbList","@id":"https:\/\/www.webdo.tn\/fr\/actualite\/national\/affaire-omar-laabidi-verdict-encore-reporte-au-12-juillet\/215109\/#breadcrumb","itemListElement":[{"@type":"ListItem","position":1,"name":"Accueil","item":"https:\/\/www.webdo.tn\/fr\/"},{"@type":"ListItem","position":2,"name":"Affaire Omar Laabidi : Verdict encore report\u00e9\u2026 au 12 juillet"}]},{"@type":"WebSite","@id":"https:\/\/www.webdo.tn\/fr\/#website","url":"https:\/\/www.webdo.tn\/fr\/","name":"webdo","description":"Tunisie - News en Tunisie et \u00e0 l&#039;international sur Webdo.tn","publisher":{"@id":"https:\/\/www.webdo.tn\/fr\/#organization"},"potentialAction":[{"@type":"SearchAction","target":{"@type":"EntryPoint","urlTemplate":"https:\/\/www.webdo.tn\/fr\/?s={search_term_string}"},"query-input":{"@type":"PropertyValueSpecification","valueRequired":true,"valueName":"search_term_string"}}],"inLanguage":"fr-FR"},{"@type":"Organization","@id":"https:\/\/www.webdo.tn\/fr\/#organization","name":"Webdo","alternateName":"Webdo.tn","url":"https:\/\/www.webdo.tn\/fr\/","logo":{"@type":"ImageObject","inLanguage":"fr-FR","@id":"https:\/\/www.webdo.tn\/fr\/#\/schema\/logo\/image\/","url":"https:\/\/www.webdo.tn\/fr\/wp-content\/uploads\/2025\/06\/Webdo-Tunisie_168377.jpg","contentUrl":"https:\/\/www.webdo.tn\/fr\/wp-content\/uploads\/2025\/06\/Webdo-Tunisie_168377.jpg","width":301,"height":301,"caption":"Webdo"},"image":{"@id":"https:\/\/www.webdo.tn\/fr\/#\/schema\/logo\/image\/"},"sameAs":["https:\/\/www.facebook.com\/webdotn","https:\/\/x.com\/webdo_tn"],"description":"Webdo est un m\u00e9dia num\u00e9rique tunisien fond\u00e9 en 2010, sp\u00e9cialis\u00e9 dans l\u2019actualit\u00e9 nationale et internationale, l\u2019\u00e9conomie, la soci\u00e9t\u00e9 et les analyses politiques. Le site s\u2019adresse \u00e0 un large public francophone et couvre l\u2019information tunisienne en temps r\u00e9el.","email":"redac@webdo.tn","legalName":"YNJ SARL","foundingDate":"2010-09-06","numberOfEmployees":{"@type":"QuantitativeValue","minValue":"11","maxValue":"50"}},{"@type":"Person","@id":"https:\/\/www.webdo.tn\/fr\/#\/schema\/person\/f35b42a42c5e2511bbd282959d6385cc","name":"CL","image":{"@type":"ImageObject","inLanguage":"fr-FR","@id":"https:\/\/secure.gravatar.com\/avatar\/1447a49909b67aa657c488aec6512e1dd6143a480c1ecfee9b5b5cd74eb3b59e?s=96&d=mm&r=g","url":"https:\/\/secure.gravatar.com\/avatar\/1447a49909b67aa657c488aec6512e1dd6143a480c1ecfee9b5b5cd74eb3b59e?s=96&d=mm&r=g","contentUrl":"https:\/\/secure.gravatar.com\/avatar\/1447a49909b67aa657c488aec6512e1dd6143a480c1ecfee9b5b5cd74eb3b59e?s=96&d=mm&r=g","caption":"CL"},"url":"https:\/\/www.webdo.tn\/fr\/actualite\/author\/cl\/"}]}},"_links":{"self":[{"href":"https:\/\/www.webdo.tn\/fr\/wp-json\/wp\/v2\/posts\/215109","targetHints":{"allow":["GET"]}}],"collection":[{"href":"https:\/\/www.webdo.tn\/fr\/wp-json\/wp\/v2\/posts"}],"about":[{"href":"https:\/\/www.webdo.tn\/fr\/wp-json\/wp\/v2\/types\/post"}],"author":[{"embeddable":true,"href":"https:\/\/www.webdo.tn\/fr\/wp-json\/wp\/v2\/users\/3175"}],"replies":[{"embeddable":true,"href":"https:\/\/www.webdo.tn\/fr\/wp-json\/wp\/v2\/comments?post=215109"}],"version-history":[{"count":0,"href":"https:\/\/www.webdo.tn\/fr\/wp-json\/wp\/v2\/posts\/215109\/revisions"}],"wp:featuredmedia":[{"embeddable":true,"href":"https:\/\/www.webdo.tn\/fr\/wp-json\/wp\/v2\/media\/247061"}],"wp:attachment":[{"href":"https:\/\/www.webdo.tn\/fr\/wp-json\/wp\/v2\/media?parent=215109"}],"wp:term":[{"taxonomy":"category","embeddable":true,"href":"https:\/\/www.webdo.tn\/fr\/wp-json\/wp\/v2\/categories?post=215109"},{"taxonomy":"post_tag","embeddable":true,"href":"https:\/\/www.webdo.tn\/fr\/wp-json\/wp\/v2\/tags?post=215109"}],"curies":[{"name":"wp","href":"https:\/\/api.w.org\/{rel}","templated":true}]}}