{"id":215106,"date":"2024-07-05T21:51:00","date_gmt":"2024-07-05T21:51:00","guid":{"rendered":"https:\/\/www.webdo.tn\/fr\/blog\/le-premier-jour-du-nouvel-an-de-l-hegire-c-est-pour-dimanche\/215106\/"},"modified":"2025-05-21T09:05:01","modified_gmt":"2025-05-21T09:05:01","slug":"le-premier-jour-du-nouvel-an-de-l-hegire-c-est-pour-dimanche","status":"publish","type":"post","link":"https:\/\/www.webdo.tn\/fr\/actualite\/national\/le-premier-jour-du-nouvel-an-de-l-hegire-c-est-pour-dimanche\/215106\/","title":{"rendered":"Le premier jour du nouvel an de l&rsquo;h\u00e9gire c&rsquo;est pour dimanche"},"content":{"rendered":"<p>Le Mufti de la R\u00e9publique tunisienne, Hichem Ben Mahmoud, a d\u00e9clar\u00e9 ce vendredi que le dimanche 7 juillet 2024 marquera le d\u00e9but du mois de Muharram et de l&rsquo;ann\u00e9e h\u00e9girienne 1446.<\/p>\n<p>\t\t\t\t\t\t\t\t\tSelon son communiqu\u00e9, le samedi 6 juillet 2024 sera le 30e jour du mois de Dhul-Hijjah 1445, cl\u00f4turant ainsi l&rsquo;ann\u00e9e h\u00e9girienne en cours.<\/p>\n","protected":false},"excerpt":{"rendered":"<p>Le Mufti de la R\u00e9publique tunisienne, Hichem Ben Mahmoud, a annonc\u00e9 que le dimanche 7 juillet 2024 marquera le d\u00e9but de l&rsquo;ann\u00e9e h\u00e9girienne 1446, avec le samedi&#8230;<\/p>\n","protected":false},"author":3166,"featured_media":247058,"comment_status":"open","ping_status":"closed","sticky":false,"template":"","format":"standard","meta":{"footnotes":""},"categories":[44],"tags":[6211,4534,2608],"class_list":["post-215106","post","type-post","status-publish","format-standard","has-post-thumbnail","hentry","category-national","tag-hegire","tag-nouvel-an","tag-tunisie"],"yoast_head":"<!-- This site is optimized with the Yoast SEO Premium plugin v27.5 (Yoast SEO v27.5) - https:\/\/yoast.com\/product\/yoast-seo-premium-wordpress\/ -->\n<title>Le premier jour du nouvel an de l&#039;h\u00e9gire c&#039;est pour dimanche<\/title>\n<meta name=\"description\" content=\"Le Mufti de la R\u00e9publique tunisienne, Hichem Ben Mahmoud, a annonc\u00e9 que le dimanche 7 juillet 2024 marquera le d\u00e9but de l&#039;ann\u00e9e h\u00e9girienne 1446, avec le samedi...\" \/>\n<link rel=\"canonical\" href=\"https:\/\/www.webdo.tn\/fr\/actualite\/national\/le-premier-jour-du-nouvel-an-de-l-hegire-c-est-pour-dimanche\/215106\/\" \/>\n<meta property=\"og:locale\" content=\"fr_FR\" \/>\n<meta property=\"og:type\" content=\"article\" \/>\n<meta property=\"og:title\" content=\"Le premier jour du nouvel an de l&#039;h\u00e9gire c&#039;est pour dimanche\" \/>\n<meta property=\"og:description\" content=\"Le Mufti de la R\u00e9publique tunisienne, Hichem Ben Mahmoud, a annonc\u00e9 que le dimanche 7 juillet 2024 marquera le d\u00e9but de l&#039;ann\u00e9e h\u00e9girienne 1446, avec le samedi...\" \/>\n<meta property=\"og:url\" content=\"https:\/\/www.webdo.tn\/fr\/actualite\/national\/le-premier-jour-du-nouvel-an-de-l-hegire-c-est-pour-dimanche\/215106\/\" \/>\n<meta property=\"og:site_name\" content=\"webdo\" \/>\n<meta property=\"article:publisher\" content=\"https:\/\/www.facebook.com\/webdotn\" \/>\n<meta property=\"article:published_time\" content=\"2024-07-05T21:51:00+00:00\" \/>\n<meta property=\"article:modified_time\" content=\"2025-05-21T09:05:01+00:00\" \/>\n<meta property=\"og:image\" content=\"https:\/\/www.webdo.tn\/fr\/wp-content\/uploads\/2024\/07\/5206d4de87a367d2c412dc4fe1490b49.webp\" \/>\n\t<meta property=\"og:image:width\" content=\"750\" \/>\n\t<meta property=\"og:image:height\" content=\"400\" \/>\n\t<meta property=\"og:image:type\" content=\"image\/webp\" \/>\n<meta name=\"author\" content=\"AZ\" \/>\n<meta name=\"twitter:card\" content=\"summary_large_image\" \/>\n<meta name=\"twitter:creator\" content=\"@webdo_tn\" \/>\n<meta name=\"twitter:site\" content=\"@webdo_tn\" \/>\n<meta name=\"twitter:label1\" content=\"\u00c9crit par\" \/>\n\t<meta name=\"twitter:data1\" content=\"AZ\" \/>\n<script type=\"application\/ld+json\" class=\"yoast-schema-graph\">{\"@context\":\"https:\\\/\\\/schema.org\",\"@graph\":[{\"@type\":\"NewsArticle\",\"@id\":\"https:\\\/\\\/www.webdo.tn\\\/fr\\\/actualite\\\/national\\\/le-premier-jour-du-nouvel-an-de-l-hegire-c-est-pour-dimanche\\\/215106\\\/#article\",\"isPartOf\":{\"@id\":\"https:\\\/\\\/www.webdo.tn\\\/fr\\\/actualite\\\/national\\\/le-premier-jour-du-nouvel-an-de-l-hegire-c-est-pour-dimanche\\\/215106\\\/\"},\"author\":{\"name\":\"AZ\",\"@id\":\"https:\\\/\\\/www.webdo.tn\\\/fr\\\/#\\\/schema\\\/person\\\/b8a41c04d93287d375510db360906b34\"},\"headline\":\"Le premier jour du nouvel an de l&rsquo;h\u00e9gire c&rsquo;est pour dimanche\",\"datePublished\":\"2024-07-05T21:51:00+00:00\",\"dateModified\":\"2025-05-21T09:05:01+00:00\",\"mainEntityOfPage\":{\"@id\":\"https:\\\/\\\/www.webdo.tn\\\/fr\\\/actualite\\\/national\\\/le-premier-jour-du-nouvel-an-de-l-hegire-c-est-pour-dimanche\\\/215106\\\/\"},\"wordCount\":72,\"commentCount\":0,\"publisher\":{\"@id\":\"https:\\\/\\\/www.webdo.tn\\\/fr\\\/#organization\"},\"image\":{\"@id\":\"https:\\\/\\\/www.webdo.tn\\\/fr\\\/actualite\\\/national\\\/le-premier-jour-du-nouvel-an-de-l-hegire-c-est-pour-dimanche\\\/215106\\\/#primaryimage\"},\"thumbnailUrl\":\"https:\\\/\\\/www.webdo.tn\\\/fr\\\/wp-content\\\/uploads\\\/2024\\\/07\\\/5206d4de87a367d2c412dc4fe1490b49.webp\",\"keywords\":[\"h\u00e9gire\",\"nouvel an\",\"Tunisie\"],\"articleSection\":[\"National\"],\"inLanguage\":\"fr-FR\"},{\"@type\":\"WebPage\",\"@id\":\"https:\\\/\\\/www.webdo.tn\\\/fr\\\/actualite\\\/national\\\/le-premier-jour-du-nouvel-an-de-l-hegire-c-est-pour-dimanche\\\/215106\\\/\",\"url\":\"https:\\\/\\\/www.webdo.tn\\\/fr\\\/actualite\\\/national\\\/le-premier-jour-du-nouvel-an-de-l-hegire-c-est-pour-dimanche\\\/215106\\\/\",\"name\":\"Le premier jour du nouvel an de l'h\u00e9gire c'est pour dimanche\",\"isPartOf\":{\"@id\":\"https:\\\/\\\/www.webdo.tn\\\/fr\\\/#website\"},\"primaryImageOfPage\":{\"@id\":\"https:\\\/\\\/www.webdo.tn\\\/fr\\\/actualite\\\/national\\\/le-premier-jour-du-nouvel-an-de-l-hegire-c-est-pour-dimanche\\\/215106\\\/#primaryimage\"},\"image\":{\"@id\":\"https:\\\/\\\/www.webdo.tn\\\/fr\\\/actualite\\\/national\\\/le-premier-jour-du-nouvel-an-de-l-hegire-c-est-pour-dimanche\\\/215106\\\/#primaryimage\"},\"thumbnailUrl\":\"https:\\\/\\\/www.webdo.tn\\\/fr\\\/wp-content\\\/uploads\\\/2024\\\/07\\\/5206d4de87a367d2c412dc4fe1490b49.webp\",\"datePublished\":\"2024-07-05T21:51:00+00:00\",\"dateModified\":\"2025-05-21T09:05:01+00:00\",\"description\":\"Le Mufti de la R\u00e9publique tunisienne, Hichem Ben Mahmoud, a annonc\u00e9 que le dimanche 7 juillet 2024 marquera le d\u00e9but de l'ann\u00e9e h\u00e9girienne 1446, avec le samedi...\",\"breadcrumb\":{\"@id\":\"https:\\\/\\\/www.webdo.tn\\\/fr\\\/actualite\\\/national\\\/le-premier-jour-du-nouvel-an-de-l-hegire-c-est-pour-dimanche\\\/215106\\\/#breadcrumb\"},\"inLanguage\":\"fr-FR\",\"potentialAction\":[{\"@type\":\"ReadAction\",\"target\":[\"https:\\\/\\\/www.webdo.tn\\\/fr\\\/actualite\\\/national\\\/le-premier-jour-du-nouvel-an-de-l-hegire-c-est-pour-dimanche\\\/215106\\\/\"]}]},{\"@type\":\"ImageObject\",\"inLanguage\":\"fr-FR\",\"@id\":\"https:\\\/\\\/www.webdo.tn\\\/fr\\\/actualite\\\/national\\\/le-premier-jour-du-nouvel-an-de-l-hegire-c-est-pour-dimanche\\\/215106\\\/#primaryimage\",\"url\":\"https:\\\/\\\/www.webdo.tn\\\/fr\\\/wp-content\\\/uploads\\\/2024\\\/07\\\/5206d4de87a367d2c412dc4fe1490b49.webp\",\"contentUrl\":\"https:\\\/\\\/www.webdo.tn\\\/fr\\\/wp-content\\\/uploads\\\/2024\\\/07\\\/5206d4de87a367d2c412dc4fe1490b49.webp\",\"width\":750,\"height\":400,\"caption\":\"Le premier jour du nouvel an de l'h\u00e9gire c'est pour dimanche\"},{\"@type\":\"BreadcrumbList\",\"@id\":\"https:\\\/\\\/www.webdo.tn\\\/fr\\\/actualite\\\/national\\\/le-premier-jour-du-nouvel-an-de-l-hegire-c-est-pour-dimanche\\\/215106\\\/#breadcrumb\",\"itemListElement\":[{\"@type\":\"ListItem\",\"position\":1,\"name\":\"Accueil\",\"item\":\"https:\\\/\\\/www.webdo.tn\\\/fr\\\/\"},{\"@type\":\"ListItem\",\"position\":2,\"name\":\"Le premier jour du nouvel an de l&#8217;h\u00e9gire c&#8217;est pour dimanche\"}]},{\"@type\":\"WebSite\",\"@id\":\"https:\\\/\\\/www.webdo.tn\\\/fr\\\/#website\",\"url\":\"https:\\\/\\\/www.webdo.tn\\\/fr\\\/\",\"name\":\"webdo\",\"description\":\"Tunisie - News en Tunisie et \u00e0 l&#039;international sur Webdo.tn\",\"publisher\":{\"@id\":\"https:\\\/\\\/www.webdo.tn\\\/fr\\\/#organization\"},\"potentialAction\":[{\"@type\":\"SearchAction\",\"target\":{\"@type\":\"EntryPoint\",\"urlTemplate\":\"https:\\\/\\\/www.webdo.tn\\\/fr\\\/?s={search_term_string}\"},\"query-input\":{\"@type\":\"PropertyValueSpecification\",\"valueRequired\":true,\"valueName\":\"search_term_string\"}}],\"inLanguage\":\"fr-FR\"},{\"@type\":\"Organization\",\"@id\":\"https:\\\/\\\/www.webdo.tn\\\/fr\\\/#organization\",\"name\":\"Webdo\",\"alternateName\":\"Webdo.tn\",\"url\":\"https:\\\/\\\/www.webdo.tn\\\/fr\\\/\",\"logo\":{\"@type\":\"ImageObject\",\"inLanguage\":\"fr-FR\",\"@id\":\"https:\\\/\\\/www.webdo.tn\\\/fr\\\/#\\\/schema\\\/logo\\\/image\\\/\",\"url\":\"https:\\\/\\\/www.webdo.tn\\\/fr\\\/wp-content\\\/uploads\\\/2025\\\/06\\\/Webdo-Tunisie_168377.jpg\",\"contentUrl\":\"https:\\\/\\\/www.webdo.tn\\\/fr\\\/wp-content\\\/uploads\\\/2025\\\/06\\\/Webdo-Tunisie_168377.jpg\",\"width\":301,\"height\":301,\"caption\":\"Webdo\"},\"image\":{\"@id\":\"https:\\\/\\\/www.webdo.tn\\\/fr\\\/#\\\/schema\\\/logo\\\/image\\\/\"},\"sameAs\":[\"https:\\\/\\\/www.facebook.com\\\/webdotn\",\"https:\\\/\\\/x.com\\\/webdo_tn\"],\"description\":\"Webdo est un m\u00e9dia num\u00e9rique tunisien fond\u00e9 en 2010, sp\u00e9cialis\u00e9 dans l\u2019actualit\u00e9 nationale et internationale, l\u2019\u00e9conomie, la soci\u00e9t\u00e9 et les analyses politiques. Le site s\u2019adresse \u00e0 un large public francophone et couvre l\u2019information tunisienne en temps r\u00e9el.\",\"email\":\"redac@webdo.tn\",\"legalName\":\"YNJ SARL\",\"foundingDate\":\"2010-09-06\",\"numberOfEmployees\":{\"@type\":\"QuantitativeValue\",\"minValue\":\"11\",\"maxValue\":\"50\"}},{\"@type\":\"Person\",\"@id\":\"https:\\\/\\\/www.webdo.tn\\\/fr\\\/#\\\/schema\\\/person\\\/b8a41c04d93287d375510db360906b34\",\"name\":\"AZ\",\"image\":{\"@type\":\"ImageObject\",\"inLanguage\":\"fr-FR\",\"@id\":\"https:\\\/\\\/secure.gravatar.com\\\/avatar\\\/492b80bada79439de4201dce15cd41eece6c277cfdf1b53382073c79105c1f89?s=96&d=mm&r=g\",\"url\":\"https:\\\/\\\/secure.gravatar.com\\\/avatar\\\/492b80bada79439de4201dce15cd41eece6c277cfdf1b53382073c79105c1f89?s=96&d=mm&r=g\",\"contentUrl\":\"https:\\\/\\\/secure.gravatar.com\\\/avatar\\\/492b80bada79439de4201dce15cd41eece6c277cfdf1b53382073c79105c1f89?s=96&d=mm&r=g\",\"caption\":\"AZ\"},\"url\":\"https:\\\/\\\/www.webdo.tn\\\/fr\\\/actualite\\\/author\\\/az\\\/\"}]}<\/script>\n<!-- \/ Yoast SEO Premium plugin. -->","yoast_head_json":{"title":"Le premier jour du nouvel an de l'h\u00e9gire c'est pour dimanche","description":"Le Mufti de la R\u00e9publique tunisienne, Hichem Ben Mahmoud, a annonc\u00e9 que le dimanche 7 juillet 2024 marquera le d\u00e9but de l'ann\u00e9e h\u00e9girienne 1446, avec le samedi...","canonical":"https:\/\/www.webdo.tn\/fr\/actualite\/national\/le-premier-jour-du-nouvel-an-de-l-hegire-c-est-pour-dimanche\/215106\/","og_locale":"fr_FR","og_type":"article","og_title":"Le premier jour du nouvel an de l'h\u00e9gire c'est pour dimanche","og_description":"Le Mufti de la R\u00e9publique tunisienne, Hichem Ben Mahmoud, a annonc\u00e9 que le dimanche 7 juillet 2024 marquera le d\u00e9but de l'ann\u00e9e h\u00e9girienne 1446, avec le samedi...","og_url":"https:\/\/www.webdo.tn\/fr\/actualite\/national\/le-premier-jour-du-nouvel-an-de-l-hegire-c-est-pour-dimanche\/215106\/","og_site_name":"webdo","article_publisher":"https:\/\/www.facebook.com\/webdotn","article_published_time":"2024-07-05T21:51:00+00:00","article_modified_time":"2025-05-21T09:05:01+00:00","og_image":[{"width":750,"height":400,"url":"https:\/\/www.webdo.tn\/fr\/wp-content\/uploads\/2024\/07\/5206d4de87a367d2c412dc4fe1490b49.webp","type":"image\/webp"}],"author":"AZ","twitter_card":"summary_large_image","twitter_creator":"@webdo_tn","twitter_site":"@webdo_tn","twitter_misc":{"\u00c9crit par":"AZ"},"schema":{"@context":"https:\/\/schema.org","@graph":[{"@type":"NewsArticle","@id":"https:\/\/www.webdo.tn\/fr\/actualite\/national\/le-premier-jour-du-nouvel-an-de-l-hegire-c-est-pour-dimanche\/215106\/#article","isPartOf":{"@id":"https:\/\/www.webdo.tn\/fr\/actualite\/national\/le-premier-jour-du-nouvel-an-de-l-hegire-c-est-pour-dimanche\/215106\/"},"author":{"name":"AZ","@id":"https:\/\/www.webdo.tn\/fr\/#\/schema\/person\/b8a41c04d93287d375510db360906b34"},"headline":"Le premier jour du nouvel an de l&rsquo;h\u00e9gire c&rsquo;est pour dimanche","datePublished":"2024-07-05T21:51:00+00:00","dateModified":"2025-05-21T09:05:01+00:00","mainEntityOfPage":{"@id":"https:\/\/www.webdo.tn\/fr\/actualite\/national\/le-premier-jour-du-nouvel-an-de-l-hegire-c-est-pour-dimanche\/215106\/"},"wordCount":72,"commentCount":0,"publisher":{"@id":"https:\/\/www.webdo.tn\/fr\/#organization"},"image":{"@id":"https:\/\/www.webdo.tn\/fr\/actualite\/national\/le-premier-jour-du-nouvel-an-de-l-hegire-c-est-pour-dimanche\/215106\/#primaryimage"},"thumbnailUrl":"https:\/\/www.webdo.tn\/fr\/wp-content\/uploads\/2024\/07\/5206d4de87a367d2c412dc4fe1490b49.webp","keywords":["h\u00e9gire","nouvel an","Tunisie"],"articleSection":["National"],"inLanguage":"fr-FR"},{"@type":"WebPage","@id":"https:\/\/www.webdo.tn\/fr\/actualite\/national\/le-premier-jour-du-nouvel-an-de-l-hegire-c-est-pour-dimanche\/215106\/","url":"https:\/\/www.webdo.tn\/fr\/actualite\/national\/le-premier-jour-du-nouvel-an-de-l-hegire-c-est-pour-dimanche\/215106\/","name":"Le premier jour du nouvel an de l'h\u00e9gire c'est pour dimanche","isPartOf":{"@id":"https:\/\/www.webdo.tn\/fr\/#website"},"primaryImageOfPage":{"@id":"https:\/\/www.webdo.tn\/fr\/actualite\/national\/le-premier-jour-du-nouvel-an-de-l-hegire-c-est-pour-dimanche\/215106\/#primaryimage"},"image":{"@id":"https:\/\/www.webdo.tn\/fr\/actualite\/national\/le-premier-jour-du-nouvel-an-de-l-hegire-c-est-pour-dimanche\/215106\/#primaryimage"},"thumbnailUrl":"https:\/\/www.webdo.tn\/fr\/wp-content\/uploads\/2024\/07\/5206d4de87a367d2c412dc4fe1490b49.webp","datePublished":"2024-07-05T21:51:00+00:00","dateModified":"2025-05-21T09:05:01+00:00","description":"Le Mufti de la R\u00e9publique tunisienne, Hichem Ben Mahmoud, a annonc\u00e9 que le dimanche 7 juillet 2024 marquera le d\u00e9but de l'ann\u00e9e h\u00e9girienne 1446, avec le samedi...","breadcrumb":{"@id":"https:\/\/www.webdo.tn\/fr\/actualite\/national\/le-premier-jour-du-nouvel-an-de-l-hegire-c-est-pour-dimanche\/215106\/#breadcrumb"},"inLanguage":"fr-FR","potentialAction":[{"@type":"ReadAction","target":["https:\/\/www.webdo.tn\/fr\/actualite\/national\/le-premier-jour-du-nouvel-an-de-l-hegire-c-est-pour-dimanche\/215106\/"]}]},{"@type":"ImageObject","inLanguage":"fr-FR","@id":"https:\/\/www.webdo.tn\/fr\/actualite\/national\/le-premier-jour-du-nouvel-an-de-l-hegire-c-est-pour-dimanche\/215106\/#primaryimage","url":"https:\/\/www.webdo.tn\/fr\/wp-content\/uploads\/2024\/07\/5206d4de87a367d2c412dc4fe1490b49.webp","contentUrl":"https:\/\/www.webdo.tn\/fr\/wp-content\/uploads\/2024\/07\/5206d4de87a367d2c412dc4fe1490b49.webp","width":750,"height":400,"caption":"Le premier jour du nouvel an de l'h\u00e9gire c'est pour dimanche"},{"@type":"BreadcrumbList","@id":"https:\/\/www.webdo.tn\/fr\/actualite\/national\/le-premier-jour-du-nouvel-an-de-l-hegire-c-est-pour-dimanche\/215106\/#breadcrumb","itemListElement":[{"@type":"ListItem","position":1,"name":"Accueil","item":"https:\/\/www.webdo.tn\/fr\/"},{"@type":"ListItem","position":2,"name":"Le premier jour du nouvel an de l&#8217;h\u00e9gire c&#8217;est pour dimanche"}]},{"@type":"WebSite","@id":"https:\/\/www.webdo.tn\/fr\/#website","url":"https:\/\/www.webdo.tn\/fr\/","name":"webdo","description":"Tunisie - News en Tunisie et \u00e0 l&#039;international sur Webdo.tn","publisher":{"@id":"https:\/\/www.webdo.tn\/fr\/#organization"},"potentialAction":[{"@type":"SearchAction","target":{"@type":"EntryPoint","urlTemplate":"https:\/\/www.webdo.tn\/fr\/?s={search_term_string}"},"query-input":{"@type":"PropertyValueSpecification","valueRequired":true,"valueName":"search_term_string"}}],"inLanguage":"fr-FR"},{"@type":"Organization","@id":"https:\/\/www.webdo.tn\/fr\/#organization","name":"Webdo","alternateName":"Webdo.tn","url":"https:\/\/www.webdo.tn\/fr\/","logo":{"@type":"ImageObject","inLanguage":"fr-FR","@id":"https:\/\/www.webdo.tn\/fr\/#\/schema\/logo\/image\/","url":"https:\/\/www.webdo.tn\/fr\/wp-content\/uploads\/2025\/06\/Webdo-Tunisie_168377.jpg","contentUrl":"https:\/\/www.webdo.tn\/fr\/wp-content\/uploads\/2025\/06\/Webdo-Tunisie_168377.jpg","width":301,"height":301,"caption":"Webdo"},"image":{"@id":"https:\/\/www.webdo.tn\/fr\/#\/schema\/logo\/image\/"},"sameAs":["https:\/\/www.facebook.com\/webdotn","https:\/\/x.com\/webdo_tn"],"description":"Webdo est un m\u00e9dia num\u00e9rique tunisien fond\u00e9 en 2010, sp\u00e9cialis\u00e9 dans l\u2019actualit\u00e9 nationale et internationale, l\u2019\u00e9conomie, la soci\u00e9t\u00e9 et les analyses politiques. Le site s\u2019adresse \u00e0 un large public francophone et couvre l\u2019information tunisienne en temps r\u00e9el.","email":"redac@webdo.tn","legalName":"YNJ SARL","foundingDate":"2010-09-06","numberOfEmployees":{"@type":"QuantitativeValue","minValue":"11","maxValue":"50"}},{"@type":"Person","@id":"https:\/\/www.webdo.tn\/fr\/#\/schema\/person\/b8a41c04d93287d375510db360906b34","name":"AZ","image":{"@type":"ImageObject","inLanguage":"fr-FR","@id":"https:\/\/secure.gravatar.com\/avatar\/492b80bada79439de4201dce15cd41eece6c277cfdf1b53382073c79105c1f89?s=96&d=mm&r=g","url":"https:\/\/secure.gravatar.com\/avatar\/492b80bada79439de4201dce15cd41eece6c277cfdf1b53382073c79105c1f89?s=96&d=mm&r=g","contentUrl":"https:\/\/secure.gravatar.com\/avatar\/492b80bada79439de4201dce15cd41eece6c277cfdf1b53382073c79105c1f89?s=96&d=mm&r=g","caption":"AZ"},"url":"https:\/\/www.webdo.tn\/fr\/actualite\/author\/az\/"}]}},"_links":{"self":[{"href":"https:\/\/www.webdo.tn\/fr\/wp-json\/wp\/v2\/posts\/215106","targetHints":{"allow":["GET"]}}],"collection":[{"href":"https:\/\/www.webdo.tn\/fr\/wp-json\/wp\/v2\/posts"}],"about":[{"href":"https:\/\/www.webdo.tn\/fr\/wp-json\/wp\/v2\/types\/post"}],"author":[{"embeddable":true,"href":"https:\/\/www.webdo.tn\/fr\/wp-json\/wp\/v2\/users\/3166"}],"replies":[{"embeddable":true,"href":"https:\/\/www.webdo.tn\/fr\/wp-json\/wp\/v2\/comments?post=215106"}],"version-history":[{"count":0,"href":"https:\/\/www.webdo.tn\/fr\/wp-json\/wp\/v2\/posts\/215106\/revisions"}],"wp:featuredmedia":[{"embeddable":true,"href":"https:\/\/www.webdo.tn\/fr\/wp-json\/wp\/v2\/media\/247058"}],"wp:attachment":[{"href":"https:\/\/www.webdo.tn\/fr\/wp-json\/wp\/v2\/media?parent=215106"}],"wp:term":[{"taxonomy":"category","embeddable":true,"href":"https:\/\/www.webdo.tn\/fr\/wp-json\/wp\/v2\/categories?post=215106"},{"taxonomy":"post_tag","embeddable":true,"href":"https:\/\/www.webdo.tn\/fr\/wp-json\/wp\/v2\/tags?post=215106"}],"curies":[{"name":"wp","href":"https:\/\/api.w.org\/{rel}","templated":true}]}}