{"id":215067,"date":"2024-07-03T20:03:00","date_gmt":"2024-07-03T20:03:00","guid":{"rendered":"https:\/\/www.webdo.tn\/fr\/blog\/tunisie-un-conseil-ministeriel-pour-promouvoir-les-pme\/215067\/"},"modified":"2024-07-03T20:03:00","modified_gmt":"2024-07-03T20:03:00","slug":"tunisie-un-conseil-ministeriel-pour-promouvoir-les-pme","status":"publish","type":"post","link":"https:\/\/www.webdo.tn\/fr\/actualite\/national\/tunisie-un-conseil-ministeriel-pour-promouvoir-les-pme\/215067\/","title":{"rendered":"Tunisie : Un conseil minist\u00e9riel pour promouvoir les PME"},"content":{"rendered":"<p>Mercredi 3 juillet, le chef du gouvernement, Ahmed Hachani, a pr\u00e9sid\u00e9 un conseil minist\u00e9riel consacr\u00e9 \u00e0 la strat\u00e9gie nationale pour la promotion des petites et moyennes entreprises (PME) en Tunisie. La r\u00e9union a eu lieu au palais du gouvernement, en pr\u00e9sence de tous les ministres ou de leurs repr\u00e9sentants, ainsi que du gouverneur de la Banque centrale de Tunisie.<\/p>\n<p>\t\t\t\t\t\t\t\t\tSamir Abdelhafidh, secr\u00e9taire d&rsquo;\u00c9tat charg\u00e9 des PME, a pr\u00e9sent\u00e9 les \u00e9l\u00e9ments cl\u00e9s de la strat\u00e9gie nationale, \u00e9labor\u00e9e par une m\u00e9thodologie participative. Cette strat\u00e9gie vise \u00e0 faire des PME des moteurs de la croissance, de l&#8217;emploi et du d\u00e9veloppement durable.<\/p>\n<p>Le conseil a d\u00e9cid\u00e9 de cr\u00e9er un comit\u00e9 de pilotage supervis\u00e9 par le minist\u00e8re de l&rsquo;\u00c9conomie et de la Planification, rassemblant tous les minist\u00e8res et organisations concern\u00e9s. Ce comit\u00e9 sera charg\u00e9 de poursuivre l&rsquo;\u00e9laboration, la mise en \u0153uvre et la promotion de la strat\u00e9gie, ainsi que de d\u00e9velopper des m\u00e9canismes de suivi et d&rsquo;\u00e9valuation.<\/p>\n<p>La version mise \u00e0 jour de la strat\u00e9gie sera pr\u00e9sent\u00e9e lors d&rsquo;un conseil minist\u00e9riel pr\u00e9vu pour la premi\u00e8re semaine d&rsquo;ao\u00fbt.<\/p>\n","protected":false},"excerpt":{"rendered":"<p>Le chef du gouvernement Ahmed Hachani a pr\u00e9sid\u00e9 une r\u00e9union strat\u00e9gique pour promouvoir les petites et moyennes entreprises, avec des mesures ax\u00e9es sur l&rsquo;innova&#8230;<\/p>\n","protected":false},"author":3169,"featured_media":247070,"comment_status":"open","ping_status":"closed","sticky":false,"template":"","format":"standard","meta":{"footnotes":""},"categories":[44],"tags":[3011,2608],"class_list":["post-215067","post","type-post","status-publish","format-standard","has-post-thumbnail","hentry","category-national","tag-pme","tag-tunisie"],"yoast_head":"<!-- This site is optimized with the Yoast SEO Premium plugin v27.4 (Yoast SEO v27.4) - https:\/\/yoast.com\/product\/yoast-seo-premium-wordpress\/ -->\n<title>Tunisie : Un conseil minist\u00e9riel pour promouvoir les PME<\/title>\n<meta name=\"description\" content=\"Le chef du gouvernement Ahmed Hachani a pr\u00e9sid\u00e9 une r\u00e9union strat\u00e9gique pour promouvoir les petites et moyennes entreprises, avec des mesures ax\u00e9es sur l&#039;innova...\" \/>\n<link rel=\"canonical\" href=\"https:\/\/www.webdo.tn\/fr\/actualite\/national\/tunisie-un-conseil-ministeriel-pour-promouvoir-les-pme\/215067\/\" \/>\n<meta property=\"og:locale\" content=\"fr_FR\" \/>\n<meta property=\"og:type\" content=\"article\" \/>\n<meta property=\"og:title\" content=\"Tunisie : Un conseil minist\u00e9riel pour promouvoir les PME\" \/>\n<meta property=\"og:description\" content=\"Le chef du gouvernement Ahmed Hachani a pr\u00e9sid\u00e9 une r\u00e9union strat\u00e9gique pour promouvoir les petites et moyennes entreprises, avec des mesures ax\u00e9es sur l&#039;innova...\" \/>\n<meta property=\"og:url\" content=\"https:\/\/www.webdo.tn\/fr\/actualite\/national\/tunisie-un-conseil-ministeriel-pour-promouvoir-les-pme\/215067\/\" \/>\n<meta property=\"og:site_name\" content=\"webdo\" \/>\n<meta property=\"article:publisher\" content=\"https:\/\/www.facebook.com\/webdotn\" \/>\n<meta property=\"article:published_time\" content=\"2024-07-03T20:03:00+00:00\" \/>\n<meta property=\"og:image\" content=\"https:\/\/www.webdo.tn\/fr\/wp-content\/uploads\/2024\/07\/4e1c3efe9d8d1776bcad22cd2c3808f8.webp\" \/>\n\t<meta property=\"og:image:width\" content=\"750\" \/>\n\t<meta property=\"og:image:height\" content=\"400\" \/>\n\t<meta property=\"og:image:type\" content=\"image\/webp\" \/>\n<meta name=\"author\" content=\"Webdo\" \/>\n<meta name=\"twitter:card\" content=\"summary_large_image\" \/>\n<meta name=\"twitter:creator\" content=\"@webdo_tn\" \/>\n<meta name=\"twitter:site\" content=\"@webdo_tn\" \/>\n<meta name=\"twitter:label1\" content=\"\u00c9crit par\" \/>\n\t<meta name=\"twitter:data1\" content=\"Webdo\" \/>\n\t<meta name=\"twitter:label2\" content=\"Dur\u00e9e de lecture estim\u00e9e\" \/>\n\t<meta name=\"twitter:data2\" content=\"1 minute\" \/>\n<script type=\"application\/ld+json\" class=\"yoast-schema-graph\">{\"@context\":\"https:\\\/\\\/schema.org\",\"@graph\":[{\"@type\":\"NewsArticle\",\"@id\":\"https:\\\/\\\/www.webdo.tn\\\/fr\\\/actualite\\\/national\\\/tunisie-un-conseil-ministeriel-pour-promouvoir-les-pme\\\/215067\\\/#article\",\"isPartOf\":{\"@id\":\"https:\\\/\\\/www.webdo.tn\\\/fr\\\/actualite\\\/national\\\/tunisie-un-conseil-ministeriel-pour-promouvoir-les-pme\\\/215067\\\/\"},\"author\":{\"name\":\"Webdo\",\"@id\":\"https:\\\/\\\/www.webdo.tn\\\/fr\\\/#\\\/schema\\\/person\\\/1f4e491e0907b413d61089e8eb573acc\"},\"headline\":\"Tunisie : Un conseil minist\u00e9riel pour promouvoir les PME\",\"datePublished\":\"2024-07-03T20:03:00+00:00\",\"mainEntityOfPage\":{\"@id\":\"https:\\\/\\\/www.webdo.tn\\\/fr\\\/actualite\\\/national\\\/tunisie-un-conseil-ministeriel-pour-promouvoir-les-pme\\\/215067\\\/\"},\"wordCount\":214,\"commentCount\":0,\"publisher\":{\"@id\":\"https:\\\/\\\/www.webdo.tn\\\/fr\\\/#organization\"},\"image\":{\"@id\":\"https:\\\/\\\/www.webdo.tn\\\/fr\\\/actualite\\\/national\\\/tunisie-un-conseil-ministeriel-pour-promouvoir-les-pme\\\/215067\\\/#primaryimage\"},\"thumbnailUrl\":\"https:\\\/\\\/www.webdo.tn\\\/fr\\\/wp-content\\\/uploads\\\/2024\\\/07\\\/4e1c3efe9d8d1776bcad22cd2c3808f8.webp\",\"keywords\":[\"PME\",\"Tunisie\"],\"articleSection\":[\"National\"],\"inLanguage\":\"fr-FR\"},{\"@type\":\"WebPage\",\"@id\":\"https:\\\/\\\/www.webdo.tn\\\/fr\\\/actualite\\\/national\\\/tunisie-un-conseil-ministeriel-pour-promouvoir-les-pme\\\/215067\\\/\",\"url\":\"https:\\\/\\\/www.webdo.tn\\\/fr\\\/actualite\\\/national\\\/tunisie-un-conseil-ministeriel-pour-promouvoir-les-pme\\\/215067\\\/\",\"name\":\"Tunisie : Un conseil minist\u00e9riel pour promouvoir les PME\",\"isPartOf\":{\"@id\":\"https:\\\/\\\/www.webdo.tn\\\/fr\\\/#website\"},\"primaryImageOfPage\":{\"@id\":\"https:\\\/\\\/www.webdo.tn\\\/fr\\\/actualite\\\/national\\\/tunisie-un-conseil-ministeriel-pour-promouvoir-les-pme\\\/215067\\\/#primaryimage\"},\"image\":{\"@id\":\"https:\\\/\\\/www.webdo.tn\\\/fr\\\/actualite\\\/national\\\/tunisie-un-conseil-ministeriel-pour-promouvoir-les-pme\\\/215067\\\/#primaryimage\"},\"thumbnailUrl\":\"https:\\\/\\\/www.webdo.tn\\\/fr\\\/wp-content\\\/uploads\\\/2024\\\/07\\\/4e1c3efe9d8d1776bcad22cd2c3808f8.webp\",\"datePublished\":\"2024-07-03T20:03:00+00:00\",\"description\":\"Le chef du gouvernement Ahmed Hachani a pr\u00e9sid\u00e9 une r\u00e9union strat\u00e9gique pour promouvoir les petites et moyennes entreprises, avec des mesures ax\u00e9es sur l'innova...\",\"breadcrumb\":{\"@id\":\"https:\\\/\\\/www.webdo.tn\\\/fr\\\/actualite\\\/national\\\/tunisie-un-conseil-ministeriel-pour-promouvoir-les-pme\\\/215067\\\/#breadcrumb\"},\"inLanguage\":\"fr-FR\",\"potentialAction\":[{\"@type\":\"ReadAction\",\"target\":[\"https:\\\/\\\/www.webdo.tn\\\/fr\\\/actualite\\\/national\\\/tunisie-un-conseil-ministeriel-pour-promouvoir-les-pme\\\/215067\\\/\"]}]},{\"@type\":\"ImageObject\",\"inLanguage\":\"fr-FR\",\"@id\":\"https:\\\/\\\/www.webdo.tn\\\/fr\\\/actualite\\\/national\\\/tunisie-un-conseil-ministeriel-pour-promouvoir-les-pme\\\/215067\\\/#primaryimage\",\"url\":\"https:\\\/\\\/www.webdo.tn\\\/fr\\\/wp-content\\\/uploads\\\/2024\\\/07\\\/4e1c3efe9d8d1776bcad22cd2c3808f8.webp\",\"contentUrl\":\"https:\\\/\\\/www.webdo.tn\\\/fr\\\/wp-content\\\/uploads\\\/2024\\\/07\\\/4e1c3efe9d8d1776bcad22cd2c3808f8.webp\",\"width\":750,\"height\":400,\"caption\":\"Tunisie : Un conseil minist\u00e9riel pour promouvoir les PME\"},{\"@type\":\"BreadcrumbList\",\"@id\":\"https:\\\/\\\/www.webdo.tn\\\/fr\\\/actualite\\\/national\\\/tunisie-un-conseil-ministeriel-pour-promouvoir-les-pme\\\/215067\\\/#breadcrumb\",\"itemListElement\":[{\"@type\":\"ListItem\",\"position\":1,\"name\":\"Accueil\",\"item\":\"https:\\\/\\\/www.webdo.tn\\\/fr\\\/\"},{\"@type\":\"ListItem\",\"position\":2,\"name\":\"Tunisie : Un conseil minist\u00e9riel pour promouvoir les PME\"}]},{\"@type\":\"WebSite\",\"@id\":\"https:\\\/\\\/www.webdo.tn\\\/fr\\\/#website\",\"url\":\"https:\\\/\\\/www.webdo.tn\\\/fr\\\/\",\"name\":\"webdo\",\"description\":\"Tunisie - News en Tunisie et \u00e0 l&#039;international sur Webdo.tn\",\"publisher\":{\"@id\":\"https:\\\/\\\/www.webdo.tn\\\/fr\\\/#organization\"},\"potentialAction\":[{\"@type\":\"SearchAction\",\"target\":{\"@type\":\"EntryPoint\",\"urlTemplate\":\"https:\\\/\\\/www.webdo.tn\\\/fr\\\/?s={search_term_string}\"},\"query-input\":{\"@type\":\"PropertyValueSpecification\",\"valueRequired\":true,\"valueName\":\"search_term_string\"}}],\"inLanguage\":\"fr-FR\"},{\"@type\":\"Organization\",\"@id\":\"https:\\\/\\\/www.webdo.tn\\\/fr\\\/#organization\",\"name\":\"Webdo\",\"alternateName\":\"Webdo.tn\",\"url\":\"https:\\\/\\\/www.webdo.tn\\\/fr\\\/\",\"logo\":{\"@type\":\"ImageObject\",\"inLanguage\":\"fr-FR\",\"@id\":\"https:\\\/\\\/www.webdo.tn\\\/fr\\\/#\\\/schema\\\/logo\\\/image\\\/\",\"url\":\"https:\\\/\\\/www.webdo.tn\\\/fr\\\/wp-content\\\/uploads\\\/2025\\\/06\\\/Webdo-Tunisie_168377.jpg\",\"contentUrl\":\"https:\\\/\\\/www.webdo.tn\\\/fr\\\/wp-content\\\/uploads\\\/2025\\\/06\\\/Webdo-Tunisie_168377.jpg\",\"width\":301,\"height\":301,\"caption\":\"Webdo\"},\"image\":{\"@id\":\"https:\\\/\\\/www.webdo.tn\\\/fr\\\/#\\\/schema\\\/logo\\\/image\\\/\"},\"sameAs\":[\"https:\\\/\\\/www.facebook.com\\\/webdotn\",\"https:\\\/\\\/x.com\\\/webdo_tn\"],\"description\":\"Webdo est un m\u00e9dia num\u00e9rique tunisien fond\u00e9 en 2010, sp\u00e9cialis\u00e9 dans l\u2019actualit\u00e9 nationale et internationale, l\u2019\u00e9conomie, la soci\u00e9t\u00e9 et les analyses politiques. Le site s\u2019adresse \u00e0 un large public francophone et couvre l\u2019information tunisienne en temps r\u00e9el.\",\"email\":\"redac@webdo.tn\",\"legalName\":\"YNJ SARL\",\"foundingDate\":\"2010-09-06\",\"numberOfEmployees\":{\"@type\":\"QuantitativeValue\",\"minValue\":\"11\",\"maxValue\":\"50\"}},{\"@type\":\"Person\",\"@id\":\"https:\\\/\\\/www.webdo.tn\\\/fr\\\/#\\\/schema\\\/person\\\/1f4e491e0907b413d61089e8eb573acc\",\"name\":\"Webdo\",\"image\":{\"@type\":\"ImageObject\",\"inLanguage\":\"fr-FR\",\"@id\":\"https:\\\/\\\/secure.gravatar.com\\\/avatar\\\/de97aeec1bb80978a9dbb127e47dfc88aaacb2f3c29aac907d8d3222e3495d49?s=96&d=mm&r=g\",\"url\":\"https:\\\/\\\/secure.gravatar.com\\\/avatar\\\/de97aeec1bb80978a9dbb127e47dfc88aaacb2f3c29aac907d8d3222e3495d49?s=96&d=mm&r=g\",\"contentUrl\":\"https:\\\/\\\/secure.gravatar.com\\\/avatar\\\/de97aeec1bb80978a9dbb127e47dfc88aaacb2f3c29aac907d8d3222e3495d49?s=96&d=mm&r=g\",\"caption\":\"Webdo\"},\"url\":\"https:\\\/\\\/www.webdo.tn\\\/fr\\\/actualite\\\/author\\\/webdo\\\/\"}]}<\/script>\n<!-- \/ Yoast SEO Premium plugin. -->","yoast_head_json":{"title":"Tunisie : Un conseil minist\u00e9riel pour promouvoir les PME","description":"Le chef du gouvernement Ahmed Hachani a pr\u00e9sid\u00e9 une r\u00e9union strat\u00e9gique pour promouvoir les petites et moyennes entreprises, avec des mesures ax\u00e9es sur l'innova...","canonical":"https:\/\/www.webdo.tn\/fr\/actualite\/national\/tunisie-un-conseil-ministeriel-pour-promouvoir-les-pme\/215067\/","og_locale":"fr_FR","og_type":"article","og_title":"Tunisie : Un conseil minist\u00e9riel pour promouvoir les PME","og_description":"Le chef du gouvernement Ahmed Hachani a pr\u00e9sid\u00e9 une r\u00e9union strat\u00e9gique pour promouvoir les petites et moyennes entreprises, avec des mesures ax\u00e9es sur l'innova...","og_url":"https:\/\/www.webdo.tn\/fr\/actualite\/national\/tunisie-un-conseil-ministeriel-pour-promouvoir-les-pme\/215067\/","og_site_name":"webdo","article_publisher":"https:\/\/www.facebook.com\/webdotn","article_published_time":"2024-07-03T20:03:00+00:00","og_image":[{"width":750,"height":400,"url":"https:\/\/www.webdo.tn\/fr\/wp-content\/uploads\/2024\/07\/4e1c3efe9d8d1776bcad22cd2c3808f8.webp","type":"image\/webp"}],"author":"Webdo","twitter_card":"summary_large_image","twitter_creator":"@webdo_tn","twitter_site":"@webdo_tn","twitter_misc":{"\u00c9crit par":"Webdo","Dur\u00e9e de lecture estim\u00e9e":"1 minute"},"schema":{"@context":"https:\/\/schema.org","@graph":[{"@type":"NewsArticle","@id":"https:\/\/www.webdo.tn\/fr\/actualite\/national\/tunisie-un-conseil-ministeriel-pour-promouvoir-les-pme\/215067\/#article","isPartOf":{"@id":"https:\/\/www.webdo.tn\/fr\/actualite\/national\/tunisie-un-conseil-ministeriel-pour-promouvoir-les-pme\/215067\/"},"author":{"name":"Webdo","@id":"https:\/\/www.webdo.tn\/fr\/#\/schema\/person\/1f4e491e0907b413d61089e8eb573acc"},"headline":"Tunisie : Un conseil minist\u00e9riel pour promouvoir les PME","datePublished":"2024-07-03T20:03:00+00:00","mainEntityOfPage":{"@id":"https:\/\/www.webdo.tn\/fr\/actualite\/national\/tunisie-un-conseil-ministeriel-pour-promouvoir-les-pme\/215067\/"},"wordCount":214,"commentCount":0,"publisher":{"@id":"https:\/\/www.webdo.tn\/fr\/#organization"},"image":{"@id":"https:\/\/www.webdo.tn\/fr\/actualite\/national\/tunisie-un-conseil-ministeriel-pour-promouvoir-les-pme\/215067\/#primaryimage"},"thumbnailUrl":"https:\/\/www.webdo.tn\/fr\/wp-content\/uploads\/2024\/07\/4e1c3efe9d8d1776bcad22cd2c3808f8.webp","keywords":["PME","Tunisie"],"articleSection":["National"],"inLanguage":"fr-FR"},{"@type":"WebPage","@id":"https:\/\/www.webdo.tn\/fr\/actualite\/national\/tunisie-un-conseil-ministeriel-pour-promouvoir-les-pme\/215067\/","url":"https:\/\/www.webdo.tn\/fr\/actualite\/national\/tunisie-un-conseil-ministeriel-pour-promouvoir-les-pme\/215067\/","name":"Tunisie : Un conseil minist\u00e9riel pour promouvoir les PME","isPartOf":{"@id":"https:\/\/www.webdo.tn\/fr\/#website"},"primaryImageOfPage":{"@id":"https:\/\/www.webdo.tn\/fr\/actualite\/national\/tunisie-un-conseil-ministeriel-pour-promouvoir-les-pme\/215067\/#primaryimage"},"image":{"@id":"https:\/\/www.webdo.tn\/fr\/actualite\/national\/tunisie-un-conseil-ministeriel-pour-promouvoir-les-pme\/215067\/#primaryimage"},"thumbnailUrl":"https:\/\/www.webdo.tn\/fr\/wp-content\/uploads\/2024\/07\/4e1c3efe9d8d1776bcad22cd2c3808f8.webp","datePublished":"2024-07-03T20:03:00+00:00","description":"Le chef du gouvernement Ahmed Hachani a pr\u00e9sid\u00e9 une r\u00e9union strat\u00e9gique pour promouvoir les petites et moyennes entreprises, avec des mesures ax\u00e9es sur l'innova...","breadcrumb":{"@id":"https:\/\/www.webdo.tn\/fr\/actualite\/national\/tunisie-un-conseil-ministeriel-pour-promouvoir-les-pme\/215067\/#breadcrumb"},"inLanguage":"fr-FR","potentialAction":[{"@type":"ReadAction","target":["https:\/\/www.webdo.tn\/fr\/actualite\/national\/tunisie-un-conseil-ministeriel-pour-promouvoir-les-pme\/215067\/"]}]},{"@type":"ImageObject","inLanguage":"fr-FR","@id":"https:\/\/www.webdo.tn\/fr\/actualite\/national\/tunisie-un-conseil-ministeriel-pour-promouvoir-les-pme\/215067\/#primaryimage","url":"https:\/\/www.webdo.tn\/fr\/wp-content\/uploads\/2024\/07\/4e1c3efe9d8d1776bcad22cd2c3808f8.webp","contentUrl":"https:\/\/www.webdo.tn\/fr\/wp-content\/uploads\/2024\/07\/4e1c3efe9d8d1776bcad22cd2c3808f8.webp","width":750,"height":400,"caption":"Tunisie : Un conseil minist\u00e9riel pour promouvoir les PME"},{"@type":"BreadcrumbList","@id":"https:\/\/www.webdo.tn\/fr\/actualite\/national\/tunisie-un-conseil-ministeriel-pour-promouvoir-les-pme\/215067\/#breadcrumb","itemListElement":[{"@type":"ListItem","position":1,"name":"Accueil","item":"https:\/\/www.webdo.tn\/fr\/"},{"@type":"ListItem","position":2,"name":"Tunisie : Un conseil minist\u00e9riel pour promouvoir les PME"}]},{"@type":"WebSite","@id":"https:\/\/www.webdo.tn\/fr\/#website","url":"https:\/\/www.webdo.tn\/fr\/","name":"webdo","description":"Tunisie - News en Tunisie et \u00e0 l&#039;international sur Webdo.tn","publisher":{"@id":"https:\/\/www.webdo.tn\/fr\/#organization"},"potentialAction":[{"@type":"SearchAction","target":{"@type":"EntryPoint","urlTemplate":"https:\/\/www.webdo.tn\/fr\/?s={search_term_string}"},"query-input":{"@type":"PropertyValueSpecification","valueRequired":true,"valueName":"search_term_string"}}],"inLanguage":"fr-FR"},{"@type":"Organization","@id":"https:\/\/www.webdo.tn\/fr\/#organization","name":"Webdo","alternateName":"Webdo.tn","url":"https:\/\/www.webdo.tn\/fr\/","logo":{"@type":"ImageObject","inLanguage":"fr-FR","@id":"https:\/\/www.webdo.tn\/fr\/#\/schema\/logo\/image\/","url":"https:\/\/www.webdo.tn\/fr\/wp-content\/uploads\/2025\/06\/Webdo-Tunisie_168377.jpg","contentUrl":"https:\/\/www.webdo.tn\/fr\/wp-content\/uploads\/2025\/06\/Webdo-Tunisie_168377.jpg","width":301,"height":301,"caption":"Webdo"},"image":{"@id":"https:\/\/www.webdo.tn\/fr\/#\/schema\/logo\/image\/"},"sameAs":["https:\/\/www.facebook.com\/webdotn","https:\/\/x.com\/webdo_tn"],"description":"Webdo est un m\u00e9dia num\u00e9rique tunisien fond\u00e9 en 2010, sp\u00e9cialis\u00e9 dans l\u2019actualit\u00e9 nationale et internationale, l\u2019\u00e9conomie, la soci\u00e9t\u00e9 et les analyses politiques. Le site s\u2019adresse \u00e0 un large public francophone et couvre l\u2019information tunisienne en temps r\u00e9el.","email":"redac@webdo.tn","legalName":"YNJ SARL","foundingDate":"2010-09-06","numberOfEmployees":{"@type":"QuantitativeValue","minValue":"11","maxValue":"50"}},{"@type":"Person","@id":"https:\/\/www.webdo.tn\/fr\/#\/schema\/person\/1f4e491e0907b413d61089e8eb573acc","name":"Webdo","image":{"@type":"ImageObject","inLanguage":"fr-FR","@id":"https:\/\/secure.gravatar.com\/avatar\/de97aeec1bb80978a9dbb127e47dfc88aaacb2f3c29aac907d8d3222e3495d49?s=96&d=mm&r=g","url":"https:\/\/secure.gravatar.com\/avatar\/de97aeec1bb80978a9dbb127e47dfc88aaacb2f3c29aac907d8d3222e3495d49?s=96&d=mm&r=g","contentUrl":"https:\/\/secure.gravatar.com\/avatar\/de97aeec1bb80978a9dbb127e47dfc88aaacb2f3c29aac907d8d3222e3495d49?s=96&d=mm&r=g","caption":"Webdo"},"url":"https:\/\/www.webdo.tn\/fr\/actualite\/author\/webdo\/"}]}},"_links":{"self":[{"href":"https:\/\/www.webdo.tn\/fr\/wp-json\/wp\/v2\/posts\/215067","targetHints":{"allow":["GET"]}}],"collection":[{"href":"https:\/\/www.webdo.tn\/fr\/wp-json\/wp\/v2\/posts"}],"about":[{"href":"https:\/\/www.webdo.tn\/fr\/wp-json\/wp\/v2\/types\/post"}],"author":[{"embeddable":true,"href":"https:\/\/www.webdo.tn\/fr\/wp-json\/wp\/v2\/users\/3169"}],"replies":[{"embeddable":true,"href":"https:\/\/www.webdo.tn\/fr\/wp-json\/wp\/v2\/comments?post=215067"}],"version-history":[{"count":0,"href":"https:\/\/www.webdo.tn\/fr\/wp-json\/wp\/v2\/posts\/215067\/revisions"}],"wp:featuredmedia":[{"embeddable":true,"href":"https:\/\/www.webdo.tn\/fr\/wp-json\/wp\/v2\/media\/247070"}],"wp:attachment":[{"href":"https:\/\/www.webdo.tn\/fr\/wp-json\/wp\/v2\/media?parent=215067"}],"wp:term":[{"taxonomy":"category","embeddable":true,"href":"https:\/\/www.webdo.tn\/fr\/wp-json\/wp\/v2\/categories?post=215067"},{"taxonomy":"post_tag","embeddable":true,"href":"https:\/\/www.webdo.tn\/fr\/wp-json\/wp\/v2\/tags?post=215067"}],"curies":[{"name":"wp","href":"https:\/\/api.w.org\/{rel}","templated":true}]}}