{"id":215066,"date":"2024-07-03T19:13:00","date_gmt":"2024-07-03T19:13:00","guid":{"rendered":"https:\/\/www.webdo.tn\/fr\/blog\/l-ugtt-reclame-une-revision-concertee-du-code-du-travail\/215066\/"},"modified":"2025-05-21T09:05:08","modified_gmt":"2025-05-21T09:05:08","slug":"l-ugtt-reclame-une-revision-concertee-du-code-du-travail","status":"publish","type":"post","link":"https:\/\/www.webdo.tn\/fr\/actualite\/national\/l-ugtt-reclame-une-revision-concertee-du-code-du-travail\/215066\/","title":{"rendered":"L\u2019UGTT r\u00e9clame une r\u00e9vision concert\u00e9e du Code du travail"},"content":{"rendered":"<p>Le bureau ex\u00e9cutif national de l\u2019Union g\u00e9n\u00e9rale tunisienne du travail (UGTT) a rejet\u00e9 l\u2019amendement unilat\u00e9ral du Code du travail propos\u00e9 par le gouvernement, affirmant que cela pourrait entra\u00eener des erreurs et des responsabilit\u00e9s pour les autorit\u00e9s. Dans un communiqu\u00e9 publi\u00e9 le 3 juillet 2024, l&rsquo;UGTT a d\u00e9nonc\u00e9 une exclusion des travailleurs et de leurs syndicats, ainsi qu&rsquo;un sabotage du dialogue social.<\/p>\n<p>\t\t\t\t\t\t\t\t\tL&rsquo;UGTT a critiqu\u00e9 ce qu&rsquo;elle consid\u00e8re comme un recul des traditions de consultation tripartite entre le gouvernement, l\u2019UTICA et les syndicats. Le syndicat a insist\u00e9 sur la n\u00e9cessit\u00e9 d&rsquo;une \u00e9valuation conjointe et globale du Code du travail, au-del\u00e0 des simples questions de contrats et d&#8217;emploi vuln\u00e9rable.<\/p>\n<p>Le bureau ex\u00e9cutif a appel\u00e9 \u00e0 un v\u00e9ritable dialogue social pour r\u00e9soudre les probl\u00e8mes des contractuels et des travailleurs pr\u00e9caires dans divers secteurs. Il a rappel\u00e9 que l&rsquo;organisation plaide depuis 18 ans pour une r\u00e9vision du Code du travail visant \u00e0 garantir des conditions de travail d\u00e9centes et conformes aux normes internationales.<\/p>\n<p>Pour rappel, mardi 2 juin, le chef du gouvernement Ahmed Hachani, a pr\u00e9sid\u00e9 conseil des ministres pour examiner un projet de loi visant \u00e0 modifier et compl\u00e9ter certaines dispositions du Code du Travail. Le ministre des Affaires Sociales, Kamel Madouri, a pr\u00e9sent\u00e9 un projet de loi pour moderniser et compl\u00e9ter le Code du Travail.Ce projet vise \u00e0 mieux prot\u00e9ger les droits des travailleurs, tout en stimulant l&rsquo;investissement et r\u00e9pondant aux besoins des entreprises. La r\u00e9forme cherche \u00e0 \u00e9quilibrer les droits des travailleurs avec les exigences \u00e9conomiques, promouvoir la concurrence loyale entre les entreprises et garantir des engagements respectueux envers les employ\u00e9s.<\/p>\n","protected":false},"excerpt":{"rendered":"<p>L&rsquo;UGTT rejette l&rsquo;amendement unilat\u00e9ral du Code du travail propos\u00e9 par le gouvernement, d\u00e9non\u00e7ant une exclusion des travailleurs et un sabotage du dialogue socia&#8230;<\/p>\n","protected":false},"author":3166,"featured_media":247071,"comment_status":"open","ping_status":"closed","sticky":false,"template":"","format":"standard","meta":{"footnotes":""},"categories":[44],"tags":[2905,2608,2649],"class_list":["post-215066","post","type-post","status-publish","format-standard","has-post-thumbnail","hentry","category-national","tag-code-du-travail","tag-tunisie","tag-ugtt"],"yoast_head":"<!-- This site is optimized with the Yoast SEO Premium plugin v27.5 (Yoast SEO v27.5) - https:\/\/yoast.com\/product\/yoast-seo-premium-wordpress\/ -->\n<title>L\u2019UGTT r\u00e9clame une r\u00e9vision concert\u00e9e du Code du travail<\/title>\n<meta name=\"description\" content=\"L&#039;UGTT rejette l&#039;amendement unilat\u00e9ral du Code du travail propos\u00e9 par le gouvernement, d\u00e9non\u00e7ant une exclusion des travailleurs et un sabotage du dialogue socia...\" \/>\n<link rel=\"canonical\" href=\"https:\/\/www.webdo.tn\/fr\/actualite\/national\/l-ugtt-reclame-une-revision-concertee-du-code-du-travail\/215066\/\" \/>\n<meta property=\"og:locale\" content=\"fr_FR\" \/>\n<meta property=\"og:type\" content=\"article\" \/>\n<meta property=\"og:title\" content=\"L\u2019UGTT r\u00e9clame une r\u00e9vision concert\u00e9e du Code du travail\" \/>\n<meta property=\"og:description\" content=\"L&#039;UGTT rejette l&#039;amendement unilat\u00e9ral du Code du travail propos\u00e9 par le gouvernement, d\u00e9non\u00e7ant une exclusion des travailleurs et un sabotage du dialogue socia...\" \/>\n<meta property=\"og:url\" content=\"https:\/\/www.webdo.tn\/fr\/actualite\/national\/l-ugtt-reclame-une-revision-concertee-du-code-du-travail\/215066\/\" \/>\n<meta property=\"og:site_name\" content=\"webdo\" \/>\n<meta property=\"article:publisher\" content=\"https:\/\/www.facebook.com\/webdotn\" \/>\n<meta property=\"article:published_time\" content=\"2024-07-03T19:13:00+00:00\" \/>\n<meta property=\"article:modified_time\" content=\"2025-05-21T09:05:08+00:00\" \/>\n<meta property=\"og:image\" content=\"https:\/\/www.webdo.tn\/fr\/wp-content\/uploads\/2024\/07\/461d6c5b91def826b6627766c6d4cf12.webp\" \/>\n\t<meta property=\"og:image:width\" content=\"750\" \/>\n\t<meta property=\"og:image:height\" content=\"400\" \/>\n\t<meta property=\"og:image:type\" content=\"image\/webp\" \/>\n<meta name=\"author\" content=\"AZ\" \/>\n<meta name=\"twitter:card\" content=\"summary_large_image\" \/>\n<meta name=\"twitter:creator\" content=\"@webdo_tn\" \/>\n<meta name=\"twitter:site\" content=\"@webdo_tn\" \/>\n<meta name=\"twitter:label1\" content=\"\u00c9crit par\" \/>\n\t<meta name=\"twitter:data1\" content=\"AZ\" \/>\n\t<meta name=\"twitter:label2\" content=\"Dur\u00e9e de lecture estim\u00e9e\" \/>\n\t<meta name=\"twitter:data2\" content=\"1 minute\" \/>\n<script type=\"application\/ld+json\" class=\"yoast-schema-graph\">{\"@context\":\"https:\\\/\\\/schema.org\",\"@graph\":[{\"@type\":\"NewsArticle\",\"@id\":\"https:\\\/\\\/www.webdo.tn\\\/fr\\\/actualite\\\/national\\\/l-ugtt-reclame-une-revision-concertee-du-code-du-travail\\\/215066\\\/#article\",\"isPartOf\":{\"@id\":\"https:\\\/\\\/www.webdo.tn\\\/fr\\\/actualite\\\/national\\\/l-ugtt-reclame-une-revision-concertee-du-code-du-travail\\\/215066\\\/\"},\"author\":{\"name\":\"AZ\",\"@id\":\"https:\\\/\\\/www.webdo.tn\\\/fr\\\/#\\\/schema\\\/person\\\/b8a41c04d93287d375510db360906b34\"},\"headline\":\"L\u2019UGTT r\u00e9clame une r\u00e9vision concert\u00e9e du Code du travail\",\"datePublished\":\"2024-07-03T19:13:00+00:00\",\"dateModified\":\"2025-05-21T09:05:08+00:00\",\"mainEntityOfPage\":{\"@id\":\"https:\\\/\\\/www.webdo.tn\\\/fr\\\/actualite\\\/national\\\/l-ugtt-reclame-une-revision-concertee-du-code-du-travail\\\/215066\\\/\"},\"wordCount\":302,\"commentCount\":0,\"publisher\":{\"@id\":\"https:\\\/\\\/www.webdo.tn\\\/fr\\\/#organization\"},\"image\":{\"@id\":\"https:\\\/\\\/www.webdo.tn\\\/fr\\\/actualite\\\/national\\\/l-ugtt-reclame-une-revision-concertee-du-code-du-travail\\\/215066\\\/#primaryimage\"},\"thumbnailUrl\":\"https:\\\/\\\/www.webdo.tn\\\/fr\\\/wp-content\\\/uploads\\\/2024\\\/07\\\/461d6c5b91def826b6627766c6d4cf12.webp\",\"keywords\":[\"Code du Travail\",\"Tunisie\",\"UGTT\"],\"articleSection\":[\"National\"],\"inLanguage\":\"fr-FR\"},{\"@type\":\"WebPage\",\"@id\":\"https:\\\/\\\/www.webdo.tn\\\/fr\\\/actualite\\\/national\\\/l-ugtt-reclame-une-revision-concertee-du-code-du-travail\\\/215066\\\/\",\"url\":\"https:\\\/\\\/www.webdo.tn\\\/fr\\\/actualite\\\/national\\\/l-ugtt-reclame-une-revision-concertee-du-code-du-travail\\\/215066\\\/\",\"name\":\"L\u2019UGTT r\u00e9clame une r\u00e9vision concert\u00e9e du Code du travail\",\"isPartOf\":{\"@id\":\"https:\\\/\\\/www.webdo.tn\\\/fr\\\/#website\"},\"primaryImageOfPage\":{\"@id\":\"https:\\\/\\\/www.webdo.tn\\\/fr\\\/actualite\\\/national\\\/l-ugtt-reclame-une-revision-concertee-du-code-du-travail\\\/215066\\\/#primaryimage\"},\"image\":{\"@id\":\"https:\\\/\\\/www.webdo.tn\\\/fr\\\/actualite\\\/national\\\/l-ugtt-reclame-une-revision-concertee-du-code-du-travail\\\/215066\\\/#primaryimage\"},\"thumbnailUrl\":\"https:\\\/\\\/www.webdo.tn\\\/fr\\\/wp-content\\\/uploads\\\/2024\\\/07\\\/461d6c5b91def826b6627766c6d4cf12.webp\",\"datePublished\":\"2024-07-03T19:13:00+00:00\",\"dateModified\":\"2025-05-21T09:05:08+00:00\",\"description\":\"L'UGTT rejette l'amendement unilat\u00e9ral du Code du travail propos\u00e9 par le gouvernement, d\u00e9non\u00e7ant une exclusion des travailleurs et un sabotage du dialogue socia...\",\"breadcrumb\":{\"@id\":\"https:\\\/\\\/www.webdo.tn\\\/fr\\\/actualite\\\/national\\\/l-ugtt-reclame-une-revision-concertee-du-code-du-travail\\\/215066\\\/#breadcrumb\"},\"inLanguage\":\"fr-FR\",\"potentialAction\":[{\"@type\":\"ReadAction\",\"target\":[\"https:\\\/\\\/www.webdo.tn\\\/fr\\\/actualite\\\/national\\\/l-ugtt-reclame-une-revision-concertee-du-code-du-travail\\\/215066\\\/\"]}]},{\"@type\":\"ImageObject\",\"inLanguage\":\"fr-FR\",\"@id\":\"https:\\\/\\\/www.webdo.tn\\\/fr\\\/actualite\\\/national\\\/l-ugtt-reclame-une-revision-concertee-du-code-du-travail\\\/215066\\\/#primaryimage\",\"url\":\"https:\\\/\\\/www.webdo.tn\\\/fr\\\/wp-content\\\/uploads\\\/2024\\\/07\\\/461d6c5b91def826b6627766c6d4cf12.webp\",\"contentUrl\":\"https:\\\/\\\/www.webdo.tn\\\/fr\\\/wp-content\\\/uploads\\\/2024\\\/07\\\/461d6c5b91def826b6627766c6d4cf12.webp\",\"width\":750,\"height\":400,\"caption\":\"L\u2019UGTT r\u00e9clame une r\u00e9vision concert\u00e9e du Code du travail\"},{\"@type\":\"BreadcrumbList\",\"@id\":\"https:\\\/\\\/www.webdo.tn\\\/fr\\\/actualite\\\/national\\\/l-ugtt-reclame-une-revision-concertee-du-code-du-travail\\\/215066\\\/#breadcrumb\",\"itemListElement\":[{\"@type\":\"ListItem\",\"position\":1,\"name\":\"Accueil\",\"item\":\"https:\\\/\\\/www.webdo.tn\\\/fr\\\/\"},{\"@type\":\"ListItem\",\"position\":2,\"name\":\"L\u2019UGTT r\u00e9clame une r\u00e9vision concert\u00e9e du Code du travail\"}]},{\"@type\":\"WebSite\",\"@id\":\"https:\\\/\\\/www.webdo.tn\\\/fr\\\/#website\",\"url\":\"https:\\\/\\\/www.webdo.tn\\\/fr\\\/\",\"name\":\"webdo\",\"description\":\"Tunisie - News en Tunisie et \u00e0 l&#039;international sur Webdo.tn\",\"publisher\":{\"@id\":\"https:\\\/\\\/www.webdo.tn\\\/fr\\\/#organization\"},\"potentialAction\":[{\"@type\":\"SearchAction\",\"target\":{\"@type\":\"EntryPoint\",\"urlTemplate\":\"https:\\\/\\\/www.webdo.tn\\\/fr\\\/?s={search_term_string}\"},\"query-input\":{\"@type\":\"PropertyValueSpecification\",\"valueRequired\":true,\"valueName\":\"search_term_string\"}}],\"inLanguage\":\"fr-FR\"},{\"@type\":\"Organization\",\"@id\":\"https:\\\/\\\/www.webdo.tn\\\/fr\\\/#organization\",\"name\":\"Webdo\",\"alternateName\":\"Webdo.tn\",\"url\":\"https:\\\/\\\/www.webdo.tn\\\/fr\\\/\",\"logo\":{\"@type\":\"ImageObject\",\"inLanguage\":\"fr-FR\",\"@id\":\"https:\\\/\\\/www.webdo.tn\\\/fr\\\/#\\\/schema\\\/logo\\\/image\\\/\",\"url\":\"https:\\\/\\\/www.webdo.tn\\\/fr\\\/wp-content\\\/uploads\\\/2025\\\/06\\\/Webdo-Tunisie_168377.jpg\",\"contentUrl\":\"https:\\\/\\\/www.webdo.tn\\\/fr\\\/wp-content\\\/uploads\\\/2025\\\/06\\\/Webdo-Tunisie_168377.jpg\",\"width\":301,\"height\":301,\"caption\":\"Webdo\"},\"image\":{\"@id\":\"https:\\\/\\\/www.webdo.tn\\\/fr\\\/#\\\/schema\\\/logo\\\/image\\\/\"},\"sameAs\":[\"https:\\\/\\\/www.facebook.com\\\/webdotn\",\"https:\\\/\\\/x.com\\\/webdo_tn\"],\"description\":\"Webdo est un m\u00e9dia num\u00e9rique tunisien fond\u00e9 en 2010, sp\u00e9cialis\u00e9 dans l\u2019actualit\u00e9 nationale et internationale, l\u2019\u00e9conomie, la soci\u00e9t\u00e9 et les analyses politiques. Le site s\u2019adresse \u00e0 un large public francophone et couvre l\u2019information tunisienne en temps r\u00e9el.\",\"email\":\"redac@webdo.tn\",\"legalName\":\"YNJ SARL\",\"foundingDate\":\"2010-09-06\",\"numberOfEmployees\":{\"@type\":\"QuantitativeValue\",\"minValue\":\"11\",\"maxValue\":\"50\"}},{\"@type\":\"Person\",\"@id\":\"https:\\\/\\\/www.webdo.tn\\\/fr\\\/#\\\/schema\\\/person\\\/b8a41c04d93287d375510db360906b34\",\"name\":\"AZ\",\"image\":{\"@type\":\"ImageObject\",\"inLanguage\":\"fr-FR\",\"@id\":\"https:\\\/\\\/secure.gravatar.com\\\/avatar\\\/492b80bada79439de4201dce15cd41eece6c277cfdf1b53382073c79105c1f89?s=96&d=mm&r=g\",\"url\":\"https:\\\/\\\/secure.gravatar.com\\\/avatar\\\/492b80bada79439de4201dce15cd41eece6c277cfdf1b53382073c79105c1f89?s=96&d=mm&r=g\",\"contentUrl\":\"https:\\\/\\\/secure.gravatar.com\\\/avatar\\\/492b80bada79439de4201dce15cd41eece6c277cfdf1b53382073c79105c1f89?s=96&d=mm&r=g\",\"caption\":\"AZ\"},\"url\":\"https:\\\/\\\/www.webdo.tn\\\/fr\\\/actualite\\\/author\\\/az\\\/\"}]}<\/script>\n<!-- \/ Yoast SEO Premium plugin. -->","yoast_head_json":{"title":"L\u2019UGTT r\u00e9clame une r\u00e9vision concert\u00e9e du Code du travail","description":"L'UGTT rejette l'amendement unilat\u00e9ral du Code du travail propos\u00e9 par le gouvernement, d\u00e9non\u00e7ant une exclusion des travailleurs et un sabotage du dialogue socia...","canonical":"https:\/\/www.webdo.tn\/fr\/actualite\/national\/l-ugtt-reclame-une-revision-concertee-du-code-du-travail\/215066\/","og_locale":"fr_FR","og_type":"article","og_title":"L\u2019UGTT r\u00e9clame une r\u00e9vision concert\u00e9e du Code du travail","og_description":"L'UGTT rejette l'amendement unilat\u00e9ral du Code du travail propos\u00e9 par le gouvernement, d\u00e9non\u00e7ant une exclusion des travailleurs et un sabotage du dialogue socia...","og_url":"https:\/\/www.webdo.tn\/fr\/actualite\/national\/l-ugtt-reclame-une-revision-concertee-du-code-du-travail\/215066\/","og_site_name":"webdo","article_publisher":"https:\/\/www.facebook.com\/webdotn","article_published_time":"2024-07-03T19:13:00+00:00","article_modified_time":"2025-05-21T09:05:08+00:00","og_image":[{"width":750,"height":400,"url":"https:\/\/www.webdo.tn\/fr\/wp-content\/uploads\/2024\/07\/461d6c5b91def826b6627766c6d4cf12.webp","type":"image\/webp"}],"author":"AZ","twitter_card":"summary_large_image","twitter_creator":"@webdo_tn","twitter_site":"@webdo_tn","twitter_misc":{"\u00c9crit par":"AZ","Dur\u00e9e de lecture estim\u00e9e":"1 minute"},"schema":{"@context":"https:\/\/schema.org","@graph":[{"@type":"NewsArticle","@id":"https:\/\/www.webdo.tn\/fr\/actualite\/national\/l-ugtt-reclame-une-revision-concertee-du-code-du-travail\/215066\/#article","isPartOf":{"@id":"https:\/\/www.webdo.tn\/fr\/actualite\/national\/l-ugtt-reclame-une-revision-concertee-du-code-du-travail\/215066\/"},"author":{"name":"AZ","@id":"https:\/\/www.webdo.tn\/fr\/#\/schema\/person\/b8a41c04d93287d375510db360906b34"},"headline":"L\u2019UGTT r\u00e9clame une r\u00e9vision concert\u00e9e du Code du travail","datePublished":"2024-07-03T19:13:00+00:00","dateModified":"2025-05-21T09:05:08+00:00","mainEntityOfPage":{"@id":"https:\/\/www.webdo.tn\/fr\/actualite\/national\/l-ugtt-reclame-une-revision-concertee-du-code-du-travail\/215066\/"},"wordCount":302,"commentCount":0,"publisher":{"@id":"https:\/\/www.webdo.tn\/fr\/#organization"},"image":{"@id":"https:\/\/www.webdo.tn\/fr\/actualite\/national\/l-ugtt-reclame-une-revision-concertee-du-code-du-travail\/215066\/#primaryimage"},"thumbnailUrl":"https:\/\/www.webdo.tn\/fr\/wp-content\/uploads\/2024\/07\/461d6c5b91def826b6627766c6d4cf12.webp","keywords":["Code du Travail","Tunisie","UGTT"],"articleSection":["National"],"inLanguage":"fr-FR"},{"@type":"WebPage","@id":"https:\/\/www.webdo.tn\/fr\/actualite\/national\/l-ugtt-reclame-une-revision-concertee-du-code-du-travail\/215066\/","url":"https:\/\/www.webdo.tn\/fr\/actualite\/national\/l-ugtt-reclame-une-revision-concertee-du-code-du-travail\/215066\/","name":"L\u2019UGTT r\u00e9clame une r\u00e9vision concert\u00e9e du Code du travail","isPartOf":{"@id":"https:\/\/www.webdo.tn\/fr\/#website"},"primaryImageOfPage":{"@id":"https:\/\/www.webdo.tn\/fr\/actualite\/national\/l-ugtt-reclame-une-revision-concertee-du-code-du-travail\/215066\/#primaryimage"},"image":{"@id":"https:\/\/www.webdo.tn\/fr\/actualite\/national\/l-ugtt-reclame-une-revision-concertee-du-code-du-travail\/215066\/#primaryimage"},"thumbnailUrl":"https:\/\/www.webdo.tn\/fr\/wp-content\/uploads\/2024\/07\/461d6c5b91def826b6627766c6d4cf12.webp","datePublished":"2024-07-03T19:13:00+00:00","dateModified":"2025-05-21T09:05:08+00:00","description":"L'UGTT rejette l'amendement unilat\u00e9ral du Code du travail propos\u00e9 par le gouvernement, d\u00e9non\u00e7ant une exclusion des travailleurs et un sabotage du dialogue socia...","breadcrumb":{"@id":"https:\/\/www.webdo.tn\/fr\/actualite\/national\/l-ugtt-reclame-une-revision-concertee-du-code-du-travail\/215066\/#breadcrumb"},"inLanguage":"fr-FR","potentialAction":[{"@type":"ReadAction","target":["https:\/\/www.webdo.tn\/fr\/actualite\/national\/l-ugtt-reclame-une-revision-concertee-du-code-du-travail\/215066\/"]}]},{"@type":"ImageObject","inLanguage":"fr-FR","@id":"https:\/\/www.webdo.tn\/fr\/actualite\/national\/l-ugtt-reclame-une-revision-concertee-du-code-du-travail\/215066\/#primaryimage","url":"https:\/\/www.webdo.tn\/fr\/wp-content\/uploads\/2024\/07\/461d6c5b91def826b6627766c6d4cf12.webp","contentUrl":"https:\/\/www.webdo.tn\/fr\/wp-content\/uploads\/2024\/07\/461d6c5b91def826b6627766c6d4cf12.webp","width":750,"height":400,"caption":"L\u2019UGTT r\u00e9clame une r\u00e9vision concert\u00e9e du Code du travail"},{"@type":"BreadcrumbList","@id":"https:\/\/www.webdo.tn\/fr\/actualite\/national\/l-ugtt-reclame-une-revision-concertee-du-code-du-travail\/215066\/#breadcrumb","itemListElement":[{"@type":"ListItem","position":1,"name":"Accueil","item":"https:\/\/www.webdo.tn\/fr\/"},{"@type":"ListItem","position":2,"name":"L\u2019UGTT r\u00e9clame une r\u00e9vision concert\u00e9e du Code du travail"}]},{"@type":"WebSite","@id":"https:\/\/www.webdo.tn\/fr\/#website","url":"https:\/\/www.webdo.tn\/fr\/","name":"webdo","description":"Tunisie - News en Tunisie et \u00e0 l&#039;international sur Webdo.tn","publisher":{"@id":"https:\/\/www.webdo.tn\/fr\/#organization"},"potentialAction":[{"@type":"SearchAction","target":{"@type":"EntryPoint","urlTemplate":"https:\/\/www.webdo.tn\/fr\/?s={search_term_string}"},"query-input":{"@type":"PropertyValueSpecification","valueRequired":true,"valueName":"search_term_string"}}],"inLanguage":"fr-FR"},{"@type":"Organization","@id":"https:\/\/www.webdo.tn\/fr\/#organization","name":"Webdo","alternateName":"Webdo.tn","url":"https:\/\/www.webdo.tn\/fr\/","logo":{"@type":"ImageObject","inLanguage":"fr-FR","@id":"https:\/\/www.webdo.tn\/fr\/#\/schema\/logo\/image\/","url":"https:\/\/www.webdo.tn\/fr\/wp-content\/uploads\/2025\/06\/Webdo-Tunisie_168377.jpg","contentUrl":"https:\/\/www.webdo.tn\/fr\/wp-content\/uploads\/2025\/06\/Webdo-Tunisie_168377.jpg","width":301,"height":301,"caption":"Webdo"},"image":{"@id":"https:\/\/www.webdo.tn\/fr\/#\/schema\/logo\/image\/"},"sameAs":["https:\/\/www.facebook.com\/webdotn","https:\/\/x.com\/webdo_tn"],"description":"Webdo est un m\u00e9dia num\u00e9rique tunisien fond\u00e9 en 2010, sp\u00e9cialis\u00e9 dans l\u2019actualit\u00e9 nationale et internationale, l\u2019\u00e9conomie, la soci\u00e9t\u00e9 et les analyses politiques. Le site s\u2019adresse \u00e0 un large public francophone et couvre l\u2019information tunisienne en temps r\u00e9el.","email":"redac@webdo.tn","legalName":"YNJ SARL","foundingDate":"2010-09-06","numberOfEmployees":{"@type":"QuantitativeValue","minValue":"11","maxValue":"50"}},{"@type":"Person","@id":"https:\/\/www.webdo.tn\/fr\/#\/schema\/person\/b8a41c04d93287d375510db360906b34","name":"AZ","image":{"@type":"ImageObject","inLanguage":"fr-FR","@id":"https:\/\/secure.gravatar.com\/avatar\/492b80bada79439de4201dce15cd41eece6c277cfdf1b53382073c79105c1f89?s=96&d=mm&r=g","url":"https:\/\/secure.gravatar.com\/avatar\/492b80bada79439de4201dce15cd41eece6c277cfdf1b53382073c79105c1f89?s=96&d=mm&r=g","contentUrl":"https:\/\/secure.gravatar.com\/avatar\/492b80bada79439de4201dce15cd41eece6c277cfdf1b53382073c79105c1f89?s=96&d=mm&r=g","caption":"AZ"},"url":"https:\/\/www.webdo.tn\/fr\/actualite\/author\/az\/"}]}},"_links":{"self":[{"href":"https:\/\/www.webdo.tn\/fr\/wp-json\/wp\/v2\/posts\/215066","targetHints":{"allow":["GET"]}}],"collection":[{"href":"https:\/\/www.webdo.tn\/fr\/wp-json\/wp\/v2\/posts"}],"about":[{"href":"https:\/\/www.webdo.tn\/fr\/wp-json\/wp\/v2\/types\/post"}],"author":[{"embeddable":true,"href":"https:\/\/www.webdo.tn\/fr\/wp-json\/wp\/v2\/users\/3166"}],"replies":[{"embeddable":true,"href":"https:\/\/www.webdo.tn\/fr\/wp-json\/wp\/v2\/comments?post=215066"}],"version-history":[{"count":0,"href":"https:\/\/www.webdo.tn\/fr\/wp-json\/wp\/v2\/posts\/215066\/revisions"}],"wp:featuredmedia":[{"embeddable":true,"href":"https:\/\/www.webdo.tn\/fr\/wp-json\/wp\/v2\/media\/247071"}],"wp:attachment":[{"href":"https:\/\/www.webdo.tn\/fr\/wp-json\/wp\/v2\/media?parent=215066"}],"wp:term":[{"taxonomy":"category","embeddable":true,"href":"https:\/\/www.webdo.tn\/fr\/wp-json\/wp\/v2\/categories?post=215066"},{"taxonomy":"post_tag","embeddable":true,"href":"https:\/\/www.webdo.tn\/fr\/wp-json\/wp\/v2\/tags?post=215066"}],"curies":[{"name":"wp","href":"https:\/\/api.w.org\/{rel}","templated":true}]}}