{"id":215063,"date":"2024-07-03T13:55:00","date_gmt":"2024-07-03T13:55:00","guid":{"rendered":"https:\/\/www.webdo.tn\/fr\/blog\/tunisie-ouverture-d-une-instruction-judiciaire-suite-aux-coupures-d-eau\/215063\/"},"modified":"2025-05-20T22:35:59","modified_gmt":"2025-05-20T22:35:59","slug":"tunisie-ouverture-d-une-instruction-judiciaire-suite-aux-coupures-d-eau","status":"publish","type":"post","link":"https:\/\/www.webdo.tn\/fr\/actualite\/national\/tunisie-ouverture-d-une-instruction-judiciaire-suite-aux-coupures-d-eau\/215063\/","title":{"rendered":"Tunisie : Ouverture d\u2019une instruction judiciaire suite aux coupures d\u2019eau"},"content":{"rendered":"<p>Le minist\u00e8re public du Tribunal de premi\u00e8re instance de Tunis a autoris\u00e9 la sous-direction centrale des enqu\u00eates de la Garde nationale d\u2019ouvrir une instruction judiciaire concernant les incidents de coupures d&rsquo;eau dans plusieurs r\u00e9gions.<\/p>\n<p>\t\t\t\t\t\t\t\t\tLe porte-parole du Tribunal de premi\u00e8re instance de Tunis a pr\u00e9cis\u00e9, dans une d\u00e9claration sur les ondes de Mosaique fm, ce mercredi 3 juillet, que cette enqu\u00eate visera \u00e0 d&rsquo;identifier les responsabilit\u00e9s et les personnes impliqu\u00e9es.<\/p>\n<p>L\u2019ouverture de cette enqu\u00eate co\u00efncide avec la r\u00e9vocation, ce mardi 2 juillet 2024, d\u2019Ahmed Soula, de son poste de pr\u00e9sident directeur g\u00e9n\u00e9ral de la Soci\u00e9t\u00e9 nationale d&rsquo;exploitation et de distribution des eaux (SONEDE), comme annonc\u00e9 par un communiqu\u00e9 de la Pr\u00e9sidence de la R\u00e9publique.<\/p>\n<p>Lundi dernier, le chef du district d&rsquo;El Manar de la SONEDE a \u00e9t\u00e9 limog\u00e9 suite \u00e0 une visite effectu\u00e9e par le pr\u00e9sident de la R\u00e9publique, dans la banlieue ouest de Tunis o\u00f9 il a constat\u00e9 une importante fuite d&rsquo;eau.<\/p>\n","protected":false},"excerpt":{"rendered":"<p>Le minist\u00e8re public du Tribunal de premi\u00e8re instance de Tunis a autoris\u00e9 la sous-direction centrale des enqu\u00eates de la Garde nationale d\u2019ouvrir une instruction&#8230;<\/p>\n","protected":false},"author":3175,"featured_media":247068,"comment_status":"open","ping_status":"closed","sticky":false,"template":"","format":"standard","meta":{"footnotes":""},"categories":[44],"tags":[2753,3202,2752,2608],"class_list":["post-215063","post","type-post","status-publish","format-standard","has-post-thumbnail","hentry","category-national","tag-coupure-deau","tag-enquete","tag-sonede","tag-tunisie"],"yoast_head":"<!-- This site is optimized with the Yoast SEO Premium plugin v27.4 (Yoast SEO v27.5) - https:\/\/yoast.com\/product\/yoast-seo-premium-wordpress\/ -->\n<title>Tunisie : Ouverture d\u2019une instruction judiciaire suite aux coupures d\u2019eau<\/title>\n<meta name=\"description\" content=\"Le minist\u00e8re public du Tribunal de premi\u00e8re instance de Tunis a autoris\u00e9 la sous-direction centrale des enqu\u00eates de la Garde nationale d\u2019ouvrir une instruction...\" \/>\n<link rel=\"canonical\" href=\"https:\/\/www.webdo.tn\/fr\/actualite\/national\/tunisie-ouverture-d-une-instruction-judiciaire-suite-aux-coupures-d-eau\/215063\/\" \/>\n<meta property=\"og:locale\" content=\"fr_FR\" \/>\n<meta property=\"og:type\" content=\"article\" \/>\n<meta property=\"og:title\" content=\"Tunisie : Ouverture d\u2019une instruction judiciaire suite aux coupures d\u2019eau\" \/>\n<meta property=\"og:description\" content=\"Le minist\u00e8re public du Tribunal de premi\u00e8re instance de Tunis a autoris\u00e9 la sous-direction centrale des enqu\u00eates de la Garde nationale d\u2019ouvrir une instruction...\" \/>\n<meta property=\"og:url\" content=\"https:\/\/www.webdo.tn\/fr\/actualite\/national\/tunisie-ouverture-d-une-instruction-judiciaire-suite-aux-coupures-d-eau\/215063\/\" \/>\n<meta property=\"og:site_name\" content=\"webdo\" \/>\n<meta property=\"article:publisher\" content=\"https:\/\/www.facebook.com\/webdotn\" \/>\n<meta property=\"article:published_time\" content=\"2024-07-03T13:55:00+00:00\" \/>\n<meta property=\"article:modified_time\" content=\"2025-05-20T22:35:59+00:00\" \/>\n<meta property=\"og:image\" content=\"https:\/\/www.webdo.tn\/fr\/wp-content\/uploads\/2024\/07\/df66d433280f54d962fb701ab9ec738a.webp\" \/>\n\t<meta property=\"og:image:width\" content=\"680\" \/>\n\t<meta property=\"og:image:height\" content=\"363\" \/>\n\t<meta property=\"og:image:type\" content=\"image\/webp\" \/>\n<meta name=\"author\" content=\"CL\" \/>\n<meta name=\"twitter:card\" content=\"summary_large_image\" \/>\n<meta name=\"twitter:creator\" content=\"@webdo_tn\" \/>\n<meta name=\"twitter:site\" content=\"@webdo_tn\" \/>\n<meta name=\"twitter:label1\" content=\"\u00c9crit par\" \/>\n\t<meta name=\"twitter:data1\" content=\"CL\" \/>\n\t<meta name=\"twitter:label2\" content=\"Dur\u00e9e de lecture estim\u00e9e\" \/>\n\t<meta name=\"twitter:data2\" content=\"1 minute\" \/>\n<script type=\"application\/ld+json\" class=\"yoast-schema-graph\">{\"@context\":\"https:\\\/\\\/schema.org\",\"@graph\":[{\"@type\":\"NewsArticle\",\"@id\":\"https:\\\/\\\/www.webdo.tn\\\/fr\\\/actualite\\\/national\\\/tunisie-ouverture-d-une-instruction-judiciaire-suite-aux-coupures-d-eau\\\/215063\\\/#article\",\"isPartOf\":{\"@id\":\"https:\\\/\\\/www.webdo.tn\\\/fr\\\/actualite\\\/national\\\/tunisie-ouverture-d-une-instruction-judiciaire-suite-aux-coupures-d-eau\\\/215063\\\/\"},\"author\":{\"name\":\"CL\",\"@id\":\"https:\\\/\\\/www.webdo.tn\\\/fr\\\/#\\\/schema\\\/person\\\/f35b42a42c5e2511bbd282959d6385cc\"},\"headline\":\"Tunisie : Ouverture d\u2019une instruction judiciaire suite aux coupures d\u2019eau\",\"datePublished\":\"2024-07-03T13:55:00+00:00\",\"dateModified\":\"2025-05-20T22:35:59+00:00\",\"mainEntityOfPage\":{\"@id\":\"https:\\\/\\\/www.webdo.tn\\\/fr\\\/actualite\\\/national\\\/tunisie-ouverture-d-une-instruction-judiciaire-suite-aux-coupures-d-eau\\\/215063\\\/\"},\"wordCount\":189,\"commentCount\":0,\"publisher\":{\"@id\":\"https:\\\/\\\/www.webdo.tn\\\/fr\\\/#organization\"},\"image\":{\"@id\":\"https:\\\/\\\/www.webdo.tn\\\/fr\\\/actualite\\\/national\\\/tunisie-ouverture-d-une-instruction-judiciaire-suite-aux-coupures-d-eau\\\/215063\\\/#primaryimage\"},\"thumbnailUrl\":\"https:\\\/\\\/www.webdo.tn\\\/fr\\\/wp-content\\\/uploads\\\/2024\\\/07\\\/df66d433280f54d962fb701ab9ec738a.webp\",\"keywords\":[\"Coupure d'eau\",\"Enqu\u00eate\",\"Sonede\",\"Tunisie\"],\"articleSection\":[\"National\"],\"inLanguage\":\"fr-FR\"},{\"@type\":\"WebPage\",\"@id\":\"https:\\\/\\\/www.webdo.tn\\\/fr\\\/actualite\\\/national\\\/tunisie-ouverture-d-une-instruction-judiciaire-suite-aux-coupures-d-eau\\\/215063\\\/\",\"url\":\"https:\\\/\\\/www.webdo.tn\\\/fr\\\/actualite\\\/national\\\/tunisie-ouverture-d-une-instruction-judiciaire-suite-aux-coupures-d-eau\\\/215063\\\/\",\"name\":\"Tunisie : Ouverture d\u2019une instruction judiciaire suite aux coupures d\u2019eau\",\"isPartOf\":{\"@id\":\"https:\\\/\\\/www.webdo.tn\\\/fr\\\/#website\"},\"primaryImageOfPage\":{\"@id\":\"https:\\\/\\\/www.webdo.tn\\\/fr\\\/actualite\\\/national\\\/tunisie-ouverture-d-une-instruction-judiciaire-suite-aux-coupures-d-eau\\\/215063\\\/#primaryimage\"},\"image\":{\"@id\":\"https:\\\/\\\/www.webdo.tn\\\/fr\\\/actualite\\\/national\\\/tunisie-ouverture-d-une-instruction-judiciaire-suite-aux-coupures-d-eau\\\/215063\\\/#primaryimage\"},\"thumbnailUrl\":\"https:\\\/\\\/www.webdo.tn\\\/fr\\\/wp-content\\\/uploads\\\/2024\\\/07\\\/df66d433280f54d962fb701ab9ec738a.webp\",\"datePublished\":\"2024-07-03T13:55:00+00:00\",\"dateModified\":\"2025-05-20T22:35:59+00:00\",\"description\":\"Le minist\u00e8re public du Tribunal de premi\u00e8re instance de Tunis a autoris\u00e9 la sous-direction centrale des enqu\u00eates de la Garde nationale d\u2019ouvrir une instruction...\",\"breadcrumb\":{\"@id\":\"https:\\\/\\\/www.webdo.tn\\\/fr\\\/actualite\\\/national\\\/tunisie-ouverture-d-une-instruction-judiciaire-suite-aux-coupures-d-eau\\\/215063\\\/#breadcrumb\"},\"inLanguage\":\"fr-FR\",\"potentialAction\":[{\"@type\":\"ReadAction\",\"target\":[\"https:\\\/\\\/www.webdo.tn\\\/fr\\\/actualite\\\/national\\\/tunisie-ouverture-d-une-instruction-judiciaire-suite-aux-coupures-d-eau\\\/215063\\\/\"]}]},{\"@type\":\"ImageObject\",\"inLanguage\":\"fr-FR\",\"@id\":\"https:\\\/\\\/www.webdo.tn\\\/fr\\\/actualite\\\/national\\\/tunisie-ouverture-d-une-instruction-judiciaire-suite-aux-coupures-d-eau\\\/215063\\\/#primaryimage\",\"url\":\"https:\\\/\\\/www.webdo.tn\\\/fr\\\/wp-content\\\/uploads\\\/2024\\\/07\\\/df66d433280f54d962fb701ab9ec738a.webp\",\"contentUrl\":\"https:\\\/\\\/www.webdo.tn\\\/fr\\\/wp-content\\\/uploads\\\/2024\\\/07\\\/df66d433280f54d962fb701ab9ec738a.webp\",\"width\":680,\"height\":363,\"caption\":\"Tunisie : Ouverture d\u2019une instruction judiciaire suite aux coupures d\u2019eau\"},{\"@type\":\"BreadcrumbList\",\"@id\":\"https:\\\/\\\/www.webdo.tn\\\/fr\\\/actualite\\\/national\\\/tunisie-ouverture-d-une-instruction-judiciaire-suite-aux-coupures-d-eau\\\/215063\\\/#breadcrumb\",\"itemListElement\":[{\"@type\":\"ListItem\",\"position\":1,\"name\":\"Accueil\",\"item\":\"https:\\\/\\\/www.webdo.tn\\\/fr\\\/\"},{\"@type\":\"ListItem\",\"position\":2,\"name\":\"Tunisie : Ouverture d\u2019une instruction judiciaire suite aux coupures d\u2019eau\"}]},{\"@type\":\"WebSite\",\"@id\":\"https:\\\/\\\/www.webdo.tn\\\/fr\\\/#website\",\"url\":\"https:\\\/\\\/www.webdo.tn\\\/fr\\\/\",\"name\":\"webdo\",\"description\":\"Tunisie - News en Tunisie et \u00e0 l&#039;international sur Webdo.tn\",\"publisher\":{\"@id\":\"https:\\\/\\\/www.webdo.tn\\\/fr\\\/#organization\"},\"potentialAction\":[{\"@type\":\"SearchAction\",\"target\":{\"@type\":\"EntryPoint\",\"urlTemplate\":\"https:\\\/\\\/www.webdo.tn\\\/fr\\\/?s={search_term_string}\"},\"query-input\":{\"@type\":\"PropertyValueSpecification\",\"valueRequired\":true,\"valueName\":\"search_term_string\"}}],\"inLanguage\":\"fr-FR\"},{\"@type\":\"Organization\",\"@id\":\"https:\\\/\\\/www.webdo.tn\\\/fr\\\/#organization\",\"name\":\"Webdo\",\"alternateName\":\"Webdo.tn\",\"url\":\"https:\\\/\\\/www.webdo.tn\\\/fr\\\/\",\"logo\":{\"@type\":\"ImageObject\",\"inLanguage\":\"fr-FR\",\"@id\":\"https:\\\/\\\/www.webdo.tn\\\/fr\\\/#\\\/schema\\\/logo\\\/image\\\/\",\"url\":\"https:\\\/\\\/www.webdo.tn\\\/fr\\\/wp-content\\\/uploads\\\/2025\\\/06\\\/Webdo-Tunisie_168377.jpg\",\"contentUrl\":\"https:\\\/\\\/www.webdo.tn\\\/fr\\\/wp-content\\\/uploads\\\/2025\\\/06\\\/Webdo-Tunisie_168377.jpg\",\"width\":301,\"height\":301,\"caption\":\"Webdo\"},\"image\":{\"@id\":\"https:\\\/\\\/www.webdo.tn\\\/fr\\\/#\\\/schema\\\/logo\\\/image\\\/\"},\"sameAs\":[\"https:\\\/\\\/www.facebook.com\\\/webdotn\",\"https:\\\/\\\/x.com\\\/webdo_tn\"],\"description\":\"Webdo est un m\u00e9dia num\u00e9rique tunisien fond\u00e9 en 2010, sp\u00e9cialis\u00e9 dans l\u2019actualit\u00e9 nationale et internationale, l\u2019\u00e9conomie, la soci\u00e9t\u00e9 et les analyses politiques. Le site s\u2019adresse \u00e0 un large public francophone et couvre l\u2019information tunisienne en temps r\u00e9el.\",\"email\":\"redac@webdo.tn\",\"legalName\":\"YNJ SARL\",\"foundingDate\":\"2010-09-06\",\"numberOfEmployees\":{\"@type\":\"QuantitativeValue\",\"minValue\":\"11\",\"maxValue\":\"50\"}},{\"@type\":\"Person\",\"@id\":\"https:\\\/\\\/www.webdo.tn\\\/fr\\\/#\\\/schema\\\/person\\\/f35b42a42c5e2511bbd282959d6385cc\",\"name\":\"CL\",\"image\":{\"@type\":\"ImageObject\",\"inLanguage\":\"fr-FR\",\"@id\":\"https:\\\/\\\/secure.gravatar.com\\\/avatar\\\/1447a49909b67aa657c488aec6512e1dd6143a480c1ecfee9b5b5cd74eb3b59e?s=96&d=mm&r=g\",\"url\":\"https:\\\/\\\/secure.gravatar.com\\\/avatar\\\/1447a49909b67aa657c488aec6512e1dd6143a480c1ecfee9b5b5cd74eb3b59e?s=96&d=mm&r=g\",\"contentUrl\":\"https:\\\/\\\/secure.gravatar.com\\\/avatar\\\/1447a49909b67aa657c488aec6512e1dd6143a480c1ecfee9b5b5cd74eb3b59e?s=96&d=mm&r=g\",\"caption\":\"CL\"},\"url\":\"https:\\\/\\\/www.webdo.tn\\\/fr\\\/actualite\\\/author\\\/cl\\\/\"}]}<\/script>\n<!-- \/ Yoast SEO Premium plugin. -->","yoast_head_json":{"title":"Tunisie : Ouverture d\u2019une instruction judiciaire suite aux coupures d\u2019eau","description":"Le minist\u00e8re public du Tribunal de premi\u00e8re instance de Tunis a autoris\u00e9 la sous-direction centrale des enqu\u00eates de la Garde nationale d\u2019ouvrir une instruction...","canonical":"https:\/\/www.webdo.tn\/fr\/actualite\/national\/tunisie-ouverture-d-une-instruction-judiciaire-suite-aux-coupures-d-eau\/215063\/","og_locale":"fr_FR","og_type":"article","og_title":"Tunisie : Ouverture d\u2019une instruction judiciaire suite aux coupures d\u2019eau","og_description":"Le minist\u00e8re public du Tribunal de premi\u00e8re instance de Tunis a autoris\u00e9 la sous-direction centrale des enqu\u00eates de la Garde nationale d\u2019ouvrir une instruction...","og_url":"https:\/\/www.webdo.tn\/fr\/actualite\/national\/tunisie-ouverture-d-une-instruction-judiciaire-suite-aux-coupures-d-eau\/215063\/","og_site_name":"webdo","article_publisher":"https:\/\/www.facebook.com\/webdotn","article_published_time":"2024-07-03T13:55:00+00:00","article_modified_time":"2025-05-20T22:35:59+00:00","og_image":[{"width":680,"height":363,"url":"https:\/\/www.webdo.tn\/fr\/wp-content\/uploads\/2024\/07\/df66d433280f54d962fb701ab9ec738a.webp","type":"image\/webp"}],"author":"CL","twitter_card":"summary_large_image","twitter_creator":"@webdo_tn","twitter_site":"@webdo_tn","twitter_misc":{"\u00c9crit par":"CL","Dur\u00e9e de lecture estim\u00e9e":"1 minute"},"schema":{"@context":"https:\/\/schema.org","@graph":[{"@type":"NewsArticle","@id":"https:\/\/www.webdo.tn\/fr\/actualite\/national\/tunisie-ouverture-d-une-instruction-judiciaire-suite-aux-coupures-d-eau\/215063\/#article","isPartOf":{"@id":"https:\/\/www.webdo.tn\/fr\/actualite\/national\/tunisie-ouverture-d-une-instruction-judiciaire-suite-aux-coupures-d-eau\/215063\/"},"author":{"name":"CL","@id":"https:\/\/www.webdo.tn\/fr\/#\/schema\/person\/f35b42a42c5e2511bbd282959d6385cc"},"headline":"Tunisie : Ouverture d\u2019une instruction judiciaire suite aux coupures d\u2019eau","datePublished":"2024-07-03T13:55:00+00:00","dateModified":"2025-05-20T22:35:59+00:00","mainEntityOfPage":{"@id":"https:\/\/www.webdo.tn\/fr\/actualite\/national\/tunisie-ouverture-d-une-instruction-judiciaire-suite-aux-coupures-d-eau\/215063\/"},"wordCount":189,"commentCount":0,"publisher":{"@id":"https:\/\/www.webdo.tn\/fr\/#organization"},"image":{"@id":"https:\/\/www.webdo.tn\/fr\/actualite\/national\/tunisie-ouverture-d-une-instruction-judiciaire-suite-aux-coupures-d-eau\/215063\/#primaryimage"},"thumbnailUrl":"https:\/\/www.webdo.tn\/fr\/wp-content\/uploads\/2024\/07\/df66d433280f54d962fb701ab9ec738a.webp","keywords":["Coupure d'eau","Enqu\u00eate","Sonede","Tunisie"],"articleSection":["National"],"inLanguage":"fr-FR"},{"@type":"WebPage","@id":"https:\/\/www.webdo.tn\/fr\/actualite\/national\/tunisie-ouverture-d-une-instruction-judiciaire-suite-aux-coupures-d-eau\/215063\/","url":"https:\/\/www.webdo.tn\/fr\/actualite\/national\/tunisie-ouverture-d-une-instruction-judiciaire-suite-aux-coupures-d-eau\/215063\/","name":"Tunisie : Ouverture d\u2019une instruction judiciaire suite aux coupures d\u2019eau","isPartOf":{"@id":"https:\/\/www.webdo.tn\/fr\/#website"},"primaryImageOfPage":{"@id":"https:\/\/www.webdo.tn\/fr\/actualite\/national\/tunisie-ouverture-d-une-instruction-judiciaire-suite-aux-coupures-d-eau\/215063\/#primaryimage"},"image":{"@id":"https:\/\/www.webdo.tn\/fr\/actualite\/national\/tunisie-ouverture-d-une-instruction-judiciaire-suite-aux-coupures-d-eau\/215063\/#primaryimage"},"thumbnailUrl":"https:\/\/www.webdo.tn\/fr\/wp-content\/uploads\/2024\/07\/df66d433280f54d962fb701ab9ec738a.webp","datePublished":"2024-07-03T13:55:00+00:00","dateModified":"2025-05-20T22:35:59+00:00","description":"Le minist\u00e8re public du Tribunal de premi\u00e8re instance de Tunis a autoris\u00e9 la sous-direction centrale des enqu\u00eates de la Garde nationale d\u2019ouvrir une instruction...","breadcrumb":{"@id":"https:\/\/www.webdo.tn\/fr\/actualite\/national\/tunisie-ouverture-d-une-instruction-judiciaire-suite-aux-coupures-d-eau\/215063\/#breadcrumb"},"inLanguage":"fr-FR","potentialAction":[{"@type":"ReadAction","target":["https:\/\/www.webdo.tn\/fr\/actualite\/national\/tunisie-ouverture-d-une-instruction-judiciaire-suite-aux-coupures-d-eau\/215063\/"]}]},{"@type":"ImageObject","inLanguage":"fr-FR","@id":"https:\/\/www.webdo.tn\/fr\/actualite\/national\/tunisie-ouverture-d-une-instruction-judiciaire-suite-aux-coupures-d-eau\/215063\/#primaryimage","url":"https:\/\/www.webdo.tn\/fr\/wp-content\/uploads\/2024\/07\/df66d433280f54d962fb701ab9ec738a.webp","contentUrl":"https:\/\/www.webdo.tn\/fr\/wp-content\/uploads\/2024\/07\/df66d433280f54d962fb701ab9ec738a.webp","width":680,"height":363,"caption":"Tunisie : Ouverture d\u2019une instruction judiciaire suite aux coupures d\u2019eau"},{"@type":"BreadcrumbList","@id":"https:\/\/www.webdo.tn\/fr\/actualite\/national\/tunisie-ouverture-d-une-instruction-judiciaire-suite-aux-coupures-d-eau\/215063\/#breadcrumb","itemListElement":[{"@type":"ListItem","position":1,"name":"Accueil","item":"https:\/\/www.webdo.tn\/fr\/"},{"@type":"ListItem","position":2,"name":"Tunisie : Ouverture d\u2019une instruction judiciaire suite aux coupures d\u2019eau"}]},{"@type":"WebSite","@id":"https:\/\/www.webdo.tn\/fr\/#website","url":"https:\/\/www.webdo.tn\/fr\/","name":"webdo","description":"Tunisie - News en Tunisie et \u00e0 l&#039;international sur Webdo.tn","publisher":{"@id":"https:\/\/www.webdo.tn\/fr\/#organization"},"potentialAction":[{"@type":"SearchAction","target":{"@type":"EntryPoint","urlTemplate":"https:\/\/www.webdo.tn\/fr\/?s={search_term_string}"},"query-input":{"@type":"PropertyValueSpecification","valueRequired":true,"valueName":"search_term_string"}}],"inLanguage":"fr-FR"},{"@type":"Organization","@id":"https:\/\/www.webdo.tn\/fr\/#organization","name":"Webdo","alternateName":"Webdo.tn","url":"https:\/\/www.webdo.tn\/fr\/","logo":{"@type":"ImageObject","inLanguage":"fr-FR","@id":"https:\/\/www.webdo.tn\/fr\/#\/schema\/logo\/image\/","url":"https:\/\/www.webdo.tn\/fr\/wp-content\/uploads\/2025\/06\/Webdo-Tunisie_168377.jpg","contentUrl":"https:\/\/www.webdo.tn\/fr\/wp-content\/uploads\/2025\/06\/Webdo-Tunisie_168377.jpg","width":301,"height":301,"caption":"Webdo"},"image":{"@id":"https:\/\/www.webdo.tn\/fr\/#\/schema\/logo\/image\/"},"sameAs":["https:\/\/www.facebook.com\/webdotn","https:\/\/x.com\/webdo_tn"],"description":"Webdo est un m\u00e9dia num\u00e9rique tunisien fond\u00e9 en 2010, sp\u00e9cialis\u00e9 dans l\u2019actualit\u00e9 nationale et internationale, l\u2019\u00e9conomie, la soci\u00e9t\u00e9 et les analyses politiques. Le site s\u2019adresse \u00e0 un large public francophone et couvre l\u2019information tunisienne en temps r\u00e9el.","email":"redac@webdo.tn","legalName":"YNJ SARL","foundingDate":"2010-09-06","numberOfEmployees":{"@type":"QuantitativeValue","minValue":"11","maxValue":"50"}},{"@type":"Person","@id":"https:\/\/www.webdo.tn\/fr\/#\/schema\/person\/f35b42a42c5e2511bbd282959d6385cc","name":"CL","image":{"@type":"ImageObject","inLanguage":"fr-FR","@id":"https:\/\/secure.gravatar.com\/avatar\/1447a49909b67aa657c488aec6512e1dd6143a480c1ecfee9b5b5cd74eb3b59e?s=96&d=mm&r=g","url":"https:\/\/secure.gravatar.com\/avatar\/1447a49909b67aa657c488aec6512e1dd6143a480c1ecfee9b5b5cd74eb3b59e?s=96&d=mm&r=g","contentUrl":"https:\/\/secure.gravatar.com\/avatar\/1447a49909b67aa657c488aec6512e1dd6143a480c1ecfee9b5b5cd74eb3b59e?s=96&d=mm&r=g","caption":"CL"},"url":"https:\/\/www.webdo.tn\/fr\/actualite\/author\/cl\/"}]}},"_links":{"self":[{"href":"https:\/\/www.webdo.tn\/fr\/wp-json\/wp\/v2\/posts\/215063","targetHints":{"allow":["GET"]}}],"collection":[{"href":"https:\/\/www.webdo.tn\/fr\/wp-json\/wp\/v2\/posts"}],"about":[{"href":"https:\/\/www.webdo.tn\/fr\/wp-json\/wp\/v2\/types\/post"}],"author":[{"embeddable":true,"href":"https:\/\/www.webdo.tn\/fr\/wp-json\/wp\/v2\/users\/3175"}],"replies":[{"embeddable":true,"href":"https:\/\/www.webdo.tn\/fr\/wp-json\/wp\/v2\/comments?post=215063"}],"version-history":[{"count":0,"href":"https:\/\/www.webdo.tn\/fr\/wp-json\/wp\/v2\/posts\/215063\/revisions"}],"wp:featuredmedia":[{"embeddable":true,"href":"https:\/\/www.webdo.tn\/fr\/wp-json\/wp\/v2\/media\/247068"}],"wp:attachment":[{"href":"https:\/\/www.webdo.tn\/fr\/wp-json\/wp\/v2\/media?parent=215063"}],"wp:term":[{"taxonomy":"category","embeddable":true,"href":"https:\/\/www.webdo.tn\/fr\/wp-json\/wp\/v2\/categories?post=215063"},{"taxonomy":"post_tag","embeddable":true,"href":"https:\/\/www.webdo.tn\/fr\/wp-json\/wp\/v2\/tags?post=215063"}],"curies":[{"name":"wp","href":"https:\/\/api.w.org\/{rel}","templated":true}]}}