{"id":215016,"date":"2024-07-01T09:51:00","date_gmt":"2024-07-01T09:51:00","guid":{"rendered":"https:\/\/www.webdo.tn\/fr\/blog\/le-chef-du-district-d-el-manar-de-la-sonede-limoge-par-kais-saied\/215016\/"},"modified":"2025-05-20T22:54:07","modified_gmt":"2025-05-20T22:54:07","slug":"le-chef-du-district-d-el-manar-de-la-sonede-limoge-par-kais-saied","status":"publish","type":"post","link":"https:\/\/www.webdo.tn\/fr\/actualite\/national\/le-chef-du-district-d-el-manar-de-la-sonede-limoge-par-kais-saied\/215016\/","title":{"rendered":"Le chef du district d&rsquo;El Manar de la SONEDE limog\u00e9 par Kais Saied"},"content":{"rendered":"<p>Le chef du district d&rsquo;El Manar de la SONEDE a \u00e9t\u00e9 limog\u00e9 suite \u00e0 une visite effectu\u00e9e par le pr\u00e9sident de la R\u00e9publique, dans la banlieue ouest de Tunis o\u00f9 il a constat\u00e9 une importante fuite d&rsquo;eau.<\/p>\n<p>\t\t\t\t\t\t\t\t\tSuite \u00e0 une visite nocturne effectu\u00e9e par le pr\u00e9sident de la R\u00e9publique, Kais Saied, dans la soir\u00e9e de samedi 29 juin 2024, dans la banlieue ouest de Tunis, il a constat\u00e9 une importante fuite d&rsquo;eau potable provenant d&rsquo;une canalisation appartenant \u00e0 la Soci\u00e9t\u00e9 Nationale d&rsquo;Exploitation et de Distribution des Eaux (SONEDE).<\/p>\n<p>Apr\u00e8s v\u00e9rification faite de tous les d\u00e9tails de cette affaire, il a \u00e9t\u00e9 d\u00e9cid\u00e9 de relever de ses fonctions le directeur r\u00e9gional de la SONEDE d\u2019El Manar. Le pr\u00e9sident de la R\u00e9publique a \u00e9galement ordonn\u00e9 l&rsquo;ouverture d&rsquo;une enqu\u00eate judiciaire sur cette affaire.<\/p>\n","protected":false},"excerpt":{"rendered":"<p>Le chef du district d&rsquo;El Manar de la SONEDE a \u00e9t\u00e9 limog\u00e9 suite \u00e0 une visite effectu\u00e9e par le pr\u00e9sident de la R\u00e9publique, dans la banlieue ouest de Tunis o\u00f9 il a&#8230;<\/p>\n","protected":false},"author":3175,"featured_media":290783,"comment_status":"open","ping_status":"closed","sticky":false,"template":"","format":"standard","meta":{"footnotes":""},"categories":[44],"tags":[10286,5024,2752,2608],"class_list":["post-215016","post","type-post","status-publish","format-standard","has-post-thumbnail","hentry","category-national","tag-fuite-deau","tag-limogeage","tag-sonede","tag-tunisie"],"yoast_head":"<!-- This site is optimized with the Yoast SEO Premium plugin v27.5 (Yoast SEO v27.5) - https:\/\/yoast.com\/product\/yoast-seo-premium-wordpress\/ -->\n<title>Le chef du district d&#039;El Manar de la SONEDE limog\u00e9 par Kais Saied<\/title>\n<meta name=\"description\" content=\"Le chef du district d&#039;El Manar de la SONEDE a \u00e9t\u00e9 limog\u00e9 suite \u00e0 une visite effectu\u00e9e par le pr\u00e9sident de la R\u00e9publique, dans la banlieue ouest de Tunis o\u00f9 il a...\" \/>\n<link rel=\"canonical\" href=\"https:\/\/www.webdo.tn\/fr\/actualite\/national\/le-chef-du-district-d-el-manar-de-la-sonede-limoge-par-kais-saied\/215016\/\" \/>\n<meta property=\"og:locale\" content=\"fr_FR\" \/>\n<meta property=\"og:type\" content=\"article\" \/>\n<meta property=\"og:title\" content=\"Le chef du district d&#039;El Manar de la SONEDE limog\u00e9 par Kais Saied\" \/>\n<meta property=\"og:description\" content=\"Le chef du district d&#039;El Manar de la SONEDE a \u00e9t\u00e9 limog\u00e9 suite \u00e0 une visite effectu\u00e9e par le pr\u00e9sident de la R\u00e9publique, dans la banlieue ouest de Tunis o\u00f9 il a...\" \/>\n<meta property=\"og:url\" content=\"https:\/\/www.webdo.tn\/fr\/actualite\/national\/le-chef-du-district-d-el-manar-de-la-sonede-limoge-par-kais-saied\/215016\/\" \/>\n<meta property=\"og:site_name\" content=\"webdo\" \/>\n<meta property=\"article:publisher\" content=\"https:\/\/www.facebook.com\/webdotn\" \/>\n<meta property=\"article:published_time\" content=\"2024-07-01T09:51:00+00:00\" \/>\n<meta property=\"article:modified_time\" content=\"2025-05-20T22:54:07+00:00\" \/>\n<meta property=\"og:image\" content=\"https:\/\/www.webdo.tn\/fr\/wp-content\/uploads\/2024\/07\/f88c7f88bddc625de1dd8aa74161958c.webp\" \/>\n\t<meta property=\"og:image:width\" content=\"750\" \/>\n\t<meta property=\"og:image:height\" content=\"400\" \/>\n\t<meta property=\"og:image:type\" content=\"image\/webp\" \/>\n<meta name=\"author\" content=\"CL\" \/>\n<meta name=\"twitter:card\" content=\"summary_large_image\" \/>\n<meta name=\"twitter:creator\" content=\"@webdo_tn\" \/>\n<meta name=\"twitter:site\" content=\"@webdo_tn\" \/>\n<meta name=\"twitter:label1\" content=\"\u00c9crit par\" \/>\n\t<meta name=\"twitter:data1\" content=\"CL\" \/>\n\t<meta name=\"twitter:label2\" content=\"Dur\u00e9e de lecture estim\u00e9e\" \/>\n\t<meta name=\"twitter:data2\" content=\"1 minute\" \/>\n<script type=\"application\/ld+json\" class=\"yoast-schema-graph\">{\"@context\":\"https:\\\/\\\/schema.org\",\"@graph\":[{\"@type\":\"NewsArticle\",\"@id\":\"https:\\\/\\\/www.webdo.tn\\\/fr\\\/actualite\\\/national\\\/le-chef-du-district-d-el-manar-de-la-sonede-limoge-par-kais-saied\\\/215016\\\/#article\",\"isPartOf\":{\"@id\":\"https:\\\/\\\/www.webdo.tn\\\/fr\\\/actualite\\\/national\\\/le-chef-du-district-d-el-manar-de-la-sonede-limoge-par-kais-saied\\\/215016\\\/\"},\"author\":{\"name\":\"CL\",\"@id\":\"https:\\\/\\\/www.webdo.tn\\\/fr\\\/#\\\/schema\\\/person\\\/f35b42a42c5e2511bbd282959d6385cc\"},\"headline\":\"Le chef du district d&rsquo;El Manar de la SONEDE limog\u00e9 par Kais Saied\",\"datePublished\":\"2024-07-01T09:51:00+00:00\",\"dateModified\":\"2025-05-20T22:54:07+00:00\",\"mainEntityOfPage\":{\"@id\":\"https:\\\/\\\/www.webdo.tn\\\/fr\\\/actualite\\\/national\\\/le-chef-du-district-d-el-manar-de-la-sonede-limoge-par-kais-saied\\\/215016\\\/\"},\"wordCount\":163,\"commentCount\":0,\"publisher\":{\"@id\":\"https:\\\/\\\/www.webdo.tn\\\/fr\\\/#organization\"},\"image\":{\"@id\":\"https:\\\/\\\/www.webdo.tn\\\/fr\\\/actualite\\\/national\\\/le-chef-du-district-d-el-manar-de-la-sonede-limoge-par-kais-saied\\\/215016\\\/#primaryimage\"},\"thumbnailUrl\":\"https:\\\/\\\/www.webdo.tn\\\/fr\\\/wp-content\\\/uploads\\\/2024\\\/07\\\/f88c7f88bddc625de1dd8aa74161958c.webp\",\"keywords\":[\"\\\"fuite d'eau\\\"]\",\"Limogeage\",\"Sonede\",\"Tunisie\"],\"articleSection\":[\"National\"],\"inLanguage\":\"fr-FR\"},{\"@type\":\"WebPage\",\"@id\":\"https:\\\/\\\/www.webdo.tn\\\/fr\\\/actualite\\\/national\\\/le-chef-du-district-d-el-manar-de-la-sonede-limoge-par-kais-saied\\\/215016\\\/\",\"url\":\"https:\\\/\\\/www.webdo.tn\\\/fr\\\/actualite\\\/national\\\/le-chef-du-district-d-el-manar-de-la-sonede-limoge-par-kais-saied\\\/215016\\\/\",\"name\":\"Le chef du district d'El Manar de la SONEDE limog\u00e9 par Kais Saied\",\"isPartOf\":{\"@id\":\"https:\\\/\\\/www.webdo.tn\\\/fr\\\/#website\"},\"primaryImageOfPage\":{\"@id\":\"https:\\\/\\\/www.webdo.tn\\\/fr\\\/actualite\\\/national\\\/le-chef-du-district-d-el-manar-de-la-sonede-limoge-par-kais-saied\\\/215016\\\/#primaryimage\"},\"image\":{\"@id\":\"https:\\\/\\\/www.webdo.tn\\\/fr\\\/actualite\\\/national\\\/le-chef-du-district-d-el-manar-de-la-sonede-limoge-par-kais-saied\\\/215016\\\/#primaryimage\"},\"thumbnailUrl\":\"https:\\\/\\\/www.webdo.tn\\\/fr\\\/wp-content\\\/uploads\\\/2024\\\/07\\\/f88c7f88bddc625de1dd8aa74161958c.webp\",\"datePublished\":\"2024-07-01T09:51:00+00:00\",\"dateModified\":\"2025-05-20T22:54:07+00:00\",\"description\":\"Le chef du district d'El Manar de la SONEDE a \u00e9t\u00e9 limog\u00e9 suite \u00e0 une visite effectu\u00e9e par le pr\u00e9sident de la R\u00e9publique, dans la banlieue ouest de Tunis o\u00f9 il a...\",\"breadcrumb\":{\"@id\":\"https:\\\/\\\/www.webdo.tn\\\/fr\\\/actualite\\\/national\\\/le-chef-du-district-d-el-manar-de-la-sonede-limoge-par-kais-saied\\\/215016\\\/#breadcrumb\"},\"inLanguage\":\"fr-FR\",\"potentialAction\":[{\"@type\":\"ReadAction\",\"target\":[\"https:\\\/\\\/www.webdo.tn\\\/fr\\\/actualite\\\/national\\\/le-chef-du-district-d-el-manar-de-la-sonede-limoge-par-kais-saied\\\/215016\\\/\"]}]},{\"@type\":\"ImageObject\",\"inLanguage\":\"fr-FR\",\"@id\":\"https:\\\/\\\/www.webdo.tn\\\/fr\\\/actualite\\\/national\\\/le-chef-du-district-d-el-manar-de-la-sonede-limoge-par-kais-saied\\\/215016\\\/#primaryimage\",\"url\":\"https:\\\/\\\/www.webdo.tn\\\/fr\\\/wp-content\\\/uploads\\\/2024\\\/07\\\/f88c7f88bddc625de1dd8aa74161958c.webp\",\"contentUrl\":\"https:\\\/\\\/www.webdo.tn\\\/fr\\\/wp-content\\\/uploads\\\/2024\\\/07\\\/f88c7f88bddc625de1dd8aa74161958c.webp\",\"width\":750,\"height\":400,\"caption\":\"Le chef du district d'El Manar de la SONEDE limog\u00e9 par Kais Saied\"},{\"@type\":\"BreadcrumbList\",\"@id\":\"https:\\\/\\\/www.webdo.tn\\\/fr\\\/actualite\\\/national\\\/le-chef-du-district-d-el-manar-de-la-sonede-limoge-par-kais-saied\\\/215016\\\/#breadcrumb\",\"itemListElement\":[{\"@type\":\"ListItem\",\"position\":1,\"name\":\"Accueil\",\"item\":\"https:\\\/\\\/www.webdo.tn\\\/fr\\\/\"},{\"@type\":\"ListItem\",\"position\":2,\"name\":\"Le chef du district d&rsquo;El Manar de la SONEDE limog\u00e9 par Kais Saied\"}]},{\"@type\":\"WebSite\",\"@id\":\"https:\\\/\\\/www.webdo.tn\\\/fr\\\/#website\",\"url\":\"https:\\\/\\\/www.webdo.tn\\\/fr\\\/\",\"name\":\"webdo\",\"description\":\"Tunisie - News en Tunisie et \u00e0 l&#039;international sur Webdo.tn\",\"publisher\":{\"@id\":\"https:\\\/\\\/www.webdo.tn\\\/fr\\\/#organization\"},\"potentialAction\":[{\"@type\":\"SearchAction\",\"target\":{\"@type\":\"EntryPoint\",\"urlTemplate\":\"https:\\\/\\\/www.webdo.tn\\\/fr\\\/?s={search_term_string}\"},\"query-input\":{\"@type\":\"PropertyValueSpecification\",\"valueRequired\":true,\"valueName\":\"search_term_string\"}}],\"inLanguage\":\"fr-FR\"},{\"@type\":\"Organization\",\"@id\":\"https:\\\/\\\/www.webdo.tn\\\/fr\\\/#organization\",\"name\":\"Webdo\",\"alternateName\":\"Webdo.tn\",\"url\":\"https:\\\/\\\/www.webdo.tn\\\/fr\\\/\",\"logo\":{\"@type\":\"ImageObject\",\"inLanguage\":\"fr-FR\",\"@id\":\"https:\\\/\\\/www.webdo.tn\\\/fr\\\/#\\\/schema\\\/logo\\\/image\\\/\",\"url\":\"https:\\\/\\\/www.webdo.tn\\\/fr\\\/wp-content\\\/uploads\\\/2025\\\/06\\\/Webdo-Tunisie_168377.jpg\",\"contentUrl\":\"https:\\\/\\\/www.webdo.tn\\\/fr\\\/wp-content\\\/uploads\\\/2025\\\/06\\\/Webdo-Tunisie_168377.jpg\",\"width\":301,\"height\":301,\"caption\":\"Webdo\"},\"image\":{\"@id\":\"https:\\\/\\\/www.webdo.tn\\\/fr\\\/#\\\/schema\\\/logo\\\/image\\\/\"},\"sameAs\":[\"https:\\\/\\\/www.facebook.com\\\/webdotn\",\"https:\\\/\\\/x.com\\\/webdo_tn\"],\"description\":\"Webdo est un m\u00e9dia num\u00e9rique tunisien fond\u00e9 en 2010, sp\u00e9cialis\u00e9 dans l\u2019actualit\u00e9 nationale et internationale, l\u2019\u00e9conomie, la soci\u00e9t\u00e9 et les analyses politiques. Le site s\u2019adresse \u00e0 un large public francophone et couvre l\u2019information tunisienne en temps r\u00e9el.\",\"email\":\"redac@webdo.tn\",\"legalName\":\"YNJ SARL\",\"foundingDate\":\"2010-09-06\",\"numberOfEmployees\":{\"@type\":\"QuantitativeValue\",\"minValue\":\"11\",\"maxValue\":\"50\"}},{\"@type\":\"Person\",\"@id\":\"https:\\\/\\\/www.webdo.tn\\\/fr\\\/#\\\/schema\\\/person\\\/f35b42a42c5e2511bbd282959d6385cc\",\"name\":\"CL\",\"image\":{\"@type\":\"ImageObject\",\"inLanguage\":\"fr-FR\",\"@id\":\"https:\\\/\\\/secure.gravatar.com\\\/avatar\\\/1447a49909b67aa657c488aec6512e1dd6143a480c1ecfee9b5b5cd74eb3b59e?s=96&d=mm&r=g\",\"url\":\"https:\\\/\\\/secure.gravatar.com\\\/avatar\\\/1447a49909b67aa657c488aec6512e1dd6143a480c1ecfee9b5b5cd74eb3b59e?s=96&d=mm&r=g\",\"contentUrl\":\"https:\\\/\\\/secure.gravatar.com\\\/avatar\\\/1447a49909b67aa657c488aec6512e1dd6143a480c1ecfee9b5b5cd74eb3b59e?s=96&d=mm&r=g\",\"caption\":\"CL\"},\"url\":\"https:\\\/\\\/www.webdo.tn\\\/fr\\\/actualite\\\/author\\\/cl\\\/\"}]}<\/script>\n<!-- \/ Yoast SEO Premium plugin. -->","yoast_head_json":{"title":"Le chef du district d'El Manar de la SONEDE limog\u00e9 par Kais Saied","description":"Le chef du district d'El Manar de la SONEDE a \u00e9t\u00e9 limog\u00e9 suite \u00e0 une visite effectu\u00e9e par le pr\u00e9sident de la R\u00e9publique, dans la banlieue ouest de Tunis o\u00f9 il a...","canonical":"https:\/\/www.webdo.tn\/fr\/actualite\/national\/le-chef-du-district-d-el-manar-de-la-sonede-limoge-par-kais-saied\/215016\/","og_locale":"fr_FR","og_type":"article","og_title":"Le chef du district d'El Manar de la SONEDE limog\u00e9 par Kais Saied","og_description":"Le chef du district d'El Manar de la SONEDE a \u00e9t\u00e9 limog\u00e9 suite \u00e0 une visite effectu\u00e9e par le pr\u00e9sident de la R\u00e9publique, dans la banlieue ouest de Tunis o\u00f9 il a...","og_url":"https:\/\/www.webdo.tn\/fr\/actualite\/national\/le-chef-du-district-d-el-manar-de-la-sonede-limoge-par-kais-saied\/215016\/","og_site_name":"webdo","article_publisher":"https:\/\/www.facebook.com\/webdotn","article_published_time":"2024-07-01T09:51:00+00:00","article_modified_time":"2025-05-20T22:54:07+00:00","og_image":[{"width":750,"height":400,"url":"https:\/\/www.webdo.tn\/fr\/wp-content\/uploads\/2024\/07\/f88c7f88bddc625de1dd8aa74161958c.webp","type":"image\/webp"}],"author":"CL","twitter_card":"summary_large_image","twitter_creator":"@webdo_tn","twitter_site":"@webdo_tn","twitter_misc":{"\u00c9crit par":"CL","Dur\u00e9e de lecture estim\u00e9e":"1 minute"},"schema":{"@context":"https:\/\/schema.org","@graph":[{"@type":"NewsArticle","@id":"https:\/\/www.webdo.tn\/fr\/actualite\/national\/le-chef-du-district-d-el-manar-de-la-sonede-limoge-par-kais-saied\/215016\/#article","isPartOf":{"@id":"https:\/\/www.webdo.tn\/fr\/actualite\/national\/le-chef-du-district-d-el-manar-de-la-sonede-limoge-par-kais-saied\/215016\/"},"author":{"name":"CL","@id":"https:\/\/www.webdo.tn\/fr\/#\/schema\/person\/f35b42a42c5e2511bbd282959d6385cc"},"headline":"Le chef du district d&rsquo;El Manar de la SONEDE limog\u00e9 par Kais Saied","datePublished":"2024-07-01T09:51:00+00:00","dateModified":"2025-05-20T22:54:07+00:00","mainEntityOfPage":{"@id":"https:\/\/www.webdo.tn\/fr\/actualite\/national\/le-chef-du-district-d-el-manar-de-la-sonede-limoge-par-kais-saied\/215016\/"},"wordCount":163,"commentCount":0,"publisher":{"@id":"https:\/\/www.webdo.tn\/fr\/#organization"},"image":{"@id":"https:\/\/www.webdo.tn\/fr\/actualite\/national\/le-chef-du-district-d-el-manar-de-la-sonede-limoge-par-kais-saied\/215016\/#primaryimage"},"thumbnailUrl":"https:\/\/www.webdo.tn\/fr\/wp-content\/uploads\/2024\/07\/f88c7f88bddc625de1dd8aa74161958c.webp","keywords":["\"fuite d'eau\"]","Limogeage","Sonede","Tunisie"],"articleSection":["National"],"inLanguage":"fr-FR"},{"@type":"WebPage","@id":"https:\/\/www.webdo.tn\/fr\/actualite\/national\/le-chef-du-district-d-el-manar-de-la-sonede-limoge-par-kais-saied\/215016\/","url":"https:\/\/www.webdo.tn\/fr\/actualite\/national\/le-chef-du-district-d-el-manar-de-la-sonede-limoge-par-kais-saied\/215016\/","name":"Le chef du district d'El Manar de la SONEDE limog\u00e9 par Kais Saied","isPartOf":{"@id":"https:\/\/www.webdo.tn\/fr\/#website"},"primaryImageOfPage":{"@id":"https:\/\/www.webdo.tn\/fr\/actualite\/national\/le-chef-du-district-d-el-manar-de-la-sonede-limoge-par-kais-saied\/215016\/#primaryimage"},"image":{"@id":"https:\/\/www.webdo.tn\/fr\/actualite\/national\/le-chef-du-district-d-el-manar-de-la-sonede-limoge-par-kais-saied\/215016\/#primaryimage"},"thumbnailUrl":"https:\/\/www.webdo.tn\/fr\/wp-content\/uploads\/2024\/07\/f88c7f88bddc625de1dd8aa74161958c.webp","datePublished":"2024-07-01T09:51:00+00:00","dateModified":"2025-05-20T22:54:07+00:00","description":"Le chef du district d'El Manar de la SONEDE a \u00e9t\u00e9 limog\u00e9 suite \u00e0 une visite effectu\u00e9e par le pr\u00e9sident de la R\u00e9publique, dans la banlieue ouest de Tunis o\u00f9 il a...","breadcrumb":{"@id":"https:\/\/www.webdo.tn\/fr\/actualite\/national\/le-chef-du-district-d-el-manar-de-la-sonede-limoge-par-kais-saied\/215016\/#breadcrumb"},"inLanguage":"fr-FR","potentialAction":[{"@type":"ReadAction","target":["https:\/\/www.webdo.tn\/fr\/actualite\/national\/le-chef-du-district-d-el-manar-de-la-sonede-limoge-par-kais-saied\/215016\/"]}]},{"@type":"ImageObject","inLanguage":"fr-FR","@id":"https:\/\/www.webdo.tn\/fr\/actualite\/national\/le-chef-du-district-d-el-manar-de-la-sonede-limoge-par-kais-saied\/215016\/#primaryimage","url":"https:\/\/www.webdo.tn\/fr\/wp-content\/uploads\/2024\/07\/f88c7f88bddc625de1dd8aa74161958c.webp","contentUrl":"https:\/\/www.webdo.tn\/fr\/wp-content\/uploads\/2024\/07\/f88c7f88bddc625de1dd8aa74161958c.webp","width":750,"height":400,"caption":"Le chef du district d'El Manar de la SONEDE limog\u00e9 par Kais Saied"},{"@type":"BreadcrumbList","@id":"https:\/\/www.webdo.tn\/fr\/actualite\/national\/le-chef-du-district-d-el-manar-de-la-sonede-limoge-par-kais-saied\/215016\/#breadcrumb","itemListElement":[{"@type":"ListItem","position":1,"name":"Accueil","item":"https:\/\/www.webdo.tn\/fr\/"},{"@type":"ListItem","position":2,"name":"Le chef du district d&rsquo;El Manar de la SONEDE limog\u00e9 par Kais Saied"}]},{"@type":"WebSite","@id":"https:\/\/www.webdo.tn\/fr\/#website","url":"https:\/\/www.webdo.tn\/fr\/","name":"webdo","description":"Tunisie - News en Tunisie et \u00e0 l&#039;international sur Webdo.tn","publisher":{"@id":"https:\/\/www.webdo.tn\/fr\/#organization"},"potentialAction":[{"@type":"SearchAction","target":{"@type":"EntryPoint","urlTemplate":"https:\/\/www.webdo.tn\/fr\/?s={search_term_string}"},"query-input":{"@type":"PropertyValueSpecification","valueRequired":true,"valueName":"search_term_string"}}],"inLanguage":"fr-FR"},{"@type":"Organization","@id":"https:\/\/www.webdo.tn\/fr\/#organization","name":"Webdo","alternateName":"Webdo.tn","url":"https:\/\/www.webdo.tn\/fr\/","logo":{"@type":"ImageObject","inLanguage":"fr-FR","@id":"https:\/\/www.webdo.tn\/fr\/#\/schema\/logo\/image\/","url":"https:\/\/www.webdo.tn\/fr\/wp-content\/uploads\/2025\/06\/Webdo-Tunisie_168377.jpg","contentUrl":"https:\/\/www.webdo.tn\/fr\/wp-content\/uploads\/2025\/06\/Webdo-Tunisie_168377.jpg","width":301,"height":301,"caption":"Webdo"},"image":{"@id":"https:\/\/www.webdo.tn\/fr\/#\/schema\/logo\/image\/"},"sameAs":["https:\/\/www.facebook.com\/webdotn","https:\/\/x.com\/webdo_tn"],"description":"Webdo est un m\u00e9dia num\u00e9rique tunisien fond\u00e9 en 2010, sp\u00e9cialis\u00e9 dans l\u2019actualit\u00e9 nationale et internationale, l\u2019\u00e9conomie, la soci\u00e9t\u00e9 et les analyses politiques. Le site s\u2019adresse \u00e0 un large public francophone et couvre l\u2019information tunisienne en temps r\u00e9el.","email":"redac@webdo.tn","legalName":"YNJ SARL","foundingDate":"2010-09-06","numberOfEmployees":{"@type":"QuantitativeValue","minValue":"11","maxValue":"50"}},{"@type":"Person","@id":"https:\/\/www.webdo.tn\/fr\/#\/schema\/person\/f35b42a42c5e2511bbd282959d6385cc","name":"CL","image":{"@type":"ImageObject","inLanguage":"fr-FR","@id":"https:\/\/secure.gravatar.com\/avatar\/1447a49909b67aa657c488aec6512e1dd6143a480c1ecfee9b5b5cd74eb3b59e?s=96&d=mm&r=g","url":"https:\/\/secure.gravatar.com\/avatar\/1447a49909b67aa657c488aec6512e1dd6143a480c1ecfee9b5b5cd74eb3b59e?s=96&d=mm&r=g","contentUrl":"https:\/\/secure.gravatar.com\/avatar\/1447a49909b67aa657c488aec6512e1dd6143a480c1ecfee9b5b5cd74eb3b59e?s=96&d=mm&r=g","caption":"CL"},"url":"https:\/\/www.webdo.tn\/fr\/actualite\/author\/cl\/"}]}},"_links":{"self":[{"href":"https:\/\/www.webdo.tn\/fr\/wp-json\/wp\/v2\/posts\/215016","targetHints":{"allow":["GET"]}}],"collection":[{"href":"https:\/\/www.webdo.tn\/fr\/wp-json\/wp\/v2\/posts"}],"about":[{"href":"https:\/\/www.webdo.tn\/fr\/wp-json\/wp\/v2\/types\/post"}],"author":[{"embeddable":true,"href":"https:\/\/www.webdo.tn\/fr\/wp-json\/wp\/v2\/users\/3175"}],"replies":[{"embeddable":true,"href":"https:\/\/www.webdo.tn\/fr\/wp-json\/wp\/v2\/comments?post=215016"}],"version-history":[{"count":0,"href":"https:\/\/www.webdo.tn\/fr\/wp-json\/wp\/v2\/posts\/215016\/revisions"}],"wp:featuredmedia":[{"embeddable":true,"href":"https:\/\/www.webdo.tn\/fr\/wp-json\/wp\/v2\/media\/290783"}],"wp:attachment":[{"href":"https:\/\/www.webdo.tn\/fr\/wp-json\/wp\/v2\/media?parent=215016"}],"wp:term":[{"taxonomy":"category","embeddable":true,"href":"https:\/\/www.webdo.tn\/fr\/wp-json\/wp\/v2\/categories?post=215016"},{"taxonomy":"post_tag","embeddable":true,"href":"https:\/\/www.webdo.tn\/fr\/wp-json\/wp\/v2\/tags?post=215016"}],"curies":[{"name":"wp","href":"https:\/\/api.w.org\/{rel}","templated":true}]}}