{"id":215010,"date":"2024-06-30T15:43:00","date_gmt":"2024-06-30T15:43:00","guid":{"rendered":"https:\/\/www.webdo.tn\/fr\/blog\/tunisie-bac-demain-demarrage-de-la-session-de-controle\/215010\/"},"modified":"2025-05-20T22:13:45","modified_gmt":"2025-05-20T22:13:45","slug":"tunisie-bac-demain-demarrage-de-la-session-de-controle","status":"publish","type":"post","link":"https:\/\/www.webdo.tn\/fr\/actualite\/national\/tunisie-bac-demain-demarrage-de-la-session-de-controle\/215010\/","title":{"rendered":"Tunisie &#8211; Bac : Demain, d\u00e9marrage de la session de contr\u00f4le"},"content":{"rendered":"<p>C\u2019est demain, lundi 1er juillet 2024, que d\u00e9marre la session de contr\u00f4le du baccalaur\u00e9at. Cette session de rattrapage s\u2019\u00e9tendra sur quatre jours.<\/p>\n<p>\t\t\t\t\t\t\t\t\tSur les 140.213 candidats qui se sont pr\u00e9sent\u00e9s aux \u00e9preuves du baccalaur\u00e9at plus de 41.000, passent \u00e0 partir de demain, lundi 1er juillet 2024, la session de contr\u00f4le du baccalaur\u00e9at. Cette session de rattrapage s\u2019\u00e9tendra sur quatre jours jusqu\u2019\u00e0 jeudi 4 juillet.<\/p>\n<p>Rappelons que le taux de r\u00e9ussite de la session principale du baccalaur\u00e9at s\u2019est \u00e9tabli \u00e0 42,20% (contre 36,38% en 2023) alors que 31,07% des candidats passeront la session de contr\u00f4le et 26,11% ont \u00e9t\u00e9 refus\u00e9s, selon les r\u00e9sultats annonc\u00e9s le 25 juin par le minist\u00e8re de l\u2019Education.<\/p>\n<p>Les r\u00e9sultats de la session de contr\u00f4le seront annonc\u00e9s le 14 juillet prochain.<\/p>\n","protected":false},"excerpt":{"rendered":"<p>C\u2019est demain, lundi 1er juillet 2024, que d\u00e9marre la session de contr\u00f4le du baccalaur\u00e9at. Cette session de rattrapage s\u2019\u00e9tendra sur quatre jours.<\/p>\n","protected":false},"author":3162,"featured_media":290781,"comment_status":"open","ping_status":"closed","sticky":false,"template":"","format":"standard","meta":{"footnotes":""},"categories":[44],"tags":[6208,2785,3307,2608],"class_list":["post-215010","post","type-post","status-publish","format-standard","has-post-thumbnail","hentry","category-national","tag-bac-2024","tag-baccalaureat","tag-controle","tag-tunisie"],"yoast_head":"<!-- This site is optimized with the Yoast SEO Premium plugin v27.4 (Yoast SEO v27.5) - https:\/\/yoast.com\/product\/yoast-seo-premium-wordpress\/ -->\n<title>Tunisie - Bac : Demain, d\u00e9marrage de la session de contr\u00f4le<\/title>\n<meta name=\"description\" content=\"C\u2019est demain, lundi 1er juillet 2024, que d\u00e9marre la session de contr\u00f4le du baccalaur\u00e9at. Cette session de rattrapage s\u2019\u00e9tendra sur quatre jours.\" \/>\n<link rel=\"canonical\" href=\"https:\/\/www.webdo.tn\/fr\/actualite\/national\/tunisie-bac-demain-demarrage-de-la-session-de-controle\/215010\/\" \/>\n<meta property=\"og:locale\" content=\"fr_FR\" \/>\n<meta property=\"og:type\" content=\"article\" \/>\n<meta property=\"og:title\" content=\"Tunisie - Bac : Demain, d\u00e9marrage de la session de contr\u00f4le\" \/>\n<meta property=\"og:description\" content=\"C\u2019est demain, lundi 1er juillet 2024, que d\u00e9marre la session de contr\u00f4le du baccalaur\u00e9at. Cette session de rattrapage s\u2019\u00e9tendra sur quatre jours.\" \/>\n<meta property=\"og:url\" content=\"https:\/\/www.webdo.tn\/fr\/actualite\/national\/tunisie-bac-demain-demarrage-de-la-session-de-controle\/215010\/\" \/>\n<meta property=\"og:site_name\" content=\"webdo\" \/>\n<meta property=\"article:publisher\" content=\"https:\/\/www.facebook.com\/webdotn\" \/>\n<meta property=\"article:published_time\" content=\"2024-06-30T15:43:00+00:00\" \/>\n<meta property=\"article:modified_time\" content=\"2025-05-20T22:13:45+00:00\" \/>\n<meta property=\"og:image\" content=\"https:\/\/www.webdo.tn\/fr\/wp-content\/uploads\/2024\/06\/5b7a98c5ee76bff73e4c756aec769790.webp\" \/>\n\t<meta property=\"og:image:width\" content=\"750\" \/>\n\t<meta property=\"og:image:height\" content=\"400\" \/>\n\t<meta property=\"og:image:type\" content=\"image\/webp\" \/>\n<meta name=\"author\" content=\"MC\" \/>\n<meta name=\"twitter:card\" content=\"summary_large_image\" \/>\n<meta name=\"twitter:creator\" content=\"@webdo_tn\" \/>\n<meta name=\"twitter:site\" content=\"@webdo_tn\" \/>\n<meta name=\"twitter:label1\" content=\"\u00c9crit par\" \/>\n\t<meta name=\"twitter:data1\" content=\"MC\" \/>\n\t<meta name=\"twitter:label2\" content=\"Dur\u00e9e de lecture estim\u00e9e\" \/>\n\t<meta name=\"twitter:data2\" content=\"1 minute\" \/>\n<script type=\"application\/ld+json\" class=\"yoast-schema-graph\">{\"@context\":\"https:\\\/\\\/schema.org\",\"@graph\":[{\"@type\":\"NewsArticle\",\"@id\":\"https:\\\/\\\/www.webdo.tn\\\/fr\\\/actualite\\\/national\\\/tunisie-bac-demain-demarrage-de-la-session-de-controle\\\/215010\\\/#article\",\"isPartOf\":{\"@id\":\"https:\\\/\\\/www.webdo.tn\\\/fr\\\/actualite\\\/national\\\/tunisie-bac-demain-demarrage-de-la-session-de-controle\\\/215010\\\/\"},\"author\":{\"name\":\"MC\",\"@id\":\"https:\\\/\\\/www.webdo.tn\\\/fr\\\/#\\\/schema\\\/person\\\/2c4929cbf5a809e3bd38617c6ce150f6\"},\"headline\":\"Tunisie &#8211; Bac : Demain, d\u00e9marrage de la session de contr\u00f4le\",\"datePublished\":\"2024-06-30T15:43:00+00:00\",\"dateModified\":\"2025-05-20T22:13:45+00:00\",\"mainEntityOfPage\":{\"@id\":\"https:\\\/\\\/www.webdo.tn\\\/fr\\\/actualite\\\/national\\\/tunisie-bac-demain-demarrage-de-la-session-de-controle\\\/215010\\\/\"},\"wordCount\":145,\"commentCount\":0,\"publisher\":{\"@id\":\"https:\\\/\\\/www.webdo.tn\\\/fr\\\/#organization\"},\"image\":{\"@id\":\"https:\\\/\\\/www.webdo.tn\\\/fr\\\/actualite\\\/national\\\/tunisie-bac-demain-demarrage-de-la-session-de-controle\\\/215010\\\/#primaryimage\"},\"thumbnailUrl\":\"https:\\\/\\\/www.webdo.tn\\\/fr\\\/wp-content\\\/uploads\\\/2024\\\/06\\\/5b7a98c5ee76bff73e4c756aec769790.webp\",\"keywords\":[\"bac 2024\",\"baccalaur\u00e9at\",\"Controle\",\"Tunisie\"],\"articleSection\":[\"National\"],\"inLanguage\":\"fr-FR\"},{\"@type\":\"WebPage\",\"@id\":\"https:\\\/\\\/www.webdo.tn\\\/fr\\\/actualite\\\/national\\\/tunisie-bac-demain-demarrage-de-la-session-de-controle\\\/215010\\\/\",\"url\":\"https:\\\/\\\/www.webdo.tn\\\/fr\\\/actualite\\\/national\\\/tunisie-bac-demain-demarrage-de-la-session-de-controle\\\/215010\\\/\",\"name\":\"Tunisie - Bac : Demain, d\u00e9marrage de la session de contr\u00f4le\",\"isPartOf\":{\"@id\":\"https:\\\/\\\/www.webdo.tn\\\/fr\\\/#website\"},\"primaryImageOfPage\":{\"@id\":\"https:\\\/\\\/www.webdo.tn\\\/fr\\\/actualite\\\/national\\\/tunisie-bac-demain-demarrage-de-la-session-de-controle\\\/215010\\\/#primaryimage\"},\"image\":{\"@id\":\"https:\\\/\\\/www.webdo.tn\\\/fr\\\/actualite\\\/national\\\/tunisie-bac-demain-demarrage-de-la-session-de-controle\\\/215010\\\/#primaryimage\"},\"thumbnailUrl\":\"https:\\\/\\\/www.webdo.tn\\\/fr\\\/wp-content\\\/uploads\\\/2024\\\/06\\\/5b7a98c5ee76bff73e4c756aec769790.webp\",\"datePublished\":\"2024-06-30T15:43:00+00:00\",\"dateModified\":\"2025-05-20T22:13:45+00:00\",\"description\":\"C\u2019est demain, lundi 1er juillet 2024, que d\u00e9marre la session de contr\u00f4le du baccalaur\u00e9at. Cette session de rattrapage s\u2019\u00e9tendra sur quatre jours.\",\"breadcrumb\":{\"@id\":\"https:\\\/\\\/www.webdo.tn\\\/fr\\\/actualite\\\/national\\\/tunisie-bac-demain-demarrage-de-la-session-de-controle\\\/215010\\\/#breadcrumb\"},\"inLanguage\":\"fr-FR\",\"potentialAction\":[{\"@type\":\"ReadAction\",\"target\":[\"https:\\\/\\\/www.webdo.tn\\\/fr\\\/actualite\\\/national\\\/tunisie-bac-demain-demarrage-de-la-session-de-controle\\\/215010\\\/\"]}]},{\"@type\":\"ImageObject\",\"inLanguage\":\"fr-FR\",\"@id\":\"https:\\\/\\\/www.webdo.tn\\\/fr\\\/actualite\\\/national\\\/tunisie-bac-demain-demarrage-de-la-session-de-controle\\\/215010\\\/#primaryimage\",\"url\":\"https:\\\/\\\/www.webdo.tn\\\/fr\\\/wp-content\\\/uploads\\\/2024\\\/06\\\/5b7a98c5ee76bff73e4c756aec769790.webp\",\"contentUrl\":\"https:\\\/\\\/www.webdo.tn\\\/fr\\\/wp-content\\\/uploads\\\/2024\\\/06\\\/5b7a98c5ee76bff73e4c756aec769790.webp\",\"width\":750,\"height\":400,\"caption\":\"Tunisie - Bac : Demain, d\u00e9marrage de la session de contr\u00f4le\"},{\"@type\":\"BreadcrumbList\",\"@id\":\"https:\\\/\\\/www.webdo.tn\\\/fr\\\/actualite\\\/national\\\/tunisie-bac-demain-demarrage-de-la-session-de-controle\\\/215010\\\/#breadcrumb\",\"itemListElement\":[{\"@type\":\"ListItem\",\"position\":1,\"name\":\"Accueil\",\"item\":\"https:\\\/\\\/www.webdo.tn\\\/fr\\\/\"},{\"@type\":\"ListItem\",\"position\":2,\"name\":\"Tunisie &#8211; Bac : Demain, d\u00e9marrage de la session de contr\u00f4le\"}]},{\"@type\":\"WebSite\",\"@id\":\"https:\\\/\\\/www.webdo.tn\\\/fr\\\/#website\",\"url\":\"https:\\\/\\\/www.webdo.tn\\\/fr\\\/\",\"name\":\"webdo\",\"description\":\"Tunisie - News en Tunisie et \u00e0 l&#039;international sur Webdo.tn\",\"publisher\":{\"@id\":\"https:\\\/\\\/www.webdo.tn\\\/fr\\\/#organization\"},\"potentialAction\":[{\"@type\":\"SearchAction\",\"target\":{\"@type\":\"EntryPoint\",\"urlTemplate\":\"https:\\\/\\\/www.webdo.tn\\\/fr\\\/?s={search_term_string}\"},\"query-input\":{\"@type\":\"PropertyValueSpecification\",\"valueRequired\":true,\"valueName\":\"search_term_string\"}}],\"inLanguage\":\"fr-FR\"},{\"@type\":\"Organization\",\"@id\":\"https:\\\/\\\/www.webdo.tn\\\/fr\\\/#organization\",\"name\":\"Webdo\",\"alternateName\":\"Webdo.tn\",\"url\":\"https:\\\/\\\/www.webdo.tn\\\/fr\\\/\",\"logo\":{\"@type\":\"ImageObject\",\"inLanguage\":\"fr-FR\",\"@id\":\"https:\\\/\\\/www.webdo.tn\\\/fr\\\/#\\\/schema\\\/logo\\\/image\\\/\",\"url\":\"https:\\\/\\\/www.webdo.tn\\\/fr\\\/wp-content\\\/uploads\\\/2025\\\/06\\\/Webdo-Tunisie_168377.jpg\",\"contentUrl\":\"https:\\\/\\\/www.webdo.tn\\\/fr\\\/wp-content\\\/uploads\\\/2025\\\/06\\\/Webdo-Tunisie_168377.jpg\",\"width\":301,\"height\":301,\"caption\":\"Webdo\"},\"image\":{\"@id\":\"https:\\\/\\\/www.webdo.tn\\\/fr\\\/#\\\/schema\\\/logo\\\/image\\\/\"},\"sameAs\":[\"https:\\\/\\\/www.facebook.com\\\/webdotn\",\"https:\\\/\\\/x.com\\\/webdo_tn\"],\"description\":\"Webdo est un m\u00e9dia num\u00e9rique tunisien fond\u00e9 en 2010, sp\u00e9cialis\u00e9 dans l\u2019actualit\u00e9 nationale et internationale, l\u2019\u00e9conomie, la soci\u00e9t\u00e9 et les analyses politiques. Le site s\u2019adresse \u00e0 un large public francophone et couvre l\u2019information tunisienne en temps r\u00e9el.\",\"email\":\"redac@webdo.tn\",\"legalName\":\"YNJ SARL\",\"foundingDate\":\"2010-09-06\",\"numberOfEmployees\":{\"@type\":\"QuantitativeValue\",\"minValue\":\"11\",\"maxValue\":\"50\"}},{\"@type\":\"Person\",\"@id\":\"https:\\\/\\\/www.webdo.tn\\\/fr\\\/#\\\/schema\\\/person\\\/2c4929cbf5a809e3bd38617c6ce150f6\",\"name\":\"MC\",\"image\":{\"@type\":\"ImageObject\",\"inLanguage\":\"fr-FR\",\"@id\":\"https:\\\/\\\/secure.gravatar.com\\\/avatar\\\/a545bbb6f84efdd5553dbbc2895e3ca8f1d12c5215e00a041c9670b54aa9b18a?s=96&d=mm&r=g\",\"url\":\"https:\\\/\\\/secure.gravatar.com\\\/avatar\\\/a545bbb6f84efdd5553dbbc2895e3ca8f1d12c5215e00a041c9670b54aa9b18a?s=96&d=mm&r=g\",\"contentUrl\":\"https:\\\/\\\/secure.gravatar.com\\\/avatar\\\/a545bbb6f84efdd5553dbbc2895e3ca8f1d12c5215e00a041c9670b54aa9b18a?s=96&d=mm&r=g\",\"caption\":\"MC\"},\"url\":\"https:\\\/\\\/www.webdo.tn\\\/fr\\\/actualite\\\/author\\\/mc\\\/\"}]}<\/script>\n<!-- \/ Yoast SEO Premium plugin. -->","yoast_head_json":{"title":"Tunisie - Bac : Demain, d\u00e9marrage de la session de contr\u00f4le","description":"C\u2019est demain, lundi 1er juillet 2024, que d\u00e9marre la session de contr\u00f4le du baccalaur\u00e9at. Cette session de rattrapage s\u2019\u00e9tendra sur quatre jours.","canonical":"https:\/\/www.webdo.tn\/fr\/actualite\/national\/tunisie-bac-demain-demarrage-de-la-session-de-controle\/215010\/","og_locale":"fr_FR","og_type":"article","og_title":"Tunisie - Bac : Demain, d\u00e9marrage de la session de contr\u00f4le","og_description":"C\u2019est demain, lundi 1er juillet 2024, que d\u00e9marre la session de contr\u00f4le du baccalaur\u00e9at. Cette session de rattrapage s\u2019\u00e9tendra sur quatre jours.","og_url":"https:\/\/www.webdo.tn\/fr\/actualite\/national\/tunisie-bac-demain-demarrage-de-la-session-de-controle\/215010\/","og_site_name":"webdo","article_publisher":"https:\/\/www.facebook.com\/webdotn","article_published_time":"2024-06-30T15:43:00+00:00","article_modified_time":"2025-05-20T22:13:45+00:00","og_image":[{"width":750,"height":400,"url":"https:\/\/www.webdo.tn\/fr\/wp-content\/uploads\/2024\/06\/5b7a98c5ee76bff73e4c756aec769790.webp","type":"image\/webp"}],"author":"MC","twitter_card":"summary_large_image","twitter_creator":"@webdo_tn","twitter_site":"@webdo_tn","twitter_misc":{"\u00c9crit par":"MC","Dur\u00e9e de lecture estim\u00e9e":"1 minute"},"schema":{"@context":"https:\/\/schema.org","@graph":[{"@type":"NewsArticle","@id":"https:\/\/www.webdo.tn\/fr\/actualite\/national\/tunisie-bac-demain-demarrage-de-la-session-de-controle\/215010\/#article","isPartOf":{"@id":"https:\/\/www.webdo.tn\/fr\/actualite\/national\/tunisie-bac-demain-demarrage-de-la-session-de-controle\/215010\/"},"author":{"name":"MC","@id":"https:\/\/www.webdo.tn\/fr\/#\/schema\/person\/2c4929cbf5a809e3bd38617c6ce150f6"},"headline":"Tunisie &#8211; Bac : Demain, d\u00e9marrage de la session de contr\u00f4le","datePublished":"2024-06-30T15:43:00+00:00","dateModified":"2025-05-20T22:13:45+00:00","mainEntityOfPage":{"@id":"https:\/\/www.webdo.tn\/fr\/actualite\/national\/tunisie-bac-demain-demarrage-de-la-session-de-controle\/215010\/"},"wordCount":145,"commentCount":0,"publisher":{"@id":"https:\/\/www.webdo.tn\/fr\/#organization"},"image":{"@id":"https:\/\/www.webdo.tn\/fr\/actualite\/national\/tunisie-bac-demain-demarrage-de-la-session-de-controle\/215010\/#primaryimage"},"thumbnailUrl":"https:\/\/www.webdo.tn\/fr\/wp-content\/uploads\/2024\/06\/5b7a98c5ee76bff73e4c756aec769790.webp","keywords":["bac 2024","baccalaur\u00e9at","Controle","Tunisie"],"articleSection":["National"],"inLanguage":"fr-FR"},{"@type":"WebPage","@id":"https:\/\/www.webdo.tn\/fr\/actualite\/national\/tunisie-bac-demain-demarrage-de-la-session-de-controle\/215010\/","url":"https:\/\/www.webdo.tn\/fr\/actualite\/national\/tunisie-bac-demain-demarrage-de-la-session-de-controle\/215010\/","name":"Tunisie - Bac : Demain, d\u00e9marrage de la session de contr\u00f4le","isPartOf":{"@id":"https:\/\/www.webdo.tn\/fr\/#website"},"primaryImageOfPage":{"@id":"https:\/\/www.webdo.tn\/fr\/actualite\/national\/tunisie-bac-demain-demarrage-de-la-session-de-controle\/215010\/#primaryimage"},"image":{"@id":"https:\/\/www.webdo.tn\/fr\/actualite\/national\/tunisie-bac-demain-demarrage-de-la-session-de-controle\/215010\/#primaryimage"},"thumbnailUrl":"https:\/\/www.webdo.tn\/fr\/wp-content\/uploads\/2024\/06\/5b7a98c5ee76bff73e4c756aec769790.webp","datePublished":"2024-06-30T15:43:00+00:00","dateModified":"2025-05-20T22:13:45+00:00","description":"C\u2019est demain, lundi 1er juillet 2024, que d\u00e9marre la session de contr\u00f4le du baccalaur\u00e9at. Cette session de rattrapage s\u2019\u00e9tendra sur quatre jours.","breadcrumb":{"@id":"https:\/\/www.webdo.tn\/fr\/actualite\/national\/tunisie-bac-demain-demarrage-de-la-session-de-controle\/215010\/#breadcrumb"},"inLanguage":"fr-FR","potentialAction":[{"@type":"ReadAction","target":["https:\/\/www.webdo.tn\/fr\/actualite\/national\/tunisie-bac-demain-demarrage-de-la-session-de-controle\/215010\/"]}]},{"@type":"ImageObject","inLanguage":"fr-FR","@id":"https:\/\/www.webdo.tn\/fr\/actualite\/national\/tunisie-bac-demain-demarrage-de-la-session-de-controle\/215010\/#primaryimage","url":"https:\/\/www.webdo.tn\/fr\/wp-content\/uploads\/2024\/06\/5b7a98c5ee76bff73e4c756aec769790.webp","contentUrl":"https:\/\/www.webdo.tn\/fr\/wp-content\/uploads\/2024\/06\/5b7a98c5ee76bff73e4c756aec769790.webp","width":750,"height":400,"caption":"Tunisie - Bac : Demain, d\u00e9marrage de la session de contr\u00f4le"},{"@type":"BreadcrumbList","@id":"https:\/\/www.webdo.tn\/fr\/actualite\/national\/tunisie-bac-demain-demarrage-de-la-session-de-controle\/215010\/#breadcrumb","itemListElement":[{"@type":"ListItem","position":1,"name":"Accueil","item":"https:\/\/www.webdo.tn\/fr\/"},{"@type":"ListItem","position":2,"name":"Tunisie &#8211; Bac : Demain, d\u00e9marrage de la session de contr\u00f4le"}]},{"@type":"WebSite","@id":"https:\/\/www.webdo.tn\/fr\/#website","url":"https:\/\/www.webdo.tn\/fr\/","name":"webdo","description":"Tunisie - News en Tunisie et \u00e0 l&#039;international sur Webdo.tn","publisher":{"@id":"https:\/\/www.webdo.tn\/fr\/#organization"},"potentialAction":[{"@type":"SearchAction","target":{"@type":"EntryPoint","urlTemplate":"https:\/\/www.webdo.tn\/fr\/?s={search_term_string}"},"query-input":{"@type":"PropertyValueSpecification","valueRequired":true,"valueName":"search_term_string"}}],"inLanguage":"fr-FR"},{"@type":"Organization","@id":"https:\/\/www.webdo.tn\/fr\/#organization","name":"Webdo","alternateName":"Webdo.tn","url":"https:\/\/www.webdo.tn\/fr\/","logo":{"@type":"ImageObject","inLanguage":"fr-FR","@id":"https:\/\/www.webdo.tn\/fr\/#\/schema\/logo\/image\/","url":"https:\/\/www.webdo.tn\/fr\/wp-content\/uploads\/2025\/06\/Webdo-Tunisie_168377.jpg","contentUrl":"https:\/\/www.webdo.tn\/fr\/wp-content\/uploads\/2025\/06\/Webdo-Tunisie_168377.jpg","width":301,"height":301,"caption":"Webdo"},"image":{"@id":"https:\/\/www.webdo.tn\/fr\/#\/schema\/logo\/image\/"},"sameAs":["https:\/\/www.facebook.com\/webdotn","https:\/\/x.com\/webdo_tn"],"description":"Webdo est un m\u00e9dia num\u00e9rique tunisien fond\u00e9 en 2010, sp\u00e9cialis\u00e9 dans l\u2019actualit\u00e9 nationale et internationale, l\u2019\u00e9conomie, la soci\u00e9t\u00e9 et les analyses politiques. Le site s\u2019adresse \u00e0 un large public francophone et couvre l\u2019information tunisienne en temps r\u00e9el.","email":"redac@webdo.tn","legalName":"YNJ SARL","foundingDate":"2010-09-06","numberOfEmployees":{"@type":"QuantitativeValue","minValue":"11","maxValue":"50"}},{"@type":"Person","@id":"https:\/\/www.webdo.tn\/fr\/#\/schema\/person\/2c4929cbf5a809e3bd38617c6ce150f6","name":"MC","image":{"@type":"ImageObject","inLanguage":"fr-FR","@id":"https:\/\/secure.gravatar.com\/avatar\/a545bbb6f84efdd5553dbbc2895e3ca8f1d12c5215e00a041c9670b54aa9b18a?s=96&d=mm&r=g","url":"https:\/\/secure.gravatar.com\/avatar\/a545bbb6f84efdd5553dbbc2895e3ca8f1d12c5215e00a041c9670b54aa9b18a?s=96&d=mm&r=g","contentUrl":"https:\/\/secure.gravatar.com\/avatar\/a545bbb6f84efdd5553dbbc2895e3ca8f1d12c5215e00a041c9670b54aa9b18a?s=96&d=mm&r=g","caption":"MC"},"url":"https:\/\/www.webdo.tn\/fr\/actualite\/author\/mc\/"}]}},"_links":{"self":[{"href":"https:\/\/www.webdo.tn\/fr\/wp-json\/wp\/v2\/posts\/215010","targetHints":{"allow":["GET"]}}],"collection":[{"href":"https:\/\/www.webdo.tn\/fr\/wp-json\/wp\/v2\/posts"}],"about":[{"href":"https:\/\/www.webdo.tn\/fr\/wp-json\/wp\/v2\/types\/post"}],"author":[{"embeddable":true,"href":"https:\/\/www.webdo.tn\/fr\/wp-json\/wp\/v2\/users\/3162"}],"replies":[{"embeddable":true,"href":"https:\/\/www.webdo.tn\/fr\/wp-json\/wp\/v2\/comments?post=215010"}],"version-history":[{"count":0,"href":"https:\/\/www.webdo.tn\/fr\/wp-json\/wp\/v2\/posts\/215010\/revisions"}],"wp:featuredmedia":[{"embeddable":true,"href":"https:\/\/www.webdo.tn\/fr\/wp-json\/wp\/v2\/media\/290781"}],"wp:attachment":[{"href":"https:\/\/www.webdo.tn\/fr\/wp-json\/wp\/v2\/media?parent=215010"}],"wp:term":[{"taxonomy":"category","embeddable":true,"href":"https:\/\/www.webdo.tn\/fr\/wp-json\/wp\/v2\/categories?post=215010"},{"taxonomy":"post_tag","embeddable":true,"href":"https:\/\/www.webdo.tn\/fr\/wp-json\/wp\/v2\/tags?post=215010"}],"curies":[{"name":"wp","href":"https:\/\/api.w.org\/{rel}","templated":true}]}}