{"id":215003,"date":"2024-06-29T11:29:00","date_gmt":"2024-06-29T11:29:00","guid":{"rendered":"https:\/\/www.webdo.tn\/fr\/blog\/tunisie-l-augmentation-du-smig-et-des-pensions-de-retraite-en-detail\/215003\/"},"modified":"2025-05-20T22:36:05","modified_gmt":"2025-05-20T22:36:05","slug":"tunisie-l-augmentation-du-smig-et-des-pensions-de-retraite-en-detail","status":"publish","type":"post","link":"https:\/\/www.webdo.tn\/fr\/actualite\/national\/tunisie-l-augmentation-du-smig-et-des-pensions-de-retraite-en-detail\/215003\/","title":{"rendered":"Tunisie : L&rsquo;augmentation du SMIG et des pensions de retraite en d\u00e9tail"},"content":{"rendered":"<p>Le pr\u00e9sident de la R\u00e9publique, Kais Saied, a annonc\u00e9, hier, lors d\u2019une r\u00e9union avec le ministre des Affaires sociales, Kamel Maddouri, une augmentation de 7% du salaire minimum interprofessionnel garanti (SMIG) dans le secteur priv\u00e9.<\/p>\n<p>\t\t\t\t\t\t\t\t\tLe pr\u00e9sident de la R\u00e9publique, Kais Saied, a annonc\u00e9, hier, lors d\u2019une r\u00e9union avec le ministre des Affaires sociales, Kamel Maddouri, une augmentation de 7% du salaire minimum interprofessionnel garanti (SMIG) dans le secteur priv\u00e9 pour les travailleurs actifs \u00e0 partir du 1er juillet 2024, avec effet r\u00e9troactif au 1er mai 2024. Une seconde augmentation de 7,5% est pr\u00e9vue \u00e0 partir du 1er janvier 2025.<\/p>\n<p>Cela entra\u00eenera automatiquement une augmentation des pensions de retraite dans le secteur priv\u00e9, \u00e9galement r\u00e9troactive au 1er mai 2024 et au 1er janvier 2025. Elle concernera environ un million de retrait\u00e9s.<\/p>\n<p>Apr\u00e8s cette annonce et conform\u00e9ment \u00e0 cette augmentation de 7% du SMIG, le salaire minimum de base garanti passera \u00e0 491 dinars et 504 millimes pour les travailleurs avec un r\u00e9gime de 48 heures par semaine et de 417 dinars et 558 millimes pour les travailleurs avec un r\u00e9gime de 40 heures par semaine.<\/p>\n<p>Le salaire minimum agricole garanti sera \u00e9galement augment\u00e9\u00a0 et passe \u00e0 18,904 dinars par jour alors que le salaire minimum pour les travailleurs agricoles sp\u00e9cialis\u00e9s est d\u00e9sormais \u00e0 19,912 dinars par jour ; et \u00e0 20,800 dinars pour les travailleurs agricoles qualifi\u00e9s.<\/p>\n<p>Il a aussi \u00e9t\u00e9 d\u00e9cid\u00e9 d&rsquo;augmenter de 7,5 % le salaire minimum garanti dans toutes ses composantes \u00e0 partir du mois de janvier 2025, portant ainsi l&rsquo;augmentation totale \u00e0 14,5 % en deux phases. Cette augmentation entra\u00eenera automatiquement une augmentation des pensions de retraite dans le secteur priv\u00e9 avec un effet r\u00e9troactif \u00e9galement \u00e0 partir du 1er mai 2024 et \u00e0 partir du 1er janvier 2025.<\/p>\n","protected":false},"excerpt":{"rendered":"<p>Le pr\u00e9sident de la R\u00e9publique, Kais Saied, a annonc\u00e9, hier, lors d\u2019une r\u00e9union avec le ministre des Affaires sociales, Kamel Maddouri, une augmentation de 7% du&#8230;<\/p>\n","protected":false},"author":3175,"featured_media":247099,"comment_status":"open","ping_status":"closed","sticky":false,"template":"","format":"standard","meta":{"footnotes":""},"categories":[44],"tags":[4682,6246,6245,6247,2608],"class_list":["post-215003","post","type-post","status-publish","format-standard","has-post-thumbnail","hentry","category-national","tag-augmentation","tag-pension","tag-retraite","tag-smig","tag-tunisie"],"yoast_head":"<!-- This site is optimized with the Yoast SEO Premium plugin v27.4 (Yoast SEO v27.5) - https:\/\/yoast.com\/product\/yoast-seo-premium-wordpress\/ -->\n<title>Tunisie : L&#039;augmentation du SMIG et des pensions de retraite en d\u00e9tail<\/title>\n<meta name=\"description\" content=\"Le pr\u00e9sident de la R\u00e9publique, Kais Saied, a annonc\u00e9, hier, lors d\u2019une r\u00e9union avec le ministre des Affaires sociales, Kamel Maddouri, une augmentation de 7% du...\" \/>\n<link rel=\"canonical\" href=\"https:\/\/www.webdo.tn\/fr\/actualite\/national\/tunisie-l-augmentation-du-smig-et-des-pensions-de-retraite-en-detail\/215003\/\" \/>\n<meta property=\"og:locale\" content=\"fr_FR\" \/>\n<meta property=\"og:type\" content=\"article\" \/>\n<meta property=\"og:title\" content=\"Tunisie : L&#039;augmentation du SMIG et des pensions de retraite en d\u00e9tail\" \/>\n<meta property=\"og:description\" content=\"Le pr\u00e9sident de la R\u00e9publique, Kais Saied, a annonc\u00e9, hier, lors d\u2019une r\u00e9union avec le ministre des Affaires sociales, Kamel Maddouri, une augmentation de 7% du...\" \/>\n<meta property=\"og:url\" content=\"https:\/\/www.webdo.tn\/fr\/actualite\/national\/tunisie-l-augmentation-du-smig-et-des-pensions-de-retraite-en-detail\/215003\/\" \/>\n<meta property=\"og:site_name\" content=\"webdo\" \/>\n<meta property=\"article:publisher\" content=\"https:\/\/www.facebook.com\/webdotn\" \/>\n<meta property=\"article:published_time\" content=\"2024-06-29T11:29:00+00:00\" \/>\n<meta property=\"article:modified_time\" content=\"2025-05-20T22:36:05+00:00\" \/>\n<meta property=\"og:image\" content=\"https:\/\/www.webdo.tn\/fr\/wp-content\/uploads\/2024\/06\/caf8fbf3157195e93a09cb5ed66250a2.webp\" \/>\n\t<meta property=\"og:image:width\" content=\"750\" \/>\n\t<meta property=\"og:image:height\" content=\"400\" \/>\n\t<meta property=\"og:image:type\" content=\"image\/webp\" \/>\n<meta name=\"author\" content=\"CL\" \/>\n<meta name=\"twitter:card\" content=\"summary_large_image\" \/>\n<meta name=\"twitter:creator\" content=\"@webdo_tn\" \/>\n<meta name=\"twitter:site\" content=\"@webdo_tn\" \/>\n<meta name=\"twitter:label1\" content=\"\u00c9crit par\" \/>\n\t<meta name=\"twitter:data1\" content=\"CL\" \/>\n\t<meta name=\"twitter:label2\" content=\"Dur\u00e9e de lecture estim\u00e9e\" \/>\n\t<meta name=\"twitter:data2\" content=\"1 minute\" \/>\n<script type=\"application\/ld+json\" class=\"yoast-schema-graph\">{\"@context\":\"https:\\\/\\\/schema.org\",\"@graph\":[{\"@type\":\"NewsArticle\",\"@id\":\"https:\\\/\\\/www.webdo.tn\\\/fr\\\/actualite\\\/national\\\/tunisie-l-augmentation-du-smig-et-des-pensions-de-retraite-en-detail\\\/215003\\\/#article\",\"isPartOf\":{\"@id\":\"https:\\\/\\\/www.webdo.tn\\\/fr\\\/actualite\\\/national\\\/tunisie-l-augmentation-du-smig-et-des-pensions-de-retraite-en-detail\\\/215003\\\/\"},\"author\":{\"name\":\"CL\",\"@id\":\"https:\\\/\\\/www.webdo.tn\\\/fr\\\/#\\\/schema\\\/person\\\/f35b42a42c5e2511bbd282959d6385cc\"},\"headline\":\"Tunisie : L&rsquo;augmentation du SMIG et des pensions de retraite en d\u00e9tail\",\"datePublished\":\"2024-06-29T11:29:00+00:00\",\"dateModified\":\"2025-05-20T22:36:05+00:00\",\"mainEntityOfPage\":{\"@id\":\"https:\\\/\\\/www.webdo.tn\\\/fr\\\/actualite\\\/national\\\/tunisie-l-augmentation-du-smig-et-des-pensions-de-retraite-en-detail\\\/215003\\\/\"},\"wordCount\":295,\"commentCount\":0,\"publisher\":{\"@id\":\"https:\\\/\\\/www.webdo.tn\\\/fr\\\/#organization\"},\"image\":{\"@id\":\"https:\\\/\\\/www.webdo.tn\\\/fr\\\/actualite\\\/national\\\/tunisie-l-augmentation-du-smig-et-des-pensions-de-retraite-en-detail\\\/215003\\\/#primaryimage\"},\"thumbnailUrl\":\"https:\\\/\\\/www.webdo.tn\\\/fr\\\/wp-content\\\/uploads\\\/2024\\\/06\\\/caf8fbf3157195e93a09cb5ed66250a2.webp\",\"keywords\":[\"Augmentation\",\"pension\",\"retraite\",\"smig\",\"Tunisie\"],\"articleSection\":[\"National\"],\"inLanguage\":\"fr-FR\"},{\"@type\":\"WebPage\",\"@id\":\"https:\\\/\\\/www.webdo.tn\\\/fr\\\/actualite\\\/national\\\/tunisie-l-augmentation-du-smig-et-des-pensions-de-retraite-en-detail\\\/215003\\\/\",\"url\":\"https:\\\/\\\/www.webdo.tn\\\/fr\\\/actualite\\\/national\\\/tunisie-l-augmentation-du-smig-et-des-pensions-de-retraite-en-detail\\\/215003\\\/\",\"name\":\"Tunisie : L'augmentation du SMIG et des pensions de retraite en d\u00e9tail\",\"isPartOf\":{\"@id\":\"https:\\\/\\\/www.webdo.tn\\\/fr\\\/#website\"},\"primaryImageOfPage\":{\"@id\":\"https:\\\/\\\/www.webdo.tn\\\/fr\\\/actualite\\\/national\\\/tunisie-l-augmentation-du-smig-et-des-pensions-de-retraite-en-detail\\\/215003\\\/#primaryimage\"},\"image\":{\"@id\":\"https:\\\/\\\/www.webdo.tn\\\/fr\\\/actualite\\\/national\\\/tunisie-l-augmentation-du-smig-et-des-pensions-de-retraite-en-detail\\\/215003\\\/#primaryimage\"},\"thumbnailUrl\":\"https:\\\/\\\/www.webdo.tn\\\/fr\\\/wp-content\\\/uploads\\\/2024\\\/06\\\/caf8fbf3157195e93a09cb5ed66250a2.webp\",\"datePublished\":\"2024-06-29T11:29:00+00:00\",\"dateModified\":\"2025-05-20T22:36:05+00:00\",\"description\":\"Le pr\u00e9sident de la R\u00e9publique, Kais Saied, a annonc\u00e9, hier, lors d\u2019une r\u00e9union avec le ministre des Affaires sociales, Kamel Maddouri, une augmentation de 7% du...\",\"breadcrumb\":{\"@id\":\"https:\\\/\\\/www.webdo.tn\\\/fr\\\/actualite\\\/national\\\/tunisie-l-augmentation-du-smig-et-des-pensions-de-retraite-en-detail\\\/215003\\\/#breadcrumb\"},\"inLanguage\":\"fr-FR\",\"potentialAction\":[{\"@type\":\"ReadAction\",\"target\":[\"https:\\\/\\\/www.webdo.tn\\\/fr\\\/actualite\\\/national\\\/tunisie-l-augmentation-du-smig-et-des-pensions-de-retraite-en-detail\\\/215003\\\/\"]}]},{\"@type\":\"ImageObject\",\"inLanguage\":\"fr-FR\",\"@id\":\"https:\\\/\\\/www.webdo.tn\\\/fr\\\/actualite\\\/national\\\/tunisie-l-augmentation-du-smig-et-des-pensions-de-retraite-en-detail\\\/215003\\\/#primaryimage\",\"url\":\"https:\\\/\\\/www.webdo.tn\\\/fr\\\/wp-content\\\/uploads\\\/2024\\\/06\\\/caf8fbf3157195e93a09cb5ed66250a2.webp\",\"contentUrl\":\"https:\\\/\\\/www.webdo.tn\\\/fr\\\/wp-content\\\/uploads\\\/2024\\\/06\\\/caf8fbf3157195e93a09cb5ed66250a2.webp\",\"width\":750,\"height\":400,\"caption\":\"Tunisie : L'augmentation du SMIG et des pensions de retraite en d\u00e9tail\"},{\"@type\":\"BreadcrumbList\",\"@id\":\"https:\\\/\\\/www.webdo.tn\\\/fr\\\/actualite\\\/national\\\/tunisie-l-augmentation-du-smig-et-des-pensions-de-retraite-en-detail\\\/215003\\\/#breadcrumb\",\"itemListElement\":[{\"@type\":\"ListItem\",\"position\":1,\"name\":\"Accueil\",\"item\":\"https:\\\/\\\/www.webdo.tn\\\/fr\\\/\"},{\"@type\":\"ListItem\",\"position\":2,\"name\":\"Tunisie : L&#8217;augmentation du SMIG et des pensions de retraite en d\u00e9tail\"}]},{\"@type\":\"WebSite\",\"@id\":\"https:\\\/\\\/www.webdo.tn\\\/fr\\\/#website\",\"url\":\"https:\\\/\\\/www.webdo.tn\\\/fr\\\/\",\"name\":\"webdo\",\"description\":\"Tunisie - News en Tunisie et \u00e0 l&#039;international sur Webdo.tn\",\"publisher\":{\"@id\":\"https:\\\/\\\/www.webdo.tn\\\/fr\\\/#organization\"},\"potentialAction\":[{\"@type\":\"SearchAction\",\"target\":{\"@type\":\"EntryPoint\",\"urlTemplate\":\"https:\\\/\\\/www.webdo.tn\\\/fr\\\/?s={search_term_string}\"},\"query-input\":{\"@type\":\"PropertyValueSpecification\",\"valueRequired\":true,\"valueName\":\"search_term_string\"}}],\"inLanguage\":\"fr-FR\"},{\"@type\":\"Organization\",\"@id\":\"https:\\\/\\\/www.webdo.tn\\\/fr\\\/#organization\",\"name\":\"Webdo\",\"alternateName\":\"Webdo.tn\",\"url\":\"https:\\\/\\\/www.webdo.tn\\\/fr\\\/\",\"logo\":{\"@type\":\"ImageObject\",\"inLanguage\":\"fr-FR\",\"@id\":\"https:\\\/\\\/www.webdo.tn\\\/fr\\\/#\\\/schema\\\/logo\\\/image\\\/\",\"url\":\"https:\\\/\\\/www.webdo.tn\\\/fr\\\/wp-content\\\/uploads\\\/2025\\\/06\\\/Webdo-Tunisie_168377.jpg\",\"contentUrl\":\"https:\\\/\\\/www.webdo.tn\\\/fr\\\/wp-content\\\/uploads\\\/2025\\\/06\\\/Webdo-Tunisie_168377.jpg\",\"width\":301,\"height\":301,\"caption\":\"Webdo\"},\"image\":{\"@id\":\"https:\\\/\\\/www.webdo.tn\\\/fr\\\/#\\\/schema\\\/logo\\\/image\\\/\"},\"sameAs\":[\"https:\\\/\\\/www.facebook.com\\\/webdotn\",\"https:\\\/\\\/x.com\\\/webdo_tn\"],\"description\":\"Webdo est un m\u00e9dia num\u00e9rique tunisien fond\u00e9 en 2010, sp\u00e9cialis\u00e9 dans l\u2019actualit\u00e9 nationale et internationale, l\u2019\u00e9conomie, la soci\u00e9t\u00e9 et les analyses politiques. Le site s\u2019adresse \u00e0 un large public francophone et couvre l\u2019information tunisienne en temps r\u00e9el.\",\"email\":\"redac@webdo.tn\",\"legalName\":\"YNJ SARL\",\"foundingDate\":\"2010-09-06\",\"numberOfEmployees\":{\"@type\":\"QuantitativeValue\",\"minValue\":\"11\",\"maxValue\":\"50\"}},{\"@type\":\"Person\",\"@id\":\"https:\\\/\\\/www.webdo.tn\\\/fr\\\/#\\\/schema\\\/person\\\/f35b42a42c5e2511bbd282959d6385cc\",\"name\":\"CL\",\"image\":{\"@type\":\"ImageObject\",\"inLanguage\":\"fr-FR\",\"@id\":\"https:\\\/\\\/secure.gravatar.com\\\/avatar\\\/1447a49909b67aa657c488aec6512e1dd6143a480c1ecfee9b5b5cd74eb3b59e?s=96&d=mm&r=g\",\"url\":\"https:\\\/\\\/secure.gravatar.com\\\/avatar\\\/1447a49909b67aa657c488aec6512e1dd6143a480c1ecfee9b5b5cd74eb3b59e?s=96&d=mm&r=g\",\"contentUrl\":\"https:\\\/\\\/secure.gravatar.com\\\/avatar\\\/1447a49909b67aa657c488aec6512e1dd6143a480c1ecfee9b5b5cd74eb3b59e?s=96&d=mm&r=g\",\"caption\":\"CL\"},\"url\":\"https:\\\/\\\/www.webdo.tn\\\/fr\\\/actualite\\\/author\\\/cl\\\/\"}]}<\/script>\n<!-- \/ Yoast SEO Premium plugin. -->","yoast_head_json":{"title":"Tunisie : L'augmentation du SMIG et des pensions de retraite en d\u00e9tail","description":"Le pr\u00e9sident de la R\u00e9publique, Kais Saied, a annonc\u00e9, hier, lors d\u2019une r\u00e9union avec le ministre des Affaires sociales, Kamel Maddouri, une augmentation de 7% du...","canonical":"https:\/\/www.webdo.tn\/fr\/actualite\/national\/tunisie-l-augmentation-du-smig-et-des-pensions-de-retraite-en-detail\/215003\/","og_locale":"fr_FR","og_type":"article","og_title":"Tunisie : L'augmentation du SMIG et des pensions de retraite en d\u00e9tail","og_description":"Le pr\u00e9sident de la R\u00e9publique, Kais Saied, a annonc\u00e9, hier, lors d\u2019une r\u00e9union avec le ministre des Affaires sociales, Kamel Maddouri, une augmentation de 7% du...","og_url":"https:\/\/www.webdo.tn\/fr\/actualite\/national\/tunisie-l-augmentation-du-smig-et-des-pensions-de-retraite-en-detail\/215003\/","og_site_name":"webdo","article_publisher":"https:\/\/www.facebook.com\/webdotn","article_published_time":"2024-06-29T11:29:00+00:00","article_modified_time":"2025-05-20T22:36:05+00:00","og_image":[{"width":750,"height":400,"url":"https:\/\/www.webdo.tn\/fr\/wp-content\/uploads\/2024\/06\/caf8fbf3157195e93a09cb5ed66250a2.webp","type":"image\/webp"}],"author":"CL","twitter_card":"summary_large_image","twitter_creator":"@webdo_tn","twitter_site":"@webdo_tn","twitter_misc":{"\u00c9crit par":"CL","Dur\u00e9e de lecture estim\u00e9e":"1 minute"},"schema":{"@context":"https:\/\/schema.org","@graph":[{"@type":"NewsArticle","@id":"https:\/\/www.webdo.tn\/fr\/actualite\/national\/tunisie-l-augmentation-du-smig-et-des-pensions-de-retraite-en-detail\/215003\/#article","isPartOf":{"@id":"https:\/\/www.webdo.tn\/fr\/actualite\/national\/tunisie-l-augmentation-du-smig-et-des-pensions-de-retraite-en-detail\/215003\/"},"author":{"name":"CL","@id":"https:\/\/www.webdo.tn\/fr\/#\/schema\/person\/f35b42a42c5e2511bbd282959d6385cc"},"headline":"Tunisie : L&rsquo;augmentation du SMIG et des pensions de retraite en d\u00e9tail","datePublished":"2024-06-29T11:29:00+00:00","dateModified":"2025-05-20T22:36:05+00:00","mainEntityOfPage":{"@id":"https:\/\/www.webdo.tn\/fr\/actualite\/national\/tunisie-l-augmentation-du-smig-et-des-pensions-de-retraite-en-detail\/215003\/"},"wordCount":295,"commentCount":0,"publisher":{"@id":"https:\/\/www.webdo.tn\/fr\/#organization"},"image":{"@id":"https:\/\/www.webdo.tn\/fr\/actualite\/national\/tunisie-l-augmentation-du-smig-et-des-pensions-de-retraite-en-detail\/215003\/#primaryimage"},"thumbnailUrl":"https:\/\/www.webdo.tn\/fr\/wp-content\/uploads\/2024\/06\/caf8fbf3157195e93a09cb5ed66250a2.webp","keywords":["Augmentation","pension","retraite","smig","Tunisie"],"articleSection":["National"],"inLanguage":"fr-FR"},{"@type":"WebPage","@id":"https:\/\/www.webdo.tn\/fr\/actualite\/national\/tunisie-l-augmentation-du-smig-et-des-pensions-de-retraite-en-detail\/215003\/","url":"https:\/\/www.webdo.tn\/fr\/actualite\/national\/tunisie-l-augmentation-du-smig-et-des-pensions-de-retraite-en-detail\/215003\/","name":"Tunisie : L'augmentation du SMIG et des pensions de retraite en d\u00e9tail","isPartOf":{"@id":"https:\/\/www.webdo.tn\/fr\/#website"},"primaryImageOfPage":{"@id":"https:\/\/www.webdo.tn\/fr\/actualite\/national\/tunisie-l-augmentation-du-smig-et-des-pensions-de-retraite-en-detail\/215003\/#primaryimage"},"image":{"@id":"https:\/\/www.webdo.tn\/fr\/actualite\/national\/tunisie-l-augmentation-du-smig-et-des-pensions-de-retraite-en-detail\/215003\/#primaryimage"},"thumbnailUrl":"https:\/\/www.webdo.tn\/fr\/wp-content\/uploads\/2024\/06\/caf8fbf3157195e93a09cb5ed66250a2.webp","datePublished":"2024-06-29T11:29:00+00:00","dateModified":"2025-05-20T22:36:05+00:00","description":"Le pr\u00e9sident de la R\u00e9publique, Kais Saied, a annonc\u00e9, hier, lors d\u2019une r\u00e9union avec le ministre des Affaires sociales, Kamel Maddouri, une augmentation de 7% du...","breadcrumb":{"@id":"https:\/\/www.webdo.tn\/fr\/actualite\/national\/tunisie-l-augmentation-du-smig-et-des-pensions-de-retraite-en-detail\/215003\/#breadcrumb"},"inLanguage":"fr-FR","potentialAction":[{"@type":"ReadAction","target":["https:\/\/www.webdo.tn\/fr\/actualite\/national\/tunisie-l-augmentation-du-smig-et-des-pensions-de-retraite-en-detail\/215003\/"]}]},{"@type":"ImageObject","inLanguage":"fr-FR","@id":"https:\/\/www.webdo.tn\/fr\/actualite\/national\/tunisie-l-augmentation-du-smig-et-des-pensions-de-retraite-en-detail\/215003\/#primaryimage","url":"https:\/\/www.webdo.tn\/fr\/wp-content\/uploads\/2024\/06\/caf8fbf3157195e93a09cb5ed66250a2.webp","contentUrl":"https:\/\/www.webdo.tn\/fr\/wp-content\/uploads\/2024\/06\/caf8fbf3157195e93a09cb5ed66250a2.webp","width":750,"height":400,"caption":"Tunisie : L'augmentation du SMIG et des pensions de retraite en d\u00e9tail"},{"@type":"BreadcrumbList","@id":"https:\/\/www.webdo.tn\/fr\/actualite\/national\/tunisie-l-augmentation-du-smig-et-des-pensions-de-retraite-en-detail\/215003\/#breadcrumb","itemListElement":[{"@type":"ListItem","position":1,"name":"Accueil","item":"https:\/\/www.webdo.tn\/fr\/"},{"@type":"ListItem","position":2,"name":"Tunisie : L&#8217;augmentation du SMIG et des pensions de retraite en d\u00e9tail"}]},{"@type":"WebSite","@id":"https:\/\/www.webdo.tn\/fr\/#website","url":"https:\/\/www.webdo.tn\/fr\/","name":"webdo","description":"Tunisie - News en Tunisie et \u00e0 l&#039;international sur Webdo.tn","publisher":{"@id":"https:\/\/www.webdo.tn\/fr\/#organization"},"potentialAction":[{"@type":"SearchAction","target":{"@type":"EntryPoint","urlTemplate":"https:\/\/www.webdo.tn\/fr\/?s={search_term_string}"},"query-input":{"@type":"PropertyValueSpecification","valueRequired":true,"valueName":"search_term_string"}}],"inLanguage":"fr-FR"},{"@type":"Organization","@id":"https:\/\/www.webdo.tn\/fr\/#organization","name":"Webdo","alternateName":"Webdo.tn","url":"https:\/\/www.webdo.tn\/fr\/","logo":{"@type":"ImageObject","inLanguage":"fr-FR","@id":"https:\/\/www.webdo.tn\/fr\/#\/schema\/logo\/image\/","url":"https:\/\/www.webdo.tn\/fr\/wp-content\/uploads\/2025\/06\/Webdo-Tunisie_168377.jpg","contentUrl":"https:\/\/www.webdo.tn\/fr\/wp-content\/uploads\/2025\/06\/Webdo-Tunisie_168377.jpg","width":301,"height":301,"caption":"Webdo"},"image":{"@id":"https:\/\/www.webdo.tn\/fr\/#\/schema\/logo\/image\/"},"sameAs":["https:\/\/www.facebook.com\/webdotn","https:\/\/x.com\/webdo_tn"],"description":"Webdo est un m\u00e9dia num\u00e9rique tunisien fond\u00e9 en 2010, sp\u00e9cialis\u00e9 dans l\u2019actualit\u00e9 nationale et internationale, l\u2019\u00e9conomie, la soci\u00e9t\u00e9 et les analyses politiques. Le site s\u2019adresse \u00e0 un large public francophone et couvre l\u2019information tunisienne en temps r\u00e9el.","email":"redac@webdo.tn","legalName":"YNJ SARL","foundingDate":"2010-09-06","numberOfEmployees":{"@type":"QuantitativeValue","minValue":"11","maxValue":"50"}},{"@type":"Person","@id":"https:\/\/www.webdo.tn\/fr\/#\/schema\/person\/f35b42a42c5e2511bbd282959d6385cc","name":"CL","image":{"@type":"ImageObject","inLanguage":"fr-FR","@id":"https:\/\/secure.gravatar.com\/avatar\/1447a49909b67aa657c488aec6512e1dd6143a480c1ecfee9b5b5cd74eb3b59e?s=96&d=mm&r=g","url":"https:\/\/secure.gravatar.com\/avatar\/1447a49909b67aa657c488aec6512e1dd6143a480c1ecfee9b5b5cd74eb3b59e?s=96&d=mm&r=g","contentUrl":"https:\/\/secure.gravatar.com\/avatar\/1447a49909b67aa657c488aec6512e1dd6143a480c1ecfee9b5b5cd74eb3b59e?s=96&d=mm&r=g","caption":"CL"},"url":"https:\/\/www.webdo.tn\/fr\/actualite\/author\/cl\/"}]}},"_links":{"self":[{"href":"https:\/\/www.webdo.tn\/fr\/wp-json\/wp\/v2\/posts\/215003","targetHints":{"allow":["GET"]}}],"collection":[{"href":"https:\/\/www.webdo.tn\/fr\/wp-json\/wp\/v2\/posts"}],"about":[{"href":"https:\/\/www.webdo.tn\/fr\/wp-json\/wp\/v2\/types\/post"}],"author":[{"embeddable":true,"href":"https:\/\/www.webdo.tn\/fr\/wp-json\/wp\/v2\/users\/3175"}],"replies":[{"embeddable":true,"href":"https:\/\/www.webdo.tn\/fr\/wp-json\/wp\/v2\/comments?post=215003"}],"version-history":[{"count":0,"href":"https:\/\/www.webdo.tn\/fr\/wp-json\/wp\/v2\/posts\/215003\/revisions"}],"wp:featuredmedia":[{"embeddable":true,"href":"https:\/\/www.webdo.tn\/fr\/wp-json\/wp\/v2\/media\/247099"}],"wp:attachment":[{"href":"https:\/\/www.webdo.tn\/fr\/wp-json\/wp\/v2\/media?parent=215003"}],"wp:term":[{"taxonomy":"category","embeddable":true,"href":"https:\/\/www.webdo.tn\/fr\/wp-json\/wp\/v2\/categories?post=215003"},{"taxonomy":"post_tag","embeddable":true,"href":"https:\/\/www.webdo.tn\/fr\/wp-json\/wp\/v2\/tags?post=215003"}],"curies":[{"name":"wp","href":"https:\/\/api.w.org\/{rel}","templated":true}]}}