{"id":214999,"date":"2024-06-29T09:25:00","date_gmt":"2024-06-29T09:25:00","guid":{"rendered":"https:\/\/www.webdo.tn\/fr\/blog\/la-peine-de-mohamed-boughalleb-alourdie-a-huit-mois-de-prison\/214999\/"},"modified":"2025-05-20T22:36:04","modified_gmt":"2025-05-20T22:36:04","slug":"la-peine-de-mohamed-boughalleb-alourdie-a-huit-mois-de-prison","status":"publish","type":"post","link":"https:\/\/www.webdo.tn\/fr\/actualite\/national\/la-peine-de-mohamed-boughalleb-alourdie-a-huit-mois-de-prison\/214999\/","title":{"rendered":"La peine de Mohamed Boughalleb alourdie \u00e0 huit mois de prison"},"content":{"rendered":"<p>Condamn\u00e9e en premi\u00e8re instance \u00e0 six mois de prison, le journaliste Mohamed Boughalleb a vu sa peine alourdie \u00e0 huit mois de prison.<\/p>\n<p>\t\t\t\t\t\t\t\t\tJug\u00e9 sur la base du d\u00e9cret 54, Mohamed Boughalleb a \u00e9t\u00e9 condamn\u00e9 en appel \u00e0 huit mois de prison par la Chambre p\u00e9nale de la Cour d&rsquo;appel de Tunis.<\/p>\n<p>Il avait \u00e9t\u00e9 arr\u00eat\u00e9 le 22 mars, et plac\u00e9 en garde \u00e0 vue sur d\u00e9cision du minist\u00e8re public du Tribunal de premi\u00e8re instance de Tunis \u00e0 la suite d&rsquo;une plainte d\u00e9pos\u00e9e par une fonctionnaire du minist\u00e8re des Affaires religieuses sur fond de ses commentaires \u00e0 la radio et \u00e0 la t\u00e9l\u00e9vision sur les visites \u00e0 l&rsquo;\u00e9tranger et les politiques du minist\u00e8re.<\/p>\n<p>Accus\u00e9 d\u2019avoir port\u00e9 atteinte \u00e0 l\u2019honneur et \u00e0 la r\u00e9putation d\u2019une fonctionnaire \u00e0 travers des statuts publi\u00e9s sur sa page Facebook, Mohamed Boughalleb a \u00e9t\u00e9 condamn\u00e9, le 17 avril 2024 \u00e0 une peine de six mois de prison. La Chambre p\u00e9nale de la Cour d&rsquo;appel de Tunis a confirm\u00e9, hier, la condamnation du journaliste augmentant la peine de six \u00e0 huit mois de prison.<\/p>\n<p>Mohamed Boughalleb est sous le coup de de deux condamnations. Le 11 juin dernier Mohamed Boughalleb il a condamn\u00e9 \u00e0 deux mois d&#8217;emprisonnement avec sursis pour une affaire li\u00e9e \u00e0 l&rsquo;exercice d\u00e9lib\u00e9r\u00e9 d&rsquo;une activit\u00e9 professionnelle par un fonctionnaire sans permission ou autorisation.<\/p>\n","protected":false},"excerpt":{"rendered":"<p>Jug\u00e9 sur la base du d\u00e9cret 54, Mohamed Boughalleb a \u00e9t\u00e9 condamn\u00e9 en appel \u00e0 huit mois de prison par la Chambre p\u00e9nale de la Cour d&rsquo;appel de Tunis.<\/p>\n","protected":false},"author":3175,"featured_media":247096,"comment_status":"open","ping_status":"closed","sticky":false,"template":"","format":"standard","meta":{"footnotes":""},"categories":[44],"tags":[4263,2835,3284,3939,2608],"class_list":["post-214999","post","type-post","status-publish","format-standard","has-post-thumbnail","hentry","category-national","tag-appel","tag-condamnation","tag-decret-54","tag-mohamed-boughalleb","tag-tunisie"],"yoast_head":"<!-- This site is optimized with the Yoast SEO Premium plugin v27.5 (Yoast SEO v27.5) - https:\/\/yoast.com\/product\/yoast-seo-premium-wordpress\/ -->\n<title>La peine de Mohamed Boughalleb alourdie \u00e0 huit mois de prison<\/title>\n<meta name=\"description\" content=\"Jug\u00e9 sur la base du d\u00e9cret 54, Mohamed Boughalleb a \u00e9t\u00e9 condamn\u00e9 en appel \u00e0 huit mois de prison par la Chambre p\u00e9nale de la Cour d&#039;appel de Tunis.\" \/>\n<link rel=\"canonical\" href=\"https:\/\/www.webdo.tn\/fr\/actualite\/national\/la-peine-de-mohamed-boughalleb-alourdie-a-huit-mois-de-prison\/214999\/\" \/>\n<meta property=\"og:locale\" content=\"fr_FR\" \/>\n<meta property=\"og:type\" content=\"article\" \/>\n<meta property=\"og:title\" content=\"La peine de Mohamed Boughalleb alourdie \u00e0 huit mois de prison\" \/>\n<meta property=\"og:description\" content=\"Jug\u00e9 sur la base du d\u00e9cret 54, Mohamed Boughalleb a \u00e9t\u00e9 condamn\u00e9 en appel \u00e0 huit mois de prison par la Chambre p\u00e9nale de la Cour d&#039;appel de Tunis.\" \/>\n<meta property=\"og:url\" content=\"https:\/\/www.webdo.tn\/fr\/actualite\/national\/la-peine-de-mohamed-boughalleb-alourdie-a-huit-mois-de-prison\/214999\/\" \/>\n<meta property=\"og:site_name\" content=\"webdo\" \/>\n<meta property=\"article:publisher\" content=\"https:\/\/www.facebook.com\/webdotn\" \/>\n<meta property=\"article:published_time\" content=\"2024-06-29T09:25:00+00:00\" \/>\n<meta property=\"article:modified_time\" content=\"2025-05-20T22:36:04+00:00\" \/>\n<meta property=\"og:image\" content=\"https:\/\/www.webdo.tn\/fr\/wp-content\/uploads\/2024\/06\/edb57dffeff23ce06eb6bc2313de002f.webp\" \/>\n\t<meta property=\"og:image:width\" content=\"750\" \/>\n\t<meta property=\"og:image:height\" content=\"400\" \/>\n\t<meta property=\"og:image:type\" content=\"image\/webp\" \/>\n<meta name=\"author\" content=\"CL\" \/>\n<meta name=\"twitter:card\" content=\"summary_large_image\" \/>\n<meta name=\"twitter:creator\" content=\"@webdo_tn\" \/>\n<meta name=\"twitter:site\" content=\"@webdo_tn\" \/>\n<meta name=\"twitter:label1\" content=\"\u00c9crit par\" \/>\n\t<meta name=\"twitter:data1\" content=\"CL\" \/>\n\t<meta name=\"twitter:label2\" content=\"Dur\u00e9e de lecture estim\u00e9e\" \/>\n\t<meta name=\"twitter:data2\" content=\"1 minute\" \/>\n<script type=\"application\/ld+json\" class=\"yoast-schema-graph\">{\"@context\":\"https:\\\/\\\/schema.org\",\"@graph\":[{\"@type\":\"NewsArticle\",\"@id\":\"https:\\\/\\\/www.webdo.tn\\\/fr\\\/actualite\\\/national\\\/la-peine-de-mohamed-boughalleb-alourdie-a-huit-mois-de-prison\\\/214999\\\/#article\",\"isPartOf\":{\"@id\":\"https:\\\/\\\/www.webdo.tn\\\/fr\\\/actualite\\\/national\\\/la-peine-de-mohamed-boughalleb-alourdie-a-huit-mois-de-prison\\\/214999\\\/\"},\"author\":{\"name\":\"CL\",\"@id\":\"https:\\\/\\\/www.webdo.tn\\\/fr\\\/#\\\/schema\\\/person\\\/f35b42a42c5e2511bbd282959d6385cc\"},\"headline\":\"La peine de Mohamed Boughalleb alourdie \u00e0 huit mois de prison\",\"datePublished\":\"2024-06-29T09:25:00+00:00\",\"dateModified\":\"2025-05-20T22:36:04+00:00\",\"mainEntityOfPage\":{\"@id\":\"https:\\\/\\\/www.webdo.tn\\\/fr\\\/actualite\\\/national\\\/la-peine-de-mohamed-boughalleb-alourdie-a-huit-mois-de-prison\\\/214999\\\/\"},\"wordCount\":239,\"commentCount\":0,\"publisher\":{\"@id\":\"https:\\\/\\\/www.webdo.tn\\\/fr\\\/#organization\"},\"image\":{\"@id\":\"https:\\\/\\\/www.webdo.tn\\\/fr\\\/actualite\\\/national\\\/la-peine-de-mohamed-boughalleb-alourdie-a-huit-mois-de-prison\\\/214999\\\/#primaryimage\"},\"thumbnailUrl\":\"https:\\\/\\\/www.webdo.tn\\\/fr\\\/wp-content\\\/uploads\\\/2024\\\/06\\\/edb57dffeff23ce06eb6bc2313de002f.webp\",\"keywords\":[\"appel\",\"condamnation\",\"d\u00e9cret 54\",\"mohamed boughalleb\",\"Tunisie\"],\"articleSection\":[\"National\"],\"inLanguage\":\"fr-FR\"},{\"@type\":\"WebPage\",\"@id\":\"https:\\\/\\\/www.webdo.tn\\\/fr\\\/actualite\\\/national\\\/la-peine-de-mohamed-boughalleb-alourdie-a-huit-mois-de-prison\\\/214999\\\/\",\"url\":\"https:\\\/\\\/www.webdo.tn\\\/fr\\\/actualite\\\/national\\\/la-peine-de-mohamed-boughalleb-alourdie-a-huit-mois-de-prison\\\/214999\\\/\",\"name\":\"La peine de Mohamed Boughalleb alourdie \u00e0 huit mois de prison\",\"isPartOf\":{\"@id\":\"https:\\\/\\\/www.webdo.tn\\\/fr\\\/#website\"},\"primaryImageOfPage\":{\"@id\":\"https:\\\/\\\/www.webdo.tn\\\/fr\\\/actualite\\\/national\\\/la-peine-de-mohamed-boughalleb-alourdie-a-huit-mois-de-prison\\\/214999\\\/#primaryimage\"},\"image\":{\"@id\":\"https:\\\/\\\/www.webdo.tn\\\/fr\\\/actualite\\\/national\\\/la-peine-de-mohamed-boughalleb-alourdie-a-huit-mois-de-prison\\\/214999\\\/#primaryimage\"},\"thumbnailUrl\":\"https:\\\/\\\/www.webdo.tn\\\/fr\\\/wp-content\\\/uploads\\\/2024\\\/06\\\/edb57dffeff23ce06eb6bc2313de002f.webp\",\"datePublished\":\"2024-06-29T09:25:00+00:00\",\"dateModified\":\"2025-05-20T22:36:04+00:00\",\"description\":\"Jug\u00e9 sur la base du d\u00e9cret 54, Mohamed Boughalleb a \u00e9t\u00e9 condamn\u00e9 en appel \u00e0 huit mois de prison par la Chambre p\u00e9nale de la Cour d'appel de Tunis.\",\"breadcrumb\":{\"@id\":\"https:\\\/\\\/www.webdo.tn\\\/fr\\\/actualite\\\/national\\\/la-peine-de-mohamed-boughalleb-alourdie-a-huit-mois-de-prison\\\/214999\\\/#breadcrumb\"},\"inLanguage\":\"fr-FR\",\"potentialAction\":[{\"@type\":\"ReadAction\",\"target\":[\"https:\\\/\\\/www.webdo.tn\\\/fr\\\/actualite\\\/national\\\/la-peine-de-mohamed-boughalleb-alourdie-a-huit-mois-de-prison\\\/214999\\\/\"]}]},{\"@type\":\"ImageObject\",\"inLanguage\":\"fr-FR\",\"@id\":\"https:\\\/\\\/www.webdo.tn\\\/fr\\\/actualite\\\/national\\\/la-peine-de-mohamed-boughalleb-alourdie-a-huit-mois-de-prison\\\/214999\\\/#primaryimage\",\"url\":\"https:\\\/\\\/www.webdo.tn\\\/fr\\\/wp-content\\\/uploads\\\/2024\\\/06\\\/edb57dffeff23ce06eb6bc2313de002f.webp\",\"contentUrl\":\"https:\\\/\\\/www.webdo.tn\\\/fr\\\/wp-content\\\/uploads\\\/2024\\\/06\\\/edb57dffeff23ce06eb6bc2313de002f.webp\",\"width\":750,\"height\":400,\"caption\":\"La peine de Mohamed Boughalleb alourdie \u00e0 huit mois de prison\"},{\"@type\":\"BreadcrumbList\",\"@id\":\"https:\\\/\\\/www.webdo.tn\\\/fr\\\/actualite\\\/national\\\/la-peine-de-mohamed-boughalleb-alourdie-a-huit-mois-de-prison\\\/214999\\\/#breadcrumb\",\"itemListElement\":[{\"@type\":\"ListItem\",\"position\":1,\"name\":\"Accueil\",\"item\":\"https:\\\/\\\/www.webdo.tn\\\/fr\\\/\"},{\"@type\":\"ListItem\",\"position\":2,\"name\":\"La peine de Mohamed Boughalleb alourdie \u00e0 huit mois de prison\"}]},{\"@type\":\"WebSite\",\"@id\":\"https:\\\/\\\/www.webdo.tn\\\/fr\\\/#website\",\"url\":\"https:\\\/\\\/www.webdo.tn\\\/fr\\\/\",\"name\":\"webdo\",\"description\":\"Tunisie - News en Tunisie et \u00e0 l&#039;international sur Webdo.tn\",\"publisher\":{\"@id\":\"https:\\\/\\\/www.webdo.tn\\\/fr\\\/#organization\"},\"potentialAction\":[{\"@type\":\"SearchAction\",\"target\":{\"@type\":\"EntryPoint\",\"urlTemplate\":\"https:\\\/\\\/www.webdo.tn\\\/fr\\\/?s={search_term_string}\"},\"query-input\":{\"@type\":\"PropertyValueSpecification\",\"valueRequired\":true,\"valueName\":\"search_term_string\"}}],\"inLanguage\":\"fr-FR\"},{\"@type\":\"Organization\",\"@id\":\"https:\\\/\\\/www.webdo.tn\\\/fr\\\/#organization\",\"name\":\"Webdo\",\"alternateName\":\"Webdo.tn\",\"url\":\"https:\\\/\\\/www.webdo.tn\\\/fr\\\/\",\"logo\":{\"@type\":\"ImageObject\",\"inLanguage\":\"fr-FR\",\"@id\":\"https:\\\/\\\/www.webdo.tn\\\/fr\\\/#\\\/schema\\\/logo\\\/image\\\/\",\"url\":\"https:\\\/\\\/www.webdo.tn\\\/fr\\\/wp-content\\\/uploads\\\/2025\\\/06\\\/Webdo-Tunisie_168377.jpg\",\"contentUrl\":\"https:\\\/\\\/www.webdo.tn\\\/fr\\\/wp-content\\\/uploads\\\/2025\\\/06\\\/Webdo-Tunisie_168377.jpg\",\"width\":301,\"height\":301,\"caption\":\"Webdo\"},\"image\":{\"@id\":\"https:\\\/\\\/www.webdo.tn\\\/fr\\\/#\\\/schema\\\/logo\\\/image\\\/\"},\"sameAs\":[\"https:\\\/\\\/www.facebook.com\\\/webdotn\",\"https:\\\/\\\/x.com\\\/webdo_tn\"],\"description\":\"Webdo est un m\u00e9dia num\u00e9rique tunisien fond\u00e9 en 2010, sp\u00e9cialis\u00e9 dans l\u2019actualit\u00e9 nationale et internationale, l\u2019\u00e9conomie, la soci\u00e9t\u00e9 et les analyses politiques. Le site s\u2019adresse \u00e0 un large public francophone et couvre l\u2019information tunisienne en temps r\u00e9el.\",\"email\":\"redac@webdo.tn\",\"legalName\":\"YNJ SARL\",\"foundingDate\":\"2010-09-06\",\"numberOfEmployees\":{\"@type\":\"QuantitativeValue\",\"minValue\":\"11\",\"maxValue\":\"50\"}},{\"@type\":\"Person\",\"@id\":\"https:\\\/\\\/www.webdo.tn\\\/fr\\\/#\\\/schema\\\/person\\\/f35b42a42c5e2511bbd282959d6385cc\",\"name\":\"CL\",\"image\":{\"@type\":\"ImageObject\",\"inLanguage\":\"fr-FR\",\"@id\":\"https:\\\/\\\/secure.gravatar.com\\\/avatar\\\/1447a49909b67aa657c488aec6512e1dd6143a480c1ecfee9b5b5cd74eb3b59e?s=96&d=mm&r=g\",\"url\":\"https:\\\/\\\/secure.gravatar.com\\\/avatar\\\/1447a49909b67aa657c488aec6512e1dd6143a480c1ecfee9b5b5cd74eb3b59e?s=96&d=mm&r=g\",\"contentUrl\":\"https:\\\/\\\/secure.gravatar.com\\\/avatar\\\/1447a49909b67aa657c488aec6512e1dd6143a480c1ecfee9b5b5cd74eb3b59e?s=96&d=mm&r=g\",\"caption\":\"CL\"},\"url\":\"https:\\\/\\\/www.webdo.tn\\\/fr\\\/actualite\\\/author\\\/cl\\\/\"}]}<\/script>\n<!-- \/ Yoast SEO Premium plugin. -->","yoast_head_json":{"title":"La peine de Mohamed Boughalleb alourdie \u00e0 huit mois de prison","description":"Jug\u00e9 sur la base du d\u00e9cret 54, Mohamed Boughalleb a \u00e9t\u00e9 condamn\u00e9 en appel \u00e0 huit mois de prison par la Chambre p\u00e9nale de la Cour d'appel de Tunis.","canonical":"https:\/\/www.webdo.tn\/fr\/actualite\/national\/la-peine-de-mohamed-boughalleb-alourdie-a-huit-mois-de-prison\/214999\/","og_locale":"fr_FR","og_type":"article","og_title":"La peine de Mohamed Boughalleb alourdie \u00e0 huit mois de prison","og_description":"Jug\u00e9 sur la base du d\u00e9cret 54, Mohamed Boughalleb a \u00e9t\u00e9 condamn\u00e9 en appel \u00e0 huit mois de prison par la Chambre p\u00e9nale de la Cour d'appel de Tunis.","og_url":"https:\/\/www.webdo.tn\/fr\/actualite\/national\/la-peine-de-mohamed-boughalleb-alourdie-a-huit-mois-de-prison\/214999\/","og_site_name":"webdo","article_publisher":"https:\/\/www.facebook.com\/webdotn","article_published_time":"2024-06-29T09:25:00+00:00","article_modified_time":"2025-05-20T22:36:04+00:00","og_image":[{"width":750,"height":400,"url":"https:\/\/www.webdo.tn\/fr\/wp-content\/uploads\/2024\/06\/edb57dffeff23ce06eb6bc2313de002f.webp","type":"image\/webp"}],"author":"CL","twitter_card":"summary_large_image","twitter_creator":"@webdo_tn","twitter_site":"@webdo_tn","twitter_misc":{"\u00c9crit par":"CL","Dur\u00e9e de lecture estim\u00e9e":"1 minute"},"schema":{"@context":"https:\/\/schema.org","@graph":[{"@type":"NewsArticle","@id":"https:\/\/www.webdo.tn\/fr\/actualite\/national\/la-peine-de-mohamed-boughalleb-alourdie-a-huit-mois-de-prison\/214999\/#article","isPartOf":{"@id":"https:\/\/www.webdo.tn\/fr\/actualite\/national\/la-peine-de-mohamed-boughalleb-alourdie-a-huit-mois-de-prison\/214999\/"},"author":{"name":"CL","@id":"https:\/\/www.webdo.tn\/fr\/#\/schema\/person\/f35b42a42c5e2511bbd282959d6385cc"},"headline":"La peine de Mohamed Boughalleb alourdie \u00e0 huit mois de prison","datePublished":"2024-06-29T09:25:00+00:00","dateModified":"2025-05-20T22:36:04+00:00","mainEntityOfPage":{"@id":"https:\/\/www.webdo.tn\/fr\/actualite\/national\/la-peine-de-mohamed-boughalleb-alourdie-a-huit-mois-de-prison\/214999\/"},"wordCount":239,"commentCount":0,"publisher":{"@id":"https:\/\/www.webdo.tn\/fr\/#organization"},"image":{"@id":"https:\/\/www.webdo.tn\/fr\/actualite\/national\/la-peine-de-mohamed-boughalleb-alourdie-a-huit-mois-de-prison\/214999\/#primaryimage"},"thumbnailUrl":"https:\/\/www.webdo.tn\/fr\/wp-content\/uploads\/2024\/06\/edb57dffeff23ce06eb6bc2313de002f.webp","keywords":["appel","condamnation","d\u00e9cret 54","mohamed boughalleb","Tunisie"],"articleSection":["National"],"inLanguage":"fr-FR"},{"@type":"WebPage","@id":"https:\/\/www.webdo.tn\/fr\/actualite\/national\/la-peine-de-mohamed-boughalleb-alourdie-a-huit-mois-de-prison\/214999\/","url":"https:\/\/www.webdo.tn\/fr\/actualite\/national\/la-peine-de-mohamed-boughalleb-alourdie-a-huit-mois-de-prison\/214999\/","name":"La peine de Mohamed Boughalleb alourdie \u00e0 huit mois de prison","isPartOf":{"@id":"https:\/\/www.webdo.tn\/fr\/#website"},"primaryImageOfPage":{"@id":"https:\/\/www.webdo.tn\/fr\/actualite\/national\/la-peine-de-mohamed-boughalleb-alourdie-a-huit-mois-de-prison\/214999\/#primaryimage"},"image":{"@id":"https:\/\/www.webdo.tn\/fr\/actualite\/national\/la-peine-de-mohamed-boughalleb-alourdie-a-huit-mois-de-prison\/214999\/#primaryimage"},"thumbnailUrl":"https:\/\/www.webdo.tn\/fr\/wp-content\/uploads\/2024\/06\/edb57dffeff23ce06eb6bc2313de002f.webp","datePublished":"2024-06-29T09:25:00+00:00","dateModified":"2025-05-20T22:36:04+00:00","description":"Jug\u00e9 sur la base du d\u00e9cret 54, Mohamed Boughalleb a \u00e9t\u00e9 condamn\u00e9 en appel \u00e0 huit mois de prison par la Chambre p\u00e9nale de la Cour d'appel de Tunis.","breadcrumb":{"@id":"https:\/\/www.webdo.tn\/fr\/actualite\/national\/la-peine-de-mohamed-boughalleb-alourdie-a-huit-mois-de-prison\/214999\/#breadcrumb"},"inLanguage":"fr-FR","potentialAction":[{"@type":"ReadAction","target":["https:\/\/www.webdo.tn\/fr\/actualite\/national\/la-peine-de-mohamed-boughalleb-alourdie-a-huit-mois-de-prison\/214999\/"]}]},{"@type":"ImageObject","inLanguage":"fr-FR","@id":"https:\/\/www.webdo.tn\/fr\/actualite\/national\/la-peine-de-mohamed-boughalleb-alourdie-a-huit-mois-de-prison\/214999\/#primaryimage","url":"https:\/\/www.webdo.tn\/fr\/wp-content\/uploads\/2024\/06\/edb57dffeff23ce06eb6bc2313de002f.webp","contentUrl":"https:\/\/www.webdo.tn\/fr\/wp-content\/uploads\/2024\/06\/edb57dffeff23ce06eb6bc2313de002f.webp","width":750,"height":400,"caption":"La peine de Mohamed Boughalleb alourdie \u00e0 huit mois de prison"},{"@type":"BreadcrumbList","@id":"https:\/\/www.webdo.tn\/fr\/actualite\/national\/la-peine-de-mohamed-boughalleb-alourdie-a-huit-mois-de-prison\/214999\/#breadcrumb","itemListElement":[{"@type":"ListItem","position":1,"name":"Accueil","item":"https:\/\/www.webdo.tn\/fr\/"},{"@type":"ListItem","position":2,"name":"La peine de Mohamed Boughalleb alourdie \u00e0 huit mois de prison"}]},{"@type":"WebSite","@id":"https:\/\/www.webdo.tn\/fr\/#website","url":"https:\/\/www.webdo.tn\/fr\/","name":"webdo","description":"Tunisie - News en Tunisie et \u00e0 l&#039;international sur Webdo.tn","publisher":{"@id":"https:\/\/www.webdo.tn\/fr\/#organization"},"potentialAction":[{"@type":"SearchAction","target":{"@type":"EntryPoint","urlTemplate":"https:\/\/www.webdo.tn\/fr\/?s={search_term_string}"},"query-input":{"@type":"PropertyValueSpecification","valueRequired":true,"valueName":"search_term_string"}}],"inLanguage":"fr-FR"},{"@type":"Organization","@id":"https:\/\/www.webdo.tn\/fr\/#organization","name":"Webdo","alternateName":"Webdo.tn","url":"https:\/\/www.webdo.tn\/fr\/","logo":{"@type":"ImageObject","inLanguage":"fr-FR","@id":"https:\/\/www.webdo.tn\/fr\/#\/schema\/logo\/image\/","url":"https:\/\/www.webdo.tn\/fr\/wp-content\/uploads\/2025\/06\/Webdo-Tunisie_168377.jpg","contentUrl":"https:\/\/www.webdo.tn\/fr\/wp-content\/uploads\/2025\/06\/Webdo-Tunisie_168377.jpg","width":301,"height":301,"caption":"Webdo"},"image":{"@id":"https:\/\/www.webdo.tn\/fr\/#\/schema\/logo\/image\/"},"sameAs":["https:\/\/www.facebook.com\/webdotn","https:\/\/x.com\/webdo_tn"],"description":"Webdo est un m\u00e9dia num\u00e9rique tunisien fond\u00e9 en 2010, sp\u00e9cialis\u00e9 dans l\u2019actualit\u00e9 nationale et internationale, l\u2019\u00e9conomie, la soci\u00e9t\u00e9 et les analyses politiques. Le site s\u2019adresse \u00e0 un large public francophone et couvre l\u2019information tunisienne en temps r\u00e9el.","email":"redac@webdo.tn","legalName":"YNJ SARL","foundingDate":"2010-09-06","numberOfEmployees":{"@type":"QuantitativeValue","minValue":"11","maxValue":"50"}},{"@type":"Person","@id":"https:\/\/www.webdo.tn\/fr\/#\/schema\/person\/f35b42a42c5e2511bbd282959d6385cc","name":"CL","image":{"@type":"ImageObject","inLanguage":"fr-FR","@id":"https:\/\/secure.gravatar.com\/avatar\/1447a49909b67aa657c488aec6512e1dd6143a480c1ecfee9b5b5cd74eb3b59e?s=96&d=mm&r=g","url":"https:\/\/secure.gravatar.com\/avatar\/1447a49909b67aa657c488aec6512e1dd6143a480c1ecfee9b5b5cd74eb3b59e?s=96&d=mm&r=g","contentUrl":"https:\/\/secure.gravatar.com\/avatar\/1447a49909b67aa657c488aec6512e1dd6143a480c1ecfee9b5b5cd74eb3b59e?s=96&d=mm&r=g","caption":"CL"},"url":"https:\/\/www.webdo.tn\/fr\/actualite\/author\/cl\/"}]}},"_links":{"self":[{"href":"https:\/\/www.webdo.tn\/fr\/wp-json\/wp\/v2\/posts\/214999","targetHints":{"allow":["GET"]}}],"collection":[{"href":"https:\/\/www.webdo.tn\/fr\/wp-json\/wp\/v2\/posts"}],"about":[{"href":"https:\/\/www.webdo.tn\/fr\/wp-json\/wp\/v2\/types\/post"}],"author":[{"embeddable":true,"href":"https:\/\/www.webdo.tn\/fr\/wp-json\/wp\/v2\/users\/3175"}],"replies":[{"embeddable":true,"href":"https:\/\/www.webdo.tn\/fr\/wp-json\/wp\/v2\/comments?post=214999"}],"version-history":[{"count":0,"href":"https:\/\/www.webdo.tn\/fr\/wp-json\/wp\/v2\/posts\/214999\/revisions"}],"wp:featuredmedia":[{"embeddable":true,"href":"https:\/\/www.webdo.tn\/fr\/wp-json\/wp\/v2\/media\/247096"}],"wp:attachment":[{"href":"https:\/\/www.webdo.tn\/fr\/wp-json\/wp\/v2\/media?parent=214999"}],"wp:term":[{"taxonomy":"category","embeddable":true,"href":"https:\/\/www.webdo.tn\/fr\/wp-json\/wp\/v2\/categories?post=214999"},{"taxonomy":"post_tag","embeddable":true,"href":"https:\/\/www.webdo.tn\/fr\/wp-json\/wp\/v2\/tags?post=214999"}],"curies":[{"name":"wp","href":"https:\/\/api.w.org\/{rel}","templated":true}]}}