{"id":214990,"date":"2024-06-28T19:55:00","date_gmt":"2024-06-28T19:55:00","guid":{"rendered":"https:\/\/www.webdo.tn\/fr\/blog\/dix-ans-de-prison-pour-abir-moussi-le-pdl-denonce-les-poursuites-de-l-isie\/214990\/"},"modified":"2025-05-21T09:05:13","modified_gmt":"2025-05-21T09:05:13","slug":"dix-ans-de-prison-pour-abir-moussi-le-pdl-denonce-les-poursuites-de-l-isie","status":"publish","type":"post","link":"https:\/\/www.webdo.tn\/fr\/actualite\/national\/dix-ans-de-prison-pour-abir-moussi-le-pdl-denonce-les-poursuites-de-l-isie\/214990\/","title":{"rendered":"Dix ans de prison contre Abir Moussi ? Le PDL d\u00e9nonce les poursuites de l&rsquo;ISIE"},"content":{"rendered":"<p>Karim Krifa, dirigeant du Parti destourien libre (PDL) et membre du comit\u00e9 de d\u00e9fense d\u2019Abir Moussi, a d\u00e9clar\u00e9 ce vendredi 28 juin 2024, lors d\u2019une conf\u00e9rence de presse que la pr\u00e9sidente du parti, Abir Moussi, risque dix ans de prison.<\/p>\n<p>\t\t\t\t\t\t\t\t\tCette situation r\u00e9sulte d\u2019une plainte d\u00e9pos\u00e9e par l\u2019Instance sup\u00e9rieure ind\u00e9pendante pour les \u00e9lections (Isie) \u00e0 la suite de propos tenus par Abir Moussi lors d\u2019une conf\u00e9rence de presse post-\u00e9lectorale en 2022, critiquant la l\u00e9gitimit\u00e9 du processus \u00e9lectoral.<\/p>\n<p>Karim Krifa a affirm\u00e9 que le juge a cl\u00f4tur\u00e9 l&rsquo;instruction et d\u00e9cid\u00e9 de traduire Abir Moussi devant la chambre de mise en accusation, qualifiant les faits reproch\u00e9s de crime. Il a \u00e9galement contest\u00e9 la l\u00e9galit\u00e9 de la plainte de l\u2019Isie, soutenant que les accusations, telles que l\u2019atteinte \u00e0 un fonctionnaire, la diffusion de fausses informations et l\u2019atteinte \u00e0 la s\u00e9curit\u00e9 publique, ne rel\u00e8vent pas de ses comp\u00e9tences.<\/p>\n","protected":false},"excerpt":{"rendered":"<p>Abir Moussi, pr\u00e9sidente du Parti destourien libre, risque dix ans de prison suite \u00e0 une plainte de l&rsquo;Isie pour des propos post-\u00e9lectoraux en 2022. Son avocat co&#8230;<\/p>\n","protected":false},"author":3166,"featured_media":247092,"comment_status":"open","ping_status":"closed","sticky":false,"template":"","format":"standard","meta":{"footnotes":""},"categories":[44],"tags":[2926,2967,4028,2608],"class_list":["post-214990","post","type-post","status-publish","format-standard","has-post-thumbnail","hentry","category-national","tag-abir-moussi","tag-isie","tag-pdl","tag-tunisie"],"yoast_head":"<!-- This site is optimized with the Yoast SEO Premium plugin v27.4 (Yoast SEO v27.5) - https:\/\/yoast.com\/product\/yoast-seo-premium-wordpress\/ -->\n<title>Dix ans de prison contre Abir Moussi ? Le PDL d\u00e9nonce les poursuites de l&#039;ISIE<\/title>\n<meta name=\"description\" content=\"Abir Moussi, pr\u00e9sidente du Parti destourien libre, risque dix ans de prison suite \u00e0 une plainte de l&#039;Isie pour des propos post-\u00e9lectoraux en 2022. Son avocat co...\" \/>\n<link rel=\"canonical\" href=\"https:\/\/www.webdo.tn\/fr\/actualite\/national\/dix-ans-de-prison-pour-abir-moussi-le-pdl-denonce-les-poursuites-de-l-isie\/214990\/\" \/>\n<meta property=\"og:locale\" content=\"fr_FR\" \/>\n<meta property=\"og:type\" content=\"article\" \/>\n<meta property=\"og:title\" content=\"Dix ans de prison contre Abir Moussi ? Le PDL d\u00e9nonce les poursuites de l&#039;ISIE\" \/>\n<meta property=\"og:description\" content=\"Abir Moussi, pr\u00e9sidente du Parti destourien libre, risque dix ans de prison suite \u00e0 une plainte de l&#039;Isie pour des propos post-\u00e9lectoraux en 2022. Son avocat co...\" \/>\n<meta property=\"og:url\" content=\"https:\/\/www.webdo.tn\/fr\/actualite\/national\/dix-ans-de-prison-pour-abir-moussi-le-pdl-denonce-les-poursuites-de-l-isie\/214990\/\" \/>\n<meta property=\"og:site_name\" content=\"webdo\" \/>\n<meta property=\"article:publisher\" content=\"https:\/\/www.facebook.com\/webdotn\" \/>\n<meta property=\"article:published_time\" content=\"2024-06-28T19:55:00+00:00\" \/>\n<meta property=\"article:modified_time\" content=\"2025-05-21T09:05:13+00:00\" \/>\n<meta property=\"og:image\" content=\"https:\/\/www.webdo.tn\/fr\/wp-content\/uploads\/2024\/06\/c3645aec4bb982fd6ae64569a5824c08.webp\" \/>\n\t<meta property=\"og:image:width\" content=\"750\" \/>\n\t<meta property=\"og:image:height\" content=\"400\" \/>\n\t<meta property=\"og:image:type\" content=\"image\/webp\" \/>\n<meta name=\"author\" content=\"AZ\" \/>\n<meta name=\"twitter:card\" content=\"summary_large_image\" \/>\n<meta name=\"twitter:creator\" content=\"@webdo_tn\" \/>\n<meta name=\"twitter:site\" content=\"@webdo_tn\" \/>\n<meta name=\"twitter:label1\" content=\"\u00c9crit par\" \/>\n\t<meta name=\"twitter:data1\" content=\"AZ\" \/>\n\t<meta name=\"twitter:label2\" content=\"Dur\u00e9e de lecture estim\u00e9e\" \/>\n\t<meta name=\"twitter:data2\" content=\"1 minute\" \/>\n<script type=\"application\/ld+json\" class=\"yoast-schema-graph\">{\"@context\":\"https:\\\/\\\/schema.org\",\"@graph\":[{\"@type\":\"NewsArticle\",\"@id\":\"https:\\\/\\\/www.webdo.tn\\\/fr\\\/actualite\\\/national\\\/dix-ans-de-prison-pour-abir-moussi-le-pdl-denonce-les-poursuites-de-l-isie\\\/214990\\\/#article\",\"isPartOf\":{\"@id\":\"https:\\\/\\\/www.webdo.tn\\\/fr\\\/actualite\\\/national\\\/dix-ans-de-prison-pour-abir-moussi-le-pdl-denonce-les-poursuites-de-l-isie\\\/214990\\\/\"},\"author\":{\"name\":\"AZ\",\"@id\":\"https:\\\/\\\/www.webdo.tn\\\/fr\\\/#\\\/schema\\\/person\\\/b8a41c04d93287d375510db360906b34\"},\"headline\":\"Dix ans de prison contre Abir Moussi ? Le PDL d\u00e9nonce les poursuites de l&rsquo;ISIE\",\"datePublished\":\"2024-06-28T19:55:00+00:00\",\"dateModified\":\"2025-05-21T09:05:13+00:00\",\"mainEntityOfPage\":{\"@id\":\"https:\\\/\\\/www.webdo.tn\\\/fr\\\/actualite\\\/national\\\/dix-ans-de-prison-pour-abir-moussi-le-pdl-denonce-les-poursuites-de-l-isie\\\/214990\\\/\"},\"wordCount\":182,\"commentCount\":0,\"publisher\":{\"@id\":\"https:\\\/\\\/www.webdo.tn\\\/fr\\\/#organization\"},\"image\":{\"@id\":\"https:\\\/\\\/www.webdo.tn\\\/fr\\\/actualite\\\/national\\\/dix-ans-de-prison-pour-abir-moussi-le-pdl-denonce-les-poursuites-de-l-isie\\\/214990\\\/#primaryimage\"},\"thumbnailUrl\":\"https:\\\/\\\/www.webdo.tn\\\/fr\\\/wp-content\\\/uploads\\\/2024\\\/06\\\/c3645aec4bb982fd6ae64569a5824c08.webp\",\"keywords\":[\"Abir Moussi\",\"ISIE\",\"PDL\",\"Tunisie\"],\"articleSection\":[\"National\"],\"inLanguage\":\"fr-FR\"},{\"@type\":\"WebPage\",\"@id\":\"https:\\\/\\\/www.webdo.tn\\\/fr\\\/actualite\\\/national\\\/dix-ans-de-prison-pour-abir-moussi-le-pdl-denonce-les-poursuites-de-l-isie\\\/214990\\\/\",\"url\":\"https:\\\/\\\/www.webdo.tn\\\/fr\\\/actualite\\\/national\\\/dix-ans-de-prison-pour-abir-moussi-le-pdl-denonce-les-poursuites-de-l-isie\\\/214990\\\/\",\"name\":\"Dix ans de prison contre Abir Moussi ? Le PDL d\u00e9nonce les poursuites de l'ISIE\",\"isPartOf\":{\"@id\":\"https:\\\/\\\/www.webdo.tn\\\/fr\\\/#website\"},\"primaryImageOfPage\":{\"@id\":\"https:\\\/\\\/www.webdo.tn\\\/fr\\\/actualite\\\/national\\\/dix-ans-de-prison-pour-abir-moussi-le-pdl-denonce-les-poursuites-de-l-isie\\\/214990\\\/#primaryimage\"},\"image\":{\"@id\":\"https:\\\/\\\/www.webdo.tn\\\/fr\\\/actualite\\\/national\\\/dix-ans-de-prison-pour-abir-moussi-le-pdl-denonce-les-poursuites-de-l-isie\\\/214990\\\/#primaryimage\"},\"thumbnailUrl\":\"https:\\\/\\\/www.webdo.tn\\\/fr\\\/wp-content\\\/uploads\\\/2024\\\/06\\\/c3645aec4bb982fd6ae64569a5824c08.webp\",\"datePublished\":\"2024-06-28T19:55:00+00:00\",\"dateModified\":\"2025-05-21T09:05:13+00:00\",\"description\":\"Abir Moussi, pr\u00e9sidente du Parti destourien libre, risque dix ans de prison suite \u00e0 une plainte de l'Isie pour des propos post-\u00e9lectoraux en 2022. Son avocat co...\",\"breadcrumb\":{\"@id\":\"https:\\\/\\\/www.webdo.tn\\\/fr\\\/actualite\\\/national\\\/dix-ans-de-prison-pour-abir-moussi-le-pdl-denonce-les-poursuites-de-l-isie\\\/214990\\\/#breadcrumb\"},\"inLanguage\":\"fr-FR\",\"potentialAction\":[{\"@type\":\"ReadAction\",\"target\":[\"https:\\\/\\\/www.webdo.tn\\\/fr\\\/actualite\\\/national\\\/dix-ans-de-prison-pour-abir-moussi-le-pdl-denonce-les-poursuites-de-l-isie\\\/214990\\\/\"]}]},{\"@type\":\"ImageObject\",\"inLanguage\":\"fr-FR\",\"@id\":\"https:\\\/\\\/www.webdo.tn\\\/fr\\\/actualite\\\/national\\\/dix-ans-de-prison-pour-abir-moussi-le-pdl-denonce-les-poursuites-de-l-isie\\\/214990\\\/#primaryimage\",\"url\":\"https:\\\/\\\/www.webdo.tn\\\/fr\\\/wp-content\\\/uploads\\\/2024\\\/06\\\/c3645aec4bb982fd6ae64569a5824c08.webp\",\"contentUrl\":\"https:\\\/\\\/www.webdo.tn\\\/fr\\\/wp-content\\\/uploads\\\/2024\\\/06\\\/c3645aec4bb982fd6ae64569a5824c08.webp\",\"width\":750,\"height\":400,\"caption\":\"Dix ans de prison contre Abir Moussi ? Le PDL d\u00e9nonce les poursuites de l'ISIE\"},{\"@type\":\"BreadcrumbList\",\"@id\":\"https:\\\/\\\/www.webdo.tn\\\/fr\\\/actualite\\\/national\\\/dix-ans-de-prison-pour-abir-moussi-le-pdl-denonce-les-poursuites-de-l-isie\\\/214990\\\/#breadcrumb\",\"itemListElement\":[{\"@type\":\"ListItem\",\"position\":1,\"name\":\"Accueil\",\"item\":\"https:\\\/\\\/www.webdo.tn\\\/fr\\\/\"},{\"@type\":\"ListItem\",\"position\":2,\"name\":\"Dix ans de prison contre Abir Moussi ? Le PDL d\u00e9nonce les poursuites de l&#8217;ISIE\"}]},{\"@type\":\"WebSite\",\"@id\":\"https:\\\/\\\/www.webdo.tn\\\/fr\\\/#website\",\"url\":\"https:\\\/\\\/www.webdo.tn\\\/fr\\\/\",\"name\":\"webdo\",\"description\":\"Tunisie - News en Tunisie et \u00e0 l&#039;international sur Webdo.tn\",\"publisher\":{\"@id\":\"https:\\\/\\\/www.webdo.tn\\\/fr\\\/#organization\"},\"potentialAction\":[{\"@type\":\"SearchAction\",\"target\":{\"@type\":\"EntryPoint\",\"urlTemplate\":\"https:\\\/\\\/www.webdo.tn\\\/fr\\\/?s={search_term_string}\"},\"query-input\":{\"@type\":\"PropertyValueSpecification\",\"valueRequired\":true,\"valueName\":\"search_term_string\"}}],\"inLanguage\":\"fr-FR\"},{\"@type\":\"Organization\",\"@id\":\"https:\\\/\\\/www.webdo.tn\\\/fr\\\/#organization\",\"name\":\"Webdo\",\"alternateName\":\"Webdo.tn\",\"url\":\"https:\\\/\\\/www.webdo.tn\\\/fr\\\/\",\"logo\":{\"@type\":\"ImageObject\",\"inLanguage\":\"fr-FR\",\"@id\":\"https:\\\/\\\/www.webdo.tn\\\/fr\\\/#\\\/schema\\\/logo\\\/image\\\/\",\"url\":\"https:\\\/\\\/www.webdo.tn\\\/fr\\\/wp-content\\\/uploads\\\/2025\\\/06\\\/Webdo-Tunisie_168377.jpg\",\"contentUrl\":\"https:\\\/\\\/www.webdo.tn\\\/fr\\\/wp-content\\\/uploads\\\/2025\\\/06\\\/Webdo-Tunisie_168377.jpg\",\"width\":301,\"height\":301,\"caption\":\"Webdo\"},\"image\":{\"@id\":\"https:\\\/\\\/www.webdo.tn\\\/fr\\\/#\\\/schema\\\/logo\\\/image\\\/\"},\"sameAs\":[\"https:\\\/\\\/www.facebook.com\\\/webdotn\",\"https:\\\/\\\/x.com\\\/webdo_tn\"],\"description\":\"Webdo est un m\u00e9dia num\u00e9rique tunisien fond\u00e9 en 2010, sp\u00e9cialis\u00e9 dans l\u2019actualit\u00e9 nationale et internationale, l\u2019\u00e9conomie, la soci\u00e9t\u00e9 et les analyses politiques. Le site s\u2019adresse \u00e0 un large public francophone et couvre l\u2019information tunisienne en temps r\u00e9el.\",\"email\":\"redac@webdo.tn\",\"legalName\":\"YNJ SARL\",\"foundingDate\":\"2010-09-06\",\"numberOfEmployees\":{\"@type\":\"QuantitativeValue\",\"minValue\":\"11\",\"maxValue\":\"50\"}},{\"@type\":\"Person\",\"@id\":\"https:\\\/\\\/www.webdo.tn\\\/fr\\\/#\\\/schema\\\/person\\\/b8a41c04d93287d375510db360906b34\",\"name\":\"AZ\",\"image\":{\"@type\":\"ImageObject\",\"inLanguage\":\"fr-FR\",\"@id\":\"https:\\\/\\\/secure.gravatar.com\\\/avatar\\\/492b80bada79439de4201dce15cd41eece6c277cfdf1b53382073c79105c1f89?s=96&d=mm&r=g\",\"url\":\"https:\\\/\\\/secure.gravatar.com\\\/avatar\\\/492b80bada79439de4201dce15cd41eece6c277cfdf1b53382073c79105c1f89?s=96&d=mm&r=g\",\"contentUrl\":\"https:\\\/\\\/secure.gravatar.com\\\/avatar\\\/492b80bada79439de4201dce15cd41eece6c277cfdf1b53382073c79105c1f89?s=96&d=mm&r=g\",\"caption\":\"AZ\"},\"url\":\"https:\\\/\\\/www.webdo.tn\\\/fr\\\/actualite\\\/author\\\/az\\\/\"}]}<\/script>\n<!-- \/ Yoast SEO Premium plugin. -->","yoast_head_json":{"title":"Dix ans de prison contre Abir Moussi ? Le PDL d\u00e9nonce les poursuites de l'ISIE","description":"Abir Moussi, pr\u00e9sidente du Parti destourien libre, risque dix ans de prison suite \u00e0 une plainte de l'Isie pour des propos post-\u00e9lectoraux en 2022. Son avocat co...","canonical":"https:\/\/www.webdo.tn\/fr\/actualite\/national\/dix-ans-de-prison-pour-abir-moussi-le-pdl-denonce-les-poursuites-de-l-isie\/214990\/","og_locale":"fr_FR","og_type":"article","og_title":"Dix ans de prison contre Abir Moussi ? Le PDL d\u00e9nonce les poursuites de l'ISIE","og_description":"Abir Moussi, pr\u00e9sidente du Parti destourien libre, risque dix ans de prison suite \u00e0 une plainte de l'Isie pour des propos post-\u00e9lectoraux en 2022. Son avocat co...","og_url":"https:\/\/www.webdo.tn\/fr\/actualite\/national\/dix-ans-de-prison-pour-abir-moussi-le-pdl-denonce-les-poursuites-de-l-isie\/214990\/","og_site_name":"webdo","article_publisher":"https:\/\/www.facebook.com\/webdotn","article_published_time":"2024-06-28T19:55:00+00:00","article_modified_time":"2025-05-21T09:05:13+00:00","og_image":[{"width":750,"height":400,"url":"https:\/\/www.webdo.tn\/fr\/wp-content\/uploads\/2024\/06\/c3645aec4bb982fd6ae64569a5824c08.webp","type":"image\/webp"}],"author":"AZ","twitter_card":"summary_large_image","twitter_creator":"@webdo_tn","twitter_site":"@webdo_tn","twitter_misc":{"\u00c9crit par":"AZ","Dur\u00e9e de lecture estim\u00e9e":"1 minute"},"schema":{"@context":"https:\/\/schema.org","@graph":[{"@type":"NewsArticle","@id":"https:\/\/www.webdo.tn\/fr\/actualite\/national\/dix-ans-de-prison-pour-abir-moussi-le-pdl-denonce-les-poursuites-de-l-isie\/214990\/#article","isPartOf":{"@id":"https:\/\/www.webdo.tn\/fr\/actualite\/national\/dix-ans-de-prison-pour-abir-moussi-le-pdl-denonce-les-poursuites-de-l-isie\/214990\/"},"author":{"name":"AZ","@id":"https:\/\/www.webdo.tn\/fr\/#\/schema\/person\/b8a41c04d93287d375510db360906b34"},"headline":"Dix ans de prison contre Abir Moussi ? Le PDL d\u00e9nonce les poursuites de l&rsquo;ISIE","datePublished":"2024-06-28T19:55:00+00:00","dateModified":"2025-05-21T09:05:13+00:00","mainEntityOfPage":{"@id":"https:\/\/www.webdo.tn\/fr\/actualite\/national\/dix-ans-de-prison-pour-abir-moussi-le-pdl-denonce-les-poursuites-de-l-isie\/214990\/"},"wordCount":182,"commentCount":0,"publisher":{"@id":"https:\/\/www.webdo.tn\/fr\/#organization"},"image":{"@id":"https:\/\/www.webdo.tn\/fr\/actualite\/national\/dix-ans-de-prison-pour-abir-moussi-le-pdl-denonce-les-poursuites-de-l-isie\/214990\/#primaryimage"},"thumbnailUrl":"https:\/\/www.webdo.tn\/fr\/wp-content\/uploads\/2024\/06\/c3645aec4bb982fd6ae64569a5824c08.webp","keywords":["Abir Moussi","ISIE","PDL","Tunisie"],"articleSection":["National"],"inLanguage":"fr-FR"},{"@type":"WebPage","@id":"https:\/\/www.webdo.tn\/fr\/actualite\/national\/dix-ans-de-prison-pour-abir-moussi-le-pdl-denonce-les-poursuites-de-l-isie\/214990\/","url":"https:\/\/www.webdo.tn\/fr\/actualite\/national\/dix-ans-de-prison-pour-abir-moussi-le-pdl-denonce-les-poursuites-de-l-isie\/214990\/","name":"Dix ans de prison contre Abir Moussi ? Le PDL d\u00e9nonce les poursuites de l'ISIE","isPartOf":{"@id":"https:\/\/www.webdo.tn\/fr\/#website"},"primaryImageOfPage":{"@id":"https:\/\/www.webdo.tn\/fr\/actualite\/national\/dix-ans-de-prison-pour-abir-moussi-le-pdl-denonce-les-poursuites-de-l-isie\/214990\/#primaryimage"},"image":{"@id":"https:\/\/www.webdo.tn\/fr\/actualite\/national\/dix-ans-de-prison-pour-abir-moussi-le-pdl-denonce-les-poursuites-de-l-isie\/214990\/#primaryimage"},"thumbnailUrl":"https:\/\/www.webdo.tn\/fr\/wp-content\/uploads\/2024\/06\/c3645aec4bb982fd6ae64569a5824c08.webp","datePublished":"2024-06-28T19:55:00+00:00","dateModified":"2025-05-21T09:05:13+00:00","description":"Abir Moussi, pr\u00e9sidente du Parti destourien libre, risque dix ans de prison suite \u00e0 une plainte de l'Isie pour des propos post-\u00e9lectoraux en 2022. Son avocat co...","breadcrumb":{"@id":"https:\/\/www.webdo.tn\/fr\/actualite\/national\/dix-ans-de-prison-pour-abir-moussi-le-pdl-denonce-les-poursuites-de-l-isie\/214990\/#breadcrumb"},"inLanguage":"fr-FR","potentialAction":[{"@type":"ReadAction","target":["https:\/\/www.webdo.tn\/fr\/actualite\/national\/dix-ans-de-prison-pour-abir-moussi-le-pdl-denonce-les-poursuites-de-l-isie\/214990\/"]}]},{"@type":"ImageObject","inLanguage":"fr-FR","@id":"https:\/\/www.webdo.tn\/fr\/actualite\/national\/dix-ans-de-prison-pour-abir-moussi-le-pdl-denonce-les-poursuites-de-l-isie\/214990\/#primaryimage","url":"https:\/\/www.webdo.tn\/fr\/wp-content\/uploads\/2024\/06\/c3645aec4bb982fd6ae64569a5824c08.webp","contentUrl":"https:\/\/www.webdo.tn\/fr\/wp-content\/uploads\/2024\/06\/c3645aec4bb982fd6ae64569a5824c08.webp","width":750,"height":400,"caption":"Dix ans de prison contre Abir Moussi ? Le PDL d\u00e9nonce les poursuites de l'ISIE"},{"@type":"BreadcrumbList","@id":"https:\/\/www.webdo.tn\/fr\/actualite\/national\/dix-ans-de-prison-pour-abir-moussi-le-pdl-denonce-les-poursuites-de-l-isie\/214990\/#breadcrumb","itemListElement":[{"@type":"ListItem","position":1,"name":"Accueil","item":"https:\/\/www.webdo.tn\/fr\/"},{"@type":"ListItem","position":2,"name":"Dix ans de prison contre Abir Moussi ? Le PDL d\u00e9nonce les poursuites de l&#8217;ISIE"}]},{"@type":"WebSite","@id":"https:\/\/www.webdo.tn\/fr\/#website","url":"https:\/\/www.webdo.tn\/fr\/","name":"webdo","description":"Tunisie - News en Tunisie et \u00e0 l&#039;international sur Webdo.tn","publisher":{"@id":"https:\/\/www.webdo.tn\/fr\/#organization"},"potentialAction":[{"@type":"SearchAction","target":{"@type":"EntryPoint","urlTemplate":"https:\/\/www.webdo.tn\/fr\/?s={search_term_string}"},"query-input":{"@type":"PropertyValueSpecification","valueRequired":true,"valueName":"search_term_string"}}],"inLanguage":"fr-FR"},{"@type":"Organization","@id":"https:\/\/www.webdo.tn\/fr\/#organization","name":"Webdo","alternateName":"Webdo.tn","url":"https:\/\/www.webdo.tn\/fr\/","logo":{"@type":"ImageObject","inLanguage":"fr-FR","@id":"https:\/\/www.webdo.tn\/fr\/#\/schema\/logo\/image\/","url":"https:\/\/www.webdo.tn\/fr\/wp-content\/uploads\/2025\/06\/Webdo-Tunisie_168377.jpg","contentUrl":"https:\/\/www.webdo.tn\/fr\/wp-content\/uploads\/2025\/06\/Webdo-Tunisie_168377.jpg","width":301,"height":301,"caption":"Webdo"},"image":{"@id":"https:\/\/www.webdo.tn\/fr\/#\/schema\/logo\/image\/"},"sameAs":["https:\/\/www.facebook.com\/webdotn","https:\/\/x.com\/webdo_tn"],"description":"Webdo est un m\u00e9dia num\u00e9rique tunisien fond\u00e9 en 2010, sp\u00e9cialis\u00e9 dans l\u2019actualit\u00e9 nationale et internationale, l\u2019\u00e9conomie, la soci\u00e9t\u00e9 et les analyses politiques. Le site s\u2019adresse \u00e0 un large public francophone et couvre l\u2019information tunisienne en temps r\u00e9el.","email":"redac@webdo.tn","legalName":"YNJ SARL","foundingDate":"2010-09-06","numberOfEmployees":{"@type":"QuantitativeValue","minValue":"11","maxValue":"50"}},{"@type":"Person","@id":"https:\/\/www.webdo.tn\/fr\/#\/schema\/person\/b8a41c04d93287d375510db360906b34","name":"AZ","image":{"@type":"ImageObject","inLanguage":"fr-FR","@id":"https:\/\/secure.gravatar.com\/avatar\/492b80bada79439de4201dce15cd41eece6c277cfdf1b53382073c79105c1f89?s=96&d=mm&r=g","url":"https:\/\/secure.gravatar.com\/avatar\/492b80bada79439de4201dce15cd41eece6c277cfdf1b53382073c79105c1f89?s=96&d=mm&r=g","contentUrl":"https:\/\/secure.gravatar.com\/avatar\/492b80bada79439de4201dce15cd41eece6c277cfdf1b53382073c79105c1f89?s=96&d=mm&r=g","caption":"AZ"},"url":"https:\/\/www.webdo.tn\/fr\/actualite\/author\/az\/"}]}},"_links":{"self":[{"href":"https:\/\/www.webdo.tn\/fr\/wp-json\/wp\/v2\/posts\/214990","targetHints":{"allow":["GET"]}}],"collection":[{"href":"https:\/\/www.webdo.tn\/fr\/wp-json\/wp\/v2\/posts"}],"about":[{"href":"https:\/\/www.webdo.tn\/fr\/wp-json\/wp\/v2\/types\/post"}],"author":[{"embeddable":true,"href":"https:\/\/www.webdo.tn\/fr\/wp-json\/wp\/v2\/users\/3166"}],"replies":[{"embeddable":true,"href":"https:\/\/www.webdo.tn\/fr\/wp-json\/wp\/v2\/comments?post=214990"}],"version-history":[{"count":0,"href":"https:\/\/www.webdo.tn\/fr\/wp-json\/wp\/v2\/posts\/214990\/revisions"}],"wp:featuredmedia":[{"embeddable":true,"href":"https:\/\/www.webdo.tn\/fr\/wp-json\/wp\/v2\/media\/247092"}],"wp:attachment":[{"href":"https:\/\/www.webdo.tn\/fr\/wp-json\/wp\/v2\/media?parent=214990"}],"wp:term":[{"taxonomy":"category","embeddable":true,"href":"https:\/\/www.webdo.tn\/fr\/wp-json\/wp\/v2\/categories?post=214990"},{"taxonomy":"post_tag","embeddable":true,"href":"https:\/\/www.webdo.tn\/fr\/wp-json\/wp\/v2\/tags?post=214990"}],"curies":[{"name":"wp","href":"https:\/\/api.w.org\/{rel}","templated":true}]}}