{"id":214989,"date":"2024-06-28T19:33:00","date_gmt":"2024-06-28T19:33:00","guid":{"rendered":"https:\/\/www.webdo.tn\/fr\/blog\/coupe-de-tunisie-les-arbitres-de-la-finale\/214989\/"},"modified":"2025-05-21T09:05:13","modified_gmt":"2025-05-21T09:05:13","slug":"coupe-de-tunisie-les-arbitres-de-la-finale","status":"publish","type":"post","link":"https:\/\/www.webdo.tn\/fr\/actualite\/sport\/coupe-de-tunisie-les-arbitres-de-la-finale\/214989\/","title":{"rendered":"Coupe de Tunisie : Les arbitres de la finale"},"content":{"rendered":"<p>La Direction Nationale d&rsquo;Arbitrage a annonc\u00e9 les arbitres d\u00e9sign\u00e9s pour la finale de la Coupe de Tunisie qui se tiendra ce dimanche au stade Hamadi Agrebi de Rad\u00e8s. Le match opposera le Stade Tunisien au Club Athl\u00e9tique Bizertin \u00e0 17h00.<\/p>\n<p>\t\t\t\t\t\t\t\t\tStade Hamadi Agrebi de Rades : Stade Tunisien vs Club Athl\u00e9tique Bizertin \u00e0 17h00<\/p>\n<p>Arbitre principal : Seif Ouertani<br \/>\nArbitres assistants : Omar Riahi et Skander Jaballah<br \/>\nQuatri\u00e8me arbitre : Aicha Baraabou (Palestine)<br \/>\nArbitre VAR : Fraj Abdellaoui<\/p>\n","protected":false},"excerpt":{"rendered":"<p>D\u00e9couvrez les arbitres d\u00e9sign\u00e9s pour la finale de la Coupe de Tunisie entre le Stade Tunisien et le Club Athl\u00e9tique Bizertin ce dimanche \u00e0 Rad\u00e8s.<\/p>\n","protected":false},"author":3166,"featured_media":247091,"comment_status":"open","ping_status":"closed","sticky":false,"template":"","format":"standard","meta":{"footnotes":""},"categories":[2593],"tags":[3168,4676,2622,2608],"class_list":["post-214989","post","type-post","status-publish","format-standard","has-post-thumbnail","hentry","category-sport","tag-coupe-de-tunisie","tag-finale","tag-football","tag-tunisie"],"yoast_head":"<!-- This site is optimized with the Yoast SEO Premium plugin v27.4 (Yoast SEO v27.5) - https:\/\/yoast.com\/product\/yoast-seo-premium-wordpress\/ -->\n<title>Coupe de Tunisie : Les arbitres de la finale<\/title>\n<meta name=\"description\" content=\"D\u00e9couvrez les arbitres d\u00e9sign\u00e9s pour la finale de la Coupe de Tunisie entre le Stade Tunisien et le Club Athl\u00e9tique Bizertin ce dimanche \u00e0 Rad\u00e8s.\" \/>\n<link rel=\"canonical\" href=\"https:\/\/www.webdo.tn\/fr\/actualite\/sport\/coupe-de-tunisie-les-arbitres-de-la-finale\/214989\/\" \/>\n<meta property=\"og:locale\" content=\"fr_FR\" \/>\n<meta property=\"og:type\" content=\"article\" \/>\n<meta property=\"og:title\" content=\"Coupe de Tunisie : Les arbitres de la finale\" \/>\n<meta property=\"og:description\" content=\"D\u00e9couvrez les arbitres d\u00e9sign\u00e9s pour la finale de la Coupe de Tunisie entre le Stade Tunisien et le Club Athl\u00e9tique Bizertin ce dimanche \u00e0 Rad\u00e8s.\" \/>\n<meta property=\"og:url\" content=\"https:\/\/www.webdo.tn\/fr\/actualite\/sport\/coupe-de-tunisie-les-arbitres-de-la-finale\/214989\/\" \/>\n<meta property=\"og:site_name\" content=\"webdo\" \/>\n<meta property=\"article:publisher\" content=\"https:\/\/www.facebook.com\/webdotn\" \/>\n<meta property=\"article:published_time\" content=\"2024-06-28T19:33:00+00:00\" \/>\n<meta property=\"article:modified_time\" content=\"2025-05-21T09:05:13+00:00\" \/>\n<meta property=\"og:image\" content=\"https:\/\/www.webdo.tn\/fr\/wp-content\/uploads\/2024\/06\/3e311213123bdb1a5ec82c6a8a865799.webp\" \/>\n\t<meta property=\"og:image:width\" content=\"750\" \/>\n\t<meta property=\"og:image:height\" content=\"400\" \/>\n\t<meta property=\"og:image:type\" content=\"image\/webp\" \/>\n<meta name=\"author\" content=\"AZ\" \/>\n<meta name=\"twitter:card\" content=\"summary_large_image\" \/>\n<meta name=\"twitter:creator\" content=\"@webdo_tn\" \/>\n<meta name=\"twitter:site\" content=\"@webdo_tn\" \/>\n<meta name=\"twitter:label1\" content=\"\u00c9crit par\" \/>\n\t<meta name=\"twitter:data1\" content=\"AZ\" \/>\n<script type=\"application\/ld+json\" class=\"yoast-schema-graph\">{\"@context\":\"https:\\\/\\\/schema.org\",\"@graph\":[{\"@type\":\"NewsArticle\",\"@id\":\"https:\\\/\\\/www.webdo.tn\\\/fr\\\/actualite\\\/sport\\\/coupe-de-tunisie-les-arbitres-de-la-finale\\\/214989\\\/#article\",\"isPartOf\":{\"@id\":\"https:\\\/\\\/www.webdo.tn\\\/fr\\\/actualite\\\/sport\\\/coupe-de-tunisie-les-arbitres-de-la-finale\\\/214989\\\/\"},\"author\":{\"name\":\"AZ\",\"@id\":\"https:\\\/\\\/www.webdo.tn\\\/fr\\\/#\\\/schema\\\/person\\\/b8a41c04d93287d375510db360906b34\"},\"headline\":\"Coupe de Tunisie : Les arbitres de la finale\",\"datePublished\":\"2024-06-28T19:33:00+00:00\",\"dateModified\":\"2025-05-21T09:05:13+00:00\",\"mainEntityOfPage\":{\"@id\":\"https:\\\/\\\/www.webdo.tn\\\/fr\\\/actualite\\\/sport\\\/coupe-de-tunisie-les-arbitres-de-la-finale\\\/214989\\\/\"},\"wordCount\":86,\"commentCount\":0,\"publisher\":{\"@id\":\"https:\\\/\\\/www.webdo.tn\\\/fr\\\/#organization\"},\"image\":{\"@id\":\"https:\\\/\\\/www.webdo.tn\\\/fr\\\/actualite\\\/sport\\\/coupe-de-tunisie-les-arbitres-de-la-finale\\\/214989\\\/#primaryimage\"},\"thumbnailUrl\":\"https:\\\/\\\/www.webdo.tn\\\/fr\\\/wp-content\\\/uploads\\\/2024\\\/06\\\/3e311213123bdb1a5ec82c6a8a865799.webp\",\"keywords\":[\"coupe de tunisie\",\"finale\",\"football\",\"Tunisie\"],\"articleSection\":[\"Sport\"],\"inLanguage\":\"fr-FR\"},{\"@type\":\"WebPage\",\"@id\":\"https:\\\/\\\/www.webdo.tn\\\/fr\\\/actualite\\\/sport\\\/coupe-de-tunisie-les-arbitres-de-la-finale\\\/214989\\\/\",\"url\":\"https:\\\/\\\/www.webdo.tn\\\/fr\\\/actualite\\\/sport\\\/coupe-de-tunisie-les-arbitres-de-la-finale\\\/214989\\\/\",\"name\":\"Coupe de Tunisie : Les arbitres de la finale\",\"isPartOf\":{\"@id\":\"https:\\\/\\\/www.webdo.tn\\\/fr\\\/#website\"},\"primaryImageOfPage\":{\"@id\":\"https:\\\/\\\/www.webdo.tn\\\/fr\\\/actualite\\\/sport\\\/coupe-de-tunisie-les-arbitres-de-la-finale\\\/214989\\\/#primaryimage\"},\"image\":{\"@id\":\"https:\\\/\\\/www.webdo.tn\\\/fr\\\/actualite\\\/sport\\\/coupe-de-tunisie-les-arbitres-de-la-finale\\\/214989\\\/#primaryimage\"},\"thumbnailUrl\":\"https:\\\/\\\/www.webdo.tn\\\/fr\\\/wp-content\\\/uploads\\\/2024\\\/06\\\/3e311213123bdb1a5ec82c6a8a865799.webp\",\"datePublished\":\"2024-06-28T19:33:00+00:00\",\"dateModified\":\"2025-05-21T09:05:13+00:00\",\"description\":\"D\u00e9couvrez les arbitres d\u00e9sign\u00e9s pour la finale de la Coupe de Tunisie entre le Stade Tunisien et le Club Athl\u00e9tique Bizertin ce dimanche \u00e0 Rad\u00e8s.\",\"breadcrumb\":{\"@id\":\"https:\\\/\\\/www.webdo.tn\\\/fr\\\/actualite\\\/sport\\\/coupe-de-tunisie-les-arbitres-de-la-finale\\\/214989\\\/#breadcrumb\"},\"inLanguage\":\"fr-FR\",\"potentialAction\":[{\"@type\":\"ReadAction\",\"target\":[\"https:\\\/\\\/www.webdo.tn\\\/fr\\\/actualite\\\/sport\\\/coupe-de-tunisie-les-arbitres-de-la-finale\\\/214989\\\/\"]}]},{\"@type\":\"ImageObject\",\"inLanguage\":\"fr-FR\",\"@id\":\"https:\\\/\\\/www.webdo.tn\\\/fr\\\/actualite\\\/sport\\\/coupe-de-tunisie-les-arbitres-de-la-finale\\\/214989\\\/#primaryimage\",\"url\":\"https:\\\/\\\/www.webdo.tn\\\/fr\\\/wp-content\\\/uploads\\\/2024\\\/06\\\/3e311213123bdb1a5ec82c6a8a865799.webp\",\"contentUrl\":\"https:\\\/\\\/www.webdo.tn\\\/fr\\\/wp-content\\\/uploads\\\/2024\\\/06\\\/3e311213123bdb1a5ec82c6a8a865799.webp\",\"width\":750,\"height\":400,\"caption\":\"Coupe de Tunisie : Les arbitres de la finale\"},{\"@type\":\"BreadcrumbList\",\"@id\":\"https:\\\/\\\/www.webdo.tn\\\/fr\\\/actualite\\\/sport\\\/coupe-de-tunisie-les-arbitres-de-la-finale\\\/214989\\\/#breadcrumb\",\"itemListElement\":[{\"@type\":\"ListItem\",\"position\":1,\"name\":\"Accueil\",\"item\":\"https:\\\/\\\/www.webdo.tn\\\/fr\\\/\"},{\"@type\":\"ListItem\",\"position\":2,\"name\":\"Coupe de Tunisie : Les arbitres de la finale\"}]},{\"@type\":\"WebSite\",\"@id\":\"https:\\\/\\\/www.webdo.tn\\\/fr\\\/#website\",\"url\":\"https:\\\/\\\/www.webdo.tn\\\/fr\\\/\",\"name\":\"webdo\",\"description\":\"Tunisie - News en Tunisie et \u00e0 l&#039;international sur Webdo.tn\",\"publisher\":{\"@id\":\"https:\\\/\\\/www.webdo.tn\\\/fr\\\/#organization\"},\"potentialAction\":[{\"@type\":\"SearchAction\",\"target\":{\"@type\":\"EntryPoint\",\"urlTemplate\":\"https:\\\/\\\/www.webdo.tn\\\/fr\\\/?s={search_term_string}\"},\"query-input\":{\"@type\":\"PropertyValueSpecification\",\"valueRequired\":true,\"valueName\":\"search_term_string\"}}],\"inLanguage\":\"fr-FR\"},{\"@type\":\"Organization\",\"@id\":\"https:\\\/\\\/www.webdo.tn\\\/fr\\\/#organization\",\"name\":\"Webdo\",\"alternateName\":\"Webdo.tn\",\"url\":\"https:\\\/\\\/www.webdo.tn\\\/fr\\\/\",\"logo\":{\"@type\":\"ImageObject\",\"inLanguage\":\"fr-FR\",\"@id\":\"https:\\\/\\\/www.webdo.tn\\\/fr\\\/#\\\/schema\\\/logo\\\/image\\\/\",\"url\":\"https:\\\/\\\/www.webdo.tn\\\/fr\\\/wp-content\\\/uploads\\\/2025\\\/06\\\/Webdo-Tunisie_168377.jpg\",\"contentUrl\":\"https:\\\/\\\/www.webdo.tn\\\/fr\\\/wp-content\\\/uploads\\\/2025\\\/06\\\/Webdo-Tunisie_168377.jpg\",\"width\":301,\"height\":301,\"caption\":\"Webdo\"},\"image\":{\"@id\":\"https:\\\/\\\/www.webdo.tn\\\/fr\\\/#\\\/schema\\\/logo\\\/image\\\/\"},\"sameAs\":[\"https:\\\/\\\/www.facebook.com\\\/webdotn\",\"https:\\\/\\\/x.com\\\/webdo_tn\"],\"description\":\"Webdo est un m\u00e9dia num\u00e9rique tunisien fond\u00e9 en 2010, sp\u00e9cialis\u00e9 dans l\u2019actualit\u00e9 nationale et internationale, l\u2019\u00e9conomie, la soci\u00e9t\u00e9 et les analyses politiques. Le site s\u2019adresse \u00e0 un large public francophone et couvre l\u2019information tunisienne en temps r\u00e9el.\",\"email\":\"redac@webdo.tn\",\"legalName\":\"YNJ SARL\",\"foundingDate\":\"2010-09-06\",\"numberOfEmployees\":{\"@type\":\"QuantitativeValue\",\"minValue\":\"11\",\"maxValue\":\"50\"}},{\"@type\":\"Person\",\"@id\":\"https:\\\/\\\/www.webdo.tn\\\/fr\\\/#\\\/schema\\\/person\\\/b8a41c04d93287d375510db360906b34\",\"name\":\"AZ\",\"image\":{\"@type\":\"ImageObject\",\"inLanguage\":\"fr-FR\",\"@id\":\"https:\\\/\\\/secure.gravatar.com\\\/avatar\\\/492b80bada79439de4201dce15cd41eece6c277cfdf1b53382073c79105c1f89?s=96&d=mm&r=g\",\"url\":\"https:\\\/\\\/secure.gravatar.com\\\/avatar\\\/492b80bada79439de4201dce15cd41eece6c277cfdf1b53382073c79105c1f89?s=96&d=mm&r=g\",\"contentUrl\":\"https:\\\/\\\/secure.gravatar.com\\\/avatar\\\/492b80bada79439de4201dce15cd41eece6c277cfdf1b53382073c79105c1f89?s=96&d=mm&r=g\",\"caption\":\"AZ\"},\"url\":\"https:\\\/\\\/www.webdo.tn\\\/fr\\\/actualite\\\/author\\\/az\\\/\"}]}<\/script>\n<!-- \/ Yoast SEO Premium plugin. -->","yoast_head_json":{"title":"Coupe de Tunisie : Les arbitres de la finale","description":"D\u00e9couvrez les arbitres d\u00e9sign\u00e9s pour la finale de la Coupe de Tunisie entre le Stade Tunisien et le Club Athl\u00e9tique Bizertin ce dimanche \u00e0 Rad\u00e8s.","canonical":"https:\/\/www.webdo.tn\/fr\/actualite\/sport\/coupe-de-tunisie-les-arbitres-de-la-finale\/214989\/","og_locale":"fr_FR","og_type":"article","og_title":"Coupe de Tunisie : Les arbitres de la finale","og_description":"D\u00e9couvrez les arbitres d\u00e9sign\u00e9s pour la finale de la Coupe de Tunisie entre le Stade Tunisien et le Club Athl\u00e9tique Bizertin ce dimanche \u00e0 Rad\u00e8s.","og_url":"https:\/\/www.webdo.tn\/fr\/actualite\/sport\/coupe-de-tunisie-les-arbitres-de-la-finale\/214989\/","og_site_name":"webdo","article_publisher":"https:\/\/www.facebook.com\/webdotn","article_published_time":"2024-06-28T19:33:00+00:00","article_modified_time":"2025-05-21T09:05:13+00:00","og_image":[{"width":750,"height":400,"url":"https:\/\/www.webdo.tn\/fr\/wp-content\/uploads\/2024\/06\/3e311213123bdb1a5ec82c6a8a865799.webp","type":"image\/webp"}],"author":"AZ","twitter_card":"summary_large_image","twitter_creator":"@webdo_tn","twitter_site":"@webdo_tn","twitter_misc":{"\u00c9crit par":"AZ"},"schema":{"@context":"https:\/\/schema.org","@graph":[{"@type":"NewsArticle","@id":"https:\/\/www.webdo.tn\/fr\/actualite\/sport\/coupe-de-tunisie-les-arbitres-de-la-finale\/214989\/#article","isPartOf":{"@id":"https:\/\/www.webdo.tn\/fr\/actualite\/sport\/coupe-de-tunisie-les-arbitres-de-la-finale\/214989\/"},"author":{"name":"AZ","@id":"https:\/\/www.webdo.tn\/fr\/#\/schema\/person\/b8a41c04d93287d375510db360906b34"},"headline":"Coupe de Tunisie : Les arbitres de la finale","datePublished":"2024-06-28T19:33:00+00:00","dateModified":"2025-05-21T09:05:13+00:00","mainEntityOfPage":{"@id":"https:\/\/www.webdo.tn\/fr\/actualite\/sport\/coupe-de-tunisie-les-arbitres-de-la-finale\/214989\/"},"wordCount":86,"commentCount":0,"publisher":{"@id":"https:\/\/www.webdo.tn\/fr\/#organization"},"image":{"@id":"https:\/\/www.webdo.tn\/fr\/actualite\/sport\/coupe-de-tunisie-les-arbitres-de-la-finale\/214989\/#primaryimage"},"thumbnailUrl":"https:\/\/www.webdo.tn\/fr\/wp-content\/uploads\/2024\/06\/3e311213123bdb1a5ec82c6a8a865799.webp","keywords":["coupe de tunisie","finale","football","Tunisie"],"articleSection":["Sport"],"inLanguage":"fr-FR"},{"@type":"WebPage","@id":"https:\/\/www.webdo.tn\/fr\/actualite\/sport\/coupe-de-tunisie-les-arbitres-de-la-finale\/214989\/","url":"https:\/\/www.webdo.tn\/fr\/actualite\/sport\/coupe-de-tunisie-les-arbitres-de-la-finale\/214989\/","name":"Coupe de Tunisie : Les arbitres de la finale","isPartOf":{"@id":"https:\/\/www.webdo.tn\/fr\/#website"},"primaryImageOfPage":{"@id":"https:\/\/www.webdo.tn\/fr\/actualite\/sport\/coupe-de-tunisie-les-arbitres-de-la-finale\/214989\/#primaryimage"},"image":{"@id":"https:\/\/www.webdo.tn\/fr\/actualite\/sport\/coupe-de-tunisie-les-arbitres-de-la-finale\/214989\/#primaryimage"},"thumbnailUrl":"https:\/\/www.webdo.tn\/fr\/wp-content\/uploads\/2024\/06\/3e311213123bdb1a5ec82c6a8a865799.webp","datePublished":"2024-06-28T19:33:00+00:00","dateModified":"2025-05-21T09:05:13+00:00","description":"D\u00e9couvrez les arbitres d\u00e9sign\u00e9s pour la finale de la Coupe de Tunisie entre le Stade Tunisien et le Club Athl\u00e9tique Bizertin ce dimanche \u00e0 Rad\u00e8s.","breadcrumb":{"@id":"https:\/\/www.webdo.tn\/fr\/actualite\/sport\/coupe-de-tunisie-les-arbitres-de-la-finale\/214989\/#breadcrumb"},"inLanguage":"fr-FR","potentialAction":[{"@type":"ReadAction","target":["https:\/\/www.webdo.tn\/fr\/actualite\/sport\/coupe-de-tunisie-les-arbitres-de-la-finale\/214989\/"]}]},{"@type":"ImageObject","inLanguage":"fr-FR","@id":"https:\/\/www.webdo.tn\/fr\/actualite\/sport\/coupe-de-tunisie-les-arbitres-de-la-finale\/214989\/#primaryimage","url":"https:\/\/www.webdo.tn\/fr\/wp-content\/uploads\/2024\/06\/3e311213123bdb1a5ec82c6a8a865799.webp","contentUrl":"https:\/\/www.webdo.tn\/fr\/wp-content\/uploads\/2024\/06\/3e311213123bdb1a5ec82c6a8a865799.webp","width":750,"height":400,"caption":"Coupe de Tunisie : Les arbitres de la finale"},{"@type":"BreadcrumbList","@id":"https:\/\/www.webdo.tn\/fr\/actualite\/sport\/coupe-de-tunisie-les-arbitres-de-la-finale\/214989\/#breadcrumb","itemListElement":[{"@type":"ListItem","position":1,"name":"Accueil","item":"https:\/\/www.webdo.tn\/fr\/"},{"@type":"ListItem","position":2,"name":"Coupe de Tunisie : Les arbitres de la finale"}]},{"@type":"WebSite","@id":"https:\/\/www.webdo.tn\/fr\/#website","url":"https:\/\/www.webdo.tn\/fr\/","name":"webdo","description":"Tunisie - News en Tunisie et \u00e0 l&#039;international sur Webdo.tn","publisher":{"@id":"https:\/\/www.webdo.tn\/fr\/#organization"},"potentialAction":[{"@type":"SearchAction","target":{"@type":"EntryPoint","urlTemplate":"https:\/\/www.webdo.tn\/fr\/?s={search_term_string}"},"query-input":{"@type":"PropertyValueSpecification","valueRequired":true,"valueName":"search_term_string"}}],"inLanguage":"fr-FR"},{"@type":"Organization","@id":"https:\/\/www.webdo.tn\/fr\/#organization","name":"Webdo","alternateName":"Webdo.tn","url":"https:\/\/www.webdo.tn\/fr\/","logo":{"@type":"ImageObject","inLanguage":"fr-FR","@id":"https:\/\/www.webdo.tn\/fr\/#\/schema\/logo\/image\/","url":"https:\/\/www.webdo.tn\/fr\/wp-content\/uploads\/2025\/06\/Webdo-Tunisie_168377.jpg","contentUrl":"https:\/\/www.webdo.tn\/fr\/wp-content\/uploads\/2025\/06\/Webdo-Tunisie_168377.jpg","width":301,"height":301,"caption":"Webdo"},"image":{"@id":"https:\/\/www.webdo.tn\/fr\/#\/schema\/logo\/image\/"},"sameAs":["https:\/\/www.facebook.com\/webdotn","https:\/\/x.com\/webdo_tn"],"description":"Webdo est un m\u00e9dia num\u00e9rique tunisien fond\u00e9 en 2010, sp\u00e9cialis\u00e9 dans l\u2019actualit\u00e9 nationale et internationale, l\u2019\u00e9conomie, la soci\u00e9t\u00e9 et les analyses politiques. Le site s\u2019adresse \u00e0 un large public francophone et couvre l\u2019information tunisienne en temps r\u00e9el.","email":"redac@webdo.tn","legalName":"YNJ SARL","foundingDate":"2010-09-06","numberOfEmployees":{"@type":"QuantitativeValue","minValue":"11","maxValue":"50"}},{"@type":"Person","@id":"https:\/\/www.webdo.tn\/fr\/#\/schema\/person\/b8a41c04d93287d375510db360906b34","name":"AZ","image":{"@type":"ImageObject","inLanguage":"fr-FR","@id":"https:\/\/secure.gravatar.com\/avatar\/492b80bada79439de4201dce15cd41eece6c277cfdf1b53382073c79105c1f89?s=96&d=mm&r=g","url":"https:\/\/secure.gravatar.com\/avatar\/492b80bada79439de4201dce15cd41eece6c277cfdf1b53382073c79105c1f89?s=96&d=mm&r=g","contentUrl":"https:\/\/secure.gravatar.com\/avatar\/492b80bada79439de4201dce15cd41eece6c277cfdf1b53382073c79105c1f89?s=96&d=mm&r=g","caption":"AZ"},"url":"https:\/\/www.webdo.tn\/fr\/actualite\/author\/az\/"}]}},"_links":{"self":[{"href":"https:\/\/www.webdo.tn\/fr\/wp-json\/wp\/v2\/posts\/214989","targetHints":{"allow":["GET"]}}],"collection":[{"href":"https:\/\/www.webdo.tn\/fr\/wp-json\/wp\/v2\/posts"}],"about":[{"href":"https:\/\/www.webdo.tn\/fr\/wp-json\/wp\/v2\/types\/post"}],"author":[{"embeddable":true,"href":"https:\/\/www.webdo.tn\/fr\/wp-json\/wp\/v2\/users\/3166"}],"replies":[{"embeddable":true,"href":"https:\/\/www.webdo.tn\/fr\/wp-json\/wp\/v2\/comments?post=214989"}],"version-history":[{"count":0,"href":"https:\/\/www.webdo.tn\/fr\/wp-json\/wp\/v2\/posts\/214989\/revisions"}],"wp:featuredmedia":[{"embeddable":true,"href":"https:\/\/www.webdo.tn\/fr\/wp-json\/wp\/v2\/media\/247091"}],"wp:attachment":[{"href":"https:\/\/www.webdo.tn\/fr\/wp-json\/wp\/v2\/media?parent=214989"}],"wp:term":[{"taxonomy":"category","embeddable":true,"href":"https:\/\/www.webdo.tn\/fr\/wp-json\/wp\/v2\/categories?post=214989"},{"taxonomy":"post_tag","embeddable":true,"href":"https:\/\/www.webdo.tn\/fr\/wp-json\/wp\/v2\/tags?post=214989"}],"curies":[{"name":"wp","href":"https:\/\/api.w.org\/{rel}","templated":true}]}}