{"id":214972,"date":"2024-06-27T20:30:00","date_gmt":"2024-06-27T20:30:00","guid":{"rendered":"https:\/\/www.webdo.tn\/fr\/blog\/tunisie-les-horaires-d-ete-dans-les-administrations-publiques\/214972\/"},"modified":"2025-05-20T22:36:09","modified_gmt":"2025-05-20T22:36:09","slug":"tunisie-les-horaires-d-ete-dans-les-administrations-publiques","status":"publish","type":"post","link":"https:\/\/www.webdo.tn\/fr\/actualite\/national\/tunisie-les-horaires-d-ete-dans-les-administrations-publiques\/214972\/","title":{"rendered":"Tunisie : Les horaires d&rsquo;\u00e9t\u00e9 dans les administrations publiques"},"content":{"rendered":"<p>La pr\u00e9sidence du gouvernement a annonc\u00e9, dans un communiqu\u00e9 publi\u00e9 ce jeudi 27 juin 2024, que l\u2019horaire d\u2019\u00e9t\u00e9 dans les administrations publiques, les collectivit\u00e9s locales et les \u00e9tablissements publics \u00e0 caract\u00e8re administratif, du 1er juillet au 31 ao\u00fbt 2024, sera comme suit :<\/p>\n<p>\tDu lundi au jeudi : de 08h00 \u00e0 14h30<br \/>\n\tVendredi: de 08h00 \u00e0 13h30<\/p>\n","protected":false},"excerpt":{"rendered":"<p>La pr\u00e9sidence du gouvernement a annonc\u00e9, dans un communiqu\u00e9 publi\u00e9 ce jeudi 27 juin 2024, que l\u2019horaire d\u2019\u00e9t\u00e9 dans les administrations publiques, les collectivi&#8230;<\/p>\n","protected":false},"author":3175,"featured_media":247111,"comment_status":"open","ping_status":"closed","sticky":false,"template":"","format":"standard","meta":{"footnotes":""},"categories":[44],"tags":[4816,5433,3844],"class_list":["post-214972","post","type-post","status-publish","format-standard","has-post-thumbnail","hentry","category-national","tag-administration","tag-ete","tag-horaires"],"yoast_head":"<!-- This site is optimized with the Yoast SEO Premium plugin v27.5 (Yoast SEO v27.5) - https:\/\/yoast.com\/product\/yoast-seo-premium-wordpress\/ -->\n<title>Tunisie : Les horaires d&#039;\u00e9t\u00e9 dans les administrations publiques<\/title>\n<meta name=\"description\" content=\"La pr\u00e9sidence du gouvernement a annonc\u00e9, dans un communiqu\u00e9 publi\u00e9 ce jeudi 27 juin 2024, que l\u2019horaire d\u2019\u00e9t\u00e9 dans les administrations publiques, les collectivi...\" \/>\n<link rel=\"canonical\" href=\"https:\/\/www.webdo.tn\/fr\/actualite\/national\/tunisie-les-horaires-d-ete-dans-les-administrations-publiques\/214972\/\" \/>\n<meta property=\"og:locale\" content=\"fr_FR\" \/>\n<meta property=\"og:type\" content=\"article\" \/>\n<meta property=\"og:title\" content=\"Tunisie : Les horaires d&#039;\u00e9t\u00e9 dans les administrations publiques\" \/>\n<meta property=\"og:description\" content=\"La pr\u00e9sidence du gouvernement a annonc\u00e9, dans un communiqu\u00e9 publi\u00e9 ce jeudi 27 juin 2024, que l\u2019horaire d\u2019\u00e9t\u00e9 dans les administrations publiques, les collectivi...\" \/>\n<meta property=\"og:url\" content=\"https:\/\/www.webdo.tn\/fr\/actualite\/national\/tunisie-les-horaires-d-ete-dans-les-administrations-publiques\/214972\/\" \/>\n<meta property=\"og:site_name\" content=\"webdo\" \/>\n<meta property=\"article:publisher\" content=\"https:\/\/www.facebook.com\/webdotn\" \/>\n<meta property=\"article:published_time\" content=\"2024-06-27T20:30:00+00:00\" \/>\n<meta property=\"article:modified_time\" content=\"2025-05-20T22:36:09+00:00\" \/>\n<meta property=\"og:image\" content=\"https:\/\/www.webdo.tn\/fr\/wp-content\/uploads\/2024\/06\/d2528565dc6ef7cc2b021d6787f80402.webp\" \/>\n\t<meta property=\"og:image:width\" content=\"750\" \/>\n\t<meta property=\"og:image:height\" content=\"400\" \/>\n\t<meta property=\"og:image:type\" content=\"image\/webp\" \/>\n<meta name=\"author\" content=\"CL\" \/>\n<meta name=\"twitter:card\" content=\"summary_large_image\" \/>\n<meta name=\"twitter:creator\" content=\"@webdo_tn\" \/>\n<meta name=\"twitter:site\" content=\"@webdo_tn\" \/>\n<meta name=\"twitter:label1\" content=\"\u00c9crit par\" \/>\n\t<meta name=\"twitter:data1\" content=\"CL\" \/>\n<script type=\"application\/ld+json\" class=\"yoast-schema-graph\">{\"@context\":\"https:\\\/\\\/schema.org\",\"@graph\":[{\"@type\":\"NewsArticle\",\"@id\":\"https:\\\/\\\/www.webdo.tn\\\/fr\\\/actualite\\\/national\\\/tunisie-les-horaires-d-ete-dans-les-administrations-publiques\\\/214972\\\/#article\",\"isPartOf\":{\"@id\":\"https:\\\/\\\/www.webdo.tn\\\/fr\\\/actualite\\\/national\\\/tunisie-les-horaires-d-ete-dans-les-administrations-publiques\\\/214972\\\/\"},\"author\":{\"name\":\"CL\",\"@id\":\"https:\\\/\\\/www.webdo.tn\\\/fr\\\/#\\\/schema\\\/person\\\/f35b42a42c5e2511bbd282959d6385cc\"},\"headline\":\"Tunisie : Les horaires d&rsquo;\u00e9t\u00e9 dans les administrations publiques\",\"datePublished\":\"2024-06-27T20:30:00+00:00\",\"dateModified\":\"2025-05-20T22:36:09+00:00\",\"mainEntityOfPage\":{\"@id\":\"https:\\\/\\\/www.webdo.tn\\\/fr\\\/actualite\\\/national\\\/tunisie-les-horaires-d-ete-dans-les-administrations-publiques\\\/214972\\\/\"},\"wordCount\":63,\"commentCount\":0,\"publisher\":{\"@id\":\"https:\\\/\\\/www.webdo.tn\\\/fr\\\/#organization\"},\"image\":{\"@id\":\"https:\\\/\\\/www.webdo.tn\\\/fr\\\/actualite\\\/national\\\/tunisie-les-horaires-d-ete-dans-les-administrations-publiques\\\/214972\\\/#primaryimage\"},\"thumbnailUrl\":\"https:\\\/\\\/www.webdo.tn\\\/fr\\\/wp-content\\\/uploads\\\/2024\\\/06\\\/d2528565dc6ef7cc2b021d6787f80402.webp\",\"keywords\":[\"administration\",\"\u00e9t\u00e9\",\"horaires\"],\"articleSection\":[\"National\"],\"inLanguage\":\"fr-FR\"},{\"@type\":\"WebPage\",\"@id\":\"https:\\\/\\\/www.webdo.tn\\\/fr\\\/actualite\\\/national\\\/tunisie-les-horaires-d-ete-dans-les-administrations-publiques\\\/214972\\\/\",\"url\":\"https:\\\/\\\/www.webdo.tn\\\/fr\\\/actualite\\\/national\\\/tunisie-les-horaires-d-ete-dans-les-administrations-publiques\\\/214972\\\/\",\"name\":\"Tunisie : Les horaires d'\u00e9t\u00e9 dans les administrations publiques\",\"isPartOf\":{\"@id\":\"https:\\\/\\\/www.webdo.tn\\\/fr\\\/#website\"},\"primaryImageOfPage\":{\"@id\":\"https:\\\/\\\/www.webdo.tn\\\/fr\\\/actualite\\\/national\\\/tunisie-les-horaires-d-ete-dans-les-administrations-publiques\\\/214972\\\/#primaryimage\"},\"image\":{\"@id\":\"https:\\\/\\\/www.webdo.tn\\\/fr\\\/actualite\\\/national\\\/tunisie-les-horaires-d-ete-dans-les-administrations-publiques\\\/214972\\\/#primaryimage\"},\"thumbnailUrl\":\"https:\\\/\\\/www.webdo.tn\\\/fr\\\/wp-content\\\/uploads\\\/2024\\\/06\\\/d2528565dc6ef7cc2b021d6787f80402.webp\",\"datePublished\":\"2024-06-27T20:30:00+00:00\",\"dateModified\":\"2025-05-20T22:36:09+00:00\",\"description\":\"La pr\u00e9sidence du gouvernement a annonc\u00e9, dans un communiqu\u00e9 publi\u00e9 ce jeudi 27 juin 2024, que l\u2019horaire d\u2019\u00e9t\u00e9 dans les administrations publiques, les collectivi...\",\"breadcrumb\":{\"@id\":\"https:\\\/\\\/www.webdo.tn\\\/fr\\\/actualite\\\/national\\\/tunisie-les-horaires-d-ete-dans-les-administrations-publiques\\\/214972\\\/#breadcrumb\"},\"inLanguage\":\"fr-FR\",\"potentialAction\":[{\"@type\":\"ReadAction\",\"target\":[\"https:\\\/\\\/www.webdo.tn\\\/fr\\\/actualite\\\/national\\\/tunisie-les-horaires-d-ete-dans-les-administrations-publiques\\\/214972\\\/\"]}]},{\"@type\":\"ImageObject\",\"inLanguage\":\"fr-FR\",\"@id\":\"https:\\\/\\\/www.webdo.tn\\\/fr\\\/actualite\\\/national\\\/tunisie-les-horaires-d-ete-dans-les-administrations-publiques\\\/214972\\\/#primaryimage\",\"url\":\"https:\\\/\\\/www.webdo.tn\\\/fr\\\/wp-content\\\/uploads\\\/2024\\\/06\\\/d2528565dc6ef7cc2b021d6787f80402.webp\",\"contentUrl\":\"https:\\\/\\\/www.webdo.tn\\\/fr\\\/wp-content\\\/uploads\\\/2024\\\/06\\\/d2528565dc6ef7cc2b021d6787f80402.webp\",\"width\":750,\"height\":400,\"caption\":\"Tunisie : Les horaires d'\u00e9t\u00e9 dans les administrations publiques\"},{\"@type\":\"BreadcrumbList\",\"@id\":\"https:\\\/\\\/www.webdo.tn\\\/fr\\\/actualite\\\/national\\\/tunisie-les-horaires-d-ete-dans-les-administrations-publiques\\\/214972\\\/#breadcrumb\",\"itemListElement\":[{\"@type\":\"ListItem\",\"position\":1,\"name\":\"Accueil\",\"item\":\"https:\\\/\\\/www.webdo.tn\\\/fr\\\/\"},{\"@type\":\"ListItem\",\"position\":2,\"name\":\"Tunisie : Les horaires d&#8217;\u00e9t\u00e9 dans les administrations publiques\"}]},{\"@type\":\"WebSite\",\"@id\":\"https:\\\/\\\/www.webdo.tn\\\/fr\\\/#website\",\"url\":\"https:\\\/\\\/www.webdo.tn\\\/fr\\\/\",\"name\":\"webdo\",\"description\":\"Tunisie - News en Tunisie et \u00e0 l&#039;international sur Webdo.tn\",\"publisher\":{\"@id\":\"https:\\\/\\\/www.webdo.tn\\\/fr\\\/#organization\"},\"potentialAction\":[{\"@type\":\"SearchAction\",\"target\":{\"@type\":\"EntryPoint\",\"urlTemplate\":\"https:\\\/\\\/www.webdo.tn\\\/fr\\\/?s={search_term_string}\"},\"query-input\":{\"@type\":\"PropertyValueSpecification\",\"valueRequired\":true,\"valueName\":\"search_term_string\"}}],\"inLanguage\":\"fr-FR\"},{\"@type\":\"Organization\",\"@id\":\"https:\\\/\\\/www.webdo.tn\\\/fr\\\/#organization\",\"name\":\"Webdo\",\"alternateName\":\"Webdo.tn\",\"url\":\"https:\\\/\\\/www.webdo.tn\\\/fr\\\/\",\"logo\":{\"@type\":\"ImageObject\",\"inLanguage\":\"fr-FR\",\"@id\":\"https:\\\/\\\/www.webdo.tn\\\/fr\\\/#\\\/schema\\\/logo\\\/image\\\/\",\"url\":\"https:\\\/\\\/www.webdo.tn\\\/fr\\\/wp-content\\\/uploads\\\/2025\\\/06\\\/Webdo-Tunisie_168377.jpg\",\"contentUrl\":\"https:\\\/\\\/www.webdo.tn\\\/fr\\\/wp-content\\\/uploads\\\/2025\\\/06\\\/Webdo-Tunisie_168377.jpg\",\"width\":301,\"height\":301,\"caption\":\"Webdo\"},\"image\":{\"@id\":\"https:\\\/\\\/www.webdo.tn\\\/fr\\\/#\\\/schema\\\/logo\\\/image\\\/\"},\"sameAs\":[\"https:\\\/\\\/www.facebook.com\\\/webdotn\",\"https:\\\/\\\/x.com\\\/webdo_tn\"],\"description\":\"Webdo est un m\u00e9dia num\u00e9rique tunisien fond\u00e9 en 2010, sp\u00e9cialis\u00e9 dans l\u2019actualit\u00e9 nationale et internationale, l\u2019\u00e9conomie, la soci\u00e9t\u00e9 et les analyses politiques. Le site s\u2019adresse \u00e0 un large public francophone et couvre l\u2019information tunisienne en temps r\u00e9el.\",\"email\":\"redac@webdo.tn\",\"legalName\":\"YNJ SARL\",\"foundingDate\":\"2010-09-06\",\"numberOfEmployees\":{\"@type\":\"QuantitativeValue\",\"minValue\":\"11\",\"maxValue\":\"50\"}},{\"@type\":\"Person\",\"@id\":\"https:\\\/\\\/www.webdo.tn\\\/fr\\\/#\\\/schema\\\/person\\\/f35b42a42c5e2511bbd282959d6385cc\",\"name\":\"CL\",\"image\":{\"@type\":\"ImageObject\",\"inLanguage\":\"fr-FR\",\"@id\":\"https:\\\/\\\/secure.gravatar.com\\\/avatar\\\/1447a49909b67aa657c488aec6512e1dd6143a480c1ecfee9b5b5cd74eb3b59e?s=96&d=mm&r=g\",\"url\":\"https:\\\/\\\/secure.gravatar.com\\\/avatar\\\/1447a49909b67aa657c488aec6512e1dd6143a480c1ecfee9b5b5cd74eb3b59e?s=96&d=mm&r=g\",\"contentUrl\":\"https:\\\/\\\/secure.gravatar.com\\\/avatar\\\/1447a49909b67aa657c488aec6512e1dd6143a480c1ecfee9b5b5cd74eb3b59e?s=96&d=mm&r=g\",\"caption\":\"CL\"},\"url\":\"https:\\\/\\\/www.webdo.tn\\\/fr\\\/actualite\\\/author\\\/cl\\\/\"}]}<\/script>\n<!-- \/ Yoast SEO Premium plugin. -->","yoast_head_json":{"title":"Tunisie : Les horaires d'\u00e9t\u00e9 dans les administrations publiques","description":"La pr\u00e9sidence du gouvernement a annonc\u00e9, dans un communiqu\u00e9 publi\u00e9 ce jeudi 27 juin 2024, que l\u2019horaire d\u2019\u00e9t\u00e9 dans les administrations publiques, les collectivi...","canonical":"https:\/\/www.webdo.tn\/fr\/actualite\/national\/tunisie-les-horaires-d-ete-dans-les-administrations-publiques\/214972\/","og_locale":"fr_FR","og_type":"article","og_title":"Tunisie : Les horaires d'\u00e9t\u00e9 dans les administrations publiques","og_description":"La pr\u00e9sidence du gouvernement a annonc\u00e9, dans un communiqu\u00e9 publi\u00e9 ce jeudi 27 juin 2024, que l\u2019horaire d\u2019\u00e9t\u00e9 dans les administrations publiques, les collectivi...","og_url":"https:\/\/www.webdo.tn\/fr\/actualite\/national\/tunisie-les-horaires-d-ete-dans-les-administrations-publiques\/214972\/","og_site_name":"webdo","article_publisher":"https:\/\/www.facebook.com\/webdotn","article_published_time":"2024-06-27T20:30:00+00:00","article_modified_time":"2025-05-20T22:36:09+00:00","og_image":[{"width":750,"height":400,"url":"https:\/\/www.webdo.tn\/fr\/wp-content\/uploads\/2024\/06\/d2528565dc6ef7cc2b021d6787f80402.webp","type":"image\/webp"}],"author":"CL","twitter_card":"summary_large_image","twitter_creator":"@webdo_tn","twitter_site":"@webdo_tn","twitter_misc":{"\u00c9crit par":"CL"},"schema":{"@context":"https:\/\/schema.org","@graph":[{"@type":"NewsArticle","@id":"https:\/\/www.webdo.tn\/fr\/actualite\/national\/tunisie-les-horaires-d-ete-dans-les-administrations-publiques\/214972\/#article","isPartOf":{"@id":"https:\/\/www.webdo.tn\/fr\/actualite\/national\/tunisie-les-horaires-d-ete-dans-les-administrations-publiques\/214972\/"},"author":{"name":"CL","@id":"https:\/\/www.webdo.tn\/fr\/#\/schema\/person\/f35b42a42c5e2511bbd282959d6385cc"},"headline":"Tunisie : Les horaires d&rsquo;\u00e9t\u00e9 dans les administrations publiques","datePublished":"2024-06-27T20:30:00+00:00","dateModified":"2025-05-20T22:36:09+00:00","mainEntityOfPage":{"@id":"https:\/\/www.webdo.tn\/fr\/actualite\/national\/tunisie-les-horaires-d-ete-dans-les-administrations-publiques\/214972\/"},"wordCount":63,"commentCount":0,"publisher":{"@id":"https:\/\/www.webdo.tn\/fr\/#organization"},"image":{"@id":"https:\/\/www.webdo.tn\/fr\/actualite\/national\/tunisie-les-horaires-d-ete-dans-les-administrations-publiques\/214972\/#primaryimage"},"thumbnailUrl":"https:\/\/www.webdo.tn\/fr\/wp-content\/uploads\/2024\/06\/d2528565dc6ef7cc2b021d6787f80402.webp","keywords":["administration","\u00e9t\u00e9","horaires"],"articleSection":["National"],"inLanguage":"fr-FR"},{"@type":"WebPage","@id":"https:\/\/www.webdo.tn\/fr\/actualite\/national\/tunisie-les-horaires-d-ete-dans-les-administrations-publiques\/214972\/","url":"https:\/\/www.webdo.tn\/fr\/actualite\/national\/tunisie-les-horaires-d-ete-dans-les-administrations-publiques\/214972\/","name":"Tunisie : Les horaires d'\u00e9t\u00e9 dans les administrations publiques","isPartOf":{"@id":"https:\/\/www.webdo.tn\/fr\/#website"},"primaryImageOfPage":{"@id":"https:\/\/www.webdo.tn\/fr\/actualite\/national\/tunisie-les-horaires-d-ete-dans-les-administrations-publiques\/214972\/#primaryimage"},"image":{"@id":"https:\/\/www.webdo.tn\/fr\/actualite\/national\/tunisie-les-horaires-d-ete-dans-les-administrations-publiques\/214972\/#primaryimage"},"thumbnailUrl":"https:\/\/www.webdo.tn\/fr\/wp-content\/uploads\/2024\/06\/d2528565dc6ef7cc2b021d6787f80402.webp","datePublished":"2024-06-27T20:30:00+00:00","dateModified":"2025-05-20T22:36:09+00:00","description":"La pr\u00e9sidence du gouvernement a annonc\u00e9, dans un communiqu\u00e9 publi\u00e9 ce jeudi 27 juin 2024, que l\u2019horaire d\u2019\u00e9t\u00e9 dans les administrations publiques, les collectivi...","breadcrumb":{"@id":"https:\/\/www.webdo.tn\/fr\/actualite\/national\/tunisie-les-horaires-d-ete-dans-les-administrations-publiques\/214972\/#breadcrumb"},"inLanguage":"fr-FR","potentialAction":[{"@type":"ReadAction","target":["https:\/\/www.webdo.tn\/fr\/actualite\/national\/tunisie-les-horaires-d-ete-dans-les-administrations-publiques\/214972\/"]}]},{"@type":"ImageObject","inLanguage":"fr-FR","@id":"https:\/\/www.webdo.tn\/fr\/actualite\/national\/tunisie-les-horaires-d-ete-dans-les-administrations-publiques\/214972\/#primaryimage","url":"https:\/\/www.webdo.tn\/fr\/wp-content\/uploads\/2024\/06\/d2528565dc6ef7cc2b021d6787f80402.webp","contentUrl":"https:\/\/www.webdo.tn\/fr\/wp-content\/uploads\/2024\/06\/d2528565dc6ef7cc2b021d6787f80402.webp","width":750,"height":400,"caption":"Tunisie : Les horaires d'\u00e9t\u00e9 dans les administrations publiques"},{"@type":"BreadcrumbList","@id":"https:\/\/www.webdo.tn\/fr\/actualite\/national\/tunisie-les-horaires-d-ete-dans-les-administrations-publiques\/214972\/#breadcrumb","itemListElement":[{"@type":"ListItem","position":1,"name":"Accueil","item":"https:\/\/www.webdo.tn\/fr\/"},{"@type":"ListItem","position":2,"name":"Tunisie : Les horaires d&#8217;\u00e9t\u00e9 dans les administrations publiques"}]},{"@type":"WebSite","@id":"https:\/\/www.webdo.tn\/fr\/#website","url":"https:\/\/www.webdo.tn\/fr\/","name":"webdo","description":"Tunisie - News en Tunisie et \u00e0 l&#039;international sur Webdo.tn","publisher":{"@id":"https:\/\/www.webdo.tn\/fr\/#organization"},"potentialAction":[{"@type":"SearchAction","target":{"@type":"EntryPoint","urlTemplate":"https:\/\/www.webdo.tn\/fr\/?s={search_term_string}"},"query-input":{"@type":"PropertyValueSpecification","valueRequired":true,"valueName":"search_term_string"}}],"inLanguage":"fr-FR"},{"@type":"Organization","@id":"https:\/\/www.webdo.tn\/fr\/#organization","name":"Webdo","alternateName":"Webdo.tn","url":"https:\/\/www.webdo.tn\/fr\/","logo":{"@type":"ImageObject","inLanguage":"fr-FR","@id":"https:\/\/www.webdo.tn\/fr\/#\/schema\/logo\/image\/","url":"https:\/\/www.webdo.tn\/fr\/wp-content\/uploads\/2025\/06\/Webdo-Tunisie_168377.jpg","contentUrl":"https:\/\/www.webdo.tn\/fr\/wp-content\/uploads\/2025\/06\/Webdo-Tunisie_168377.jpg","width":301,"height":301,"caption":"Webdo"},"image":{"@id":"https:\/\/www.webdo.tn\/fr\/#\/schema\/logo\/image\/"},"sameAs":["https:\/\/www.facebook.com\/webdotn","https:\/\/x.com\/webdo_tn"],"description":"Webdo est un m\u00e9dia num\u00e9rique tunisien fond\u00e9 en 2010, sp\u00e9cialis\u00e9 dans l\u2019actualit\u00e9 nationale et internationale, l\u2019\u00e9conomie, la soci\u00e9t\u00e9 et les analyses politiques. Le site s\u2019adresse \u00e0 un large public francophone et couvre l\u2019information tunisienne en temps r\u00e9el.","email":"redac@webdo.tn","legalName":"YNJ SARL","foundingDate":"2010-09-06","numberOfEmployees":{"@type":"QuantitativeValue","minValue":"11","maxValue":"50"}},{"@type":"Person","@id":"https:\/\/www.webdo.tn\/fr\/#\/schema\/person\/f35b42a42c5e2511bbd282959d6385cc","name":"CL","image":{"@type":"ImageObject","inLanguage":"fr-FR","@id":"https:\/\/secure.gravatar.com\/avatar\/1447a49909b67aa657c488aec6512e1dd6143a480c1ecfee9b5b5cd74eb3b59e?s=96&d=mm&r=g","url":"https:\/\/secure.gravatar.com\/avatar\/1447a49909b67aa657c488aec6512e1dd6143a480c1ecfee9b5b5cd74eb3b59e?s=96&d=mm&r=g","contentUrl":"https:\/\/secure.gravatar.com\/avatar\/1447a49909b67aa657c488aec6512e1dd6143a480c1ecfee9b5b5cd74eb3b59e?s=96&d=mm&r=g","caption":"CL"},"url":"https:\/\/www.webdo.tn\/fr\/actualite\/author\/cl\/"}]}},"_links":{"self":[{"href":"https:\/\/www.webdo.tn\/fr\/wp-json\/wp\/v2\/posts\/214972","targetHints":{"allow":["GET"]}}],"collection":[{"href":"https:\/\/www.webdo.tn\/fr\/wp-json\/wp\/v2\/posts"}],"about":[{"href":"https:\/\/www.webdo.tn\/fr\/wp-json\/wp\/v2\/types\/post"}],"author":[{"embeddable":true,"href":"https:\/\/www.webdo.tn\/fr\/wp-json\/wp\/v2\/users\/3175"}],"replies":[{"embeddable":true,"href":"https:\/\/www.webdo.tn\/fr\/wp-json\/wp\/v2\/comments?post=214972"}],"version-history":[{"count":0,"href":"https:\/\/www.webdo.tn\/fr\/wp-json\/wp\/v2\/posts\/214972\/revisions"}],"wp:featuredmedia":[{"embeddable":true,"href":"https:\/\/www.webdo.tn\/fr\/wp-json\/wp\/v2\/media\/247111"}],"wp:attachment":[{"href":"https:\/\/www.webdo.tn\/fr\/wp-json\/wp\/v2\/media?parent=214972"}],"wp:term":[{"taxonomy":"category","embeddable":true,"href":"https:\/\/www.webdo.tn\/fr\/wp-json\/wp\/v2\/categories?post=214972"},{"taxonomy":"post_tag","embeddable":true,"href":"https:\/\/www.webdo.tn\/fr\/wp-json\/wp\/v2\/tags?post=214972"}],"curies":[{"name":"wp","href":"https:\/\/api.w.org\/{rel}","templated":true}]}}