{"id":214963,"date":"2024-06-27T10:12:00","date_gmt":"2024-06-27T10:12:00","guid":{"rendered":"https:\/\/www.webdo.tn\/fr\/blog\/snapshot-l-eglise-sainte-croix-fait-peau-neuve\/214963\/"},"modified":"2024-06-27T10:12:00","modified_gmt":"2024-06-27T10:12:00","slug":"snapshot-l-eglise-sainte-croix-fait-peau-neuve","status":"publish","type":"post","link":"https:\/\/www.webdo.tn\/fr\/actualite\/chroniques\/snapshot-l-eglise-sainte-croix-fait-peau-neuve\/214963\/","title":{"rendered":"Snapshot : L&rsquo;\u00e9glise Sainte-Croix fait peau neuve"},"content":{"rendered":"<p>Apr\u00e8s des travaux de restauration qui ont dur\u00e9 plusieurs ann\u00e9es, l&rsquo;ancienne \u00e9glise Sainte-Croix accueille d\u00e9sormais un auditorium.<\/p>\n<p>\t\t\t\t\t\t\t\t\tLa date du 26 juin 2024 comptera dans l&rsquo;histoire de l&rsquo;ancienne \u00e9glise Sainte-Croix, un \u00e9difice religieux catholique qui est la paroisse historique de la m\u00e9dina de Tunis.<\/p>\n<p>Entreprise avec l&rsquo;appui de l&rsquo;ambassade d&rsquo;Italie et des services de la coop\u00e9ration italienne, les travaux de restauration ont englob\u00e9 le presbyt\u00e8re voisin, devenu fonctionnel depuis 2017 et accueillant d\u00e9sormais un centre culturel.<\/p>\n<p>L&rsquo;\u00e9glise proprement dite a \u00e9t\u00e9 restaur\u00e9e en profondeur et vient d\u00e9sormais enrichir le patrimoine culturel municipal.<\/p>\n<p>C&rsquo;est en pr\u00e9sence de Son Excellence Alessandro Prunas, ambassadeur d&rsquo;Italie, et des cadres de la Ville de Tunis que l&rsquo;ancienne \u00e9glise a accueilli hier, son premier concert dans le cadre de la manifestation \u00ab\u00a0In Situ &#8211; Tunisi\u00a0\u00bb, le festival de la cr\u00e9ativit\u00e9 italienne en Tunisie.<\/p>\n<p>Pour m\u00e9moire, l&rsquo;\u00e9glise Sainte-Croix a une longue histoire. Apr\u00e8s avoir accueilli l&rsquo;h\u00f4pital des Trinitaires au seizi\u00e8me si\u00e8cle, l&rsquo;\u00e9difice deviendra la premi\u00e8re paroisse catholique de la m\u00e9dina de Tunis.<\/p>\n<p>En 1964, lors de l&rsquo;\u00e9tablissement du Modus vivendi entre le gouvernement tunisien et les autorit\u00e9s vaticanes, l&rsquo;\u00e9glise Sainte-Croix sera d\u00e9sacralis\u00e9e et transf\u00e9r\u00e9e au patrimoine de la Ville de Tunis.<\/p>\n<p>L&rsquo;\u00e9difice accueillera alors des services municipaux avant de fermer afin d&rsquo;\u00eatre restaur\u00e9 et avoir une destination culturelle.<\/p>\n<p>(Photos : Hatem Bourial)<\/p>\n","protected":false},"excerpt":{"rendered":"<p>La date du 26 juin 2024 comptera dans l&rsquo;histoire de l&rsquo;ancienne \u00e9glise Sainte-Croix, un \u00e9difice religieux catholique qui est la paroisse historique de la m\u00e9dina&#8230;<\/p>\n","protected":false},"author":3229,"featured_media":247104,"comment_status":"open","ping_status":"closed","sticky":false,"template":"","format":"standard","meta":{"footnotes":""},"categories":[2596],"tags":[4759,3165,6249,2640],"class_list":["post-214963","post","type-post","status-publish","format-standard","has-post-thumbnail","hentry","category-chroniques","tag-eglise","tag-medina","tag-sainte-croix","tag-tunis"],"yoast_head":"<!-- This site is optimized with the Yoast SEO Premium plugin v27.5 (Yoast SEO v27.5) - https:\/\/yoast.com\/product\/yoast-seo-premium-wordpress\/ -->\n<title>Snapshot : L&#039;\u00e9glise Sainte-Croix fait peau neuve<\/title>\n<meta name=\"description\" content=\"La date du 26 juin 2024 comptera dans l&#039;histoire de l&#039;ancienne \u00e9glise Sainte-Croix, un \u00e9difice religieux catholique qui est la paroisse historique de la m\u00e9dina...\" \/>\n<link rel=\"canonical\" href=\"https:\/\/www.webdo.tn\/fr\/actualite\/chroniques\/snapshot-l-eglise-sainte-croix-fait-peau-neuve\/214963\/\" \/>\n<meta property=\"og:locale\" content=\"fr_FR\" \/>\n<meta property=\"og:type\" content=\"article\" \/>\n<meta property=\"og:title\" content=\"Snapshot : L&#039;\u00e9glise Sainte-Croix fait peau neuve\" \/>\n<meta property=\"og:description\" content=\"La date du 26 juin 2024 comptera dans l&#039;histoire de l&#039;ancienne \u00e9glise Sainte-Croix, un \u00e9difice religieux catholique qui est la paroisse historique de la m\u00e9dina...\" \/>\n<meta property=\"og:url\" content=\"https:\/\/www.webdo.tn\/fr\/actualite\/chroniques\/snapshot-l-eglise-sainte-croix-fait-peau-neuve\/214963\/\" \/>\n<meta property=\"og:site_name\" content=\"webdo\" \/>\n<meta property=\"article:publisher\" content=\"https:\/\/www.facebook.com\/webdotn\" \/>\n<meta property=\"article:author\" content=\"https:\/\/www.facebook.com\/hatem.bourial.2025\" \/>\n<meta property=\"article:published_time\" content=\"2024-06-27T10:12:00+00:00\" \/>\n<meta property=\"og:image\" content=\"https:\/\/www.webdo.tn\/fr\/wp-content\/uploads\/2024\/06\/1d21f188828a123db7d1d5a94aad1ac2.webp\" \/>\n\t<meta property=\"og:image:width\" content=\"750\" \/>\n\t<meta property=\"og:image:height\" content=\"400\" \/>\n\t<meta property=\"og:image:type\" content=\"image\/webp\" \/>\n<meta name=\"author\" content=\"Hatem Bourial\" \/>\n<meta name=\"twitter:card\" content=\"summary_large_image\" \/>\n<meta name=\"twitter:creator\" content=\"@webdo_tn\" \/>\n<meta name=\"twitter:site\" content=\"@webdo_tn\" \/>\n<meta name=\"twitter:label1\" content=\"\u00c9crit par\" \/>\n\t<meta name=\"twitter:data1\" content=\"Hatem Bourial\" \/>\n\t<meta name=\"twitter:label2\" content=\"Dur\u00e9e de lecture estim\u00e9e\" \/>\n\t<meta name=\"twitter:data2\" content=\"1 minute\" \/>\n<script type=\"application\/ld+json\" class=\"yoast-schema-graph\">{\"@context\":\"https:\\\/\\\/schema.org\",\"@graph\":[{\"@type\":\"NewsArticle\",\"@id\":\"https:\\\/\\\/www.webdo.tn\\\/fr\\\/actualite\\\/chroniques\\\/snapshot-l-eglise-sainte-croix-fait-peau-neuve\\\/214963\\\/#article\",\"isPartOf\":{\"@id\":\"https:\\\/\\\/www.webdo.tn\\\/fr\\\/actualite\\\/chroniques\\\/snapshot-l-eglise-sainte-croix-fait-peau-neuve\\\/214963\\\/\"},\"author\":{\"name\":\"Hatem Bourial\",\"@id\":\"https:\\\/\\\/www.webdo.tn\\\/fr\\\/#\\\/schema\\\/person\\\/6bc0beba2cd23aec27cb5df85ca2554f\"},\"headline\":\"Snapshot : L&rsquo;\u00e9glise Sainte-Croix fait peau neuve\",\"datePublished\":\"2024-06-27T10:12:00+00:00\",\"mainEntityOfPage\":{\"@id\":\"https:\\\/\\\/www.webdo.tn\\\/fr\\\/actualite\\\/chroniques\\\/snapshot-l-eglise-sainte-croix-fait-peau-neuve\\\/214963\\\/\"},\"wordCount\":257,\"commentCount\":0,\"publisher\":{\"@id\":\"https:\\\/\\\/www.webdo.tn\\\/fr\\\/#organization\"},\"image\":{\"@id\":\"https:\\\/\\\/www.webdo.tn\\\/fr\\\/actualite\\\/chroniques\\\/snapshot-l-eglise-sainte-croix-fait-peau-neuve\\\/214963\\\/#primaryimage\"},\"thumbnailUrl\":\"https:\\\/\\\/www.webdo.tn\\\/fr\\\/wp-content\\\/uploads\\\/2024\\\/06\\\/1d21f188828a123db7d1d5a94aad1ac2.webp\",\"keywords\":[\"\u00e9glise\",\"m\u00e9dina\",\"Sainte-Croix\",\"Tunis\"],\"articleSection\":[\"Chroniques\"],\"inLanguage\":\"fr-FR\"},{\"@type\":\"WebPage\",\"@id\":\"https:\\\/\\\/www.webdo.tn\\\/fr\\\/actualite\\\/chroniques\\\/snapshot-l-eglise-sainte-croix-fait-peau-neuve\\\/214963\\\/\",\"url\":\"https:\\\/\\\/www.webdo.tn\\\/fr\\\/actualite\\\/chroniques\\\/snapshot-l-eglise-sainte-croix-fait-peau-neuve\\\/214963\\\/\",\"name\":\"Snapshot : L'\u00e9glise Sainte-Croix fait peau neuve\",\"isPartOf\":{\"@id\":\"https:\\\/\\\/www.webdo.tn\\\/fr\\\/#website\"},\"primaryImageOfPage\":{\"@id\":\"https:\\\/\\\/www.webdo.tn\\\/fr\\\/actualite\\\/chroniques\\\/snapshot-l-eglise-sainte-croix-fait-peau-neuve\\\/214963\\\/#primaryimage\"},\"image\":{\"@id\":\"https:\\\/\\\/www.webdo.tn\\\/fr\\\/actualite\\\/chroniques\\\/snapshot-l-eglise-sainte-croix-fait-peau-neuve\\\/214963\\\/#primaryimage\"},\"thumbnailUrl\":\"https:\\\/\\\/www.webdo.tn\\\/fr\\\/wp-content\\\/uploads\\\/2024\\\/06\\\/1d21f188828a123db7d1d5a94aad1ac2.webp\",\"datePublished\":\"2024-06-27T10:12:00+00:00\",\"description\":\"La date du 26 juin 2024 comptera dans l'histoire de l'ancienne \u00e9glise Sainte-Croix, un \u00e9difice religieux catholique qui est la paroisse historique de la m\u00e9dina...\",\"breadcrumb\":{\"@id\":\"https:\\\/\\\/www.webdo.tn\\\/fr\\\/actualite\\\/chroniques\\\/snapshot-l-eglise-sainte-croix-fait-peau-neuve\\\/214963\\\/#breadcrumb\"},\"inLanguage\":\"fr-FR\",\"potentialAction\":[{\"@type\":\"ReadAction\",\"target\":[\"https:\\\/\\\/www.webdo.tn\\\/fr\\\/actualite\\\/chroniques\\\/snapshot-l-eglise-sainte-croix-fait-peau-neuve\\\/214963\\\/\"]}]},{\"@type\":\"ImageObject\",\"inLanguage\":\"fr-FR\",\"@id\":\"https:\\\/\\\/www.webdo.tn\\\/fr\\\/actualite\\\/chroniques\\\/snapshot-l-eglise-sainte-croix-fait-peau-neuve\\\/214963\\\/#primaryimage\",\"url\":\"https:\\\/\\\/www.webdo.tn\\\/fr\\\/wp-content\\\/uploads\\\/2024\\\/06\\\/1d21f188828a123db7d1d5a94aad1ac2.webp\",\"contentUrl\":\"https:\\\/\\\/www.webdo.tn\\\/fr\\\/wp-content\\\/uploads\\\/2024\\\/06\\\/1d21f188828a123db7d1d5a94aad1ac2.webp\",\"width\":750,\"height\":400,\"caption\":\"Snapshot : L'\u00e9glise Sainte-Croix fait peau neuve\"},{\"@type\":\"BreadcrumbList\",\"@id\":\"https:\\\/\\\/www.webdo.tn\\\/fr\\\/actualite\\\/chroniques\\\/snapshot-l-eglise-sainte-croix-fait-peau-neuve\\\/214963\\\/#breadcrumb\",\"itemListElement\":[{\"@type\":\"ListItem\",\"position\":1,\"name\":\"Accueil\",\"item\":\"https:\\\/\\\/www.webdo.tn\\\/fr\\\/\"},{\"@type\":\"ListItem\",\"position\":2,\"name\":\"Snapshot : L&#8217;\u00e9glise Sainte-Croix fait peau neuve\"}]},{\"@type\":\"WebSite\",\"@id\":\"https:\\\/\\\/www.webdo.tn\\\/fr\\\/#website\",\"url\":\"https:\\\/\\\/www.webdo.tn\\\/fr\\\/\",\"name\":\"webdo\",\"description\":\"Tunisie - News en Tunisie et \u00e0 l&#039;international sur Webdo.tn\",\"publisher\":{\"@id\":\"https:\\\/\\\/www.webdo.tn\\\/fr\\\/#organization\"},\"potentialAction\":[{\"@type\":\"SearchAction\",\"target\":{\"@type\":\"EntryPoint\",\"urlTemplate\":\"https:\\\/\\\/www.webdo.tn\\\/fr\\\/?s={search_term_string}\"},\"query-input\":{\"@type\":\"PropertyValueSpecification\",\"valueRequired\":true,\"valueName\":\"search_term_string\"}}],\"inLanguage\":\"fr-FR\"},{\"@type\":\"Organization\",\"@id\":\"https:\\\/\\\/www.webdo.tn\\\/fr\\\/#organization\",\"name\":\"Webdo\",\"alternateName\":\"Webdo.tn\",\"url\":\"https:\\\/\\\/www.webdo.tn\\\/fr\\\/\",\"logo\":{\"@type\":\"ImageObject\",\"inLanguage\":\"fr-FR\",\"@id\":\"https:\\\/\\\/www.webdo.tn\\\/fr\\\/#\\\/schema\\\/logo\\\/image\\\/\",\"url\":\"https:\\\/\\\/www.webdo.tn\\\/fr\\\/wp-content\\\/uploads\\\/2025\\\/06\\\/Webdo-Tunisie_168377.jpg\",\"contentUrl\":\"https:\\\/\\\/www.webdo.tn\\\/fr\\\/wp-content\\\/uploads\\\/2025\\\/06\\\/Webdo-Tunisie_168377.jpg\",\"width\":301,\"height\":301,\"caption\":\"Webdo\"},\"image\":{\"@id\":\"https:\\\/\\\/www.webdo.tn\\\/fr\\\/#\\\/schema\\\/logo\\\/image\\\/\"},\"sameAs\":[\"https:\\\/\\\/www.facebook.com\\\/webdotn\",\"https:\\\/\\\/x.com\\\/webdo_tn\"],\"description\":\"Webdo est un m\u00e9dia num\u00e9rique tunisien fond\u00e9 en 2010, sp\u00e9cialis\u00e9 dans l\u2019actualit\u00e9 nationale et internationale, l\u2019\u00e9conomie, la soci\u00e9t\u00e9 et les analyses politiques. Le site s\u2019adresse \u00e0 un large public francophone et couvre l\u2019information tunisienne en temps r\u00e9el.\",\"email\":\"redac@webdo.tn\",\"legalName\":\"YNJ SARL\",\"foundingDate\":\"2010-09-06\",\"numberOfEmployees\":{\"@type\":\"QuantitativeValue\",\"minValue\":\"11\",\"maxValue\":\"50\"}},{\"@type\":\"Person\",\"@id\":\"https:\\\/\\\/www.webdo.tn\\\/fr\\\/#\\\/schema\\\/person\\\/6bc0beba2cd23aec27cb5df85ca2554f\",\"name\":\"Hatem Bourial\",\"image\":{\"@type\":\"ImageObject\",\"inLanguage\":\"fr-FR\",\"@id\":\"https:\\\/\\\/www.webdo.tn\\\/fr\\\/wp-content\\\/uploads\\\/2026\\\/04\\\/hatem-bourial_avatar-96x96.jpg\",\"url\":\"https:\\\/\\\/www.webdo.tn\\\/fr\\\/wp-content\\\/uploads\\\/2026\\\/04\\\/hatem-bourial_avatar-96x96.jpg\",\"contentUrl\":\"https:\\\/\\\/www.webdo.tn\\\/fr\\\/wp-content\\\/uploads\\\/2026\\\/04\\\/hatem-bourial_avatar-96x96.jpg\",\"caption\":\"Hatem Bourial\"},\"description\":\"Hatem Bourial est journaliste, \u00e9crivain et chroniqueur tunisien. Actif depuis plusieurs d\u00e9cennies, il s\u2019est impos\u00e9 comme un observateur attentif de la soci\u00e9t\u00e9 tunisienne, m\u00ealant dans ses \u00e9crits m\u00e9moire, culture et analyse du quotidien. Auteur de nombreux ouvrages, il d\u00e9veloppe une \u0153uvre \u00e0 la crois\u00e9e du r\u00e9cit, de la po\u00e9sie et de l\u2019observation sociologique. Parall\u00e8lement \u00e0 ses contributions dans la presse, il intervient r\u00e9guli\u00e8rement \u00e0 la radio et dans des espaces culturels, o\u00f9 il explore les enjeux li\u00e9s au patrimoine, \u00e0 l\u2019identit\u00e9 et aux transformations du monde contemporain. \u00c0 travers ses chroniques, Hatem Bourial propose une lecture sensible et approfondie de l\u2019actualit\u00e9, nourrie par une exp\u00e9rience journalistique et litt\u00e9raire reconnue. \ud83d\udd17 Facebook : https:\\\/\\\/www.facebook.com\\\/hatem.bourial.2025\",\"sameAs\":[\"https:\\\/\\\/www.facebook.com\\\/hatem.bourial.2025\",\"https:\\\/\\\/fr.wikipedia.org\\\/wiki\\\/Fichier:Hatem_Bourial.jpg\"],\"knowsAbout\":[\"Culture & patrimoine tunisien\",\"Chronique soci\u00e9tale\",\"Litt\u00e9rature & m\u00e9moire\",\"Cin\u00e9ma & critique culturelle\",\"Identit\u00e9 & mutations sociales\"],\"knowsLanguage\":[\"Arabe\",\"Fran\u00e7ais\",\"Anglais\",\"Italien\",\"Polonais\"],\"jobTitle\":\"Journaliste, \u00e9crivain et chroniqueur culturel\",\"worksFor\":\"Webdo\",\"url\":\"https:\\\/\\\/www.webdo.tn\\\/fr\\\/actualite\\\/author\\\/hatem-bourial-2\\\/\"}]}<\/script>\n<!-- \/ Yoast SEO Premium plugin. -->","yoast_head_json":{"title":"Snapshot : L'\u00e9glise Sainte-Croix fait peau neuve","description":"La date du 26 juin 2024 comptera dans l'histoire de l'ancienne \u00e9glise Sainte-Croix, un \u00e9difice religieux catholique qui est la paroisse historique de la m\u00e9dina...","canonical":"https:\/\/www.webdo.tn\/fr\/actualite\/chroniques\/snapshot-l-eglise-sainte-croix-fait-peau-neuve\/214963\/","og_locale":"fr_FR","og_type":"article","og_title":"Snapshot : L'\u00e9glise Sainte-Croix fait peau neuve","og_description":"La date du 26 juin 2024 comptera dans l'histoire de l'ancienne \u00e9glise Sainte-Croix, un \u00e9difice religieux catholique qui est la paroisse historique de la m\u00e9dina...","og_url":"https:\/\/www.webdo.tn\/fr\/actualite\/chroniques\/snapshot-l-eglise-sainte-croix-fait-peau-neuve\/214963\/","og_site_name":"webdo","article_publisher":"https:\/\/www.facebook.com\/webdotn","article_author":"https:\/\/www.facebook.com\/hatem.bourial.2025","article_published_time":"2024-06-27T10:12:00+00:00","og_image":[{"width":750,"height":400,"url":"https:\/\/www.webdo.tn\/fr\/wp-content\/uploads\/2024\/06\/1d21f188828a123db7d1d5a94aad1ac2.webp","type":"image\/webp"}],"author":"Hatem Bourial","twitter_card":"summary_large_image","twitter_creator":"@webdo_tn","twitter_site":"@webdo_tn","twitter_misc":{"\u00c9crit par":"Hatem Bourial","Dur\u00e9e de lecture estim\u00e9e":"1 minute"},"schema":{"@context":"https:\/\/schema.org","@graph":[{"@type":"NewsArticle","@id":"https:\/\/www.webdo.tn\/fr\/actualite\/chroniques\/snapshot-l-eglise-sainte-croix-fait-peau-neuve\/214963\/#article","isPartOf":{"@id":"https:\/\/www.webdo.tn\/fr\/actualite\/chroniques\/snapshot-l-eglise-sainte-croix-fait-peau-neuve\/214963\/"},"author":{"name":"Hatem Bourial","@id":"https:\/\/www.webdo.tn\/fr\/#\/schema\/person\/6bc0beba2cd23aec27cb5df85ca2554f"},"headline":"Snapshot : L&rsquo;\u00e9glise Sainte-Croix fait peau neuve","datePublished":"2024-06-27T10:12:00+00:00","mainEntityOfPage":{"@id":"https:\/\/www.webdo.tn\/fr\/actualite\/chroniques\/snapshot-l-eglise-sainte-croix-fait-peau-neuve\/214963\/"},"wordCount":257,"commentCount":0,"publisher":{"@id":"https:\/\/www.webdo.tn\/fr\/#organization"},"image":{"@id":"https:\/\/www.webdo.tn\/fr\/actualite\/chroniques\/snapshot-l-eglise-sainte-croix-fait-peau-neuve\/214963\/#primaryimage"},"thumbnailUrl":"https:\/\/www.webdo.tn\/fr\/wp-content\/uploads\/2024\/06\/1d21f188828a123db7d1d5a94aad1ac2.webp","keywords":["\u00e9glise","m\u00e9dina","Sainte-Croix","Tunis"],"articleSection":["Chroniques"],"inLanguage":"fr-FR"},{"@type":"WebPage","@id":"https:\/\/www.webdo.tn\/fr\/actualite\/chroniques\/snapshot-l-eglise-sainte-croix-fait-peau-neuve\/214963\/","url":"https:\/\/www.webdo.tn\/fr\/actualite\/chroniques\/snapshot-l-eglise-sainte-croix-fait-peau-neuve\/214963\/","name":"Snapshot : L'\u00e9glise Sainte-Croix fait peau neuve","isPartOf":{"@id":"https:\/\/www.webdo.tn\/fr\/#website"},"primaryImageOfPage":{"@id":"https:\/\/www.webdo.tn\/fr\/actualite\/chroniques\/snapshot-l-eglise-sainte-croix-fait-peau-neuve\/214963\/#primaryimage"},"image":{"@id":"https:\/\/www.webdo.tn\/fr\/actualite\/chroniques\/snapshot-l-eglise-sainte-croix-fait-peau-neuve\/214963\/#primaryimage"},"thumbnailUrl":"https:\/\/www.webdo.tn\/fr\/wp-content\/uploads\/2024\/06\/1d21f188828a123db7d1d5a94aad1ac2.webp","datePublished":"2024-06-27T10:12:00+00:00","description":"La date du 26 juin 2024 comptera dans l'histoire de l'ancienne \u00e9glise Sainte-Croix, un \u00e9difice religieux catholique qui est la paroisse historique de la m\u00e9dina...","breadcrumb":{"@id":"https:\/\/www.webdo.tn\/fr\/actualite\/chroniques\/snapshot-l-eglise-sainte-croix-fait-peau-neuve\/214963\/#breadcrumb"},"inLanguage":"fr-FR","potentialAction":[{"@type":"ReadAction","target":["https:\/\/www.webdo.tn\/fr\/actualite\/chroniques\/snapshot-l-eglise-sainte-croix-fait-peau-neuve\/214963\/"]}]},{"@type":"ImageObject","inLanguage":"fr-FR","@id":"https:\/\/www.webdo.tn\/fr\/actualite\/chroniques\/snapshot-l-eglise-sainte-croix-fait-peau-neuve\/214963\/#primaryimage","url":"https:\/\/www.webdo.tn\/fr\/wp-content\/uploads\/2024\/06\/1d21f188828a123db7d1d5a94aad1ac2.webp","contentUrl":"https:\/\/www.webdo.tn\/fr\/wp-content\/uploads\/2024\/06\/1d21f188828a123db7d1d5a94aad1ac2.webp","width":750,"height":400,"caption":"Snapshot : L'\u00e9glise Sainte-Croix fait peau neuve"},{"@type":"BreadcrumbList","@id":"https:\/\/www.webdo.tn\/fr\/actualite\/chroniques\/snapshot-l-eglise-sainte-croix-fait-peau-neuve\/214963\/#breadcrumb","itemListElement":[{"@type":"ListItem","position":1,"name":"Accueil","item":"https:\/\/www.webdo.tn\/fr\/"},{"@type":"ListItem","position":2,"name":"Snapshot : L&#8217;\u00e9glise Sainte-Croix fait peau neuve"}]},{"@type":"WebSite","@id":"https:\/\/www.webdo.tn\/fr\/#website","url":"https:\/\/www.webdo.tn\/fr\/","name":"webdo","description":"Tunisie - News en Tunisie et \u00e0 l&#039;international sur Webdo.tn","publisher":{"@id":"https:\/\/www.webdo.tn\/fr\/#organization"},"potentialAction":[{"@type":"SearchAction","target":{"@type":"EntryPoint","urlTemplate":"https:\/\/www.webdo.tn\/fr\/?s={search_term_string}"},"query-input":{"@type":"PropertyValueSpecification","valueRequired":true,"valueName":"search_term_string"}}],"inLanguage":"fr-FR"},{"@type":"Organization","@id":"https:\/\/www.webdo.tn\/fr\/#organization","name":"Webdo","alternateName":"Webdo.tn","url":"https:\/\/www.webdo.tn\/fr\/","logo":{"@type":"ImageObject","inLanguage":"fr-FR","@id":"https:\/\/www.webdo.tn\/fr\/#\/schema\/logo\/image\/","url":"https:\/\/www.webdo.tn\/fr\/wp-content\/uploads\/2025\/06\/Webdo-Tunisie_168377.jpg","contentUrl":"https:\/\/www.webdo.tn\/fr\/wp-content\/uploads\/2025\/06\/Webdo-Tunisie_168377.jpg","width":301,"height":301,"caption":"Webdo"},"image":{"@id":"https:\/\/www.webdo.tn\/fr\/#\/schema\/logo\/image\/"},"sameAs":["https:\/\/www.facebook.com\/webdotn","https:\/\/x.com\/webdo_tn"],"description":"Webdo est un m\u00e9dia num\u00e9rique tunisien fond\u00e9 en 2010, sp\u00e9cialis\u00e9 dans l\u2019actualit\u00e9 nationale et internationale, l\u2019\u00e9conomie, la soci\u00e9t\u00e9 et les analyses politiques. Le site s\u2019adresse \u00e0 un large public francophone et couvre l\u2019information tunisienne en temps r\u00e9el.","email":"redac@webdo.tn","legalName":"YNJ SARL","foundingDate":"2010-09-06","numberOfEmployees":{"@type":"QuantitativeValue","minValue":"11","maxValue":"50"}},{"@type":"Person","@id":"https:\/\/www.webdo.tn\/fr\/#\/schema\/person\/6bc0beba2cd23aec27cb5df85ca2554f","name":"Hatem Bourial","image":{"@type":"ImageObject","inLanguage":"fr-FR","@id":"https:\/\/www.webdo.tn\/fr\/wp-content\/uploads\/2026\/04\/hatem-bourial_avatar-96x96.jpg","url":"https:\/\/www.webdo.tn\/fr\/wp-content\/uploads\/2026\/04\/hatem-bourial_avatar-96x96.jpg","contentUrl":"https:\/\/www.webdo.tn\/fr\/wp-content\/uploads\/2026\/04\/hatem-bourial_avatar-96x96.jpg","caption":"Hatem Bourial"},"description":"Hatem Bourial est journaliste, \u00e9crivain et chroniqueur tunisien. Actif depuis plusieurs d\u00e9cennies, il s\u2019est impos\u00e9 comme un observateur attentif de la soci\u00e9t\u00e9 tunisienne, m\u00ealant dans ses \u00e9crits m\u00e9moire, culture et analyse du quotidien. Auteur de nombreux ouvrages, il d\u00e9veloppe une \u0153uvre \u00e0 la crois\u00e9e du r\u00e9cit, de la po\u00e9sie et de l\u2019observation sociologique. Parall\u00e8lement \u00e0 ses contributions dans la presse, il intervient r\u00e9guli\u00e8rement \u00e0 la radio et dans des espaces culturels, o\u00f9 il explore les enjeux li\u00e9s au patrimoine, \u00e0 l\u2019identit\u00e9 et aux transformations du monde contemporain. \u00c0 travers ses chroniques, Hatem Bourial propose une lecture sensible et approfondie de l\u2019actualit\u00e9, nourrie par une exp\u00e9rience journalistique et litt\u00e9raire reconnue. \ud83d\udd17 Facebook : https:\/\/www.facebook.com\/hatem.bourial.2025","sameAs":["https:\/\/www.facebook.com\/hatem.bourial.2025","https:\/\/fr.wikipedia.org\/wiki\/Fichier:Hatem_Bourial.jpg"],"knowsAbout":["Culture & patrimoine tunisien","Chronique soci\u00e9tale","Litt\u00e9rature & m\u00e9moire","Cin\u00e9ma & critique culturelle","Identit\u00e9 & mutations sociales"],"knowsLanguage":["Arabe","Fran\u00e7ais","Anglais","Italien","Polonais"],"jobTitle":"Journaliste, \u00e9crivain et chroniqueur culturel","worksFor":"Webdo","url":"https:\/\/www.webdo.tn\/fr\/actualite\/author\/hatem-bourial-2\/"}]}},"_links":{"self":[{"href":"https:\/\/www.webdo.tn\/fr\/wp-json\/wp\/v2\/posts\/214963","targetHints":{"allow":["GET"]}}],"collection":[{"href":"https:\/\/www.webdo.tn\/fr\/wp-json\/wp\/v2\/posts"}],"about":[{"href":"https:\/\/www.webdo.tn\/fr\/wp-json\/wp\/v2\/types\/post"}],"author":[{"embeddable":true,"href":"https:\/\/www.webdo.tn\/fr\/wp-json\/wp\/v2\/users\/3229"}],"replies":[{"embeddable":true,"href":"https:\/\/www.webdo.tn\/fr\/wp-json\/wp\/v2\/comments?post=214963"}],"version-history":[{"count":0,"href":"https:\/\/www.webdo.tn\/fr\/wp-json\/wp\/v2\/posts\/214963\/revisions"}],"wp:featuredmedia":[{"embeddable":true,"href":"https:\/\/www.webdo.tn\/fr\/wp-json\/wp\/v2\/media\/247104"}],"wp:attachment":[{"href":"https:\/\/www.webdo.tn\/fr\/wp-json\/wp\/v2\/media?parent=214963"}],"wp:term":[{"taxonomy":"category","embeddable":true,"href":"https:\/\/www.webdo.tn\/fr\/wp-json\/wp\/v2\/categories?post=214963"},{"taxonomy":"post_tag","embeddable":true,"href":"https:\/\/www.webdo.tn\/fr\/wp-json\/wp\/v2\/tags?post=214963"}],"curies":[{"name":"wp","href":"https:\/\/api.w.org\/{rel}","templated":true}]}}