{"id":214961,"date":"2024-06-27T10:02:00","date_gmt":"2024-06-27T10:02:00","guid":{"rendered":"https:\/\/www.webdo.tn\/fr\/blog\/envoi-d-un-avion-charge-de-14-tonnes-de-denrees-alimentaires-au-peuple-palestinien\/214961\/"},"modified":"2025-05-20T22:36:06","modified_gmt":"2025-05-20T22:36:06","slug":"envoi-d-un-avion-charge-de-14-tonnes-de-denrees-alimentaires-au-peuple-palestinien","status":"publish","type":"post","link":"https:\/\/www.webdo.tn\/fr\/actualite\/national\/envoi-d-un-avion-charge-de-14-tonnes-de-denrees-alimentaires-au-peuple-palestinien\/214961\/","title":{"rendered":"Envoi d&rsquo;un avion charg\u00e9 de 14 tonnes de denr\u00e9es alimentaires au peuple palestinien"},"content":{"rendered":"<p>Un avion militaire tunisien avec \u00e0 son bord plus de 14 tonnes de denr\u00e9es alimentaires destin\u00e9es au peuple palestinien a d\u00e9coll\u00e9, aujourd\u2019hui, de l&rsquo;a\u00e9roport militaire de l&rsquo;Aouina \u00e0 Tunis.<\/p>\n<p>\t\t\t\t\t\t\t\t\tUn avion militaire charg\u00e9 de plus de 14 tonnes de denr\u00e9es alimentaires destin\u00e9es au peuple palestinien, a d\u00e9coll\u00e9 dans la matin\u00e9e de ce jeudi 27 juin 2024 de l&rsquo;a\u00e9roport militaire de l&rsquo;Aouina \u00e0 Tunis.<\/p>\n<p>Cette cargaison d&rsquo;aides alimentaires intervient sur ordre du pr\u00e9sident de la R\u00e9publique, Kais Sa\u00efed, afin de r\u00e9pondre aux besoins alimentaires urgents des Palestiniens qui font face \u00e0 la poursuite des agressions de l\u2019occupant sioniste, a indiqu\u00e9 Mustapha Ferjani, ministre conseiller \u00e0 la pr\u00e9sidence de la R\u00e9publique, dans une d\u00e9claration \u00e0 l&rsquo;Agence Tunis Afrique presse.<\/p>\n<p>Il a ajout\u00e9 que l&rsquo;envoi de cette aide s&rsquo;est fait dans le cadre d&rsquo;une coordination totale entre la Tunisie et l&rsquo;Egypte ainsi qu&rsquo;\u00e0 travers l&rsquo;ambassade de Tunisie au Caire, soulignant que la Tunisie va envoyer d&rsquo;autres aides dans les prochains jours.<\/p>\n","protected":false},"excerpt":{"rendered":"<p>Un avion militaire charg\u00e9 de plus de 14 tonnes de denr\u00e9es alimentaires destin\u00e9es au peuple palestinien, a d\u00e9coll\u00e9 dans la matin\u00e9e de ce jeudi 27 juin 2024 de l&rsquo;&#8230;<\/p>\n","protected":false},"author":3175,"featured_media":247105,"comment_status":"open","ping_status":"closed","sticky":false,"template":"","format":"standard","meta":{"footnotes":""},"categories":[44],"tags":[2774,6251,6250,2608],"class_list":["post-214961","post","type-post","status-publish","format-standard","has-post-thumbnail","hentry","category-national","tag-aide","tag-denrees-alimentaires","tag-palestiniens","tag-tunisie"],"yoast_head":"<!-- This site is optimized with the Yoast SEO Premium plugin v27.5 (Yoast SEO v27.5) - https:\/\/yoast.com\/product\/yoast-seo-premium-wordpress\/ -->\n<title>Envoi d&#039;un avion charg\u00e9 de 14 tonnes de denr\u00e9es alimentaires au peuple palestinien<\/title>\n<meta name=\"description\" content=\"Un avion militaire charg\u00e9 de plus de 14 tonnes de denr\u00e9es alimentaires destin\u00e9es au peuple palestinien, a d\u00e9coll\u00e9 dans la matin\u00e9e de ce jeudi 27 juin 2024 de l&#039;...\" \/>\n<link rel=\"canonical\" href=\"https:\/\/www.webdo.tn\/fr\/actualite\/national\/envoi-d-un-avion-charge-de-14-tonnes-de-denrees-alimentaires-au-peuple-palestinien\/214961\/\" \/>\n<meta property=\"og:locale\" content=\"fr_FR\" \/>\n<meta property=\"og:type\" content=\"article\" \/>\n<meta property=\"og:title\" content=\"Envoi d&#039;un avion charg\u00e9 de 14 tonnes de denr\u00e9es alimentaires au peuple palestinien\" \/>\n<meta property=\"og:description\" content=\"Un avion militaire charg\u00e9 de plus de 14 tonnes de denr\u00e9es alimentaires destin\u00e9es au peuple palestinien, a d\u00e9coll\u00e9 dans la matin\u00e9e de ce jeudi 27 juin 2024 de l&#039;...\" \/>\n<meta property=\"og:url\" content=\"https:\/\/www.webdo.tn\/fr\/actualite\/national\/envoi-d-un-avion-charge-de-14-tonnes-de-denrees-alimentaires-au-peuple-palestinien\/214961\/\" \/>\n<meta property=\"og:site_name\" content=\"webdo\" \/>\n<meta property=\"article:publisher\" content=\"https:\/\/www.facebook.com\/webdotn\" \/>\n<meta property=\"article:published_time\" content=\"2024-06-27T10:02:00+00:00\" \/>\n<meta property=\"article:modified_time\" content=\"2025-05-20T22:36:06+00:00\" \/>\n<meta property=\"og:image\" content=\"https:\/\/www.webdo.tn\/fr\/wp-content\/uploads\/2024\/06\/c55c13834cdcd92c808103e989549e40.webp\" \/>\n\t<meta property=\"og:image:width\" content=\"750\" \/>\n\t<meta property=\"og:image:height\" content=\"400\" \/>\n\t<meta property=\"og:image:type\" content=\"image\/webp\" \/>\n<meta name=\"author\" content=\"CL\" \/>\n<meta name=\"twitter:card\" content=\"summary_large_image\" \/>\n<meta name=\"twitter:creator\" content=\"@webdo_tn\" \/>\n<meta name=\"twitter:site\" content=\"@webdo_tn\" \/>\n<meta name=\"twitter:label1\" content=\"\u00c9crit par\" \/>\n\t<meta name=\"twitter:data1\" content=\"CL\" \/>\n\t<meta name=\"twitter:label2\" content=\"Dur\u00e9e de lecture estim\u00e9e\" \/>\n\t<meta name=\"twitter:data2\" content=\"1 minute\" \/>\n<script type=\"application\/ld+json\" class=\"yoast-schema-graph\">{\"@context\":\"https:\\\/\\\/schema.org\",\"@graph\":[{\"@type\":\"NewsArticle\",\"@id\":\"https:\\\/\\\/www.webdo.tn\\\/fr\\\/actualite\\\/national\\\/envoi-d-un-avion-charge-de-14-tonnes-de-denrees-alimentaires-au-peuple-palestinien\\\/214961\\\/#article\",\"isPartOf\":{\"@id\":\"https:\\\/\\\/www.webdo.tn\\\/fr\\\/actualite\\\/national\\\/envoi-d-un-avion-charge-de-14-tonnes-de-denrees-alimentaires-au-peuple-palestinien\\\/214961\\\/\"},\"author\":{\"name\":\"CL\",\"@id\":\"https:\\\/\\\/www.webdo.tn\\\/fr\\\/#\\\/schema\\\/person\\\/f35b42a42c5e2511bbd282959d6385cc\"},\"headline\":\"Envoi d&rsquo;un avion charg\u00e9 de 14 tonnes de denr\u00e9es alimentaires au peuple palestinien\",\"datePublished\":\"2024-06-27T10:02:00+00:00\",\"dateModified\":\"2025-05-20T22:36:06+00:00\",\"mainEntityOfPage\":{\"@id\":\"https:\\\/\\\/www.webdo.tn\\\/fr\\\/actualite\\\/national\\\/envoi-d-un-avion-charge-de-14-tonnes-de-denrees-alimentaires-au-peuple-palestinien\\\/214961\\\/\"},\"wordCount\":192,\"commentCount\":0,\"publisher\":{\"@id\":\"https:\\\/\\\/www.webdo.tn\\\/fr\\\/#organization\"},\"image\":{\"@id\":\"https:\\\/\\\/www.webdo.tn\\\/fr\\\/actualite\\\/national\\\/envoi-d-un-avion-charge-de-14-tonnes-de-denrees-alimentaires-au-peuple-palestinien\\\/214961\\\/#primaryimage\"},\"thumbnailUrl\":\"https:\\\/\\\/www.webdo.tn\\\/fr\\\/wp-content\\\/uploads\\\/2024\\\/06\\\/c55c13834cdcd92c808103e989549e40.webp\",\"keywords\":[\"aide\",\"denr\u00e9es alimentaires\",\"palestiniens\",\"Tunisie\"],\"articleSection\":[\"National\"],\"inLanguage\":\"fr-FR\"},{\"@type\":\"WebPage\",\"@id\":\"https:\\\/\\\/www.webdo.tn\\\/fr\\\/actualite\\\/national\\\/envoi-d-un-avion-charge-de-14-tonnes-de-denrees-alimentaires-au-peuple-palestinien\\\/214961\\\/\",\"url\":\"https:\\\/\\\/www.webdo.tn\\\/fr\\\/actualite\\\/national\\\/envoi-d-un-avion-charge-de-14-tonnes-de-denrees-alimentaires-au-peuple-palestinien\\\/214961\\\/\",\"name\":\"Envoi d'un avion charg\u00e9 de 14 tonnes de denr\u00e9es alimentaires au peuple palestinien\",\"isPartOf\":{\"@id\":\"https:\\\/\\\/www.webdo.tn\\\/fr\\\/#website\"},\"primaryImageOfPage\":{\"@id\":\"https:\\\/\\\/www.webdo.tn\\\/fr\\\/actualite\\\/national\\\/envoi-d-un-avion-charge-de-14-tonnes-de-denrees-alimentaires-au-peuple-palestinien\\\/214961\\\/#primaryimage\"},\"image\":{\"@id\":\"https:\\\/\\\/www.webdo.tn\\\/fr\\\/actualite\\\/national\\\/envoi-d-un-avion-charge-de-14-tonnes-de-denrees-alimentaires-au-peuple-palestinien\\\/214961\\\/#primaryimage\"},\"thumbnailUrl\":\"https:\\\/\\\/www.webdo.tn\\\/fr\\\/wp-content\\\/uploads\\\/2024\\\/06\\\/c55c13834cdcd92c808103e989549e40.webp\",\"datePublished\":\"2024-06-27T10:02:00+00:00\",\"dateModified\":\"2025-05-20T22:36:06+00:00\",\"description\":\"Un avion militaire charg\u00e9 de plus de 14 tonnes de denr\u00e9es alimentaires destin\u00e9es au peuple palestinien, a d\u00e9coll\u00e9 dans la matin\u00e9e de ce jeudi 27 juin 2024 de l'...\",\"breadcrumb\":{\"@id\":\"https:\\\/\\\/www.webdo.tn\\\/fr\\\/actualite\\\/national\\\/envoi-d-un-avion-charge-de-14-tonnes-de-denrees-alimentaires-au-peuple-palestinien\\\/214961\\\/#breadcrumb\"},\"inLanguage\":\"fr-FR\",\"potentialAction\":[{\"@type\":\"ReadAction\",\"target\":[\"https:\\\/\\\/www.webdo.tn\\\/fr\\\/actualite\\\/national\\\/envoi-d-un-avion-charge-de-14-tonnes-de-denrees-alimentaires-au-peuple-palestinien\\\/214961\\\/\"]}]},{\"@type\":\"ImageObject\",\"inLanguage\":\"fr-FR\",\"@id\":\"https:\\\/\\\/www.webdo.tn\\\/fr\\\/actualite\\\/national\\\/envoi-d-un-avion-charge-de-14-tonnes-de-denrees-alimentaires-au-peuple-palestinien\\\/214961\\\/#primaryimage\",\"url\":\"https:\\\/\\\/www.webdo.tn\\\/fr\\\/wp-content\\\/uploads\\\/2024\\\/06\\\/c55c13834cdcd92c808103e989549e40.webp\",\"contentUrl\":\"https:\\\/\\\/www.webdo.tn\\\/fr\\\/wp-content\\\/uploads\\\/2024\\\/06\\\/c55c13834cdcd92c808103e989549e40.webp\",\"width\":750,\"height\":400,\"caption\":\"Envoi d'un avion charg\u00e9 de 14 tonnes de denr\u00e9es alimentaires au peuple palestinien\"},{\"@type\":\"BreadcrumbList\",\"@id\":\"https:\\\/\\\/www.webdo.tn\\\/fr\\\/actualite\\\/national\\\/envoi-d-un-avion-charge-de-14-tonnes-de-denrees-alimentaires-au-peuple-palestinien\\\/214961\\\/#breadcrumb\",\"itemListElement\":[{\"@type\":\"ListItem\",\"position\":1,\"name\":\"Accueil\",\"item\":\"https:\\\/\\\/www.webdo.tn\\\/fr\\\/\"},{\"@type\":\"ListItem\",\"position\":2,\"name\":\"Envoi d&#8217;un avion charg\u00e9 de 14 tonnes de denr\u00e9es alimentaires au peuple palestinien\"}]},{\"@type\":\"WebSite\",\"@id\":\"https:\\\/\\\/www.webdo.tn\\\/fr\\\/#website\",\"url\":\"https:\\\/\\\/www.webdo.tn\\\/fr\\\/\",\"name\":\"webdo\",\"description\":\"Tunisie - News en Tunisie et \u00e0 l&#039;international sur Webdo.tn\",\"publisher\":{\"@id\":\"https:\\\/\\\/www.webdo.tn\\\/fr\\\/#organization\"},\"potentialAction\":[{\"@type\":\"SearchAction\",\"target\":{\"@type\":\"EntryPoint\",\"urlTemplate\":\"https:\\\/\\\/www.webdo.tn\\\/fr\\\/?s={search_term_string}\"},\"query-input\":{\"@type\":\"PropertyValueSpecification\",\"valueRequired\":true,\"valueName\":\"search_term_string\"}}],\"inLanguage\":\"fr-FR\"},{\"@type\":\"Organization\",\"@id\":\"https:\\\/\\\/www.webdo.tn\\\/fr\\\/#organization\",\"name\":\"Webdo\",\"alternateName\":\"Webdo.tn\",\"url\":\"https:\\\/\\\/www.webdo.tn\\\/fr\\\/\",\"logo\":{\"@type\":\"ImageObject\",\"inLanguage\":\"fr-FR\",\"@id\":\"https:\\\/\\\/www.webdo.tn\\\/fr\\\/#\\\/schema\\\/logo\\\/image\\\/\",\"url\":\"https:\\\/\\\/www.webdo.tn\\\/fr\\\/wp-content\\\/uploads\\\/2025\\\/06\\\/Webdo-Tunisie_168377.jpg\",\"contentUrl\":\"https:\\\/\\\/www.webdo.tn\\\/fr\\\/wp-content\\\/uploads\\\/2025\\\/06\\\/Webdo-Tunisie_168377.jpg\",\"width\":301,\"height\":301,\"caption\":\"Webdo\"},\"image\":{\"@id\":\"https:\\\/\\\/www.webdo.tn\\\/fr\\\/#\\\/schema\\\/logo\\\/image\\\/\"},\"sameAs\":[\"https:\\\/\\\/www.facebook.com\\\/webdotn\",\"https:\\\/\\\/x.com\\\/webdo_tn\"],\"description\":\"Webdo est un m\u00e9dia num\u00e9rique tunisien fond\u00e9 en 2010, sp\u00e9cialis\u00e9 dans l\u2019actualit\u00e9 nationale et internationale, l\u2019\u00e9conomie, la soci\u00e9t\u00e9 et les analyses politiques. Le site s\u2019adresse \u00e0 un large public francophone et couvre l\u2019information tunisienne en temps r\u00e9el.\",\"email\":\"redac@webdo.tn\",\"legalName\":\"YNJ SARL\",\"foundingDate\":\"2010-09-06\",\"numberOfEmployees\":{\"@type\":\"QuantitativeValue\",\"minValue\":\"11\",\"maxValue\":\"50\"}},{\"@type\":\"Person\",\"@id\":\"https:\\\/\\\/www.webdo.tn\\\/fr\\\/#\\\/schema\\\/person\\\/f35b42a42c5e2511bbd282959d6385cc\",\"name\":\"CL\",\"image\":{\"@type\":\"ImageObject\",\"inLanguage\":\"fr-FR\",\"@id\":\"https:\\\/\\\/secure.gravatar.com\\\/avatar\\\/1447a49909b67aa657c488aec6512e1dd6143a480c1ecfee9b5b5cd74eb3b59e?s=96&d=mm&r=g\",\"url\":\"https:\\\/\\\/secure.gravatar.com\\\/avatar\\\/1447a49909b67aa657c488aec6512e1dd6143a480c1ecfee9b5b5cd74eb3b59e?s=96&d=mm&r=g\",\"contentUrl\":\"https:\\\/\\\/secure.gravatar.com\\\/avatar\\\/1447a49909b67aa657c488aec6512e1dd6143a480c1ecfee9b5b5cd74eb3b59e?s=96&d=mm&r=g\",\"caption\":\"CL\"},\"url\":\"https:\\\/\\\/www.webdo.tn\\\/fr\\\/actualite\\\/author\\\/cl\\\/\"}]}<\/script>\n<!-- \/ Yoast SEO Premium plugin. -->","yoast_head_json":{"title":"Envoi d'un avion charg\u00e9 de 14 tonnes de denr\u00e9es alimentaires au peuple palestinien","description":"Un avion militaire charg\u00e9 de plus de 14 tonnes de denr\u00e9es alimentaires destin\u00e9es au peuple palestinien, a d\u00e9coll\u00e9 dans la matin\u00e9e de ce jeudi 27 juin 2024 de l'...","canonical":"https:\/\/www.webdo.tn\/fr\/actualite\/national\/envoi-d-un-avion-charge-de-14-tonnes-de-denrees-alimentaires-au-peuple-palestinien\/214961\/","og_locale":"fr_FR","og_type":"article","og_title":"Envoi d'un avion charg\u00e9 de 14 tonnes de denr\u00e9es alimentaires au peuple palestinien","og_description":"Un avion militaire charg\u00e9 de plus de 14 tonnes de denr\u00e9es alimentaires destin\u00e9es au peuple palestinien, a d\u00e9coll\u00e9 dans la matin\u00e9e de ce jeudi 27 juin 2024 de l'...","og_url":"https:\/\/www.webdo.tn\/fr\/actualite\/national\/envoi-d-un-avion-charge-de-14-tonnes-de-denrees-alimentaires-au-peuple-palestinien\/214961\/","og_site_name":"webdo","article_publisher":"https:\/\/www.facebook.com\/webdotn","article_published_time":"2024-06-27T10:02:00+00:00","article_modified_time":"2025-05-20T22:36:06+00:00","og_image":[{"width":750,"height":400,"url":"https:\/\/www.webdo.tn\/fr\/wp-content\/uploads\/2024\/06\/c55c13834cdcd92c808103e989549e40.webp","type":"image\/webp"}],"author":"CL","twitter_card":"summary_large_image","twitter_creator":"@webdo_tn","twitter_site":"@webdo_tn","twitter_misc":{"\u00c9crit par":"CL","Dur\u00e9e de lecture estim\u00e9e":"1 minute"},"schema":{"@context":"https:\/\/schema.org","@graph":[{"@type":"NewsArticle","@id":"https:\/\/www.webdo.tn\/fr\/actualite\/national\/envoi-d-un-avion-charge-de-14-tonnes-de-denrees-alimentaires-au-peuple-palestinien\/214961\/#article","isPartOf":{"@id":"https:\/\/www.webdo.tn\/fr\/actualite\/national\/envoi-d-un-avion-charge-de-14-tonnes-de-denrees-alimentaires-au-peuple-palestinien\/214961\/"},"author":{"name":"CL","@id":"https:\/\/www.webdo.tn\/fr\/#\/schema\/person\/f35b42a42c5e2511bbd282959d6385cc"},"headline":"Envoi d&rsquo;un avion charg\u00e9 de 14 tonnes de denr\u00e9es alimentaires au peuple palestinien","datePublished":"2024-06-27T10:02:00+00:00","dateModified":"2025-05-20T22:36:06+00:00","mainEntityOfPage":{"@id":"https:\/\/www.webdo.tn\/fr\/actualite\/national\/envoi-d-un-avion-charge-de-14-tonnes-de-denrees-alimentaires-au-peuple-palestinien\/214961\/"},"wordCount":192,"commentCount":0,"publisher":{"@id":"https:\/\/www.webdo.tn\/fr\/#organization"},"image":{"@id":"https:\/\/www.webdo.tn\/fr\/actualite\/national\/envoi-d-un-avion-charge-de-14-tonnes-de-denrees-alimentaires-au-peuple-palestinien\/214961\/#primaryimage"},"thumbnailUrl":"https:\/\/www.webdo.tn\/fr\/wp-content\/uploads\/2024\/06\/c55c13834cdcd92c808103e989549e40.webp","keywords":["aide","denr\u00e9es alimentaires","palestiniens","Tunisie"],"articleSection":["National"],"inLanguage":"fr-FR"},{"@type":"WebPage","@id":"https:\/\/www.webdo.tn\/fr\/actualite\/national\/envoi-d-un-avion-charge-de-14-tonnes-de-denrees-alimentaires-au-peuple-palestinien\/214961\/","url":"https:\/\/www.webdo.tn\/fr\/actualite\/national\/envoi-d-un-avion-charge-de-14-tonnes-de-denrees-alimentaires-au-peuple-palestinien\/214961\/","name":"Envoi d'un avion charg\u00e9 de 14 tonnes de denr\u00e9es alimentaires au peuple palestinien","isPartOf":{"@id":"https:\/\/www.webdo.tn\/fr\/#website"},"primaryImageOfPage":{"@id":"https:\/\/www.webdo.tn\/fr\/actualite\/national\/envoi-d-un-avion-charge-de-14-tonnes-de-denrees-alimentaires-au-peuple-palestinien\/214961\/#primaryimage"},"image":{"@id":"https:\/\/www.webdo.tn\/fr\/actualite\/national\/envoi-d-un-avion-charge-de-14-tonnes-de-denrees-alimentaires-au-peuple-palestinien\/214961\/#primaryimage"},"thumbnailUrl":"https:\/\/www.webdo.tn\/fr\/wp-content\/uploads\/2024\/06\/c55c13834cdcd92c808103e989549e40.webp","datePublished":"2024-06-27T10:02:00+00:00","dateModified":"2025-05-20T22:36:06+00:00","description":"Un avion militaire charg\u00e9 de plus de 14 tonnes de denr\u00e9es alimentaires destin\u00e9es au peuple palestinien, a d\u00e9coll\u00e9 dans la matin\u00e9e de ce jeudi 27 juin 2024 de l'...","breadcrumb":{"@id":"https:\/\/www.webdo.tn\/fr\/actualite\/national\/envoi-d-un-avion-charge-de-14-tonnes-de-denrees-alimentaires-au-peuple-palestinien\/214961\/#breadcrumb"},"inLanguage":"fr-FR","potentialAction":[{"@type":"ReadAction","target":["https:\/\/www.webdo.tn\/fr\/actualite\/national\/envoi-d-un-avion-charge-de-14-tonnes-de-denrees-alimentaires-au-peuple-palestinien\/214961\/"]}]},{"@type":"ImageObject","inLanguage":"fr-FR","@id":"https:\/\/www.webdo.tn\/fr\/actualite\/national\/envoi-d-un-avion-charge-de-14-tonnes-de-denrees-alimentaires-au-peuple-palestinien\/214961\/#primaryimage","url":"https:\/\/www.webdo.tn\/fr\/wp-content\/uploads\/2024\/06\/c55c13834cdcd92c808103e989549e40.webp","contentUrl":"https:\/\/www.webdo.tn\/fr\/wp-content\/uploads\/2024\/06\/c55c13834cdcd92c808103e989549e40.webp","width":750,"height":400,"caption":"Envoi d'un avion charg\u00e9 de 14 tonnes de denr\u00e9es alimentaires au peuple palestinien"},{"@type":"BreadcrumbList","@id":"https:\/\/www.webdo.tn\/fr\/actualite\/national\/envoi-d-un-avion-charge-de-14-tonnes-de-denrees-alimentaires-au-peuple-palestinien\/214961\/#breadcrumb","itemListElement":[{"@type":"ListItem","position":1,"name":"Accueil","item":"https:\/\/www.webdo.tn\/fr\/"},{"@type":"ListItem","position":2,"name":"Envoi d&#8217;un avion charg\u00e9 de 14 tonnes de denr\u00e9es alimentaires au peuple palestinien"}]},{"@type":"WebSite","@id":"https:\/\/www.webdo.tn\/fr\/#website","url":"https:\/\/www.webdo.tn\/fr\/","name":"webdo","description":"Tunisie - News en Tunisie et \u00e0 l&#039;international sur Webdo.tn","publisher":{"@id":"https:\/\/www.webdo.tn\/fr\/#organization"},"potentialAction":[{"@type":"SearchAction","target":{"@type":"EntryPoint","urlTemplate":"https:\/\/www.webdo.tn\/fr\/?s={search_term_string}"},"query-input":{"@type":"PropertyValueSpecification","valueRequired":true,"valueName":"search_term_string"}}],"inLanguage":"fr-FR"},{"@type":"Organization","@id":"https:\/\/www.webdo.tn\/fr\/#organization","name":"Webdo","alternateName":"Webdo.tn","url":"https:\/\/www.webdo.tn\/fr\/","logo":{"@type":"ImageObject","inLanguage":"fr-FR","@id":"https:\/\/www.webdo.tn\/fr\/#\/schema\/logo\/image\/","url":"https:\/\/www.webdo.tn\/fr\/wp-content\/uploads\/2025\/06\/Webdo-Tunisie_168377.jpg","contentUrl":"https:\/\/www.webdo.tn\/fr\/wp-content\/uploads\/2025\/06\/Webdo-Tunisie_168377.jpg","width":301,"height":301,"caption":"Webdo"},"image":{"@id":"https:\/\/www.webdo.tn\/fr\/#\/schema\/logo\/image\/"},"sameAs":["https:\/\/www.facebook.com\/webdotn","https:\/\/x.com\/webdo_tn"],"description":"Webdo est un m\u00e9dia num\u00e9rique tunisien fond\u00e9 en 2010, sp\u00e9cialis\u00e9 dans l\u2019actualit\u00e9 nationale et internationale, l\u2019\u00e9conomie, la soci\u00e9t\u00e9 et les analyses politiques. Le site s\u2019adresse \u00e0 un large public francophone et couvre l\u2019information tunisienne en temps r\u00e9el.","email":"redac@webdo.tn","legalName":"YNJ SARL","foundingDate":"2010-09-06","numberOfEmployees":{"@type":"QuantitativeValue","minValue":"11","maxValue":"50"}},{"@type":"Person","@id":"https:\/\/www.webdo.tn\/fr\/#\/schema\/person\/f35b42a42c5e2511bbd282959d6385cc","name":"CL","image":{"@type":"ImageObject","inLanguage":"fr-FR","@id":"https:\/\/secure.gravatar.com\/avatar\/1447a49909b67aa657c488aec6512e1dd6143a480c1ecfee9b5b5cd74eb3b59e?s=96&d=mm&r=g","url":"https:\/\/secure.gravatar.com\/avatar\/1447a49909b67aa657c488aec6512e1dd6143a480c1ecfee9b5b5cd74eb3b59e?s=96&d=mm&r=g","contentUrl":"https:\/\/secure.gravatar.com\/avatar\/1447a49909b67aa657c488aec6512e1dd6143a480c1ecfee9b5b5cd74eb3b59e?s=96&d=mm&r=g","caption":"CL"},"url":"https:\/\/www.webdo.tn\/fr\/actualite\/author\/cl\/"}]}},"_links":{"self":[{"href":"https:\/\/www.webdo.tn\/fr\/wp-json\/wp\/v2\/posts\/214961","targetHints":{"allow":["GET"]}}],"collection":[{"href":"https:\/\/www.webdo.tn\/fr\/wp-json\/wp\/v2\/posts"}],"about":[{"href":"https:\/\/www.webdo.tn\/fr\/wp-json\/wp\/v2\/types\/post"}],"author":[{"embeddable":true,"href":"https:\/\/www.webdo.tn\/fr\/wp-json\/wp\/v2\/users\/3175"}],"replies":[{"embeddable":true,"href":"https:\/\/www.webdo.tn\/fr\/wp-json\/wp\/v2\/comments?post=214961"}],"version-history":[{"count":0,"href":"https:\/\/www.webdo.tn\/fr\/wp-json\/wp\/v2\/posts\/214961\/revisions"}],"wp:featuredmedia":[{"embeddable":true,"href":"https:\/\/www.webdo.tn\/fr\/wp-json\/wp\/v2\/media\/247105"}],"wp:attachment":[{"href":"https:\/\/www.webdo.tn\/fr\/wp-json\/wp\/v2\/media?parent=214961"}],"wp:term":[{"taxonomy":"category","embeddable":true,"href":"https:\/\/www.webdo.tn\/fr\/wp-json\/wp\/v2\/categories?post=214961"},{"taxonomy":"post_tag","embeddable":true,"href":"https:\/\/www.webdo.tn\/fr\/wp-json\/wp\/v2\/tags?post=214961"}],"curies":[{"name":"wp","href":"https:\/\/api.w.org\/{rel}","templated":true}]}}