{"id":214946,"date":"2024-06-26T14:56:00","date_gmt":"2024-06-26T14:56:00","guid":{"rendered":"https:\/\/www.webdo.tn\/fr\/blog\/tunisie-un-soldat-tue-par-des-tirs-contre-une-patrouille-militaire\/214946\/"},"modified":"2025-05-20T22:54:01","modified_gmt":"2025-05-20T22:54:01","slug":"tunisie-un-soldat-tue-par-des-tirs-contre-une-patrouille-militaire","status":"publish","type":"post","link":"https:\/\/www.webdo.tn\/fr\/actualite\/national\/tunisie-un-soldat-tue-par-des-tirs-contre-une-patrouille-militaire\/214946\/","title":{"rendered":"Tunisie : Un soldat tu\u00e9 par des tirs contre une patrouille militaire"},"content":{"rendered":"<p>Une patrouille militaire a essuy\u00e9 des tirs dans la zone tampon \u00e0 Remada. Un soldat a \u00e9t\u00e9 tu\u00e9.<\/p>\n<p>\t\t\t\t\t\t\t\t\tUn soldat tunisien a \u00e9t\u00e9 tu\u00e9 ce mercredi 26 juin 2024 par des tirs soudains et non identifi\u00e9s qui ont pris pour cible, \u00e0 l\u2019aube, une patrouille militaire op\u00e9rant dans la zone frontali\u00e8re tampon de Remada, rapporte l\u2019agence TAP<\/p>\n<p>Les tirs essuy\u00e9s par la patrouille militaire ont entra\u00een\u00e9 la mort d&rsquo;un membre de cette patrouille, a indiqu\u00e9 le minist\u00e8re de la D\u00e9fense nationale.<\/p>\n<p>Avec l&rsquo;autorisation du procureur du Tribunal militaire de premi\u00e8re instance de Sfax, une enqu\u00eate a \u00e9t\u00e9 ouverte.<\/p>\n","protected":false},"excerpt":{"rendered":"<p>Un soldat tunisien a \u00e9t\u00e9 tu\u00e9 ce mercredi 26 juin 2024 par des tirs soudains et non identifi\u00e9s qui ont pris pour cible, \u00e0 l\u2019aube, une patrouille militaire op\u00e9ran&#8230;<\/p>\n","protected":false},"author":3175,"featured_media":290761,"comment_status":"open","ping_status":"closed","sticky":false,"template":"","format":"standard","meta":{"footnotes":""},"categories":[44],"tags":[10272,10274,10273,4479,4850,8445,2608],"class_list":["post-214946","post","type-post","status-publish","format-standard","has-post-thumbnail","hentry","category-national","tag-patrouille","tag-remada","tag-zone-tampon","tag-armee","tag-soldat","tag-tirs","tag-tunisie"],"yoast_head":"<!-- This site is optimized with the Yoast SEO Premium plugin v27.5 (Yoast SEO v27.5) - https:\/\/yoast.com\/product\/yoast-seo-premium-wordpress\/ -->\n<title>Tunisie : Un soldat tu\u00e9 par des tirs contre une patrouille militaire<\/title>\n<meta name=\"description\" content=\"Un soldat tunisien a \u00e9t\u00e9 tu\u00e9 ce mercredi 26 juin 2024 par des tirs soudains et non identifi\u00e9s qui ont pris pour cible, \u00e0 l\u2019aube, une patrouille militaire op\u00e9ran...\" \/>\n<link rel=\"canonical\" href=\"https:\/\/www.webdo.tn\/fr\/actualite\/national\/tunisie-un-soldat-tue-par-des-tirs-contre-une-patrouille-militaire\/214946\/\" \/>\n<meta property=\"og:locale\" content=\"fr_FR\" \/>\n<meta property=\"og:type\" content=\"article\" \/>\n<meta property=\"og:title\" content=\"Tunisie : Un soldat tu\u00e9 par des tirs contre une patrouille militaire\" \/>\n<meta property=\"og:description\" content=\"Un soldat tunisien a \u00e9t\u00e9 tu\u00e9 ce mercredi 26 juin 2024 par des tirs soudains et non identifi\u00e9s qui ont pris pour cible, \u00e0 l\u2019aube, une patrouille militaire op\u00e9ran...\" \/>\n<meta property=\"og:url\" content=\"https:\/\/www.webdo.tn\/fr\/actualite\/national\/tunisie-un-soldat-tue-par-des-tirs-contre-une-patrouille-militaire\/214946\/\" \/>\n<meta property=\"og:site_name\" content=\"webdo\" \/>\n<meta property=\"article:publisher\" content=\"https:\/\/www.facebook.com\/webdotn\" \/>\n<meta property=\"article:published_time\" content=\"2024-06-26T14:56:00+00:00\" \/>\n<meta property=\"article:modified_time\" content=\"2025-05-20T22:54:01+00:00\" \/>\n<meta property=\"og:image\" content=\"https:\/\/www.webdo.tn\/fr\/wp-content\/uploads\/2024\/06\/48cc36fcc3bba04c8f2f1af2ae8c176e.webp\" \/>\n\t<meta property=\"og:image:width\" content=\"750\" \/>\n\t<meta property=\"og:image:height\" content=\"400\" \/>\n\t<meta property=\"og:image:type\" content=\"image\/webp\" \/>\n<meta name=\"author\" content=\"CL\" \/>\n<meta name=\"twitter:card\" content=\"summary_large_image\" \/>\n<meta name=\"twitter:creator\" content=\"@webdo_tn\" \/>\n<meta name=\"twitter:site\" content=\"@webdo_tn\" \/>\n<meta name=\"twitter:label1\" content=\"\u00c9crit par\" \/>\n\t<meta name=\"twitter:data1\" content=\"CL\" \/>\n\t<meta name=\"twitter:label2\" content=\"Dur\u00e9e de lecture estim\u00e9e\" \/>\n\t<meta name=\"twitter:data2\" content=\"1 minute\" \/>\n<script type=\"application\/ld+json\" class=\"yoast-schema-graph\">{\"@context\":\"https:\\\/\\\/schema.org\",\"@graph\":[{\"@type\":\"NewsArticle\",\"@id\":\"https:\\\/\\\/www.webdo.tn\\\/fr\\\/actualite\\\/national\\\/tunisie-un-soldat-tue-par-des-tirs-contre-une-patrouille-militaire\\\/214946\\\/#article\",\"isPartOf\":{\"@id\":\"https:\\\/\\\/www.webdo.tn\\\/fr\\\/actualite\\\/national\\\/tunisie-un-soldat-tue-par-des-tirs-contre-une-patrouille-militaire\\\/214946\\\/\"},\"author\":{\"name\":\"CL\",\"@id\":\"https:\\\/\\\/www.webdo.tn\\\/fr\\\/#\\\/schema\\\/person\\\/f35b42a42c5e2511bbd282959d6385cc\"},\"headline\":\"Tunisie : Un soldat tu\u00e9 par des tirs contre une patrouille militaire\",\"datePublished\":\"2024-06-26T14:56:00+00:00\",\"dateModified\":\"2025-05-20T22:54:01+00:00\",\"mainEntityOfPage\":{\"@id\":\"https:\\\/\\\/www.webdo.tn\\\/fr\\\/actualite\\\/national\\\/tunisie-un-soldat-tue-par-des-tirs-contre-une-patrouille-militaire\\\/214946\\\/\"},\"wordCount\":118,\"commentCount\":0,\"publisher\":{\"@id\":\"https:\\\/\\\/www.webdo.tn\\\/fr\\\/#organization\"},\"image\":{\"@id\":\"https:\\\/\\\/www.webdo.tn\\\/fr\\\/actualite\\\/national\\\/tunisie-un-soldat-tue-par-des-tirs-contre-une-patrouille-militaire\\\/214946\\\/#primaryimage\"},\"thumbnailUrl\":\"https:\\\/\\\/www.webdo.tn\\\/fr\\\/wp-content\\\/uploads\\\/2024\\\/06\\\/48cc36fcc3bba04c8f2f1af2ae8c176e.webp\",\"keywords\":[\"'patrouille'\",\"'remada']\",\"'zone tampon'\",\"arm\u00e9e\",\"soldat\",\"tirs\",\"Tunisie\"],\"articleSection\":[\"National\"],\"inLanguage\":\"fr-FR\"},{\"@type\":\"WebPage\",\"@id\":\"https:\\\/\\\/www.webdo.tn\\\/fr\\\/actualite\\\/national\\\/tunisie-un-soldat-tue-par-des-tirs-contre-une-patrouille-militaire\\\/214946\\\/\",\"url\":\"https:\\\/\\\/www.webdo.tn\\\/fr\\\/actualite\\\/national\\\/tunisie-un-soldat-tue-par-des-tirs-contre-une-patrouille-militaire\\\/214946\\\/\",\"name\":\"Tunisie : Un soldat tu\u00e9 par des tirs contre une patrouille militaire\",\"isPartOf\":{\"@id\":\"https:\\\/\\\/www.webdo.tn\\\/fr\\\/#website\"},\"primaryImageOfPage\":{\"@id\":\"https:\\\/\\\/www.webdo.tn\\\/fr\\\/actualite\\\/national\\\/tunisie-un-soldat-tue-par-des-tirs-contre-une-patrouille-militaire\\\/214946\\\/#primaryimage\"},\"image\":{\"@id\":\"https:\\\/\\\/www.webdo.tn\\\/fr\\\/actualite\\\/national\\\/tunisie-un-soldat-tue-par-des-tirs-contre-une-patrouille-militaire\\\/214946\\\/#primaryimage\"},\"thumbnailUrl\":\"https:\\\/\\\/www.webdo.tn\\\/fr\\\/wp-content\\\/uploads\\\/2024\\\/06\\\/48cc36fcc3bba04c8f2f1af2ae8c176e.webp\",\"datePublished\":\"2024-06-26T14:56:00+00:00\",\"dateModified\":\"2025-05-20T22:54:01+00:00\",\"description\":\"Un soldat tunisien a \u00e9t\u00e9 tu\u00e9 ce mercredi 26 juin 2024 par des tirs soudains et non identifi\u00e9s qui ont pris pour cible, \u00e0 l\u2019aube, une patrouille militaire op\u00e9ran...\",\"breadcrumb\":{\"@id\":\"https:\\\/\\\/www.webdo.tn\\\/fr\\\/actualite\\\/national\\\/tunisie-un-soldat-tue-par-des-tirs-contre-une-patrouille-militaire\\\/214946\\\/#breadcrumb\"},\"inLanguage\":\"fr-FR\",\"potentialAction\":[{\"@type\":\"ReadAction\",\"target\":[\"https:\\\/\\\/www.webdo.tn\\\/fr\\\/actualite\\\/national\\\/tunisie-un-soldat-tue-par-des-tirs-contre-une-patrouille-militaire\\\/214946\\\/\"]}]},{\"@type\":\"ImageObject\",\"inLanguage\":\"fr-FR\",\"@id\":\"https:\\\/\\\/www.webdo.tn\\\/fr\\\/actualite\\\/national\\\/tunisie-un-soldat-tue-par-des-tirs-contre-une-patrouille-militaire\\\/214946\\\/#primaryimage\",\"url\":\"https:\\\/\\\/www.webdo.tn\\\/fr\\\/wp-content\\\/uploads\\\/2024\\\/06\\\/48cc36fcc3bba04c8f2f1af2ae8c176e.webp\",\"contentUrl\":\"https:\\\/\\\/www.webdo.tn\\\/fr\\\/wp-content\\\/uploads\\\/2024\\\/06\\\/48cc36fcc3bba04c8f2f1af2ae8c176e.webp\",\"width\":750,\"height\":400,\"caption\":\"Tunisie : Un soldat tu\u00e9 par des tirs contre une patrouille militaire\"},{\"@type\":\"BreadcrumbList\",\"@id\":\"https:\\\/\\\/www.webdo.tn\\\/fr\\\/actualite\\\/national\\\/tunisie-un-soldat-tue-par-des-tirs-contre-une-patrouille-militaire\\\/214946\\\/#breadcrumb\",\"itemListElement\":[{\"@type\":\"ListItem\",\"position\":1,\"name\":\"Accueil\",\"item\":\"https:\\\/\\\/www.webdo.tn\\\/fr\\\/\"},{\"@type\":\"ListItem\",\"position\":2,\"name\":\"Tunisie : Un soldat tu\u00e9 par des tirs contre une patrouille militaire\"}]},{\"@type\":\"WebSite\",\"@id\":\"https:\\\/\\\/www.webdo.tn\\\/fr\\\/#website\",\"url\":\"https:\\\/\\\/www.webdo.tn\\\/fr\\\/\",\"name\":\"webdo\",\"description\":\"Tunisie - News en Tunisie et \u00e0 l&#039;international sur Webdo.tn\",\"publisher\":{\"@id\":\"https:\\\/\\\/www.webdo.tn\\\/fr\\\/#organization\"},\"potentialAction\":[{\"@type\":\"SearchAction\",\"target\":{\"@type\":\"EntryPoint\",\"urlTemplate\":\"https:\\\/\\\/www.webdo.tn\\\/fr\\\/?s={search_term_string}\"},\"query-input\":{\"@type\":\"PropertyValueSpecification\",\"valueRequired\":true,\"valueName\":\"search_term_string\"}}],\"inLanguage\":\"fr-FR\"},{\"@type\":\"Organization\",\"@id\":\"https:\\\/\\\/www.webdo.tn\\\/fr\\\/#organization\",\"name\":\"Webdo\",\"alternateName\":\"Webdo.tn\",\"url\":\"https:\\\/\\\/www.webdo.tn\\\/fr\\\/\",\"logo\":{\"@type\":\"ImageObject\",\"inLanguage\":\"fr-FR\",\"@id\":\"https:\\\/\\\/www.webdo.tn\\\/fr\\\/#\\\/schema\\\/logo\\\/image\\\/\",\"url\":\"https:\\\/\\\/www.webdo.tn\\\/fr\\\/wp-content\\\/uploads\\\/2025\\\/06\\\/Webdo-Tunisie_168377.jpg\",\"contentUrl\":\"https:\\\/\\\/www.webdo.tn\\\/fr\\\/wp-content\\\/uploads\\\/2025\\\/06\\\/Webdo-Tunisie_168377.jpg\",\"width\":301,\"height\":301,\"caption\":\"Webdo\"},\"image\":{\"@id\":\"https:\\\/\\\/www.webdo.tn\\\/fr\\\/#\\\/schema\\\/logo\\\/image\\\/\"},\"sameAs\":[\"https:\\\/\\\/www.facebook.com\\\/webdotn\",\"https:\\\/\\\/x.com\\\/webdo_tn\"],\"description\":\"Webdo est un m\u00e9dia num\u00e9rique tunisien fond\u00e9 en 2010, sp\u00e9cialis\u00e9 dans l\u2019actualit\u00e9 nationale et internationale, l\u2019\u00e9conomie, la soci\u00e9t\u00e9 et les analyses politiques. Le site s\u2019adresse \u00e0 un large public francophone et couvre l\u2019information tunisienne en temps r\u00e9el.\",\"email\":\"redac@webdo.tn\",\"legalName\":\"YNJ SARL\",\"foundingDate\":\"2010-09-06\",\"numberOfEmployees\":{\"@type\":\"QuantitativeValue\",\"minValue\":\"11\",\"maxValue\":\"50\"}},{\"@type\":\"Person\",\"@id\":\"https:\\\/\\\/www.webdo.tn\\\/fr\\\/#\\\/schema\\\/person\\\/f35b42a42c5e2511bbd282959d6385cc\",\"name\":\"CL\",\"image\":{\"@type\":\"ImageObject\",\"inLanguage\":\"fr-FR\",\"@id\":\"https:\\\/\\\/secure.gravatar.com\\\/avatar\\\/1447a49909b67aa657c488aec6512e1dd6143a480c1ecfee9b5b5cd74eb3b59e?s=96&d=mm&r=g\",\"url\":\"https:\\\/\\\/secure.gravatar.com\\\/avatar\\\/1447a49909b67aa657c488aec6512e1dd6143a480c1ecfee9b5b5cd74eb3b59e?s=96&d=mm&r=g\",\"contentUrl\":\"https:\\\/\\\/secure.gravatar.com\\\/avatar\\\/1447a49909b67aa657c488aec6512e1dd6143a480c1ecfee9b5b5cd74eb3b59e?s=96&d=mm&r=g\",\"caption\":\"CL\"},\"url\":\"https:\\\/\\\/www.webdo.tn\\\/fr\\\/actualite\\\/author\\\/cl\\\/\"}]}<\/script>\n<!-- \/ Yoast SEO Premium plugin. -->","yoast_head_json":{"title":"Tunisie : Un soldat tu\u00e9 par des tirs contre une patrouille militaire","description":"Un soldat tunisien a \u00e9t\u00e9 tu\u00e9 ce mercredi 26 juin 2024 par des tirs soudains et non identifi\u00e9s qui ont pris pour cible, \u00e0 l\u2019aube, une patrouille militaire op\u00e9ran...","canonical":"https:\/\/www.webdo.tn\/fr\/actualite\/national\/tunisie-un-soldat-tue-par-des-tirs-contre-une-patrouille-militaire\/214946\/","og_locale":"fr_FR","og_type":"article","og_title":"Tunisie : Un soldat tu\u00e9 par des tirs contre une patrouille militaire","og_description":"Un soldat tunisien a \u00e9t\u00e9 tu\u00e9 ce mercredi 26 juin 2024 par des tirs soudains et non identifi\u00e9s qui ont pris pour cible, \u00e0 l\u2019aube, une patrouille militaire op\u00e9ran...","og_url":"https:\/\/www.webdo.tn\/fr\/actualite\/national\/tunisie-un-soldat-tue-par-des-tirs-contre-une-patrouille-militaire\/214946\/","og_site_name":"webdo","article_publisher":"https:\/\/www.facebook.com\/webdotn","article_published_time":"2024-06-26T14:56:00+00:00","article_modified_time":"2025-05-20T22:54:01+00:00","og_image":[{"width":750,"height":400,"url":"https:\/\/www.webdo.tn\/fr\/wp-content\/uploads\/2024\/06\/48cc36fcc3bba04c8f2f1af2ae8c176e.webp","type":"image\/webp"}],"author":"CL","twitter_card":"summary_large_image","twitter_creator":"@webdo_tn","twitter_site":"@webdo_tn","twitter_misc":{"\u00c9crit par":"CL","Dur\u00e9e de lecture estim\u00e9e":"1 minute"},"schema":{"@context":"https:\/\/schema.org","@graph":[{"@type":"NewsArticle","@id":"https:\/\/www.webdo.tn\/fr\/actualite\/national\/tunisie-un-soldat-tue-par-des-tirs-contre-une-patrouille-militaire\/214946\/#article","isPartOf":{"@id":"https:\/\/www.webdo.tn\/fr\/actualite\/national\/tunisie-un-soldat-tue-par-des-tirs-contre-une-patrouille-militaire\/214946\/"},"author":{"name":"CL","@id":"https:\/\/www.webdo.tn\/fr\/#\/schema\/person\/f35b42a42c5e2511bbd282959d6385cc"},"headline":"Tunisie : Un soldat tu\u00e9 par des tirs contre une patrouille militaire","datePublished":"2024-06-26T14:56:00+00:00","dateModified":"2025-05-20T22:54:01+00:00","mainEntityOfPage":{"@id":"https:\/\/www.webdo.tn\/fr\/actualite\/national\/tunisie-un-soldat-tue-par-des-tirs-contre-une-patrouille-militaire\/214946\/"},"wordCount":118,"commentCount":0,"publisher":{"@id":"https:\/\/www.webdo.tn\/fr\/#organization"},"image":{"@id":"https:\/\/www.webdo.tn\/fr\/actualite\/national\/tunisie-un-soldat-tue-par-des-tirs-contre-une-patrouille-militaire\/214946\/#primaryimage"},"thumbnailUrl":"https:\/\/www.webdo.tn\/fr\/wp-content\/uploads\/2024\/06\/48cc36fcc3bba04c8f2f1af2ae8c176e.webp","keywords":["'patrouille'","'remada']","'zone tampon'","arm\u00e9e","soldat","tirs","Tunisie"],"articleSection":["National"],"inLanguage":"fr-FR"},{"@type":"WebPage","@id":"https:\/\/www.webdo.tn\/fr\/actualite\/national\/tunisie-un-soldat-tue-par-des-tirs-contre-une-patrouille-militaire\/214946\/","url":"https:\/\/www.webdo.tn\/fr\/actualite\/national\/tunisie-un-soldat-tue-par-des-tirs-contre-une-patrouille-militaire\/214946\/","name":"Tunisie : Un soldat tu\u00e9 par des tirs contre une patrouille militaire","isPartOf":{"@id":"https:\/\/www.webdo.tn\/fr\/#website"},"primaryImageOfPage":{"@id":"https:\/\/www.webdo.tn\/fr\/actualite\/national\/tunisie-un-soldat-tue-par-des-tirs-contre-une-patrouille-militaire\/214946\/#primaryimage"},"image":{"@id":"https:\/\/www.webdo.tn\/fr\/actualite\/national\/tunisie-un-soldat-tue-par-des-tirs-contre-une-patrouille-militaire\/214946\/#primaryimage"},"thumbnailUrl":"https:\/\/www.webdo.tn\/fr\/wp-content\/uploads\/2024\/06\/48cc36fcc3bba04c8f2f1af2ae8c176e.webp","datePublished":"2024-06-26T14:56:00+00:00","dateModified":"2025-05-20T22:54:01+00:00","description":"Un soldat tunisien a \u00e9t\u00e9 tu\u00e9 ce mercredi 26 juin 2024 par des tirs soudains et non identifi\u00e9s qui ont pris pour cible, \u00e0 l\u2019aube, une patrouille militaire op\u00e9ran...","breadcrumb":{"@id":"https:\/\/www.webdo.tn\/fr\/actualite\/national\/tunisie-un-soldat-tue-par-des-tirs-contre-une-patrouille-militaire\/214946\/#breadcrumb"},"inLanguage":"fr-FR","potentialAction":[{"@type":"ReadAction","target":["https:\/\/www.webdo.tn\/fr\/actualite\/national\/tunisie-un-soldat-tue-par-des-tirs-contre-une-patrouille-militaire\/214946\/"]}]},{"@type":"ImageObject","inLanguage":"fr-FR","@id":"https:\/\/www.webdo.tn\/fr\/actualite\/national\/tunisie-un-soldat-tue-par-des-tirs-contre-une-patrouille-militaire\/214946\/#primaryimage","url":"https:\/\/www.webdo.tn\/fr\/wp-content\/uploads\/2024\/06\/48cc36fcc3bba04c8f2f1af2ae8c176e.webp","contentUrl":"https:\/\/www.webdo.tn\/fr\/wp-content\/uploads\/2024\/06\/48cc36fcc3bba04c8f2f1af2ae8c176e.webp","width":750,"height":400,"caption":"Tunisie : Un soldat tu\u00e9 par des tirs contre une patrouille militaire"},{"@type":"BreadcrumbList","@id":"https:\/\/www.webdo.tn\/fr\/actualite\/national\/tunisie-un-soldat-tue-par-des-tirs-contre-une-patrouille-militaire\/214946\/#breadcrumb","itemListElement":[{"@type":"ListItem","position":1,"name":"Accueil","item":"https:\/\/www.webdo.tn\/fr\/"},{"@type":"ListItem","position":2,"name":"Tunisie : Un soldat tu\u00e9 par des tirs contre une patrouille militaire"}]},{"@type":"WebSite","@id":"https:\/\/www.webdo.tn\/fr\/#website","url":"https:\/\/www.webdo.tn\/fr\/","name":"webdo","description":"Tunisie - News en Tunisie et \u00e0 l&#039;international sur Webdo.tn","publisher":{"@id":"https:\/\/www.webdo.tn\/fr\/#organization"},"potentialAction":[{"@type":"SearchAction","target":{"@type":"EntryPoint","urlTemplate":"https:\/\/www.webdo.tn\/fr\/?s={search_term_string}"},"query-input":{"@type":"PropertyValueSpecification","valueRequired":true,"valueName":"search_term_string"}}],"inLanguage":"fr-FR"},{"@type":"Organization","@id":"https:\/\/www.webdo.tn\/fr\/#organization","name":"Webdo","alternateName":"Webdo.tn","url":"https:\/\/www.webdo.tn\/fr\/","logo":{"@type":"ImageObject","inLanguage":"fr-FR","@id":"https:\/\/www.webdo.tn\/fr\/#\/schema\/logo\/image\/","url":"https:\/\/www.webdo.tn\/fr\/wp-content\/uploads\/2025\/06\/Webdo-Tunisie_168377.jpg","contentUrl":"https:\/\/www.webdo.tn\/fr\/wp-content\/uploads\/2025\/06\/Webdo-Tunisie_168377.jpg","width":301,"height":301,"caption":"Webdo"},"image":{"@id":"https:\/\/www.webdo.tn\/fr\/#\/schema\/logo\/image\/"},"sameAs":["https:\/\/www.facebook.com\/webdotn","https:\/\/x.com\/webdo_tn"],"description":"Webdo est un m\u00e9dia num\u00e9rique tunisien fond\u00e9 en 2010, sp\u00e9cialis\u00e9 dans l\u2019actualit\u00e9 nationale et internationale, l\u2019\u00e9conomie, la soci\u00e9t\u00e9 et les analyses politiques. Le site s\u2019adresse \u00e0 un large public francophone et couvre l\u2019information tunisienne en temps r\u00e9el.","email":"redac@webdo.tn","legalName":"YNJ SARL","foundingDate":"2010-09-06","numberOfEmployees":{"@type":"QuantitativeValue","minValue":"11","maxValue":"50"}},{"@type":"Person","@id":"https:\/\/www.webdo.tn\/fr\/#\/schema\/person\/f35b42a42c5e2511bbd282959d6385cc","name":"CL","image":{"@type":"ImageObject","inLanguage":"fr-FR","@id":"https:\/\/secure.gravatar.com\/avatar\/1447a49909b67aa657c488aec6512e1dd6143a480c1ecfee9b5b5cd74eb3b59e?s=96&d=mm&r=g","url":"https:\/\/secure.gravatar.com\/avatar\/1447a49909b67aa657c488aec6512e1dd6143a480c1ecfee9b5b5cd74eb3b59e?s=96&d=mm&r=g","contentUrl":"https:\/\/secure.gravatar.com\/avatar\/1447a49909b67aa657c488aec6512e1dd6143a480c1ecfee9b5b5cd74eb3b59e?s=96&d=mm&r=g","caption":"CL"},"url":"https:\/\/www.webdo.tn\/fr\/actualite\/author\/cl\/"}]}},"_links":{"self":[{"href":"https:\/\/www.webdo.tn\/fr\/wp-json\/wp\/v2\/posts\/214946","targetHints":{"allow":["GET"]}}],"collection":[{"href":"https:\/\/www.webdo.tn\/fr\/wp-json\/wp\/v2\/posts"}],"about":[{"href":"https:\/\/www.webdo.tn\/fr\/wp-json\/wp\/v2\/types\/post"}],"author":[{"embeddable":true,"href":"https:\/\/www.webdo.tn\/fr\/wp-json\/wp\/v2\/users\/3175"}],"replies":[{"embeddable":true,"href":"https:\/\/www.webdo.tn\/fr\/wp-json\/wp\/v2\/comments?post=214946"}],"version-history":[{"count":0,"href":"https:\/\/www.webdo.tn\/fr\/wp-json\/wp\/v2\/posts\/214946\/revisions"}],"wp:featuredmedia":[{"embeddable":true,"href":"https:\/\/www.webdo.tn\/fr\/wp-json\/wp\/v2\/media\/290761"}],"wp:attachment":[{"href":"https:\/\/www.webdo.tn\/fr\/wp-json\/wp\/v2\/media?parent=214946"}],"wp:term":[{"taxonomy":"category","embeddable":true,"href":"https:\/\/www.webdo.tn\/fr\/wp-json\/wp\/v2\/categories?post=214946"},{"taxonomy":"post_tag","embeddable":true,"href":"https:\/\/www.webdo.tn\/fr\/wp-json\/wp\/v2\/tags?post=214946"}],"curies":[{"name":"wp","href":"https:\/\/api.w.org\/{rel}","templated":true}]}}