{"id":214941,"date":"2024-06-26T11:45:00","date_gmt":"2024-06-26T11:45:00","guid":{"rendered":"https:\/\/www.webdo.tn\/fr\/blog\/orange-tunisie-mise-sur-les-jeunes-athletes-tunisiens\/214941\/"},"modified":"2025-05-20T22:34:05","modified_gmt":"2025-05-20T22:34:05","slug":"orange-tunisie-mise-sur-les-jeunes-athletes-tunisiens","status":"publish","type":"post","link":"https:\/\/www.webdo.tn\/fr\/actualite\/sport\/orange-tunisie-mise-sur-les-jeunes-athletes-tunisiens\/214941\/","title":{"rendered":"Orange Tunisie mise sur les jeunes athl\u00e8tes tunisiens"},"content":{"rendered":"<p>Orange Tunisie a sign\u00e9 un partenariat avec trois jeunes athl\u00e8tes tunisiens et concr\u00e9tise ainsi son engagement dans le sport.<\/p>\n<p>\t\t\t\t\t\t\t\t\tTrois athl\u00e8tes, Mohamed Khalil Jendoubi, Firas Katousi et Zeineb Sghaier, tous confirm\u00e9s et titr\u00e9s ont \u00e9t\u00e9 choisis par Orange pour leurs parcours exemplaires, leur passion pour le sport et l\u2019espoir qu\u2019ils repr\u00e9sentent pour tout un pays.<\/p>\n<p>Ainsi, Orange Tunisie soutiendra et accompagnera les taekwondo\u00efstes Firas Katousi (-80 kg) et Mohamed Khalil Jendoubi (-58 kg) ainsi que la lutteuse Zeineb Sghaier (-76 kg).<\/p>\n<p>Cela repr\u00e9sente une extraordinaire opportunit\u00e9 pour ces sportifs de haut niveau, de se distinguer, de susciter de l\u2019engouement pour le sport et de donner de l\u2019espoir aux futurs athl\u00e8tes tunisiens.<\/p>\n<p>Ce partenariat d\u2019une ann\u00e9e illustre l&rsquo;engagement d&rsquo;Orange Tunisie envers le d\u00e9veloppement et l&rsquo;encouragement des jeunes athl\u00e8tes tunisiens, renfor\u00e7ant ainsi leur visibilit\u00e9 et leur succ\u00e8s \u00e0 l&rsquo;\u00e9chelle internationale.<\/p>\n<p>En soutenant Firas Katousi, Mohamed Khalil Jendoubi et Zeineb Sghaier, Orange Tunisie aspire non seulement \u00e0 les aider \u00e0 r\u00e9aliser leurs r\u00eaves dans les comp\u00e9titions sportives nationales et internationales mais aussi \u00e0 soutenir ces sports individuels qui manquent souvent de moyens financiers et de soutien contrairement aux sports collectifs.<\/p>\n<p>Orange Tunisie est fier d&rsquo;accompagner ces jeunes talents et de contribuer \u00e0 leur succ\u00e8s, en inspirant une nouvelle g\u00e9n\u00e9ration de sportifs tunisiens.<\/p>\n","protected":false},"excerpt":{"rendered":"<p>Trois athl\u00e8tes, Mohamed Khalil Jendoubi, Firas Katousi et Zeineb Sghaier, tous confirm\u00e9s et titr\u00e9sont \u00e9t\u00e9 choisis par Orange pour leurs parcours exemplaires, le&#8230;<\/p>\n","protected":false},"author":3169,"featured_media":290763,"comment_status":"open","ping_status":"closed","sticky":false,"template":"","format":"standard","meta":{"footnotes":""},"categories":[2593],"tags":[10275,10276,5907,2877,3300,4416],"class_list":["post-214941","post","type-post","status-publish","format-standard","has-post-thumbnail","hentry","category-sport","tag-firas-katousi","tag-zeineb-sghaier","tag-mohamed-khalil-jendoubi","tag-orange","tag-partenariat","tag-sport"],"yoast_head":"<!-- This site is optimized with the Yoast SEO Premium plugin v27.5 (Yoast SEO v27.5) - https:\/\/yoast.com\/product\/yoast-seo-premium-wordpress\/ -->\n<title>Orange Tunisie mise sur les jeunes athl\u00e8tes tunisiens<\/title>\n<meta name=\"description\" content=\"Trois athl\u00e8tes, Mohamed Khalil Jendoubi, Firas Katousi et Zeineb Sghaier, tous confirm\u00e9s et titr\u00e9sont \u00e9t\u00e9 choisis par Orange pour leurs parcours exemplaires, le...\" \/>\n<link rel=\"canonical\" href=\"https:\/\/www.webdo.tn\/fr\/actualite\/sport\/orange-tunisie-mise-sur-les-jeunes-athletes-tunisiens\/214941\/\" \/>\n<meta property=\"og:locale\" content=\"fr_FR\" \/>\n<meta property=\"og:type\" content=\"article\" \/>\n<meta property=\"og:title\" content=\"Orange Tunisie mise sur les jeunes athl\u00e8tes tunisiens\" \/>\n<meta property=\"og:description\" content=\"Trois athl\u00e8tes, Mohamed Khalil Jendoubi, Firas Katousi et Zeineb Sghaier, tous confirm\u00e9s et titr\u00e9sont \u00e9t\u00e9 choisis par Orange pour leurs parcours exemplaires, le...\" \/>\n<meta property=\"og:url\" content=\"https:\/\/www.webdo.tn\/fr\/actualite\/sport\/orange-tunisie-mise-sur-les-jeunes-athletes-tunisiens\/214941\/\" \/>\n<meta property=\"og:site_name\" content=\"webdo\" \/>\n<meta property=\"article:publisher\" content=\"https:\/\/www.facebook.com\/webdotn\" \/>\n<meta property=\"article:published_time\" content=\"2024-06-26T11:45:00+00:00\" \/>\n<meta property=\"article:modified_time\" content=\"2025-05-20T22:34:05+00:00\" \/>\n<meta property=\"og:image\" content=\"https:\/\/www.webdo.tn\/fr\/wp-content\/uploads\/2024\/06\/cfcc8db337df278bce18fee10b3ff311.webp\" \/>\n\t<meta property=\"og:image:width\" content=\"568\" \/>\n\t<meta property=\"og:image:height\" content=\"303\" \/>\n\t<meta property=\"og:image:type\" content=\"image\/webp\" \/>\n<meta name=\"author\" content=\"Webdo\" \/>\n<meta name=\"twitter:card\" content=\"summary_large_image\" \/>\n<meta name=\"twitter:creator\" content=\"@webdo_tn\" \/>\n<meta name=\"twitter:site\" content=\"@webdo_tn\" \/>\n<meta name=\"twitter:label1\" content=\"\u00c9crit par\" \/>\n\t<meta name=\"twitter:data1\" content=\"Webdo\" \/>\n\t<meta name=\"twitter:label2\" content=\"Dur\u00e9e de lecture estim\u00e9e\" \/>\n\t<meta name=\"twitter:data2\" content=\"1 minute\" \/>\n<script type=\"application\/ld+json\" class=\"yoast-schema-graph\">{\"@context\":\"https:\\\/\\\/schema.org\",\"@graph\":[{\"@type\":\"NewsArticle\",\"@id\":\"https:\\\/\\\/www.webdo.tn\\\/fr\\\/actualite\\\/sport\\\/orange-tunisie-mise-sur-les-jeunes-athletes-tunisiens\\\/214941\\\/#article\",\"isPartOf\":{\"@id\":\"https:\\\/\\\/www.webdo.tn\\\/fr\\\/actualite\\\/sport\\\/orange-tunisie-mise-sur-les-jeunes-athletes-tunisiens\\\/214941\\\/\"},\"author\":{\"name\":\"Webdo\",\"@id\":\"https:\\\/\\\/www.webdo.tn\\\/fr\\\/#\\\/schema\\\/person\\\/1f4e491e0907b413d61089e8eb573acc\"},\"headline\":\"Orange Tunisie mise sur les jeunes athl\u00e8tes tunisiens\",\"datePublished\":\"2024-06-26T11:45:00+00:00\",\"dateModified\":\"2025-05-20T22:34:05+00:00\",\"mainEntityOfPage\":{\"@id\":\"https:\\\/\\\/www.webdo.tn\\\/fr\\\/actualite\\\/sport\\\/orange-tunisie-mise-sur-les-jeunes-athletes-tunisiens\\\/214941\\\/\"},\"wordCount\":243,\"commentCount\":0,\"publisher\":{\"@id\":\"https:\\\/\\\/www.webdo.tn\\\/fr\\\/#organization\"},\"image\":{\"@id\":\"https:\\\/\\\/www.webdo.tn\\\/fr\\\/actualite\\\/sport\\\/orange-tunisie-mise-sur-les-jeunes-athletes-tunisiens\\\/214941\\\/#primaryimage\"},\"thumbnailUrl\":\"https:\\\/\\\/www.webdo.tn\\\/fr\\\/wp-content\\\/uploads\\\/2024\\\/06\\\/cfcc8db337df278bce18fee10b3ff311.webp\",\"keywords\":[\"'Firas Katousi'\",\"'Zeineb Sghaier']\",\"Mohamed Khalil Jendoubi\",\"orange\",\"partenariat\",\"Sport\"],\"articleSection\":[\"Sport\"],\"inLanguage\":\"fr-FR\"},{\"@type\":\"WebPage\",\"@id\":\"https:\\\/\\\/www.webdo.tn\\\/fr\\\/actualite\\\/sport\\\/orange-tunisie-mise-sur-les-jeunes-athletes-tunisiens\\\/214941\\\/\",\"url\":\"https:\\\/\\\/www.webdo.tn\\\/fr\\\/actualite\\\/sport\\\/orange-tunisie-mise-sur-les-jeunes-athletes-tunisiens\\\/214941\\\/\",\"name\":\"Orange Tunisie mise sur les jeunes athl\u00e8tes tunisiens\",\"isPartOf\":{\"@id\":\"https:\\\/\\\/www.webdo.tn\\\/fr\\\/#website\"},\"primaryImageOfPage\":{\"@id\":\"https:\\\/\\\/www.webdo.tn\\\/fr\\\/actualite\\\/sport\\\/orange-tunisie-mise-sur-les-jeunes-athletes-tunisiens\\\/214941\\\/#primaryimage\"},\"image\":{\"@id\":\"https:\\\/\\\/www.webdo.tn\\\/fr\\\/actualite\\\/sport\\\/orange-tunisie-mise-sur-les-jeunes-athletes-tunisiens\\\/214941\\\/#primaryimage\"},\"thumbnailUrl\":\"https:\\\/\\\/www.webdo.tn\\\/fr\\\/wp-content\\\/uploads\\\/2024\\\/06\\\/cfcc8db337df278bce18fee10b3ff311.webp\",\"datePublished\":\"2024-06-26T11:45:00+00:00\",\"dateModified\":\"2025-05-20T22:34:05+00:00\",\"description\":\"Trois athl\u00e8tes, Mohamed Khalil Jendoubi, Firas Katousi et Zeineb Sghaier, tous confirm\u00e9s et titr\u00e9sont \u00e9t\u00e9 choisis par Orange pour leurs parcours exemplaires, le...\",\"breadcrumb\":{\"@id\":\"https:\\\/\\\/www.webdo.tn\\\/fr\\\/actualite\\\/sport\\\/orange-tunisie-mise-sur-les-jeunes-athletes-tunisiens\\\/214941\\\/#breadcrumb\"},\"inLanguage\":\"fr-FR\",\"potentialAction\":[{\"@type\":\"ReadAction\",\"target\":[\"https:\\\/\\\/www.webdo.tn\\\/fr\\\/actualite\\\/sport\\\/orange-tunisie-mise-sur-les-jeunes-athletes-tunisiens\\\/214941\\\/\"]}]},{\"@type\":\"ImageObject\",\"inLanguage\":\"fr-FR\",\"@id\":\"https:\\\/\\\/www.webdo.tn\\\/fr\\\/actualite\\\/sport\\\/orange-tunisie-mise-sur-les-jeunes-athletes-tunisiens\\\/214941\\\/#primaryimage\",\"url\":\"https:\\\/\\\/www.webdo.tn\\\/fr\\\/wp-content\\\/uploads\\\/2024\\\/06\\\/cfcc8db337df278bce18fee10b3ff311.webp\",\"contentUrl\":\"https:\\\/\\\/www.webdo.tn\\\/fr\\\/wp-content\\\/uploads\\\/2024\\\/06\\\/cfcc8db337df278bce18fee10b3ff311.webp\",\"width\":568,\"height\":303,\"caption\":\"Orange Tunisie mise sur les jeunes athl\u00e8tes tunisiens\"},{\"@type\":\"BreadcrumbList\",\"@id\":\"https:\\\/\\\/www.webdo.tn\\\/fr\\\/actualite\\\/sport\\\/orange-tunisie-mise-sur-les-jeunes-athletes-tunisiens\\\/214941\\\/#breadcrumb\",\"itemListElement\":[{\"@type\":\"ListItem\",\"position\":1,\"name\":\"Accueil\",\"item\":\"https:\\\/\\\/www.webdo.tn\\\/fr\\\/\"},{\"@type\":\"ListItem\",\"position\":2,\"name\":\"Orange Tunisie mise sur les jeunes athl\u00e8tes tunisiens\"}]},{\"@type\":\"WebSite\",\"@id\":\"https:\\\/\\\/www.webdo.tn\\\/fr\\\/#website\",\"url\":\"https:\\\/\\\/www.webdo.tn\\\/fr\\\/\",\"name\":\"webdo\",\"description\":\"Tunisie - News en Tunisie et \u00e0 l&#039;international sur Webdo.tn\",\"publisher\":{\"@id\":\"https:\\\/\\\/www.webdo.tn\\\/fr\\\/#organization\"},\"potentialAction\":[{\"@type\":\"SearchAction\",\"target\":{\"@type\":\"EntryPoint\",\"urlTemplate\":\"https:\\\/\\\/www.webdo.tn\\\/fr\\\/?s={search_term_string}\"},\"query-input\":{\"@type\":\"PropertyValueSpecification\",\"valueRequired\":true,\"valueName\":\"search_term_string\"}}],\"inLanguage\":\"fr-FR\"},{\"@type\":\"Organization\",\"@id\":\"https:\\\/\\\/www.webdo.tn\\\/fr\\\/#organization\",\"name\":\"Webdo\",\"alternateName\":\"Webdo.tn\",\"url\":\"https:\\\/\\\/www.webdo.tn\\\/fr\\\/\",\"logo\":{\"@type\":\"ImageObject\",\"inLanguage\":\"fr-FR\",\"@id\":\"https:\\\/\\\/www.webdo.tn\\\/fr\\\/#\\\/schema\\\/logo\\\/image\\\/\",\"url\":\"https:\\\/\\\/www.webdo.tn\\\/fr\\\/wp-content\\\/uploads\\\/2025\\\/06\\\/Webdo-Tunisie_168377.jpg\",\"contentUrl\":\"https:\\\/\\\/www.webdo.tn\\\/fr\\\/wp-content\\\/uploads\\\/2025\\\/06\\\/Webdo-Tunisie_168377.jpg\",\"width\":301,\"height\":301,\"caption\":\"Webdo\"},\"image\":{\"@id\":\"https:\\\/\\\/www.webdo.tn\\\/fr\\\/#\\\/schema\\\/logo\\\/image\\\/\"},\"sameAs\":[\"https:\\\/\\\/www.facebook.com\\\/webdotn\",\"https:\\\/\\\/x.com\\\/webdo_tn\"],\"description\":\"Webdo est un m\u00e9dia num\u00e9rique tunisien fond\u00e9 en 2010, sp\u00e9cialis\u00e9 dans l\u2019actualit\u00e9 nationale et internationale, l\u2019\u00e9conomie, la soci\u00e9t\u00e9 et les analyses politiques. Le site s\u2019adresse \u00e0 un large public francophone et couvre l\u2019information tunisienne en temps r\u00e9el.\",\"email\":\"redac@webdo.tn\",\"legalName\":\"YNJ SARL\",\"foundingDate\":\"2010-09-06\",\"numberOfEmployees\":{\"@type\":\"QuantitativeValue\",\"minValue\":\"11\",\"maxValue\":\"50\"}},{\"@type\":\"Person\",\"@id\":\"https:\\\/\\\/www.webdo.tn\\\/fr\\\/#\\\/schema\\\/person\\\/1f4e491e0907b413d61089e8eb573acc\",\"name\":\"Webdo\",\"image\":{\"@type\":\"ImageObject\",\"inLanguage\":\"fr-FR\",\"@id\":\"https:\\\/\\\/secure.gravatar.com\\\/avatar\\\/de97aeec1bb80978a9dbb127e47dfc88aaacb2f3c29aac907d8d3222e3495d49?s=96&d=mm&r=g\",\"url\":\"https:\\\/\\\/secure.gravatar.com\\\/avatar\\\/de97aeec1bb80978a9dbb127e47dfc88aaacb2f3c29aac907d8d3222e3495d49?s=96&d=mm&r=g\",\"contentUrl\":\"https:\\\/\\\/secure.gravatar.com\\\/avatar\\\/de97aeec1bb80978a9dbb127e47dfc88aaacb2f3c29aac907d8d3222e3495d49?s=96&d=mm&r=g\",\"caption\":\"Webdo\"},\"url\":\"https:\\\/\\\/www.webdo.tn\\\/fr\\\/actualite\\\/author\\\/webdo\\\/\"}]}<\/script>\n<!-- \/ Yoast SEO Premium plugin. -->","yoast_head_json":{"title":"Orange Tunisie mise sur les jeunes athl\u00e8tes tunisiens","description":"Trois athl\u00e8tes, Mohamed Khalil Jendoubi, Firas Katousi et Zeineb Sghaier, tous confirm\u00e9s et titr\u00e9sont \u00e9t\u00e9 choisis par Orange pour leurs parcours exemplaires, le...","canonical":"https:\/\/www.webdo.tn\/fr\/actualite\/sport\/orange-tunisie-mise-sur-les-jeunes-athletes-tunisiens\/214941\/","og_locale":"fr_FR","og_type":"article","og_title":"Orange Tunisie mise sur les jeunes athl\u00e8tes tunisiens","og_description":"Trois athl\u00e8tes, Mohamed Khalil Jendoubi, Firas Katousi et Zeineb Sghaier, tous confirm\u00e9s et titr\u00e9sont \u00e9t\u00e9 choisis par Orange pour leurs parcours exemplaires, le...","og_url":"https:\/\/www.webdo.tn\/fr\/actualite\/sport\/orange-tunisie-mise-sur-les-jeunes-athletes-tunisiens\/214941\/","og_site_name":"webdo","article_publisher":"https:\/\/www.facebook.com\/webdotn","article_published_time":"2024-06-26T11:45:00+00:00","article_modified_time":"2025-05-20T22:34:05+00:00","og_image":[{"width":568,"height":303,"url":"https:\/\/www.webdo.tn\/fr\/wp-content\/uploads\/2024\/06\/cfcc8db337df278bce18fee10b3ff311.webp","type":"image\/webp"}],"author":"Webdo","twitter_card":"summary_large_image","twitter_creator":"@webdo_tn","twitter_site":"@webdo_tn","twitter_misc":{"\u00c9crit par":"Webdo","Dur\u00e9e de lecture estim\u00e9e":"1 minute"},"schema":{"@context":"https:\/\/schema.org","@graph":[{"@type":"NewsArticle","@id":"https:\/\/www.webdo.tn\/fr\/actualite\/sport\/orange-tunisie-mise-sur-les-jeunes-athletes-tunisiens\/214941\/#article","isPartOf":{"@id":"https:\/\/www.webdo.tn\/fr\/actualite\/sport\/orange-tunisie-mise-sur-les-jeunes-athletes-tunisiens\/214941\/"},"author":{"name":"Webdo","@id":"https:\/\/www.webdo.tn\/fr\/#\/schema\/person\/1f4e491e0907b413d61089e8eb573acc"},"headline":"Orange Tunisie mise sur les jeunes athl\u00e8tes tunisiens","datePublished":"2024-06-26T11:45:00+00:00","dateModified":"2025-05-20T22:34:05+00:00","mainEntityOfPage":{"@id":"https:\/\/www.webdo.tn\/fr\/actualite\/sport\/orange-tunisie-mise-sur-les-jeunes-athletes-tunisiens\/214941\/"},"wordCount":243,"commentCount":0,"publisher":{"@id":"https:\/\/www.webdo.tn\/fr\/#organization"},"image":{"@id":"https:\/\/www.webdo.tn\/fr\/actualite\/sport\/orange-tunisie-mise-sur-les-jeunes-athletes-tunisiens\/214941\/#primaryimage"},"thumbnailUrl":"https:\/\/www.webdo.tn\/fr\/wp-content\/uploads\/2024\/06\/cfcc8db337df278bce18fee10b3ff311.webp","keywords":["'Firas Katousi'","'Zeineb Sghaier']","Mohamed Khalil Jendoubi","orange","partenariat","Sport"],"articleSection":["Sport"],"inLanguage":"fr-FR"},{"@type":"WebPage","@id":"https:\/\/www.webdo.tn\/fr\/actualite\/sport\/orange-tunisie-mise-sur-les-jeunes-athletes-tunisiens\/214941\/","url":"https:\/\/www.webdo.tn\/fr\/actualite\/sport\/orange-tunisie-mise-sur-les-jeunes-athletes-tunisiens\/214941\/","name":"Orange Tunisie mise sur les jeunes athl\u00e8tes tunisiens","isPartOf":{"@id":"https:\/\/www.webdo.tn\/fr\/#website"},"primaryImageOfPage":{"@id":"https:\/\/www.webdo.tn\/fr\/actualite\/sport\/orange-tunisie-mise-sur-les-jeunes-athletes-tunisiens\/214941\/#primaryimage"},"image":{"@id":"https:\/\/www.webdo.tn\/fr\/actualite\/sport\/orange-tunisie-mise-sur-les-jeunes-athletes-tunisiens\/214941\/#primaryimage"},"thumbnailUrl":"https:\/\/www.webdo.tn\/fr\/wp-content\/uploads\/2024\/06\/cfcc8db337df278bce18fee10b3ff311.webp","datePublished":"2024-06-26T11:45:00+00:00","dateModified":"2025-05-20T22:34:05+00:00","description":"Trois athl\u00e8tes, Mohamed Khalil Jendoubi, Firas Katousi et Zeineb Sghaier, tous confirm\u00e9s et titr\u00e9sont \u00e9t\u00e9 choisis par Orange pour leurs parcours exemplaires, le...","breadcrumb":{"@id":"https:\/\/www.webdo.tn\/fr\/actualite\/sport\/orange-tunisie-mise-sur-les-jeunes-athletes-tunisiens\/214941\/#breadcrumb"},"inLanguage":"fr-FR","potentialAction":[{"@type":"ReadAction","target":["https:\/\/www.webdo.tn\/fr\/actualite\/sport\/orange-tunisie-mise-sur-les-jeunes-athletes-tunisiens\/214941\/"]}]},{"@type":"ImageObject","inLanguage":"fr-FR","@id":"https:\/\/www.webdo.tn\/fr\/actualite\/sport\/orange-tunisie-mise-sur-les-jeunes-athletes-tunisiens\/214941\/#primaryimage","url":"https:\/\/www.webdo.tn\/fr\/wp-content\/uploads\/2024\/06\/cfcc8db337df278bce18fee10b3ff311.webp","contentUrl":"https:\/\/www.webdo.tn\/fr\/wp-content\/uploads\/2024\/06\/cfcc8db337df278bce18fee10b3ff311.webp","width":568,"height":303,"caption":"Orange Tunisie mise sur les jeunes athl\u00e8tes tunisiens"},{"@type":"BreadcrumbList","@id":"https:\/\/www.webdo.tn\/fr\/actualite\/sport\/orange-tunisie-mise-sur-les-jeunes-athletes-tunisiens\/214941\/#breadcrumb","itemListElement":[{"@type":"ListItem","position":1,"name":"Accueil","item":"https:\/\/www.webdo.tn\/fr\/"},{"@type":"ListItem","position":2,"name":"Orange Tunisie mise sur les jeunes athl\u00e8tes tunisiens"}]},{"@type":"WebSite","@id":"https:\/\/www.webdo.tn\/fr\/#website","url":"https:\/\/www.webdo.tn\/fr\/","name":"webdo","description":"Tunisie - News en Tunisie et \u00e0 l&#039;international sur Webdo.tn","publisher":{"@id":"https:\/\/www.webdo.tn\/fr\/#organization"},"potentialAction":[{"@type":"SearchAction","target":{"@type":"EntryPoint","urlTemplate":"https:\/\/www.webdo.tn\/fr\/?s={search_term_string}"},"query-input":{"@type":"PropertyValueSpecification","valueRequired":true,"valueName":"search_term_string"}}],"inLanguage":"fr-FR"},{"@type":"Organization","@id":"https:\/\/www.webdo.tn\/fr\/#organization","name":"Webdo","alternateName":"Webdo.tn","url":"https:\/\/www.webdo.tn\/fr\/","logo":{"@type":"ImageObject","inLanguage":"fr-FR","@id":"https:\/\/www.webdo.tn\/fr\/#\/schema\/logo\/image\/","url":"https:\/\/www.webdo.tn\/fr\/wp-content\/uploads\/2025\/06\/Webdo-Tunisie_168377.jpg","contentUrl":"https:\/\/www.webdo.tn\/fr\/wp-content\/uploads\/2025\/06\/Webdo-Tunisie_168377.jpg","width":301,"height":301,"caption":"Webdo"},"image":{"@id":"https:\/\/www.webdo.tn\/fr\/#\/schema\/logo\/image\/"},"sameAs":["https:\/\/www.facebook.com\/webdotn","https:\/\/x.com\/webdo_tn"],"description":"Webdo est un m\u00e9dia num\u00e9rique tunisien fond\u00e9 en 2010, sp\u00e9cialis\u00e9 dans l\u2019actualit\u00e9 nationale et internationale, l\u2019\u00e9conomie, la soci\u00e9t\u00e9 et les analyses politiques. Le site s\u2019adresse \u00e0 un large public francophone et couvre l\u2019information tunisienne en temps r\u00e9el.","email":"redac@webdo.tn","legalName":"YNJ SARL","foundingDate":"2010-09-06","numberOfEmployees":{"@type":"QuantitativeValue","minValue":"11","maxValue":"50"}},{"@type":"Person","@id":"https:\/\/www.webdo.tn\/fr\/#\/schema\/person\/1f4e491e0907b413d61089e8eb573acc","name":"Webdo","image":{"@type":"ImageObject","inLanguage":"fr-FR","@id":"https:\/\/secure.gravatar.com\/avatar\/de97aeec1bb80978a9dbb127e47dfc88aaacb2f3c29aac907d8d3222e3495d49?s=96&d=mm&r=g","url":"https:\/\/secure.gravatar.com\/avatar\/de97aeec1bb80978a9dbb127e47dfc88aaacb2f3c29aac907d8d3222e3495d49?s=96&d=mm&r=g","contentUrl":"https:\/\/secure.gravatar.com\/avatar\/de97aeec1bb80978a9dbb127e47dfc88aaacb2f3c29aac907d8d3222e3495d49?s=96&d=mm&r=g","caption":"Webdo"},"url":"https:\/\/www.webdo.tn\/fr\/actualite\/author\/webdo\/"}]}},"_links":{"self":[{"href":"https:\/\/www.webdo.tn\/fr\/wp-json\/wp\/v2\/posts\/214941","targetHints":{"allow":["GET"]}}],"collection":[{"href":"https:\/\/www.webdo.tn\/fr\/wp-json\/wp\/v2\/posts"}],"about":[{"href":"https:\/\/www.webdo.tn\/fr\/wp-json\/wp\/v2\/types\/post"}],"author":[{"embeddable":true,"href":"https:\/\/www.webdo.tn\/fr\/wp-json\/wp\/v2\/users\/3169"}],"replies":[{"embeddable":true,"href":"https:\/\/www.webdo.tn\/fr\/wp-json\/wp\/v2\/comments?post=214941"}],"version-history":[{"count":0,"href":"https:\/\/www.webdo.tn\/fr\/wp-json\/wp\/v2\/posts\/214941\/revisions"}],"wp:featuredmedia":[{"embeddable":true,"href":"https:\/\/www.webdo.tn\/fr\/wp-json\/wp\/v2\/media\/290763"}],"wp:attachment":[{"href":"https:\/\/www.webdo.tn\/fr\/wp-json\/wp\/v2\/media?parent=214941"}],"wp:term":[{"taxonomy":"category","embeddable":true,"href":"https:\/\/www.webdo.tn\/fr\/wp-json\/wp\/v2\/categories?post=214941"},{"taxonomy":"post_tag","embeddable":true,"href":"https:\/\/www.webdo.tn\/fr\/wp-json\/wp\/v2\/tags?post=214941"}],"curies":[{"name":"wp","href":"https:\/\/api.w.org\/{rel}","templated":true}]}}