{"id":214939,"date":"2024-06-26T10:44:00","date_gmt":"2024-06-26T10:44:00","guid":{"rendered":"https:\/\/www.webdo.tn\/fr\/blog\/l-ambassade-de-tunisie-a-bruxelles-critique-l-acharnement-de-josep-borrell\/214939\/"},"modified":"2025-05-20T22:54:01","modified_gmt":"2025-05-20T22:54:01","slug":"l-ambassade-de-tunisie-a-bruxelles-critique-l-acharnement-de-josep-borrell","status":"publish","type":"post","link":"https:\/\/www.webdo.tn\/fr\/actualite\/national\/l-ambassade-de-tunisie-a-bruxelles-critique-l-acharnement-de-josep-borrell\/214939\/","title":{"rendered":"L\u2019Ambassade de Tunisie \u00e0 Bruxelles critique l\u2019acharnement de Josep Borrell"},"content":{"rendered":"<p>Lors de la r\u00e9union du Conseil europ\u00e9en des Affaires \u00e9trang\u00e8res du 24 juin 2024, le Haut-repr\u00e9sentant Josep Borrell a discut\u00e9 de la situation des droits de l\u2019Homme en Tunisie ainsi que des r\u00e9cents d\u00e9veloppements g\u00e9opolitiques dans le pays. L\u2019Ambassade Tunisie \u00e0 Bruxelles a r\u00e9pondu \u00e0 ces propos via un communiqu\u00e9.<\/p>\n<p>\t\t\t\t\t\t\t\t\tLe Haut-repr\u00e9sentant Josep Borrell a discut\u00e9 de la situation des droits de l\u2019Homme en Tunisie ainsi que des r\u00e9cents d\u00e9veloppements g\u00e9opolitiques dans le pays lors de la r\u00e9union du Conseil europ\u00e9en des Affaires \u00e9trang\u00e8res du 24 juin 2024.<\/p>\n<p>Il a par ailleurs, exprim\u00e9 la pr\u00e9occupation de l\u2019Union europ\u00e9enne face au rapprochement de la Tunisie avec la Russie, la Chine et l\u2019Iran, consid\u00e9r\u00e9 comme inqui\u00e9tant par l\u2019UE. M. Borrell a ajout\u00e9 que des investigations suppl\u00e9mentaires seront men\u00e9es \u00e0 ce sujet.<\/p>\n<p>En r\u00e9ponse, l\u2019Ambassade de Tunisie en Belgique a publi\u00e9 une d\u00e9claration mettant en avant plusieurs points essentiels, rappelant que le gouvernement tunisien repr\u00e9sente l\u00e9gitimement les aspirations du peuple et exerce sa souverainet\u00e9 de mani\u00e8re ind\u00e9pendante dans ses relations avec tous ses partenaires.<\/p>\n<p>La Tunisie demeure attach\u00e9e aux acquis de son partenariat avec l\u2019Union europ\u00e9enne tout en cherchant \u00e0 l\u2019adapter aux d\u00e9fis actuels. L\u2019ambassade a \u00e9galement critiqu\u00e9 ce qu\u2019elle a d\u00e9crit comme un acharnement de la part de M. Borrell, en affirmant que cela n\u2019alt\u00e9rera pas le partenariat entre la Tunisie et l\u2019Union europ\u00e9enne.<\/p>\n<p>Le texte du communiqu\u00e9 :<\/p>\n","protected":false},"excerpt":{"rendered":"<p>Le Haut-repr\u00e9sentant Josep Borrell a discut\u00e9 de la situation des droits de l\u2019Homme en Tunisie ainsi que des r\u00e9cents d\u00e9veloppements g\u00e9opolitiques dans le pays lo&#8230;<\/p>\n","protected":false},"author":3175,"featured_media":290760,"comment_status":"open","ping_status":"closed","sticky":false,"template":"","format":"standard","meta":{"footnotes":""},"categories":[44],"tags":[10271,5568,6832,8761,2608],"class_list":["post-214939","post","type-post","status-publish","format-standard","has-post-thumbnail","hentry","category-national","tag-reponse","tag-ambassade","tag-bruxelles","tag-josep-borrell","tag-tunisie"],"yoast_head":"<!-- This site is optimized with the Yoast SEO Premium plugin v27.5 (Yoast SEO v27.5) - https:\/\/yoast.com\/product\/yoast-seo-premium-wordpress\/ -->\n<title>L\u2019Ambassade de Tunisie \u00e0 Bruxelles critique l\u2019acharnement de Josep Borrell<\/title>\n<meta name=\"description\" content=\"Le Haut-repr\u00e9sentant Josep Borrell a discut\u00e9 de la situation des droits de l\u2019Homme en Tunisie ainsi que des r\u00e9cents d\u00e9veloppements g\u00e9opolitiques dans le pays lo...\" \/>\n<link rel=\"canonical\" href=\"https:\/\/www.webdo.tn\/fr\/actualite\/national\/l-ambassade-de-tunisie-a-bruxelles-critique-l-acharnement-de-josep-borrell\/214939\/\" \/>\n<meta property=\"og:locale\" content=\"fr_FR\" \/>\n<meta property=\"og:type\" content=\"article\" \/>\n<meta property=\"og:title\" content=\"L\u2019Ambassade de Tunisie \u00e0 Bruxelles critique l\u2019acharnement de Josep Borrell\" \/>\n<meta property=\"og:description\" content=\"Le Haut-repr\u00e9sentant Josep Borrell a discut\u00e9 de la situation des droits de l\u2019Homme en Tunisie ainsi que des r\u00e9cents d\u00e9veloppements g\u00e9opolitiques dans le pays lo...\" \/>\n<meta property=\"og:url\" content=\"https:\/\/www.webdo.tn\/fr\/actualite\/national\/l-ambassade-de-tunisie-a-bruxelles-critique-l-acharnement-de-josep-borrell\/214939\/\" \/>\n<meta property=\"og:site_name\" content=\"webdo\" \/>\n<meta property=\"article:publisher\" content=\"https:\/\/www.facebook.com\/webdotn\" \/>\n<meta property=\"article:published_time\" content=\"2024-06-26T10:44:00+00:00\" \/>\n<meta property=\"article:modified_time\" content=\"2025-05-20T22:54:01+00:00\" \/>\n<meta property=\"og:image\" content=\"https:\/\/www.webdo.tn\/fr\/wp-content\/uploads\/2024\/06\/5e014fdb70ac94f63f4b9663226362e5.webp\" \/>\n\t<meta property=\"og:image:width\" content=\"750\" \/>\n\t<meta property=\"og:image:height\" content=\"400\" \/>\n\t<meta property=\"og:image:type\" content=\"image\/webp\" \/>\n<meta name=\"author\" content=\"CL\" \/>\n<meta name=\"twitter:card\" content=\"summary_large_image\" \/>\n<meta name=\"twitter:creator\" content=\"@webdo_tn\" \/>\n<meta name=\"twitter:site\" content=\"@webdo_tn\" \/>\n<meta name=\"twitter:label1\" content=\"\u00c9crit par\" \/>\n\t<meta name=\"twitter:data1\" content=\"CL\" \/>\n\t<meta name=\"twitter:label2\" content=\"Dur\u00e9e de lecture estim\u00e9e\" \/>\n\t<meta name=\"twitter:data2\" content=\"1 minute\" \/>\n<script type=\"application\/ld+json\" class=\"yoast-schema-graph\">{\"@context\":\"https:\\\/\\\/schema.org\",\"@graph\":[{\"@type\":\"NewsArticle\",\"@id\":\"https:\\\/\\\/www.webdo.tn\\\/fr\\\/actualite\\\/national\\\/l-ambassade-de-tunisie-a-bruxelles-critique-l-acharnement-de-josep-borrell\\\/214939\\\/#article\",\"isPartOf\":{\"@id\":\"https:\\\/\\\/www.webdo.tn\\\/fr\\\/actualite\\\/national\\\/l-ambassade-de-tunisie-a-bruxelles-critique-l-acharnement-de-josep-borrell\\\/214939\\\/\"},\"author\":{\"name\":\"CL\",\"@id\":\"https:\\\/\\\/www.webdo.tn\\\/fr\\\/#\\\/schema\\\/person\\\/f35b42a42c5e2511bbd282959d6385cc\"},\"headline\":\"L\u2019Ambassade de Tunisie \u00e0 Bruxelles critique l\u2019acharnement de Josep Borrell\",\"datePublished\":\"2024-06-26T10:44:00+00:00\",\"dateModified\":\"2025-05-20T22:54:01+00:00\",\"mainEntityOfPage\":{\"@id\":\"https:\\\/\\\/www.webdo.tn\\\/fr\\\/actualite\\\/national\\\/l-ambassade-de-tunisie-a-bruxelles-critique-l-acharnement-de-josep-borrell\\\/214939\\\/\"},\"wordCount\":275,\"commentCount\":0,\"publisher\":{\"@id\":\"https:\\\/\\\/www.webdo.tn\\\/fr\\\/#organization\"},\"image\":{\"@id\":\"https:\\\/\\\/www.webdo.tn\\\/fr\\\/actualite\\\/national\\\/l-ambassade-de-tunisie-a-bruxelles-critique-l-acharnement-de-josep-borrell\\\/214939\\\/#primaryimage\"},\"thumbnailUrl\":\"https:\\\/\\\/www.webdo.tn\\\/fr\\\/wp-content\\\/uploads\\\/2024\\\/06\\\/5e014fdb70ac94f63f4b9663226362e5.webp\",\"keywords\":[\"'r\u00e9ponse']\",\"ambassade\",\"Bruxelles\",\"Josep Borrell\",\"Tunisie\"],\"articleSection\":[\"National\"],\"inLanguage\":\"fr-FR\"},{\"@type\":\"WebPage\",\"@id\":\"https:\\\/\\\/www.webdo.tn\\\/fr\\\/actualite\\\/national\\\/l-ambassade-de-tunisie-a-bruxelles-critique-l-acharnement-de-josep-borrell\\\/214939\\\/\",\"url\":\"https:\\\/\\\/www.webdo.tn\\\/fr\\\/actualite\\\/national\\\/l-ambassade-de-tunisie-a-bruxelles-critique-l-acharnement-de-josep-borrell\\\/214939\\\/\",\"name\":\"L\u2019Ambassade de Tunisie \u00e0 Bruxelles critique l\u2019acharnement de Josep Borrell\",\"isPartOf\":{\"@id\":\"https:\\\/\\\/www.webdo.tn\\\/fr\\\/#website\"},\"primaryImageOfPage\":{\"@id\":\"https:\\\/\\\/www.webdo.tn\\\/fr\\\/actualite\\\/national\\\/l-ambassade-de-tunisie-a-bruxelles-critique-l-acharnement-de-josep-borrell\\\/214939\\\/#primaryimage\"},\"image\":{\"@id\":\"https:\\\/\\\/www.webdo.tn\\\/fr\\\/actualite\\\/national\\\/l-ambassade-de-tunisie-a-bruxelles-critique-l-acharnement-de-josep-borrell\\\/214939\\\/#primaryimage\"},\"thumbnailUrl\":\"https:\\\/\\\/www.webdo.tn\\\/fr\\\/wp-content\\\/uploads\\\/2024\\\/06\\\/5e014fdb70ac94f63f4b9663226362e5.webp\",\"datePublished\":\"2024-06-26T10:44:00+00:00\",\"dateModified\":\"2025-05-20T22:54:01+00:00\",\"description\":\"Le Haut-repr\u00e9sentant Josep Borrell a discut\u00e9 de la situation des droits de l\u2019Homme en Tunisie ainsi que des r\u00e9cents d\u00e9veloppements g\u00e9opolitiques dans le pays lo...\",\"breadcrumb\":{\"@id\":\"https:\\\/\\\/www.webdo.tn\\\/fr\\\/actualite\\\/national\\\/l-ambassade-de-tunisie-a-bruxelles-critique-l-acharnement-de-josep-borrell\\\/214939\\\/#breadcrumb\"},\"inLanguage\":\"fr-FR\",\"potentialAction\":[{\"@type\":\"ReadAction\",\"target\":[\"https:\\\/\\\/www.webdo.tn\\\/fr\\\/actualite\\\/national\\\/l-ambassade-de-tunisie-a-bruxelles-critique-l-acharnement-de-josep-borrell\\\/214939\\\/\"]}]},{\"@type\":\"ImageObject\",\"inLanguage\":\"fr-FR\",\"@id\":\"https:\\\/\\\/www.webdo.tn\\\/fr\\\/actualite\\\/national\\\/l-ambassade-de-tunisie-a-bruxelles-critique-l-acharnement-de-josep-borrell\\\/214939\\\/#primaryimage\",\"url\":\"https:\\\/\\\/www.webdo.tn\\\/fr\\\/wp-content\\\/uploads\\\/2024\\\/06\\\/5e014fdb70ac94f63f4b9663226362e5.webp\",\"contentUrl\":\"https:\\\/\\\/www.webdo.tn\\\/fr\\\/wp-content\\\/uploads\\\/2024\\\/06\\\/5e014fdb70ac94f63f4b9663226362e5.webp\",\"width\":750,\"height\":400,\"caption\":\"L\u2019Ambassade de Tunisie \u00e0 Bruxelles critique l\u2019acharnement de Josep Borrell\"},{\"@type\":\"BreadcrumbList\",\"@id\":\"https:\\\/\\\/www.webdo.tn\\\/fr\\\/actualite\\\/national\\\/l-ambassade-de-tunisie-a-bruxelles-critique-l-acharnement-de-josep-borrell\\\/214939\\\/#breadcrumb\",\"itemListElement\":[{\"@type\":\"ListItem\",\"position\":1,\"name\":\"Accueil\",\"item\":\"https:\\\/\\\/www.webdo.tn\\\/fr\\\/\"},{\"@type\":\"ListItem\",\"position\":2,\"name\":\"L\u2019Ambassade de Tunisie \u00e0 Bruxelles critique l\u2019acharnement de Josep Borrell\"}]},{\"@type\":\"WebSite\",\"@id\":\"https:\\\/\\\/www.webdo.tn\\\/fr\\\/#website\",\"url\":\"https:\\\/\\\/www.webdo.tn\\\/fr\\\/\",\"name\":\"webdo\",\"description\":\"Tunisie - News en Tunisie et \u00e0 l&#039;international sur Webdo.tn\",\"publisher\":{\"@id\":\"https:\\\/\\\/www.webdo.tn\\\/fr\\\/#organization\"},\"potentialAction\":[{\"@type\":\"SearchAction\",\"target\":{\"@type\":\"EntryPoint\",\"urlTemplate\":\"https:\\\/\\\/www.webdo.tn\\\/fr\\\/?s={search_term_string}\"},\"query-input\":{\"@type\":\"PropertyValueSpecification\",\"valueRequired\":true,\"valueName\":\"search_term_string\"}}],\"inLanguage\":\"fr-FR\"},{\"@type\":\"Organization\",\"@id\":\"https:\\\/\\\/www.webdo.tn\\\/fr\\\/#organization\",\"name\":\"Webdo\",\"alternateName\":\"Webdo.tn\",\"url\":\"https:\\\/\\\/www.webdo.tn\\\/fr\\\/\",\"logo\":{\"@type\":\"ImageObject\",\"inLanguage\":\"fr-FR\",\"@id\":\"https:\\\/\\\/www.webdo.tn\\\/fr\\\/#\\\/schema\\\/logo\\\/image\\\/\",\"url\":\"https:\\\/\\\/www.webdo.tn\\\/fr\\\/wp-content\\\/uploads\\\/2025\\\/06\\\/Webdo-Tunisie_168377.jpg\",\"contentUrl\":\"https:\\\/\\\/www.webdo.tn\\\/fr\\\/wp-content\\\/uploads\\\/2025\\\/06\\\/Webdo-Tunisie_168377.jpg\",\"width\":301,\"height\":301,\"caption\":\"Webdo\"},\"image\":{\"@id\":\"https:\\\/\\\/www.webdo.tn\\\/fr\\\/#\\\/schema\\\/logo\\\/image\\\/\"},\"sameAs\":[\"https:\\\/\\\/www.facebook.com\\\/webdotn\",\"https:\\\/\\\/x.com\\\/webdo_tn\"],\"description\":\"Webdo est un m\u00e9dia num\u00e9rique tunisien fond\u00e9 en 2010, sp\u00e9cialis\u00e9 dans l\u2019actualit\u00e9 nationale et internationale, l\u2019\u00e9conomie, la soci\u00e9t\u00e9 et les analyses politiques. Le site s\u2019adresse \u00e0 un large public francophone et couvre l\u2019information tunisienne en temps r\u00e9el.\",\"email\":\"redac@webdo.tn\",\"legalName\":\"YNJ SARL\",\"foundingDate\":\"2010-09-06\",\"numberOfEmployees\":{\"@type\":\"QuantitativeValue\",\"minValue\":\"11\",\"maxValue\":\"50\"}},{\"@type\":\"Person\",\"@id\":\"https:\\\/\\\/www.webdo.tn\\\/fr\\\/#\\\/schema\\\/person\\\/f35b42a42c5e2511bbd282959d6385cc\",\"name\":\"CL\",\"image\":{\"@type\":\"ImageObject\",\"inLanguage\":\"fr-FR\",\"@id\":\"https:\\\/\\\/secure.gravatar.com\\\/avatar\\\/1447a49909b67aa657c488aec6512e1dd6143a480c1ecfee9b5b5cd74eb3b59e?s=96&d=mm&r=g\",\"url\":\"https:\\\/\\\/secure.gravatar.com\\\/avatar\\\/1447a49909b67aa657c488aec6512e1dd6143a480c1ecfee9b5b5cd74eb3b59e?s=96&d=mm&r=g\",\"contentUrl\":\"https:\\\/\\\/secure.gravatar.com\\\/avatar\\\/1447a49909b67aa657c488aec6512e1dd6143a480c1ecfee9b5b5cd74eb3b59e?s=96&d=mm&r=g\",\"caption\":\"CL\"},\"url\":\"https:\\\/\\\/www.webdo.tn\\\/fr\\\/actualite\\\/author\\\/cl\\\/\"}]}<\/script>\n<!-- \/ Yoast SEO Premium plugin. -->","yoast_head_json":{"title":"L\u2019Ambassade de Tunisie \u00e0 Bruxelles critique l\u2019acharnement de Josep Borrell","description":"Le Haut-repr\u00e9sentant Josep Borrell a discut\u00e9 de la situation des droits de l\u2019Homme en Tunisie ainsi que des r\u00e9cents d\u00e9veloppements g\u00e9opolitiques dans le pays lo...","canonical":"https:\/\/www.webdo.tn\/fr\/actualite\/national\/l-ambassade-de-tunisie-a-bruxelles-critique-l-acharnement-de-josep-borrell\/214939\/","og_locale":"fr_FR","og_type":"article","og_title":"L\u2019Ambassade de Tunisie \u00e0 Bruxelles critique l\u2019acharnement de Josep Borrell","og_description":"Le Haut-repr\u00e9sentant Josep Borrell a discut\u00e9 de la situation des droits de l\u2019Homme en Tunisie ainsi que des r\u00e9cents d\u00e9veloppements g\u00e9opolitiques dans le pays lo...","og_url":"https:\/\/www.webdo.tn\/fr\/actualite\/national\/l-ambassade-de-tunisie-a-bruxelles-critique-l-acharnement-de-josep-borrell\/214939\/","og_site_name":"webdo","article_publisher":"https:\/\/www.facebook.com\/webdotn","article_published_time":"2024-06-26T10:44:00+00:00","article_modified_time":"2025-05-20T22:54:01+00:00","og_image":[{"width":750,"height":400,"url":"https:\/\/www.webdo.tn\/fr\/wp-content\/uploads\/2024\/06\/5e014fdb70ac94f63f4b9663226362e5.webp","type":"image\/webp"}],"author":"CL","twitter_card":"summary_large_image","twitter_creator":"@webdo_tn","twitter_site":"@webdo_tn","twitter_misc":{"\u00c9crit par":"CL","Dur\u00e9e de lecture estim\u00e9e":"1 minute"},"schema":{"@context":"https:\/\/schema.org","@graph":[{"@type":"NewsArticle","@id":"https:\/\/www.webdo.tn\/fr\/actualite\/national\/l-ambassade-de-tunisie-a-bruxelles-critique-l-acharnement-de-josep-borrell\/214939\/#article","isPartOf":{"@id":"https:\/\/www.webdo.tn\/fr\/actualite\/national\/l-ambassade-de-tunisie-a-bruxelles-critique-l-acharnement-de-josep-borrell\/214939\/"},"author":{"name":"CL","@id":"https:\/\/www.webdo.tn\/fr\/#\/schema\/person\/f35b42a42c5e2511bbd282959d6385cc"},"headline":"L\u2019Ambassade de Tunisie \u00e0 Bruxelles critique l\u2019acharnement de Josep Borrell","datePublished":"2024-06-26T10:44:00+00:00","dateModified":"2025-05-20T22:54:01+00:00","mainEntityOfPage":{"@id":"https:\/\/www.webdo.tn\/fr\/actualite\/national\/l-ambassade-de-tunisie-a-bruxelles-critique-l-acharnement-de-josep-borrell\/214939\/"},"wordCount":275,"commentCount":0,"publisher":{"@id":"https:\/\/www.webdo.tn\/fr\/#organization"},"image":{"@id":"https:\/\/www.webdo.tn\/fr\/actualite\/national\/l-ambassade-de-tunisie-a-bruxelles-critique-l-acharnement-de-josep-borrell\/214939\/#primaryimage"},"thumbnailUrl":"https:\/\/www.webdo.tn\/fr\/wp-content\/uploads\/2024\/06\/5e014fdb70ac94f63f4b9663226362e5.webp","keywords":["'r\u00e9ponse']","ambassade","Bruxelles","Josep Borrell","Tunisie"],"articleSection":["National"],"inLanguage":"fr-FR"},{"@type":"WebPage","@id":"https:\/\/www.webdo.tn\/fr\/actualite\/national\/l-ambassade-de-tunisie-a-bruxelles-critique-l-acharnement-de-josep-borrell\/214939\/","url":"https:\/\/www.webdo.tn\/fr\/actualite\/national\/l-ambassade-de-tunisie-a-bruxelles-critique-l-acharnement-de-josep-borrell\/214939\/","name":"L\u2019Ambassade de Tunisie \u00e0 Bruxelles critique l\u2019acharnement de Josep Borrell","isPartOf":{"@id":"https:\/\/www.webdo.tn\/fr\/#website"},"primaryImageOfPage":{"@id":"https:\/\/www.webdo.tn\/fr\/actualite\/national\/l-ambassade-de-tunisie-a-bruxelles-critique-l-acharnement-de-josep-borrell\/214939\/#primaryimage"},"image":{"@id":"https:\/\/www.webdo.tn\/fr\/actualite\/national\/l-ambassade-de-tunisie-a-bruxelles-critique-l-acharnement-de-josep-borrell\/214939\/#primaryimage"},"thumbnailUrl":"https:\/\/www.webdo.tn\/fr\/wp-content\/uploads\/2024\/06\/5e014fdb70ac94f63f4b9663226362e5.webp","datePublished":"2024-06-26T10:44:00+00:00","dateModified":"2025-05-20T22:54:01+00:00","description":"Le Haut-repr\u00e9sentant Josep Borrell a discut\u00e9 de la situation des droits de l\u2019Homme en Tunisie ainsi que des r\u00e9cents d\u00e9veloppements g\u00e9opolitiques dans le pays lo...","breadcrumb":{"@id":"https:\/\/www.webdo.tn\/fr\/actualite\/national\/l-ambassade-de-tunisie-a-bruxelles-critique-l-acharnement-de-josep-borrell\/214939\/#breadcrumb"},"inLanguage":"fr-FR","potentialAction":[{"@type":"ReadAction","target":["https:\/\/www.webdo.tn\/fr\/actualite\/national\/l-ambassade-de-tunisie-a-bruxelles-critique-l-acharnement-de-josep-borrell\/214939\/"]}]},{"@type":"ImageObject","inLanguage":"fr-FR","@id":"https:\/\/www.webdo.tn\/fr\/actualite\/national\/l-ambassade-de-tunisie-a-bruxelles-critique-l-acharnement-de-josep-borrell\/214939\/#primaryimage","url":"https:\/\/www.webdo.tn\/fr\/wp-content\/uploads\/2024\/06\/5e014fdb70ac94f63f4b9663226362e5.webp","contentUrl":"https:\/\/www.webdo.tn\/fr\/wp-content\/uploads\/2024\/06\/5e014fdb70ac94f63f4b9663226362e5.webp","width":750,"height":400,"caption":"L\u2019Ambassade de Tunisie \u00e0 Bruxelles critique l\u2019acharnement de Josep Borrell"},{"@type":"BreadcrumbList","@id":"https:\/\/www.webdo.tn\/fr\/actualite\/national\/l-ambassade-de-tunisie-a-bruxelles-critique-l-acharnement-de-josep-borrell\/214939\/#breadcrumb","itemListElement":[{"@type":"ListItem","position":1,"name":"Accueil","item":"https:\/\/www.webdo.tn\/fr\/"},{"@type":"ListItem","position":2,"name":"L\u2019Ambassade de Tunisie \u00e0 Bruxelles critique l\u2019acharnement de Josep Borrell"}]},{"@type":"WebSite","@id":"https:\/\/www.webdo.tn\/fr\/#website","url":"https:\/\/www.webdo.tn\/fr\/","name":"webdo","description":"Tunisie - News en Tunisie et \u00e0 l&#039;international sur Webdo.tn","publisher":{"@id":"https:\/\/www.webdo.tn\/fr\/#organization"},"potentialAction":[{"@type":"SearchAction","target":{"@type":"EntryPoint","urlTemplate":"https:\/\/www.webdo.tn\/fr\/?s={search_term_string}"},"query-input":{"@type":"PropertyValueSpecification","valueRequired":true,"valueName":"search_term_string"}}],"inLanguage":"fr-FR"},{"@type":"Organization","@id":"https:\/\/www.webdo.tn\/fr\/#organization","name":"Webdo","alternateName":"Webdo.tn","url":"https:\/\/www.webdo.tn\/fr\/","logo":{"@type":"ImageObject","inLanguage":"fr-FR","@id":"https:\/\/www.webdo.tn\/fr\/#\/schema\/logo\/image\/","url":"https:\/\/www.webdo.tn\/fr\/wp-content\/uploads\/2025\/06\/Webdo-Tunisie_168377.jpg","contentUrl":"https:\/\/www.webdo.tn\/fr\/wp-content\/uploads\/2025\/06\/Webdo-Tunisie_168377.jpg","width":301,"height":301,"caption":"Webdo"},"image":{"@id":"https:\/\/www.webdo.tn\/fr\/#\/schema\/logo\/image\/"},"sameAs":["https:\/\/www.facebook.com\/webdotn","https:\/\/x.com\/webdo_tn"],"description":"Webdo est un m\u00e9dia num\u00e9rique tunisien fond\u00e9 en 2010, sp\u00e9cialis\u00e9 dans l\u2019actualit\u00e9 nationale et internationale, l\u2019\u00e9conomie, la soci\u00e9t\u00e9 et les analyses politiques. Le site s\u2019adresse \u00e0 un large public francophone et couvre l\u2019information tunisienne en temps r\u00e9el.","email":"redac@webdo.tn","legalName":"YNJ SARL","foundingDate":"2010-09-06","numberOfEmployees":{"@type":"QuantitativeValue","minValue":"11","maxValue":"50"}},{"@type":"Person","@id":"https:\/\/www.webdo.tn\/fr\/#\/schema\/person\/f35b42a42c5e2511bbd282959d6385cc","name":"CL","image":{"@type":"ImageObject","inLanguage":"fr-FR","@id":"https:\/\/secure.gravatar.com\/avatar\/1447a49909b67aa657c488aec6512e1dd6143a480c1ecfee9b5b5cd74eb3b59e?s=96&d=mm&r=g","url":"https:\/\/secure.gravatar.com\/avatar\/1447a49909b67aa657c488aec6512e1dd6143a480c1ecfee9b5b5cd74eb3b59e?s=96&d=mm&r=g","contentUrl":"https:\/\/secure.gravatar.com\/avatar\/1447a49909b67aa657c488aec6512e1dd6143a480c1ecfee9b5b5cd74eb3b59e?s=96&d=mm&r=g","caption":"CL"},"url":"https:\/\/www.webdo.tn\/fr\/actualite\/author\/cl\/"}]}},"_links":{"self":[{"href":"https:\/\/www.webdo.tn\/fr\/wp-json\/wp\/v2\/posts\/214939","targetHints":{"allow":["GET"]}}],"collection":[{"href":"https:\/\/www.webdo.tn\/fr\/wp-json\/wp\/v2\/posts"}],"about":[{"href":"https:\/\/www.webdo.tn\/fr\/wp-json\/wp\/v2\/types\/post"}],"author":[{"embeddable":true,"href":"https:\/\/www.webdo.tn\/fr\/wp-json\/wp\/v2\/users\/3175"}],"replies":[{"embeddable":true,"href":"https:\/\/www.webdo.tn\/fr\/wp-json\/wp\/v2\/comments?post=214939"}],"version-history":[{"count":0,"href":"https:\/\/www.webdo.tn\/fr\/wp-json\/wp\/v2\/posts\/214939\/revisions"}],"wp:featuredmedia":[{"embeddable":true,"href":"https:\/\/www.webdo.tn\/fr\/wp-json\/wp\/v2\/media\/290760"}],"wp:attachment":[{"href":"https:\/\/www.webdo.tn\/fr\/wp-json\/wp\/v2\/media?parent=214939"}],"wp:term":[{"taxonomy":"category","embeddable":true,"href":"https:\/\/www.webdo.tn\/fr\/wp-json\/wp\/v2\/categories?post=214939"},{"taxonomy":"post_tag","embeddable":true,"href":"https:\/\/www.webdo.tn\/fr\/wp-json\/wp\/v2\/tags?post=214939"}],"curies":[{"name":"wp","href":"https:\/\/api.w.org\/{rel}","templated":true}]}}