{"id":214936,"date":"2024-06-26T09:41:00","date_gmt":"2024-06-26T09:41:00","guid":{"rendered":"https:\/\/www.webdo.tn\/fr\/blog\/coupe-de-tunisie-ob-st-et-cab-ca-la-finale-en-ligne-de-mire\/214936\/"},"modified":"2025-05-20T21:50:15","modified_gmt":"2025-05-20T21:50:15","slug":"coupe-de-tunisie-ob-st-et-cab-ca-la-finale-en-ligne-de-mire","status":"publish","type":"post","link":"https:\/\/www.webdo.tn\/fr\/actualite\/sport\/coupe-de-tunisie-ob-st-et-cab-ca-la-finale-en-ligne-de-mire\/214936\/","title":{"rendered":"Coupe de Tunisie : OB-ST et CAB-CA, la finale en ligne de mire"},"content":{"rendered":"<p>La Coupe de Tunisie, ce troph\u00e9e tant convoit\u00e9, suscite toujours beaucoup d\u2019effervescence. Les quatre demi-finalistes en lice, ont d\u00e9j\u00e0 connu les joies du sacre. Ils esp\u00e8rent go\u00fbter de nouveau \u00e0 la victoire finale. Mais place d\u2019abord aux demi-finales, qui s\u2019annoncent ind\u00e9cises.<\/p>\n<p>\t\t\t\t\t\t\t\t\tLes demi-finales, qui auront lieu ce mercredi 26 juin promettent d\u2019\u00eatre \u00e2prement disput\u00e9es entre l\u2019Olympique de B\u00e9ja et le Stade Tunisien, d\u2019une part et entre le CA Bizertin et le Club Africain, d\u2019autre part.<\/p>\n<p>Quatre \u00e9quipes de Ligue 1 qui feront tout pour gagner leur billet pour la finale, passage oblig\u00e9 vers le sacre et une qualification en Coupe africaine (en cas de victoire finale).<\/p>\n<p>Les forces en pr\u00e9sence sont sensiblement \u00e9gales. L\u2019O. B\u00e9ja, d\u00e9tenteur de la Coupe, accueille un Stade Tunisien tr\u00e8s en verve ces derni\u00e8res semaines et qui peut battre n\u2019importe quel adversaire. Alors que le CA Bizertin aura l\u2019avantage du terrain et du public face \u00e0 un Club Africain, qui a r\u00e9ussi la difficile mission d\u2019\u00e9liminer l\u2019US Monastirienne en quarts de finale.<\/p>\n<p>PROGRAMME<\/p>\n<p>Stade Chedly Zouiten \u00e0 16h00 : O. B\u00e9ja &#8211; Stade Tunisien<br \/>\nArbitre : Amir Loussif \/ Arbitre VAR : Bastien Dechepy (France)<br \/>\nMatch retransmis sur Watania 2<\/p>\n<p>Stade 15 octobre \u00e0 17h00 : CA Bizertin &#8211; Club Africain<br \/>\nArbitre : Ameur Chouchene \/ Arbitre VAR : Benoit Millot (France)<br \/>\nMatch retransmis sur Watania 1 et Al Kass 1<\/p>\n","protected":false},"excerpt":{"rendered":"<p>Les demi-finales, qui auront lieu ce mercredi 26 juin promettent d\u2019\u00eatre \u00e2prement disput\u00e9es entre l\u2019Olympique de B\u00e9ja et le Stade Tunisien, d\u2019une part et entre l&#8230;<\/p>\n","protected":false},"author":3162,"featured_media":247122,"comment_status":"open","ping_status":"closed","sticky":false,"template":"","format":"standard","meta":{"footnotes":""},"categories":[2593],"tags":[6275,3101,3168,6274,4676,2622,6276,4600],"class_list":["post-214936","post","type-post","status-publish","format-standard","has-post-thumbnail","hentry","category-sport","tag-ca-bizertin","tag-club-africain","tag-coupe-de-tunisie","tag-demi-finales","tag-finale","tag-football","tag-o-beja","tag-stade-tunisien"],"yoast_head":"<!-- This site is optimized with the Yoast SEO Premium plugin v27.5 (Yoast SEO v27.5) - https:\/\/yoast.com\/product\/yoast-seo-premium-wordpress\/ -->\n<title>Coupe de Tunisie : OB-ST et CAB-CA, la finale en ligne de mire<\/title>\n<meta name=\"description\" content=\"Les demi-finales, qui auront lieu ce mercredi 26 juin promettent d\u2019\u00eatre \u00e2prement disput\u00e9es entre l\u2019Olympique de B\u00e9ja et le Stade Tunisien, d\u2019une part et entre l...\" \/>\n<link rel=\"canonical\" href=\"https:\/\/www.webdo.tn\/fr\/actualite\/sport\/coupe-de-tunisie-ob-st-et-cab-ca-la-finale-en-ligne-de-mire\/214936\/\" \/>\n<meta property=\"og:locale\" content=\"fr_FR\" \/>\n<meta property=\"og:type\" content=\"article\" \/>\n<meta property=\"og:title\" content=\"Coupe de Tunisie : OB-ST et CAB-CA, la finale en ligne de mire\" \/>\n<meta property=\"og:description\" content=\"Les demi-finales, qui auront lieu ce mercredi 26 juin promettent d\u2019\u00eatre \u00e2prement disput\u00e9es entre l\u2019Olympique de B\u00e9ja et le Stade Tunisien, d\u2019une part et entre l...\" \/>\n<meta property=\"og:url\" content=\"https:\/\/www.webdo.tn\/fr\/actualite\/sport\/coupe-de-tunisie-ob-st-et-cab-ca-la-finale-en-ligne-de-mire\/214936\/\" \/>\n<meta property=\"og:site_name\" content=\"webdo\" \/>\n<meta property=\"article:publisher\" content=\"https:\/\/www.facebook.com\/webdotn\" \/>\n<meta property=\"article:published_time\" content=\"2024-06-26T09:41:00+00:00\" \/>\n<meta property=\"article:modified_time\" content=\"2025-05-20T21:50:15+00:00\" \/>\n<meta property=\"og:image\" content=\"https:\/\/www.webdo.tn\/fr\/wp-content\/uploads\/2024\/06\/35546eb5e8f8b6422ea116c3f3724177.webp\" \/>\n\t<meta property=\"og:image:width\" content=\"750\" \/>\n\t<meta property=\"og:image:height\" content=\"400\" \/>\n\t<meta property=\"og:image:type\" content=\"image\/webp\" \/>\n<meta name=\"author\" content=\"MC\" \/>\n<meta name=\"twitter:card\" content=\"summary_large_image\" \/>\n<meta name=\"twitter:creator\" content=\"@webdo_tn\" \/>\n<meta name=\"twitter:site\" content=\"@webdo_tn\" \/>\n<meta name=\"twitter:label1\" content=\"\u00c9crit par\" \/>\n\t<meta name=\"twitter:data1\" content=\"MC\" \/>\n\t<meta name=\"twitter:label2\" content=\"Dur\u00e9e de lecture estim\u00e9e\" \/>\n\t<meta name=\"twitter:data2\" content=\"1 minute\" \/>\n<script type=\"application\/ld+json\" class=\"yoast-schema-graph\">{\"@context\":\"https:\\\/\\\/schema.org\",\"@graph\":[{\"@type\":\"NewsArticle\",\"@id\":\"https:\\\/\\\/www.webdo.tn\\\/fr\\\/actualite\\\/sport\\\/coupe-de-tunisie-ob-st-et-cab-ca-la-finale-en-ligne-de-mire\\\/214936\\\/#article\",\"isPartOf\":{\"@id\":\"https:\\\/\\\/www.webdo.tn\\\/fr\\\/actualite\\\/sport\\\/coupe-de-tunisie-ob-st-et-cab-ca-la-finale-en-ligne-de-mire\\\/214936\\\/\"},\"author\":{\"name\":\"MC\",\"@id\":\"https:\\\/\\\/www.webdo.tn\\\/fr\\\/#\\\/schema\\\/person\\\/2c4929cbf5a809e3bd38617c6ce150f6\"},\"headline\":\"Coupe de Tunisie : OB-ST et CAB-CA, la finale en ligne de mire\",\"datePublished\":\"2024-06-26T09:41:00+00:00\",\"dateModified\":\"2025-05-20T21:50:15+00:00\",\"mainEntityOfPage\":{\"@id\":\"https:\\\/\\\/www.webdo.tn\\\/fr\\\/actualite\\\/sport\\\/coupe-de-tunisie-ob-st-et-cab-ca-la-finale-en-ligne-de-mire\\\/214936\\\/\"},\"wordCount\":245,\"commentCount\":0,\"publisher\":{\"@id\":\"https:\\\/\\\/www.webdo.tn\\\/fr\\\/#organization\"},\"image\":{\"@id\":\"https:\\\/\\\/www.webdo.tn\\\/fr\\\/actualite\\\/sport\\\/coupe-de-tunisie-ob-st-et-cab-ca-la-finale-en-ligne-de-mire\\\/214936\\\/#primaryimage\"},\"thumbnailUrl\":\"https:\\\/\\\/www.webdo.tn\\\/fr\\\/wp-content\\\/uploads\\\/2024\\\/06\\\/35546eb5e8f8b6422ea116c3f3724177.webp\",\"keywords\":[\"ca bizertin\",\"Club Africain\",\"coupe de tunisie\",\"demi-finales\",\"finale\",\"football\",\"o. b\u00e9ja\",\"stade tunisien\"],\"articleSection\":[\"Sport\"],\"inLanguage\":\"fr-FR\"},{\"@type\":\"WebPage\",\"@id\":\"https:\\\/\\\/www.webdo.tn\\\/fr\\\/actualite\\\/sport\\\/coupe-de-tunisie-ob-st-et-cab-ca-la-finale-en-ligne-de-mire\\\/214936\\\/\",\"url\":\"https:\\\/\\\/www.webdo.tn\\\/fr\\\/actualite\\\/sport\\\/coupe-de-tunisie-ob-st-et-cab-ca-la-finale-en-ligne-de-mire\\\/214936\\\/\",\"name\":\"Coupe de Tunisie : OB-ST et CAB-CA, la finale en ligne de mire\",\"isPartOf\":{\"@id\":\"https:\\\/\\\/www.webdo.tn\\\/fr\\\/#website\"},\"primaryImageOfPage\":{\"@id\":\"https:\\\/\\\/www.webdo.tn\\\/fr\\\/actualite\\\/sport\\\/coupe-de-tunisie-ob-st-et-cab-ca-la-finale-en-ligne-de-mire\\\/214936\\\/#primaryimage\"},\"image\":{\"@id\":\"https:\\\/\\\/www.webdo.tn\\\/fr\\\/actualite\\\/sport\\\/coupe-de-tunisie-ob-st-et-cab-ca-la-finale-en-ligne-de-mire\\\/214936\\\/#primaryimage\"},\"thumbnailUrl\":\"https:\\\/\\\/www.webdo.tn\\\/fr\\\/wp-content\\\/uploads\\\/2024\\\/06\\\/35546eb5e8f8b6422ea116c3f3724177.webp\",\"datePublished\":\"2024-06-26T09:41:00+00:00\",\"dateModified\":\"2025-05-20T21:50:15+00:00\",\"description\":\"Les demi-finales, qui auront lieu ce mercredi 26 juin promettent d\u2019\u00eatre \u00e2prement disput\u00e9es entre l\u2019Olympique de B\u00e9ja et le Stade Tunisien, d\u2019une part et entre l...\",\"breadcrumb\":{\"@id\":\"https:\\\/\\\/www.webdo.tn\\\/fr\\\/actualite\\\/sport\\\/coupe-de-tunisie-ob-st-et-cab-ca-la-finale-en-ligne-de-mire\\\/214936\\\/#breadcrumb\"},\"inLanguage\":\"fr-FR\",\"potentialAction\":[{\"@type\":\"ReadAction\",\"target\":[\"https:\\\/\\\/www.webdo.tn\\\/fr\\\/actualite\\\/sport\\\/coupe-de-tunisie-ob-st-et-cab-ca-la-finale-en-ligne-de-mire\\\/214936\\\/\"]}]},{\"@type\":\"ImageObject\",\"inLanguage\":\"fr-FR\",\"@id\":\"https:\\\/\\\/www.webdo.tn\\\/fr\\\/actualite\\\/sport\\\/coupe-de-tunisie-ob-st-et-cab-ca-la-finale-en-ligne-de-mire\\\/214936\\\/#primaryimage\",\"url\":\"https:\\\/\\\/www.webdo.tn\\\/fr\\\/wp-content\\\/uploads\\\/2024\\\/06\\\/35546eb5e8f8b6422ea116c3f3724177.webp\",\"contentUrl\":\"https:\\\/\\\/www.webdo.tn\\\/fr\\\/wp-content\\\/uploads\\\/2024\\\/06\\\/35546eb5e8f8b6422ea116c3f3724177.webp\",\"width\":750,\"height\":400,\"caption\":\"Coupe de Tunisie : OB-ST et CAB-CA, la finale en ligne de mire\"},{\"@type\":\"BreadcrumbList\",\"@id\":\"https:\\\/\\\/www.webdo.tn\\\/fr\\\/actualite\\\/sport\\\/coupe-de-tunisie-ob-st-et-cab-ca-la-finale-en-ligne-de-mire\\\/214936\\\/#breadcrumb\",\"itemListElement\":[{\"@type\":\"ListItem\",\"position\":1,\"name\":\"Accueil\",\"item\":\"https:\\\/\\\/www.webdo.tn\\\/fr\\\/\"},{\"@type\":\"ListItem\",\"position\":2,\"name\":\"Coupe de Tunisie : OB-ST et CAB-CA, la finale en ligne de mire\"}]},{\"@type\":\"WebSite\",\"@id\":\"https:\\\/\\\/www.webdo.tn\\\/fr\\\/#website\",\"url\":\"https:\\\/\\\/www.webdo.tn\\\/fr\\\/\",\"name\":\"webdo\",\"description\":\"Tunisie - News en Tunisie et \u00e0 l&#039;international sur Webdo.tn\",\"publisher\":{\"@id\":\"https:\\\/\\\/www.webdo.tn\\\/fr\\\/#organization\"},\"potentialAction\":[{\"@type\":\"SearchAction\",\"target\":{\"@type\":\"EntryPoint\",\"urlTemplate\":\"https:\\\/\\\/www.webdo.tn\\\/fr\\\/?s={search_term_string}\"},\"query-input\":{\"@type\":\"PropertyValueSpecification\",\"valueRequired\":true,\"valueName\":\"search_term_string\"}}],\"inLanguage\":\"fr-FR\"},{\"@type\":\"Organization\",\"@id\":\"https:\\\/\\\/www.webdo.tn\\\/fr\\\/#organization\",\"name\":\"Webdo\",\"alternateName\":\"Webdo.tn\",\"url\":\"https:\\\/\\\/www.webdo.tn\\\/fr\\\/\",\"logo\":{\"@type\":\"ImageObject\",\"inLanguage\":\"fr-FR\",\"@id\":\"https:\\\/\\\/www.webdo.tn\\\/fr\\\/#\\\/schema\\\/logo\\\/image\\\/\",\"url\":\"https:\\\/\\\/www.webdo.tn\\\/fr\\\/wp-content\\\/uploads\\\/2025\\\/06\\\/Webdo-Tunisie_168377.jpg\",\"contentUrl\":\"https:\\\/\\\/www.webdo.tn\\\/fr\\\/wp-content\\\/uploads\\\/2025\\\/06\\\/Webdo-Tunisie_168377.jpg\",\"width\":301,\"height\":301,\"caption\":\"Webdo\"},\"image\":{\"@id\":\"https:\\\/\\\/www.webdo.tn\\\/fr\\\/#\\\/schema\\\/logo\\\/image\\\/\"},\"sameAs\":[\"https:\\\/\\\/www.facebook.com\\\/webdotn\",\"https:\\\/\\\/x.com\\\/webdo_tn\"],\"description\":\"Webdo est un m\u00e9dia num\u00e9rique tunisien fond\u00e9 en 2010, sp\u00e9cialis\u00e9 dans l\u2019actualit\u00e9 nationale et internationale, l\u2019\u00e9conomie, la soci\u00e9t\u00e9 et les analyses politiques. Le site s\u2019adresse \u00e0 un large public francophone et couvre l\u2019information tunisienne en temps r\u00e9el.\",\"email\":\"redac@webdo.tn\",\"legalName\":\"YNJ SARL\",\"foundingDate\":\"2010-09-06\",\"numberOfEmployees\":{\"@type\":\"QuantitativeValue\",\"minValue\":\"11\",\"maxValue\":\"50\"}},{\"@type\":\"Person\",\"@id\":\"https:\\\/\\\/www.webdo.tn\\\/fr\\\/#\\\/schema\\\/person\\\/2c4929cbf5a809e3bd38617c6ce150f6\",\"name\":\"MC\",\"image\":{\"@type\":\"ImageObject\",\"inLanguage\":\"fr-FR\",\"@id\":\"https:\\\/\\\/secure.gravatar.com\\\/avatar\\\/a545bbb6f84efdd5553dbbc2895e3ca8f1d12c5215e00a041c9670b54aa9b18a?s=96&d=mm&r=g\",\"url\":\"https:\\\/\\\/secure.gravatar.com\\\/avatar\\\/a545bbb6f84efdd5553dbbc2895e3ca8f1d12c5215e00a041c9670b54aa9b18a?s=96&d=mm&r=g\",\"contentUrl\":\"https:\\\/\\\/secure.gravatar.com\\\/avatar\\\/a545bbb6f84efdd5553dbbc2895e3ca8f1d12c5215e00a041c9670b54aa9b18a?s=96&d=mm&r=g\",\"caption\":\"MC\"},\"url\":\"https:\\\/\\\/www.webdo.tn\\\/fr\\\/actualite\\\/author\\\/mc\\\/\"}]}<\/script>\n<!-- \/ Yoast SEO Premium plugin. -->","yoast_head_json":{"title":"Coupe de Tunisie : OB-ST et CAB-CA, la finale en ligne de mire","description":"Les demi-finales, qui auront lieu ce mercredi 26 juin promettent d\u2019\u00eatre \u00e2prement disput\u00e9es entre l\u2019Olympique de B\u00e9ja et le Stade Tunisien, d\u2019une part et entre l...","canonical":"https:\/\/www.webdo.tn\/fr\/actualite\/sport\/coupe-de-tunisie-ob-st-et-cab-ca-la-finale-en-ligne-de-mire\/214936\/","og_locale":"fr_FR","og_type":"article","og_title":"Coupe de Tunisie : OB-ST et CAB-CA, la finale en ligne de mire","og_description":"Les demi-finales, qui auront lieu ce mercredi 26 juin promettent d\u2019\u00eatre \u00e2prement disput\u00e9es entre l\u2019Olympique de B\u00e9ja et le Stade Tunisien, d\u2019une part et entre l...","og_url":"https:\/\/www.webdo.tn\/fr\/actualite\/sport\/coupe-de-tunisie-ob-st-et-cab-ca-la-finale-en-ligne-de-mire\/214936\/","og_site_name":"webdo","article_publisher":"https:\/\/www.facebook.com\/webdotn","article_published_time":"2024-06-26T09:41:00+00:00","article_modified_time":"2025-05-20T21:50:15+00:00","og_image":[{"width":750,"height":400,"url":"https:\/\/www.webdo.tn\/fr\/wp-content\/uploads\/2024\/06\/35546eb5e8f8b6422ea116c3f3724177.webp","type":"image\/webp"}],"author":"MC","twitter_card":"summary_large_image","twitter_creator":"@webdo_tn","twitter_site":"@webdo_tn","twitter_misc":{"\u00c9crit par":"MC","Dur\u00e9e de lecture estim\u00e9e":"1 minute"},"schema":{"@context":"https:\/\/schema.org","@graph":[{"@type":"NewsArticle","@id":"https:\/\/www.webdo.tn\/fr\/actualite\/sport\/coupe-de-tunisie-ob-st-et-cab-ca-la-finale-en-ligne-de-mire\/214936\/#article","isPartOf":{"@id":"https:\/\/www.webdo.tn\/fr\/actualite\/sport\/coupe-de-tunisie-ob-st-et-cab-ca-la-finale-en-ligne-de-mire\/214936\/"},"author":{"name":"MC","@id":"https:\/\/www.webdo.tn\/fr\/#\/schema\/person\/2c4929cbf5a809e3bd38617c6ce150f6"},"headline":"Coupe de Tunisie : OB-ST et CAB-CA, la finale en ligne de mire","datePublished":"2024-06-26T09:41:00+00:00","dateModified":"2025-05-20T21:50:15+00:00","mainEntityOfPage":{"@id":"https:\/\/www.webdo.tn\/fr\/actualite\/sport\/coupe-de-tunisie-ob-st-et-cab-ca-la-finale-en-ligne-de-mire\/214936\/"},"wordCount":245,"commentCount":0,"publisher":{"@id":"https:\/\/www.webdo.tn\/fr\/#organization"},"image":{"@id":"https:\/\/www.webdo.tn\/fr\/actualite\/sport\/coupe-de-tunisie-ob-st-et-cab-ca-la-finale-en-ligne-de-mire\/214936\/#primaryimage"},"thumbnailUrl":"https:\/\/www.webdo.tn\/fr\/wp-content\/uploads\/2024\/06\/35546eb5e8f8b6422ea116c3f3724177.webp","keywords":["ca bizertin","Club Africain","coupe de tunisie","demi-finales","finale","football","o. b\u00e9ja","stade tunisien"],"articleSection":["Sport"],"inLanguage":"fr-FR"},{"@type":"WebPage","@id":"https:\/\/www.webdo.tn\/fr\/actualite\/sport\/coupe-de-tunisie-ob-st-et-cab-ca-la-finale-en-ligne-de-mire\/214936\/","url":"https:\/\/www.webdo.tn\/fr\/actualite\/sport\/coupe-de-tunisie-ob-st-et-cab-ca-la-finale-en-ligne-de-mire\/214936\/","name":"Coupe de Tunisie : OB-ST et CAB-CA, la finale en ligne de mire","isPartOf":{"@id":"https:\/\/www.webdo.tn\/fr\/#website"},"primaryImageOfPage":{"@id":"https:\/\/www.webdo.tn\/fr\/actualite\/sport\/coupe-de-tunisie-ob-st-et-cab-ca-la-finale-en-ligne-de-mire\/214936\/#primaryimage"},"image":{"@id":"https:\/\/www.webdo.tn\/fr\/actualite\/sport\/coupe-de-tunisie-ob-st-et-cab-ca-la-finale-en-ligne-de-mire\/214936\/#primaryimage"},"thumbnailUrl":"https:\/\/www.webdo.tn\/fr\/wp-content\/uploads\/2024\/06\/35546eb5e8f8b6422ea116c3f3724177.webp","datePublished":"2024-06-26T09:41:00+00:00","dateModified":"2025-05-20T21:50:15+00:00","description":"Les demi-finales, qui auront lieu ce mercredi 26 juin promettent d\u2019\u00eatre \u00e2prement disput\u00e9es entre l\u2019Olympique de B\u00e9ja et le Stade Tunisien, d\u2019une part et entre l...","breadcrumb":{"@id":"https:\/\/www.webdo.tn\/fr\/actualite\/sport\/coupe-de-tunisie-ob-st-et-cab-ca-la-finale-en-ligne-de-mire\/214936\/#breadcrumb"},"inLanguage":"fr-FR","potentialAction":[{"@type":"ReadAction","target":["https:\/\/www.webdo.tn\/fr\/actualite\/sport\/coupe-de-tunisie-ob-st-et-cab-ca-la-finale-en-ligne-de-mire\/214936\/"]}]},{"@type":"ImageObject","inLanguage":"fr-FR","@id":"https:\/\/www.webdo.tn\/fr\/actualite\/sport\/coupe-de-tunisie-ob-st-et-cab-ca-la-finale-en-ligne-de-mire\/214936\/#primaryimage","url":"https:\/\/www.webdo.tn\/fr\/wp-content\/uploads\/2024\/06\/35546eb5e8f8b6422ea116c3f3724177.webp","contentUrl":"https:\/\/www.webdo.tn\/fr\/wp-content\/uploads\/2024\/06\/35546eb5e8f8b6422ea116c3f3724177.webp","width":750,"height":400,"caption":"Coupe de Tunisie : OB-ST et CAB-CA, la finale en ligne de mire"},{"@type":"BreadcrumbList","@id":"https:\/\/www.webdo.tn\/fr\/actualite\/sport\/coupe-de-tunisie-ob-st-et-cab-ca-la-finale-en-ligne-de-mire\/214936\/#breadcrumb","itemListElement":[{"@type":"ListItem","position":1,"name":"Accueil","item":"https:\/\/www.webdo.tn\/fr\/"},{"@type":"ListItem","position":2,"name":"Coupe de Tunisie : OB-ST et CAB-CA, la finale en ligne de mire"}]},{"@type":"WebSite","@id":"https:\/\/www.webdo.tn\/fr\/#website","url":"https:\/\/www.webdo.tn\/fr\/","name":"webdo","description":"Tunisie - News en Tunisie et \u00e0 l&#039;international sur Webdo.tn","publisher":{"@id":"https:\/\/www.webdo.tn\/fr\/#organization"},"potentialAction":[{"@type":"SearchAction","target":{"@type":"EntryPoint","urlTemplate":"https:\/\/www.webdo.tn\/fr\/?s={search_term_string}"},"query-input":{"@type":"PropertyValueSpecification","valueRequired":true,"valueName":"search_term_string"}}],"inLanguage":"fr-FR"},{"@type":"Organization","@id":"https:\/\/www.webdo.tn\/fr\/#organization","name":"Webdo","alternateName":"Webdo.tn","url":"https:\/\/www.webdo.tn\/fr\/","logo":{"@type":"ImageObject","inLanguage":"fr-FR","@id":"https:\/\/www.webdo.tn\/fr\/#\/schema\/logo\/image\/","url":"https:\/\/www.webdo.tn\/fr\/wp-content\/uploads\/2025\/06\/Webdo-Tunisie_168377.jpg","contentUrl":"https:\/\/www.webdo.tn\/fr\/wp-content\/uploads\/2025\/06\/Webdo-Tunisie_168377.jpg","width":301,"height":301,"caption":"Webdo"},"image":{"@id":"https:\/\/www.webdo.tn\/fr\/#\/schema\/logo\/image\/"},"sameAs":["https:\/\/www.facebook.com\/webdotn","https:\/\/x.com\/webdo_tn"],"description":"Webdo est un m\u00e9dia num\u00e9rique tunisien fond\u00e9 en 2010, sp\u00e9cialis\u00e9 dans l\u2019actualit\u00e9 nationale et internationale, l\u2019\u00e9conomie, la soci\u00e9t\u00e9 et les analyses politiques. Le site s\u2019adresse \u00e0 un large public francophone et couvre l\u2019information tunisienne en temps r\u00e9el.","email":"redac@webdo.tn","legalName":"YNJ SARL","foundingDate":"2010-09-06","numberOfEmployees":{"@type":"QuantitativeValue","minValue":"11","maxValue":"50"}},{"@type":"Person","@id":"https:\/\/www.webdo.tn\/fr\/#\/schema\/person\/2c4929cbf5a809e3bd38617c6ce150f6","name":"MC","image":{"@type":"ImageObject","inLanguage":"fr-FR","@id":"https:\/\/secure.gravatar.com\/avatar\/a545bbb6f84efdd5553dbbc2895e3ca8f1d12c5215e00a041c9670b54aa9b18a?s=96&d=mm&r=g","url":"https:\/\/secure.gravatar.com\/avatar\/a545bbb6f84efdd5553dbbc2895e3ca8f1d12c5215e00a041c9670b54aa9b18a?s=96&d=mm&r=g","contentUrl":"https:\/\/secure.gravatar.com\/avatar\/a545bbb6f84efdd5553dbbc2895e3ca8f1d12c5215e00a041c9670b54aa9b18a?s=96&d=mm&r=g","caption":"MC"},"url":"https:\/\/www.webdo.tn\/fr\/actualite\/author\/mc\/"}]}},"_links":{"self":[{"href":"https:\/\/www.webdo.tn\/fr\/wp-json\/wp\/v2\/posts\/214936","targetHints":{"allow":["GET"]}}],"collection":[{"href":"https:\/\/www.webdo.tn\/fr\/wp-json\/wp\/v2\/posts"}],"about":[{"href":"https:\/\/www.webdo.tn\/fr\/wp-json\/wp\/v2\/types\/post"}],"author":[{"embeddable":true,"href":"https:\/\/www.webdo.tn\/fr\/wp-json\/wp\/v2\/users\/3162"}],"replies":[{"embeddable":true,"href":"https:\/\/www.webdo.tn\/fr\/wp-json\/wp\/v2\/comments?post=214936"}],"version-history":[{"count":0,"href":"https:\/\/www.webdo.tn\/fr\/wp-json\/wp\/v2\/posts\/214936\/revisions"}],"wp:featuredmedia":[{"embeddable":true,"href":"https:\/\/www.webdo.tn\/fr\/wp-json\/wp\/v2\/media\/247122"}],"wp:attachment":[{"href":"https:\/\/www.webdo.tn\/fr\/wp-json\/wp\/v2\/media?parent=214936"}],"wp:term":[{"taxonomy":"category","embeddable":true,"href":"https:\/\/www.webdo.tn\/fr\/wp-json\/wp\/v2\/categories?post=214936"},{"taxonomy":"post_tag","embeddable":true,"href":"https:\/\/www.webdo.tn\/fr\/wp-json\/wp\/v2\/tags?post=214936"}],"curies":[{"name":"wp","href":"https:\/\/api.w.org\/{rel}","templated":true}]}}