{"id":214935,"date":"2024-06-26T08:55:00","date_gmt":"2024-06-26T08:55:00","guid":{"rendered":"https:\/\/www.webdo.tn\/fr\/blog\/programme-complet-de-la-58e-edition-du-festival-de-hammamet\/214935\/"},"modified":"2025-05-20T21:50:15","modified_gmt":"2025-05-20T21:50:15","slug":"programme-complet-de-la-58e-edition-du-festival-de-hammamet","status":"publish","type":"post","link":"https:\/\/www.webdo.tn\/fr\/actualite\/culture\/programme-complet-de-la-58e-edition-du-festival-de-hammamet\/214935\/","title":{"rendered":"Programme complet de la 58e \u00e9dition du Festival de Hammamet"},"content":{"rendered":"<p>Dans quelques jours d\u00e9marre la 58\u00e8me \u00e9dition du Festival International de Hammamet, qui se tiendra du 5 juillet au 3 ao\u00fbt. \u00ab\u00a0Othello\u00a0\u00bb, Amina Fakhet  et Carole Samaha sont notamment au menu cette ann\u00e9e.<\/p>\n<p>\t\t\t\t\t\t\t\t\tLa 58\u00e8me \u00e9dition du Festival International de Hammamet, d\u00e9marrera le 5 juillet et se poursuivra jusqu\u2019au 3 ao\u00fbt 2024. Le programme complet du festival pr\u00e9voit de nombreux spectacles dont \u00ab\u00a0Othello\u00a0\u00bb, Olfa Ben Romdhane, Si Lemhaf, mais aussi Amina Fakhet\u00a0 et Carole Samaha.<\/p>\n<p>Les Billets sont disponibles, d\u00e8s maintenant, sur le site du festival : www.festivaldehammamet.com<\/p>\n<p>PROGRAMME<\/p>\n<p>\t5 juillet : (Ouverture) : \u00ab\u00a0Othello\u00a0\u00bb de Hammadi Louha\u00efbi &#8211; Texte Boukthir Douma<br \/>\n\t6 juillet 2024 : Olfa Ben Romdhane<br \/>\n\t7 juillet 2024 : \u0178uma &amp; Noor &amp; Selim Arjoun<br \/>\n\t8 juillet 2024 : Ranine Chaar\u00a0 (Liban)<br \/>\n\t9 juillet 2024 : Binomi S+1 &#8211; le spectacle : Aziz Jebali<br \/>\n\t10 juillet 2024 : Tomatito (Espagne)<br \/>\n\t11 juillet 2024 : Zied Zouari &#8211; Made in Africa<br \/>\n\t12 juillet 2024 : Portail 52 -Dalila Meftahi<br \/>\n\t13 juillet 2024 : Danilo Rea (Italie)<br \/>\n\t14 juillet 2024 : Nai Barghouti (Palestine)<br \/>\n\t15\u00a0\u00a0 juillet 2024 : Labess (Alg\u00e9rie &#8211; Canada)<br \/>\n\t16 juillet 2024 : Tinariwen (Mali- Alg\u00e9rie)<br \/>\n\t17 juillet 2024 : Leila\u00a0 Hejaiej<br \/>\n\t18 juillet 2024 : Amina Fakhet<br \/>\n\t19 juillet 2024 : Hooverphonic\u00a0 (Belgique)<br \/>\n\t20 juillet 2024 : Carole Samaha (Liban)<br \/>\n\t21 juillet 2024 : Si Lemhaf<br \/>\n\t22 juillet 2024 : \u00ab\u00a0Danse c\u00e9leste\u00a0\u00bb de Tahar Issa Ben Arbi<br \/>\n\t23 juillet 2024 : Tania Saleh (Liban) \/ Bedouin Burger (Liban- Syrie)<br \/>\n\t24 juillet 2024 : Toxic Paradise mise en sc\u00e8ne Sadak Trabelsi<br \/>\n\t25 juillet 2024 : Soir\u00e9e de la chanson tunisienne &#8211; Mohamed Lassoued<br \/>\n\t26 juillet 2024 : \u00ab\u00a0L&rsquo;Albatros\u00a0\u00bb mise en sc\u00e8ne de Chedly Arfaoui<br \/>\n\t28 juillet 2024 : Mortadha Ftiti<br \/>\n\t30 juillet 2024 : Les Quatre Saisons ou le mariage du loup, chor\u00e9graphie\u00a0 Emilio Calcagno<br \/>\n\t31 juillet 2024 : Electro Deluxe (France)<br \/>\n\t1 ao\u00fbt 2024 : Ramy Ayach \u200e (Liban)<br \/>\n\t2 ao\u00fbt 2024 : Yosra Mahnouch<br \/>\n\t3 ao\u00fbt 2024 (Cl\u00f4ture) : \u00ab\u00a0Imagine\u201d un psychodrame musical de Karim Thlibi<\/p>\n","protected":false},"excerpt":{"rendered":"<p>La 58\u00e8me \u00e9dition du Festival International de Hammamet, d\u00e9marrera le 5 juillet et se poursuivra jusqu\u2019au 3 ao\u00fbt 2024. Le programme complet du festival pr\u00e9voit d&#8230;<\/p>\n","protected":false},"author":3162,"featured_media":247121,"comment_status":"open","ping_status":"closed","sticky":false,"template":"","format":"standard","meta":{"footnotes":""},"categories":[2594],"tags":[6273,2628,3607,6272],"class_list":["post-214935","post","type-post","status-publish","format-standard","has-post-thumbnail","hentry","category-culture","tag-amina-fakhet","tag-festival","tag-hammamet","tag-programmation"],"yoast_head":"<!-- This site is optimized with the Yoast SEO Premium plugin v27.4 (Yoast SEO v27.4) - https:\/\/yoast.com\/product\/yoast-seo-premium-wordpress\/ -->\n<title>Programme complet de la 58e \u00e9dition du Festival de Hammamet<\/title>\n<meta name=\"description\" content=\"La 58\u00e8me \u00e9dition du Festival International de Hammamet, d\u00e9marrera le 5 juillet et se poursuivra jusqu\u2019au 3 ao\u00fbt 2024. Le programme complet du festival pr\u00e9voit d...\" \/>\n<link rel=\"canonical\" href=\"https:\/\/www.webdo.tn\/fr\/actualite\/culture\/programme-complet-de-la-58e-edition-du-festival-de-hammamet\/214935\/\" \/>\n<meta property=\"og:locale\" content=\"fr_FR\" \/>\n<meta property=\"og:type\" content=\"article\" \/>\n<meta property=\"og:title\" content=\"Programme complet de la 58e \u00e9dition du Festival de Hammamet\" \/>\n<meta property=\"og:description\" content=\"La 58\u00e8me \u00e9dition du Festival International de Hammamet, d\u00e9marrera le 5 juillet et se poursuivra jusqu\u2019au 3 ao\u00fbt 2024. Le programme complet du festival pr\u00e9voit d...\" \/>\n<meta property=\"og:url\" content=\"https:\/\/www.webdo.tn\/fr\/actualite\/culture\/programme-complet-de-la-58e-edition-du-festival-de-hammamet\/214935\/\" \/>\n<meta property=\"og:site_name\" content=\"webdo\" \/>\n<meta property=\"article:publisher\" content=\"https:\/\/www.facebook.com\/webdotn\" \/>\n<meta property=\"article:published_time\" content=\"2024-06-26T08:55:00+00:00\" \/>\n<meta property=\"article:modified_time\" content=\"2025-05-20T21:50:15+00:00\" \/>\n<meta property=\"og:image\" content=\"https:\/\/www.webdo.tn\/fr\/wp-content\/uploads\/2024\/06\/7af4fa4cd24456f8f7b3960ee8c86c02.webp\" \/>\n\t<meta property=\"og:image:width\" content=\"750\" \/>\n\t<meta property=\"og:image:height\" content=\"400\" \/>\n\t<meta property=\"og:image:type\" content=\"image\/webp\" \/>\n<meta name=\"author\" content=\"MC\" \/>\n<meta name=\"twitter:card\" content=\"summary_large_image\" \/>\n<meta name=\"twitter:creator\" content=\"@webdo_tn\" \/>\n<meta name=\"twitter:site\" content=\"@webdo_tn\" \/>\n<meta name=\"twitter:label1\" content=\"\u00c9crit par\" \/>\n\t<meta name=\"twitter:data1\" content=\"MC\" \/>\n\t<meta name=\"twitter:label2\" content=\"Dur\u00e9e de lecture estim\u00e9e\" \/>\n\t<meta name=\"twitter:data2\" content=\"1 minute\" \/>\n<script type=\"application\/ld+json\" class=\"yoast-schema-graph\">{\"@context\":\"https:\\\/\\\/schema.org\",\"@graph\":[{\"@type\":\"NewsArticle\",\"@id\":\"https:\\\/\\\/www.webdo.tn\\\/fr\\\/actualite\\\/culture\\\/programme-complet-de-la-58e-edition-du-festival-de-hammamet\\\/214935\\\/#article\",\"isPartOf\":{\"@id\":\"https:\\\/\\\/www.webdo.tn\\\/fr\\\/actualite\\\/culture\\\/programme-complet-de-la-58e-edition-du-festival-de-hammamet\\\/214935\\\/\"},\"author\":{\"name\":\"MC\",\"@id\":\"https:\\\/\\\/www.webdo.tn\\\/fr\\\/#\\\/schema\\\/person\\\/2c4929cbf5a809e3bd38617c6ce150f6\"},\"headline\":\"Programme complet de la 58e \u00e9dition du Festival de Hammamet\",\"datePublished\":\"2024-06-26T08:55:00+00:00\",\"dateModified\":\"2025-05-20T21:50:15+00:00\",\"mainEntityOfPage\":{\"@id\":\"https:\\\/\\\/www.webdo.tn\\\/fr\\\/actualite\\\/culture\\\/programme-complet-de-la-58e-edition-du-festival-de-hammamet\\\/214935\\\/\"},\"wordCount\":272,\"commentCount\":0,\"publisher\":{\"@id\":\"https:\\\/\\\/www.webdo.tn\\\/fr\\\/#organization\"},\"image\":{\"@id\":\"https:\\\/\\\/www.webdo.tn\\\/fr\\\/actualite\\\/culture\\\/programme-complet-de-la-58e-edition-du-festival-de-hammamet\\\/214935\\\/#primaryimage\"},\"thumbnailUrl\":\"https:\\\/\\\/www.webdo.tn\\\/fr\\\/wp-content\\\/uploads\\\/2024\\\/06\\\/7af4fa4cd24456f8f7b3960ee8c86c02.webp\",\"keywords\":[\"amina fakhet\",\"Festival\",\"hammamet\",\"programmation\"],\"articleSection\":[\"Culture\"],\"inLanguage\":\"fr-FR\"},{\"@type\":\"WebPage\",\"@id\":\"https:\\\/\\\/www.webdo.tn\\\/fr\\\/actualite\\\/culture\\\/programme-complet-de-la-58e-edition-du-festival-de-hammamet\\\/214935\\\/\",\"url\":\"https:\\\/\\\/www.webdo.tn\\\/fr\\\/actualite\\\/culture\\\/programme-complet-de-la-58e-edition-du-festival-de-hammamet\\\/214935\\\/\",\"name\":\"Programme complet de la 58e \u00e9dition du Festival de Hammamet\",\"isPartOf\":{\"@id\":\"https:\\\/\\\/www.webdo.tn\\\/fr\\\/#website\"},\"primaryImageOfPage\":{\"@id\":\"https:\\\/\\\/www.webdo.tn\\\/fr\\\/actualite\\\/culture\\\/programme-complet-de-la-58e-edition-du-festival-de-hammamet\\\/214935\\\/#primaryimage\"},\"image\":{\"@id\":\"https:\\\/\\\/www.webdo.tn\\\/fr\\\/actualite\\\/culture\\\/programme-complet-de-la-58e-edition-du-festival-de-hammamet\\\/214935\\\/#primaryimage\"},\"thumbnailUrl\":\"https:\\\/\\\/www.webdo.tn\\\/fr\\\/wp-content\\\/uploads\\\/2024\\\/06\\\/7af4fa4cd24456f8f7b3960ee8c86c02.webp\",\"datePublished\":\"2024-06-26T08:55:00+00:00\",\"dateModified\":\"2025-05-20T21:50:15+00:00\",\"description\":\"La 58\u00e8me \u00e9dition du Festival International de Hammamet, d\u00e9marrera le 5 juillet et se poursuivra jusqu\u2019au 3 ao\u00fbt 2024. Le programme complet du festival pr\u00e9voit d...\",\"breadcrumb\":{\"@id\":\"https:\\\/\\\/www.webdo.tn\\\/fr\\\/actualite\\\/culture\\\/programme-complet-de-la-58e-edition-du-festival-de-hammamet\\\/214935\\\/#breadcrumb\"},\"inLanguage\":\"fr-FR\",\"potentialAction\":[{\"@type\":\"ReadAction\",\"target\":[\"https:\\\/\\\/www.webdo.tn\\\/fr\\\/actualite\\\/culture\\\/programme-complet-de-la-58e-edition-du-festival-de-hammamet\\\/214935\\\/\"]}]},{\"@type\":\"ImageObject\",\"inLanguage\":\"fr-FR\",\"@id\":\"https:\\\/\\\/www.webdo.tn\\\/fr\\\/actualite\\\/culture\\\/programme-complet-de-la-58e-edition-du-festival-de-hammamet\\\/214935\\\/#primaryimage\",\"url\":\"https:\\\/\\\/www.webdo.tn\\\/fr\\\/wp-content\\\/uploads\\\/2024\\\/06\\\/7af4fa4cd24456f8f7b3960ee8c86c02.webp\",\"contentUrl\":\"https:\\\/\\\/www.webdo.tn\\\/fr\\\/wp-content\\\/uploads\\\/2024\\\/06\\\/7af4fa4cd24456f8f7b3960ee8c86c02.webp\",\"width\":750,\"height\":400,\"caption\":\"Programme complet de la 58e \u00e9dition du Festival de Hammamet\"},{\"@type\":\"BreadcrumbList\",\"@id\":\"https:\\\/\\\/www.webdo.tn\\\/fr\\\/actualite\\\/culture\\\/programme-complet-de-la-58e-edition-du-festival-de-hammamet\\\/214935\\\/#breadcrumb\",\"itemListElement\":[{\"@type\":\"ListItem\",\"position\":1,\"name\":\"Accueil\",\"item\":\"https:\\\/\\\/www.webdo.tn\\\/fr\\\/\"},{\"@type\":\"ListItem\",\"position\":2,\"name\":\"Programme complet de la 58e \u00e9dition du Festival de Hammamet\"}]},{\"@type\":\"WebSite\",\"@id\":\"https:\\\/\\\/www.webdo.tn\\\/fr\\\/#website\",\"url\":\"https:\\\/\\\/www.webdo.tn\\\/fr\\\/\",\"name\":\"webdo\",\"description\":\"Tunisie - News en Tunisie et \u00e0 l&#039;international sur Webdo.tn\",\"publisher\":{\"@id\":\"https:\\\/\\\/www.webdo.tn\\\/fr\\\/#organization\"},\"potentialAction\":[{\"@type\":\"SearchAction\",\"target\":{\"@type\":\"EntryPoint\",\"urlTemplate\":\"https:\\\/\\\/www.webdo.tn\\\/fr\\\/?s={search_term_string}\"},\"query-input\":{\"@type\":\"PropertyValueSpecification\",\"valueRequired\":true,\"valueName\":\"search_term_string\"}}],\"inLanguage\":\"fr-FR\"},{\"@type\":\"Organization\",\"@id\":\"https:\\\/\\\/www.webdo.tn\\\/fr\\\/#organization\",\"name\":\"Webdo\",\"alternateName\":\"Webdo.tn\",\"url\":\"https:\\\/\\\/www.webdo.tn\\\/fr\\\/\",\"logo\":{\"@type\":\"ImageObject\",\"inLanguage\":\"fr-FR\",\"@id\":\"https:\\\/\\\/www.webdo.tn\\\/fr\\\/#\\\/schema\\\/logo\\\/image\\\/\",\"url\":\"https:\\\/\\\/www.webdo.tn\\\/fr\\\/wp-content\\\/uploads\\\/2025\\\/06\\\/Webdo-Tunisie_168377.jpg\",\"contentUrl\":\"https:\\\/\\\/www.webdo.tn\\\/fr\\\/wp-content\\\/uploads\\\/2025\\\/06\\\/Webdo-Tunisie_168377.jpg\",\"width\":301,\"height\":301,\"caption\":\"Webdo\"},\"image\":{\"@id\":\"https:\\\/\\\/www.webdo.tn\\\/fr\\\/#\\\/schema\\\/logo\\\/image\\\/\"},\"sameAs\":[\"https:\\\/\\\/www.facebook.com\\\/webdotn\",\"https:\\\/\\\/x.com\\\/webdo_tn\"],\"description\":\"Webdo est un m\u00e9dia num\u00e9rique tunisien fond\u00e9 en 2010, sp\u00e9cialis\u00e9 dans l\u2019actualit\u00e9 nationale et internationale, l\u2019\u00e9conomie, la soci\u00e9t\u00e9 et les analyses politiques. Le site s\u2019adresse \u00e0 un large public francophone et couvre l\u2019information tunisienne en temps r\u00e9el.\",\"email\":\"redac@webdo.tn\",\"legalName\":\"YNJ SARL\",\"foundingDate\":\"2010-09-06\",\"numberOfEmployees\":{\"@type\":\"QuantitativeValue\",\"minValue\":\"11\",\"maxValue\":\"50\"}},{\"@type\":\"Person\",\"@id\":\"https:\\\/\\\/www.webdo.tn\\\/fr\\\/#\\\/schema\\\/person\\\/2c4929cbf5a809e3bd38617c6ce150f6\",\"name\":\"MC\",\"image\":{\"@type\":\"ImageObject\",\"inLanguage\":\"fr-FR\",\"@id\":\"https:\\\/\\\/secure.gravatar.com\\\/avatar\\\/a545bbb6f84efdd5553dbbc2895e3ca8f1d12c5215e00a041c9670b54aa9b18a?s=96&d=mm&r=g\",\"url\":\"https:\\\/\\\/secure.gravatar.com\\\/avatar\\\/a545bbb6f84efdd5553dbbc2895e3ca8f1d12c5215e00a041c9670b54aa9b18a?s=96&d=mm&r=g\",\"contentUrl\":\"https:\\\/\\\/secure.gravatar.com\\\/avatar\\\/a545bbb6f84efdd5553dbbc2895e3ca8f1d12c5215e00a041c9670b54aa9b18a?s=96&d=mm&r=g\",\"caption\":\"MC\"},\"url\":\"https:\\\/\\\/www.webdo.tn\\\/fr\\\/actualite\\\/author\\\/mc\\\/\"}]}<\/script>\n<!-- \/ Yoast SEO Premium plugin. -->","yoast_head_json":{"title":"Programme complet de la 58e \u00e9dition du Festival de Hammamet","description":"La 58\u00e8me \u00e9dition du Festival International de Hammamet, d\u00e9marrera le 5 juillet et se poursuivra jusqu\u2019au 3 ao\u00fbt 2024. Le programme complet du festival pr\u00e9voit d...","canonical":"https:\/\/www.webdo.tn\/fr\/actualite\/culture\/programme-complet-de-la-58e-edition-du-festival-de-hammamet\/214935\/","og_locale":"fr_FR","og_type":"article","og_title":"Programme complet de la 58e \u00e9dition du Festival de Hammamet","og_description":"La 58\u00e8me \u00e9dition du Festival International de Hammamet, d\u00e9marrera le 5 juillet et se poursuivra jusqu\u2019au 3 ao\u00fbt 2024. Le programme complet du festival pr\u00e9voit d...","og_url":"https:\/\/www.webdo.tn\/fr\/actualite\/culture\/programme-complet-de-la-58e-edition-du-festival-de-hammamet\/214935\/","og_site_name":"webdo","article_publisher":"https:\/\/www.facebook.com\/webdotn","article_published_time":"2024-06-26T08:55:00+00:00","article_modified_time":"2025-05-20T21:50:15+00:00","og_image":[{"width":750,"height":400,"url":"https:\/\/www.webdo.tn\/fr\/wp-content\/uploads\/2024\/06\/7af4fa4cd24456f8f7b3960ee8c86c02.webp","type":"image\/webp"}],"author":"MC","twitter_card":"summary_large_image","twitter_creator":"@webdo_tn","twitter_site":"@webdo_tn","twitter_misc":{"\u00c9crit par":"MC","Dur\u00e9e de lecture estim\u00e9e":"1 minute"},"schema":{"@context":"https:\/\/schema.org","@graph":[{"@type":"NewsArticle","@id":"https:\/\/www.webdo.tn\/fr\/actualite\/culture\/programme-complet-de-la-58e-edition-du-festival-de-hammamet\/214935\/#article","isPartOf":{"@id":"https:\/\/www.webdo.tn\/fr\/actualite\/culture\/programme-complet-de-la-58e-edition-du-festival-de-hammamet\/214935\/"},"author":{"name":"MC","@id":"https:\/\/www.webdo.tn\/fr\/#\/schema\/person\/2c4929cbf5a809e3bd38617c6ce150f6"},"headline":"Programme complet de la 58e \u00e9dition du Festival de Hammamet","datePublished":"2024-06-26T08:55:00+00:00","dateModified":"2025-05-20T21:50:15+00:00","mainEntityOfPage":{"@id":"https:\/\/www.webdo.tn\/fr\/actualite\/culture\/programme-complet-de-la-58e-edition-du-festival-de-hammamet\/214935\/"},"wordCount":272,"commentCount":0,"publisher":{"@id":"https:\/\/www.webdo.tn\/fr\/#organization"},"image":{"@id":"https:\/\/www.webdo.tn\/fr\/actualite\/culture\/programme-complet-de-la-58e-edition-du-festival-de-hammamet\/214935\/#primaryimage"},"thumbnailUrl":"https:\/\/www.webdo.tn\/fr\/wp-content\/uploads\/2024\/06\/7af4fa4cd24456f8f7b3960ee8c86c02.webp","keywords":["amina fakhet","Festival","hammamet","programmation"],"articleSection":["Culture"],"inLanguage":"fr-FR"},{"@type":"WebPage","@id":"https:\/\/www.webdo.tn\/fr\/actualite\/culture\/programme-complet-de-la-58e-edition-du-festival-de-hammamet\/214935\/","url":"https:\/\/www.webdo.tn\/fr\/actualite\/culture\/programme-complet-de-la-58e-edition-du-festival-de-hammamet\/214935\/","name":"Programme complet de la 58e \u00e9dition du Festival de Hammamet","isPartOf":{"@id":"https:\/\/www.webdo.tn\/fr\/#website"},"primaryImageOfPage":{"@id":"https:\/\/www.webdo.tn\/fr\/actualite\/culture\/programme-complet-de-la-58e-edition-du-festival-de-hammamet\/214935\/#primaryimage"},"image":{"@id":"https:\/\/www.webdo.tn\/fr\/actualite\/culture\/programme-complet-de-la-58e-edition-du-festival-de-hammamet\/214935\/#primaryimage"},"thumbnailUrl":"https:\/\/www.webdo.tn\/fr\/wp-content\/uploads\/2024\/06\/7af4fa4cd24456f8f7b3960ee8c86c02.webp","datePublished":"2024-06-26T08:55:00+00:00","dateModified":"2025-05-20T21:50:15+00:00","description":"La 58\u00e8me \u00e9dition du Festival International de Hammamet, d\u00e9marrera le 5 juillet et se poursuivra jusqu\u2019au 3 ao\u00fbt 2024. Le programme complet du festival pr\u00e9voit d...","breadcrumb":{"@id":"https:\/\/www.webdo.tn\/fr\/actualite\/culture\/programme-complet-de-la-58e-edition-du-festival-de-hammamet\/214935\/#breadcrumb"},"inLanguage":"fr-FR","potentialAction":[{"@type":"ReadAction","target":["https:\/\/www.webdo.tn\/fr\/actualite\/culture\/programme-complet-de-la-58e-edition-du-festival-de-hammamet\/214935\/"]}]},{"@type":"ImageObject","inLanguage":"fr-FR","@id":"https:\/\/www.webdo.tn\/fr\/actualite\/culture\/programme-complet-de-la-58e-edition-du-festival-de-hammamet\/214935\/#primaryimage","url":"https:\/\/www.webdo.tn\/fr\/wp-content\/uploads\/2024\/06\/7af4fa4cd24456f8f7b3960ee8c86c02.webp","contentUrl":"https:\/\/www.webdo.tn\/fr\/wp-content\/uploads\/2024\/06\/7af4fa4cd24456f8f7b3960ee8c86c02.webp","width":750,"height":400,"caption":"Programme complet de la 58e \u00e9dition du Festival de Hammamet"},{"@type":"BreadcrumbList","@id":"https:\/\/www.webdo.tn\/fr\/actualite\/culture\/programme-complet-de-la-58e-edition-du-festival-de-hammamet\/214935\/#breadcrumb","itemListElement":[{"@type":"ListItem","position":1,"name":"Accueil","item":"https:\/\/www.webdo.tn\/fr\/"},{"@type":"ListItem","position":2,"name":"Programme complet de la 58e \u00e9dition du Festival de Hammamet"}]},{"@type":"WebSite","@id":"https:\/\/www.webdo.tn\/fr\/#website","url":"https:\/\/www.webdo.tn\/fr\/","name":"webdo","description":"Tunisie - News en Tunisie et \u00e0 l&#039;international sur Webdo.tn","publisher":{"@id":"https:\/\/www.webdo.tn\/fr\/#organization"},"potentialAction":[{"@type":"SearchAction","target":{"@type":"EntryPoint","urlTemplate":"https:\/\/www.webdo.tn\/fr\/?s={search_term_string}"},"query-input":{"@type":"PropertyValueSpecification","valueRequired":true,"valueName":"search_term_string"}}],"inLanguage":"fr-FR"},{"@type":"Organization","@id":"https:\/\/www.webdo.tn\/fr\/#organization","name":"Webdo","alternateName":"Webdo.tn","url":"https:\/\/www.webdo.tn\/fr\/","logo":{"@type":"ImageObject","inLanguage":"fr-FR","@id":"https:\/\/www.webdo.tn\/fr\/#\/schema\/logo\/image\/","url":"https:\/\/www.webdo.tn\/fr\/wp-content\/uploads\/2025\/06\/Webdo-Tunisie_168377.jpg","contentUrl":"https:\/\/www.webdo.tn\/fr\/wp-content\/uploads\/2025\/06\/Webdo-Tunisie_168377.jpg","width":301,"height":301,"caption":"Webdo"},"image":{"@id":"https:\/\/www.webdo.tn\/fr\/#\/schema\/logo\/image\/"},"sameAs":["https:\/\/www.facebook.com\/webdotn","https:\/\/x.com\/webdo_tn"],"description":"Webdo est un m\u00e9dia num\u00e9rique tunisien fond\u00e9 en 2010, sp\u00e9cialis\u00e9 dans l\u2019actualit\u00e9 nationale et internationale, l\u2019\u00e9conomie, la soci\u00e9t\u00e9 et les analyses politiques. Le site s\u2019adresse \u00e0 un large public francophone et couvre l\u2019information tunisienne en temps r\u00e9el.","email":"redac@webdo.tn","legalName":"YNJ SARL","foundingDate":"2010-09-06","numberOfEmployees":{"@type":"QuantitativeValue","minValue":"11","maxValue":"50"}},{"@type":"Person","@id":"https:\/\/www.webdo.tn\/fr\/#\/schema\/person\/2c4929cbf5a809e3bd38617c6ce150f6","name":"MC","image":{"@type":"ImageObject","inLanguage":"fr-FR","@id":"https:\/\/secure.gravatar.com\/avatar\/a545bbb6f84efdd5553dbbc2895e3ca8f1d12c5215e00a041c9670b54aa9b18a?s=96&d=mm&r=g","url":"https:\/\/secure.gravatar.com\/avatar\/a545bbb6f84efdd5553dbbc2895e3ca8f1d12c5215e00a041c9670b54aa9b18a?s=96&d=mm&r=g","contentUrl":"https:\/\/secure.gravatar.com\/avatar\/a545bbb6f84efdd5553dbbc2895e3ca8f1d12c5215e00a041c9670b54aa9b18a?s=96&d=mm&r=g","caption":"MC"},"url":"https:\/\/www.webdo.tn\/fr\/actualite\/author\/mc\/"}]}},"_links":{"self":[{"href":"https:\/\/www.webdo.tn\/fr\/wp-json\/wp\/v2\/posts\/214935","targetHints":{"allow":["GET"]}}],"collection":[{"href":"https:\/\/www.webdo.tn\/fr\/wp-json\/wp\/v2\/posts"}],"about":[{"href":"https:\/\/www.webdo.tn\/fr\/wp-json\/wp\/v2\/types\/post"}],"author":[{"embeddable":true,"href":"https:\/\/www.webdo.tn\/fr\/wp-json\/wp\/v2\/users\/3162"}],"replies":[{"embeddable":true,"href":"https:\/\/www.webdo.tn\/fr\/wp-json\/wp\/v2\/comments?post=214935"}],"version-history":[{"count":0,"href":"https:\/\/www.webdo.tn\/fr\/wp-json\/wp\/v2\/posts\/214935\/revisions"}],"wp:featuredmedia":[{"embeddable":true,"href":"https:\/\/www.webdo.tn\/fr\/wp-json\/wp\/v2\/media\/247121"}],"wp:attachment":[{"href":"https:\/\/www.webdo.tn\/fr\/wp-json\/wp\/v2\/media?parent=214935"}],"wp:term":[{"taxonomy":"category","embeddable":true,"href":"https:\/\/www.webdo.tn\/fr\/wp-json\/wp\/v2\/categories?post=214935"},{"taxonomy":"post_tag","embeddable":true,"href":"https:\/\/www.webdo.tn\/fr\/wp-json\/wp\/v2\/tags?post=214935"}],"curies":[{"name":"wp","href":"https:\/\/api.w.org\/{rel}","templated":true}]}}