{"id":214922,"date":"2024-06-25T11:23:00","date_gmt":"2024-06-25T11:23:00","guid":{"rendered":"https:\/\/www.webdo.tn\/fr\/blog\/tunisie-l-avocat-abdelaziz-essid-condamne-en-appel-a-9-mois-de-prison-avec-sursis\/214922\/"},"modified":"2025-05-20T22:36:10","modified_gmt":"2025-05-20T22:36:10","slug":"tunisie-l-avocat-abdelaziz-essid-condamne-en-appel-a-9-mois-de-prison-avec-sursis","status":"publish","type":"post","link":"https:\/\/www.webdo.tn\/fr\/actualite\/national\/tunisie-l-avocat-abdelaziz-essid-condamne-en-appel-a-9-mois-de-prison-avec-sursis\/214922\/","title":{"rendered":"Tunisie : L\u2019avocat Abdelaziz Essid condamn\u00e9 en appel \u00e0 9 mois de prison avec sursis"},"content":{"rendered":"<p>L\u2019avocat Abdelaziz Essid a \u00e9t\u00e9 condamn\u00e9 en appel \u00e0 une peine de neuf mois de prison avec sursis dans une affaire qui l\u2019oppose \u00e0 la ministre de la Justice Leila Jaffel et pour laquelle il avait b\u00e9n\u00e9fici\u00e9 d\u2019un non-lieu en mars dernier.<\/p>\n<p>\t\t\t\t\t\t\t\t\tLa Cour d\u2019appel de Tunis a condamn\u00e9, ce mardi 25 juin 2024, Abdelaziz Essid \u00e0 une peine de neuf mois de prison avec sursis annulant ainsi le jugement rendu par le Tribunal de premi\u00e8re instance de Tunis, le 29 mars dernier alors que l\u2019avocat avait b\u00e9n\u00e9fici\u00e9 d\u2019un non-lieu.<\/p>\n<p>L\u2019avocat Abdelaziz Essid avait b\u00e9n\u00e9fici\u00e9 d\u2019un non-lieu suite \u00e0 une plainte de la ministre de la Justice Leila Jaffel, l&rsquo;accusant d&rsquo;avoir port\u00e9 atteinte \u00e0 un fonctionnaire public et pour diffamation \u00e0 travers les r\u00e9seaux sociaux.<\/p>\n","protected":false},"excerpt":{"rendered":"<p>La Cour d\u2019appel de Tunis a condamn\u00e9, ce mardi 25 juin 2024, Abdelaziz Essid \u00e0 une peine de neuf mois de prison avec sursis<\/p>\n","protected":false},"author":3175,"featured_media":247113,"comment_status":"open","ping_status":"closed","sticky":false,"template":"","format":"standard","meta":{"footnotes":""},"categories":[44],"tags":[6260,3042,4842,2619,6259,2708,4585],"class_list":["post-214922","post","type-post","status-publish","format-standard","has-post-thumbnail","hentry","category-national","tag-abdelaziz-essid","tag-avocat","tag-diffamation","tag-justice","tag-non-lieu","tag-prison","tag-sursis"],"yoast_head":"<!-- This site is optimized with the Yoast SEO Premium plugin v27.5 (Yoast SEO v27.5) - https:\/\/yoast.com\/product\/yoast-seo-premium-wordpress\/ -->\n<title>Tunisie : L\u2019avocat Abdelaziz Essid condamn\u00e9 en appel \u00e0 9 mois de prison avec sursis<\/title>\n<meta name=\"description\" content=\"La Cour d\u2019appel de Tunis a condamn\u00e9, ce mardi 25 juin 2024, Abdelaziz Essid \u00e0 une peine de neuf mois de prison avec sursis\" \/>\n<link rel=\"canonical\" href=\"https:\/\/www.webdo.tn\/fr\/actualite\/national\/tunisie-l-avocat-abdelaziz-essid-condamne-en-appel-a-9-mois-de-prison-avec-sursis\/214922\/\" \/>\n<meta property=\"og:locale\" content=\"fr_FR\" \/>\n<meta property=\"og:type\" content=\"article\" \/>\n<meta property=\"og:title\" content=\"Tunisie : L\u2019avocat Abdelaziz Essid condamn\u00e9 en appel \u00e0 9 mois de prison avec sursis\" \/>\n<meta property=\"og:description\" content=\"La Cour d\u2019appel de Tunis a condamn\u00e9, ce mardi 25 juin 2024, Abdelaziz Essid \u00e0 une peine de neuf mois de prison avec sursis\" \/>\n<meta property=\"og:url\" content=\"https:\/\/www.webdo.tn\/fr\/actualite\/national\/tunisie-l-avocat-abdelaziz-essid-condamne-en-appel-a-9-mois-de-prison-avec-sursis\/214922\/\" \/>\n<meta property=\"og:site_name\" content=\"webdo\" \/>\n<meta property=\"article:publisher\" content=\"https:\/\/www.facebook.com\/webdotn\" \/>\n<meta property=\"article:published_time\" content=\"2024-06-25T11:23:00+00:00\" \/>\n<meta property=\"article:modified_time\" content=\"2025-05-20T22:36:10+00:00\" \/>\n<meta property=\"og:image\" content=\"https:\/\/www.webdo.tn\/fr\/wp-content\/uploads\/2024\/06\/8cb56c1466c2307d3c70092dde7fb8db.webp\" \/>\n\t<meta property=\"og:image:width\" content=\"750\" \/>\n\t<meta property=\"og:image:height\" content=\"400\" \/>\n\t<meta property=\"og:image:type\" content=\"image\/webp\" \/>\n<meta name=\"author\" content=\"CL\" \/>\n<meta name=\"twitter:card\" content=\"summary_large_image\" \/>\n<meta name=\"twitter:creator\" content=\"@webdo_tn\" \/>\n<meta name=\"twitter:site\" content=\"@webdo_tn\" \/>\n<meta name=\"twitter:label1\" content=\"\u00c9crit par\" \/>\n\t<meta name=\"twitter:data1\" content=\"CL\" \/>\n\t<meta name=\"twitter:label2\" content=\"Dur\u00e9e de lecture estim\u00e9e\" \/>\n\t<meta name=\"twitter:data2\" content=\"1 minute\" \/>\n<script type=\"application\/ld+json\" class=\"yoast-schema-graph\">{\"@context\":\"https:\\\/\\\/schema.org\",\"@graph\":[{\"@type\":\"NewsArticle\",\"@id\":\"https:\\\/\\\/www.webdo.tn\\\/fr\\\/actualite\\\/national\\\/tunisie-l-avocat-abdelaziz-essid-condamne-en-appel-a-9-mois-de-prison-avec-sursis\\\/214922\\\/#article\",\"isPartOf\":{\"@id\":\"https:\\\/\\\/www.webdo.tn\\\/fr\\\/actualite\\\/national\\\/tunisie-l-avocat-abdelaziz-essid-condamne-en-appel-a-9-mois-de-prison-avec-sursis\\\/214922\\\/\"},\"author\":{\"name\":\"CL\",\"@id\":\"https:\\\/\\\/www.webdo.tn\\\/fr\\\/#\\\/schema\\\/person\\\/f35b42a42c5e2511bbd282959d6385cc\"},\"headline\":\"Tunisie : L\u2019avocat Abdelaziz Essid condamn\u00e9 en appel \u00e0 9 mois de prison avec sursis\",\"datePublished\":\"2024-06-25T11:23:00+00:00\",\"dateModified\":\"2025-05-20T22:36:10+00:00\",\"mainEntityOfPage\":{\"@id\":\"https:\\\/\\\/www.webdo.tn\\\/fr\\\/actualite\\\/national\\\/tunisie-l-avocat-abdelaziz-essid-condamne-en-appel-a-9-mois-de-prison-avec-sursis\\\/214922\\\/\"},\"wordCount\":147,\"commentCount\":0,\"publisher\":{\"@id\":\"https:\\\/\\\/www.webdo.tn\\\/fr\\\/#organization\"},\"image\":{\"@id\":\"https:\\\/\\\/www.webdo.tn\\\/fr\\\/actualite\\\/national\\\/tunisie-l-avocat-abdelaziz-essid-condamne-en-appel-a-9-mois-de-prison-avec-sursis\\\/214922\\\/#primaryimage\"},\"thumbnailUrl\":\"https:\\\/\\\/www.webdo.tn\\\/fr\\\/wp-content\\\/uploads\\\/2024\\\/06\\\/8cb56c1466c2307d3c70092dde7fb8db.webp\",\"keywords\":[\"abdelaziz essid\",\"avocat\",\"diffamation\",\"justice\",\"Non-lieu\",\"Prison\",\"sursis\"],\"articleSection\":[\"National\"],\"inLanguage\":\"fr-FR\"},{\"@type\":\"WebPage\",\"@id\":\"https:\\\/\\\/www.webdo.tn\\\/fr\\\/actualite\\\/national\\\/tunisie-l-avocat-abdelaziz-essid-condamne-en-appel-a-9-mois-de-prison-avec-sursis\\\/214922\\\/\",\"url\":\"https:\\\/\\\/www.webdo.tn\\\/fr\\\/actualite\\\/national\\\/tunisie-l-avocat-abdelaziz-essid-condamne-en-appel-a-9-mois-de-prison-avec-sursis\\\/214922\\\/\",\"name\":\"Tunisie : L\u2019avocat Abdelaziz Essid condamn\u00e9 en appel \u00e0 9 mois de prison avec sursis\",\"isPartOf\":{\"@id\":\"https:\\\/\\\/www.webdo.tn\\\/fr\\\/#website\"},\"primaryImageOfPage\":{\"@id\":\"https:\\\/\\\/www.webdo.tn\\\/fr\\\/actualite\\\/national\\\/tunisie-l-avocat-abdelaziz-essid-condamne-en-appel-a-9-mois-de-prison-avec-sursis\\\/214922\\\/#primaryimage\"},\"image\":{\"@id\":\"https:\\\/\\\/www.webdo.tn\\\/fr\\\/actualite\\\/national\\\/tunisie-l-avocat-abdelaziz-essid-condamne-en-appel-a-9-mois-de-prison-avec-sursis\\\/214922\\\/#primaryimage\"},\"thumbnailUrl\":\"https:\\\/\\\/www.webdo.tn\\\/fr\\\/wp-content\\\/uploads\\\/2024\\\/06\\\/8cb56c1466c2307d3c70092dde7fb8db.webp\",\"datePublished\":\"2024-06-25T11:23:00+00:00\",\"dateModified\":\"2025-05-20T22:36:10+00:00\",\"description\":\"La Cour d\u2019appel de Tunis a condamn\u00e9, ce mardi 25 juin 2024, Abdelaziz Essid \u00e0 une peine de neuf mois de prison avec sursis\",\"breadcrumb\":{\"@id\":\"https:\\\/\\\/www.webdo.tn\\\/fr\\\/actualite\\\/national\\\/tunisie-l-avocat-abdelaziz-essid-condamne-en-appel-a-9-mois-de-prison-avec-sursis\\\/214922\\\/#breadcrumb\"},\"inLanguage\":\"fr-FR\",\"potentialAction\":[{\"@type\":\"ReadAction\",\"target\":[\"https:\\\/\\\/www.webdo.tn\\\/fr\\\/actualite\\\/national\\\/tunisie-l-avocat-abdelaziz-essid-condamne-en-appel-a-9-mois-de-prison-avec-sursis\\\/214922\\\/\"]}]},{\"@type\":\"ImageObject\",\"inLanguage\":\"fr-FR\",\"@id\":\"https:\\\/\\\/www.webdo.tn\\\/fr\\\/actualite\\\/national\\\/tunisie-l-avocat-abdelaziz-essid-condamne-en-appel-a-9-mois-de-prison-avec-sursis\\\/214922\\\/#primaryimage\",\"url\":\"https:\\\/\\\/www.webdo.tn\\\/fr\\\/wp-content\\\/uploads\\\/2024\\\/06\\\/8cb56c1466c2307d3c70092dde7fb8db.webp\",\"contentUrl\":\"https:\\\/\\\/www.webdo.tn\\\/fr\\\/wp-content\\\/uploads\\\/2024\\\/06\\\/8cb56c1466c2307d3c70092dde7fb8db.webp\",\"width\":750,\"height\":400,\"caption\":\"Tunisie : L\u2019avocat Abdelaziz Essid condamn\u00e9 en appel \u00e0 9 mois de prison avec sursis\"},{\"@type\":\"BreadcrumbList\",\"@id\":\"https:\\\/\\\/www.webdo.tn\\\/fr\\\/actualite\\\/national\\\/tunisie-l-avocat-abdelaziz-essid-condamne-en-appel-a-9-mois-de-prison-avec-sursis\\\/214922\\\/#breadcrumb\",\"itemListElement\":[{\"@type\":\"ListItem\",\"position\":1,\"name\":\"Accueil\",\"item\":\"https:\\\/\\\/www.webdo.tn\\\/fr\\\/\"},{\"@type\":\"ListItem\",\"position\":2,\"name\":\"Tunisie : L\u2019avocat Abdelaziz Essid condamn\u00e9 en appel \u00e0 9 mois de prison avec sursis\"}]},{\"@type\":\"WebSite\",\"@id\":\"https:\\\/\\\/www.webdo.tn\\\/fr\\\/#website\",\"url\":\"https:\\\/\\\/www.webdo.tn\\\/fr\\\/\",\"name\":\"webdo\",\"description\":\"Tunisie - News en Tunisie et \u00e0 l&#039;international sur Webdo.tn\",\"publisher\":{\"@id\":\"https:\\\/\\\/www.webdo.tn\\\/fr\\\/#organization\"},\"potentialAction\":[{\"@type\":\"SearchAction\",\"target\":{\"@type\":\"EntryPoint\",\"urlTemplate\":\"https:\\\/\\\/www.webdo.tn\\\/fr\\\/?s={search_term_string}\"},\"query-input\":{\"@type\":\"PropertyValueSpecification\",\"valueRequired\":true,\"valueName\":\"search_term_string\"}}],\"inLanguage\":\"fr-FR\"},{\"@type\":\"Organization\",\"@id\":\"https:\\\/\\\/www.webdo.tn\\\/fr\\\/#organization\",\"name\":\"Webdo\",\"alternateName\":\"Webdo.tn\",\"url\":\"https:\\\/\\\/www.webdo.tn\\\/fr\\\/\",\"logo\":{\"@type\":\"ImageObject\",\"inLanguage\":\"fr-FR\",\"@id\":\"https:\\\/\\\/www.webdo.tn\\\/fr\\\/#\\\/schema\\\/logo\\\/image\\\/\",\"url\":\"https:\\\/\\\/www.webdo.tn\\\/fr\\\/wp-content\\\/uploads\\\/2025\\\/06\\\/Webdo-Tunisie_168377.jpg\",\"contentUrl\":\"https:\\\/\\\/www.webdo.tn\\\/fr\\\/wp-content\\\/uploads\\\/2025\\\/06\\\/Webdo-Tunisie_168377.jpg\",\"width\":301,\"height\":301,\"caption\":\"Webdo\"},\"image\":{\"@id\":\"https:\\\/\\\/www.webdo.tn\\\/fr\\\/#\\\/schema\\\/logo\\\/image\\\/\"},\"sameAs\":[\"https:\\\/\\\/www.facebook.com\\\/webdotn\",\"https:\\\/\\\/x.com\\\/webdo_tn\"],\"description\":\"Webdo est un m\u00e9dia num\u00e9rique tunisien fond\u00e9 en 2010, sp\u00e9cialis\u00e9 dans l\u2019actualit\u00e9 nationale et internationale, l\u2019\u00e9conomie, la soci\u00e9t\u00e9 et les analyses politiques. Le site s\u2019adresse \u00e0 un large public francophone et couvre l\u2019information tunisienne en temps r\u00e9el.\",\"email\":\"redac@webdo.tn\",\"legalName\":\"YNJ SARL\",\"foundingDate\":\"2010-09-06\",\"numberOfEmployees\":{\"@type\":\"QuantitativeValue\",\"minValue\":\"11\",\"maxValue\":\"50\"}},{\"@type\":\"Person\",\"@id\":\"https:\\\/\\\/www.webdo.tn\\\/fr\\\/#\\\/schema\\\/person\\\/f35b42a42c5e2511bbd282959d6385cc\",\"name\":\"CL\",\"image\":{\"@type\":\"ImageObject\",\"inLanguage\":\"fr-FR\",\"@id\":\"https:\\\/\\\/secure.gravatar.com\\\/avatar\\\/1447a49909b67aa657c488aec6512e1dd6143a480c1ecfee9b5b5cd74eb3b59e?s=96&d=mm&r=g\",\"url\":\"https:\\\/\\\/secure.gravatar.com\\\/avatar\\\/1447a49909b67aa657c488aec6512e1dd6143a480c1ecfee9b5b5cd74eb3b59e?s=96&d=mm&r=g\",\"contentUrl\":\"https:\\\/\\\/secure.gravatar.com\\\/avatar\\\/1447a49909b67aa657c488aec6512e1dd6143a480c1ecfee9b5b5cd74eb3b59e?s=96&d=mm&r=g\",\"caption\":\"CL\"},\"url\":\"https:\\\/\\\/www.webdo.tn\\\/fr\\\/actualite\\\/author\\\/cl\\\/\"}]}<\/script>\n<!-- \/ Yoast SEO Premium plugin. -->","yoast_head_json":{"title":"Tunisie : L\u2019avocat Abdelaziz Essid condamn\u00e9 en appel \u00e0 9 mois de prison avec sursis","description":"La Cour d\u2019appel de Tunis a condamn\u00e9, ce mardi 25 juin 2024, Abdelaziz Essid \u00e0 une peine de neuf mois de prison avec sursis","canonical":"https:\/\/www.webdo.tn\/fr\/actualite\/national\/tunisie-l-avocat-abdelaziz-essid-condamne-en-appel-a-9-mois-de-prison-avec-sursis\/214922\/","og_locale":"fr_FR","og_type":"article","og_title":"Tunisie : L\u2019avocat Abdelaziz Essid condamn\u00e9 en appel \u00e0 9 mois de prison avec sursis","og_description":"La Cour d\u2019appel de Tunis a condamn\u00e9, ce mardi 25 juin 2024, Abdelaziz Essid \u00e0 une peine de neuf mois de prison avec sursis","og_url":"https:\/\/www.webdo.tn\/fr\/actualite\/national\/tunisie-l-avocat-abdelaziz-essid-condamne-en-appel-a-9-mois-de-prison-avec-sursis\/214922\/","og_site_name":"webdo","article_publisher":"https:\/\/www.facebook.com\/webdotn","article_published_time":"2024-06-25T11:23:00+00:00","article_modified_time":"2025-05-20T22:36:10+00:00","og_image":[{"width":750,"height":400,"url":"https:\/\/www.webdo.tn\/fr\/wp-content\/uploads\/2024\/06\/8cb56c1466c2307d3c70092dde7fb8db.webp","type":"image\/webp"}],"author":"CL","twitter_card":"summary_large_image","twitter_creator":"@webdo_tn","twitter_site":"@webdo_tn","twitter_misc":{"\u00c9crit par":"CL","Dur\u00e9e de lecture estim\u00e9e":"1 minute"},"schema":{"@context":"https:\/\/schema.org","@graph":[{"@type":"NewsArticle","@id":"https:\/\/www.webdo.tn\/fr\/actualite\/national\/tunisie-l-avocat-abdelaziz-essid-condamne-en-appel-a-9-mois-de-prison-avec-sursis\/214922\/#article","isPartOf":{"@id":"https:\/\/www.webdo.tn\/fr\/actualite\/national\/tunisie-l-avocat-abdelaziz-essid-condamne-en-appel-a-9-mois-de-prison-avec-sursis\/214922\/"},"author":{"name":"CL","@id":"https:\/\/www.webdo.tn\/fr\/#\/schema\/person\/f35b42a42c5e2511bbd282959d6385cc"},"headline":"Tunisie : L\u2019avocat Abdelaziz Essid condamn\u00e9 en appel \u00e0 9 mois de prison avec sursis","datePublished":"2024-06-25T11:23:00+00:00","dateModified":"2025-05-20T22:36:10+00:00","mainEntityOfPage":{"@id":"https:\/\/www.webdo.tn\/fr\/actualite\/national\/tunisie-l-avocat-abdelaziz-essid-condamne-en-appel-a-9-mois-de-prison-avec-sursis\/214922\/"},"wordCount":147,"commentCount":0,"publisher":{"@id":"https:\/\/www.webdo.tn\/fr\/#organization"},"image":{"@id":"https:\/\/www.webdo.tn\/fr\/actualite\/national\/tunisie-l-avocat-abdelaziz-essid-condamne-en-appel-a-9-mois-de-prison-avec-sursis\/214922\/#primaryimage"},"thumbnailUrl":"https:\/\/www.webdo.tn\/fr\/wp-content\/uploads\/2024\/06\/8cb56c1466c2307d3c70092dde7fb8db.webp","keywords":["abdelaziz essid","avocat","diffamation","justice","Non-lieu","Prison","sursis"],"articleSection":["National"],"inLanguage":"fr-FR"},{"@type":"WebPage","@id":"https:\/\/www.webdo.tn\/fr\/actualite\/national\/tunisie-l-avocat-abdelaziz-essid-condamne-en-appel-a-9-mois-de-prison-avec-sursis\/214922\/","url":"https:\/\/www.webdo.tn\/fr\/actualite\/national\/tunisie-l-avocat-abdelaziz-essid-condamne-en-appel-a-9-mois-de-prison-avec-sursis\/214922\/","name":"Tunisie : L\u2019avocat Abdelaziz Essid condamn\u00e9 en appel \u00e0 9 mois de prison avec sursis","isPartOf":{"@id":"https:\/\/www.webdo.tn\/fr\/#website"},"primaryImageOfPage":{"@id":"https:\/\/www.webdo.tn\/fr\/actualite\/national\/tunisie-l-avocat-abdelaziz-essid-condamne-en-appel-a-9-mois-de-prison-avec-sursis\/214922\/#primaryimage"},"image":{"@id":"https:\/\/www.webdo.tn\/fr\/actualite\/national\/tunisie-l-avocat-abdelaziz-essid-condamne-en-appel-a-9-mois-de-prison-avec-sursis\/214922\/#primaryimage"},"thumbnailUrl":"https:\/\/www.webdo.tn\/fr\/wp-content\/uploads\/2024\/06\/8cb56c1466c2307d3c70092dde7fb8db.webp","datePublished":"2024-06-25T11:23:00+00:00","dateModified":"2025-05-20T22:36:10+00:00","description":"La Cour d\u2019appel de Tunis a condamn\u00e9, ce mardi 25 juin 2024, Abdelaziz Essid \u00e0 une peine de neuf mois de prison avec sursis","breadcrumb":{"@id":"https:\/\/www.webdo.tn\/fr\/actualite\/national\/tunisie-l-avocat-abdelaziz-essid-condamne-en-appel-a-9-mois-de-prison-avec-sursis\/214922\/#breadcrumb"},"inLanguage":"fr-FR","potentialAction":[{"@type":"ReadAction","target":["https:\/\/www.webdo.tn\/fr\/actualite\/national\/tunisie-l-avocat-abdelaziz-essid-condamne-en-appel-a-9-mois-de-prison-avec-sursis\/214922\/"]}]},{"@type":"ImageObject","inLanguage":"fr-FR","@id":"https:\/\/www.webdo.tn\/fr\/actualite\/national\/tunisie-l-avocat-abdelaziz-essid-condamne-en-appel-a-9-mois-de-prison-avec-sursis\/214922\/#primaryimage","url":"https:\/\/www.webdo.tn\/fr\/wp-content\/uploads\/2024\/06\/8cb56c1466c2307d3c70092dde7fb8db.webp","contentUrl":"https:\/\/www.webdo.tn\/fr\/wp-content\/uploads\/2024\/06\/8cb56c1466c2307d3c70092dde7fb8db.webp","width":750,"height":400,"caption":"Tunisie : L\u2019avocat Abdelaziz Essid condamn\u00e9 en appel \u00e0 9 mois de prison avec sursis"},{"@type":"BreadcrumbList","@id":"https:\/\/www.webdo.tn\/fr\/actualite\/national\/tunisie-l-avocat-abdelaziz-essid-condamne-en-appel-a-9-mois-de-prison-avec-sursis\/214922\/#breadcrumb","itemListElement":[{"@type":"ListItem","position":1,"name":"Accueil","item":"https:\/\/www.webdo.tn\/fr\/"},{"@type":"ListItem","position":2,"name":"Tunisie : L\u2019avocat Abdelaziz Essid condamn\u00e9 en appel \u00e0 9 mois de prison avec sursis"}]},{"@type":"WebSite","@id":"https:\/\/www.webdo.tn\/fr\/#website","url":"https:\/\/www.webdo.tn\/fr\/","name":"webdo","description":"Tunisie - News en Tunisie et \u00e0 l&#039;international sur Webdo.tn","publisher":{"@id":"https:\/\/www.webdo.tn\/fr\/#organization"},"potentialAction":[{"@type":"SearchAction","target":{"@type":"EntryPoint","urlTemplate":"https:\/\/www.webdo.tn\/fr\/?s={search_term_string}"},"query-input":{"@type":"PropertyValueSpecification","valueRequired":true,"valueName":"search_term_string"}}],"inLanguage":"fr-FR"},{"@type":"Organization","@id":"https:\/\/www.webdo.tn\/fr\/#organization","name":"Webdo","alternateName":"Webdo.tn","url":"https:\/\/www.webdo.tn\/fr\/","logo":{"@type":"ImageObject","inLanguage":"fr-FR","@id":"https:\/\/www.webdo.tn\/fr\/#\/schema\/logo\/image\/","url":"https:\/\/www.webdo.tn\/fr\/wp-content\/uploads\/2025\/06\/Webdo-Tunisie_168377.jpg","contentUrl":"https:\/\/www.webdo.tn\/fr\/wp-content\/uploads\/2025\/06\/Webdo-Tunisie_168377.jpg","width":301,"height":301,"caption":"Webdo"},"image":{"@id":"https:\/\/www.webdo.tn\/fr\/#\/schema\/logo\/image\/"},"sameAs":["https:\/\/www.facebook.com\/webdotn","https:\/\/x.com\/webdo_tn"],"description":"Webdo est un m\u00e9dia num\u00e9rique tunisien fond\u00e9 en 2010, sp\u00e9cialis\u00e9 dans l\u2019actualit\u00e9 nationale et internationale, l\u2019\u00e9conomie, la soci\u00e9t\u00e9 et les analyses politiques. Le site s\u2019adresse \u00e0 un large public francophone et couvre l\u2019information tunisienne en temps r\u00e9el.","email":"redac@webdo.tn","legalName":"YNJ SARL","foundingDate":"2010-09-06","numberOfEmployees":{"@type":"QuantitativeValue","minValue":"11","maxValue":"50"}},{"@type":"Person","@id":"https:\/\/www.webdo.tn\/fr\/#\/schema\/person\/f35b42a42c5e2511bbd282959d6385cc","name":"CL","image":{"@type":"ImageObject","inLanguage":"fr-FR","@id":"https:\/\/secure.gravatar.com\/avatar\/1447a49909b67aa657c488aec6512e1dd6143a480c1ecfee9b5b5cd74eb3b59e?s=96&d=mm&r=g","url":"https:\/\/secure.gravatar.com\/avatar\/1447a49909b67aa657c488aec6512e1dd6143a480c1ecfee9b5b5cd74eb3b59e?s=96&d=mm&r=g","contentUrl":"https:\/\/secure.gravatar.com\/avatar\/1447a49909b67aa657c488aec6512e1dd6143a480c1ecfee9b5b5cd74eb3b59e?s=96&d=mm&r=g","caption":"CL"},"url":"https:\/\/www.webdo.tn\/fr\/actualite\/author\/cl\/"}]}},"_links":{"self":[{"href":"https:\/\/www.webdo.tn\/fr\/wp-json\/wp\/v2\/posts\/214922","targetHints":{"allow":["GET"]}}],"collection":[{"href":"https:\/\/www.webdo.tn\/fr\/wp-json\/wp\/v2\/posts"}],"about":[{"href":"https:\/\/www.webdo.tn\/fr\/wp-json\/wp\/v2\/types\/post"}],"author":[{"embeddable":true,"href":"https:\/\/www.webdo.tn\/fr\/wp-json\/wp\/v2\/users\/3175"}],"replies":[{"embeddable":true,"href":"https:\/\/www.webdo.tn\/fr\/wp-json\/wp\/v2\/comments?post=214922"}],"version-history":[{"count":0,"href":"https:\/\/www.webdo.tn\/fr\/wp-json\/wp\/v2\/posts\/214922\/revisions"}],"wp:featuredmedia":[{"embeddable":true,"href":"https:\/\/www.webdo.tn\/fr\/wp-json\/wp\/v2\/media\/247113"}],"wp:attachment":[{"href":"https:\/\/www.webdo.tn\/fr\/wp-json\/wp\/v2\/media?parent=214922"}],"wp:term":[{"taxonomy":"category","embeddable":true,"href":"https:\/\/www.webdo.tn\/fr\/wp-json\/wp\/v2\/categories?post=214922"},{"taxonomy":"post_tag","embeddable":true,"href":"https:\/\/www.webdo.tn\/fr\/wp-json\/wp\/v2\/tags?post=214922"}],"curies":[{"name":"wp","href":"https:\/\/api.w.org\/{rel}","templated":true}]}}