{"id":214909,"date":"2024-06-24T19:16:00","date_gmt":"2024-06-24T19:16:00","guid":{"rendered":"https:\/\/www.webdo.tn\/fr\/blog\/des-pelerins-tunisiens-egares-a-la-mecque-les-recherches-continuent\/214909\/"},"modified":"2024-06-24T19:16:00","modified_gmt":"2024-06-24T19:16:00","slug":"des-pelerins-tunisiens-egares-a-la-mecque-les-recherches-continuent","status":"publish","type":"post","link":"https:\/\/www.webdo.tn\/fr\/actualite\/national\/des-pelerins-tunisiens-egares-a-la-mecque-les-recherches-continuent\/214909\/","title":{"rendered":"Des p\u00e8lerins Tunisiens \u00e9gar\u00e9s \u00e0 la Mecque retrouv\u00e9s"},"content":{"rendered":"<p>Le Minist\u00e8re des Affaires \u00c9trang\u00e8res, de la Migration et des Tunisiens \u00e0 l&rsquo;\u00c9tranger informe que le Consulat G\u00e9n\u00e9ral de Tunisie \u00e0 Jeddah, en coop\u00e9ration avec l&rsquo;Ambassade de Tunisie \u00e0 Riyad, la Soci\u00e9t\u00e9 des Services Nationaux et des R\u00e9sidences, ainsi que la mission sanitaire tunisienne, continue de surveiller de pr\u00e8s l&rsquo;\u00e9tat des p\u00e8lerins tunisiens.<\/p>\n<p>\t\t\t\t\t\t\t\t\tActuellement, 24 p\u00e8lerins malades sont hospitalis\u00e9s \u00e0 La Mecque, Ta\u00ebf et Jeddah, et plusieurs p\u00e8lerins \u00e9gar\u00e9s ont \u00e9t\u00e9 retrouv\u00e9s gr\u00e2ce aux efforts de la communaut\u00e9 tunisienne sur les r\u00e9seaux sociaux. Les recherches se poursuivent pour retrouver les autres disparus, en collaboration avec les autorit\u00e9s saoudiennes.<\/p>\n<p>Une visite au \u00ab\u00a0Centre Al-Shumaisi\u00a0\u00bb \u00e0 La Mecque a r\u00e9v\u00e9l\u00e9 la pr\u00e9sence de deux p\u00e8lerins tunisiens dont la situation a \u00e9t\u00e9 r\u00e9gularis\u00e9e avec les services des passeports. Le Consulat G\u00e9n\u00e9ral continue \u00e9galement \u00e0 \u00e9mettre des laissez-passer pour les p\u00e8lerins ayant perdu leur passeport, facilitant ainsi leur retour en Tunisie dans les meilleures conditions possibles.<\/p>\n<p>Le Consulat G\u00e9n\u00e9ral, en collaboration avec la Soci\u00e9t\u00e9 des Services Nationaux et des R\u00e9sidences, aide les p\u00e8lerins \u00e0 rentrer en Tunisie en trouvant des solutions pour diverses situations \u00e0 l&rsquo;a\u00e9roport international Roi-Abdelaziz de Jeddah, en coordination avec l&rsquo;Ambassade de Tunisie \u00e0 Riyad.<\/p>\n<p>Il est important de noter que les recherches et v\u00e9rifications effectu\u00e9es aupr\u00e8s des services de m\u00e9decine l\u00e9gale et des centres de s\u00e9curit\u00e9 de la r\u00e9gion de La Mecque ont r\u00e9v\u00e9l\u00e9 une augmentation du nombre de d\u00e9c\u00e8s parmi les p\u00e8lerins tunisiens. \u00c0 ce jour, le 24 juin 2024, le nombre de d\u00e9c\u00e8s confirm\u00e9s est de 60, apr\u00e8s identification des empreintes digitales des d\u00e9funts et comparaison avec les registres d&rsquo;entr\u00e9e en Arabie Saoudite.<\/p>\n","protected":false},"excerpt":{"rendered":"<p>Suivi des p\u00e8lerins tunisiens en Arabie Saoudite : le Consulat \u00e0 Jeddah intensifie les recherches pour retrouver les p\u00e8lerins \u00e9gar\u00e9s. D\u00e9couvrez les derni\u00e8res act&#8230;<\/p>\n","protected":false},"author":3169,"featured_media":290754,"comment_status":"open","ping_status":"closed","sticky":false,"template":"","format":"standard","meta":{"footnotes":""},"categories":[44],"tags":[10268,4030,2608],"class_list":["post-214909","post","type-post","status-publish","format-standard","has-post-thumbnail","hentry","category-national","tag-mecque","tag-hajj","tag-tunisie"],"yoast_head":"<!-- This site is optimized with the Yoast SEO Premium plugin v27.5 (Yoast SEO v27.5) - https:\/\/yoast.com\/product\/yoast-seo-premium-wordpress\/ -->\n<title>Des p\u00e8lerins Tunisiens \u00e9gar\u00e9s \u00e0 la Mecque retrouv\u00e9s<\/title>\n<meta name=\"description\" content=\"Suivi des p\u00e8lerins tunisiens en Arabie Saoudite : le Consulat \u00e0 Jeddah intensifie les recherches pour retrouver les p\u00e8lerins \u00e9gar\u00e9s. D\u00e9couvrez les derni\u00e8res act...\" \/>\n<link rel=\"canonical\" href=\"https:\/\/www.webdo.tn\/fr\/actualite\/national\/des-pelerins-tunisiens-egares-a-la-mecque-les-recherches-continuent\/214909\/\" \/>\n<meta property=\"og:locale\" content=\"fr_FR\" \/>\n<meta property=\"og:type\" content=\"article\" \/>\n<meta property=\"og:title\" content=\"Des p\u00e8lerins Tunisiens \u00e9gar\u00e9s \u00e0 la Mecque retrouv\u00e9s\" \/>\n<meta property=\"og:description\" content=\"Suivi des p\u00e8lerins tunisiens en Arabie Saoudite : le Consulat \u00e0 Jeddah intensifie les recherches pour retrouver les p\u00e8lerins \u00e9gar\u00e9s. D\u00e9couvrez les derni\u00e8res act...\" \/>\n<meta property=\"og:url\" content=\"https:\/\/www.webdo.tn\/fr\/actualite\/national\/des-pelerins-tunisiens-egares-a-la-mecque-les-recherches-continuent\/214909\/\" \/>\n<meta property=\"og:site_name\" content=\"webdo\" \/>\n<meta property=\"article:publisher\" content=\"https:\/\/www.facebook.com\/webdotn\" \/>\n<meta property=\"article:published_time\" content=\"2024-06-24T19:16:00+00:00\" \/>\n<meta property=\"og:image\" content=\"https:\/\/www.webdo.tn\/fr\/wp-content\/uploads\/2024\/06\/be00622a1b9e4a5513273d626dd51ab6.webp\" \/>\n\t<meta property=\"og:image:width\" content=\"750\" \/>\n\t<meta property=\"og:image:height\" content=\"400\" \/>\n\t<meta property=\"og:image:type\" content=\"image\/webp\" \/>\n<meta name=\"author\" content=\"Webdo\" \/>\n<meta name=\"twitter:card\" content=\"summary_large_image\" \/>\n<meta name=\"twitter:creator\" content=\"@webdo_tn\" \/>\n<meta name=\"twitter:site\" content=\"@webdo_tn\" \/>\n<meta name=\"twitter:label1\" content=\"\u00c9crit par\" \/>\n\t<meta name=\"twitter:data1\" content=\"Webdo\" \/>\n\t<meta name=\"twitter:label2\" content=\"Dur\u00e9e de lecture estim\u00e9e\" \/>\n\t<meta name=\"twitter:data2\" content=\"2 minutes\" \/>\n<script type=\"application\/ld+json\" class=\"yoast-schema-graph\">{\"@context\":\"https:\\\/\\\/schema.org\",\"@graph\":[{\"@type\":\"NewsArticle\",\"@id\":\"https:\\\/\\\/www.webdo.tn\\\/fr\\\/actualite\\\/national\\\/des-pelerins-tunisiens-egares-a-la-mecque-les-recherches-continuent\\\/214909\\\/#article\",\"isPartOf\":{\"@id\":\"https:\\\/\\\/www.webdo.tn\\\/fr\\\/actualite\\\/national\\\/des-pelerins-tunisiens-egares-a-la-mecque-les-recherches-continuent\\\/214909\\\/\"},\"author\":{\"name\":\"Webdo\",\"@id\":\"https:\\\/\\\/www.webdo.tn\\\/fr\\\/#\\\/schema\\\/person\\\/1f4e491e0907b413d61089e8eb573acc\"},\"headline\":\"Des p\u00e8lerins Tunisiens \u00e9gar\u00e9s \u00e0 la Mecque retrouv\u00e9s\",\"datePublished\":\"2024-06-24T19:16:00+00:00\",\"mainEntityOfPage\":{\"@id\":\"https:\\\/\\\/www.webdo.tn\\\/fr\\\/actualite\\\/national\\\/des-pelerins-tunisiens-egares-a-la-mecque-les-recherches-continuent\\\/214909\\\/\"},\"wordCount\":318,\"commentCount\":0,\"publisher\":{\"@id\":\"https:\\\/\\\/www.webdo.tn\\\/fr\\\/#organization\"},\"image\":{\"@id\":\"https:\\\/\\\/www.webdo.tn\\\/fr\\\/actualite\\\/national\\\/des-pelerins-tunisiens-egares-a-la-mecque-les-recherches-continuent\\\/214909\\\/#primaryimage\"},\"thumbnailUrl\":\"https:\\\/\\\/www.webdo.tn\\\/fr\\\/wp-content\\\/uploads\\\/2024\\\/06\\\/be00622a1b9e4a5513273d626dd51ab6.webp\",\"keywords\":[\"'Mecque']\",\"Hajj\",\"Tunisie\"],\"articleSection\":[\"National\"],\"inLanguage\":\"fr-FR\"},{\"@type\":\"WebPage\",\"@id\":\"https:\\\/\\\/www.webdo.tn\\\/fr\\\/actualite\\\/national\\\/des-pelerins-tunisiens-egares-a-la-mecque-les-recherches-continuent\\\/214909\\\/\",\"url\":\"https:\\\/\\\/www.webdo.tn\\\/fr\\\/actualite\\\/national\\\/des-pelerins-tunisiens-egares-a-la-mecque-les-recherches-continuent\\\/214909\\\/\",\"name\":\"Des p\u00e8lerins Tunisiens \u00e9gar\u00e9s \u00e0 la Mecque retrouv\u00e9s\",\"isPartOf\":{\"@id\":\"https:\\\/\\\/www.webdo.tn\\\/fr\\\/#website\"},\"primaryImageOfPage\":{\"@id\":\"https:\\\/\\\/www.webdo.tn\\\/fr\\\/actualite\\\/national\\\/des-pelerins-tunisiens-egares-a-la-mecque-les-recherches-continuent\\\/214909\\\/#primaryimage\"},\"image\":{\"@id\":\"https:\\\/\\\/www.webdo.tn\\\/fr\\\/actualite\\\/national\\\/des-pelerins-tunisiens-egares-a-la-mecque-les-recherches-continuent\\\/214909\\\/#primaryimage\"},\"thumbnailUrl\":\"https:\\\/\\\/www.webdo.tn\\\/fr\\\/wp-content\\\/uploads\\\/2024\\\/06\\\/be00622a1b9e4a5513273d626dd51ab6.webp\",\"datePublished\":\"2024-06-24T19:16:00+00:00\",\"description\":\"Suivi des p\u00e8lerins tunisiens en Arabie Saoudite : le Consulat \u00e0 Jeddah intensifie les recherches pour retrouver les p\u00e8lerins \u00e9gar\u00e9s. D\u00e9couvrez les derni\u00e8res act...\",\"breadcrumb\":{\"@id\":\"https:\\\/\\\/www.webdo.tn\\\/fr\\\/actualite\\\/national\\\/des-pelerins-tunisiens-egares-a-la-mecque-les-recherches-continuent\\\/214909\\\/#breadcrumb\"},\"inLanguage\":\"fr-FR\",\"potentialAction\":[{\"@type\":\"ReadAction\",\"target\":[\"https:\\\/\\\/www.webdo.tn\\\/fr\\\/actualite\\\/national\\\/des-pelerins-tunisiens-egares-a-la-mecque-les-recherches-continuent\\\/214909\\\/\"]}]},{\"@type\":\"ImageObject\",\"inLanguage\":\"fr-FR\",\"@id\":\"https:\\\/\\\/www.webdo.tn\\\/fr\\\/actualite\\\/national\\\/des-pelerins-tunisiens-egares-a-la-mecque-les-recherches-continuent\\\/214909\\\/#primaryimage\",\"url\":\"https:\\\/\\\/www.webdo.tn\\\/fr\\\/wp-content\\\/uploads\\\/2024\\\/06\\\/be00622a1b9e4a5513273d626dd51ab6.webp\",\"contentUrl\":\"https:\\\/\\\/www.webdo.tn\\\/fr\\\/wp-content\\\/uploads\\\/2024\\\/06\\\/be00622a1b9e4a5513273d626dd51ab6.webp\",\"width\":750,\"height\":400,\"caption\":\"Des p\u00e8lerins Tunisiens \u00e9gar\u00e9s \u00e0 la Mecque retrouv\u00e9s\"},{\"@type\":\"BreadcrumbList\",\"@id\":\"https:\\\/\\\/www.webdo.tn\\\/fr\\\/actualite\\\/national\\\/des-pelerins-tunisiens-egares-a-la-mecque-les-recherches-continuent\\\/214909\\\/#breadcrumb\",\"itemListElement\":[{\"@type\":\"ListItem\",\"position\":1,\"name\":\"Accueil\",\"item\":\"https:\\\/\\\/www.webdo.tn\\\/fr\\\/\"},{\"@type\":\"ListItem\",\"position\":2,\"name\":\"Des p\u00e8lerins Tunisiens \u00e9gar\u00e9s \u00e0 la Mecque retrouv\u00e9s\"}]},{\"@type\":\"WebSite\",\"@id\":\"https:\\\/\\\/www.webdo.tn\\\/fr\\\/#website\",\"url\":\"https:\\\/\\\/www.webdo.tn\\\/fr\\\/\",\"name\":\"webdo\",\"description\":\"Tunisie - News en Tunisie et \u00e0 l&#039;international sur Webdo.tn\",\"publisher\":{\"@id\":\"https:\\\/\\\/www.webdo.tn\\\/fr\\\/#organization\"},\"potentialAction\":[{\"@type\":\"SearchAction\",\"target\":{\"@type\":\"EntryPoint\",\"urlTemplate\":\"https:\\\/\\\/www.webdo.tn\\\/fr\\\/?s={search_term_string}\"},\"query-input\":{\"@type\":\"PropertyValueSpecification\",\"valueRequired\":true,\"valueName\":\"search_term_string\"}}],\"inLanguage\":\"fr-FR\"},{\"@type\":\"Organization\",\"@id\":\"https:\\\/\\\/www.webdo.tn\\\/fr\\\/#organization\",\"name\":\"Webdo\",\"alternateName\":\"Webdo.tn\",\"url\":\"https:\\\/\\\/www.webdo.tn\\\/fr\\\/\",\"logo\":{\"@type\":\"ImageObject\",\"inLanguage\":\"fr-FR\",\"@id\":\"https:\\\/\\\/www.webdo.tn\\\/fr\\\/#\\\/schema\\\/logo\\\/image\\\/\",\"url\":\"https:\\\/\\\/www.webdo.tn\\\/fr\\\/wp-content\\\/uploads\\\/2025\\\/06\\\/Webdo-Tunisie_168377.jpg\",\"contentUrl\":\"https:\\\/\\\/www.webdo.tn\\\/fr\\\/wp-content\\\/uploads\\\/2025\\\/06\\\/Webdo-Tunisie_168377.jpg\",\"width\":301,\"height\":301,\"caption\":\"Webdo\"},\"image\":{\"@id\":\"https:\\\/\\\/www.webdo.tn\\\/fr\\\/#\\\/schema\\\/logo\\\/image\\\/\"},\"sameAs\":[\"https:\\\/\\\/www.facebook.com\\\/webdotn\",\"https:\\\/\\\/x.com\\\/webdo_tn\"],\"description\":\"Webdo est un m\u00e9dia num\u00e9rique tunisien fond\u00e9 en 2010, sp\u00e9cialis\u00e9 dans l\u2019actualit\u00e9 nationale et internationale, l\u2019\u00e9conomie, la soci\u00e9t\u00e9 et les analyses politiques. Le site s\u2019adresse \u00e0 un large public francophone et couvre l\u2019information tunisienne en temps r\u00e9el.\",\"email\":\"redac@webdo.tn\",\"legalName\":\"YNJ SARL\",\"foundingDate\":\"2010-09-06\",\"numberOfEmployees\":{\"@type\":\"QuantitativeValue\",\"minValue\":\"11\",\"maxValue\":\"50\"}},{\"@type\":\"Person\",\"@id\":\"https:\\\/\\\/www.webdo.tn\\\/fr\\\/#\\\/schema\\\/person\\\/1f4e491e0907b413d61089e8eb573acc\",\"name\":\"Webdo\",\"image\":{\"@type\":\"ImageObject\",\"inLanguage\":\"fr-FR\",\"@id\":\"https:\\\/\\\/secure.gravatar.com\\\/avatar\\\/de97aeec1bb80978a9dbb127e47dfc88aaacb2f3c29aac907d8d3222e3495d49?s=96&d=mm&r=g\",\"url\":\"https:\\\/\\\/secure.gravatar.com\\\/avatar\\\/de97aeec1bb80978a9dbb127e47dfc88aaacb2f3c29aac907d8d3222e3495d49?s=96&d=mm&r=g\",\"contentUrl\":\"https:\\\/\\\/secure.gravatar.com\\\/avatar\\\/de97aeec1bb80978a9dbb127e47dfc88aaacb2f3c29aac907d8d3222e3495d49?s=96&d=mm&r=g\",\"caption\":\"Webdo\"},\"url\":\"https:\\\/\\\/www.webdo.tn\\\/fr\\\/actualite\\\/author\\\/webdo\\\/\"}]}<\/script>\n<!-- \/ Yoast SEO Premium plugin. -->","yoast_head_json":{"title":"Des p\u00e8lerins Tunisiens \u00e9gar\u00e9s \u00e0 la Mecque retrouv\u00e9s","description":"Suivi des p\u00e8lerins tunisiens en Arabie Saoudite : le Consulat \u00e0 Jeddah intensifie les recherches pour retrouver les p\u00e8lerins \u00e9gar\u00e9s. D\u00e9couvrez les derni\u00e8res act...","canonical":"https:\/\/www.webdo.tn\/fr\/actualite\/national\/des-pelerins-tunisiens-egares-a-la-mecque-les-recherches-continuent\/214909\/","og_locale":"fr_FR","og_type":"article","og_title":"Des p\u00e8lerins Tunisiens \u00e9gar\u00e9s \u00e0 la Mecque retrouv\u00e9s","og_description":"Suivi des p\u00e8lerins tunisiens en Arabie Saoudite : le Consulat \u00e0 Jeddah intensifie les recherches pour retrouver les p\u00e8lerins \u00e9gar\u00e9s. D\u00e9couvrez les derni\u00e8res act...","og_url":"https:\/\/www.webdo.tn\/fr\/actualite\/national\/des-pelerins-tunisiens-egares-a-la-mecque-les-recherches-continuent\/214909\/","og_site_name":"webdo","article_publisher":"https:\/\/www.facebook.com\/webdotn","article_published_time":"2024-06-24T19:16:00+00:00","og_image":[{"width":750,"height":400,"url":"https:\/\/www.webdo.tn\/fr\/wp-content\/uploads\/2024\/06\/be00622a1b9e4a5513273d626dd51ab6.webp","type":"image\/webp"}],"author":"Webdo","twitter_card":"summary_large_image","twitter_creator":"@webdo_tn","twitter_site":"@webdo_tn","twitter_misc":{"\u00c9crit par":"Webdo","Dur\u00e9e de lecture estim\u00e9e":"2 minutes"},"schema":{"@context":"https:\/\/schema.org","@graph":[{"@type":"NewsArticle","@id":"https:\/\/www.webdo.tn\/fr\/actualite\/national\/des-pelerins-tunisiens-egares-a-la-mecque-les-recherches-continuent\/214909\/#article","isPartOf":{"@id":"https:\/\/www.webdo.tn\/fr\/actualite\/national\/des-pelerins-tunisiens-egares-a-la-mecque-les-recherches-continuent\/214909\/"},"author":{"name":"Webdo","@id":"https:\/\/www.webdo.tn\/fr\/#\/schema\/person\/1f4e491e0907b413d61089e8eb573acc"},"headline":"Des p\u00e8lerins Tunisiens \u00e9gar\u00e9s \u00e0 la Mecque retrouv\u00e9s","datePublished":"2024-06-24T19:16:00+00:00","mainEntityOfPage":{"@id":"https:\/\/www.webdo.tn\/fr\/actualite\/national\/des-pelerins-tunisiens-egares-a-la-mecque-les-recherches-continuent\/214909\/"},"wordCount":318,"commentCount":0,"publisher":{"@id":"https:\/\/www.webdo.tn\/fr\/#organization"},"image":{"@id":"https:\/\/www.webdo.tn\/fr\/actualite\/national\/des-pelerins-tunisiens-egares-a-la-mecque-les-recherches-continuent\/214909\/#primaryimage"},"thumbnailUrl":"https:\/\/www.webdo.tn\/fr\/wp-content\/uploads\/2024\/06\/be00622a1b9e4a5513273d626dd51ab6.webp","keywords":["'Mecque']","Hajj","Tunisie"],"articleSection":["National"],"inLanguage":"fr-FR"},{"@type":"WebPage","@id":"https:\/\/www.webdo.tn\/fr\/actualite\/national\/des-pelerins-tunisiens-egares-a-la-mecque-les-recherches-continuent\/214909\/","url":"https:\/\/www.webdo.tn\/fr\/actualite\/national\/des-pelerins-tunisiens-egares-a-la-mecque-les-recherches-continuent\/214909\/","name":"Des p\u00e8lerins Tunisiens \u00e9gar\u00e9s \u00e0 la Mecque retrouv\u00e9s","isPartOf":{"@id":"https:\/\/www.webdo.tn\/fr\/#website"},"primaryImageOfPage":{"@id":"https:\/\/www.webdo.tn\/fr\/actualite\/national\/des-pelerins-tunisiens-egares-a-la-mecque-les-recherches-continuent\/214909\/#primaryimage"},"image":{"@id":"https:\/\/www.webdo.tn\/fr\/actualite\/national\/des-pelerins-tunisiens-egares-a-la-mecque-les-recherches-continuent\/214909\/#primaryimage"},"thumbnailUrl":"https:\/\/www.webdo.tn\/fr\/wp-content\/uploads\/2024\/06\/be00622a1b9e4a5513273d626dd51ab6.webp","datePublished":"2024-06-24T19:16:00+00:00","description":"Suivi des p\u00e8lerins tunisiens en Arabie Saoudite : le Consulat \u00e0 Jeddah intensifie les recherches pour retrouver les p\u00e8lerins \u00e9gar\u00e9s. D\u00e9couvrez les derni\u00e8res act...","breadcrumb":{"@id":"https:\/\/www.webdo.tn\/fr\/actualite\/national\/des-pelerins-tunisiens-egares-a-la-mecque-les-recherches-continuent\/214909\/#breadcrumb"},"inLanguage":"fr-FR","potentialAction":[{"@type":"ReadAction","target":["https:\/\/www.webdo.tn\/fr\/actualite\/national\/des-pelerins-tunisiens-egares-a-la-mecque-les-recherches-continuent\/214909\/"]}]},{"@type":"ImageObject","inLanguage":"fr-FR","@id":"https:\/\/www.webdo.tn\/fr\/actualite\/national\/des-pelerins-tunisiens-egares-a-la-mecque-les-recherches-continuent\/214909\/#primaryimage","url":"https:\/\/www.webdo.tn\/fr\/wp-content\/uploads\/2024\/06\/be00622a1b9e4a5513273d626dd51ab6.webp","contentUrl":"https:\/\/www.webdo.tn\/fr\/wp-content\/uploads\/2024\/06\/be00622a1b9e4a5513273d626dd51ab6.webp","width":750,"height":400,"caption":"Des p\u00e8lerins Tunisiens \u00e9gar\u00e9s \u00e0 la Mecque retrouv\u00e9s"},{"@type":"BreadcrumbList","@id":"https:\/\/www.webdo.tn\/fr\/actualite\/national\/des-pelerins-tunisiens-egares-a-la-mecque-les-recherches-continuent\/214909\/#breadcrumb","itemListElement":[{"@type":"ListItem","position":1,"name":"Accueil","item":"https:\/\/www.webdo.tn\/fr\/"},{"@type":"ListItem","position":2,"name":"Des p\u00e8lerins Tunisiens \u00e9gar\u00e9s \u00e0 la Mecque retrouv\u00e9s"}]},{"@type":"WebSite","@id":"https:\/\/www.webdo.tn\/fr\/#website","url":"https:\/\/www.webdo.tn\/fr\/","name":"webdo","description":"Tunisie - News en Tunisie et \u00e0 l&#039;international sur Webdo.tn","publisher":{"@id":"https:\/\/www.webdo.tn\/fr\/#organization"},"potentialAction":[{"@type":"SearchAction","target":{"@type":"EntryPoint","urlTemplate":"https:\/\/www.webdo.tn\/fr\/?s={search_term_string}"},"query-input":{"@type":"PropertyValueSpecification","valueRequired":true,"valueName":"search_term_string"}}],"inLanguage":"fr-FR"},{"@type":"Organization","@id":"https:\/\/www.webdo.tn\/fr\/#organization","name":"Webdo","alternateName":"Webdo.tn","url":"https:\/\/www.webdo.tn\/fr\/","logo":{"@type":"ImageObject","inLanguage":"fr-FR","@id":"https:\/\/www.webdo.tn\/fr\/#\/schema\/logo\/image\/","url":"https:\/\/www.webdo.tn\/fr\/wp-content\/uploads\/2025\/06\/Webdo-Tunisie_168377.jpg","contentUrl":"https:\/\/www.webdo.tn\/fr\/wp-content\/uploads\/2025\/06\/Webdo-Tunisie_168377.jpg","width":301,"height":301,"caption":"Webdo"},"image":{"@id":"https:\/\/www.webdo.tn\/fr\/#\/schema\/logo\/image\/"},"sameAs":["https:\/\/www.facebook.com\/webdotn","https:\/\/x.com\/webdo_tn"],"description":"Webdo est un m\u00e9dia num\u00e9rique tunisien fond\u00e9 en 2010, sp\u00e9cialis\u00e9 dans l\u2019actualit\u00e9 nationale et internationale, l\u2019\u00e9conomie, la soci\u00e9t\u00e9 et les analyses politiques. Le site s\u2019adresse \u00e0 un large public francophone et couvre l\u2019information tunisienne en temps r\u00e9el.","email":"redac@webdo.tn","legalName":"YNJ SARL","foundingDate":"2010-09-06","numberOfEmployees":{"@type":"QuantitativeValue","minValue":"11","maxValue":"50"}},{"@type":"Person","@id":"https:\/\/www.webdo.tn\/fr\/#\/schema\/person\/1f4e491e0907b413d61089e8eb573acc","name":"Webdo","image":{"@type":"ImageObject","inLanguage":"fr-FR","@id":"https:\/\/secure.gravatar.com\/avatar\/de97aeec1bb80978a9dbb127e47dfc88aaacb2f3c29aac907d8d3222e3495d49?s=96&d=mm&r=g","url":"https:\/\/secure.gravatar.com\/avatar\/de97aeec1bb80978a9dbb127e47dfc88aaacb2f3c29aac907d8d3222e3495d49?s=96&d=mm&r=g","contentUrl":"https:\/\/secure.gravatar.com\/avatar\/de97aeec1bb80978a9dbb127e47dfc88aaacb2f3c29aac907d8d3222e3495d49?s=96&d=mm&r=g","caption":"Webdo"},"url":"https:\/\/www.webdo.tn\/fr\/actualite\/author\/webdo\/"}]}},"_links":{"self":[{"href":"https:\/\/www.webdo.tn\/fr\/wp-json\/wp\/v2\/posts\/214909","targetHints":{"allow":["GET"]}}],"collection":[{"href":"https:\/\/www.webdo.tn\/fr\/wp-json\/wp\/v2\/posts"}],"about":[{"href":"https:\/\/www.webdo.tn\/fr\/wp-json\/wp\/v2\/types\/post"}],"author":[{"embeddable":true,"href":"https:\/\/www.webdo.tn\/fr\/wp-json\/wp\/v2\/users\/3169"}],"replies":[{"embeddable":true,"href":"https:\/\/www.webdo.tn\/fr\/wp-json\/wp\/v2\/comments?post=214909"}],"version-history":[{"count":0,"href":"https:\/\/www.webdo.tn\/fr\/wp-json\/wp\/v2\/posts\/214909\/revisions"}],"wp:featuredmedia":[{"embeddable":true,"href":"https:\/\/www.webdo.tn\/fr\/wp-json\/wp\/v2\/media\/290754"}],"wp:attachment":[{"href":"https:\/\/www.webdo.tn\/fr\/wp-json\/wp\/v2\/media?parent=214909"}],"wp:term":[{"taxonomy":"category","embeddable":true,"href":"https:\/\/www.webdo.tn\/fr\/wp-json\/wp\/v2\/categories?post=214909"},{"taxonomy":"post_tag","embeddable":true,"href":"https:\/\/www.webdo.tn\/fr\/wp-json\/wp\/v2\/tags?post=214909"}],"curies":[{"name":"wp","href":"https:\/\/api.w.org\/{rel}","templated":true}]}}