{"id":214903,"date":"2024-06-24T12:25:00","date_gmt":"2024-06-24T12:25:00","guid":{"rendered":"https:\/\/www.webdo.tn\/fr\/blog\/hajj-2024-deces-de-1301-pelerins-a-la-mecque\/214903\/"},"modified":"2025-05-20T22:36:14","modified_gmt":"2025-05-20T22:36:14","slug":"hajj-2024-deces-de-1301-pelerins-a-la-mecque","status":"publish","type":"post","link":"https:\/\/www.webdo.tn\/fr\/actualite\/international\/hajj-2024-deces-de-1301-pelerins-a-la-mecque\/214903\/","title":{"rendered":"Hajj 2024 : D\u00e9c\u00e8s de 1301 p\u00e8lerins \u00e0 La Mecque"},"content":{"rendered":"<p>L&rsquo;Arabie saoudite a annonc\u00e9, hier, que 1301 p\u00e8lerins sont morts, lors du p\u00e8lerinage. Parmi eux figurent 53 Tunisiens.<\/p>\n<p>\t\t\t\t\t\t\t\t\tPlus d\u2019un millier de p\u00e8lerins sont morts cette ann\u00e9e, lors du Hajj \u00e0 La Mecque, principalement en raison de la chaleur avec des temp\u00e9ratures qui ont atteint pr\u00e8s de 52\u00b0C. Le bilan s\u2019est alourdi \u00e0 1301 morts, a annonc\u00e9, hier, l\u2019Arabie Saoudite, pr\u00e9cisant que 83% d\u2019entre eux n&rsquo;\u00e9taient pas autoris\u00e9s \u00e0 accomplir le hajj<\/p>\n<p>Parmi ces 1301 morts figurent 53 Tunisiens, selon un nouveau bilan revu \u00e0 la hausse par le minist\u00e8re des Affaires \u00e9trang\u00e8res.<\/p>\n<p>L&rsquo;an dernier, au moins 240 p\u00e8lerins, pour la plupart indon\u00e9siens, sont d\u00e9c\u00e9d\u00e9s durant le p\u00e8lerinage. Le Hajj attire entre 2 et 3 millions de fid\u00e8les chaque ann\u00e9e \u00e0 La Mecque, dont 1,6 million de l&rsquo;\u00e9tranger.<\/p>\n<p>Un nombre important de dizaines de milliers de p\u00e8lerins non enregistr\u00e9s, aurait aggrav\u00e9 la situation, notamment dans les camps \u00e9gyptiens satur\u00e9s et priv\u00e9s d&rsquo;eau, de nourriture et de climatisation.<\/p>\n","protected":false},"excerpt":{"rendered":"<p>Plus d\u2019un millier de p\u00e8lerins sont morts cette ann\u00e9e, lors du Hajj \u00e0 La Mecque, principalement en raison de la chaleur avec des temp\u00e9ratures qui ont atteint pr\u00e8&#8230;<\/p>\n","protected":false},"author":3175,"featured_media":247134,"comment_status":"open","ping_status":"closed","sticky":false,"template":"","format":"standard","meta":{"footnotes":""},"categories":[2598],"tags":[4030,6284,3208,4031],"class_list":["post-214903","post","type-post","status-publish","format-standard","has-post-thumbnail","hentry","category-international","tag-hajj","tag-la-mecque","tag-morts","tag-pelerinage"],"yoast_head":"<!-- This site is optimized with the Yoast SEO Premium plugin v27.5 (Yoast SEO v27.5) - https:\/\/yoast.com\/product\/yoast-seo-premium-wordpress\/ -->\n<title>Hajj 2024 : D\u00e9c\u00e8s de 1301 p\u00e8lerins \u00e0 La Mecque<\/title>\n<meta name=\"description\" content=\"Plus d\u2019un millier de p\u00e8lerins sont morts cette ann\u00e9e, lors du Hajj \u00e0 La Mecque, principalement en raison de la chaleur avec des temp\u00e9ratures qui ont atteint pr\u00e8...\" \/>\n<link rel=\"canonical\" href=\"https:\/\/www.webdo.tn\/fr\/actualite\/international\/hajj-2024-deces-de-1301-pelerins-a-la-mecque\/214903\/\" \/>\n<meta property=\"og:locale\" content=\"fr_FR\" \/>\n<meta property=\"og:type\" content=\"article\" \/>\n<meta property=\"og:title\" content=\"Hajj 2024 : D\u00e9c\u00e8s de 1301 p\u00e8lerins \u00e0 La Mecque\" \/>\n<meta property=\"og:description\" content=\"Plus d\u2019un millier de p\u00e8lerins sont morts cette ann\u00e9e, lors du Hajj \u00e0 La Mecque, principalement en raison de la chaleur avec des temp\u00e9ratures qui ont atteint pr\u00e8...\" \/>\n<meta property=\"og:url\" content=\"https:\/\/www.webdo.tn\/fr\/actualite\/international\/hajj-2024-deces-de-1301-pelerins-a-la-mecque\/214903\/\" \/>\n<meta property=\"og:site_name\" content=\"webdo\" \/>\n<meta property=\"article:publisher\" content=\"https:\/\/www.facebook.com\/webdotn\" \/>\n<meta property=\"article:published_time\" content=\"2024-06-24T12:25:00+00:00\" \/>\n<meta property=\"article:modified_time\" content=\"2025-05-20T22:36:14+00:00\" \/>\n<meta property=\"og:image\" content=\"https:\/\/www.webdo.tn\/fr\/wp-content\/uploads\/2024\/06\/327f5994d8f485a890820b47cf5c942d.webp\" \/>\n\t<meta property=\"og:image:width\" content=\"750\" \/>\n\t<meta property=\"og:image:height\" content=\"400\" \/>\n\t<meta property=\"og:image:type\" content=\"image\/webp\" \/>\n<meta name=\"author\" content=\"CL\" \/>\n<meta name=\"twitter:card\" content=\"summary_large_image\" \/>\n<meta name=\"twitter:creator\" content=\"@webdo_tn\" \/>\n<meta name=\"twitter:site\" content=\"@webdo_tn\" \/>\n<meta name=\"twitter:label1\" content=\"\u00c9crit par\" \/>\n\t<meta name=\"twitter:data1\" content=\"CL\" \/>\n\t<meta name=\"twitter:label2\" content=\"Dur\u00e9e de lecture estim\u00e9e\" \/>\n\t<meta name=\"twitter:data2\" content=\"1 minute\" \/>\n<script type=\"application\/ld+json\" class=\"yoast-schema-graph\">{\"@context\":\"https:\\\/\\\/schema.org\",\"@graph\":[{\"@type\":\"NewsArticle\",\"@id\":\"https:\\\/\\\/www.webdo.tn\\\/fr\\\/actualite\\\/international\\\/hajj-2024-deces-de-1301-pelerins-a-la-mecque\\\/214903\\\/#article\",\"isPartOf\":{\"@id\":\"https:\\\/\\\/www.webdo.tn\\\/fr\\\/actualite\\\/international\\\/hajj-2024-deces-de-1301-pelerins-a-la-mecque\\\/214903\\\/\"},\"author\":{\"name\":\"CL\",\"@id\":\"https:\\\/\\\/www.webdo.tn\\\/fr\\\/#\\\/schema\\\/person\\\/f35b42a42c5e2511bbd282959d6385cc\"},\"headline\":\"Hajj 2024 : D\u00e9c\u00e8s de 1301 p\u00e8lerins \u00e0 La Mecque\",\"datePublished\":\"2024-06-24T12:25:00+00:00\",\"dateModified\":\"2025-05-20T22:36:14+00:00\",\"mainEntityOfPage\":{\"@id\":\"https:\\\/\\\/www.webdo.tn\\\/fr\\\/actualite\\\/international\\\/hajj-2024-deces-de-1301-pelerins-a-la-mecque\\\/214903\\\/\"},\"wordCount\":182,\"commentCount\":0,\"publisher\":{\"@id\":\"https:\\\/\\\/www.webdo.tn\\\/fr\\\/#organization\"},\"image\":{\"@id\":\"https:\\\/\\\/www.webdo.tn\\\/fr\\\/actualite\\\/international\\\/hajj-2024-deces-de-1301-pelerins-a-la-mecque\\\/214903\\\/#primaryimage\"},\"thumbnailUrl\":\"https:\\\/\\\/www.webdo.tn\\\/fr\\\/wp-content\\\/uploads\\\/2024\\\/06\\\/327f5994d8f485a890820b47cf5c942d.webp\",\"keywords\":[\"Hajj\",\"la mecque\",\"morts\",\"p\u00e8lerinage\"],\"articleSection\":[\"International\"],\"inLanguage\":\"fr-FR\"},{\"@type\":\"WebPage\",\"@id\":\"https:\\\/\\\/www.webdo.tn\\\/fr\\\/actualite\\\/international\\\/hajj-2024-deces-de-1301-pelerins-a-la-mecque\\\/214903\\\/\",\"url\":\"https:\\\/\\\/www.webdo.tn\\\/fr\\\/actualite\\\/international\\\/hajj-2024-deces-de-1301-pelerins-a-la-mecque\\\/214903\\\/\",\"name\":\"Hajj 2024 : D\u00e9c\u00e8s de 1301 p\u00e8lerins \u00e0 La Mecque\",\"isPartOf\":{\"@id\":\"https:\\\/\\\/www.webdo.tn\\\/fr\\\/#website\"},\"primaryImageOfPage\":{\"@id\":\"https:\\\/\\\/www.webdo.tn\\\/fr\\\/actualite\\\/international\\\/hajj-2024-deces-de-1301-pelerins-a-la-mecque\\\/214903\\\/#primaryimage\"},\"image\":{\"@id\":\"https:\\\/\\\/www.webdo.tn\\\/fr\\\/actualite\\\/international\\\/hajj-2024-deces-de-1301-pelerins-a-la-mecque\\\/214903\\\/#primaryimage\"},\"thumbnailUrl\":\"https:\\\/\\\/www.webdo.tn\\\/fr\\\/wp-content\\\/uploads\\\/2024\\\/06\\\/327f5994d8f485a890820b47cf5c942d.webp\",\"datePublished\":\"2024-06-24T12:25:00+00:00\",\"dateModified\":\"2025-05-20T22:36:14+00:00\",\"description\":\"Plus d\u2019un millier de p\u00e8lerins sont morts cette ann\u00e9e, lors du Hajj \u00e0 La Mecque, principalement en raison de la chaleur avec des temp\u00e9ratures qui ont atteint pr\u00e8...\",\"breadcrumb\":{\"@id\":\"https:\\\/\\\/www.webdo.tn\\\/fr\\\/actualite\\\/international\\\/hajj-2024-deces-de-1301-pelerins-a-la-mecque\\\/214903\\\/#breadcrumb\"},\"inLanguage\":\"fr-FR\",\"potentialAction\":[{\"@type\":\"ReadAction\",\"target\":[\"https:\\\/\\\/www.webdo.tn\\\/fr\\\/actualite\\\/international\\\/hajj-2024-deces-de-1301-pelerins-a-la-mecque\\\/214903\\\/\"]}]},{\"@type\":\"ImageObject\",\"inLanguage\":\"fr-FR\",\"@id\":\"https:\\\/\\\/www.webdo.tn\\\/fr\\\/actualite\\\/international\\\/hajj-2024-deces-de-1301-pelerins-a-la-mecque\\\/214903\\\/#primaryimage\",\"url\":\"https:\\\/\\\/www.webdo.tn\\\/fr\\\/wp-content\\\/uploads\\\/2024\\\/06\\\/327f5994d8f485a890820b47cf5c942d.webp\",\"contentUrl\":\"https:\\\/\\\/www.webdo.tn\\\/fr\\\/wp-content\\\/uploads\\\/2024\\\/06\\\/327f5994d8f485a890820b47cf5c942d.webp\",\"width\":750,\"height\":400,\"caption\":\"Hajj 2024 : D\u00e9c\u00e8s de 1301 p\u00e8lerins \u00e0 La Mecque\"},{\"@type\":\"BreadcrumbList\",\"@id\":\"https:\\\/\\\/www.webdo.tn\\\/fr\\\/actualite\\\/international\\\/hajj-2024-deces-de-1301-pelerins-a-la-mecque\\\/214903\\\/#breadcrumb\",\"itemListElement\":[{\"@type\":\"ListItem\",\"position\":1,\"name\":\"Accueil\",\"item\":\"https:\\\/\\\/www.webdo.tn\\\/fr\\\/\"},{\"@type\":\"ListItem\",\"position\":2,\"name\":\"Hajj 2024 : D\u00e9c\u00e8s de 1301 p\u00e8lerins \u00e0 La Mecque\"}]},{\"@type\":\"WebSite\",\"@id\":\"https:\\\/\\\/www.webdo.tn\\\/fr\\\/#website\",\"url\":\"https:\\\/\\\/www.webdo.tn\\\/fr\\\/\",\"name\":\"webdo\",\"description\":\"Tunisie - News en Tunisie et \u00e0 l&#039;international sur Webdo.tn\",\"publisher\":{\"@id\":\"https:\\\/\\\/www.webdo.tn\\\/fr\\\/#organization\"},\"potentialAction\":[{\"@type\":\"SearchAction\",\"target\":{\"@type\":\"EntryPoint\",\"urlTemplate\":\"https:\\\/\\\/www.webdo.tn\\\/fr\\\/?s={search_term_string}\"},\"query-input\":{\"@type\":\"PropertyValueSpecification\",\"valueRequired\":true,\"valueName\":\"search_term_string\"}}],\"inLanguage\":\"fr-FR\"},{\"@type\":\"Organization\",\"@id\":\"https:\\\/\\\/www.webdo.tn\\\/fr\\\/#organization\",\"name\":\"Webdo\",\"alternateName\":\"Webdo.tn\",\"url\":\"https:\\\/\\\/www.webdo.tn\\\/fr\\\/\",\"logo\":{\"@type\":\"ImageObject\",\"inLanguage\":\"fr-FR\",\"@id\":\"https:\\\/\\\/www.webdo.tn\\\/fr\\\/#\\\/schema\\\/logo\\\/image\\\/\",\"url\":\"https:\\\/\\\/www.webdo.tn\\\/fr\\\/wp-content\\\/uploads\\\/2025\\\/06\\\/Webdo-Tunisie_168377.jpg\",\"contentUrl\":\"https:\\\/\\\/www.webdo.tn\\\/fr\\\/wp-content\\\/uploads\\\/2025\\\/06\\\/Webdo-Tunisie_168377.jpg\",\"width\":301,\"height\":301,\"caption\":\"Webdo\"},\"image\":{\"@id\":\"https:\\\/\\\/www.webdo.tn\\\/fr\\\/#\\\/schema\\\/logo\\\/image\\\/\"},\"sameAs\":[\"https:\\\/\\\/www.facebook.com\\\/webdotn\",\"https:\\\/\\\/x.com\\\/webdo_tn\"],\"description\":\"Webdo est un m\u00e9dia num\u00e9rique tunisien fond\u00e9 en 2010, sp\u00e9cialis\u00e9 dans l\u2019actualit\u00e9 nationale et internationale, l\u2019\u00e9conomie, la soci\u00e9t\u00e9 et les analyses politiques. Le site s\u2019adresse \u00e0 un large public francophone et couvre l\u2019information tunisienne en temps r\u00e9el.\",\"email\":\"redac@webdo.tn\",\"legalName\":\"YNJ SARL\",\"foundingDate\":\"2010-09-06\",\"numberOfEmployees\":{\"@type\":\"QuantitativeValue\",\"minValue\":\"11\",\"maxValue\":\"50\"}},{\"@type\":\"Person\",\"@id\":\"https:\\\/\\\/www.webdo.tn\\\/fr\\\/#\\\/schema\\\/person\\\/f35b42a42c5e2511bbd282959d6385cc\",\"name\":\"CL\",\"image\":{\"@type\":\"ImageObject\",\"inLanguage\":\"fr-FR\",\"@id\":\"https:\\\/\\\/secure.gravatar.com\\\/avatar\\\/1447a49909b67aa657c488aec6512e1dd6143a480c1ecfee9b5b5cd74eb3b59e?s=96&d=mm&r=g\",\"url\":\"https:\\\/\\\/secure.gravatar.com\\\/avatar\\\/1447a49909b67aa657c488aec6512e1dd6143a480c1ecfee9b5b5cd74eb3b59e?s=96&d=mm&r=g\",\"contentUrl\":\"https:\\\/\\\/secure.gravatar.com\\\/avatar\\\/1447a49909b67aa657c488aec6512e1dd6143a480c1ecfee9b5b5cd74eb3b59e?s=96&d=mm&r=g\",\"caption\":\"CL\"},\"url\":\"https:\\\/\\\/www.webdo.tn\\\/fr\\\/actualite\\\/author\\\/cl\\\/\"}]}<\/script>\n<!-- \/ Yoast SEO Premium plugin. -->","yoast_head_json":{"title":"Hajj 2024 : D\u00e9c\u00e8s de 1301 p\u00e8lerins \u00e0 La Mecque","description":"Plus d\u2019un millier de p\u00e8lerins sont morts cette ann\u00e9e, lors du Hajj \u00e0 La Mecque, principalement en raison de la chaleur avec des temp\u00e9ratures qui ont atteint pr\u00e8...","canonical":"https:\/\/www.webdo.tn\/fr\/actualite\/international\/hajj-2024-deces-de-1301-pelerins-a-la-mecque\/214903\/","og_locale":"fr_FR","og_type":"article","og_title":"Hajj 2024 : D\u00e9c\u00e8s de 1301 p\u00e8lerins \u00e0 La Mecque","og_description":"Plus d\u2019un millier de p\u00e8lerins sont morts cette ann\u00e9e, lors du Hajj \u00e0 La Mecque, principalement en raison de la chaleur avec des temp\u00e9ratures qui ont atteint pr\u00e8...","og_url":"https:\/\/www.webdo.tn\/fr\/actualite\/international\/hajj-2024-deces-de-1301-pelerins-a-la-mecque\/214903\/","og_site_name":"webdo","article_publisher":"https:\/\/www.facebook.com\/webdotn","article_published_time":"2024-06-24T12:25:00+00:00","article_modified_time":"2025-05-20T22:36:14+00:00","og_image":[{"width":750,"height":400,"url":"https:\/\/www.webdo.tn\/fr\/wp-content\/uploads\/2024\/06\/327f5994d8f485a890820b47cf5c942d.webp","type":"image\/webp"}],"author":"CL","twitter_card":"summary_large_image","twitter_creator":"@webdo_tn","twitter_site":"@webdo_tn","twitter_misc":{"\u00c9crit par":"CL","Dur\u00e9e de lecture estim\u00e9e":"1 minute"},"schema":{"@context":"https:\/\/schema.org","@graph":[{"@type":"NewsArticle","@id":"https:\/\/www.webdo.tn\/fr\/actualite\/international\/hajj-2024-deces-de-1301-pelerins-a-la-mecque\/214903\/#article","isPartOf":{"@id":"https:\/\/www.webdo.tn\/fr\/actualite\/international\/hajj-2024-deces-de-1301-pelerins-a-la-mecque\/214903\/"},"author":{"name":"CL","@id":"https:\/\/www.webdo.tn\/fr\/#\/schema\/person\/f35b42a42c5e2511bbd282959d6385cc"},"headline":"Hajj 2024 : D\u00e9c\u00e8s de 1301 p\u00e8lerins \u00e0 La Mecque","datePublished":"2024-06-24T12:25:00+00:00","dateModified":"2025-05-20T22:36:14+00:00","mainEntityOfPage":{"@id":"https:\/\/www.webdo.tn\/fr\/actualite\/international\/hajj-2024-deces-de-1301-pelerins-a-la-mecque\/214903\/"},"wordCount":182,"commentCount":0,"publisher":{"@id":"https:\/\/www.webdo.tn\/fr\/#organization"},"image":{"@id":"https:\/\/www.webdo.tn\/fr\/actualite\/international\/hajj-2024-deces-de-1301-pelerins-a-la-mecque\/214903\/#primaryimage"},"thumbnailUrl":"https:\/\/www.webdo.tn\/fr\/wp-content\/uploads\/2024\/06\/327f5994d8f485a890820b47cf5c942d.webp","keywords":["Hajj","la mecque","morts","p\u00e8lerinage"],"articleSection":["International"],"inLanguage":"fr-FR"},{"@type":"WebPage","@id":"https:\/\/www.webdo.tn\/fr\/actualite\/international\/hajj-2024-deces-de-1301-pelerins-a-la-mecque\/214903\/","url":"https:\/\/www.webdo.tn\/fr\/actualite\/international\/hajj-2024-deces-de-1301-pelerins-a-la-mecque\/214903\/","name":"Hajj 2024 : D\u00e9c\u00e8s de 1301 p\u00e8lerins \u00e0 La Mecque","isPartOf":{"@id":"https:\/\/www.webdo.tn\/fr\/#website"},"primaryImageOfPage":{"@id":"https:\/\/www.webdo.tn\/fr\/actualite\/international\/hajj-2024-deces-de-1301-pelerins-a-la-mecque\/214903\/#primaryimage"},"image":{"@id":"https:\/\/www.webdo.tn\/fr\/actualite\/international\/hajj-2024-deces-de-1301-pelerins-a-la-mecque\/214903\/#primaryimage"},"thumbnailUrl":"https:\/\/www.webdo.tn\/fr\/wp-content\/uploads\/2024\/06\/327f5994d8f485a890820b47cf5c942d.webp","datePublished":"2024-06-24T12:25:00+00:00","dateModified":"2025-05-20T22:36:14+00:00","description":"Plus d\u2019un millier de p\u00e8lerins sont morts cette ann\u00e9e, lors du Hajj \u00e0 La Mecque, principalement en raison de la chaleur avec des temp\u00e9ratures qui ont atteint pr\u00e8...","breadcrumb":{"@id":"https:\/\/www.webdo.tn\/fr\/actualite\/international\/hajj-2024-deces-de-1301-pelerins-a-la-mecque\/214903\/#breadcrumb"},"inLanguage":"fr-FR","potentialAction":[{"@type":"ReadAction","target":["https:\/\/www.webdo.tn\/fr\/actualite\/international\/hajj-2024-deces-de-1301-pelerins-a-la-mecque\/214903\/"]}]},{"@type":"ImageObject","inLanguage":"fr-FR","@id":"https:\/\/www.webdo.tn\/fr\/actualite\/international\/hajj-2024-deces-de-1301-pelerins-a-la-mecque\/214903\/#primaryimage","url":"https:\/\/www.webdo.tn\/fr\/wp-content\/uploads\/2024\/06\/327f5994d8f485a890820b47cf5c942d.webp","contentUrl":"https:\/\/www.webdo.tn\/fr\/wp-content\/uploads\/2024\/06\/327f5994d8f485a890820b47cf5c942d.webp","width":750,"height":400,"caption":"Hajj 2024 : D\u00e9c\u00e8s de 1301 p\u00e8lerins \u00e0 La Mecque"},{"@type":"BreadcrumbList","@id":"https:\/\/www.webdo.tn\/fr\/actualite\/international\/hajj-2024-deces-de-1301-pelerins-a-la-mecque\/214903\/#breadcrumb","itemListElement":[{"@type":"ListItem","position":1,"name":"Accueil","item":"https:\/\/www.webdo.tn\/fr\/"},{"@type":"ListItem","position":2,"name":"Hajj 2024 : D\u00e9c\u00e8s de 1301 p\u00e8lerins \u00e0 La Mecque"}]},{"@type":"WebSite","@id":"https:\/\/www.webdo.tn\/fr\/#website","url":"https:\/\/www.webdo.tn\/fr\/","name":"webdo","description":"Tunisie - News en Tunisie et \u00e0 l&#039;international sur Webdo.tn","publisher":{"@id":"https:\/\/www.webdo.tn\/fr\/#organization"},"potentialAction":[{"@type":"SearchAction","target":{"@type":"EntryPoint","urlTemplate":"https:\/\/www.webdo.tn\/fr\/?s={search_term_string}"},"query-input":{"@type":"PropertyValueSpecification","valueRequired":true,"valueName":"search_term_string"}}],"inLanguage":"fr-FR"},{"@type":"Organization","@id":"https:\/\/www.webdo.tn\/fr\/#organization","name":"Webdo","alternateName":"Webdo.tn","url":"https:\/\/www.webdo.tn\/fr\/","logo":{"@type":"ImageObject","inLanguage":"fr-FR","@id":"https:\/\/www.webdo.tn\/fr\/#\/schema\/logo\/image\/","url":"https:\/\/www.webdo.tn\/fr\/wp-content\/uploads\/2025\/06\/Webdo-Tunisie_168377.jpg","contentUrl":"https:\/\/www.webdo.tn\/fr\/wp-content\/uploads\/2025\/06\/Webdo-Tunisie_168377.jpg","width":301,"height":301,"caption":"Webdo"},"image":{"@id":"https:\/\/www.webdo.tn\/fr\/#\/schema\/logo\/image\/"},"sameAs":["https:\/\/www.facebook.com\/webdotn","https:\/\/x.com\/webdo_tn"],"description":"Webdo est un m\u00e9dia num\u00e9rique tunisien fond\u00e9 en 2010, sp\u00e9cialis\u00e9 dans l\u2019actualit\u00e9 nationale et internationale, l\u2019\u00e9conomie, la soci\u00e9t\u00e9 et les analyses politiques. Le site s\u2019adresse \u00e0 un large public francophone et couvre l\u2019information tunisienne en temps r\u00e9el.","email":"redac@webdo.tn","legalName":"YNJ SARL","foundingDate":"2010-09-06","numberOfEmployees":{"@type":"QuantitativeValue","minValue":"11","maxValue":"50"}},{"@type":"Person","@id":"https:\/\/www.webdo.tn\/fr\/#\/schema\/person\/f35b42a42c5e2511bbd282959d6385cc","name":"CL","image":{"@type":"ImageObject","inLanguage":"fr-FR","@id":"https:\/\/secure.gravatar.com\/avatar\/1447a49909b67aa657c488aec6512e1dd6143a480c1ecfee9b5b5cd74eb3b59e?s=96&d=mm&r=g","url":"https:\/\/secure.gravatar.com\/avatar\/1447a49909b67aa657c488aec6512e1dd6143a480c1ecfee9b5b5cd74eb3b59e?s=96&d=mm&r=g","contentUrl":"https:\/\/secure.gravatar.com\/avatar\/1447a49909b67aa657c488aec6512e1dd6143a480c1ecfee9b5b5cd74eb3b59e?s=96&d=mm&r=g","caption":"CL"},"url":"https:\/\/www.webdo.tn\/fr\/actualite\/author\/cl\/"}]}},"_links":{"self":[{"href":"https:\/\/www.webdo.tn\/fr\/wp-json\/wp\/v2\/posts\/214903","targetHints":{"allow":["GET"]}}],"collection":[{"href":"https:\/\/www.webdo.tn\/fr\/wp-json\/wp\/v2\/posts"}],"about":[{"href":"https:\/\/www.webdo.tn\/fr\/wp-json\/wp\/v2\/types\/post"}],"author":[{"embeddable":true,"href":"https:\/\/www.webdo.tn\/fr\/wp-json\/wp\/v2\/users\/3175"}],"replies":[{"embeddable":true,"href":"https:\/\/www.webdo.tn\/fr\/wp-json\/wp\/v2\/comments?post=214903"}],"version-history":[{"count":0,"href":"https:\/\/www.webdo.tn\/fr\/wp-json\/wp\/v2\/posts\/214903\/revisions"}],"wp:featuredmedia":[{"embeddable":true,"href":"https:\/\/www.webdo.tn\/fr\/wp-json\/wp\/v2\/media\/247134"}],"wp:attachment":[{"href":"https:\/\/www.webdo.tn\/fr\/wp-json\/wp\/v2\/media?parent=214903"}],"wp:term":[{"taxonomy":"category","embeddable":true,"href":"https:\/\/www.webdo.tn\/fr\/wp-json\/wp\/v2\/categories?post=214903"},{"taxonomy":"post_tag","embeddable":true,"href":"https:\/\/www.webdo.tn\/fr\/wp-json\/wp\/v2\/tags?post=214903"}],"curies":[{"name":"wp","href":"https:\/\/api.w.org\/{rel}","templated":true}]}}