{"id":214891,"date":"2024-06-23T12:05:00","date_gmt":"2024-06-23T12:05:00","guid":{"rendered":"https:\/\/www.webdo.tn\/fr\/blog\/pelerins-tunisiens-morts-a-la-mecque-le-bilan-s-alourdit-a-53-morts-mae\/214891\/"},"modified":"2024-06-23T12:05:00","modified_gmt":"2024-06-23T12:05:00","slug":"pelerins-tunisiens-morts-a-la-mecque-le-bilan-s-alourdit-a-53-morts-mae","status":"publish","type":"post","link":"https:\/\/www.webdo.tn\/fr\/actualite\/national\/pelerins-tunisiens-morts-a-la-mecque-le-bilan-s-alourdit-a-53-morts-mae\/214891\/","title":{"rendered":"P\u00e8lerins tunisiens morts \u00e0 la Mecque : Le bilan s\u2019alourdit \u00e0 53 morts"},"content":{"rendered":"<p>Le ministre des Affaires religieuses, Brahim Chaibi, avait rapport\u00e9 avant d&rsquo;\u00eatre d\u00e9mis de ses fonctions, que 49 p\u00e8lerins tunisiens avaient perdu la vie et qu&rsquo;un bless\u00e9 se trouvait encore dans un \u00e9tat critique. Cependant, selon un communiqu\u00e9 du minist\u00e8re des Affaires \u00e9trang\u00e8res relay\u00e9 par la TAP samedi 22 juin, ce nombre est maintenant pass\u00e9 \u00e0 53 d\u00e9c\u00e8s. Cette information repose sur les donn\u00e9es officielles fournies par les autorit\u00e9s saoudiennes comp\u00e9tentes.<\/p>\n<p>\t\t\t\t\t\t\t\t\tLe minist\u00e8re a pr\u00e9cis\u00e9 que le Consulat g\u00e9n\u00e9ral de Tunisie \u00e0 Jeddah surveille de pr\u00e8s la situation des p\u00e8lerins tunisiens en coordination avec l&rsquo;ambassade \u00e0 Riyad, la mission m\u00e9dicale tunisienne et la Soci\u00e9t\u00e9 des services nationaux et des r\u00e9sidences.<\/p>\n<p>Des mesures importantes ont \u00e9t\u00e9 mises en place pour g\u00e9rer la crise, notamment la coordination directe avec le minist\u00e8re des Affaires \u00e9trang\u00e8res pour les cas de disparitions, d\u00e9c\u00e8s et hospitalisations parmi les p\u00e8lerins tunisiens.<\/p>\n<p>Une d\u00e9l\u00e9gation du Consulat, accompagn\u00e9e de la mission m\u00e9dicale, s&rsquo;est rendue \u00e0 Ta\u00eff pour assister deux patients tunisiens transf\u00e9r\u00e9s de La Mecque. Les autorit\u00e9s tunisiennes ont \u00e9galement organis\u00e9 des visites dans les lieux saints et les h\u00f4pitaux pour localiser les disparus et fournir une assistance aux p\u00e8lerins hospitalis\u00e9s.Le retour des p\u00e8lerins tunisiens est activement suivi, avec des efforts d\u00e9ploy\u00e9s \u00e0 l&rsquo;a\u00e9roport de Jeddah pour soutenir ceux qui ont besoin d&rsquo;une assistance particuli\u00e8re, notamment ceux arriv\u00e9s en Arabie saoudite avec des visas touristiques.<\/p>\n<p>Des actions sont \u00e9galement programm\u00e9es pour visiter les sites cl\u00e9s apr\u00e8s la reprise des activit\u00e9s gouvernementales en Arabie saoudite, incluant la morgue principale \u00e0 La Mecque et les installations m\u00e9dicales \u00e0 Jeddah.<\/p>\n<p>Cette ann\u00e9e, plus de mille p\u00e8lerins ont perdu la vie lors du Hajj \u00e0 La Mecque, principalement en raison de la chaleur intense atteignant pr\u00e8s de 52\u00b0C. Cette p\u00e9riode de p\u00e8lerinage a \u00e9t\u00e9 marqu\u00e9e par des temp\u00e9ratures exceptionnellement \u00e9lev\u00e9es \u00e0 La Mecque et une affluence massive de p\u00e8lerins de diverses nationalit\u00e9s, certains \u00e9tant arriv\u00e9s avec des visas touristiques, de visite ou pour l&rsquo;Omra.<\/p>\n","protected":false},"excerpt":{"rendered":"<p>Le nombre de d\u00e9c\u00e8s passe de 49 \u00e0 53 selon les autorit\u00e9s saoudiennes. Mesures de gestion par le Consulat de Tunisie \u00e0 Jeddah et assistance active \u00e0 l&rsquo;a\u00e9roport de&#8230;<\/p>\n","protected":false},"author":3169,"featured_media":247126,"comment_status":"open","ping_status":"closed","sticky":false,"template":"","format":"standard","meta":{"footnotes":""},"categories":[44],"tags":[4030,3208,4031,3408,2608],"class_list":["post-214891","post","type-post","status-publish","format-standard","has-post-thumbnail","hentry","category-national","tag-hajj","tag-morts","tag-pelerinage","tag-pelerins","tag-tunisie"],"yoast_head":"<!-- This site is optimized with the Yoast SEO Premium plugin v27.5 (Yoast SEO v27.5) - https:\/\/yoast.com\/product\/yoast-seo-premium-wordpress\/ -->\n<title>P\u00e8lerins tunisiens morts \u00e0 la Mecque : Le bilan s\u2019alourdit \u00e0 53 morts<\/title>\n<meta name=\"description\" content=\"Le nombre de d\u00e9c\u00e8s passe de 49 \u00e0 53 selon les autorit\u00e9s saoudiennes. Mesures de gestion par le Consulat de Tunisie \u00e0 Jeddah et assistance active \u00e0 l&#039;a\u00e9roport de...\" \/>\n<link rel=\"canonical\" href=\"https:\/\/www.webdo.tn\/fr\/actualite\/national\/pelerins-tunisiens-morts-a-la-mecque-le-bilan-s-alourdit-a-53-morts-mae\/214891\/\" \/>\n<meta property=\"og:locale\" content=\"fr_FR\" \/>\n<meta property=\"og:type\" content=\"article\" \/>\n<meta property=\"og:title\" content=\"P\u00e8lerins tunisiens morts \u00e0 la Mecque : Le bilan s\u2019alourdit \u00e0 53 morts\" \/>\n<meta property=\"og:description\" content=\"Le nombre de d\u00e9c\u00e8s passe de 49 \u00e0 53 selon les autorit\u00e9s saoudiennes. Mesures de gestion par le Consulat de Tunisie \u00e0 Jeddah et assistance active \u00e0 l&#039;a\u00e9roport de...\" \/>\n<meta property=\"og:url\" content=\"https:\/\/www.webdo.tn\/fr\/actualite\/national\/pelerins-tunisiens-morts-a-la-mecque-le-bilan-s-alourdit-a-53-morts-mae\/214891\/\" \/>\n<meta property=\"og:site_name\" content=\"webdo\" \/>\n<meta property=\"article:publisher\" content=\"https:\/\/www.facebook.com\/webdotn\" \/>\n<meta property=\"article:published_time\" content=\"2024-06-23T12:05:00+00:00\" \/>\n<meta property=\"og:image\" content=\"https:\/\/www.webdo.tn\/fr\/wp-content\/uploads\/2024\/06\/0a8c052535af4dab90d829c6d7643a2c.webp\" \/>\n\t<meta property=\"og:image:width\" content=\"750\" \/>\n\t<meta property=\"og:image:height\" content=\"400\" \/>\n\t<meta property=\"og:image:type\" content=\"image\/webp\" \/>\n<meta name=\"author\" content=\"Webdo\" \/>\n<meta name=\"twitter:card\" content=\"summary_large_image\" \/>\n<meta name=\"twitter:creator\" content=\"@webdo_tn\" \/>\n<meta name=\"twitter:site\" content=\"@webdo_tn\" \/>\n<meta name=\"twitter:label1\" content=\"\u00c9crit par\" \/>\n\t<meta name=\"twitter:data1\" content=\"Webdo\" \/>\n\t<meta name=\"twitter:label2\" content=\"Dur\u00e9e de lecture estim\u00e9e\" \/>\n\t<meta name=\"twitter:data2\" content=\"2 minutes\" \/>\n<script type=\"application\/ld+json\" class=\"yoast-schema-graph\">{\"@context\":\"https:\\\/\\\/schema.org\",\"@graph\":[{\"@type\":\"NewsArticle\",\"@id\":\"https:\\\/\\\/www.webdo.tn\\\/fr\\\/actualite\\\/national\\\/pelerins-tunisiens-morts-a-la-mecque-le-bilan-s-alourdit-a-53-morts-mae\\\/214891\\\/#article\",\"isPartOf\":{\"@id\":\"https:\\\/\\\/www.webdo.tn\\\/fr\\\/actualite\\\/national\\\/pelerins-tunisiens-morts-a-la-mecque-le-bilan-s-alourdit-a-53-morts-mae\\\/214891\\\/\"},\"author\":{\"name\":\"Webdo\",\"@id\":\"https:\\\/\\\/www.webdo.tn\\\/fr\\\/#\\\/schema\\\/person\\\/1f4e491e0907b413d61089e8eb573acc\"},\"headline\":\"P\u00e8lerins tunisiens morts \u00e0 la Mecque : Le bilan s\u2019alourdit \u00e0 53 morts\",\"datePublished\":\"2024-06-23T12:05:00+00:00\",\"mainEntityOfPage\":{\"@id\":\"https:\\\/\\\/www.webdo.tn\\\/fr\\\/actualite\\\/national\\\/pelerins-tunisiens-morts-a-la-mecque-le-bilan-s-alourdit-a-53-morts-mae\\\/214891\\\/\"},\"wordCount\":384,\"commentCount\":0,\"publisher\":{\"@id\":\"https:\\\/\\\/www.webdo.tn\\\/fr\\\/#organization\"},\"image\":{\"@id\":\"https:\\\/\\\/www.webdo.tn\\\/fr\\\/actualite\\\/national\\\/pelerins-tunisiens-morts-a-la-mecque-le-bilan-s-alourdit-a-53-morts-mae\\\/214891\\\/#primaryimage\"},\"thumbnailUrl\":\"https:\\\/\\\/www.webdo.tn\\\/fr\\\/wp-content\\\/uploads\\\/2024\\\/06\\\/0a8c052535af4dab90d829c6d7643a2c.webp\",\"keywords\":[\"Hajj\",\"morts\",\"p\u00e8lerinage\",\"p\u00e8lerins\",\"Tunisie\"],\"articleSection\":[\"National\"],\"inLanguage\":\"fr-FR\"},{\"@type\":\"WebPage\",\"@id\":\"https:\\\/\\\/www.webdo.tn\\\/fr\\\/actualite\\\/national\\\/pelerins-tunisiens-morts-a-la-mecque-le-bilan-s-alourdit-a-53-morts-mae\\\/214891\\\/\",\"url\":\"https:\\\/\\\/www.webdo.tn\\\/fr\\\/actualite\\\/national\\\/pelerins-tunisiens-morts-a-la-mecque-le-bilan-s-alourdit-a-53-morts-mae\\\/214891\\\/\",\"name\":\"P\u00e8lerins tunisiens morts \u00e0 la Mecque : Le bilan s\u2019alourdit \u00e0 53 morts\",\"isPartOf\":{\"@id\":\"https:\\\/\\\/www.webdo.tn\\\/fr\\\/#website\"},\"primaryImageOfPage\":{\"@id\":\"https:\\\/\\\/www.webdo.tn\\\/fr\\\/actualite\\\/national\\\/pelerins-tunisiens-morts-a-la-mecque-le-bilan-s-alourdit-a-53-morts-mae\\\/214891\\\/#primaryimage\"},\"image\":{\"@id\":\"https:\\\/\\\/www.webdo.tn\\\/fr\\\/actualite\\\/national\\\/pelerins-tunisiens-morts-a-la-mecque-le-bilan-s-alourdit-a-53-morts-mae\\\/214891\\\/#primaryimage\"},\"thumbnailUrl\":\"https:\\\/\\\/www.webdo.tn\\\/fr\\\/wp-content\\\/uploads\\\/2024\\\/06\\\/0a8c052535af4dab90d829c6d7643a2c.webp\",\"datePublished\":\"2024-06-23T12:05:00+00:00\",\"description\":\"Le nombre de d\u00e9c\u00e8s passe de 49 \u00e0 53 selon les autorit\u00e9s saoudiennes. Mesures de gestion par le Consulat de Tunisie \u00e0 Jeddah et assistance active \u00e0 l'a\u00e9roport de...\",\"breadcrumb\":{\"@id\":\"https:\\\/\\\/www.webdo.tn\\\/fr\\\/actualite\\\/national\\\/pelerins-tunisiens-morts-a-la-mecque-le-bilan-s-alourdit-a-53-morts-mae\\\/214891\\\/#breadcrumb\"},\"inLanguage\":\"fr-FR\",\"potentialAction\":[{\"@type\":\"ReadAction\",\"target\":[\"https:\\\/\\\/www.webdo.tn\\\/fr\\\/actualite\\\/national\\\/pelerins-tunisiens-morts-a-la-mecque-le-bilan-s-alourdit-a-53-morts-mae\\\/214891\\\/\"]}]},{\"@type\":\"ImageObject\",\"inLanguage\":\"fr-FR\",\"@id\":\"https:\\\/\\\/www.webdo.tn\\\/fr\\\/actualite\\\/national\\\/pelerins-tunisiens-morts-a-la-mecque-le-bilan-s-alourdit-a-53-morts-mae\\\/214891\\\/#primaryimage\",\"url\":\"https:\\\/\\\/www.webdo.tn\\\/fr\\\/wp-content\\\/uploads\\\/2024\\\/06\\\/0a8c052535af4dab90d829c6d7643a2c.webp\",\"contentUrl\":\"https:\\\/\\\/www.webdo.tn\\\/fr\\\/wp-content\\\/uploads\\\/2024\\\/06\\\/0a8c052535af4dab90d829c6d7643a2c.webp\",\"width\":750,\"height\":400,\"caption\":\"P\u00e8lerins tunisiens morts \u00e0 la Mecque : Le bilan s\u2019alourdit \u00e0 53 morts\"},{\"@type\":\"BreadcrumbList\",\"@id\":\"https:\\\/\\\/www.webdo.tn\\\/fr\\\/actualite\\\/national\\\/pelerins-tunisiens-morts-a-la-mecque-le-bilan-s-alourdit-a-53-morts-mae\\\/214891\\\/#breadcrumb\",\"itemListElement\":[{\"@type\":\"ListItem\",\"position\":1,\"name\":\"Accueil\",\"item\":\"https:\\\/\\\/www.webdo.tn\\\/fr\\\/\"},{\"@type\":\"ListItem\",\"position\":2,\"name\":\"P\u00e8lerins tunisiens morts \u00e0 la Mecque : Le bilan s\u2019alourdit \u00e0 53 morts\"}]},{\"@type\":\"WebSite\",\"@id\":\"https:\\\/\\\/www.webdo.tn\\\/fr\\\/#website\",\"url\":\"https:\\\/\\\/www.webdo.tn\\\/fr\\\/\",\"name\":\"webdo\",\"description\":\"Tunisie - News en Tunisie et \u00e0 l&#039;international sur Webdo.tn\",\"publisher\":{\"@id\":\"https:\\\/\\\/www.webdo.tn\\\/fr\\\/#organization\"},\"potentialAction\":[{\"@type\":\"SearchAction\",\"target\":{\"@type\":\"EntryPoint\",\"urlTemplate\":\"https:\\\/\\\/www.webdo.tn\\\/fr\\\/?s={search_term_string}\"},\"query-input\":{\"@type\":\"PropertyValueSpecification\",\"valueRequired\":true,\"valueName\":\"search_term_string\"}}],\"inLanguage\":\"fr-FR\"},{\"@type\":\"Organization\",\"@id\":\"https:\\\/\\\/www.webdo.tn\\\/fr\\\/#organization\",\"name\":\"Webdo\",\"alternateName\":\"Webdo.tn\",\"url\":\"https:\\\/\\\/www.webdo.tn\\\/fr\\\/\",\"logo\":{\"@type\":\"ImageObject\",\"inLanguage\":\"fr-FR\",\"@id\":\"https:\\\/\\\/www.webdo.tn\\\/fr\\\/#\\\/schema\\\/logo\\\/image\\\/\",\"url\":\"https:\\\/\\\/www.webdo.tn\\\/fr\\\/wp-content\\\/uploads\\\/2025\\\/06\\\/Webdo-Tunisie_168377.jpg\",\"contentUrl\":\"https:\\\/\\\/www.webdo.tn\\\/fr\\\/wp-content\\\/uploads\\\/2025\\\/06\\\/Webdo-Tunisie_168377.jpg\",\"width\":301,\"height\":301,\"caption\":\"Webdo\"},\"image\":{\"@id\":\"https:\\\/\\\/www.webdo.tn\\\/fr\\\/#\\\/schema\\\/logo\\\/image\\\/\"},\"sameAs\":[\"https:\\\/\\\/www.facebook.com\\\/webdotn\",\"https:\\\/\\\/x.com\\\/webdo_tn\"],\"description\":\"Webdo est un m\u00e9dia num\u00e9rique tunisien fond\u00e9 en 2010, sp\u00e9cialis\u00e9 dans l\u2019actualit\u00e9 nationale et internationale, l\u2019\u00e9conomie, la soci\u00e9t\u00e9 et les analyses politiques. Le site s\u2019adresse \u00e0 un large public francophone et couvre l\u2019information tunisienne en temps r\u00e9el.\",\"email\":\"redac@webdo.tn\",\"legalName\":\"YNJ SARL\",\"foundingDate\":\"2010-09-06\",\"numberOfEmployees\":{\"@type\":\"QuantitativeValue\",\"minValue\":\"11\",\"maxValue\":\"50\"}},{\"@type\":\"Person\",\"@id\":\"https:\\\/\\\/www.webdo.tn\\\/fr\\\/#\\\/schema\\\/person\\\/1f4e491e0907b413d61089e8eb573acc\",\"name\":\"Webdo\",\"image\":{\"@type\":\"ImageObject\",\"inLanguage\":\"fr-FR\",\"@id\":\"https:\\\/\\\/secure.gravatar.com\\\/avatar\\\/de97aeec1bb80978a9dbb127e47dfc88aaacb2f3c29aac907d8d3222e3495d49?s=96&d=mm&r=g\",\"url\":\"https:\\\/\\\/secure.gravatar.com\\\/avatar\\\/de97aeec1bb80978a9dbb127e47dfc88aaacb2f3c29aac907d8d3222e3495d49?s=96&d=mm&r=g\",\"contentUrl\":\"https:\\\/\\\/secure.gravatar.com\\\/avatar\\\/de97aeec1bb80978a9dbb127e47dfc88aaacb2f3c29aac907d8d3222e3495d49?s=96&d=mm&r=g\",\"caption\":\"Webdo\"},\"url\":\"https:\\\/\\\/www.webdo.tn\\\/fr\\\/actualite\\\/author\\\/webdo\\\/\"}]}<\/script>\n<!-- \/ Yoast SEO Premium plugin. -->","yoast_head_json":{"title":"P\u00e8lerins tunisiens morts \u00e0 la Mecque : Le bilan s\u2019alourdit \u00e0 53 morts","description":"Le nombre de d\u00e9c\u00e8s passe de 49 \u00e0 53 selon les autorit\u00e9s saoudiennes. Mesures de gestion par le Consulat de Tunisie \u00e0 Jeddah et assistance active \u00e0 l'a\u00e9roport de...","canonical":"https:\/\/www.webdo.tn\/fr\/actualite\/national\/pelerins-tunisiens-morts-a-la-mecque-le-bilan-s-alourdit-a-53-morts-mae\/214891\/","og_locale":"fr_FR","og_type":"article","og_title":"P\u00e8lerins tunisiens morts \u00e0 la Mecque : Le bilan s\u2019alourdit \u00e0 53 morts","og_description":"Le nombre de d\u00e9c\u00e8s passe de 49 \u00e0 53 selon les autorit\u00e9s saoudiennes. Mesures de gestion par le Consulat de Tunisie \u00e0 Jeddah et assistance active \u00e0 l'a\u00e9roport de...","og_url":"https:\/\/www.webdo.tn\/fr\/actualite\/national\/pelerins-tunisiens-morts-a-la-mecque-le-bilan-s-alourdit-a-53-morts-mae\/214891\/","og_site_name":"webdo","article_publisher":"https:\/\/www.facebook.com\/webdotn","article_published_time":"2024-06-23T12:05:00+00:00","og_image":[{"width":750,"height":400,"url":"https:\/\/www.webdo.tn\/fr\/wp-content\/uploads\/2024\/06\/0a8c052535af4dab90d829c6d7643a2c.webp","type":"image\/webp"}],"author":"Webdo","twitter_card":"summary_large_image","twitter_creator":"@webdo_tn","twitter_site":"@webdo_tn","twitter_misc":{"\u00c9crit par":"Webdo","Dur\u00e9e de lecture estim\u00e9e":"2 minutes"},"schema":{"@context":"https:\/\/schema.org","@graph":[{"@type":"NewsArticle","@id":"https:\/\/www.webdo.tn\/fr\/actualite\/national\/pelerins-tunisiens-morts-a-la-mecque-le-bilan-s-alourdit-a-53-morts-mae\/214891\/#article","isPartOf":{"@id":"https:\/\/www.webdo.tn\/fr\/actualite\/national\/pelerins-tunisiens-morts-a-la-mecque-le-bilan-s-alourdit-a-53-morts-mae\/214891\/"},"author":{"name":"Webdo","@id":"https:\/\/www.webdo.tn\/fr\/#\/schema\/person\/1f4e491e0907b413d61089e8eb573acc"},"headline":"P\u00e8lerins tunisiens morts \u00e0 la Mecque : Le bilan s\u2019alourdit \u00e0 53 morts","datePublished":"2024-06-23T12:05:00+00:00","mainEntityOfPage":{"@id":"https:\/\/www.webdo.tn\/fr\/actualite\/national\/pelerins-tunisiens-morts-a-la-mecque-le-bilan-s-alourdit-a-53-morts-mae\/214891\/"},"wordCount":384,"commentCount":0,"publisher":{"@id":"https:\/\/www.webdo.tn\/fr\/#organization"},"image":{"@id":"https:\/\/www.webdo.tn\/fr\/actualite\/national\/pelerins-tunisiens-morts-a-la-mecque-le-bilan-s-alourdit-a-53-morts-mae\/214891\/#primaryimage"},"thumbnailUrl":"https:\/\/www.webdo.tn\/fr\/wp-content\/uploads\/2024\/06\/0a8c052535af4dab90d829c6d7643a2c.webp","keywords":["Hajj","morts","p\u00e8lerinage","p\u00e8lerins","Tunisie"],"articleSection":["National"],"inLanguage":"fr-FR"},{"@type":"WebPage","@id":"https:\/\/www.webdo.tn\/fr\/actualite\/national\/pelerins-tunisiens-morts-a-la-mecque-le-bilan-s-alourdit-a-53-morts-mae\/214891\/","url":"https:\/\/www.webdo.tn\/fr\/actualite\/national\/pelerins-tunisiens-morts-a-la-mecque-le-bilan-s-alourdit-a-53-morts-mae\/214891\/","name":"P\u00e8lerins tunisiens morts \u00e0 la Mecque : Le bilan s\u2019alourdit \u00e0 53 morts","isPartOf":{"@id":"https:\/\/www.webdo.tn\/fr\/#website"},"primaryImageOfPage":{"@id":"https:\/\/www.webdo.tn\/fr\/actualite\/national\/pelerins-tunisiens-morts-a-la-mecque-le-bilan-s-alourdit-a-53-morts-mae\/214891\/#primaryimage"},"image":{"@id":"https:\/\/www.webdo.tn\/fr\/actualite\/national\/pelerins-tunisiens-morts-a-la-mecque-le-bilan-s-alourdit-a-53-morts-mae\/214891\/#primaryimage"},"thumbnailUrl":"https:\/\/www.webdo.tn\/fr\/wp-content\/uploads\/2024\/06\/0a8c052535af4dab90d829c6d7643a2c.webp","datePublished":"2024-06-23T12:05:00+00:00","description":"Le nombre de d\u00e9c\u00e8s passe de 49 \u00e0 53 selon les autorit\u00e9s saoudiennes. Mesures de gestion par le Consulat de Tunisie \u00e0 Jeddah et assistance active \u00e0 l'a\u00e9roport de...","breadcrumb":{"@id":"https:\/\/www.webdo.tn\/fr\/actualite\/national\/pelerins-tunisiens-morts-a-la-mecque-le-bilan-s-alourdit-a-53-morts-mae\/214891\/#breadcrumb"},"inLanguage":"fr-FR","potentialAction":[{"@type":"ReadAction","target":["https:\/\/www.webdo.tn\/fr\/actualite\/national\/pelerins-tunisiens-morts-a-la-mecque-le-bilan-s-alourdit-a-53-morts-mae\/214891\/"]}]},{"@type":"ImageObject","inLanguage":"fr-FR","@id":"https:\/\/www.webdo.tn\/fr\/actualite\/national\/pelerins-tunisiens-morts-a-la-mecque-le-bilan-s-alourdit-a-53-morts-mae\/214891\/#primaryimage","url":"https:\/\/www.webdo.tn\/fr\/wp-content\/uploads\/2024\/06\/0a8c052535af4dab90d829c6d7643a2c.webp","contentUrl":"https:\/\/www.webdo.tn\/fr\/wp-content\/uploads\/2024\/06\/0a8c052535af4dab90d829c6d7643a2c.webp","width":750,"height":400,"caption":"P\u00e8lerins tunisiens morts \u00e0 la Mecque : Le bilan s\u2019alourdit \u00e0 53 morts"},{"@type":"BreadcrumbList","@id":"https:\/\/www.webdo.tn\/fr\/actualite\/national\/pelerins-tunisiens-morts-a-la-mecque-le-bilan-s-alourdit-a-53-morts-mae\/214891\/#breadcrumb","itemListElement":[{"@type":"ListItem","position":1,"name":"Accueil","item":"https:\/\/www.webdo.tn\/fr\/"},{"@type":"ListItem","position":2,"name":"P\u00e8lerins tunisiens morts \u00e0 la Mecque : Le bilan s\u2019alourdit \u00e0 53 morts"}]},{"@type":"WebSite","@id":"https:\/\/www.webdo.tn\/fr\/#website","url":"https:\/\/www.webdo.tn\/fr\/","name":"webdo","description":"Tunisie - News en Tunisie et \u00e0 l&#039;international sur Webdo.tn","publisher":{"@id":"https:\/\/www.webdo.tn\/fr\/#organization"},"potentialAction":[{"@type":"SearchAction","target":{"@type":"EntryPoint","urlTemplate":"https:\/\/www.webdo.tn\/fr\/?s={search_term_string}"},"query-input":{"@type":"PropertyValueSpecification","valueRequired":true,"valueName":"search_term_string"}}],"inLanguage":"fr-FR"},{"@type":"Organization","@id":"https:\/\/www.webdo.tn\/fr\/#organization","name":"Webdo","alternateName":"Webdo.tn","url":"https:\/\/www.webdo.tn\/fr\/","logo":{"@type":"ImageObject","inLanguage":"fr-FR","@id":"https:\/\/www.webdo.tn\/fr\/#\/schema\/logo\/image\/","url":"https:\/\/www.webdo.tn\/fr\/wp-content\/uploads\/2025\/06\/Webdo-Tunisie_168377.jpg","contentUrl":"https:\/\/www.webdo.tn\/fr\/wp-content\/uploads\/2025\/06\/Webdo-Tunisie_168377.jpg","width":301,"height":301,"caption":"Webdo"},"image":{"@id":"https:\/\/www.webdo.tn\/fr\/#\/schema\/logo\/image\/"},"sameAs":["https:\/\/www.facebook.com\/webdotn","https:\/\/x.com\/webdo_tn"],"description":"Webdo est un m\u00e9dia num\u00e9rique tunisien fond\u00e9 en 2010, sp\u00e9cialis\u00e9 dans l\u2019actualit\u00e9 nationale et internationale, l\u2019\u00e9conomie, la soci\u00e9t\u00e9 et les analyses politiques. Le site s\u2019adresse \u00e0 un large public francophone et couvre l\u2019information tunisienne en temps r\u00e9el.","email":"redac@webdo.tn","legalName":"YNJ SARL","foundingDate":"2010-09-06","numberOfEmployees":{"@type":"QuantitativeValue","minValue":"11","maxValue":"50"}},{"@type":"Person","@id":"https:\/\/www.webdo.tn\/fr\/#\/schema\/person\/1f4e491e0907b413d61089e8eb573acc","name":"Webdo","image":{"@type":"ImageObject","inLanguage":"fr-FR","@id":"https:\/\/secure.gravatar.com\/avatar\/de97aeec1bb80978a9dbb127e47dfc88aaacb2f3c29aac907d8d3222e3495d49?s=96&d=mm&r=g","url":"https:\/\/secure.gravatar.com\/avatar\/de97aeec1bb80978a9dbb127e47dfc88aaacb2f3c29aac907d8d3222e3495d49?s=96&d=mm&r=g","contentUrl":"https:\/\/secure.gravatar.com\/avatar\/de97aeec1bb80978a9dbb127e47dfc88aaacb2f3c29aac907d8d3222e3495d49?s=96&d=mm&r=g","caption":"Webdo"},"url":"https:\/\/www.webdo.tn\/fr\/actualite\/author\/webdo\/"}]}},"_links":{"self":[{"href":"https:\/\/www.webdo.tn\/fr\/wp-json\/wp\/v2\/posts\/214891","targetHints":{"allow":["GET"]}}],"collection":[{"href":"https:\/\/www.webdo.tn\/fr\/wp-json\/wp\/v2\/posts"}],"about":[{"href":"https:\/\/www.webdo.tn\/fr\/wp-json\/wp\/v2\/types\/post"}],"author":[{"embeddable":true,"href":"https:\/\/www.webdo.tn\/fr\/wp-json\/wp\/v2\/users\/3169"}],"replies":[{"embeddable":true,"href":"https:\/\/www.webdo.tn\/fr\/wp-json\/wp\/v2\/comments?post=214891"}],"version-history":[{"count":0,"href":"https:\/\/www.webdo.tn\/fr\/wp-json\/wp\/v2\/posts\/214891\/revisions"}],"wp:featuredmedia":[{"embeddable":true,"href":"https:\/\/www.webdo.tn\/fr\/wp-json\/wp\/v2\/media\/247126"}],"wp:attachment":[{"href":"https:\/\/www.webdo.tn\/fr\/wp-json\/wp\/v2\/media?parent=214891"}],"wp:term":[{"taxonomy":"category","embeddable":true,"href":"https:\/\/www.webdo.tn\/fr\/wp-json\/wp\/v2\/categories?post=214891"},{"taxonomy":"post_tag","embeddable":true,"href":"https:\/\/www.webdo.tn\/fr\/wp-json\/wp\/v2\/tags?post=214891"}],"curies":[{"name":"wp","href":"https:\/\/api.w.org\/{rel}","templated":true}]}}