{"id":214874,"date":"2024-06-21T21:26:00","date_gmt":"2024-06-21T21:26:00","guid":{"rendered":"https:\/\/www.webdo.tn\/fr\/blog\/la-steg-annonce-des-coupures-breves-cet-ete-face-a-une-demande-record\/214874\/"},"modified":"2025-05-21T09:05:20","modified_gmt":"2025-05-21T09:05:20","slug":"la-steg-annonce-des-coupures-breves-cet-ete-face-a-une-demande-record","status":"publish","type":"post","link":"https:\/\/www.webdo.tn\/fr\/actualite\/national\/la-steg-annonce-des-coupures-breves-cet-ete-face-a-une-demande-record\/214874\/","title":{"rendered":"La STEG annonce des coupures br\u00e8ves cet \u00e9t\u00e9 face \u00e0 une demande record"},"content":{"rendered":"<p>La Soci\u00e9t\u00e9 Tunisienne de l&rsquo;\u00c9lectricit\u00e9 et du Gaz (STEG) pr\u00e9voit des coupures de courant dans plusieurs r\u00e9gions du pays cet \u00e9t\u00e9, en cas de pics de consommation.<\/p>\n<p>\t\t\t\t\t\t\t\t\tDans une annonce faite ce vendredi 21 juin 2024 sur les ondes de la radio priv\u00e9e Diwan FM, Faycal Trifa, directeur g\u00e9n\u00e9ral de la STEG, a soulign\u00e9 que les interruptions seraient de courte dur\u00e9e, estim\u00e9es \u00e0 environ une demi-heure dans certaines zones.<\/p>\n<p>La STEG anticipe une pointe de consommation \u00e9lectrique atteignant 5200 m\u00e9gawatts cet \u00e9t\u00e9, contre 4823 m\u00e9gawatts l&rsquo;ann\u00e9e pr\u00e9c\u00e9dente. Pour r\u00e9pondre \u00e0 ce d\u00e9fi, la soci\u00e9t\u00e9 affirme \u00eatre pleinement pr\u00e9par\u00e9e, mettant en \u0153uvre des mesures pour \u00e9quilibrer l&rsquo;offre et la demande, tout en \u00e9vitant les p\u00e9nuries qui ont \u00e9t\u00e9 observ\u00e9es l&rsquo;ann\u00e9e derni\u00e8re.<\/p>\n<p>Plus t\u00f4t dans la journ\u00e9e, la STEG avait d\u00e9j\u00e0 confirm\u00e9 la disponibilit\u00e9 de son infrastructure et de toutes ses centrales, affirmant sa capacit\u00e9 \u00e0 faire face \u00e0 la pointe de consommation pr\u00e9vue pour l&rsquo;\u00e9t\u00e9 2024.<\/p>\n<p>La soci\u00e9t\u00e9 a \u00e9galement d\u00e9menti les rumeurs circulant sur les r\u00e9seaux sociaux concernant des coupures programm\u00e9es de mani\u00e8re automatique. Elle assure \u00e0 ses clients qu&rsquo;elle a pris toutes les mesures n\u00e9cessaires pour garantir une alimentation \u00e9lectrique stable pendant la p\u00e9riode estivale, y compris des op\u00e9rations de maintenance et des renforcements des installations de production, ainsi que du r\u00e9seau de transport et de distribution d&rsquo;\u00e9lectricit\u00e9.<\/p>\n<p>Lors d&rsquo;une conf\u00e9rence de presse, la STEG a pr\u00e9sent\u00e9 les derni\u00e8res donn\u00e9es et pr\u00e9paratifs pour le d\u00e9veloppement du r\u00e9seau national d&rsquo;\u00e9lectricit\u00e9 dans tout le pays, accompagn\u00e9s de programmes et de campagnes de sensibilisation visant \u00e0 promouvoir une consommation \u00e9nerg\u00e9tique plus responsable.<\/p>\n","protected":false},"excerpt":{"rendered":"<p>D\u00e9couvrez comment la STEG se pr\u00e9pare \u00e0 g\u00e9rer les coupures \u00e9lectriques potentielles cet \u00e9t\u00e9 en Tunisie, face \u00e0 une demande record atteignant 5200 m\u00e9gawatts. Des&#8230;<\/p>\n","protected":false},"author":3166,"featured_media":247146,"comment_status":"open","ping_status":"closed","sticky":false,"template":"","format":"standard","meta":{"footnotes":""},"categories":[44],"tags":[5799,2742,2608],"class_list":["post-214874","post","type-post","status-publish","format-standard","has-post-thumbnail","hentry","category-national","tag-5799","tag-steg","tag-tunisie"],"yoast_head":"<!-- This site is optimized with the Yoast SEO Premium plugin v27.5 (Yoast SEO v27.5) - https:\/\/yoast.com\/product\/yoast-seo-premium-wordpress\/ -->\n<title>La STEG annonce des coupures br\u00e8ves cet \u00e9t\u00e9 face \u00e0 une demande record<\/title>\n<meta name=\"description\" content=\"D\u00e9couvrez comment la STEG se pr\u00e9pare \u00e0 g\u00e9rer les coupures \u00e9lectriques potentielles cet \u00e9t\u00e9 en Tunisie, face \u00e0 une demande record atteignant 5200 m\u00e9gawatts. Des...\" \/>\n<link rel=\"canonical\" href=\"https:\/\/www.webdo.tn\/fr\/actualite\/national\/la-steg-annonce-des-coupures-breves-cet-ete-face-a-une-demande-record\/214874\/\" \/>\n<meta property=\"og:locale\" content=\"fr_FR\" \/>\n<meta property=\"og:type\" content=\"article\" \/>\n<meta property=\"og:title\" content=\"La STEG annonce des coupures br\u00e8ves cet \u00e9t\u00e9 face \u00e0 une demande record\" \/>\n<meta property=\"og:description\" content=\"D\u00e9couvrez comment la STEG se pr\u00e9pare \u00e0 g\u00e9rer les coupures \u00e9lectriques potentielles cet \u00e9t\u00e9 en Tunisie, face \u00e0 une demande record atteignant 5200 m\u00e9gawatts. Des...\" \/>\n<meta property=\"og:url\" content=\"https:\/\/www.webdo.tn\/fr\/actualite\/national\/la-steg-annonce-des-coupures-breves-cet-ete-face-a-une-demande-record\/214874\/\" \/>\n<meta property=\"og:site_name\" content=\"webdo\" \/>\n<meta property=\"article:publisher\" content=\"https:\/\/www.facebook.com\/webdotn\" \/>\n<meta property=\"article:published_time\" content=\"2024-06-21T21:26:00+00:00\" \/>\n<meta property=\"article:modified_time\" content=\"2025-05-21T09:05:20+00:00\" \/>\n<meta property=\"og:image\" content=\"https:\/\/www.webdo.tn\/fr\/wp-content\/uploads\/2024\/06\/e343f51974dd5699c9af1d1720cf6a03.webp\" \/>\n\t<meta property=\"og:image:width\" content=\"750\" \/>\n\t<meta property=\"og:image:height\" content=\"400\" \/>\n\t<meta property=\"og:image:type\" content=\"image\/webp\" \/>\n<meta name=\"author\" content=\"AZ\" \/>\n<meta name=\"twitter:card\" content=\"summary_large_image\" \/>\n<meta name=\"twitter:creator\" content=\"@webdo_tn\" \/>\n<meta name=\"twitter:site\" content=\"@webdo_tn\" \/>\n<meta name=\"twitter:label1\" content=\"\u00c9crit par\" \/>\n\t<meta name=\"twitter:data1\" content=\"AZ\" \/>\n\t<meta name=\"twitter:label2\" content=\"Dur\u00e9e de lecture estim\u00e9e\" \/>\n\t<meta name=\"twitter:data2\" content=\"1 minute\" \/>\n<script type=\"application\/ld+json\" class=\"yoast-schema-graph\">{\"@context\":\"https:\\\/\\\/schema.org\",\"@graph\":[{\"@type\":\"NewsArticle\",\"@id\":\"https:\\\/\\\/www.webdo.tn\\\/fr\\\/actualite\\\/national\\\/la-steg-annonce-des-coupures-breves-cet-ete-face-a-une-demande-record\\\/214874\\\/#article\",\"isPartOf\":{\"@id\":\"https:\\\/\\\/www.webdo.tn\\\/fr\\\/actualite\\\/national\\\/la-steg-annonce-des-coupures-breves-cet-ete-face-a-une-demande-record\\\/214874\\\/\"},\"author\":{\"name\":\"AZ\",\"@id\":\"https:\\\/\\\/www.webdo.tn\\\/fr\\\/#\\\/schema\\\/person\\\/b8a41c04d93287d375510db360906b34\"},\"headline\":\"La STEG annonce des coupures br\u00e8ves cet \u00e9t\u00e9 face \u00e0 une demande record\",\"datePublished\":\"2024-06-21T21:26:00+00:00\",\"dateModified\":\"2025-05-21T09:05:20+00:00\",\"mainEntityOfPage\":{\"@id\":\"https:\\\/\\\/www.webdo.tn\\\/fr\\\/actualite\\\/national\\\/la-steg-annonce-des-coupures-breves-cet-ete-face-a-une-demande-record\\\/214874\\\/\"},\"wordCount\":315,\"commentCount\":0,\"publisher\":{\"@id\":\"https:\\\/\\\/www.webdo.tn\\\/fr\\\/#organization\"},\"image\":{\"@id\":\"https:\\\/\\\/www.webdo.tn\\\/fr\\\/actualite\\\/national\\\/la-steg-annonce-des-coupures-breves-cet-ete-face-a-une-demande-record\\\/214874\\\/#primaryimage\"},\"thumbnailUrl\":\"https:\\\/\\\/www.webdo.tn\\\/fr\\\/wp-content\\\/uploads\\\/2024\\\/06\\\/e343f51974dd5699c9af1d1720cf6a03.webp\",\"keywords\":[\"2024\",\"steg\",\"Tunisie\"],\"articleSection\":[\"National\"],\"inLanguage\":\"fr-FR\"},{\"@type\":\"WebPage\",\"@id\":\"https:\\\/\\\/www.webdo.tn\\\/fr\\\/actualite\\\/national\\\/la-steg-annonce-des-coupures-breves-cet-ete-face-a-une-demande-record\\\/214874\\\/\",\"url\":\"https:\\\/\\\/www.webdo.tn\\\/fr\\\/actualite\\\/national\\\/la-steg-annonce-des-coupures-breves-cet-ete-face-a-une-demande-record\\\/214874\\\/\",\"name\":\"La STEG annonce des coupures br\u00e8ves cet \u00e9t\u00e9 face \u00e0 une demande record\",\"isPartOf\":{\"@id\":\"https:\\\/\\\/www.webdo.tn\\\/fr\\\/#website\"},\"primaryImageOfPage\":{\"@id\":\"https:\\\/\\\/www.webdo.tn\\\/fr\\\/actualite\\\/national\\\/la-steg-annonce-des-coupures-breves-cet-ete-face-a-une-demande-record\\\/214874\\\/#primaryimage\"},\"image\":{\"@id\":\"https:\\\/\\\/www.webdo.tn\\\/fr\\\/actualite\\\/national\\\/la-steg-annonce-des-coupures-breves-cet-ete-face-a-une-demande-record\\\/214874\\\/#primaryimage\"},\"thumbnailUrl\":\"https:\\\/\\\/www.webdo.tn\\\/fr\\\/wp-content\\\/uploads\\\/2024\\\/06\\\/e343f51974dd5699c9af1d1720cf6a03.webp\",\"datePublished\":\"2024-06-21T21:26:00+00:00\",\"dateModified\":\"2025-05-21T09:05:20+00:00\",\"description\":\"D\u00e9couvrez comment la STEG se pr\u00e9pare \u00e0 g\u00e9rer les coupures \u00e9lectriques potentielles cet \u00e9t\u00e9 en Tunisie, face \u00e0 une demande record atteignant 5200 m\u00e9gawatts. Des...\",\"breadcrumb\":{\"@id\":\"https:\\\/\\\/www.webdo.tn\\\/fr\\\/actualite\\\/national\\\/la-steg-annonce-des-coupures-breves-cet-ete-face-a-une-demande-record\\\/214874\\\/#breadcrumb\"},\"inLanguage\":\"fr-FR\",\"potentialAction\":[{\"@type\":\"ReadAction\",\"target\":[\"https:\\\/\\\/www.webdo.tn\\\/fr\\\/actualite\\\/national\\\/la-steg-annonce-des-coupures-breves-cet-ete-face-a-une-demande-record\\\/214874\\\/\"]}]},{\"@type\":\"ImageObject\",\"inLanguage\":\"fr-FR\",\"@id\":\"https:\\\/\\\/www.webdo.tn\\\/fr\\\/actualite\\\/national\\\/la-steg-annonce-des-coupures-breves-cet-ete-face-a-une-demande-record\\\/214874\\\/#primaryimage\",\"url\":\"https:\\\/\\\/www.webdo.tn\\\/fr\\\/wp-content\\\/uploads\\\/2024\\\/06\\\/e343f51974dd5699c9af1d1720cf6a03.webp\",\"contentUrl\":\"https:\\\/\\\/www.webdo.tn\\\/fr\\\/wp-content\\\/uploads\\\/2024\\\/06\\\/e343f51974dd5699c9af1d1720cf6a03.webp\",\"width\":750,\"height\":400,\"caption\":\"La STEG annonce des coupures br\u00e8ves cet \u00e9t\u00e9 face \u00e0 une demande record\"},{\"@type\":\"BreadcrumbList\",\"@id\":\"https:\\\/\\\/www.webdo.tn\\\/fr\\\/actualite\\\/national\\\/la-steg-annonce-des-coupures-breves-cet-ete-face-a-une-demande-record\\\/214874\\\/#breadcrumb\",\"itemListElement\":[{\"@type\":\"ListItem\",\"position\":1,\"name\":\"Accueil\",\"item\":\"https:\\\/\\\/www.webdo.tn\\\/fr\\\/\"},{\"@type\":\"ListItem\",\"position\":2,\"name\":\"La STEG annonce des coupures br\u00e8ves cet \u00e9t\u00e9 face \u00e0 une demande record\"}]},{\"@type\":\"WebSite\",\"@id\":\"https:\\\/\\\/www.webdo.tn\\\/fr\\\/#website\",\"url\":\"https:\\\/\\\/www.webdo.tn\\\/fr\\\/\",\"name\":\"webdo\",\"description\":\"Tunisie - News en Tunisie et \u00e0 l&#039;international sur Webdo.tn\",\"publisher\":{\"@id\":\"https:\\\/\\\/www.webdo.tn\\\/fr\\\/#organization\"},\"potentialAction\":[{\"@type\":\"SearchAction\",\"target\":{\"@type\":\"EntryPoint\",\"urlTemplate\":\"https:\\\/\\\/www.webdo.tn\\\/fr\\\/?s={search_term_string}\"},\"query-input\":{\"@type\":\"PropertyValueSpecification\",\"valueRequired\":true,\"valueName\":\"search_term_string\"}}],\"inLanguage\":\"fr-FR\"},{\"@type\":\"Organization\",\"@id\":\"https:\\\/\\\/www.webdo.tn\\\/fr\\\/#organization\",\"name\":\"Webdo\",\"alternateName\":\"Webdo.tn\",\"url\":\"https:\\\/\\\/www.webdo.tn\\\/fr\\\/\",\"logo\":{\"@type\":\"ImageObject\",\"inLanguage\":\"fr-FR\",\"@id\":\"https:\\\/\\\/www.webdo.tn\\\/fr\\\/#\\\/schema\\\/logo\\\/image\\\/\",\"url\":\"https:\\\/\\\/www.webdo.tn\\\/fr\\\/wp-content\\\/uploads\\\/2025\\\/06\\\/Webdo-Tunisie_168377.jpg\",\"contentUrl\":\"https:\\\/\\\/www.webdo.tn\\\/fr\\\/wp-content\\\/uploads\\\/2025\\\/06\\\/Webdo-Tunisie_168377.jpg\",\"width\":301,\"height\":301,\"caption\":\"Webdo\"},\"image\":{\"@id\":\"https:\\\/\\\/www.webdo.tn\\\/fr\\\/#\\\/schema\\\/logo\\\/image\\\/\"},\"sameAs\":[\"https:\\\/\\\/www.facebook.com\\\/webdotn\",\"https:\\\/\\\/x.com\\\/webdo_tn\"],\"description\":\"Webdo est un m\u00e9dia num\u00e9rique tunisien fond\u00e9 en 2010, sp\u00e9cialis\u00e9 dans l\u2019actualit\u00e9 nationale et internationale, l\u2019\u00e9conomie, la soci\u00e9t\u00e9 et les analyses politiques. Le site s\u2019adresse \u00e0 un large public francophone et couvre l\u2019information tunisienne en temps r\u00e9el.\",\"email\":\"redac@webdo.tn\",\"legalName\":\"YNJ SARL\",\"foundingDate\":\"2010-09-06\",\"numberOfEmployees\":{\"@type\":\"QuantitativeValue\",\"minValue\":\"11\",\"maxValue\":\"50\"}},{\"@type\":\"Person\",\"@id\":\"https:\\\/\\\/www.webdo.tn\\\/fr\\\/#\\\/schema\\\/person\\\/b8a41c04d93287d375510db360906b34\",\"name\":\"AZ\",\"image\":{\"@type\":\"ImageObject\",\"inLanguage\":\"fr-FR\",\"@id\":\"https:\\\/\\\/secure.gravatar.com\\\/avatar\\\/492b80bada79439de4201dce15cd41eece6c277cfdf1b53382073c79105c1f89?s=96&d=mm&r=g\",\"url\":\"https:\\\/\\\/secure.gravatar.com\\\/avatar\\\/492b80bada79439de4201dce15cd41eece6c277cfdf1b53382073c79105c1f89?s=96&d=mm&r=g\",\"contentUrl\":\"https:\\\/\\\/secure.gravatar.com\\\/avatar\\\/492b80bada79439de4201dce15cd41eece6c277cfdf1b53382073c79105c1f89?s=96&d=mm&r=g\",\"caption\":\"AZ\"},\"url\":\"https:\\\/\\\/www.webdo.tn\\\/fr\\\/actualite\\\/author\\\/az\\\/\"}]}<\/script>\n<!-- \/ Yoast SEO Premium plugin. -->","yoast_head_json":{"title":"La STEG annonce des coupures br\u00e8ves cet \u00e9t\u00e9 face \u00e0 une demande record","description":"D\u00e9couvrez comment la STEG se pr\u00e9pare \u00e0 g\u00e9rer les coupures \u00e9lectriques potentielles cet \u00e9t\u00e9 en Tunisie, face \u00e0 une demande record atteignant 5200 m\u00e9gawatts. Des...","canonical":"https:\/\/www.webdo.tn\/fr\/actualite\/national\/la-steg-annonce-des-coupures-breves-cet-ete-face-a-une-demande-record\/214874\/","og_locale":"fr_FR","og_type":"article","og_title":"La STEG annonce des coupures br\u00e8ves cet \u00e9t\u00e9 face \u00e0 une demande record","og_description":"D\u00e9couvrez comment la STEG se pr\u00e9pare \u00e0 g\u00e9rer les coupures \u00e9lectriques potentielles cet \u00e9t\u00e9 en Tunisie, face \u00e0 une demande record atteignant 5200 m\u00e9gawatts. Des...","og_url":"https:\/\/www.webdo.tn\/fr\/actualite\/national\/la-steg-annonce-des-coupures-breves-cet-ete-face-a-une-demande-record\/214874\/","og_site_name":"webdo","article_publisher":"https:\/\/www.facebook.com\/webdotn","article_published_time":"2024-06-21T21:26:00+00:00","article_modified_time":"2025-05-21T09:05:20+00:00","og_image":[{"width":750,"height":400,"url":"https:\/\/www.webdo.tn\/fr\/wp-content\/uploads\/2024\/06\/e343f51974dd5699c9af1d1720cf6a03.webp","type":"image\/webp"}],"author":"AZ","twitter_card":"summary_large_image","twitter_creator":"@webdo_tn","twitter_site":"@webdo_tn","twitter_misc":{"\u00c9crit par":"AZ","Dur\u00e9e de lecture estim\u00e9e":"1 minute"},"schema":{"@context":"https:\/\/schema.org","@graph":[{"@type":"NewsArticle","@id":"https:\/\/www.webdo.tn\/fr\/actualite\/national\/la-steg-annonce-des-coupures-breves-cet-ete-face-a-une-demande-record\/214874\/#article","isPartOf":{"@id":"https:\/\/www.webdo.tn\/fr\/actualite\/national\/la-steg-annonce-des-coupures-breves-cet-ete-face-a-une-demande-record\/214874\/"},"author":{"name":"AZ","@id":"https:\/\/www.webdo.tn\/fr\/#\/schema\/person\/b8a41c04d93287d375510db360906b34"},"headline":"La STEG annonce des coupures br\u00e8ves cet \u00e9t\u00e9 face \u00e0 une demande record","datePublished":"2024-06-21T21:26:00+00:00","dateModified":"2025-05-21T09:05:20+00:00","mainEntityOfPage":{"@id":"https:\/\/www.webdo.tn\/fr\/actualite\/national\/la-steg-annonce-des-coupures-breves-cet-ete-face-a-une-demande-record\/214874\/"},"wordCount":315,"commentCount":0,"publisher":{"@id":"https:\/\/www.webdo.tn\/fr\/#organization"},"image":{"@id":"https:\/\/www.webdo.tn\/fr\/actualite\/national\/la-steg-annonce-des-coupures-breves-cet-ete-face-a-une-demande-record\/214874\/#primaryimage"},"thumbnailUrl":"https:\/\/www.webdo.tn\/fr\/wp-content\/uploads\/2024\/06\/e343f51974dd5699c9af1d1720cf6a03.webp","keywords":["2024","steg","Tunisie"],"articleSection":["National"],"inLanguage":"fr-FR"},{"@type":"WebPage","@id":"https:\/\/www.webdo.tn\/fr\/actualite\/national\/la-steg-annonce-des-coupures-breves-cet-ete-face-a-une-demande-record\/214874\/","url":"https:\/\/www.webdo.tn\/fr\/actualite\/national\/la-steg-annonce-des-coupures-breves-cet-ete-face-a-une-demande-record\/214874\/","name":"La STEG annonce des coupures br\u00e8ves cet \u00e9t\u00e9 face \u00e0 une demande record","isPartOf":{"@id":"https:\/\/www.webdo.tn\/fr\/#website"},"primaryImageOfPage":{"@id":"https:\/\/www.webdo.tn\/fr\/actualite\/national\/la-steg-annonce-des-coupures-breves-cet-ete-face-a-une-demande-record\/214874\/#primaryimage"},"image":{"@id":"https:\/\/www.webdo.tn\/fr\/actualite\/national\/la-steg-annonce-des-coupures-breves-cet-ete-face-a-une-demande-record\/214874\/#primaryimage"},"thumbnailUrl":"https:\/\/www.webdo.tn\/fr\/wp-content\/uploads\/2024\/06\/e343f51974dd5699c9af1d1720cf6a03.webp","datePublished":"2024-06-21T21:26:00+00:00","dateModified":"2025-05-21T09:05:20+00:00","description":"D\u00e9couvrez comment la STEG se pr\u00e9pare \u00e0 g\u00e9rer les coupures \u00e9lectriques potentielles cet \u00e9t\u00e9 en Tunisie, face \u00e0 une demande record atteignant 5200 m\u00e9gawatts. Des...","breadcrumb":{"@id":"https:\/\/www.webdo.tn\/fr\/actualite\/national\/la-steg-annonce-des-coupures-breves-cet-ete-face-a-une-demande-record\/214874\/#breadcrumb"},"inLanguage":"fr-FR","potentialAction":[{"@type":"ReadAction","target":["https:\/\/www.webdo.tn\/fr\/actualite\/national\/la-steg-annonce-des-coupures-breves-cet-ete-face-a-une-demande-record\/214874\/"]}]},{"@type":"ImageObject","inLanguage":"fr-FR","@id":"https:\/\/www.webdo.tn\/fr\/actualite\/national\/la-steg-annonce-des-coupures-breves-cet-ete-face-a-une-demande-record\/214874\/#primaryimage","url":"https:\/\/www.webdo.tn\/fr\/wp-content\/uploads\/2024\/06\/e343f51974dd5699c9af1d1720cf6a03.webp","contentUrl":"https:\/\/www.webdo.tn\/fr\/wp-content\/uploads\/2024\/06\/e343f51974dd5699c9af1d1720cf6a03.webp","width":750,"height":400,"caption":"La STEG annonce des coupures br\u00e8ves cet \u00e9t\u00e9 face \u00e0 une demande record"},{"@type":"BreadcrumbList","@id":"https:\/\/www.webdo.tn\/fr\/actualite\/national\/la-steg-annonce-des-coupures-breves-cet-ete-face-a-une-demande-record\/214874\/#breadcrumb","itemListElement":[{"@type":"ListItem","position":1,"name":"Accueil","item":"https:\/\/www.webdo.tn\/fr\/"},{"@type":"ListItem","position":2,"name":"La STEG annonce des coupures br\u00e8ves cet \u00e9t\u00e9 face \u00e0 une demande record"}]},{"@type":"WebSite","@id":"https:\/\/www.webdo.tn\/fr\/#website","url":"https:\/\/www.webdo.tn\/fr\/","name":"webdo","description":"Tunisie - News en Tunisie et \u00e0 l&#039;international sur Webdo.tn","publisher":{"@id":"https:\/\/www.webdo.tn\/fr\/#organization"},"potentialAction":[{"@type":"SearchAction","target":{"@type":"EntryPoint","urlTemplate":"https:\/\/www.webdo.tn\/fr\/?s={search_term_string}"},"query-input":{"@type":"PropertyValueSpecification","valueRequired":true,"valueName":"search_term_string"}}],"inLanguage":"fr-FR"},{"@type":"Organization","@id":"https:\/\/www.webdo.tn\/fr\/#organization","name":"Webdo","alternateName":"Webdo.tn","url":"https:\/\/www.webdo.tn\/fr\/","logo":{"@type":"ImageObject","inLanguage":"fr-FR","@id":"https:\/\/www.webdo.tn\/fr\/#\/schema\/logo\/image\/","url":"https:\/\/www.webdo.tn\/fr\/wp-content\/uploads\/2025\/06\/Webdo-Tunisie_168377.jpg","contentUrl":"https:\/\/www.webdo.tn\/fr\/wp-content\/uploads\/2025\/06\/Webdo-Tunisie_168377.jpg","width":301,"height":301,"caption":"Webdo"},"image":{"@id":"https:\/\/www.webdo.tn\/fr\/#\/schema\/logo\/image\/"},"sameAs":["https:\/\/www.facebook.com\/webdotn","https:\/\/x.com\/webdo_tn"],"description":"Webdo est un m\u00e9dia num\u00e9rique tunisien fond\u00e9 en 2010, sp\u00e9cialis\u00e9 dans l\u2019actualit\u00e9 nationale et internationale, l\u2019\u00e9conomie, la soci\u00e9t\u00e9 et les analyses politiques. Le site s\u2019adresse \u00e0 un large public francophone et couvre l\u2019information tunisienne en temps r\u00e9el.","email":"redac@webdo.tn","legalName":"YNJ SARL","foundingDate":"2010-09-06","numberOfEmployees":{"@type":"QuantitativeValue","minValue":"11","maxValue":"50"}},{"@type":"Person","@id":"https:\/\/www.webdo.tn\/fr\/#\/schema\/person\/b8a41c04d93287d375510db360906b34","name":"AZ","image":{"@type":"ImageObject","inLanguage":"fr-FR","@id":"https:\/\/secure.gravatar.com\/avatar\/492b80bada79439de4201dce15cd41eece6c277cfdf1b53382073c79105c1f89?s=96&d=mm&r=g","url":"https:\/\/secure.gravatar.com\/avatar\/492b80bada79439de4201dce15cd41eece6c277cfdf1b53382073c79105c1f89?s=96&d=mm&r=g","contentUrl":"https:\/\/secure.gravatar.com\/avatar\/492b80bada79439de4201dce15cd41eece6c277cfdf1b53382073c79105c1f89?s=96&d=mm&r=g","caption":"AZ"},"url":"https:\/\/www.webdo.tn\/fr\/actualite\/author\/az\/"}]}},"_links":{"self":[{"href":"https:\/\/www.webdo.tn\/fr\/wp-json\/wp\/v2\/posts\/214874","targetHints":{"allow":["GET"]}}],"collection":[{"href":"https:\/\/www.webdo.tn\/fr\/wp-json\/wp\/v2\/posts"}],"about":[{"href":"https:\/\/www.webdo.tn\/fr\/wp-json\/wp\/v2\/types\/post"}],"author":[{"embeddable":true,"href":"https:\/\/www.webdo.tn\/fr\/wp-json\/wp\/v2\/users\/3166"}],"replies":[{"embeddable":true,"href":"https:\/\/www.webdo.tn\/fr\/wp-json\/wp\/v2\/comments?post=214874"}],"version-history":[{"count":0,"href":"https:\/\/www.webdo.tn\/fr\/wp-json\/wp\/v2\/posts\/214874\/revisions"}],"wp:featuredmedia":[{"embeddable":true,"href":"https:\/\/www.webdo.tn\/fr\/wp-json\/wp\/v2\/media\/247146"}],"wp:attachment":[{"href":"https:\/\/www.webdo.tn\/fr\/wp-json\/wp\/v2\/media?parent=214874"}],"wp:term":[{"taxonomy":"category","embeddable":true,"href":"https:\/\/www.webdo.tn\/fr\/wp-json\/wp\/v2\/categories?post=214874"},{"taxonomy":"post_tag","embeddable":true,"href":"https:\/\/www.webdo.tn\/fr\/wp-json\/wp\/v2\/tags?post=214874"}],"curies":[{"name":"wp","href":"https:\/\/api.w.org\/{rel}","templated":true}]}}