{"id":214863,"date":"2024-06-21T12:37:00","date_gmt":"2024-06-21T12:37:00","guid":{"rendered":"https:\/\/www.webdo.tn\/fr\/blog\/tunisie-crash-d-un-helicoptere-militaire-a-gafsa\/214863\/"},"modified":"2025-05-21T09:10:31","modified_gmt":"2025-05-21T09:10:31","slug":"tunisie-crash-d-un-helicoptere-militaire-a-gafsa","status":"publish","type":"post","link":"https:\/\/www.webdo.tn\/fr\/actualite\/national\/tunisie-crash-d-un-helicoptere-militaire-a-gafsa\/214863\/","title":{"rendered":"Crash d&rsquo;un h\u00e9licopt\u00e8re militaire \u00e0 Gafsa : un pilote d\u00e9c\u00e9d\u00e9"},"content":{"rendered":"<p>Un h\u00e9licopt\u00e8re militaire tunisien s&rsquo;est \u00e9cras\u00e9 ce vendredi 21 juin 2024 dans le gouvernorat de Gafsa. Selon un communiqu\u00e9 officiel du minist\u00e8re de la D\u00e9fense nationale, l&rsquo;accident s&rsquo;est produit lors d&rsquo;une man\u0153uvre d&rsquo;atterrissage \u00e0 la base a\u00e9rienne de Gafsa au cours d&rsquo;une mission de vol programm\u00e9e.<\/p>\n<p>\t\t\t\t\t\t\t\t\tL&rsquo;\u00e9quipage, compos\u00e9 de deux pilotes, a \u00e9t\u00e9 imm\u00e9diatement secouru et \u00e9vacu\u00e9 vers l&rsquo;h\u00f4pital r\u00e9gional Houcine Bouzaiane de Gafsa. Malheureusement, l&rsquo;\u00e9quipe m\u00e9dicale a annonc\u00e9 le d\u00e9c\u00e8s de l&rsquo;un des pilotes. L&rsquo;\u00e9tat de sant\u00e9 du second pilote n&rsquo;a pas \u00e9t\u00e9 pr\u00e9cis\u00e9 dans le communiqu\u00e9.<\/p>\n<p>Cet incident tragique s&rsquo;ajoute \u00e0 une s\u00e9rie d&rsquo;accidents impliquant des appareils militaires en Tunisie ces derni\u00e8res ann\u00e9es. En janvier 2023, un h\u00e9licopt\u00e8re effectuant une mission nocturne s&rsquo;\u00e9tait ab\u00eem\u00e9 en mer pr\u00e8s de Bizerte, entra\u00eenant la mort de quatre militaires. En octobre 2021, trois soldats avaient perdu la vie lors d&rsquo;un exercice de nuit dans le gouvernorat de Gab\u00e8s.<\/p>\n","protected":false},"excerpt":{"rendered":"<p>Un h\u00e9licopt\u00e8re militaire tunisien s&rsquo;est \u00e9cras\u00e9 ce vendredi 21 juin 2024 dans le gouvernorat de Gafsa. Selon un communiqu\u00e9 officiel du minist\u00e8re de la D\u00e9fense na&#8230;<\/p>\n","protected":false},"author":3169,"featured_media":247140,"comment_status":"open","ping_status":"closed","sticky":false,"template":"","format":"standard","meta":{"footnotes":""},"categories":[44],"tags":[6288,4001,4151,2608],"class_list":["post-214863","post","type-post","status-publish","format-standard","has-post-thumbnail","hentry","category-national","tag-crash-helicoptere","tag-gafsa","tag-militaire","tag-tunisie"],"yoast_head":"<!-- This site is optimized with the Yoast SEO Premium plugin v27.5 (Yoast SEO v27.5) - https:\/\/yoast.com\/product\/yoast-seo-premium-wordpress\/ -->\n<title>Crash d&#039;un h\u00e9licopt\u00e8re militaire \u00e0 Gafsa : un pilote d\u00e9c\u00e9d\u00e9<\/title>\n<meta name=\"description\" content=\"Un h\u00e9licopt\u00e8re militaire tunisien s&#039;est \u00e9cras\u00e9 ce vendredi 21 juin 2024 dans le gouvernorat de Gafsa. Selon un communiqu\u00e9 officiel du minist\u00e8re de la D\u00e9fense na...\" \/>\n<link rel=\"canonical\" href=\"https:\/\/www.webdo.tn\/fr\/actualite\/national\/tunisie-crash-d-un-helicoptere-militaire-a-gafsa\/214863\/\" \/>\n<meta property=\"og:locale\" content=\"fr_FR\" \/>\n<meta property=\"og:type\" content=\"article\" \/>\n<meta property=\"og:title\" content=\"Crash d&#039;un h\u00e9licopt\u00e8re militaire \u00e0 Gafsa : un pilote d\u00e9c\u00e9d\u00e9\" \/>\n<meta property=\"og:description\" content=\"Un h\u00e9licopt\u00e8re militaire tunisien s&#039;est \u00e9cras\u00e9 ce vendredi 21 juin 2024 dans le gouvernorat de Gafsa. Selon un communiqu\u00e9 officiel du minist\u00e8re de la D\u00e9fense na...\" \/>\n<meta property=\"og:url\" content=\"https:\/\/www.webdo.tn\/fr\/actualite\/national\/tunisie-crash-d-un-helicoptere-militaire-a-gafsa\/214863\/\" \/>\n<meta property=\"og:site_name\" content=\"webdo\" \/>\n<meta property=\"article:publisher\" content=\"https:\/\/www.facebook.com\/webdotn\" \/>\n<meta property=\"article:published_time\" content=\"2024-06-21T12:37:00+00:00\" \/>\n<meta property=\"article:modified_time\" content=\"2025-05-21T09:10:31+00:00\" \/>\n<meta property=\"og:image\" content=\"https:\/\/www.webdo.tn\/fr\/wp-content\/uploads\/2024\/06\/7b53a9dd686a3fb2e35fe560a3b3a032.webp\" \/>\n\t<meta property=\"og:image:width\" content=\"750\" \/>\n\t<meta property=\"og:image:height\" content=\"400\" \/>\n\t<meta property=\"og:image:type\" content=\"image\/webp\" \/>\n<meta name=\"author\" content=\"Webdo\" \/>\n<meta name=\"twitter:card\" content=\"summary_large_image\" \/>\n<meta name=\"twitter:creator\" content=\"@webdo_tn\" \/>\n<meta name=\"twitter:site\" content=\"@webdo_tn\" \/>\n<meta name=\"twitter:label1\" content=\"\u00c9crit par\" \/>\n\t<meta name=\"twitter:data1\" content=\"Webdo\" \/>\n\t<meta name=\"twitter:label2\" content=\"Dur\u00e9e de lecture estim\u00e9e\" \/>\n\t<meta name=\"twitter:data2\" content=\"1 minute\" \/>\n<script type=\"application\/ld+json\" class=\"yoast-schema-graph\">{\"@context\":\"https:\\\/\\\/schema.org\",\"@graph\":[{\"@type\":\"NewsArticle\",\"@id\":\"https:\\\/\\\/www.webdo.tn\\\/fr\\\/actualite\\\/national\\\/tunisie-crash-d-un-helicoptere-militaire-a-gafsa\\\/214863\\\/#article\",\"isPartOf\":{\"@id\":\"https:\\\/\\\/www.webdo.tn\\\/fr\\\/actualite\\\/national\\\/tunisie-crash-d-un-helicoptere-militaire-a-gafsa\\\/214863\\\/\"},\"author\":{\"name\":\"Webdo\",\"@id\":\"https:\\\/\\\/www.webdo.tn\\\/fr\\\/#\\\/schema\\\/person\\\/1f4e491e0907b413d61089e8eb573acc\"},\"headline\":\"Crash d&rsquo;un h\u00e9licopt\u00e8re militaire \u00e0 Gafsa : un pilote d\u00e9c\u00e9d\u00e9\",\"datePublished\":\"2024-06-21T12:37:00+00:00\",\"dateModified\":\"2025-05-21T09:10:31+00:00\",\"mainEntityOfPage\":{\"@id\":\"https:\\\/\\\/www.webdo.tn\\\/fr\\\/actualite\\\/national\\\/tunisie-crash-d-un-helicoptere-militaire-a-gafsa\\\/214863\\\/\"},\"wordCount\":192,\"commentCount\":0,\"publisher\":{\"@id\":\"https:\\\/\\\/www.webdo.tn\\\/fr\\\/#organization\"},\"image\":{\"@id\":\"https:\\\/\\\/www.webdo.tn\\\/fr\\\/actualite\\\/national\\\/tunisie-crash-d-un-helicoptere-militaire-a-gafsa\\\/214863\\\/#primaryimage\"},\"thumbnailUrl\":\"https:\\\/\\\/www.webdo.tn\\\/fr\\\/wp-content\\\/uploads\\\/2024\\\/06\\\/7b53a9dd686a3fb2e35fe560a3b3a032.webp\",\"keywords\":[\"crash h\u00e9licopt\u00e8re\",\"Gafsa\",\"Militaire\",\"Tunisie\"],\"articleSection\":[\"National\"],\"inLanguage\":\"fr-FR\"},{\"@type\":\"WebPage\",\"@id\":\"https:\\\/\\\/www.webdo.tn\\\/fr\\\/actualite\\\/national\\\/tunisie-crash-d-un-helicoptere-militaire-a-gafsa\\\/214863\\\/\",\"url\":\"https:\\\/\\\/www.webdo.tn\\\/fr\\\/actualite\\\/national\\\/tunisie-crash-d-un-helicoptere-militaire-a-gafsa\\\/214863\\\/\",\"name\":\"Crash d'un h\u00e9licopt\u00e8re militaire \u00e0 Gafsa : un pilote d\u00e9c\u00e9d\u00e9\",\"isPartOf\":{\"@id\":\"https:\\\/\\\/www.webdo.tn\\\/fr\\\/#website\"},\"primaryImageOfPage\":{\"@id\":\"https:\\\/\\\/www.webdo.tn\\\/fr\\\/actualite\\\/national\\\/tunisie-crash-d-un-helicoptere-militaire-a-gafsa\\\/214863\\\/#primaryimage\"},\"image\":{\"@id\":\"https:\\\/\\\/www.webdo.tn\\\/fr\\\/actualite\\\/national\\\/tunisie-crash-d-un-helicoptere-militaire-a-gafsa\\\/214863\\\/#primaryimage\"},\"thumbnailUrl\":\"https:\\\/\\\/www.webdo.tn\\\/fr\\\/wp-content\\\/uploads\\\/2024\\\/06\\\/7b53a9dd686a3fb2e35fe560a3b3a032.webp\",\"datePublished\":\"2024-06-21T12:37:00+00:00\",\"dateModified\":\"2025-05-21T09:10:31+00:00\",\"description\":\"Un h\u00e9licopt\u00e8re militaire tunisien s'est \u00e9cras\u00e9 ce vendredi 21 juin 2024 dans le gouvernorat de Gafsa. Selon un communiqu\u00e9 officiel du minist\u00e8re de la D\u00e9fense na...\",\"breadcrumb\":{\"@id\":\"https:\\\/\\\/www.webdo.tn\\\/fr\\\/actualite\\\/national\\\/tunisie-crash-d-un-helicoptere-militaire-a-gafsa\\\/214863\\\/#breadcrumb\"},\"inLanguage\":\"fr-FR\",\"potentialAction\":[{\"@type\":\"ReadAction\",\"target\":[\"https:\\\/\\\/www.webdo.tn\\\/fr\\\/actualite\\\/national\\\/tunisie-crash-d-un-helicoptere-militaire-a-gafsa\\\/214863\\\/\"]}]},{\"@type\":\"ImageObject\",\"inLanguage\":\"fr-FR\",\"@id\":\"https:\\\/\\\/www.webdo.tn\\\/fr\\\/actualite\\\/national\\\/tunisie-crash-d-un-helicoptere-militaire-a-gafsa\\\/214863\\\/#primaryimage\",\"url\":\"https:\\\/\\\/www.webdo.tn\\\/fr\\\/wp-content\\\/uploads\\\/2024\\\/06\\\/7b53a9dd686a3fb2e35fe560a3b3a032.webp\",\"contentUrl\":\"https:\\\/\\\/www.webdo.tn\\\/fr\\\/wp-content\\\/uploads\\\/2024\\\/06\\\/7b53a9dd686a3fb2e35fe560a3b3a032.webp\",\"width\":750,\"height\":400,\"caption\":\"Crash d'un h\u00e9licopt\u00e8re militaire \u00e0 Gafsa : un pilote d\u00e9c\u00e9d\u00e9\"},{\"@type\":\"BreadcrumbList\",\"@id\":\"https:\\\/\\\/www.webdo.tn\\\/fr\\\/actualite\\\/national\\\/tunisie-crash-d-un-helicoptere-militaire-a-gafsa\\\/214863\\\/#breadcrumb\",\"itemListElement\":[{\"@type\":\"ListItem\",\"position\":1,\"name\":\"Accueil\",\"item\":\"https:\\\/\\\/www.webdo.tn\\\/fr\\\/\"},{\"@type\":\"ListItem\",\"position\":2,\"name\":\"Crash d&#8217;un h\u00e9licopt\u00e8re militaire \u00e0 Gafsa : un pilote d\u00e9c\u00e9d\u00e9\"}]},{\"@type\":\"WebSite\",\"@id\":\"https:\\\/\\\/www.webdo.tn\\\/fr\\\/#website\",\"url\":\"https:\\\/\\\/www.webdo.tn\\\/fr\\\/\",\"name\":\"webdo\",\"description\":\"Tunisie - News en Tunisie et \u00e0 l&#039;international sur Webdo.tn\",\"publisher\":{\"@id\":\"https:\\\/\\\/www.webdo.tn\\\/fr\\\/#organization\"},\"potentialAction\":[{\"@type\":\"SearchAction\",\"target\":{\"@type\":\"EntryPoint\",\"urlTemplate\":\"https:\\\/\\\/www.webdo.tn\\\/fr\\\/?s={search_term_string}\"},\"query-input\":{\"@type\":\"PropertyValueSpecification\",\"valueRequired\":true,\"valueName\":\"search_term_string\"}}],\"inLanguage\":\"fr-FR\"},{\"@type\":\"Organization\",\"@id\":\"https:\\\/\\\/www.webdo.tn\\\/fr\\\/#organization\",\"name\":\"Webdo\",\"alternateName\":\"Webdo.tn\",\"url\":\"https:\\\/\\\/www.webdo.tn\\\/fr\\\/\",\"logo\":{\"@type\":\"ImageObject\",\"inLanguage\":\"fr-FR\",\"@id\":\"https:\\\/\\\/www.webdo.tn\\\/fr\\\/#\\\/schema\\\/logo\\\/image\\\/\",\"url\":\"https:\\\/\\\/www.webdo.tn\\\/fr\\\/wp-content\\\/uploads\\\/2025\\\/06\\\/Webdo-Tunisie_168377.jpg\",\"contentUrl\":\"https:\\\/\\\/www.webdo.tn\\\/fr\\\/wp-content\\\/uploads\\\/2025\\\/06\\\/Webdo-Tunisie_168377.jpg\",\"width\":301,\"height\":301,\"caption\":\"Webdo\"},\"image\":{\"@id\":\"https:\\\/\\\/www.webdo.tn\\\/fr\\\/#\\\/schema\\\/logo\\\/image\\\/\"},\"sameAs\":[\"https:\\\/\\\/www.facebook.com\\\/webdotn\",\"https:\\\/\\\/x.com\\\/webdo_tn\"],\"description\":\"Webdo est un m\u00e9dia num\u00e9rique tunisien fond\u00e9 en 2010, sp\u00e9cialis\u00e9 dans l\u2019actualit\u00e9 nationale et internationale, l\u2019\u00e9conomie, la soci\u00e9t\u00e9 et les analyses politiques. Le site s\u2019adresse \u00e0 un large public francophone et couvre l\u2019information tunisienne en temps r\u00e9el.\",\"email\":\"redac@webdo.tn\",\"legalName\":\"YNJ SARL\",\"foundingDate\":\"2010-09-06\",\"numberOfEmployees\":{\"@type\":\"QuantitativeValue\",\"minValue\":\"11\",\"maxValue\":\"50\"}},{\"@type\":\"Person\",\"@id\":\"https:\\\/\\\/www.webdo.tn\\\/fr\\\/#\\\/schema\\\/person\\\/1f4e491e0907b413d61089e8eb573acc\",\"name\":\"Webdo\",\"image\":{\"@type\":\"ImageObject\",\"inLanguage\":\"fr-FR\",\"@id\":\"https:\\\/\\\/secure.gravatar.com\\\/avatar\\\/de97aeec1bb80978a9dbb127e47dfc88aaacb2f3c29aac907d8d3222e3495d49?s=96&d=mm&r=g\",\"url\":\"https:\\\/\\\/secure.gravatar.com\\\/avatar\\\/de97aeec1bb80978a9dbb127e47dfc88aaacb2f3c29aac907d8d3222e3495d49?s=96&d=mm&r=g\",\"contentUrl\":\"https:\\\/\\\/secure.gravatar.com\\\/avatar\\\/de97aeec1bb80978a9dbb127e47dfc88aaacb2f3c29aac907d8d3222e3495d49?s=96&d=mm&r=g\",\"caption\":\"Webdo\"},\"url\":\"https:\\\/\\\/www.webdo.tn\\\/fr\\\/actualite\\\/author\\\/webdo\\\/\"}]}<\/script>\n<!-- \/ Yoast SEO Premium plugin. -->","yoast_head_json":{"title":"Crash d'un h\u00e9licopt\u00e8re militaire \u00e0 Gafsa : un pilote d\u00e9c\u00e9d\u00e9","description":"Un h\u00e9licopt\u00e8re militaire tunisien s'est \u00e9cras\u00e9 ce vendredi 21 juin 2024 dans le gouvernorat de Gafsa. Selon un communiqu\u00e9 officiel du minist\u00e8re de la D\u00e9fense na...","canonical":"https:\/\/www.webdo.tn\/fr\/actualite\/national\/tunisie-crash-d-un-helicoptere-militaire-a-gafsa\/214863\/","og_locale":"fr_FR","og_type":"article","og_title":"Crash d'un h\u00e9licopt\u00e8re militaire \u00e0 Gafsa : un pilote d\u00e9c\u00e9d\u00e9","og_description":"Un h\u00e9licopt\u00e8re militaire tunisien s'est \u00e9cras\u00e9 ce vendredi 21 juin 2024 dans le gouvernorat de Gafsa. Selon un communiqu\u00e9 officiel du minist\u00e8re de la D\u00e9fense na...","og_url":"https:\/\/www.webdo.tn\/fr\/actualite\/national\/tunisie-crash-d-un-helicoptere-militaire-a-gafsa\/214863\/","og_site_name":"webdo","article_publisher":"https:\/\/www.facebook.com\/webdotn","article_published_time":"2024-06-21T12:37:00+00:00","article_modified_time":"2025-05-21T09:10:31+00:00","og_image":[{"width":750,"height":400,"url":"https:\/\/www.webdo.tn\/fr\/wp-content\/uploads\/2024\/06\/7b53a9dd686a3fb2e35fe560a3b3a032.webp","type":"image\/webp"}],"author":"Webdo","twitter_card":"summary_large_image","twitter_creator":"@webdo_tn","twitter_site":"@webdo_tn","twitter_misc":{"\u00c9crit par":"Webdo","Dur\u00e9e de lecture estim\u00e9e":"1 minute"},"schema":{"@context":"https:\/\/schema.org","@graph":[{"@type":"NewsArticle","@id":"https:\/\/www.webdo.tn\/fr\/actualite\/national\/tunisie-crash-d-un-helicoptere-militaire-a-gafsa\/214863\/#article","isPartOf":{"@id":"https:\/\/www.webdo.tn\/fr\/actualite\/national\/tunisie-crash-d-un-helicoptere-militaire-a-gafsa\/214863\/"},"author":{"name":"Webdo","@id":"https:\/\/www.webdo.tn\/fr\/#\/schema\/person\/1f4e491e0907b413d61089e8eb573acc"},"headline":"Crash d&rsquo;un h\u00e9licopt\u00e8re militaire \u00e0 Gafsa : un pilote d\u00e9c\u00e9d\u00e9","datePublished":"2024-06-21T12:37:00+00:00","dateModified":"2025-05-21T09:10:31+00:00","mainEntityOfPage":{"@id":"https:\/\/www.webdo.tn\/fr\/actualite\/national\/tunisie-crash-d-un-helicoptere-militaire-a-gafsa\/214863\/"},"wordCount":192,"commentCount":0,"publisher":{"@id":"https:\/\/www.webdo.tn\/fr\/#organization"},"image":{"@id":"https:\/\/www.webdo.tn\/fr\/actualite\/national\/tunisie-crash-d-un-helicoptere-militaire-a-gafsa\/214863\/#primaryimage"},"thumbnailUrl":"https:\/\/www.webdo.tn\/fr\/wp-content\/uploads\/2024\/06\/7b53a9dd686a3fb2e35fe560a3b3a032.webp","keywords":["crash h\u00e9licopt\u00e8re","Gafsa","Militaire","Tunisie"],"articleSection":["National"],"inLanguage":"fr-FR"},{"@type":"WebPage","@id":"https:\/\/www.webdo.tn\/fr\/actualite\/national\/tunisie-crash-d-un-helicoptere-militaire-a-gafsa\/214863\/","url":"https:\/\/www.webdo.tn\/fr\/actualite\/national\/tunisie-crash-d-un-helicoptere-militaire-a-gafsa\/214863\/","name":"Crash d'un h\u00e9licopt\u00e8re militaire \u00e0 Gafsa : un pilote d\u00e9c\u00e9d\u00e9","isPartOf":{"@id":"https:\/\/www.webdo.tn\/fr\/#website"},"primaryImageOfPage":{"@id":"https:\/\/www.webdo.tn\/fr\/actualite\/national\/tunisie-crash-d-un-helicoptere-militaire-a-gafsa\/214863\/#primaryimage"},"image":{"@id":"https:\/\/www.webdo.tn\/fr\/actualite\/national\/tunisie-crash-d-un-helicoptere-militaire-a-gafsa\/214863\/#primaryimage"},"thumbnailUrl":"https:\/\/www.webdo.tn\/fr\/wp-content\/uploads\/2024\/06\/7b53a9dd686a3fb2e35fe560a3b3a032.webp","datePublished":"2024-06-21T12:37:00+00:00","dateModified":"2025-05-21T09:10:31+00:00","description":"Un h\u00e9licopt\u00e8re militaire tunisien s'est \u00e9cras\u00e9 ce vendredi 21 juin 2024 dans le gouvernorat de Gafsa. Selon un communiqu\u00e9 officiel du minist\u00e8re de la D\u00e9fense na...","breadcrumb":{"@id":"https:\/\/www.webdo.tn\/fr\/actualite\/national\/tunisie-crash-d-un-helicoptere-militaire-a-gafsa\/214863\/#breadcrumb"},"inLanguage":"fr-FR","potentialAction":[{"@type":"ReadAction","target":["https:\/\/www.webdo.tn\/fr\/actualite\/national\/tunisie-crash-d-un-helicoptere-militaire-a-gafsa\/214863\/"]}]},{"@type":"ImageObject","inLanguage":"fr-FR","@id":"https:\/\/www.webdo.tn\/fr\/actualite\/national\/tunisie-crash-d-un-helicoptere-militaire-a-gafsa\/214863\/#primaryimage","url":"https:\/\/www.webdo.tn\/fr\/wp-content\/uploads\/2024\/06\/7b53a9dd686a3fb2e35fe560a3b3a032.webp","contentUrl":"https:\/\/www.webdo.tn\/fr\/wp-content\/uploads\/2024\/06\/7b53a9dd686a3fb2e35fe560a3b3a032.webp","width":750,"height":400,"caption":"Crash d'un h\u00e9licopt\u00e8re militaire \u00e0 Gafsa : un pilote d\u00e9c\u00e9d\u00e9"},{"@type":"BreadcrumbList","@id":"https:\/\/www.webdo.tn\/fr\/actualite\/national\/tunisie-crash-d-un-helicoptere-militaire-a-gafsa\/214863\/#breadcrumb","itemListElement":[{"@type":"ListItem","position":1,"name":"Accueil","item":"https:\/\/www.webdo.tn\/fr\/"},{"@type":"ListItem","position":2,"name":"Crash d&#8217;un h\u00e9licopt\u00e8re militaire \u00e0 Gafsa : un pilote d\u00e9c\u00e9d\u00e9"}]},{"@type":"WebSite","@id":"https:\/\/www.webdo.tn\/fr\/#website","url":"https:\/\/www.webdo.tn\/fr\/","name":"webdo","description":"Tunisie - News en Tunisie et \u00e0 l&#039;international sur Webdo.tn","publisher":{"@id":"https:\/\/www.webdo.tn\/fr\/#organization"},"potentialAction":[{"@type":"SearchAction","target":{"@type":"EntryPoint","urlTemplate":"https:\/\/www.webdo.tn\/fr\/?s={search_term_string}"},"query-input":{"@type":"PropertyValueSpecification","valueRequired":true,"valueName":"search_term_string"}}],"inLanguage":"fr-FR"},{"@type":"Organization","@id":"https:\/\/www.webdo.tn\/fr\/#organization","name":"Webdo","alternateName":"Webdo.tn","url":"https:\/\/www.webdo.tn\/fr\/","logo":{"@type":"ImageObject","inLanguage":"fr-FR","@id":"https:\/\/www.webdo.tn\/fr\/#\/schema\/logo\/image\/","url":"https:\/\/www.webdo.tn\/fr\/wp-content\/uploads\/2025\/06\/Webdo-Tunisie_168377.jpg","contentUrl":"https:\/\/www.webdo.tn\/fr\/wp-content\/uploads\/2025\/06\/Webdo-Tunisie_168377.jpg","width":301,"height":301,"caption":"Webdo"},"image":{"@id":"https:\/\/www.webdo.tn\/fr\/#\/schema\/logo\/image\/"},"sameAs":["https:\/\/www.facebook.com\/webdotn","https:\/\/x.com\/webdo_tn"],"description":"Webdo est un m\u00e9dia num\u00e9rique tunisien fond\u00e9 en 2010, sp\u00e9cialis\u00e9 dans l\u2019actualit\u00e9 nationale et internationale, l\u2019\u00e9conomie, la soci\u00e9t\u00e9 et les analyses politiques. Le site s\u2019adresse \u00e0 un large public francophone et couvre l\u2019information tunisienne en temps r\u00e9el.","email":"redac@webdo.tn","legalName":"YNJ SARL","foundingDate":"2010-09-06","numberOfEmployees":{"@type":"QuantitativeValue","minValue":"11","maxValue":"50"}},{"@type":"Person","@id":"https:\/\/www.webdo.tn\/fr\/#\/schema\/person\/1f4e491e0907b413d61089e8eb573acc","name":"Webdo","image":{"@type":"ImageObject","inLanguage":"fr-FR","@id":"https:\/\/secure.gravatar.com\/avatar\/de97aeec1bb80978a9dbb127e47dfc88aaacb2f3c29aac907d8d3222e3495d49?s=96&d=mm&r=g","url":"https:\/\/secure.gravatar.com\/avatar\/de97aeec1bb80978a9dbb127e47dfc88aaacb2f3c29aac907d8d3222e3495d49?s=96&d=mm&r=g","contentUrl":"https:\/\/secure.gravatar.com\/avatar\/de97aeec1bb80978a9dbb127e47dfc88aaacb2f3c29aac907d8d3222e3495d49?s=96&d=mm&r=g","caption":"Webdo"},"url":"https:\/\/www.webdo.tn\/fr\/actualite\/author\/webdo\/"}]}},"_links":{"self":[{"href":"https:\/\/www.webdo.tn\/fr\/wp-json\/wp\/v2\/posts\/214863","targetHints":{"allow":["GET"]}}],"collection":[{"href":"https:\/\/www.webdo.tn\/fr\/wp-json\/wp\/v2\/posts"}],"about":[{"href":"https:\/\/www.webdo.tn\/fr\/wp-json\/wp\/v2\/types\/post"}],"author":[{"embeddable":true,"href":"https:\/\/www.webdo.tn\/fr\/wp-json\/wp\/v2\/users\/3169"}],"replies":[{"embeddable":true,"href":"https:\/\/www.webdo.tn\/fr\/wp-json\/wp\/v2\/comments?post=214863"}],"version-history":[{"count":0,"href":"https:\/\/www.webdo.tn\/fr\/wp-json\/wp\/v2\/posts\/214863\/revisions"}],"wp:featuredmedia":[{"embeddable":true,"href":"https:\/\/www.webdo.tn\/fr\/wp-json\/wp\/v2\/media\/247140"}],"wp:attachment":[{"href":"https:\/\/www.webdo.tn\/fr\/wp-json\/wp\/v2\/media?parent=214863"}],"wp:term":[{"taxonomy":"category","embeddable":true,"href":"https:\/\/www.webdo.tn\/fr\/wp-json\/wp\/v2\/categories?post=214863"},{"taxonomy":"post_tag","embeddable":true,"href":"https:\/\/www.webdo.tn\/fr\/wp-json\/wp\/v2\/tags?post=214863"}],"curies":[{"name":"wp","href":"https:\/\/api.w.org\/{rel}","templated":true}]}}