{"id":214862,"date":"2024-06-21T12:34:00","date_gmt":"2024-06-21T12:34:00","guid":{"rendered":"https:\/\/www.webdo.tn\/fr\/blog\/pelerins-tunisiens-morts-a-la-mecque-le-bilan-s-alourdit-a-49-morts\/214862\/"},"modified":"2025-05-20T21:50:17","modified_gmt":"2025-05-20T21:50:17","slug":"pelerins-tunisiens-morts-a-la-mecque-le-bilan-s-alourdit-a-49-morts","status":"publish","type":"post","link":"https:\/\/www.webdo.tn\/fr\/actualite\/national\/pelerins-tunisiens-morts-a-la-mecque-le-bilan-s-alourdit-a-49-morts\/214862\/","title":{"rendered":"P\u00e8lerins tunisiens morts \u00e0 la Mecque : Le bilan s\u2019alourdit \u00e0 49 morts"},"content":{"rendered":"<p>Le bilan des p\u00e8lerins tunisiens d\u00e9c\u00e9d\u00e9s \u00e0 La Mecque, au 21 juin 2024, s\u2019est alourdi \u00e0 49 morts dont 5 faisant partie de la d\u00e9l\u00e9gation officielle et 44 s\u2019\u00e9tant rendu au hajj avec un visa touristique.<\/p>\n<p>\t\t\t\t\t\t\t\t\tLe bilan des p\u00e8lerins tunisiens d\u00e9c\u00e9d\u00e9s \u00e0 La Mecque, s\u2019est alourdi \u00e0 49 morts au 21 juin 2024, dont 5 faisant partie de la d\u00e9l\u00e9gation officielle et 44 s\u2019\u00e9tant rendu au hajj avec un visa touristique, a confirm\u00e9 le ministre des Affaires religieuses Brahim Chebbi lors d\u2019une intervention, aujourd\u2019hui sur les ondes de la Radio Nationale.<\/p>\n<p>Plus d\u2019un millier de p\u00e8lerins sont morts cette ann\u00e9e, lors du Hajj \u00e0 La Mecque, principalement en raison de la chaleur avec des temp\u00e9ratures qui ont atteint pr\u00e8s de 52\u00b0C.<\/p>\n<p>Cette saison du Hajj co\u00efncide avec une hausse extr\u00eame des temp\u00e9ratures \u00e0 la Mecque et une pr\u00e9sence massive de p\u00e8lerins de diverses nationalit\u00e9s, arriv\u00e9s avec des visas touristiques, de visite ou d&rsquo;Omra.<\/p>\n","protected":false},"excerpt":{"rendered":"<p>Le bilan des p\u00e8lerins tunisiens d\u00e9c\u00e9d\u00e9s \u00e0 La Mecque, au 21 juin 2024, s\u2019est alourdi \u00e0 49 morts dont 5 faisant partie de la d\u00e9l\u00e9gation officielle et 44 s\u2019\u00e9tant r&#8230;<\/p>\n","protected":false},"author":3162,"featured_media":247139,"comment_status":"open","ping_status":"closed","sticky":false,"template":"","format":"standard","meta":{"footnotes":""},"categories":[44],"tags":[4030,3208,4031,3408,2608],"class_list":["post-214862","post","type-post","status-publish","format-standard","has-post-thumbnail","hentry","category-national","tag-hajj","tag-morts","tag-pelerinage","tag-pelerins","tag-tunisie"],"yoast_head":"<!-- This site is optimized with the Yoast SEO Premium plugin v27.5 (Yoast SEO v27.5) - https:\/\/yoast.com\/product\/yoast-seo-premium-wordpress\/ -->\n<title>P\u00e8lerins tunisiens morts \u00e0 la Mecque : Le bilan s\u2019alourdit \u00e0 49 morts<\/title>\n<meta name=\"description\" content=\"Le bilan des p\u00e8lerins tunisiens d\u00e9c\u00e9d\u00e9s \u00e0 La Mecque, au 21 juin 2024, s\u2019est alourdi \u00e0 49 morts dont 5 faisant partie de la d\u00e9l\u00e9gation officielle et 44 s\u2019\u00e9tant r...\" \/>\n<link rel=\"canonical\" href=\"https:\/\/www.webdo.tn\/fr\/actualite\/national\/pelerins-tunisiens-morts-a-la-mecque-le-bilan-s-alourdit-a-49-morts\/214862\/\" \/>\n<meta property=\"og:locale\" content=\"fr_FR\" \/>\n<meta property=\"og:type\" content=\"article\" \/>\n<meta property=\"og:title\" content=\"P\u00e8lerins tunisiens morts \u00e0 la Mecque : Le bilan s\u2019alourdit \u00e0 49 morts\" \/>\n<meta property=\"og:description\" content=\"Le bilan des p\u00e8lerins tunisiens d\u00e9c\u00e9d\u00e9s \u00e0 La Mecque, au 21 juin 2024, s\u2019est alourdi \u00e0 49 morts dont 5 faisant partie de la d\u00e9l\u00e9gation officielle et 44 s\u2019\u00e9tant r...\" \/>\n<meta property=\"og:url\" content=\"https:\/\/www.webdo.tn\/fr\/actualite\/national\/pelerins-tunisiens-morts-a-la-mecque-le-bilan-s-alourdit-a-49-morts\/214862\/\" \/>\n<meta property=\"og:site_name\" content=\"webdo\" \/>\n<meta property=\"article:publisher\" content=\"https:\/\/www.facebook.com\/webdotn\" \/>\n<meta property=\"article:published_time\" content=\"2024-06-21T12:34:00+00:00\" \/>\n<meta property=\"article:modified_time\" content=\"2025-05-20T21:50:17+00:00\" \/>\n<meta property=\"og:image\" content=\"https:\/\/www.webdo.tn\/fr\/wp-content\/uploads\/2024\/06\/6c9b6ab3b5438d4ee8ce729f9c6cf660.webp\" \/>\n\t<meta property=\"og:image:width\" content=\"750\" \/>\n\t<meta property=\"og:image:height\" content=\"400\" \/>\n\t<meta property=\"og:image:type\" content=\"image\/webp\" \/>\n<meta name=\"author\" content=\"MC\" \/>\n<meta name=\"twitter:card\" content=\"summary_large_image\" \/>\n<meta name=\"twitter:creator\" content=\"@webdo_tn\" \/>\n<meta name=\"twitter:site\" content=\"@webdo_tn\" \/>\n<meta name=\"twitter:label1\" content=\"\u00c9crit par\" \/>\n\t<meta name=\"twitter:data1\" content=\"MC\" \/>\n\t<meta name=\"twitter:label2\" content=\"Dur\u00e9e de lecture estim\u00e9e\" \/>\n\t<meta name=\"twitter:data2\" content=\"1 minute\" \/>\n<script type=\"application\/ld+json\" class=\"yoast-schema-graph\">{\"@context\":\"https:\\\/\\\/schema.org\",\"@graph\":[{\"@type\":\"NewsArticle\",\"@id\":\"https:\\\/\\\/www.webdo.tn\\\/fr\\\/actualite\\\/national\\\/pelerins-tunisiens-morts-a-la-mecque-le-bilan-s-alourdit-a-49-morts\\\/214862\\\/#article\",\"isPartOf\":{\"@id\":\"https:\\\/\\\/www.webdo.tn\\\/fr\\\/actualite\\\/national\\\/pelerins-tunisiens-morts-a-la-mecque-le-bilan-s-alourdit-a-49-morts\\\/214862\\\/\"},\"author\":{\"name\":\"MC\",\"@id\":\"https:\\\/\\\/www.webdo.tn\\\/fr\\\/#\\\/schema\\\/person\\\/2c4929cbf5a809e3bd38617c6ce150f6\"},\"headline\":\"P\u00e8lerins tunisiens morts \u00e0 la Mecque : Le bilan s\u2019alourdit \u00e0 49 morts\",\"datePublished\":\"2024-06-21T12:34:00+00:00\",\"dateModified\":\"2025-05-20T21:50:17+00:00\",\"mainEntityOfPage\":{\"@id\":\"https:\\\/\\\/www.webdo.tn\\\/fr\\\/actualite\\\/national\\\/pelerins-tunisiens-morts-a-la-mecque-le-bilan-s-alourdit-a-49-morts\\\/214862\\\/\"},\"wordCount\":180,\"commentCount\":0,\"publisher\":{\"@id\":\"https:\\\/\\\/www.webdo.tn\\\/fr\\\/#organization\"},\"image\":{\"@id\":\"https:\\\/\\\/www.webdo.tn\\\/fr\\\/actualite\\\/national\\\/pelerins-tunisiens-morts-a-la-mecque-le-bilan-s-alourdit-a-49-morts\\\/214862\\\/#primaryimage\"},\"thumbnailUrl\":\"https:\\\/\\\/www.webdo.tn\\\/fr\\\/wp-content\\\/uploads\\\/2024\\\/06\\\/6c9b6ab3b5438d4ee8ce729f9c6cf660.webp\",\"keywords\":[\"Hajj\",\"morts\",\"p\u00e8lerinage\",\"p\u00e8lerins\",\"Tunisie\"],\"articleSection\":[\"National\"],\"inLanguage\":\"fr-FR\"},{\"@type\":\"WebPage\",\"@id\":\"https:\\\/\\\/www.webdo.tn\\\/fr\\\/actualite\\\/national\\\/pelerins-tunisiens-morts-a-la-mecque-le-bilan-s-alourdit-a-49-morts\\\/214862\\\/\",\"url\":\"https:\\\/\\\/www.webdo.tn\\\/fr\\\/actualite\\\/national\\\/pelerins-tunisiens-morts-a-la-mecque-le-bilan-s-alourdit-a-49-morts\\\/214862\\\/\",\"name\":\"P\u00e8lerins tunisiens morts \u00e0 la Mecque : Le bilan s\u2019alourdit \u00e0 49 morts\",\"isPartOf\":{\"@id\":\"https:\\\/\\\/www.webdo.tn\\\/fr\\\/#website\"},\"primaryImageOfPage\":{\"@id\":\"https:\\\/\\\/www.webdo.tn\\\/fr\\\/actualite\\\/national\\\/pelerins-tunisiens-morts-a-la-mecque-le-bilan-s-alourdit-a-49-morts\\\/214862\\\/#primaryimage\"},\"image\":{\"@id\":\"https:\\\/\\\/www.webdo.tn\\\/fr\\\/actualite\\\/national\\\/pelerins-tunisiens-morts-a-la-mecque-le-bilan-s-alourdit-a-49-morts\\\/214862\\\/#primaryimage\"},\"thumbnailUrl\":\"https:\\\/\\\/www.webdo.tn\\\/fr\\\/wp-content\\\/uploads\\\/2024\\\/06\\\/6c9b6ab3b5438d4ee8ce729f9c6cf660.webp\",\"datePublished\":\"2024-06-21T12:34:00+00:00\",\"dateModified\":\"2025-05-20T21:50:17+00:00\",\"description\":\"Le bilan des p\u00e8lerins tunisiens d\u00e9c\u00e9d\u00e9s \u00e0 La Mecque, au 21 juin 2024, s\u2019est alourdi \u00e0 49 morts dont 5 faisant partie de la d\u00e9l\u00e9gation officielle et 44 s\u2019\u00e9tant r...\",\"breadcrumb\":{\"@id\":\"https:\\\/\\\/www.webdo.tn\\\/fr\\\/actualite\\\/national\\\/pelerins-tunisiens-morts-a-la-mecque-le-bilan-s-alourdit-a-49-morts\\\/214862\\\/#breadcrumb\"},\"inLanguage\":\"fr-FR\",\"potentialAction\":[{\"@type\":\"ReadAction\",\"target\":[\"https:\\\/\\\/www.webdo.tn\\\/fr\\\/actualite\\\/national\\\/pelerins-tunisiens-morts-a-la-mecque-le-bilan-s-alourdit-a-49-morts\\\/214862\\\/\"]}]},{\"@type\":\"ImageObject\",\"inLanguage\":\"fr-FR\",\"@id\":\"https:\\\/\\\/www.webdo.tn\\\/fr\\\/actualite\\\/national\\\/pelerins-tunisiens-morts-a-la-mecque-le-bilan-s-alourdit-a-49-morts\\\/214862\\\/#primaryimage\",\"url\":\"https:\\\/\\\/www.webdo.tn\\\/fr\\\/wp-content\\\/uploads\\\/2024\\\/06\\\/6c9b6ab3b5438d4ee8ce729f9c6cf660.webp\",\"contentUrl\":\"https:\\\/\\\/www.webdo.tn\\\/fr\\\/wp-content\\\/uploads\\\/2024\\\/06\\\/6c9b6ab3b5438d4ee8ce729f9c6cf660.webp\",\"width\":750,\"height\":400,\"caption\":\"P\u00e8lerins tunisiens morts \u00e0 la Mecque : Le bilan s\u2019alourdit \u00e0 49 morts\"},{\"@type\":\"BreadcrumbList\",\"@id\":\"https:\\\/\\\/www.webdo.tn\\\/fr\\\/actualite\\\/national\\\/pelerins-tunisiens-morts-a-la-mecque-le-bilan-s-alourdit-a-49-morts\\\/214862\\\/#breadcrumb\",\"itemListElement\":[{\"@type\":\"ListItem\",\"position\":1,\"name\":\"Accueil\",\"item\":\"https:\\\/\\\/www.webdo.tn\\\/fr\\\/\"},{\"@type\":\"ListItem\",\"position\":2,\"name\":\"P\u00e8lerins tunisiens morts \u00e0 la Mecque : Le bilan s\u2019alourdit \u00e0 49 morts\"}]},{\"@type\":\"WebSite\",\"@id\":\"https:\\\/\\\/www.webdo.tn\\\/fr\\\/#website\",\"url\":\"https:\\\/\\\/www.webdo.tn\\\/fr\\\/\",\"name\":\"webdo\",\"description\":\"Tunisie - News en Tunisie et \u00e0 l&#039;international sur Webdo.tn\",\"publisher\":{\"@id\":\"https:\\\/\\\/www.webdo.tn\\\/fr\\\/#organization\"},\"potentialAction\":[{\"@type\":\"SearchAction\",\"target\":{\"@type\":\"EntryPoint\",\"urlTemplate\":\"https:\\\/\\\/www.webdo.tn\\\/fr\\\/?s={search_term_string}\"},\"query-input\":{\"@type\":\"PropertyValueSpecification\",\"valueRequired\":true,\"valueName\":\"search_term_string\"}}],\"inLanguage\":\"fr-FR\"},{\"@type\":\"Organization\",\"@id\":\"https:\\\/\\\/www.webdo.tn\\\/fr\\\/#organization\",\"name\":\"Webdo\",\"alternateName\":\"Webdo.tn\",\"url\":\"https:\\\/\\\/www.webdo.tn\\\/fr\\\/\",\"logo\":{\"@type\":\"ImageObject\",\"inLanguage\":\"fr-FR\",\"@id\":\"https:\\\/\\\/www.webdo.tn\\\/fr\\\/#\\\/schema\\\/logo\\\/image\\\/\",\"url\":\"https:\\\/\\\/www.webdo.tn\\\/fr\\\/wp-content\\\/uploads\\\/2025\\\/06\\\/Webdo-Tunisie_168377.jpg\",\"contentUrl\":\"https:\\\/\\\/www.webdo.tn\\\/fr\\\/wp-content\\\/uploads\\\/2025\\\/06\\\/Webdo-Tunisie_168377.jpg\",\"width\":301,\"height\":301,\"caption\":\"Webdo\"},\"image\":{\"@id\":\"https:\\\/\\\/www.webdo.tn\\\/fr\\\/#\\\/schema\\\/logo\\\/image\\\/\"},\"sameAs\":[\"https:\\\/\\\/www.facebook.com\\\/webdotn\",\"https:\\\/\\\/x.com\\\/webdo_tn\"],\"description\":\"Webdo est un m\u00e9dia num\u00e9rique tunisien fond\u00e9 en 2010, sp\u00e9cialis\u00e9 dans l\u2019actualit\u00e9 nationale et internationale, l\u2019\u00e9conomie, la soci\u00e9t\u00e9 et les analyses politiques. Le site s\u2019adresse \u00e0 un large public francophone et couvre l\u2019information tunisienne en temps r\u00e9el.\",\"email\":\"redac@webdo.tn\",\"legalName\":\"YNJ SARL\",\"foundingDate\":\"2010-09-06\",\"numberOfEmployees\":{\"@type\":\"QuantitativeValue\",\"minValue\":\"11\",\"maxValue\":\"50\"}},{\"@type\":\"Person\",\"@id\":\"https:\\\/\\\/www.webdo.tn\\\/fr\\\/#\\\/schema\\\/person\\\/2c4929cbf5a809e3bd38617c6ce150f6\",\"name\":\"MC\",\"image\":{\"@type\":\"ImageObject\",\"inLanguage\":\"fr-FR\",\"@id\":\"https:\\\/\\\/secure.gravatar.com\\\/avatar\\\/a545bbb6f84efdd5553dbbc2895e3ca8f1d12c5215e00a041c9670b54aa9b18a?s=96&d=mm&r=g\",\"url\":\"https:\\\/\\\/secure.gravatar.com\\\/avatar\\\/a545bbb6f84efdd5553dbbc2895e3ca8f1d12c5215e00a041c9670b54aa9b18a?s=96&d=mm&r=g\",\"contentUrl\":\"https:\\\/\\\/secure.gravatar.com\\\/avatar\\\/a545bbb6f84efdd5553dbbc2895e3ca8f1d12c5215e00a041c9670b54aa9b18a?s=96&d=mm&r=g\",\"caption\":\"MC\"},\"url\":\"https:\\\/\\\/www.webdo.tn\\\/fr\\\/actualite\\\/author\\\/mc\\\/\"}]}<\/script>\n<!-- \/ Yoast SEO Premium plugin. -->","yoast_head_json":{"title":"P\u00e8lerins tunisiens morts \u00e0 la Mecque : Le bilan s\u2019alourdit \u00e0 49 morts","description":"Le bilan des p\u00e8lerins tunisiens d\u00e9c\u00e9d\u00e9s \u00e0 La Mecque, au 21 juin 2024, s\u2019est alourdi \u00e0 49 morts dont 5 faisant partie de la d\u00e9l\u00e9gation officielle et 44 s\u2019\u00e9tant r...","canonical":"https:\/\/www.webdo.tn\/fr\/actualite\/national\/pelerins-tunisiens-morts-a-la-mecque-le-bilan-s-alourdit-a-49-morts\/214862\/","og_locale":"fr_FR","og_type":"article","og_title":"P\u00e8lerins tunisiens morts \u00e0 la Mecque : Le bilan s\u2019alourdit \u00e0 49 morts","og_description":"Le bilan des p\u00e8lerins tunisiens d\u00e9c\u00e9d\u00e9s \u00e0 La Mecque, au 21 juin 2024, s\u2019est alourdi \u00e0 49 morts dont 5 faisant partie de la d\u00e9l\u00e9gation officielle et 44 s\u2019\u00e9tant r...","og_url":"https:\/\/www.webdo.tn\/fr\/actualite\/national\/pelerins-tunisiens-morts-a-la-mecque-le-bilan-s-alourdit-a-49-morts\/214862\/","og_site_name":"webdo","article_publisher":"https:\/\/www.facebook.com\/webdotn","article_published_time":"2024-06-21T12:34:00+00:00","article_modified_time":"2025-05-20T21:50:17+00:00","og_image":[{"width":750,"height":400,"url":"https:\/\/www.webdo.tn\/fr\/wp-content\/uploads\/2024\/06\/6c9b6ab3b5438d4ee8ce729f9c6cf660.webp","type":"image\/webp"}],"author":"MC","twitter_card":"summary_large_image","twitter_creator":"@webdo_tn","twitter_site":"@webdo_tn","twitter_misc":{"\u00c9crit par":"MC","Dur\u00e9e de lecture estim\u00e9e":"1 minute"},"schema":{"@context":"https:\/\/schema.org","@graph":[{"@type":"NewsArticle","@id":"https:\/\/www.webdo.tn\/fr\/actualite\/national\/pelerins-tunisiens-morts-a-la-mecque-le-bilan-s-alourdit-a-49-morts\/214862\/#article","isPartOf":{"@id":"https:\/\/www.webdo.tn\/fr\/actualite\/national\/pelerins-tunisiens-morts-a-la-mecque-le-bilan-s-alourdit-a-49-morts\/214862\/"},"author":{"name":"MC","@id":"https:\/\/www.webdo.tn\/fr\/#\/schema\/person\/2c4929cbf5a809e3bd38617c6ce150f6"},"headline":"P\u00e8lerins tunisiens morts \u00e0 la Mecque : Le bilan s\u2019alourdit \u00e0 49 morts","datePublished":"2024-06-21T12:34:00+00:00","dateModified":"2025-05-20T21:50:17+00:00","mainEntityOfPage":{"@id":"https:\/\/www.webdo.tn\/fr\/actualite\/national\/pelerins-tunisiens-morts-a-la-mecque-le-bilan-s-alourdit-a-49-morts\/214862\/"},"wordCount":180,"commentCount":0,"publisher":{"@id":"https:\/\/www.webdo.tn\/fr\/#organization"},"image":{"@id":"https:\/\/www.webdo.tn\/fr\/actualite\/national\/pelerins-tunisiens-morts-a-la-mecque-le-bilan-s-alourdit-a-49-morts\/214862\/#primaryimage"},"thumbnailUrl":"https:\/\/www.webdo.tn\/fr\/wp-content\/uploads\/2024\/06\/6c9b6ab3b5438d4ee8ce729f9c6cf660.webp","keywords":["Hajj","morts","p\u00e8lerinage","p\u00e8lerins","Tunisie"],"articleSection":["National"],"inLanguage":"fr-FR"},{"@type":"WebPage","@id":"https:\/\/www.webdo.tn\/fr\/actualite\/national\/pelerins-tunisiens-morts-a-la-mecque-le-bilan-s-alourdit-a-49-morts\/214862\/","url":"https:\/\/www.webdo.tn\/fr\/actualite\/national\/pelerins-tunisiens-morts-a-la-mecque-le-bilan-s-alourdit-a-49-morts\/214862\/","name":"P\u00e8lerins tunisiens morts \u00e0 la Mecque : Le bilan s\u2019alourdit \u00e0 49 morts","isPartOf":{"@id":"https:\/\/www.webdo.tn\/fr\/#website"},"primaryImageOfPage":{"@id":"https:\/\/www.webdo.tn\/fr\/actualite\/national\/pelerins-tunisiens-morts-a-la-mecque-le-bilan-s-alourdit-a-49-morts\/214862\/#primaryimage"},"image":{"@id":"https:\/\/www.webdo.tn\/fr\/actualite\/national\/pelerins-tunisiens-morts-a-la-mecque-le-bilan-s-alourdit-a-49-morts\/214862\/#primaryimage"},"thumbnailUrl":"https:\/\/www.webdo.tn\/fr\/wp-content\/uploads\/2024\/06\/6c9b6ab3b5438d4ee8ce729f9c6cf660.webp","datePublished":"2024-06-21T12:34:00+00:00","dateModified":"2025-05-20T21:50:17+00:00","description":"Le bilan des p\u00e8lerins tunisiens d\u00e9c\u00e9d\u00e9s \u00e0 La Mecque, au 21 juin 2024, s\u2019est alourdi \u00e0 49 morts dont 5 faisant partie de la d\u00e9l\u00e9gation officielle et 44 s\u2019\u00e9tant r...","breadcrumb":{"@id":"https:\/\/www.webdo.tn\/fr\/actualite\/national\/pelerins-tunisiens-morts-a-la-mecque-le-bilan-s-alourdit-a-49-morts\/214862\/#breadcrumb"},"inLanguage":"fr-FR","potentialAction":[{"@type":"ReadAction","target":["https:\/\/www.webdo.tn\/fr\/actualite\/national\/pelerins-tunisiens-morts-a-la-mecque-le-bilan-s-alourdit-a-49-morts\/214862\/"]}]},{"@type":"ImageObject","inLanguage":"fr-FR","@id":"https:\/\/www.webdo.tn\/fr\/actualite\/national\/pelerins-tunisiens-morts-a-la-mecque-le-bilan-s-alourdit-a-49-morts\/214862\/#primaryimage","url":"https:\/\/www.webdo.tn\/fr\/wp-content\/uploads\/2024\/06\/6c9b6ab3b5438d4ee8ce729f9c6cf660.webp","contentUrl":"https:\/\/www.webdo.tn\/fr\/wp-content\/uploads\/2024\/06\/6c9b6ab3b5438d4ee8ce729f9c6cf660.webp","width":750,"height":400,"caption":"P\u00e8lerins tunisiens morts \u00e0 la Mecque : Le bilan s\u2019alourdit \u00e0 49 morts"},{"@type":"BreadcrumbList","@id":"https:\/\/www.webdo.tn\/fr\/actualite\/national\/pelerins-tunisiens-morts-a-la-mecque-le-bilan-s-alourdit-a-49-morts\/214862\/#breadcrumb","itemListElement":[{"@type":"ListItem","position":1,"name":"Accueil","item":"https:\/\/www.webdo.tn\/fr\/"},{"@type":"ListItem","position":2,"name":"P\u00e8lerins tunisiens morts \u00e0 la Mecque : Le bilan s\u2019alourdit \u00e0 49 morts"}]},{"@type":"WebSite","@id":"https:\/\/www.webdo.tn\/fr\/#website","url":"https:\/\/www.webdo.tn\/fr\/","name":"webdo","description":"Tunisie - News en Tunisie et \u00e0 l&#039;international sur Webdo.tn","publisher":{"@id":"https:\/\/www.webdo.tn\/fr\/#organization"},"potentialAction":[{"@type":"SearchAction","target":{"@type":"EntryPoint","urlTemplate":"https:\/\/www.webdo.tn\/fr\/?s={search_term_string}"},"query-input":{"@type":"PropertyValueSpecification","valueRequired":true,"valueName":"search_term_string"}}],"inLanguage":"fr-FR"},{"@type":"Organization","@id":"https:\/\/www.webdo.tn\/fr\/#organization","name":"Webdo","alternateName":"Webdo.tn","url":"https:\/\/www.webdo.tn\/fr\/","logo":{"@type":"ImageObject","inLanguage":"fr-FR","@id":"https:\/\/www.webdo.tn\/fr\/#\/schema\/logo\/image\/","url":"https:\/\/www.webdo.tn\/fr\/wp-content\/uploads\/2025\/06\/Webdo-Tunisie_168377.jpg","contentUrl":"https:\/\/www.webdo.tn\/fr\/wp-content\/uploads\/2025\/06\/Webdo-Tunisie_168377.jpg","width":301,"height":301,"caption":"Webdo"},"image":{"@id":"https:\/\/www.webdo.tn\/fr\/#\/schema\/logo\/image\/"},"sameAs":["https:\/\/www.facebook.com\/webdotn","https:\/\/x.com\/webdo_tn"],"description":"Webdo est un m\u00e9dia num\u00e9rique tunisien fond\u00e9 en 2010, sp\u00e9cialis\u00e9 dans l\u2019actualit\u00e9 nationale et internationale, l\u2019\u00e9conomie, la soci\u00e9t\u00e9 et les analyses politiques. Le site s\u2019adresse \u00e0 un large public francophone et couvre l\u2019information tunisienne en temps r\u00e9el.","email":"redac@webdo.tn","legalName":"YNJ SARL","foundingDate":"2010-09-06","numberOfEmployees":{"@type":"QuantitativeValue","minValue":"11","maxValue":"50"}},{"@type":"Person","@id":"https:\/\/www.webdo.tn\/fr\/#\/schema\/person\/2c4929cbf5a809e3bd38617c6ce150f6","name":"MC","image":{"@type":"ImageObject","inLanguage":"fr-FR","@id":"https:\/\/secure.gravatar.com\/avatar\/a545bbb6f84efdd5553dbbc2895e3ca8f1d12c5215e00a041c9670b54aa9b18a?s=96&d=mm&r=g","url":"https:\/\/secure.gravatar.com\/avatar\/a545bbb6f84efdd5553dbbc2895e3ca8f1d12c5215e00a041c9670b54aa9b18a?s=96&d=mm&r=g","contentUrl":"https:\/\/secure.gravatar.com\/avatar\/a545bbb6f84efdd5553dbbc2895e3ca8f1d12c5215e00a041c9670b54aa9b18a?s=96&d=mm&r=g","caption":"MC"},"url":"https:\/\/www.webdo.tn\/fr\/actualite\/author\/mc\/"}]}},"_links":{"self":[{"href":"https:\/\/www.webdo.tn\/fr\/wp-json\/wp\/v2\/posts\/214862","targetHints":{"allow":["GET"]}}],"collection":[{"href":"https:\/\/www.webdo.tn\/fr\/wp-json\/wp\/v2\/posts"}],"about":[{"href":"https:\/\/www.webdo.tn\/fr\/wp-json\/wp\/v2\/types\/post"}],"author":[{"embeddable":true,"href":"https:\/\/www.webdo.tn\/fr\/wp-json\/wp\/v2\/users\/3162"}],"replies":[{"embeddable":true,"href":"https:\/\/www.webdo.tn\/fr\/wp-json\/wp\/v2\/comments?post=214862"}],"version-history":[{"count":0,"href":"https:\/\/www.webdo.tn\/fr\/wp-json\/wp\/v2\/posts\/214862\/revisions"}],"wp:featuredmedia":[{"embeddable":true,"href":"https:\/\/www.webdo.tn\/fr\/wp-json\/wp\/v2\/media\/247139"}],"wp:attachment":[{"href":"https:\/\/www.webdo.tn\/fr\/wp-json\/wp\/v2\/media?parent=214862"}],"wp:term":[{"taxonomy":"category","embeddable":true,"href":"https:\/\/www.webdo.tn\/fr\/wp-json\/wp\/v2\/categories?post=214862"},{"taxonomy":"post_tag","embeddable":true,"href":"https:\/\/www.webdo.tn\/fr\/wp-json\/wp\/v2\/tags?post=214862"}],"curies":[{"name":"wp","href":"https:\/\/api.w.org\/{rel}","templated":true}]}}