{"id":214843,"date":"2024-06-20T12:16:00","date_gmt":"2024-06-20T12:16:00","guid":{"rendered":"https:\/\/www.webdo.tn\/fr\/blog\/le-bilan-s-alourdit-deces-de-1081-pelerins-a-la-mecque\/214843\/"},"modified":"2025-05-20T22:36:17","modified_gmt":"2025-05-20T22:36:17","slug":"le-bilan-s-alourdit-deces-de-1081-pelerins-a-la-mecque","status":"publish","type":"post","link":"https:\/\/www.webdo.tn\/fr\/actualite\/international\/le-bilan-s-alourdit-deces-de-1081-pelerins-a-la-mecque\/214843\/","title":{"rendered":"Le bilan s\u2019alourdit : D\u00e9c\u00e8s de 1081 p\u00e8lerins \u00e0 La Mecque"},"content":{"rendered":"<p>Plus d\u2019un millier de p\u00e8lerins sont morts cette ann\u00e9e, lors du Hajj \u00e0 La Mecque, principalement en raison de la chaleur avec des temp\u00e9ratures qui ont atteint pr\u00e8s de 52\u00b0C.<\/p>\n<p>\t\t\t\t\t\t\t\t\tLe nombre de d\u00e9c\u00e8s parmi les p\u00e8lerins du Hajj a atteint 1081, selon un d\u00e9compte \u00e9tabli par l&rsquo;AFP aupr\u00e8s des autorit\u00e9s des pays concern\u00e9s et de diplomates ; Un bilan qui s\u2019est alourdi apr\u00e8s avoir \u00e9t\u00e9 \u00e9tabli \u00e0 577 d\u00e9c\u00e8s.<\/p>\n<p>Ce nouveau bilan \u00e9tabli par l\u2019AFP fait \u00e9tat de 58 d\u00e9c\u00e8s suppl\u00e9mentaires enregistr\u00e9s parmi les p\u00e8lerins \u00e9gyptiens, ce qui porte \u00e0 au moins 658 le nombre d&rsquo;Egyptiens d\u00e9c\u00e9d\u00e9s la plupart succombant \u00e0 des malaises li\u00e9s \u00e0 la chaleur, et dont 630 n&rsquo;avaient pas de permis de p\u00e8lerinage comme l\u2019a not\u00e9 un diplomate \u00e0 l\u2019AFP sous couvert de l\u2019anonymat.<\/p>\n<p>D&rsquo;apr\u00e8s les chiffres fournis par une dizaine de pays par le biais de d\u00e9clarations officielles ou de diplomates participant \u00e0 la recherche des victimes, le nombre de d\u00e9c\u00e8s comprend \u00e9galement 183 Indon\u00e9siens, 68 Indiens, 60 Jordaniens, 35 Tunisiens, 13 personnes originaires du Kurdistan irakien, 11 Iraniens, 3 S\u00e9n\u00e9galais, 35 Pakistanais, 14 Malaisiens et un Soudanais.<\/p>\n<p>L&rsquo;an dernier, au moins 240 p\u00e8lerins, pour la plupart indon\u00e9siens, sont d\u00e9c\u00e9d\u00e9s durant le p\u00e8lerinage. Le Hajj attire entre 2 et 3 millions de fid\u00e8les chaque ann\u00e9e \u00e0 La Mecque, dont 1,6 million de l&rsquo;\u00e9tranger.<\/p>\n<p>Un nombre important de dizaines de milliers de p\u00e8lerins non enregistr\u00e9s, aurait aggrav\u00e9 la situation, notamment dans les camps \u00e9gyptiens satur\u00e9s et priv\u00e9s d&rsquo;eau, de nourriture et de climatisation.<\/p>\n","protected":false},"excerpt":{"rendered":"<p>Le nombre de d\u00e9c\u00e8s parmi les p\u00e8lerins du Hajj a atteint 1081, selon un d\u00e9compte \u00e9tabli par l&rsquo;AFP aupr\u00e8s des autorit\u00e9s des pays concern\u00e9s et de diplomates ; Un b&#8230;<\/p>\n","protected":false},"author":3175,"featured_media":247160,"comment_status":"open","ping_status":"closed","sticky":false,"template":"","format":"standard","meta":{"footnotes":""},"categories":[2598],"tags":[3319,2830,4030,6284,4031,3408],"class_list":["post-214843","post","type-post","status-publish","format-standard","has-post-thumbnail","hentry","category-international","tag-chaleur","tag-deces","tag-hajj","tag-la-mecque","tag-pelerinage","tag-pelerins"],"yoast_head":"<!-- This site is optimized with the Yoast SEO Premium plugin v27.5 (Yoast SEO v27.5) - https:\/\/yoast.com\/product\/yoast-seo-premium-wordpress\/ -->\n<title>Le bilan s\u2019alourdit : D\u00e9c\u00e8s de 1081 p\u00e8lerins \u00e0 La Mecque<\/title>\n<meta name=\"description\" content=\"Le nombre de d\u00e9c\u00e8s parmi les p\u00e8lerins du Hajj a atteint 1081, selon un d\u00e9compte \u00e9tabli par l&#039;AFP aupr\u00e8s des autorit\u00e9s des pays concern\u00e9s et de diplomates ; Un b...\" \/>\n<link rel=\"canonical\" href=\"https:\/\/www.webdo.tn\/fr\/actualite\/international\/le-bilan-s-alourdit-deces-de-1081-pelerins-a-la-mecque\/214843\/\" \/>\n<meta property=\"og:locale\" content=\"fr_FR\" \/>\n<meta property=\"og:type\" content=\"article\" \/>\n<meta property=\"og:title\" content=\"Le bilan s\u2019alourdit : D\u00e9c\u00e8s de 1081 p\u00e8lerins \u00e0 La Mecque\" \/>\n<meta property=\"og:description\" content=\"Le nombre de d\u00e9c\u00e8s parmi les p\u00e8lerins du Hajj a atteint 1081, selon un d\u00e9compte \u00e9tabli par l&#039;AFP aupr\u00e8s des autorit\u00e9s des pays concern\u00e9s et de diplomates ; Un b...\" \/>\n<meta property=\"og:url\" content=\"https:\/\/www.webdo.tn\/fr\/actualite\/international\/le-bilan-s-alourdit-deces-de-1081-pelerins-a-la-mecque\/214843\/\" \/>\n<meta property=\"og:site_name\" content=\"webdo\" \/>\n<meta property=\"article:publisher\" content=\"https:\/\/www.facebook.com\/webdotn\" \/>\n<meta property=\"article:published_time\" content=\"2024-06-20T12:16:00+00:00\" \/>\n<meta property=\"article:modified_time\" content=\"2025-05-20T22:36:17+00:00\" \/>\n<meta property=\"og:image\" content=\"https:\/\/www.webdo.tn\/fr\/wp-content\/uploads\/2024\/06\/6fa48e5cc6758dae070f21e041a80192.webp\" \/>\n\t<meta property=\"og:image:width\" content=\"750\" \/>\n\t<meta property=\"og:image:height\" content=\"400\" \/>\n\t<meta property=\"og:image:type\" content=\"image\/webp\" \/>\n<meta name=\"author\" content=\"CL\" \/>\n<meta name=\"twitter:card\" content=\"summary_large_image\" \/>\n<meta name=\"twitter:creator\" content=\"@webdo_tn\" \/>\n<meta name=\"twitter:site\" content=\"@webdo_tn\" \/>\n<meta name=\"twitter:label1\" content=\"\u00c9crit par\" \/>\n\t<meta name=\"twitter:data1\" content=\"CL\" \/>\n\t<meta name=\"twitter:label2\" content=\"Dur\u00e9e de lecture estim\u00e9e\" \/>\n\t<meta name=\"twitter:data2\" content=\"1 minute\" \/>\n<script type=\"application\/ld+json\" class=\"yoast-schema-graph\">{\"@context\":\"https:\\\/\\\/schema.org\",\"@graph\":[{\"@type\":\"NewsArticle\",\"@id\":\"https:\\\/\\\/www.webdo.tn\\\/fr\\\/actualite\\\/international\\\/le-bilan-s-alourdit-deces-de-1081-pelerins-a-la-mecque\\\/214843\\\/#article\",\"isPartOf\":{\"@id\":\"https:\\\/\\\/www.webdo.tn\\\/fr\\\/actualite\\\/international\\\/le-bilan-s-alourdit-deces-de-1081-pelerins-a-la-mecque\\\/214843\\\/\"},\"author\":{\"name\":\"CL\",\"@id\":\"https:\\\/\\\/www.webdo.tn\\\/fr\\\/#\\\/schema\\\/person\\\/f35b42a42c5e2511bbd282959d6385cc\"},\"headline\":\"Le bilan s\u2019alourdit : D\u00e9c\u00e8s de 1081 p\u00e8lerins \u00e0 La Mecque\",\"datePublished\":\"2024-06-20T12:16:00+00:00\",\"dateModified\":\"2025-05-20T22:36:17+00:00\",\"mainEntityOfPage\":{\"@id\":\"https:\\\/\\\/www.webdo.tn\\\/fr\\\/actualite\\\/international\\\/le-bilan-s-alourdit-deces-de-1081-pelerins-a-la-mecque\\\/214843\\\/\"},\"wordCount\":288,\"commentCount\":0,\"publisher\":{\"@id\":\"https:\\\/\\\/www.webdo.tn\\\/fr\\\/#organization\"},\"image\":{\"@id\":\"https:\\\/\\\/www.webdo.tn\\\/fr\\\/actualite\\\/international\\\/le-bilan-s-alourdit-deces-de-1081-pelerins-a-la-mecque\\\/214843\\\/#primaryimage\"},\"thumbnailUrl\":\"https:\\\/\\\/www.webdo.tn\\\/fr\\\/wp-content\\\/uploads\\\/2024\\\/06\\\/6fa48e5cc6758dae070f21e041a80192.webp\",\"keywords\":[\"chaleur\",\"D\u00e9c\u00e8s\",\"Hajj\",\"la mecque\",\"p\u00e8lerinage\",\"p\u00e8lerins\"],\"articleSection\":[\"International\"],\"inLanguage\":\"fr-FR\"},{\"@type\":\"WebPage\",\"@id\":\"https:\\\/\\\/www.webdo.tn\\\/fr\\\/actualite\\\/international\\\/le-bilan-s-alourdit-deces-de-1081-pelerins-a-la-mecque\\\/214843\\\/\",\"url\":\"https:\\\/\\\/www.webdo.tn\\\/fr\\\/actualite\\\/international\\\/le-bilan-s-alourdit-deces-de-1081-pelerins-a-la-mecque\\\/214843\\\/\",\"name\":\"Le bilan s\u2019alourdit : D\u00e9c\u00e8s de 1081 p\u00e8lerins \u00e0 La Mecque\",\"isPartOf\":{\"@id\":\"https:\\\/\\\/www.webdo.tn\\\/fr\\\/#website\"},\"primaryImageOfPage\":{\"@id\":\"https:\\\/\\\/www.webdo.tn\\\/fr\\\/actualite\\\/international\\\/le-bilan-s-alourdit-deces-de-1081-pelerins-a-la-mecque\\\/214843\\\/#primaryimage\"},\"image\":{\"@id\":\"https:\\\/\\\/www.webdo.tn\\\/fr\\\/actualite\\\/international\\\/le-bilan-s-alourdit-deces-de-1081-pelerins-a-la-mecque\\\/214843\\\/#primaryimage\"},\"thumbnailUrl\":\"https:\\\/\\\/www.webdo.tn\\\/fr\\\/wp-content\\\/uploads\\\/2024\\\/06\\\/6fa48e5cc6758dae070f21e041a80192.webp\",\"datePublished\":\"2024-06-20T12:16:00+00:00\",\"dateModified\":\"2025-05-20T22:36:17+00:00\",\"description\":\"Le nombre de d\u00e9c\u00e8s parmi les p\u00e8lerins du Hajj a atteint 1081, selon un d\u00e9compte \u00e9tabli par l'AFP aupr\u00e8s des autorit\u00e9s des pays concern\u00e9s et de diplomates ; Un b...\",\"breadcrumb\":{\"@id\":\"https:\\\/\\\/www.webdo.tn\\\/fr\\\/actualite\\\/international\\\/le-bilan-s-alourdit-deces-de-1081-pelerins-a-la-mecque\\\/214843\\\/#breadcrumb\"},\"inLanguage\":\"fr-FR\",\"potentialAction\":[{\"@type\":\"ReadAction\",\"target\":[\"https:\\\/\\\/www.webdo.tn\\\/fr\\\/actualite\\\/international\\\/le-bilan-s-alourdit-deces-de-1081-pelerins-a-la-mecque\\\/214843\\\/\"]}]},{\"@type\":\"ImageObject\",\"inLanguage\":\"fr-FR\",\"@id\":\"https:\\\/\\\/www.webdo.tn\\\/fr\\\/actualite\\\/international\\\/le-bilan-s-alourdit-deces-de-1081-pelerins-a-la-mecque\\\/214843\\\/#primaryimage\",\"url\":\"https:\\\/\\\/www.webdo.tn\\\/fr\\\/wp-content\\\/uploads\\\/2024\\\/06\\\/6fa48e5cc6758dae070f21e041a80192.webp\",\"contentUrl\":\"https:\\\/\\\/www.webdo.tn\\\/fr\\\/wp-content\\\/uploads\\\/2024\\\/06\\\/6fa48e5cc6758dae070f21e041a80192.webp\",\"width\":750,\"height\":400,\"caption\":\"Le bilan s\u2019alourdit : D\u00e9c\u00e8s de 1081 p\u00e8lerins \u00e0 La Mecque\"},{\"@type\":\"BreadcrumbList\",\"@id\":\"https:\\\/\\\/www.webdo.tn\\\/fr\\\/actualite\\\/international\\\/le-bilan-s-alourdit-deces-de-1081-pelerins-a-la-mecque\\\/214843\\\/#breadcrumb\",\"itemListElement\":[{\"@type\":\"ListItem\",\"position\":1,\"name\":\"Accueil\",\"item\":\"https:\\\/\\\/www.webdo.tn\\\/fr\\\/\"},{\"@type\":\"ListItem\",\"position\":2,\"name\":\"Le bilan s\u2019alourdit : D\u00e9c\u00e8s de 1081 p\u00e8lerins \u00e0 La Mecque\"}]},{\"@type\":\"WebSite\",\"@id\":\"https:\\\/\\\/www.webdo.tn\\\/fr\\\/#website\",\"url\":\"https:\\\/\\\/www.webdo.tn\\\/fr\\\/\",\"name\":\"webdo\",\"description\":\"Tunisie - News en Tunisie et \u00e0 l&#039;international sur Webdo.tn\",\"publisher\":{\"@id\":\"https:\\\/\\\/www.webdo.tn\\\/fr\\\/#organization\"},\"potentialAction\":[{\"@type\":\"SearchAction\",\"target\":{\"@type\":\"EntryPoint\",\"urlTemplate\":\"https:\\\/\\\/www.webdo.tn\\\/fr\\\/?s={search_term_string}\"},\"query-input\":{\"@type\":\"PropertyValueSpecification\",\"valueRequired\":true,\"valueName\":\"search_term_string\"}}],\"inLanguage\":\"fr-FR\"},{\"@type\":\"Organization\",\"@id\":\"https:\\\/\\\/www.webdo.tn\\\/fr\\\/#organization\",\"name\":\"Webdo\",\"alternateName\":\"Webdo.tn\",\"url\":\"https:\\\/\\\/www.webdo.tn\\\/fr\\\/\",\"logo\":{\"@type\":\"ImageObject\",\"inLanguage\":\"fr-FR\",\"@id\":\"https:\\\/\\\/www.webdo.tn\\\/fr\\\/#\\\/schema\\\/logo\\\/image\\\/\",\"url\":\"https:\\\/\\\/www.webdo.tn\\\/fr\\\/wp-content\\\/uploads\\\/2025\\\/06\\\/Webdo-Tunisie_168377.jpg\",\"contentUrl\":\"https:\\\/\\\/www.webdo.tn\\\/fr\\\/wp-content\\\/uploads\\\/2025\\\/06\\\/Webdo-Tunisie_168377.jpg\",\"width\":301,\"height\":301,\"caption\":\"Webdo\"},\"image\":{\"@id\":\"https:\\\/\\\/www.webdo.tn\\\/fr\\\/#\\\/schema\\\/logo\\\/image\\\/\"},\"sameAs\":[\"https:\\\/\\\/www.facebook.com\\\/webdotn\",\"https:\\\/\\\/x.com\\\/webdo_tn\"],\"description\":\"Webdo est un m\u00e9dia num\u00e9rique tunisien fond\u00e9 en 2010, sp\u00e9cialis\u00e9 dans l\u2019actualit\u00e9 nationale et internationale, l\u2019\u00e9conomie, la soci\u00e9t\u00e9 et les analyses politiques. Le site s\u2019adresse \u00e0 un large public francophone et couvre l\u2019information tunisienne en temps r\u00e9el.\",\"email\":\"redac@webdo.tn\",\"legalName\":\"YNJ SARL\",\"foundingDate\":\"2010-09-06\",\"numberOfEmployees\":{\"@type\":\"QuantitativeValue\",\"minValue\":\"11\",\"maxValue\":\"50\"}},{\"@type\":\"Person\",\"@id\":\"https:\\\/\\\/www.webdo.tn\\\/fr\\\/#\\\/schema\\\/person\\\/f35b42a42c5e2511bbd282959d6385cc\",\"name\":\"CL\",\"image\":{\"@type\":\"ImageObject\",\"inLanguage\":\"fr-FR\",\"@id\":\"https:\\\/\\\/secure.gravatar.com\\\/avatar\\\/1447a49909b67aa657c488aec6512e1dd6143a480c1ecfee9b5b5cd74eb3b59e?s=96&d=mm&r=g\",\"url\":\"https:\\\/\\\/secure.gravatar.com\\\/avatar\\\/1447a49909b67aa657c488aec6512e1dd6143a480c1ecfee9b5b5cd74eb3b59e?s=96&d=mm&r=g\",\"contentUrl\":\"https:\\\/\\\/secure.gravatar.com\\\/avatar\\\/1447a49909b67aa657c488aec6512e1dd6143a480c1ecfee9b5b5cd74eb3b59e?s=96&d=mm&r=g\",\"caption\":\"CL\"},\"url\":\"https:\\\/\\\/www.webdo.tn\\\/fr\\\/actualite\\\/author\\\/cl\\\/\"}]}<\/script>\n<!-- \/ Yoast SEO Premium plugin. -->","yoast_head_json":{"title":"Le bilan s\u2019alourdit : D\u00e9c\u00e8s de 1081 p\u00e8lerins \u00e0 La Mecque","description":"Le nombre de d\u00e9c\u00e8s parmi les p\u00e8lerins du Hajj a atteint 1081, selon un d\u00e9compte \u00e9tabli par l'AFP aupr\u00e8s des autorit\u00e9s des pays concern\u00e9s et de diplomates ; Un b...","canonical":"https:\/\/www.webdo.tn\/fr\/actualite\/international\/le-bilan-s-alourdit-deces-de-1081-pelerins-a-la-mecque\/214843\/","og_locale":"fr_FR","og_type":"article","og_title":"Le bilan s\u2019alourdit : D\u00e9c\u00e8s de 1081 p\u00e8lerins \u00e0 La Mecque","og_description":"Le nombre de d\u00e9c\u00e8s parmi les p\u00e8lerins du Hajj a atteint 1081, selon un d\u00e9compte \u00e9tabli par l'AFP aupr\u00e8s des autorit\u00e9s des pays concern\u00e9s et de diplomates ; Un b...","og_url":"https:\/\/www.webdo.tn\/fr\/actualite\/international\/le-bilan-s-alourdit-deces-de-1081-pelerins-a-la-mecque\/214843\/","og_site_name":"webdo","article_publisher":"https:\/\/www.facebook.com\/webdotn","article_published_time":"2024-06-20T12:16:00+00:00","article_modified_time":"2025-05-20T22:36:17+00:00","og_image":[{"width":750,"height":400,"url":"https:\/\/www.webdo.tn\/fr\/wp-content\/uploads\/2024\/06\/6fa48e5cc6758dae070f21e041a80192.webp","type":"image\/webp"}],"author":"CL","twitter_card":"summary_large_image","twitter_creator":"@webdo_tn","twitter_site":"@webdo_tn","twitter_misc":{"\u00c9crit par":"CL","Dur\u00e9e de lecture estim\u00e9e":"1 minute"},"schema":{"@context":"https:\/\/schema.org","@graph":[{"@type":"NewsArticle","@id":"https:\/\/www.webdo.tn\/fr\/actualite\/international\/le-bilan-s-alourdit-deces-de-1081-pelerins-a-la-mecque\/214843\/#article","isPartOf":{"@id":"https:\/\/www.webdo.tn\/fr\/actualite\/international\/le-bilan-s-alourdit-deces-de-1081-pelerins-a-la-mecque\/214843\/"},"author":{"name":"CL","@id":"https:\/\/www.webdo.tn\/fr\/#\/schema\/person\/f35b42a42c5e2511bbd282959d6385cc"},"headline":"Le bilan s\u2019alourdit : D\u00e9c\u00e8s de 1081 p\u00e8lerins \u00e0 La Mecque","datePublished":"2024-06-20T12:16:00+00:00","dateModified":"2025-05-20T22:36:17+00:00","mainEntityOfPage":{"@id":"https:\/\/www.webdo.tn\/fr\/actualite\/international\/le-bilan-s-alourdit-deces-de-1081-pelerins-a-la-mecque\/214843\/"},"wordCount":288,"commentCount":0,"publisher":{"@id":"https:\/\/www.webdo.tn\/fr\/#organization"},"image":{"@id":"https:\/\/www.webdo.tn\/fr\/actualite\/international\/le-bilan-s-alourdit-deces-de-1081-pelerins-a-la-mecque\/214843\/#primaryimage"},"thumbnailUrl":"https:\/\/www.webdo.tn\/fr\/wp-content\/uploads\/2024\/06\/6fa48e5cc6758dae070f21e041a80192.webp","keywords":["chaleur","D\u00e9c\u00e8s","Hajj","la mecque","p\u00e8lerinage","p\u00e8lerins"],"articleSection":["International"],"inLanguage":"fr-FR"},{"@type":"WebPage","@id":"https:\/\/www.webdo.tn\/fr\/actualite\/international\/le-bilan-s-alourdit-deces-de-1081-pelerins-a-la-mecque\/214843\/","url":"https:\/\/www.webdo.tn\/fr\/actualite\/international\/le-bilan-s-alourdit-deces-de-1081-pelerins-a-la-mecque\/214843\/","name":"Le bilan s\u2019alourdit : D\u00e9c\u00e8s de 1081 p\u00e8lerins \u00e0 La Mecque","isPartOf":{"@id":"https:\/\/www.webdo.tn\/fr\/#website"},"primaryImageOfPage":{"@id":"https:\/\/www.webdo.tn\/fr\/actualite\/international\/le-bilan-s-alourdit-deces-de-1081-pelerins-a-la-mecque\/214843\/#primaryimage"},"image":{"@id":"https:\/\/www.webdo.tn\/fr\/actualite\/international\/le-bilan-s-alourdit-deces-de-1081-pelerins-a-la-mecque\/214843\/#primaryimage"},"thumbnailUrl":"https:\/\/www.webdo.tn\/fr\/wp-content\/uploads\/2024\/06\/6fa48e5cc6758dae070f21e041a80192.webp","datePublished":"2024-06-20T12:16:00+00:00","dateModified":"2025-05-20T22:36:17+00:00","description":"Le nombre de d\u00e9c\u00e8s parmi les p\u00e8lerins du Hajj a atteint 1081, selon un d\u00e9compte \u00e9tabli par l'AFP aupr\u00e8s des autorit\u00e9s des pays concern\u00e9s et de diplomates ; Un b...","breadcrumb":{"@id":"https:\/\/www.webdo.tn\/fr\/actualite\/international\/le-bilan-s-alourdit-deces-de-1081-pelerins-a-la-mecque\/214843\/#breadcrumb"},"inLanguage":"fr-FR","potentialAction":[{"@type":"ReadAction","target":["https:\/\/www.webdo.tn\/fr\/actualite\/international\/le-bilan-s-alourdit-deces-de-1081-pelerins-a-la-mecque\/214843\/"]}]},{"@type":"ImageObject","inLanguage":"fr-FR","@id":"https:\/\/www.webdo.tn\/fr\/actualite\/international\/le-bilan-s-alourdit-deces-de-1081-pelerins-a-la-mecque\/214843\/#primaryimage","url":"https:\/\/www.webdo.tn\/fr\/wp-content\/uploads\/2024\/06\/6fa48e5cc6758dae070f21e041a80192.webp","contentUrl":"https:\/\/www.webdo.tn\/fr\/wp-content\/uploads\/2024\/06\/6fa48e5cc6758dae070f21e041a80192.webp","width":750,"height":400,"caption":"Le bilan s\u2019alourdit : D\u00e9c\u00e8s de 1081 p\u00e8lerins \u00e0 La Mecque"},{"@type":"BreadcrumbList","@id":"https:\/\/www.webdo.tn\/fr\/actualite\/international\/le-bilan-s-alourdit-deces-de-1081-pelerins-a-la-mecque\/214843\/#breadcrumb","itemListElement":[{"@type":"ListItem","position":1,"name":"Accueil","item":"https:\/\/www.webdo.tn\/fr\/"},{"@type":"ListItem","position":2,"name":"Le bilan s\u2019alourdit : D\u00e9c\u00e8s de 1081 p\u00e8lerins \u00e0 La Mecque"}]},{"@type":"WebSite","@id":"https:\/\/www.webdo.tn\/fr\/#website","url":"https:\/\/www.webdo.tn\/fr\/","name":"webdo","description":"Tunisie - News en Tunisie et \u00e0 l&#039;international sur Webdo.tn","publisher":{"@id":"https:\/\/www.webdo.tn\/fr\/#organization"},"potentialAction":[{"@type":"SearchAction","target":{"@type":"EntryPoint","urlTemplate":"https:\/\/www.webdo.tn\/fr\/?s={search_term_string}"},"query-input":{"@type":"PropertyValueSpecification","valueRequired":true,"valueName":"search_term_string"}}],"inLanguage":"fr-FR"},{"@type":"Organization","@id":"https:\/\/www.webdo.tn\/fr\/#organization","name":"Webdo","alternateName":"Webdo.tn","url":"https:\/\/www.webdo.tn\/fr\/","logo":{"@type":"ImageObject","inLanguage":"fr-FR","@id":"https:\/\/www.webdo.tn\/fr\/#\/schema\/logo\/image\/","url":"https:\/\/www.webdo.tn\/fr\/wp-content\/uploads\/2025\/06\/Webdo-Tunisie_168377.jpg","contentUrl":"https:\/\/www.webdo.tn\/fr\/wp-content\/uploads\/2025\/06\/Webdo-Tunisie_168377.jpg","width":301,"height":301,"caption":"Webdo"},"image":{"@id":"https:\/\/www.webdo.tn\/fr\/#\/schema\/logo\/image\/"},"sameAs":["https:\/\/www.facebook.com\/webdotn","https:\/\/x.com\/webdo_tn"],"description":"Webdo est un m\u00e9dia num\u00e9rique tunisien fond\u00e9 en 2010, sp\u00e9cialis\u00e9 dans l\u2019actualit\u00e9 nationale et internationale, l\u2019\u00e9conomie, la soci\u00e9t\u00e9 et les analyses politiques. Le site s\u2019adresse \u00e0 un large public francophone et couvre l\u2019information tunisienne en temps r\u00e9el.","email":"redac@webdo.tn","legalName":"YNJ SARL","foundingDate":"2010-09-06","numberOfEmployees":{"@type":"QuantitativeValue","minValue":"11","maxValue":"50"}},{"@type":"Person","@id":"https:\/\/www.webdo.tn\/fr\/#\/schema\/person\/f35b42a42c5e2511bbd282959d6385cc","name":"CL","image":{"@type":"ImageObject","inLanguage":"fr-FR","@id":"https:\/\/secure.gravatar.com\/avatar\/1447a49909b67aa657c488aec6512e1dd6143a480c1ecfee9b5b5cd74eb3b59e?s=96&d=mm&r=g","url":"https:\/\/secure.gravatar.com\/avatar\/1447a49909b67aa657c488aec6512e1dd6143a480c1ecfee9b5b5cd74eb3b59e?s=96&d=mm&r=g","contentUrl":"https:\/\/secure.gravatar.com\/avatar\/1447a49909b67aa657c488aec6512e1dd6143a480c1ecfee9b5b5cd74eb3b59e?s=96&d=mm&r=g","caption":"CL"},"url":"https:\/\/www.webdo.tn\/fr\/actualite\/author\/cl\/"}]}},"_links":{"self":[{"href":"https:\/\/www.webdo.tn\/fr\/wp-json\/wp\/v2\/posts\/214843","targetHints":{"allow":["GET"]}}],"collection":[{"href":"https:\/\/www.webdo.tn\/fr\/wp-json\/wp\/v2\/posts"}],"about":[{"href":"https:\/\/www.webdo.tn\/fr\/wp-json\/wp\/v2\/types\/post"}],"author":[{"embeddable":true,"href":"https:\/\/www.webdo.tn\/fr\/wp-json\/wp\/v2\/users\/3175"}],"replies":[{"embeddable":true,"href":"https:\/\/www.webdo.tn\/fr\/wp-json\/wp\/v2\/comments?post=214843"}],"version-history":[{"count":0,"href":"https:\/\/www.webdo.tn\/fr\/wp-json\/wp\/v2\/posts\/214843\/revisions"}],"wp:featuredmedia":[{"embeddable":true,"href":"https:\/\/www.webdo.tn\/fr\/wp-json\/wp\/v2\/media\/247160"}],"wp:attachment":[{"href":"https:\/\/www.webdo.tn\/fr\/wp-json\/wp\/v2\/media?parent=214843"}],"wp:term":[{"taxonomy":"category","embeddable":true,"href":"https:\/\/www.webdo.tn\/fr\/wp-json\/wp\/v2\/categories?post=214843"},{"taxonomy":"post_tag","embeddable":true,"href":"https:\/\/www.webdo.tn\/fr\/wp-json\/wp\/v2\/tags?post=214843"}],"curies":[{"name":"wp","href":"https:\/\/api.w.org\/{rel}","templated":true}]}}