{"id":214837,"date":"2024-06-20T10:01:00","date_gmt":"2024-06-20T10:01:00","guid":{"rendered":"https:\/\/www.webdo.tn\/fr\/blog\/le-prix-creux-du-ministre-apres-les-drames-du-hajj\/214837\/"},"modified":"2025-05-21T09:10:35","modified_gmt":"2025-05-21T09:10:35","slug":"le-prix-creux-du-ministre-apres-les-drames-du-hajj","status":"publish","type":"post","link":"https:\/\/www.webdo.tn\/fr\/actualite\/national\/le-prix-creux-du-ministre-apres-les-drames-du-hajj\/214837\/","title":{"rendered":"Tunisie : Le prix creux du ministre apr\u00e8s les drames du Hajj"},"content":{"rendered":"<p>Cette ann\u00e9e, le ministre tunisien des Affaires religieuses Brahim Chebbi a re\u00e7u le prix \u00ab\u00a0Labba\u00eftom\u00a0\u00bb d\u00e9cern\u00e9 par l&rsquo;Arabie Saoudite pour \u00ab\u00a0l&rsquo;excellence dans le service des h\u00f4tes du p\u00e8lerinage\u00a0\u00bb. Une distinction qui peine \u00e0 r\u00e9sonner positivement apr\u00e8s le lourd bilan humain du Hajj 2024 pour les p\u00e8lerins tunisiens.<\/p>\n<p>\t\t\t\t\t\t\t\t\tEn effet, 35 ressortissants tunisiens ont perdu la vie \u00e0 La Mecque cette ann\u00e9e, dont 30 ayant opt\u00e9 pour des circuits low-cost en dehors du cadre officiel plus co\u00fbteux. Un d\u00e9c\u00e8s est toujours une trag\u00e9die, et le manque d&rsquo;encadrement semble avoir expos\u00e9 ces p\u00e8lerins \u00e0 des risques accrus.<\/p>\n<p>Dans ce contexte douloureux de deuils, de recherches de disparus et d&rsquo;hospitalisations, la c\u00e9l\u00e9bration par M. Chebbi de cette r\u00e9compense saoudienne a sonn\u00e9 quelque peu creux et d\u00e9plac\u00e9.<\/p>\n<p>Certes, le prix salue les efforts d\u00e9ploy\u00e9s par le minist\u00e8re des Affaires religieuses pour tout mettre en \u0153uvre afin que les p\u00e8lerins (officiels) soient dans les meilleures conditions. Mais en ces circonstances tragiques, une plus grande retenue aurait \u00e9t\u00e9 de mise pour le ministre des Affaires religieuses.<\/p>\n<p>Au lieu de cette mise en avant, il aurait \u00e9t\u00e9 plus \u00e9l\u00e9gant de pr\u00e9senter ses condol\u00e9ances aux familles \u00e9prouv\u00e9es et d&rsquo;annoncer des mesures rapides pour faire la lumi\u00e8re sur ces d\u00e9c\u00e8s et pr\u00e9venir de nouveaux drames.<\/p>\n<p>En recevant le prix, le ministre a, au passage, tacl\u00e9 ses \u00ab\u00a0d\u00e9tracteurs\u00a0\u00bb et vant\u00e9 la poursuite de sa \u00ab\u00a0mission\u00a0\u00bb. Cela a donn\u00e9 l&rsquo;impression f\u00e2cheuse d&rsquo;un manque d&#8217;empathie et de consid\u00e9ration pour le deuil national de la part du ministre des Affaires religieuses.<\/p>\n<p>Si les efforts des services religieux tunisiens m\u00e9ritent d&rsquo;\u00eatre salu\u00e9s, la priorit\u00e9 aurait d\u00fb \u00eatre pour M. Chebbi de r\u00e9conforter la nation et de rassurer sur la s\u00e9curit\u00e9 \u00e0 venir des p\u00e8lerins, qu&rsquo;ils optent pour le circuit officiel ou des voies parall\u00e8les.<br \/>\nCe d\u00e9calage entre la r\u00e9compense et la trag\u00e9die a logiquement suscit\u00e9 l&rsquo;incompr\u00e9hension et le malaise dans l&rsquo;opinion publique tunisienne. Une communication plus mesur\u00e9e et compatissante aurait certainement \u00e9t\u00e9 mieux accueillie en cette p\u00e9riode d&rsquo;affliction. \u00a0<\/p>\n<p>Si ce prix honore les efforts habituels du minist\u00e8re des Affaires religieuses, son accueil pompeux cette ann\u00e9e par M. Chebbi a sonn\u00e9 creux au milieu des drames survenus. Une le\u00e7on d&rsquo;humilit\u00e9 pour le ministre et les autorit\u00e9s religieuses, appel\u00e9s \u00e0 redoubler de vigilance afin que de telles trag\u00e9dies ne se reproduisent plus lors du p\u00e8lerinage \u00e0 La Mecque.<\/p>\n","protected":false},"excerpt":{"rendered":"<p>Dans ce contexte douloureux de deuils, de recherches de disparus et d&rsquo;hospitalisations, la c\u00e9l\u00e9bration par M. Chebbi de cette r\u00e9compense saoudienne a sonn\u00e9 quel&#8230;<\/p>\n","protected":false},"author":3169,"featured_media":247156,"comment_status":"open","ping_status":"closed","sticky":false,"template":"","format":"standard","meta":{"footnotes":""},"categories":[44],"tags":[6296,6297,6284,3208,4031,6285,2609,2608],"class_list":["post-214837","post","type-post","status-publish","format-standard","has-post-thumbnail","hentry","category-national","tag-affaires-religieuses","tag-brahim-chebbi","tag-la-mecque","tag-morts","tag-pelerinage","tag-pelerins-tunisiens","tag-prix","tag-tunisie"],"yoast_head":"<!-- This site is optimized with the Yoast SEO Premium plugin v27.5 (Yoast SEO v27.5) - https:\/\/yoast.com\/product\/yoast-seo-premium-wordpress\/ -->\n<title>Tunisie : Le prix creux du ministre apr\u00e8s les drames du Hajj<\/title>\n<meta name=\"description\" content=\"Dans ce contexte douloureux de deuils, de recherches de disparus et d&#039;hospitalisations, la c\u00e9l\u00e9bration par M. Chebbi de cette r\u00e9compense saoudienne a sonn\u00e9 quel...\" \/>\n<link rel=\"canonical\" href=\"https:\/\/www.webdo.tn\/fr\/actualite\/national\/le-prix-creux-du-ministre-apres-les-drames-du-hajj\/214837\/\" \/>\n<meta property=\"og:locale\" content=\"fr_FR\" \/>\n<meta property=\"og:type\" content=\"article\" \/>\n<meta property=\"og:title\" content=\"Tunisie : Le prix creux du ministre apr\u00e8s les drames du Hajj\" \/>\n<meta property=\"og:description\" content=\"Dans ce contexte douloureux de deuils, de recherches de disparus et d&#039;hospitalisations, la c\u00e9l\u00e9bration par M. Chebbi de cette r\u00e9compense saoudienne a sonn\u00e9 quel...\" \/>\n<meta property=\"og:url\" content=\"https:\/\/www.webdo.tn\/fr\/actualite\/national\/le-prix-creux-du-ministre-apres-les-drames-du-hajj\/214837\/\" \/>\n<meta property=\"og:site_name\" content=\"webdo\" \/>\n<meta property=\"article:publisher\" content=\"https:\/\/www.facebook.com\/webdotn\" \/>\n<meta property=\"article:published_time\" content=\"2024-06-20T10:01:00+00:00\" \/>\n<meta property=\"article:modified_time\" content=\"2025-05-21T09:10:35+00:00\" \/>\n<meta property=\"og:image\" content=\"https:\/\/www.webdo.tn\/fr\/wp-content\/uploads\/2024\/06\/b1ef5c6348566299e4e14c2e81f7f292.webp\" \/>\n\t<meta property=\"og:image:width\" content=\"750\" \/>\n\t<meta property=\"og:image:height\" content=\"400\" \/>\n\t<meta property=\"og:image:type\" content=\"image\/webp\" \/>\n<meta name=\"author\" content=\"Webdo\" \/>\n<meta name=\"twitter:card\" content=\"summary_large_image\" \/>\n<meta name=\"twitter:creator\" content=\"@webdo_tn\" \/>\n<meta name=\"twitter:site\" content=\"@webdo_tn\" \/>\n<meta name=\"twitter:label1\" content=\"\u00c9crit par\" \/>\n\t<meta name=\"twitter:data1\" content=\"Webdo\" \/>\n\t<meta name=\"twitter:label2\" content=\"Dur\u00e9e de lecture estim\u00e9e\" \/>\n\t<meta name=\"twitter:data2\" content=\"2 minutes\" \/>\n<script type=\"application\/ld+json\" class=\"yoast-schema-graph\">{\"@context\":\"https:\\\/\\\/schema.org\",\"@graph\":[{\"@type\":\"NewsArticle\",\"@id\":\"https:\\\/\\\/www.webdo.tn\\\/fr\\\/actualite\\\/national\\\/le-prix-creux-du-ministre-apres-les-drames-du-hajj\\\/214837\\\/#article\",\"isPartOf\":{\"@id\":\"https:\\\/\\\/www.webdo.tn\\\/fr\\\/actualite\\\/national\\\/le-prix-creux-du-ministre-apres-les-drames-du-hajj\\\/214837\\\/\"},\"author\":{\"name\":\"Webdo\",\"@id\":\"https:\\\/\\\/www.webdo.tn\\\/fr\\\/#\\\/schema\\\/person\\\/1f4e491e0907b413d61089e8eb573acc\"},\"headline\":\"Tunisie : Le prix creux du ministre apr\u00e8s les drames du Hajj\",\"datePublished\":\"2024-06-20T10:01:00+00:00\",\"dateModified\":\"2025-05-21T09:10:35+00:00\",\"mainEntityOfPage\":{\"@id\":\"https:\\\/\\\/www.webdo.tn\\\/fr\\\/actualite\\\/national\\\/le-prix-creux-du-ministre-apres-les-drames-du-hajj\\\/214837\\\/\"},\"wordCount\":452,\"commentCount\":0,\"publisher\":{\"@id\":\"https:\\\/\\\/www.webdo.tn\\\/fr\\\/#organization\"},\"image\":{\"@id\":\"https:\\\/\\\/www.webdo.tn\\\/fr\\\/actualite\\\/national\\\/le-prix-creux-du-ministre-apres-les-drames-du-hajj\\\/214837\\\/#primaryimage\"},\"thumbnailUrl\":\"https:\\\/\\\/www.webdo.tn\\\/fr\\\/wp-content\\\/uploads\\\/2024\\\/06\\\/b1ef5c6348566299e4e14c2e81f7f292.webp\",\"keywords\":[\"affaires religieuses\",\"brahim chebbi\",\"la mecque\",\"morts\",\"p\u00e8lerinage\",\"p\u00e8lerins tunisiens\",\"prix\",\"Tunisie\"],\"articleSection\":[\"National\"],\"inLanguage\":\"fr-FR\"},{\"@type\":\"WebPage\",\"@id\":\"https:\\\/\\\/www.webdo.tn\\\/fr\\\/actualite\\\/national\\\/le-prix-creux-du-ministre-apres-les-drames-du-hajj\\\/214837\\\/\",\"url\":\"https:\\\/\\\/www.webdo.tn\\\/fr\\\/actualite\\\/national\\\/le-prix-creux-du-ministre-apres-les-drames-du-hajj\\\/214837\\\/\",\"name\":\"Tunisie : Le prix creux du ministre apr\u00e8s les drames du Hajj\",\"isPartOf\":{\"@id\":\"https:\\\/\\\/www.webdo.tn\\\/fr\\\/#website\"},\"primaryImageOfPage\":{\"@id\":\"https:\\\/\\\/www.webdo.tn\\\/fr\\\/actualite\\\/national\\\/le-prix-creux-du-ministre-apres-les-drames-du-hajj\\\/214837\\\/#primaryimage\"},\"image\":{\"@id\":\"https:\\\/\\\/www.webdo.tn\\\/fr\\\/actualite\\\/national\\\/le-prix-creux-du-ministre-apres-les-drames-du-hajj\\\/214837\\\/#primaryimage\"},\"thumbnailUrl\":\"https:\\\/\\\/www.webdo.tn\\\/fr\\\/wp-content\\\/uploads\\\/2024\\\/06\\\/b1ef5c6348566299e4e14c2e81f7f292.webp\",\"datePublished\":\"2024-06-20T10:01:00+00:00\",\"dateModified\":\"2025-05-21T09:10:35+00:00\",\"description\":\"Dans ce contexte douloureux de deuils, de recherches de disparus et d'hospitalisations, la c\u00e9l\u00e9bration par M. Chebbi de cette r\u00e9compense saoudienne a sonn\u00e9 quel...\",\"breadcrumb\":{\"@id\":\"https:\\\/\\\/www.webdo.tn\\\/fr\\\/actualite\\\/national\\\/le-prix-creux-du-ministre-apres-les-drames-du-hajj\\\/214837\\\/#breadcrumb\"},\"inLanguage\":\"fr-FR\",\"potentialAction\":[{\"@type\":\"ReadAction\",\"target\":[\"https:\\\/\\\/www.webdo.tn\\\/fr\\\/actualite\\\/national\\\/le-prix-creux-du-ministre-apres-les-drames-du-hajj\\\/214837\\\/\"]}]},{\"@type\":\"ImageObject\",\"inLanguage\":\"fr-FR\",\"@id\":\"https:\\\/\\\/www.webdo.tn\\\/fr\\\/actualite\\\/national\\\/le-prix-creux-du-ministre-apres-les-drames-du-hajj\\\/214837\\\/#primaryimage\",\"url\":\"https:\\\/\\\/www.webdo.tn\\\/fr\\\/wp-content\\\/uploads\\\/2024\\\/06\\\/b1ef5c6348566299e4e14c2e81f7f292.webp\",\"contentUrl\":\"https:\\\/\\\/www.webdo.tn\\\/fr\\\/wp-content\\\/uploads\\\/2024\\\/06\\\/b1ef5c6348566299e4e14c2e81f7f292.webp\",\"width\":750,\"height\":400,\"caption\":\"Tunisie : Le prix creux du ministre apr\u00e8s les drames du Hajj\"},{\"@type\":\"BreadcrumbList\",\"@id\":\"https:\\\/\\\/www.webdo.tn\\\/fr\\\/actualite\\\/national\\\/le-prix-creux-du-ministre-apres-les-drames-du-hajj\\\/214837\\\/#breadcrumb\",\"itemListElement\":[{\"@type\":\"ListItem\",\"position\":1,\"name\":\"Accueil\",\"item\":\"https:\\\/\\\/www.webdo.tn\\\/fr\\\/\"},{\"@type\":\"ListItem\",\"position\":2,\"name\":\"Tunisie : Le prix creux du ministre apr\u00e8s les drames du Hajj\"}]},{\"@type\":\"WebSite\",\"@id\":\"https:\\\/\\\/www.webdo.tn\\\/fr\\\/#website\",\"url\":\"https:\\\/\\\/www.webdo.tn\\\/fr\\\/\",\"name\":\"webdo\",\"description\":\"Tunisie - News en Tunisie et \u00e0 l&#039;international sur Webdo.tn\",\"publisher\":{\"@id\":\"https:\\\/\\\/www.webdo.tn\\\/fr\\\/#organization\"},\"potentialAction\":[{\"@type\":\"SearchAction\",\"target\":{\"@type\":\"EntryPoint\",\"urlTemplate\":\"https:\\\/\\\/www.webdo.tn\\\/fr\\\/?s={search_term_string}\"},\"query-input\":{\"@type\":\"PropertyValueSpecification\",\"valueRequired\":true,\"valueName\":\"search_term_string\"}}],\"inLanguage\":\"fr-FR\"},{\"@type\":\"Organization\",\"@id\":\"https:\\\/\\\/www.webdo.tn\\\/fr\\\/#organization\",\"name\":\"Webdo\",\"alternateName\":\"Webdo.tn\",\"url\":\"https:\\\/\\\/www.webdo.tn\\\/fr\\\/\",\"logo\":{\"@type\":\"ImageObject\",\"inLanguage\":\"fr-FR\",\"@id\":\"https:\\\/\\\/www.webdo.tn\\\/fr\\\/#\\\/schema\\\/logo\\\/image\\\/\",\"url\":\"https:\\\/\\\/www.webdo.tn\\\/fr\\\/wp-content\\\/uploads\\\/2025\\\/06\\\/Webdo-Tunisie_168377.jpg\",\"contentUrl\":\"https:\\\/\\\/www.webdo.tn\\\/fr\\\/wp-content\\\/uploads\\\/2025\\\/06\\\/Webdo-Tunisie_168377.jpg\",\"width\":301,\"height\":301,\"caption\":\"Webdo\"},\"image\":{\"@id\":\"https:\\\/\\\/www.webdo.tn\\\/fr\\\/#\\\/schema\\\/logo\\\/image\\\/\"},\"sameAs\":[\"https:\\\/\\\/www.facebook.com\\\/webdotn\",\"https:\\\/\\\/x.com\\\/webdo_tn\"],\"description\":\"Webdo est un m\u00e9dia num\u00e9rique tunisien fond\u00e9 en 2010, sp\u00e9cialis\u00e9 dans l\u2019actualit\u00e9 nationale et internationale, l\u2019\u00e9conomie, la soci\u00e9t\u00e9 et les analyses politiques. Le site s\u2019adresse \u00e0 un large public francophone et couvre l\u2019information tunisienne en temps r\u00e9el.\",\"email\":\"redac@webdo.tn\",\"legalName\":\"YNJ SARL\",\"foundingDate\":\"2010-09-06\",\"numberOfEmployees\":{\"@type\":\"QuantitativeValue\",\"minValue\":\"11\",\"maxValue\":\"50\"}},{\"@type\":\"Person\",\"@id\":\"https:\\\/\\\/www.webdo.tn\\\/fr\\\/#\\\/schema\\\/person\\\/1f4e491e0907b413d61089e8eb573acc\",\"name\":\"Webdo\",\"image\":{\"@type\":\"ImageObject\",\"inLanguage\":\"fr-FR\",\"@id\":\"https:\\\/\\\/secure.gravatar.com\\\/avatar\\\/de97aeec1bb80978a9dbb127e47dfc88aaacb2f3c29aac907d8d3222e3495d49?s=96&d=mm&r=g\",\"url\":\"https:\\\/\\\/secure.gravatar.com\\\/avatar\\\/de97aeec1bb80978a9dbb127e47dfc88aaacb2f3c29aac907d8d3222e3495d49?s=96&d=mm&r=g\",\"contentUrl\":\"https:\\\/\\\/secure.gravatar.com\\\/avatar\\\/de97aeec1bb80978a9dbb127e47dfc88aaacb2f3c29aac907d8d3222e3495d49?s=96&d=mm&r=g\",\"caption\":\"Webdo\"},\"url\":\"https:\\\/\\\/www.webdo.tn\\\/fr\\\/actualite\\\/author\\\/webdo\\\/\"}]}<\/script>\n<!-- \/ Yoast SEO Premium plugin. -->","yoast_head_json":{"title":"Tunisie : Le prix creux du ministre apr\u00e8s les drames du Hajj","description":"Dans ce contexte douloureux de deuils, de recherches de disparus et d'hospitalisations, la c\u00e9l\u00e9bration par M. Chebbi de cette r\u00e9compense saoudienne a sonn\u00e9 quel...","canonical":"https:\/\/www.webdo.tn\/fr\/actualite\/national\/le-prix-creux-du-ministre-apres-les-drames-du-hajj\/214837\/","og_locale":"fr_FR","og_type":"article","og_title":"Tunisie : Le prix creux du ministre apr\u00e8s les drames du Hajj","og_description":"Dans ce contexte douloureux de deuils, de recherches de disparus et d'hospitalisations, la c\u00e9l\u00e9bration par M. Chebbi de cette r\u00e9compense saoudienne a sonn\u00e9 quel...","og_url":"https:\/\/www.webdo.tn\/fr\/actualite\/national\/le-prix-creux-du-ministre-apres-les-drames-du-hajj\/214837\/","og_site_name":"webdo","article_publisher":"https:\/\/www.facebook.com\/webdotn","article_published_time":"2024-06-20T10:01:00+00:00","article_modified_time":"2025-05-21T09:10:35+00:00","og_image":[{"width":750,"height":400,"url":"https:\/\/www.webdo.tn\/fr\/wp-content\/uploads\/2024\/06\/b1ef5c6348566299e4e14c2e81f7f292.webp","type":"image\/webp"}],"author":"Webdo","twitter_card":"summary_large_image","twitter_creator":"@webdo_tn","twitter_site":"@webdo_tn","twitter_misc":{"\u00c9crit par":"Webdo","Dur\u00e9e de lecture estim\u00e9e":"2 minutes"},"schema":{"@context":"https:\/\/schema.org","@graph":[{"@type":"NewsArticle","@id":"https:\/\/www.webdo.tn\/fr\/actualite\/national\/le-prix-creux-du-ministre-apres-les-drames-du-hajj\/214837\/#article","isPartOf":{"@id":"https:\/\/www.webdo.tn\/fr\/actualite\/national\/le-prix-creux-du-ministre-apres-les-drames-du-hajj\/214837\/"},"author":{"name":"Webdo","@id":"https:\/\/www.webdo.tn\/fr\/#\/schema\/person\/1f4e491e0907b413d61089e8eb573acc"},"headline":"Tunisie : Le prix creux du ministre apr\u00e8s les drames du Hajj","datePublished":"2024-06-20T10:01:00+00:00","dateModified":"2025-05-21T09:10:35+00:00","mainEntityOfPage":{"@id":"https:\/\/www.webdo.tn\/fr\/actualite\/national\/le-prix-creux-du-ministre-apres-les-drames-du-hajj\/214837\/"},"wordCount":452,"commentCount":0,"publisher":{"@id":"https:\/\/www.webdo.tn\/fr\/#organization"},"image":{"@id":"https:\/\/www.webdo.tn\/fr\/actualite\/national\/le-prix-creux-du-ministre-apres-les-drames-du-hajj\/214837\/#primaryimage"},"thumbnailUrl":"https:\/\/www.webdo.tn\/fr\/wp-content\/uploads\/2024\/06\/b1ef5c6348566299e4e14c2e81f7f292.webp","keywords":["affaires religieuses","brahim chebbi","la mecque","morts","p\u00e8lerinage","p\u00e8lerins tunisiens","prix","Tunisie"],"articleSection":["National"],"inLanguage":"fr-FR"},{"@type":"WebPage","@id":"https:\/\/www.webdo.tn\/fr\/actualite\/national\/le-prix-creux-du-ministre-apres-les-drames-du-hajj\/214837\/","url":"https:\/\/www.webdo.tn\/fr\/actualite\/national\/le-prix-creux-du-ministre-apres-les-drames-du-hajj\/214837\/","name":"Tunisie : Le prix creux du ministre apr\u00e8s les drames du Hajj","isPartOf":{"@id":"https:\/\/www.webdo.tn\/fr\/#website"},"primaryImageOfPage":{"@id":"https:\/\/www.webdo.tn\/fr\/actualite\/national\/le-prix-creux-du-ministre-apres-les-drames-du-hajj\/214837\/#primaryimage"},"image":{"@id":"https:\/\/www.webdo.tn\/fr\/actualite\/national\/le-prix-creux-du-ministre-apres-les-drames-du-hajj\/214837\/#primaryimage"},"thumbnailUrl":"https:\/\/www.webdo.tn\/fr\/wp-content\/uploads\/2024\/06\/b1ef5c6348566299e4e14c2e81f7f292.webp","datePublished":"2024-06-20T10:01:00+00:00","dateModified":"2025-05-21T09:10:35+00:00","description":"Dans ce contexte douloureux de deuils, de recherches de disparus et d'hospitalisations, la c\u00e9l\u00e9bration par M. Chebbi de cette r\u00e9compense saoudienne a sonn\u00e9 quel...","breadcrumb":{"@id":"https:\/\/www.webdo.tn\/fr\/actualite\/national\/le-prix-creux-du-ministre-apres-les-drames-du-hajj\/214837\/#breadcrumb"},"inLanguage":"fr-FR","potentialAction":[{"@type":"ReadAction","target":["https:\/\/www.webdo.tn\/fr\/actualite\/national\/le-prix-creux-du-ministre-apres-les-drames-du-hajj\/214837\/"]}]},{"@type":"ImageObject","inLanguage":"fr-FR","@id":"https:\/\/www.webdo.tn\/fr\/actualite\/national\/le-prix-creux-du-ministre-apres-les-drames-du-hajj\/214837\/#primaryimage","url":"https:\/\/www.webdo.tn\/fr\/wp-content\/uploads\/2024\/06\/b1ef5c6348566299e4e14c2e81f7f292.webp","contentUrl":"https:\/\/www.webdo.tn\/fr\/wp-content\/uploads\/2024\/06\/b1ef5c6348566299e4e14c2e81f7f292.webp","width":750,"height":400,"caption":"Tunisie : Le prix creux du ministre apr\u00e8s les drames du Hajj"},{"@type":"BreadcrumbList","@id":"https:\/\/www.webdo.tn\/fr\/actualite\/national\/le-prix-creux-du-ministre-apres-les-drames-du-hajj\/214837\/#breadcrumb","itemListElement":[{"@type":"ListItem","position":1,"name":"Accueil","item":"https:\/\/www.webdo.tn\/fr\/"},{"@type":"ListItem","position":2,"name":"Tunisie : Le prix creux du ministre apr\u00e8s les drames du Hajj"}]},{"@type":"WebSite","@id":"https:\/\/www.webdo.tn\/fr\/#website","url":"https:\/\/www.webdo.tn\/fr\/","name":"webdo","description":"Tunisie - News en Tunisie et \u00e0 l&#039;international sur Webdo.tn","publisher":{"@id":"https:\/\/www.webdo.tn\/fr\/#organization"},"potentialAction":[{"@type":"SearchAction","target":{"@type":"EntryPoint","urlTemplate":"https:\/\/www.webdo.tn\/fr\/?s={search_term_string}"},"query-input":{"@type":"PropertyValueSpecification","valueRequired":true,"valueName":"search_term_string"}}],"inLanguage":"fr-FR"},{"@type":"Organization","@id":"https:\/\/www.webdo.tn\/fr\/#organization","name":"Webdo","alternateName":"Webdo.tn","url":"https:\/\/www.webdo.tn\/fr\/","logo":{"@type":"ImageObject","inLanguage":"fr-FR","@id":"https:\/\/www.webdo.tn\/fr\/#\/schema\/logo\/image\/","url":"https:\/\/www.webdo.tn\/fr\/wp-content\/uploads\/2025\/06\/Webdo-Tunisie_168377.jpg","contentUrl":"https:\/\/www.webdo.tn\/fr\/wp-content\/uploads\/2025\/06\/Webdo-Tunisie_168377.jpg","width":301,"height":301,"caption":"Webdo"},"image":{"@id":"https:\/\/www.webdo.tn\/fr\/#\/schema\/logo\/image\/"},"sameAs":["https:\/\/www.facebook.com\/webdotn","https:\/\/x.com\/webdo_tn"],"description":"Webdo est un m\u00e9dia num\u00e9rique tunisien fond\u00e9 en 2010, sp\u00e9cialis\u00e9 dans l\u2019actualit\u00e9 nationale et internationale, l\u2019\u00e9conomie, la soci\u00e9t\u00e9 et les analyses politiques. Le site s\u2019adresse \u00e0 un large public francophone et couvre l\u2019information tunisienne en temps r\u00e9el.","email":"redac@webdo.tn","legalName":"YNJ SARL","foundingDate":"2010-09-06","numberOfEmployees":{"@type":"QuantitativeValue","minValue":"11","maxValue":"50"}},{"@type":"Person","@id":"https:\/\/www.webdo.tn\/fr\/#\/schema\/person\/1f4e491e0907b413d61089e8eb573acc","name":"Webdo","image":{"@type":"ImageObject","inLanguage":"fr-FR","@id":"https:\/\/secure.gravatar.com\/avatar\/de97aeec1bb80978a9dbb127e47dfc88aaacb2f3c29aac907d8d3222e3495d49?s=96&d=mm&r=g","url":"https:\/\/secure.gravatar.com\/avatar\/de97aeec1bb80978a9dbb127e47dfc88aaacb2f3c29aac907d8d3222e3495d49?s=96&d=mm&r=g","contentUrl":"https:\/\/secure.gravatar.com\/avatar\/de97aeec1bb80978a9dbb127e47dfc88aaacb2f3c29aac907d8d3222e3495d49?s=96&d=mm&r=g","caption":"Webdo"},"url":"https:\/\/www.webdo.tn\/fr\/actualite\/author\/webdo\/"}]}},"_links":{"self":[{"href":"https:\/\/www.webdo.tn\/fr\/wp-json\/wp\/v2\/posts\/214837","targetHints":{"allow":["GET"]}}],"collection":[{"href":"https:\/\/www.webdo.tn\/fr\/wp-json\/wp\/v2\/posts"}],"about":[{"href":"https:\/\/www.webdo.tn\/fr\/wp-json\/wp\/v2\/types\/post"}],"author":[{"embeddable":true,"href":"https:\/\/www.webdo.tn\/fr\/wp-json\/wp\/v2\/users\/3169"}],"replies":[{"embeddable":true,"href":"https:\/\/www.webdo.tn\/fr\/wp-json\/wp\/v2\/comments?post=214837"}],"version-history":[{"count":0,"href":"https:\/\/www.webdo.tn\/fr\/wp-json\/wp\/v2\/posts\/214837\/revisions"}],"wp:featuredmedia":[{"embeddable":true,"href":"https:\/\/www.webdo.tn\/fr\/wp-json\/wp\/v2\/media\/247156"}],"wp:attachment":[{"href":"https:\/\/www.webdo.tn\/fr\/wp-json\/wp\/v2\/media?parent=214837"}],"wp:term":[{"taxonomy":"category","embeddable":true,"href":"https:\/\/www.webdo.tn\/fr\/wp-json\/wp\/v2\/categories?post=214837"},{"taxonomy":"post_tag","embeddable":true,"href":"https:\/\/www.webdo.tn\/fr\/wp-json\/wp\/v2\/tags?post=214837"}],"curies":[{"name":"wp","href":"https:\/\/api.w.org\/{rel}","templated":true}]}}