{"id":214816,"date":"2024-06-19T10:22:00","date_gmt":"2024-06-19T10:22:00","guid":{"rendered":"https:\/\/www.webdo.tn\/fr\/blog\/canicule-mortelle-a-la-mecque-plus-de-550-pelerins-meurent-pendant-le-hajj\/214816\/"},"modified":"2025-05-20T22:34:03","modified_gmt":"2025-05-20T22:34:03","slug":"canicule-mortelle-a-la-mecque-plus-de-550-pelerins-meurent-pendant-le-hajj","status":"publish","type":"post","link":"https:\/\/www.webdo.tn\/fr\/actualite\/international\/canicule-mortelle-a-la-mecque-plus-de-550-pelerins-meurent-pendant-le-hajj\/214816\/","title":{"rendered":"Canicule mortelle \u00e0 La Mecque : D\u00e9c\u00e8s de plus de 550 p\u00e8lerins pendant le hajj"},"content":{"rendered":"<p>Plus de 550 p\u00e8lerins sont morts lors du hajj \u00e0 La Mecque, sous une chaleur torride atteignant pr\u00e8s de 52\u00b0C. Au moins 323 \u00e9taient \u00e9gyptiens, la plupart succombant \u00e0 des malaises li\u00e9s \u00e0 la chaleur. 60 Jordaniens sont \u00e9galement d\u00e9c\u00e9d\u00e9s. Ce lourd bilan de 577 morts souligne la nature \u00e9prouvante de ce p\u00e8lerinage annuel.<\/p>\n<p>\t\t\t\t\t\t\t\t\tLa Tunisie a elle d\u00e9nombr\u00e9 35 d\u00e9c\u00e8s parmi ses p\u00e8lerins, dus \u00e0 \u00ab\u00a0la forte hausse des temp\u00e9ratures\u00a0\u00bb selon les autorit\u00e9s tunisiennes.<\/p>\n<p>Les m\u00eamessources ont indiqu\u00e9 que le total provenait de la morgue d&rsquo;Al-Muaisem \u00e0 La Mecque. Le bilan pourrait encore s&rsquo;alourdir, certains pays n&rsquo;ayant pas finalis\u00e9 leurs d\u00e9comptes. L&rsquo;an dernier, au moins 240 p\u00e8lerins, pour la plupart indon\u00e9siens, avaient \u00e9t\u00e9 recens\u00e9s morts. Le hajj attire environ 2 millions de fid\u00e8les chaque ann\u00e9e \u00e0 La Mecque, dont 1,6 million de l&rsquo;\u00e9tranger.<\/p>\n<p>Une \u00e9tude saoudienne r\u00e9cente montre que les temp\u00e9ratures dans les lieux saints augmentent de 0,4\u00b0C par d\u00e9cennie \u00e0 cause du changement climatique. Lundi, les 51,8\u00b0C atteints \u00e0 la Grande Mosqu\u00e9e ont mis \u00e0 rude \u00e9preuve les p\u00e8lerins.<\/p>\n<p>Malgr\u00e9 les recommandations de s&rsquo;abriter du soleil, de nombreux rituels imposent de rester en ext\u00e9rieur de longues heures. Des sc\u00e8nes d&rsquo;\u00e9puisement et de services d&rsquo;urgence d\u00e9bord\u00e9s ayant trait\u00e9 plus de 2000 cas de coups de chaleur ont \u00e9t\u00e9 observ\u00e9es.<\/p>\n<p>Un nombre important de dizaines de milliers de p\u00e8lerins non enregistr\u00e9s aurait aggrav\u00e9 la situation, notamment dans les camps \u00e9gyptiens satur\u00e9s et priv\u00e9s d&rsquo;eau, de nourriture et de climatisation. \u00a0<\/p>\n<p>Le ministre saoudien de la Sant\u00e9 a assur\u00e9 que les plans sanitaires avaient permis d&rsquo;\u00e9viter toute \u00e9pid\u00e9mie majeure, mais n&rsquo;a pas communiqu\u00e9 sur les d\u00e9c\u00e8s.<\/p>\n","protected":false},"excerpt":{"rendered":"<p>Plus de 550 p\u00e8lerins dont 323 \u00c9gyptiens sont morts lors du hajj \u00e0 La Mecque. La canicule avec 52\u00b0C a caus\u00e9 de nombreux malaises. 2000 cas de coups de chaleur tr&#8230;<\/p>\n","protected":false},"author":3169,"featured_media":290733,"comment_status":"open","ping_status":"closed","sticky":false,"template":"","format":"standard","meta":{"footnotes":""},"categories":[2598],"tags":[5930,2830,4030,6284,2608],"class_list":["post-214816","post","type-post","status-publish","format-standard","has-post-thumbnail","hentry","category-international","tag-canicule","tag-deces","tag-hajj","tag-la-mecque","tag-tunisie"],"yoast_head":"<!-- This site is optimized with the Yoast SEO Premium plugin v27.4 (Yoast SEO v27.5) - https:\/\/yoast.com\/product\/yoast-seo-premium-wordpress\/ -->\n<title>Canicule mortelle \u00e0 La Mecque : D\u00e9c\u00e8s de plus de 550 p\u00e8lerins pendant le hajj<\/title>\n<meta name=\"description\" content=\"Plus de 550 p\u00e8lerins dont 323 \u00c9gyptiens sont morts lors du hajj \u00e0 La Mecque. La canicule avec 52\u00b0C a caus\u00e9 de nombreux malaises. 2000 cas de coups de chaleur tr...\" \/>\n<link rel=\"canonical\" href=\"https:\/\/www.webdo.tn\/fr\/actualite\/international\/canicule-mortelle-a-la-mecque-plus-de-550-pelerins-meurent-pendant-le-hajj\/214816\/\" \/>\n<meta property=\"og:locale\" content=\"fr_FR\" \/>\n<meta property=\"og:type\" content=\"article\" \/>\n<meta property=\"og:title\" content=\"Canicule mortelle \u00e0 La Mecque : D\u00e9c\u00e8s de plus de 550 p\u00e8lerins pendant le hajj\" \/>\n<meta property=\"og:description\" content=\"Plus de 550 p\u00e8lerins dont 323 \u00c9gyptiens sont morts lors du hajj \u00e0 La Mecque. La canicule avec 52\u00b0C a caus\u00e9 de nombreux malaises. 2000 cas de coups de chaleur tr...\" \/>\n<meta property=\"og:url\" content=\"https:\/\/www.webdo.tn\/fr\/actualite\/international\/canicule-mortelle-a-la-mecque-plus-de-550-pelerins-meurent-pendant-le-hajj\/214816\/\" \/>\n<meta property=\"og:site_name\" content=\"webdo\" \/>\n<meta property=\"article:publisher\" content=\"https:\/\/www.facebook.com\/webdotn\" \/>\n<meta property=\"article:published_time\" content=\"2024-06-19T10:22:00+00:00\" \/>\n<meta property=\"article:modified_time\" content=\"2025-05-20T22:34:03+00:00\" \/>\n<meta property=\"og:image\" content=\"https:\/\/www.webdo.tn\/fr\/wp-content\/uploads\/2024\/06\/a6ee083426b982a9d82c70ee9f29a7b4.webp\" \/>\n\t<meta property=\"og:image:width\" content=\"750\" \/>\n\t<meta property=\"og:image:height\" content=\"400\" \/>\n\t<meta property=\"og:image:type\" content=\"image\/webp\" \/>\n<meta name=\"author\" content=\"Webdo\" \/>\n<meta name=\"twitter:card\" content=\"summary_large_image\" \/>\n<meta name=\"twitter:creator\" content=\"@webdo_tn\" \/>\n<meta name=\"twitter:site\" content=\"@webdo_tn\" \/>\n<meta name=\"twitter:label1\" content=\"\u00c9crit par\" \/>\n\t<meta name=\"twitter:data1\" content=\"Webdo\" \/>\n\t<meta name=\"twitter:label2\" content=\"Dur\u00e9e de lecture estim\u00e9e\" \/>\n\t<meta name=\"twitter:data2\" content=\"1 minute\" \/>\n<script type=\"application\/ld+json\" class=\"yoast-schema-graph\">{\"@context\":\"https:\\\/\\\/schema.org\",\"@graph\":[{\"@type\":\"NewsArticle\",\"@id\":\"https:\\\/\\\/www.webdo.tn\\\/fr\\\/actualite\\\/international\\\/canicule-mortelle-a-la-mecque-plus-de-550-pelerins-meurent-pendant-le-hajj\\\/214816\\\/#article\",\"isPartOf\":{\"@id\":\"https:\\\/\\\/www.webdo.tn\\\/fr\\\/actualite\\\/international\\\/canicule-mortelle-a-la-mecque-plus-de-550-pelerins-meurent-pendant-le-hajj\\\/214816\\\/\"},\"author\":{\"name\":\"Webdo\",\"@id\":\"https:\\\/\\\/www.webdo.tn\\\/fr\\\/#\\\/schema\\\/person\\\/1f4e491e0907b413d61089e8eb573acc\"},\"headline\":\"Canicule mortelle \u00e0 La Mecque : D\u00e9c\u00e8s de plus de 550 p\u00e8lerins pendant le hajj\",\"datePublished\":\"2024-06-19T10:22:00+00:00\",\"dateModified\":\"2025-05-20T22:34:03+00:00\",\"mainEntityOfPage\":{\"@id\":\"https:\\\/\\\/www.webdo.tn\\\/fr\\\/actualite\\\/international\\\/canicule-mortelle-a-la-mecque-plus-de-550-pelerins-meurent-pendant-le-hajj\\\/214816\\\/\"},\"wordCount\":309,\"commentCount\":0,\"publisher\":{\"@id\":\"https:\\\/\\\/www.webdo.tn\\\/fr\\\/#organization\"},\"image\":{\"@id\":\"https:\\\/\\\/www.webdo.tn\\\/fr\\\/actualite\\\/international\\\/canicule-mortelle-a-la-mecque-plus-de-550-pelerins-meurent-pendant-le-hajj\\\/214816\\\/#primaryimage\"},\"thumbnailUrl\":\"https:\\\/\\\/www.webdo.tn\\\/fr\\\/wp-content\\\/uploads\\\/2024\\\/06\\\/a6ee083426b982a9d82c70ee9f29a7b4.webp\",\"keywords\":[\"Canicule\",\"D\u00e9c\u00e8s\",\"Hajj\",\"la mecque\",\"Tunisie\"],\"articleSection\":[\"International\"],\"inLanguage\":\"fr-FR\"},{\"@type\":\"WebPage\",\"@id\":\"https:\\\/\\\/www.webdo.tn\\\/fr\\\/actualite\\\/international\\\/canicule-mortelle-a-la-mecque-plus-de-550-pelerins-meurent-pendant-le-hajj\\\/214816\\\/\",\"url\":\"https:\\\/\\\/www.webdo.tn\\\/fr\\\/actualite\\\/international\\\/canicule-mortelle-a-la-mecque-plus-de-550-pelerins-meurent-pendant-le-hajj\\\/214816\\\/\",\"name\":\"Canicule mortelle \u00e0 La Mecque : D\u00e9c\u00e8s de plus de 550 p\u00e8lerins pendant le hajj\",\"isPartOf\":{\"@id\":\"https:\\\/\\\/www.webdo.tn\\\/fr\\\/#website\"},\"primaryImageOfPage\":{\"@id\":\"https:\\\/\\\/www.webdo.tn\\\/fr\\\/actualite\\\/international\\\/canicule-mortelle-a-la-mecque-plus-de-550-pelerins-meurent-pendant-le-hajj\\\/214816\\\/#primaryimage\"},\"image\":{\"@id\":\"https:\\\/\\\/www.webdo.tn\\\/fr\\\/actualite\\\/international\\\/canicule-mortelle-a-la-mecque-plus-de-550-pelerins-meurent-pendant-le-hajj\\\/214816\\\/#primaryimage\"},\"thumbnailUrl\":\"https:\\\/\\\/www.webdo.tn\\\/fr\\\/wp-content\\\/uploads\\\/2024\\\/06\\\/a6ee083426b982a9d82c70ee9f29a7b4.webp\",\"datePublished\":\"2024-06-19T10:22:00+00:00\",\"dateModified\":\"2025-05-20T22:34:03+00:00\",\"description\":\"Plus de 550 p\u00e8lerins dont 323 \u00c9gyptiens sont morts lors du hajj \u00e0 La Mecque. La canicule avec 52\u00b0C a caus\u00e9 de nombreux malaises. 2000 cas de coups de chaleur tr...\",\"breadcrumb\":{\"@id\":\"https:\\\/\\\/www.webdo.tn\\\/fr\\\/actualite\\\/international\\\/canicule-mortelle-a-la-mecque-plus-de-550-pelerins-meurent-pendant-le-hajj\\\/214816\\\/#breadcrumb\"},\"inLanguage\":\"fr-FR\",\"potentialAction\":[{\"@type\":\"ReadAction\",\"target\":[\"https:\\\/\\\/www.webdo.tn\\\/fr\\\/actualite\\\/international\\\/canicule-mortelle-a-la-mecque-plus-de-550-pelerins-meurent-pendant-le-hajj\\\/214816\\\/\"]}]},{\"@type\":\"ImageObject\",\"inLanguage\":\"fr-FR\",\"@id\":\"https:\\\/\\\/www.webdo.tn\\\/fr\\\/actualite\\\/international\\\/canicule-mortelle-a-la-mecque-plus-de-550-pelerins-meurent-pendant-le-hajj\\\/214816\\\/#primaryimage\",\"url\":\"https:\\\/\\\/www.webdo.tn\\\/fr\\\/wp-content\\\/uploads\\\/2024\\\/06\\\/a6ee083426b982a9d82c70ee9f29a7b4.webp\",\"contentUrl\":\"https:\\\/\\\/www.webdo.tn\\\/fr\\\/wp-content\\\/uploads\\\/2024\\\/06\\\/a6ee083426b982a9d82c70ee9f29a7b4.webp\",\"width\":750,\"height\":400,\"caption\":\"Canicule mortelle \u00e0 La Mecque : D\u00e9c\u00e8s de plus de 550 p\u00e8lerins pendant le hajj\"},{\"@type\":\"BreadcrumbList\",\"@id\":\"https:\\\/\\\/www.webdo.tn\\\/fr\\\/actualite\\\/international\\\/canicule-mortelle-a-la-mecque-plus-de-550-pelerins-meurent-pendant-le-hajj\\\/214816\\\/#breadcrumb\",\"itemListElement\":[{\"@type\":\"ListItem\",\"position\":1,\"name\":\"Accueil\",\"item\":\"https:\\\/\\\/www.webdo.tn\\\/fr\\\/\"},{\"@type\":\"ListItem\",\"position\":2,\"name\":\"Canicule mortelle \u00e0 La Mecque : D\u00e9c\u00e8s de plus de 550 p\u00e8lerins pendant le hajj\"}]},{\"@type\":\"WebSite\",\"@id\":\"https:\\\/\\\/www.webdo.tn\\\/fr\\\/#website\",\"url\":\"https:\\\/\\\/www.webdo.tn\\\/fr\\\/\",\"name\":\"webdo\",\"description\":\"Tunisie - News en Tunisie et \u00e0 l&#039;international sur Webdo.tn\",\"publisher\":{\"@id\":\"https:\\\/\\\/www.webdo.tn\\\/fr\\\/#organization\"},\"potentialAction\":[{\"@type\":\"SearchAction\",\"target\":{\"@type\":\"EntryPoint\",\"urlTemplate\":\"https:\\\/\\\/www.webdo.tn\\\/fr\\\/?s={search_term_string}\"},\"query-input\":{\"@type\":\"PropertyValueSpecification\",\"valueRequired\":true,\"valueName\":\"search_term_string\"}}],\"inLanguage\":\"fr-FR\"},{\"@type\":\"Organization\",\"@id\":\"https:\\\/\\\/www.webdo.tn\\\/fr\\\/#organization\",\"name\":\"Webdo\",\"alternateName\":\"Webdo.tn\",\"url\":\"https:\\\/\\\/www.webdo.tn\\\/fr\\\/\",\"logo\":{\"@type\":\"ImageObject\",\"inLanguage\":\"fr-FR\",\"@id\":\"https:\\\/\\\/www.webdo.tn\\\/fr\\\/#\\\/schema\\\/logo\\\/image\\\/\",\"url\":\"https:\\\/\\\/www.webdo.tn\\\/fr\\\/wp-content\\\/uploads\\\/2025\\\/06\\\/Webdo-Tunisie_168377.jpg\",\"contentUrl\":\"https:\\\/\\\/www.webdo.tn\\\/fr\\\/wp-content\\\/uploads\\\/2025\\\/06\\\/Webdo-Tunisie_168377.jpg\",\"width\":301,\"height\":301,\"caption\":\"Webdo\"},\"image\":{\"@id\":\"https:\\\/\\\/www.webdo.tn\\\/fr\\\/#\\\/schema\\\/logo\\\/image\\\/\"},\"sameAs\":[\"https:\\\/\\\/www.facebook.com\\\/webdotn\",\"https:\\\/\\\/x.com\\\/webdo_tn\"],\"description\":\"Webdo est un m\u00e9dia num\u00e9rique tunisien fond\u00e9 en 2010, sp\u00e9cialis\u00e9 dans l\u2019actualit\u00e9 nationale et internationale, l\u2019\u00e9conomie, la soci\u00e9t\u00e9 et les analyses politiques. Le site s\u2019adresse \u00e0 un large public francophone et couvre l\u2019information tunisienne en temps r\u00e9el.\",\"email\":\"redac@webdo.tn\",\"legalName\":\"YNJ SARL\",\"foundingDate\":\"2010-09-06\",\"numberOfEmployees\":{\"@type\":\"QuantitativeValue\",\"minValue\":\"11\",\"maxValue\":\"50\"}},{\"@type\":\"Person\",\"@id\":\"https:\\\/\\\/www.webdo.tn\\\/fr\\\/#\\\/schema\\\/person\\\/1f4e491e0907b413d61089e8eb573acc\",\"name\":\"Webdo\",\"image\":{\"@type\":\"ImageObject\",\"inLanguage\":\"fr-FR\",\"@id\":\"https:\\\/\\\/secure.gravatar.com\\\/avatar\\\/de97aeec1bb80978a9dbb127e47dfc88aaacb2f3c29aac907d8d3222e3495d49?s=96&d=mm&r=g\",\"url\":\"https:\\\/\\\/secure.gravatar.com\\\/avatar\\\/de97aeec1bb80978a9dbb127e47dfc88aaacb2f3c29aac907d8d3222e3495d49?s=96&d=mm&r=g\",\"contentUrl\":\"https:\\\/\\\/secure.gravatar.com\\\/avatar\\\/de97aeec1bb80978a9dbb127e47dfc88aaacb2f3c29aac907d8d3222e3495d49?s=96&d=mm&r=g\",\"caption\":\"Webdo\"},\"url\":\"https:\\\/\\\/www.webdo.tn\\\/fr\\\/actualite\\\/author\\\/webdo\\\/\"}]}<\/script>\n<!-- \/ Yoast SEO Premium plugin. -->","yoast_head_json":{"title":"Canicule mortelle \u00e0 La Mecque : D\u00e9c\u00e8s de plus de 550 p\u00e8lerins pendant le hajj","description":"Plus de 550 p\u00e8lerins dont 323 \u00c9gyptiens sont morts lors du hajj \u00e0 La Mecque. La canicule avec 52\u00b0C a caus\u00e9 de nombreux malaises. 2000 cas de coups de chaleur tr...","canonical":"https:\/\/www.webdo.tn\/fr\/actualite\/international\/canicule-mortelle-a-la-mecque-plus-de-550-pelerins-meurent-pendant-le-hajj\/214816\/","og_locale":"fr_FR","og_type":"article","og_title":"Canicule mortelle \u00e0 La Mecque : D\u00e9c\u00e8s de plus de 550 p\u00e8lerins pendant le hajj","og_description":"Plus de 550 p\u00e8lerins dont 323 \u00c9gyptiens sont morts lors du hajj \u00e0 La Mecque. La canicule avec 52\u00b0C a caus\u00e9 de nombreux malaises. 2000 cas de coups de chaleur tr...","og_url":"https:\/\/www.webdo.tn\/fr\/actualite\/international\/canicule-mortelle-a-la-mecque-plus-de-550-pelerins-meurent-pendant-le-hajj\/214816\/","og_site_name":"webdo","article_publisher":"https:\/\/www.facebook.com\/webdotn","article_published_time":"2024-06-19T10:22:00+00:00","article_modified_time":"2025-05-20T22:34:03+00:00","og_image":[{"width":750,"height":400,"url":"https:\/\/www.webdo.tn\/fr\/wp-content\/uploads\/2024\/06\/a6ee083426b982a9d82c70ee9f29a7b4.webp","type":"image\/webp"}],"author":"Webdo","twitter_card":"summary_large_image","twitter_creator":"@webdo_tn","twitter_site":"@webdo_tn","twitter_misc":{"\u00c9crit par":"Webdo","Dur\u00e9e de lecture estim\u00e9e":"1 minute"},"schema":{"@context":"https:\/\/schema.org","@graph":[{"@type":"NewsArticle","@id":"https:\/\/www.webdo.tn\/fr\/actualite\/international\/canicule-mortelle-a-la-mecque-plus-de-550-pelerins-meurent-pendant-le-hajj\/214816\/#article","isPartOf":{"@id":"https:\/\/www.webdo.tn\/fr\/actualite\/international\/canicule-mortelle-a-la-mecque-plus-de-550-pelerins-meurent-pendant-le-hajj\/214816\/"},"author":{"name":"Webdo","@id":"https:\/\/www.webdo.tn\/fr\/#\/schema\/person\/1f4e491e0907b413d61089e8eb573acc"},"headline":"Canicule mortelle \u00e0 La Mecque : D\u00e9c\u00e8s de plus de 550 p\u00e8lerins pendant le hajj","datePublished":"2024-06-19T10:22:00+00:00","dateModified":"2025-05-20T22:34:03+00:00","mainEntityOfPage":{"@id":"https:\/\/www.webdo.tn\/fr\/actualite\/international\/canicule-mortelle-a-la-mecque-plus-de-550-pelerins-meurent-pendant-le-hajj\/214816\/"},"wordCount":309,"commentCount":0,"publisher":{"@id":"https:\/\/www.webdo.tn\/fr\/#organization"},"image":{"@id":"https:\/\/www.webdo.tn\/fr\/actualite\/international\/canicule-mortelle-a-la-mecque-plus-de-550-pelerins-meurent-pendant-le-hajj\/214816\/#primaryimage"},"thumbnailUrl":"https:\/\/www.webdo.tn\/fr\/wp-content\/uploads\/2024\/06\/a6ee083426b982a9d82c70ee9f29a7b4.webp","keywords":["Canicule","D\u00e9c\u00e8s","Hajj","la mecque","Tunisie"],"articleSection":["International"],"inLanguage":"fr-FR"},{"@type":"WebPage","@id":"https:\/\/www.webdo.tn\/fr\/actualite\/international\/canicule-mortelle-a-la-mecque-plus-de-550-pelerins-meurent-pendant-le-hajj\/214816\/","url":"https:\/\/www.webdo.tn\/fr\/actualite\/international\/canicule-mortelle-a-la-mecque-plus-de-550-pelerins-meurent-pendant-le-hajj\/214816\/","name":"Canicule mortelle \u00e0 La Mecque : D\u00e9c\u00e8s de plus de 550 p\u00e8lerins pendant le hajj","isPartOf":{"@id":"https:\/\/www.webdo.tn\/fr\/#website"},"primaryImageOfPage":{"@id":"https:\/\/www.webdo.tn\/fr\/actualite\/international\/canicule-mortelle-a-la-mecque-plus-de-550-pelerins-meurent-pendant-le-hajj\/214816\/#primaryimage"},"image":{"@id":"https:\/\/www.webdo.tn\/fr\/actualite\/international\/canicule-mortelle-a-la-mecque-plus-de-550-pelerins-meurent-pendant-le-hajj\/214816\/#primaryimage"},"thumbnailUrl":"https:\/\/www.webdo.tn\/fr\/wp-content\/uploads\/2024\/06\/a6ee083426b982a9d82c70ee9f29a7b4.webp","datePublished":"2024-06-19T10:22:00+00:00","dateModified":"2025-05-20T22:34:03+00:00","description":"Plus de 550 p\u00e8lerins dont 323 \u00c9gyptiens sont morts lors du hajj \u00e0 La Mecque. La canicule avec 52\u00b0C a caus\u00e9 de nombreux malaises. 2000 cas de coups de chaleur tr...","breadcrumb":{"@id":"https:\/\/www.webdo.tn\/fr\/actualite\/international\/canicule-mortelle-a-la-mecque-plus-de-550-pelerins-meurent-pendant-le-hajj\/214816\/#breadcrumb"},"inLanguage":"fr-FR","potentialAction":[{"@type":"ReadAction","target":["https:\/\/www.webdo.tn\/fr\/actualite\/international\/canicule-mortelle-a-la-mecque-plus-de-550-pelerins-meurent-pendant-le-hajj\/214816\/"]}]},{"@type":"ImageObject","inLanguage":"fr-FR","@id":"https:\/\/www.webdo.tn\/fr\/actualite\/international\/canicule-mortelle-a-la-mecque-plus-de-550-pelerins-meurent-pendant-le-hajj\/214816\/#primaryimage","url":"https:\/\/www.webdo.tn\/fr\/wp-content\/uploads\/2024\/06\/a6ee083426b982a9d82c70ee9f29a7b4.webp","contentUrl":"https:\/\/www.webdo.tn\/fr\/wp-content\/uploads\/2024\/06\/a6ee083426b982a9d82c70ee9f29a7b4.webp","width":750,"height":400,"caption":"Canicule mortelle \u00e0 La Mecque : D\u00e9c\u00e8s de plus de 550 p\u00e8lerins pendant le hajj"},{"@type":"BreadcrumbList","@id":"https:\/\/www.webdo.tn\/fr\/actualite\/international\/canicule-mortelle-a-la-mecque-plus-de-550-pelerins-meurent-pendant-le-hajj\/214816\/#breadcrumb","itemListElement":[{"@type":"ListItem","position":1,"name":"Accueil","item":"https:\/\/www.webdo.tn\/fr\/"},{"@type":"ListItem","position":2,"name":"Canicule mortelle \u00e0 La Mecque : D\u00e9c\u00e8s de plus de 550 p\u00e8lerins pendant le hajj"}]},{"@type":"WebSite","@id":"https:\/\/www.webdo.tn\/fr\/#website","url":"https:\/\/www.webdo.tn\/fr\/","name":"webdo","description":"Tunisie - News en Tunisie et \u00e0 l&#039;international sur Webdo.tn","publisher":{"@id":"https:\/\/www.webdo.tn\/fr\/#organization"},"potentialAction":[{"@type":"SearchAction","target":{"@type":"EntryPoint","urlTemplate":"https:\/\/www.webdo.tn\/fr\/?s={search_term_string}"},"query-input":{"@type":"PropertyValueSpecification","valueRequired":true,"valueName":"search_term_string"}}],"inLanguage":"fr-FR"},{"@type":"Organization","@id":"https:\/\/www.webdo.tn\/fr\/#organization","name":"Webdo","alternateName":"Webdo.tn","url":"https:\/\/www.webdo.tn\/fr\/","logo":{"@type":"ImageObject","inLanguage":"fr-FR","@id":"https:\/\/www.webdo.tn\/fr\/#\/schema\/logo\/image\/","url":"https:\/\/www.webdo.tn\/fr\/wp-content\/uploads\/2025\/06\/Webdo-Tunisie_168377.jpg","contentUrl":"https:\/\/www.webdo.tn\/fr\/wp-content\/uploads\/2025\/06\/Webdo-Tunisie_168377.jpg","width":301,"height":301,"caption":"Webdo"},"image":{"@id":"https:\/\/www.webdo.tn\/fr\/#\/schema\/logo\/image\/"},"sameAs":["https:\/\/www.facebook.com\/webdotn","https:\/\/x.com\/webdo_tn"],"description":"Webdo est un m\u00e9dia num\u00e9rique tunisien fond\u00e9 en 2010, sp\u00e9cialis\u00e9 dans l\u2019actualit\u00e9 nationale et internationale, l\u2019\u00e9conomie, la soci\u00e9t\u00e9 et les analyses politiques. Le site s\u2019adresse \u00e0 un large public francophone et couvre l\u2019information tunisienne en temps r\u00e9el.","email":"redac@webdo.tn","legalName":"YNJ SARL","foundingDate":"2010-09-06","numberOfEmployees":{"@type":"QuantitativeValue","minValue":"11","maxValue":"50"}},{"@type":"Person","@id":"https:\/\/www.webdo.tn\/fr\/#\/schema\/person\/1f4e491e0907b413d61089e8eb573acc","name":"Webdo","image":{"@type":"ImageObject","inLanguage":"fr-FR","@id":"https:\/\/secure.gravatar.com\/avatar\/de97aeec1bb80978a9dbb127e47dfc88aaacb2f3c29aac907d8d3222e3495d49?s=96&d=mm&r=g","url":"https:\/\/secure.gravatar.com\/avatar\/de97aeec1bb80978a9dbb127e47dfc88aaacb2f3c29aac907d8d3222e3495d49?s=96&d=mm&r=g","contentUrl":"https:\/\/secure.gravatar.com\/avatar\/de97aeec1bb80978a9dbb127e47dfc88aaacb2f3c29aac907d8d3222e3495d49?s=96&d=mm&r=g","caption":"Webdo"},"url":"https:\/\/www.webdo.tn\/fr\/actualite\/author\/webdo\/"}]}},"_links":{"self":[{"href":"https:\/\/www.webdo.tn\/fr\/wp-json\/wp\/v2\/posts\/214816","targetHints":{"allow":["GET"]}}],"collection":[{"href":"https:\/\/www.webdo.tn\/fr\/wp-json\/wp\/v2\/posts"}],"about":[{"href":"https:\/\/www.webdo.tn\/fr\/wp-json\/wp\/v2\/types\/post"}],"author":[{"embeddable":true,"href":"https:\/\/www.webdo.tn\/fr\/wp-json\/wp\/v2\/users\/3169"}],"replies":[{"embeddable":true,"href":"https:\/\/www.webdo.tn\/fr\/wp-json\/wp\/v2\/comments?post=214816"}],"version-history":[{"count":0,"href":"https:\/\/www.webdo.tn\/fr\/wp-json\/wp\/v2\/posts\/214816\/revisions"}],"wp:featuredmedia":[{"embeddable":true,"href":"https:\/\/www.webdo.tn\/fr\/wp-json\/wp\/v2\/media\/290733"}],"wp:attachment":[{"href":"https:\/\/www.webdo.tn\/fr\/wp-json\/wp\/v2\/media?parent=214816"}],"wp:term":[{"taxonomy":"category","embeddable":true,"href":"https:\/\/www.webdo.tn\/fr\/wp-json\/wp\/v2\/categories?post=214816"},{"taxonomy":"post_tag","embeddable":true,"href":"https:\/\/www.webdo.tn\/fr\/wp-json\/wp\/v2\/tags?post=214816"}],"curies":[{"name":"wp","href":"https:\/\/api.w.org\/{rel}","templated":true}]}}