{"id":214808,"date":"2024-06-18T20:36:00","date_gmt":"2024-06-18T20:36:00","guid":{"rendered":"https:\/\/www.webdo.tn\/fr\/blog\/gabes-un-gardien-de-prison-s-immole-par-le-feu\/214808\/"},"modified":"2025-05-21T09:05:42","modified_gmt":"2025-05-21T09:05:42","slug":"gabes-un-gardien-de-prison-s-immole-par-le-feu","status":"publish","type":"post","link":"https:\/\/www.webdo.tn\/fr\/actualite\/regions\/gabes-un-gardien-de-prison-s-immole-par-le-feu\/214808\/","title":{"rendered":"Gab\u00e8s : Un gardien de prison s&rsquo;immole par le feu"},"content":{"rendered":"<p>Un gardien de prison \u00e2g\u00e9 d&rsquo;une trentaine d&rsquo;ann\u00e9es s&rsquo;est suicid\u00e9 par immolation ce mardi 18 juin 2024, comme l&rsquo;a indiqu\u00e9 Faouzi Dergham, procureur de la R\u00e9publique pr\u00e8s le tribunal de premi\u00e8re instance de Gab\u00e8s, dans une d\u00e9claration \u00e0 Mosa\u00efque FM.<\/p>\n<p>\t\t\t\t\t\t\t\t\tLe corps du d\u00e9funt, qui \u00e9tait p\u00e8re de trois enfants, a \u00e9t\u00e9 transport\u00e9 \u00e0 l&rsquo;h\u00f4pital universitaire pour une autopsie. Le minist\u00e8re public a donn\u00e9 son accord pour l&rsquo;ouverture d&rsquo;une enqu\u00eate judiciaire, conform\u00e9ment \u00e0 l&rsquo;article 31 du Code de proc\u00e9dure p\u00e9nale.<\/p>\n","protected":false},"excerpt":{"rendered":"<p>Un gardien de prison p\u00e8re de trois enfants se suicide par immolation. D\u00e9tails de l&rsquo;enqu\u00eate en cours selon le procureur de la R\u00e9publique.<\/p>\n","protected":false},"author":3166,"featured_media":290730,"comment_status":"open","ping_status":"closed","sticky":false,"template":"","format":"standard","meta":{"footnotes":""},"categories":[2595],"tags":[3126,4082,2608],"class_list":["post-214808","post","type-post","status-publish","format-standard","has-post-thumbnail","hentry","category-regions","tag-gabes","tag-immolation","tag-tunisie"],"yoast_head":"<!-- This site is optimized with the Yoast SEO Premium plugin v27.5 (Yoast SEO v27.5) - https:\/\/yoast.com\/product\/yoast-seo-premium-wordpress\/ -->\n<title>Gab\u00e8s : Un gardien de prison s&#039;immole par le feu<\/title>\n<meta name=\"description\" content=\"Un gardien de prison p\u00e8re de trois enfants se suicide par immolation. D\u00e9tails de l&#039;enqu\u00eate en cours selon le procureur de la R\u00e9publique.\" \/>\n<link rel=\"canonical\" href=\"https:\/\/www.webdo.tn\/fr\/actualite\/regions\/gabes-un-gardien-de-prison-s-immole-par-le-feu\/214808\/\" \/>\n<meta property=\"og:locale\" content=\"fr_FR\" \/>\n<meta property=\"og:type\" content=\"article\" \/>\n<meta property=\"og:title\" content=\"Gab\u00e8s : Un gardien de prison s&#039;immole par le feu\" \/>\n<meta property=\"og:description\" content=\"Un gardien de prison p\u00e8re de trois enfants se suicide par immolation. D\u00e9tails de l&#039;enqu\u00eate en cours selon le procureur de la R\u00e9publique.\" \/>\n<meta property=\"og:url\" content=\"https:\/\/www.webdo.tn\/fr\/actualite\/regions\/gabes-un-gardien-de-prison-s-immole-par-le-feu\/214808\/\" \/>\n<meta property=\"og:site_name\" content=\"webdo\" \/>\n<meta property=\"article:publisher\" content=\"https:\/\/www.facebook.com\/webdotn\" \/>\n<meta property=\"article:published_time\" content=\"2024-06-18T20:36:00+00:00\" \/>\n<meta property=\"article:modified_time\" content=\"2025-05-21T09:05:42+00:00\" \/>\n<meta property=\"og:image\" content=\"https:\/\/www.webdo.tn\/fr\/wp-content\/uploads\/2024\/06\/e0558dbea38026c81c3840622a996dd9.webp\" \/>\n\t<meta property=\"og:image:width\" content=\"750\" \/>\n\t<meta property=\"og:image:height\" content=\"400\" \/>\n\t<meta property=\"og:image:type\" content=\"image\/webp\" \/>\n<meta name=\"author\" content=\"AZ\" \/>\n<meta name=\"twitter:card\" content=\"summary_large_image\" \/>\n<meta name=\"twitter:creator\" content=\"@webdo_tn\" \/>\n<meta name=\"twitter:site\" content=\"@webdo_tn\" \/>\n<meta name=\"twitter:label1\" content=\"\u00c9crit par\" \/>\n\t<meta name=\"twitter:data1\" content=\"AZ\" \/>\n<script type=\"application\/ld+json\" class=\"yoast-schema-graph\">{\"@context\":\"https:\\\/\\\/schema.org\",\"@graph\":[{\"@type\":\"NewsArticle\",\"@id\":\"https:\\\/\\\/www.webdo.tn\\\/fr\\\/actualite\\\/regions\\\/gabes-un-gardien-de-prison-s-immole-par-le-feu\\\/214808\\\/#article\",\"isPartOf\":{\"@id\":\"https:\\\/\\\/www.webdo.tn\\\/fr\\\/actualite\\\/regions\\\/gabes-un-gardien-de-prison-s-immole-par-le-feu\\\/214808\\\/\"},\"author\":{\"name\":\"AZ\",\"@id\":\"https:\\\/\\\/www.webdo.tn\\\/fr\\\/#\\\/schema\\\/person\\\/b8a41c04d93287d375510db360906b34\"},\"headline\":\"Gab\u00e8s : Un gardien de prison s&rsquo;immole par le feu\",\"datePublished\":\"2024-06-18T20:36:00+00:00\",\"dateModified\":\"2025-05-21T09:05:42+00:00\",\"mainEntityOfPage\":{\"@id\":\"https:\\\/\\\/www.webdo.tn\\\/fr\\\/actualite\\\/regions\\\/gabes-un-gardien-de-prison-s-immole-par-le-feu\\\/214808\\\/\"},\"wordCount\":108,\"commentCount\":0,\"publisher\":{\"@id\":\"https:\\\/\\\/www.webdo.tn\\\/fr\\\/#organization\"},\"image\":{\"@id\":\"https:\\\/\\\/www.webdo.tn\\\/fr\\\/actualite\\\/regions\\\/gabes-un-gardien-de-prison-s-immole-par-le-feu\\\/214808\\\/#primaryimage\"},\"thumbnailUrl\":\"https:\\\/\\\/www.webdo.tn\\\/fr\\\/wp-content\\\/uploads\\\/2024\\\/06\\\/e0558dbea38026c81c3840622a996dd9.webp\",\"keywords\":[\"gab\u00e8s\",\"Immolation\",\"Tunisie\"],\"articleSection\":[\"regions\"],\"inLanguage\":\"fr-FR\"},{\"@type\":\"WebPage\",\"@id\":\"https:\\\/\\\/www.webdo.tn\\\/fr\\\/actualite\\\/regions\\\/gabes-un-gardien-de-prison-s-immole-par-le-feu\\\/214808\\\/\",\"url\":\"https:\\\/\\\/www.webdo.tn\\\/fr\\\/actualite\\\/regions\\\/gabes-un-gardien-de-prison-s-immole-par-le-feu\\\/214808\\\/\",\"name\":\"Gab\u00e8s : Un gardien de prison s'immole par le feu\",\"isPartOf\":{\"@id\":\"https:\\\/\\\/www.webdo.tn\\\/fr\\\/#website\"},\"primaryImageOfPage\":{\"@id\":\"https:\\\/\\\/www.webdo.tn\\\/fr\\\/actualite\\\/regions\\\/gabes-un-gardien-de-prison-s-immole-par-le-feu\\\/214808\\\/#primaryimage\"},\"image\":{\"@id\":\"https:\\\/\\\/www.webdo.tn\\\/fr\\\/actualite\\\/regions\\\/gabes-un-gardien-de-prison-s-immole-par-le-feu\\\/214808\\\/#primaryimage\"},\"thumbnailUrl\":\"https:\\\/\\\/www.webdo.tn\\\/fr\\\/wp-content\\\/uploads\\\/2024\\\/06\\\/e0558dbea38026c81c3840622a996dd9.webp\",\"datePublished\":\"2024-06-18T20:36:00+00:00\",\"dateModified\":\"2025-05-21T09:05:42+00:00\",\"description\":\"Un gardien de prison p\u00e8re de trois enfants se suicide par immolation. D\u00e9tails de l'enqu\u00eate en cours selon le procureur de la R\u00e9publique.\",\"breadcrumb\":{\"@id\":\"https:\\\/\\\/www.webdo.tn\\\/fr\\\/actualite\\\/regions\\\/gabes-un-gardien-de-prison-s-immole-par-le-feu\\\/214808\\\/#breadcrumb\"},\"inLanguage\":\"fr-FR\",\"potentialAction\":[{\"@type\":\"ReadAction\",\"target\":[\"https:\\\/\\\/www.webdo.tn\\\/fr\\\/actualite\\\/regions\\\/gabes-un-gardien-de-prison-s-immole-par-le-feu\\\/214808\\\/\"]}]},{\"@type\":\"ImageObject\",\"inLanguage\":\"fr-FR\",\"@id\":\"https:\\\/\\\/www.webdo.tn\\\/fr\\\/actualite\\\/regions\\\/gabes-un-gardien-de-prison-s-immole-par-le-feu\\\/214808\\\/#primaryimage\",\"url\":\"https:\\\/\\\/www.webdo.tn\\\/fr\\\/wp-content\\\/uploads\\\/2024\\\/06\\\/e0558dbea38026c81c3840622a996dd9.webp\",\"contentUrl\":\"https:\\\/\\\/www.webdo.tn\\\/fr\\\/wp-content\\\/uploads\\\/2024\\\/06\\\/e0558dbea38026c81c3840622a996dd9.webp\",\"width\":750,\"height\":400,\"caption\":\"Gab\u00e8s : Un gardien de prison s'immole par le feu\"},{\"@type\":\"BreadcrumbList\",\"@id\":\"https:\\\/\\\/www.webdo.tn\\\/fr\\\/actualite\\\/regions\\\/gabes-un-gardien-de-prison-s-immole-par-le-feu\\\/214808\\\/#breadcrumb\",\"itemListElement\":[{\"@type\":\"ListItem\",\"position\":1,\"name\":\"Accueil\",\"item\":\"https:\\\/\\\/www.webdo.tn\\\/fr\\\/\"},{\"@type\":\"ListItem\",\"position\":2,\"name\":\"Gab\u00e8s : Un gardien de prison s&rsquo;immole par le feu\"}]},{\"@type\":\"WebSite\",\"@id\":\"https:\\\/\\\/www.webdo.tn\\\/fr\\\/#website\",\"url\":\"https:\\\/\\\/www.webdo.tn\\\/fr\\\/\",\"name\":\"webdo\",\"description\":\"Tunisie - News en Tunisie et \u00e0 l&#039;international sur Webdo.tn\",\"publisher\":{\"@id\":\"https:\\\/\\\/www.webdo.tn\\\/fr\\\/#organization\"},\"potentialAction\":[{\"@type\":\"SearchAction\",\"target\":{\"@type\":\"EntryPoint\",\"urlTemplate\":\"https:\\\/\\\/www.webdo.tn\\\/fr\\\/?s={search_term_string}\"},\"query-input\":{\"@type\":\"PropertyValueSpecification\",\"valueRequired\":true,\"valueName\":\"search_term_string\"}}],\"inLanguage\":\"fr-FR\"},{\"@type\":\"Organization\",\"@id\":\"https:\\\/\\\/www.webdo.tn\\\/fr\\\/#organization\",\"name\":\"Webdo\",\"alternateName\":\"Webdo.tn\",\"url\":\"https:\\\/\\\/www.webdo.tn\\\/fr\\\/\",\"logo\":{\"@type\":\"ImageObject\",\"inLanguage\":\"fr-FR\",\"@id\":\"https:\\\/\\\/www.webdo.tn\\\/fr\\\/#\\\/schema\\\/logo\\\/image\\\/\",\"url\":\"https:\\\/\\\/www.webdo.tn\\\/fr\\\/wp-content\\\/uploads\\\/2025\\\/06\\\/Webdo-Tunisie_168377.jpg\",\"contentUrl\":\"https:\\\/\\\/www.webdo.tn\\\/fr\\\/wp-content\\\/uploads\\\/2025\\\/06\\\/Webdo-Tunisie_168377.jpg\",\"width\":301,\"height\":301,\"caption\":\"Webdo\"},\"image\":{\"@id\":\"https:\\\/\\\/www.webdo.tn\\\/fr\\\/#\\\/schema\\\/logo\\\/image\\\/\"},\"sameAs\":[\"https:\\\/\\\/www.facebook.com\\\/webdotn\",\"https:\\\/\\\/x.com\\\/webdo_tn\"],\"description\":\"Webdo est un m\u00e9dia num\u00e9rique tunisien fond\u00e9 en 2010, sp\u00e9cialis\u00e9 dans l\u2019actualit\u00e9 nationale et internationale, l\u2019\u00e9conomie, la soci\u00e9t\u00e9 et les analyses politiques. Le site s\u2019adresse \u00e0 un large public francophone et couvre l\u2019information tunisienne en temps r\u00e9el.\",\"email\":\"redac@webdo.tn\",\"legalName\":\"YNJ SARL\",\"foundingDate\":\"2010-09-06\",\"numberOfEmployees\":{\"@type\":\"QuantitativeValue\",\"minValue\":\"11\",\"maxValue\":\"50\"}},{\"@type\":\"Person\",\"@id\":\"https:\\\/\\\/www.webdo.tn\\\/fr\\\/#\\\/schema\\\/person\\\/b8a41c04d93287d375510db360906b34\",\"name\":\"AZ\",\"image\":{\"@type\":\"ImageObject\",\"inLanguage\":\"fr-FR\",\"@id\":\"https:\\\/\\\/secure.gravatar.com\\\/avatar\\\/492b80bada79439de4201dce15cd41eece6c277cfdf1b53382073c79105c1f89?s=96&d=mm&r=g\",\"url\":\"https:\\\/\\\/secure.gravatar.com\\\/avatar\\\/492b80bada79439de4201dce15cd41eece6c277cfdf1b53382073c79105c1f89?s=96&d=mm&r=g\",\"contentUrl\":\"https:\\\/\\\/secure.gravatar.com\\\/avatar\\\/492b80bada79439de4201dce15cd41eece6c277cfdf1b53382073c79105c1f89?s=96&d=mm&r=g\",\"caption\":\"AZ\"},\"url\":\"https:\\\/\\\/www.webdo.tn\\\/fr\\\/actualite\\\/author\\\/az\\\/\"}]}<\/script>\n<!-- \/ Yoast SEO Premium plugin. -->","yoast_head_json":{"title":"Gab\u00e8s : Un gardien de prison s'immole par le feu","description":"Un gardien de prison p\u00e8re de trois enfants se suicide par immolation. D\u00e9tails de l'enqu\u00eate en cours selon le procureur de la R\u00e9publique.","canonical":"https:\/\/www.webdo.tn\/fr\/actualite\/regions\/gabes-un-gardien-de-prison-s-immole-par-le-feu\/214808\/","og_locale":"fr_FR","og_type":"article","og_title":"Gab\u00e8s : Un gardien de prison s'immole par le feu","og_description":"Un gardien de prison p\u00e8re de trois enfants se suicide par immolation. D\u00e9tails de l'enqu\u00eate en cours selon le procureur de la R\u00e9publique.","og_url":"https:\/\/www.webdo.tn\/fr\/actualite\/regions\/gabes-un-gardien-de-prison-s-immole-par-le-feu\/214808\/","og_site_name":"webdo","article_publisher":"https:\/\/www.facebook.com\/webdotn","article_published_time":"2024-06-18T20:36:00+00:00","article_modified_time":"2025-05-21T09:05:42+00:00","og_image":[{"width":750,"height":400,"url":"https:\/\/www.webdo.tn\/fr\/wp-content\/uploads\/2024\/06\/e0558dbea38026c81c3840622a996dd9.webp","type":"image\/webp"}],"author":"AZ","twitter_card":"summary_large_image","twitter_creator":"@webdo_tn","twitter_site":"@webdo_tn","twitter_misc":{"\u00c9crit par":"AZ"},"schema":{"@context":"https:\/\/schema.org","@graph":[{"@type":"NewsArticle","@id":"https:\/\/www.webdo.tn\/fr\/actualite\/regions\/gabes-un-gardien-de-prison-s-immole-par-le-feu\/214808\/#article","isPartOf":{"@id":"https:\/\/www.webdo.tn\/fr\/actualite\/regions\/gabes-un-gardien-de-prison-s-immole-par-le-feu\/214808\/"},"author":{"name":"AZ","@id":"https:\/\/www.webdo.tn\/fr\/#\/schema\/person\/b8a41c04d93287d375510db360906b34"},"headline":"Gab\u00e8s : Un gardien de prison s&rsquo;immole par le feu","datePublished":"2024-06-18T20:36:00+00:00","dateModified":"2025-05-21T09:05:42+00:00","mainEntityOfPage":{"@id":"https:\/\/www.webdo.tn\/fr\/actualite\/regions\/gabes-un-gardien-de-prison-s-immole-par-le-feu\/214808\/"},"wordCount":108,"commentCount":0,"publisher":{"@id":"https:\/\/www.webdo.tn\/fr\/#organization"},"image":{"@id":"https:\/\/www.webdo.tn\/fr\/actualite\/regions\/gabes-un-gardien-de-prison-s-immole-par-le-feu\/214808\/#primaryimage"},"thumbnailUrl":"https:\/\/www.webdo.tn\/fr\/wp-content\/uploads\/2024\/06\/e0558dbea38026c81c3840622a996dd9.webp","keywords":["gab\u00e8s","Immolation","Tunisie"],"articleSection":["regions"],"inLanguage":"fr-FR"},{"@type":"WebPage","@id":"https:\/\/www.webdo.tn\/fr\/actualite\/regions\/gabes-un-gardien-de-prison-s-immole-par-le-feu\/214808\/","url":"https:\/\/www.webdo.tn\/fr\/actualite\/regions\/gabes-un-gardien-de-prison-s-immole-par-le-feu\/214808\/","name":"Gab\u00e8s : Un gardien de prison s'immole par le feu","isPartOf":{"@id":"https:\/\/www.webdo.tn\/fr\/#website"},"primaryImageOfPage":{"@id":"https:\/\/www.webdo.tn\/fr\/actualite\/regions\/gabes-un-gardien-de-prison-s-immole-par-le-feu\/214808\/#primaryimage"},"image":{"@id":"https:\/\/www.webdo.tn\/fr\/actualite\/regions\/gabes-un-gardien-de-prison-s-immole-par-le-feu\/214808\/#primaryimage"},"thumbnailUrl":"https:\/\/www.webdo.tn\/fr\/wp-content\/uploads\/2024\/06\/e0558dbea38026c81c3840622a996dd9.webp","datePublished":"2024-06-18T20:36:00+00:00","dateModified":"2025-05-21T09:05:42+00:00","description":"Un gardien de prison p\u00e8re de trois enfants se suicide par immolation. D\u00e9tails de l'enqu\u00eate en cours selon le procureur de la R\u00e9publique.","breadcrumb":{"@id":"https:\/\/www.webdo.tn\/fr\/actualite\/regions\/gabes-un-gardien-de-prison-s-immole-par-le-feu\/214808\/#breadcrumb"},"inLanguage":"fr-FR","potentialAction":[{"@type":"ReadAction","target":["https:\/\/www.webdo.tn\/fr\/actualite\/regions\/gabes-un-gardien-de-prison-s-immole-par-le-feu\/214808\/"]}]},{"@type":"ImageObject","inLanguage":"fr-FR","@id":"https:\/\/www.webdo.tn\/fr\/actualite\/regions\/gabes-un-gardien-de-prison-s-immole-par-le-feu\/214808\/#primaryimage","url":"https:\/\/www.webdo.tn\/fr\/wp-content\/uploads\/2024\/06\/e0558dbea38026c81c3840622a996dd9.webp","contentUrl":"https:\/\/www.webdo.tn\/fr\/wp-content\/uploads\/2024\/06\/e0558dbea38026c81c3840622a996dd9.webp","width":750,"height":400,"caption":"Gab\u00e8s : Un gardien de prison s'immole par le feu"},{"@type":"BreadcrumbList","@id":"https:\/\/www.webdo.tn\/fr\/actualite\/regions\/gabes-un-gardien-de-prison-s-immole-par-le-feu\/214808\/#breadcrumb","itemListElement":[{"@type":"ListItem","position":1,"name":"Accueil","item":"https:\/\/www.webdo.tn\/fr\/"},{"@type":"ListItem","position":2,"name":"Gab\u00e8s : Un gardien de prison s&rsquo;immole par le feu"}]},{"@type":"WebSite","@id":"https:\/\/www.webdo.tn\/fr\/#website","url":"https:\/\/www.webdo.tn\/fr\/","name":"webdo","description":"Tunisie - News en Tunisie et \u00e0 l&#039;international sur Webdo.tn","publisher":{"@id":"https:\/\/www.webdo.tn\/fr\/#organization"},"potentialAction":[{"@type":"SearchAction","target":{"@type":"EntryPoint","urlTemplate":"https:\/\/www.webdo.tn\/fr\/?s={search_term_string}"},"query-input":{"@type":"PropertyValueSpecification","valueRequired":true,"valueName":"search_term_string"}}],"inLanguage":"fr-FR"},{"@type":"Organization","@id":"https:\/\/www.webdo.tn\/fr\/#organization","name":"Webdo","alternateName":"Webdo.tn","url":"https:\/\/www.webdo.tn\/fr\/","logo":{"@type":"ImageObject","inLanguage":"fr-FR","@id":"https:\/\/www.webdo.tn\/fr\/#\/schema\/logo\/image\/","url":"https:\/\/www.webdo.tn\/fr\/wp-content\/uploads\/2025\/06\/Webdo-Tunisie_168377.jpg","contentUrl":"https:\/\/www.webdo.tn\/fr\/wp-content\/uploads\/2025\/06\/Webdo-Tunisie_168377.jpg","width":301,"height":301,"caption":"Webdo"},"image":{"@id":"https:\/\/www.webdo.tn\/fr\/#\/schema\/logo\/image\/"},"sameAs":["https:\/\/www.facebook.com\/webdotn","https:\/\/x.com\/webdo_tn"],"description":"Webdo est un m\u00e9dia num\u00e9rique tunisien fond\u00e9 en 2010, sp\u00e9cialis\u00e9 dans l\u2019actualit\u00e9 nationale et internationale, l\u2019\u00e9conomie, la soci\u00e9t\u00e9 et les analyses politiques. Le site s\u2019adresse \u00e0 un large public francophone et couvre l\u2019information tunisienne en temps r\u00e9el.","email":"redac@webdo.tn","legalName":"YNJ SARL","foundingDate":"2010-09-06","numberOfEmployees":{"@type":"QuantitativeValue","minValue":"11","maxValue":"50"}},{"@type":"Person","@id":"https:\/\/www.webdo.tn\/fr\/#\/schema\/person\/b8a41c04d93287d375510db360906b34","name":"AZ","image":{"@type":"ImageObject","inLanguage":"fr-FR","@id":"https:\/\/secure.gravatar.com\/avatar\/492b80bada79439de4201dce15cd41eece6c277cfdf1b53382073c79105c1f89?s=96&d=mm&r=g","url":"https:\/\/secure.gravatar.com\/avatar\/492b80bada79439de4201dce15cd41eece6c277cfdf1b53382073c79105c1f89?s=96&d=mm&r=g","contentUrl":"https:\/\/secure.gravatar.com\/avatar\/492b80bada79439de4201dce15cd41eece6c277cfdf1b53382073c79105c1f89?s=96&d=mm&r=g","caption":"AZ"},"url":"https:\/\/www.webdo.tn\/fr\/actualite\/author\/az\/"}]}},"_links":{"self":[{"href":"https:\/\/www.webdo.tn\/fr\/wp-json\/wp\/v2\/posts\/214808","targetHints":{"allow":["GET"]}}],"collection":[{"href":"https:\/\/www.webdo.tn\/fr\/wp-json\/wp\/v2\/posts"}],"about":[{"href":"https:\/\/www.webdo.tn\/fr\/wp-json\/wp\/v2\/types\/post"}],"author":[{"embeddable":true,"href":"https:\/\/www.webdo.tn\/fr\/wp-json\/wp\/v2\/users\/3166"}],"replies":[{"embeddable":true,"href":"https:\/\/www.webdo.tn\/fr\/wp-json\/wp\/v2\/comments?post=214808"}],"version-history":[{"count":0,"href":"https:\/\/www.webdo.tn\/fr\/wp-json\/wp\/v2\/posts\/214808\/revisions"}],"wp:featuredmedia":[{"embeddable":true,"href":"https:\/\/www.webdo.tn\/fr\/wp-json\/wp\/v2\/media\/290730"}],"wp:attachment":[{"href":"https:\/\/www.webdo.tn\/fr\/wp-json\/wp\/v2\/media?parent=214808"}],"wp:term":[{"taxonomy":"category","embeddable":true,"href":"https:\/\/www.webdo.tn\/fr\/wp-json\/wp\/v2\/categories?post=214808"},{"taxonomy":"post_tag","embeddable":true,"href":"https:\/\/www.webdo.tn\/fr\/wp-json\/wp\/v2\/tags?post=214808"}],"curies":[{"name":"wp","href":"https:\/\/api.w.org\/{rel}","templated":true}]}}