{"id":214800,"date":"2024-06-18T15:07:00","date_gmt":"2024-06-18T15:07:00","guid":{"rendered":"https:\/\/www.webdo.tn\/fr\/blog\/tunisie-23-pelerins-tunisiens-decedes-a-la-mecque\/214800\/"},"modified":"2025-05-20T22:36:18","modified_gmt":"2025-05-20T22:36:18","slug":"tunisie-23-pelerins-tunisiens-decedes-a-la-mecque","status":"publish","type":"post","link":"https:\/\/www.webdo.tn\/fr\/actualite\/national\/tunisie-23-pelerins-tunisiens-decedes-a-la-mecque\/214800\/","title":{"rendered":"Tunisie : 23 p\u00e8lerins tunisiens d\u00e9c\u00e9d\u00e9s \u00e0 la Mecque"},"content":{"rendered":"<p>Une source au consulat g\u00e9n\u00e9ral de la R\u00e9publique tunisienne \u00e0 Jeddah a annonc\u00e9 aujourd&rsquo;hui mardi 18 juin 2024, que 23 p\u00e8lerins sont d\u00e9c\u00e9d\u00e9s lors de l&rsquo;accomplissement des rites du Hajj.<\/p>\n<p>\t\t\t\t\t\t\t\t\tLe consulat g\u00e9n\u00e9ral de la R\u00e9publique tunisienne \u00e0 Jeddah a publi\u00e9 aujourd&rsquo;hui, mardi 18 juin 2024, sur sa page Facebook une liste de 23 noms de p\u00e8lerins tunisiens, sans pr\u00e9ciser leur \u00e9tat, appelant les proches de ces p\u00e8lerins \u00e0 contacter le consulat aux num\u00e9ros de t\u00e9l\u00e9phone mis \u00e0 leur disposition.<\/p>\n<p>La source au consulat a confirm\u00e9 lors d&rsquo;un appel t\u00e9l\u00e9phonique \u00e0 l&rsquo;Agence Tunis Afrique Presse que cette liste publi\u00e9e concerne des p\u00e8lerins d\u00e9c\u00e9d\u00e9s sur les terres saintes.<\/p>\n","protected":false},"excerpt":{"rendered":"<p>Une source au consulat g\u00e9n\u00e9ral de la R\u00e9publique tunisienne \u00e0 Jeddah a annonc\u00e9 aujourd&rsquo;hui mardi 18 juin 2024, que 23 p\u00e8lerins sont d\u00e9c\u00e9d\u00e9s lors de l&rsquo;accomplisse&#8230;<\/p>\n","protected":false},"author":3175,"featured_media":247167,"comment_status":"open","ping_status":"closed","sticky":false,"template":"","format":"standard","meta":{"footnotes":""},"categories":[44],"tags":[2830,6284,4031,3408,2608],"class_list":["post-214800","post","type-post","status-publish","format-standard","has-post-thumbnail","hentry","category-national","tag-deces","tag-la-mecque","tag-pelerinage","tag-pelerins","tag-tunisie"],"yoast_head":"<!-- This site is optimized with the Yoast SEO Premium plugin v27.5 (Yoast SEO v27.5) - https:\/\/yoast.com\/product\/yoast-seo-premium-wordpress\/ -->\n<title>Tunisie : 23 p\u00e8lerins tunisiens d\u00e9c\u00e9d\u00e9s \u00e0 la Mecque<\/title>\n<meta name=\"description\" content=\"Une source au consulat g\u00e9n\u00e9ral de la R\u00e9publique tunisienne \u00e0 Jeddah a annonc\u00e9 aujourd&#039;hui mardi 18 juin 2024, que 23 p\u00e8lerins sont d\u00e9c\u00e9d\u00e9s lors de l&#039;accomplisse...\" \/>\n<link rel=\"canonical\" href=\"https:\/\/www.webdo.tn\/fr\/actualite\/national\/tunisie-23-pelerins-tunisiens-decedes-a-la-mecque\/214800\/\" \/>\n<meta property=\"og:locale\" content=\"fr_FR\" \/>\n<meta property=\"og:type\" content=\"article\" \/>\n<meta property=\"og:title\" content=\"Tunisie : 23 p\u00e8lerins tunisiens d\u00e9c\u00e9d\u00e9s \u00e0 la Mecque\" \/>\n<meta property=\"og:description\" content=\"Une source au consulat g\u00e9n\u00e9ral de la R\u00e9publique tunisienne \u00e0 Jeddah a annonc\u00e9 aujourd&#039;hui mardi 18 juin 2024, que 23 p\u00e8lerins sont d\u00e9c\u00e9d\u00e9s lors de l&#039;accomplisse...\" \/>\n<meta property=\"og:url\" content=\"https:\/\/www.webdo.tn\/fr\/actualite\/national\/tunisie-23-pelerins-tunisiens-decedes-a-la-mecque\/214800\/\" \/>\n<meta property=\"og:site_name\" content=\"webdo\" \/>\n<meta property=\"article:publisher\" content=\"https:\/\/www.facebook.com\/webdotn\" \/>\n<meta property=\"article:published_time\" content=\"2024-06-18T15:07:00+00:00\" \/>\n<meta property=\"article:modified_time\" content=\"2025-05-20T22:36:18+00:00\" \/>\n<meta property=\"og:image\" content=\"https:\/\/www.webdo.tn\/fr\/wp-content\/uploads\/2024\/06\/ff2d1817707a62d277fdeb21dcae5ee8.webp\" \/>\n\t<meta property=\"og:image:width\" content=\"750\" \/>\n\t<meta property=\"og:image:height\" content=\"400\" \/>\n\t<meta property=\"og:image:type\" content=\"image\/webp\" \/>\n<meta name=\"author\" content=\"CL\" \/>\n<meta name=\"twitter:card\" content=\"summary_large_image\" \/>\n<meta name=\"twitter:creator\" content=\"@webdo_tn\" \/>\n<meta name=\"twitter:site\" content=\"@webdo_tn\" \/>\n<meta name=\"twitter:label1\" content=\"\u00c9crit par\" \/>\n\t<meta name=\"twitter:data1\" content=\"CL\" \/>\n\t<meta name=\"twitter:label2\" content=\"Dur\u00e9e de lecture estim\u00e9e\" \/>\n\t<meta name=\"twitter:data2\" content=\"1 minute\" \/>\n<script type=\"application\/ld+json\" class=\"yoast-schema-graph\">{\"@context\":\"https:\\\/\\\/schema.org\",\"@graph\":[{\"@type\":\"NewsArticle\",\"@id\":\"https:\\\/\\\/www.webdo.tn\\\/fr\\\/actualite\\\/national\\\/tunisie-23-pelerins-tunisiens-decedes-a-la-mecque\\\/214800\\\/#article\",\"isPartOf\":{\"@id\":\"https:\\\/\\\/www.webdo.tn\\\/fr\\\/actualite\\\/national\\\/tunisie-23-pelerins-tunisiens-decedes-a-la-mecque\\\/214800\\\/\"},\"author\":{\"name\":\"CL\",\"@id\":\"https:\\\/\\\/www.webdo.tn\\\/fr\\\/#\\\/schema\\\/person\\\/f35b42a42c5e2511bbd282959d6385cc\"},\"headline\":\"Tunisie : 23 p\u00e8lerins tunisiens d\u00e9c\u00e9d\u00e9s \u00e0 la Mecque\",\"datePublished\":\"2024-06-18T15:07:00+00:00\",\"dateModified\":\"2025-05-20T22:36:18+00:00\",\"mainEntityOfPage\":{\"@id\":\"https:\\\/\\\/www.webdo.tn\\\/fr\\\/actualite\\\/national\\\/tunisie-23-pelerins-tunisiens-decedes-a-la-mecque\\\/214800\\\/\"},\"wordCount\":134,\"commentCount\":0,\"publisher\":{\"@id\":\"https:\\\/\\\/www.webdo.tn\\\/fr\\\/#organization\"},\"image\":{\"@id\":\"https:\\\/\\\/www.webdo.tn\\\/fr\\\/actualite\\\/national\\\/tunisie-23-pelerins-tunisiens-decedes-a-la-mecque\\\/214800\\\/#primaryimage\"},\"thumbnailUrl\":\"https:\\\/\\\/www.webdo.tn\\\/fr\\\/wp-content\\\/uploads\\\/2024\\\/06\\\/ff2d1817707a62d277fdeb21dcae5ee8.webp\",\"keywords\":[\"D\u00e9c\u00e8s\",\"la mecque\",\"p\u00e8lerinage\",\"p\u00e8lerins\",\"Tunisie\"],\"articleSection\":[\"National\"],\"inLanguage\":\"fr-FR\"},{\"@type\":\"WebPage\",\"@id\":\"https:\\\/\\\/www.webdo.tn\\\/fr\\\/actualite\\\/national\\\/tunisie-23-pelerins-tunisiens-decedes-a-la-mecque\\\/214800\\\/\",\"url\":\"https:\\\/\\\/www.webdo.tn\\\/fr\\\/actualite\\\/national\\\/tunisie-23-pelerins-tunisiens-decedes-a-la-mecque\\\/214800\\\/\",\"name\":\"Tunisie : 23 p\u00e8lerins tunisiens d\u00e9c\u00e9d\u00e9s \u00e0 la Mecque\",\"isPartOf\":{\"@id\":\"https:\\\/\\\/www.webdo.tn\\\/fr\\\/#website\"},\"primaryImageOfPage\":{\"@id\":\"https:\\\/\\\/www.webdo.tn\\\/fr\\\/actualite\\\/national\\\/tunisie-23-pelerins-tunisiens-decedes-a-la-mecque\\\/214800\\\/#primaryimage\"},\"image\":{\"@id\":\"https:\\\/\\\/www.webdo.tn\\\/fr\\\/actualite\\\/national\\\/tunisie-23-pelerins-tunisiens-decedes-a-la-mecque\\\/214800\\\/#primaryimage\"},\"thumbnailUrl\":\"https:\\\/\\\/www.webdo.tn\\\/fr\\\/wp-content\\\/uploads\\\/2024\\\/06\\\/ff2d1817707a62d277fdeb21dcae5ee8.webp\",\"datePublished\":\"2024-06-18T15:07:00+00:00\",\"dateModified\":\"2025-05-20T22:36:18+00:00\",\"description\":\"Une source au consulat g\u00e9n\u00e9ral de la R\u00e9publique tunisienne \u00e0 Jeddah a annonc\u00e9 aujourd'hui mardi 18 juin 2024, que 23 p\u00e8lerins sont d\u00e9c\u00e9d\u00e9s lors de l'accomplisse...\",\"breadcrumb\":{\"@id\":\"https:\\\/\\\/www.webdo.tn\\\/fr\\\/actualite\\\/national\\\/tunisie-23-pelerins-tunisiens-decedes-a-la-mecque\\\/214800\\\/#breadcrumb\"},\"inLanguage\":\"fr-FR\",\"potentialAction\":[{\"@type\":\"ReadAction\",\"target\":[\"https:\\\/\\\/www.webdo.tn\\\/fr\\\/actualite\\\/national\\\/tunisie-23-pelerins-tunisiens-decedes-a-la-mecque\\\/214800\\\/\"]}]},{\"@type\":\"ImageObject\",\"inLanguage\":\"fr-FR\",\"@id\":\"https:\\\/\\\/www.webdo.tn\\\/fr\\\/actualite\\\/national\\\/tunisie-23-pelerins-tunisiens-decedes-a-la-mecque\\\/214800\\\/#primaryimage\",\"url\":\"https:\\\/\\\/www.webdo.tn\\\/fr\\\/wp-content\\\/uploads\\\/2024\\\/06\\\/ff2d1817707a62d277fdeb21dcae5ee8.webp\",\"contentUrl\":\"https:\\\/\\\/www.webdo.tn\\\/fr\\\/wp-content\\\/uploads\\\/2024\\\/06\\\/ff2d1817707a62d277fdeb21dcae5ee8.webp\",\"width\":750,\"height\":400,\"caption\":\"Tunisie : 23 p\u00e8lerins tunisiens d\u00e9c\u00e9d\u00e9s \u00e0 la Mecque\"},{\"@type\":\"BreadcrumbList\",\"@id\":\"https:\\\/\\\/www.webdo.tn\\\/fr\\\/actualite\\\/national\\\/tunisie-23-pelerins-tunisiens-decedes-a-la-mecque\\\/214800\\\/#breadcrumb\",\"itemListElement\":[{\"@type\":\"ListItem\",\"position\":1,\"name\":\"Accueil\",\"item\":\"https:\\\/\\\/www.webdo.tn\\\/fr\\\/\"},{\"@type\":\"ListItem\",\"position\":2,\"name\":\"Tunisie : 23 p\u00e8lerins tunisiens d\u00e9c\u00e9d\u00e9s \u00e0 la Mecque\"}]},{\"@type\":\"WebSite\",\"@id\":\"https:\\\/\\\/www.webdo.tn\\\/fr\\\/#website\",\"url\":\"https:\\\/\\\/www.webdo.tn\\\/fr\\\/\",\"name\":\"webdo\",\"description\":\"Tunisie - News en Tunisie et \u00e0 l&#039;international sur Webdo.tn\",\"publisher\":{\"@id\":\"https:\\\/\\\/www.webdo.tn\\\/fr\\\/#organization\"},\"potentialAction\":[{\"@type\":\"SearchAction\",\"target\":{\"@type\":\"EntryPoint\",\"urlTemplate\":\"https:\\\/\\\/www.webdo.tn\\\/fr\\\/?s={search_term_string}\"},\"query-input\":{\"@type\":\"PropertyValueSpecification\",\"valueRequired\":true,\"valueName\":\"search_term_string\"}}],\"inLanguage\":\"fr-FR\"},{\"@type\":\"Organization\",\"@id\":\"https:\\\/\\\/www.webdo.tn\\\/fr\\\/#organization\",\"name\":\"Webdo\",\"alternateName\":\"Webdo.tn\",\"url\":\"https:\\\/\\\/www.webdo.tn\\\/fr\\\/\",\"logo\":{\"@type\":\"ImageObject\",\"inLanguage\":\"fr-FR\",\"@id\":\"https:\\\/\\\/www.webdo.tn\\\/fr\\\/#\\\/schema\\\/logo\\\/image\\\/\",\"url\":\"https:\\\/\\\/www.webdo.tn\\\/fr\\\/wp-content\\\/uploads\\\/2025\\\/06\\\/Webdo-Tunisie_168377.jpg\",\"contentUrl\":\"https:\\\/\\\/www.webdo.tn\\\/fr\\\/wp-content\\\/uploads\\\/2025\\\/06\\\/Webdo-Tunisie_168377.jpg\",\"width\":301,\"height\":301,\"caption\":\"Webdo\"},\"image\":{\"@id\":\"https:\\\/\\\/www.webdo.tn\\\/fr\\\/#\\\/schema\\\/logo\\\/image\\\/\"},\"sameAs\":[\"https:\\\/\\\/www.facebook.com\\\/webdotn\",\"https:\\\/\\\/x.com\\\/webdo_tn\"],\"description\":\"Webdo est un m\u00e9dia num\u00e9rique tunisien fond\u00e9 en 2010, sp\u00e9cialis\u00e9 dans l\u2019actualit\u00e9 nationale et internationale, l\u2019\u00e9conomie, la soci\u00e9t\u00e9 et les analyses politiques. Le site s\u2019adresse \u00e0 un large public francophone et couvre l\u2019information tunisienne en temps r\u00e9el.\",\"email\":\"redac@webdo.tn\",\"legalName\":\"YNJ SARL\",\"foundingDate\":\"2010-09-06\",\"numberOfEmployees\":{\"@type\":\"QuantitativeValue\",\"minValue\":\"11\",\"maxValue\":\"50\"}},{\"@type\":\"Person\",\"@id\":\"https:\\\/\\\/www.webdo.tn\\\/fr\\\/#\\\/schema\\\/person\\\/f35b42a42c5e2511bbd282959d6385cc\",\"name\":\"CL\",\"image\":{\"@type\":\"ImageObject\",\"inLanguage\":\"fr-FR\",\"@id\":\"https:\\\/\\\/secure.gravatar.com\\\/avatar\\\/1447a49909b67aa657c488aec6512e1dd6143a480c1ecfee9b5b5cd74eb3b59e?s=96&d=mm&r=g\",\"url\":\"https:\\\/\\\/secure.gravatar.com\\\/avatar\\\/1447a49909b67aa657c488aec6512e1dd6143a480c1ecfee9b5b5cd74eb3b59e?s=96&d=mm&r=g\",\"contentUrl\":\"https:\\\/\\\/secure.gravatar.com\\\/avatar\\\/1447a49909b67aa657c488aec6512e1dd6143a480c1ecfee9b5b5cd74eb3b59e?s=96&d=mm&r=g\",\"caption\":\"CL\"},\"url\":\"https:\\\/\\\/www.webdo.tn\\\/fr\\\/actualite\\\/author\\\/cl\\\/\"}]}<\/script>\n<!-- \/ Yoast SEO Premium plugin. -->","yoast_head_json":{"title":"Tunisie : 23 p\u00e8lerins tunisiens d\u00e9c\u00e9d\u00e9s \u00e0 la Mecque","description":"Une source au consulat g\u00e9n\u00e9ral de la R\u00e9publique tunisienne \u00e0 Jeddah a annonc\u00e9 aujourd'hui mardi 18 juin 2024, que 23 p\u00e8lerins sont d\u00e9c\u00e9d\u00e9s lors de l'accomplisse...","canonical":"https:\/\/www.webdo.tn\/fr\/actualite\/national\/tunisie-23-pelerins-tunisiens-decedes-a-la-mecque\/214800\/","og_locale":"fr_FR","og_type":"article","og_title":"Tunisie : 23 p\u00e8lerins tunisiens d\u00e9c\u00e9d\u00e9s \u00e0 la Mecque","og_description":"Une source au consulat g\u00e9n\u00e9ral de la R\u00e9publique tunisienne \u00e0 Jeddah a annonc\u00e9 aujourd'hui mardi 18 juin 2024, que 23 p\u00e8lerins sont d\u00e9c\u00e9d\u00e9s lors de l'accomplisse...","og_url":"https:\/\/www.webdo.tn\/fr\/actualite\/national\/tunisie-23-pelerins-tunisiens-decedes-a-la-mecque\/214800\/","og_site_name":"webdo","article_publisher":"https:\/\/www.facebook.com\/webdotn","article_published_time":"2024-06-18T15:07:00+00:00","article_modified_time":"2025-05-20T22:36:18+00:00","og_image":[{"width":750,"height":400,"url":"https:\/\/www.webdo.tn\/fr\/wp-content\/uploads\/2024\/06\/ff2d1817707a62d277fdeb21dcae5ee8.webp","type":"image\/webp"}],"author":"CL","twitter_card":"summary_large_image","twitter_creator":"@webdo_tn","twitter_site":"@webdo_tn","twitter_misc":{"\u00c9crit par":"CL","Dur\u00e9e de lecture estim\u00e9e":"1 minute"},"schema":{"@context":"https:\/\/schema.org","@graph":[{"@type":"NewsArticle","@id":"https:\/\/www.webdo.tn\/fr\/actualite\/national\/tunisie-23-pelerins-tunisiens-decedes-a-la-mecque\/214800\/#article","isPartOf":{"@id":"https:\/\/www.webdo.tn\/fr\/actualite\/national\/tunisie-23-pelerins-tunisiens-decedes-a-la-mecque\/214800\/"},"author":{"name":"CL","@id":"https:\/\/www.webdo.tn\/fr\/#\/schema\/person\/f35b42a42c5e2511bbd282959d6385cc"},"headline":"Tunisie : 23 p\u00e8lerins tunisiens d\u00e9c\u00e9d\u00e9s \u00e0 la Mecque","datePublished":"2024-06-18T15:07:00+00:00","dateModified":"2025-05-20T22:36:18+00:00","mainEntityOfPage":{"@id":"https:\/\/www.webdo.tn\/fr\/actualite\/national\/tunisie-23-pelerins-tunisiens-decedes-a-la-mecque\/214800\/"},"wordCount":134,"commentCount":0,"publisher":{"@id":"https:\/\/www.webdo.tn\/fr\/#organization"},"image":{"@id":"https:\/\/www.webdo.tn\/fr\/actualite\/national\/tunisie-23-pelerins-tunisiens-decedes-a-la-mecque\/214800\/#primaryimage"},"thumbnailUrl":"https:\/\/www.webdo.tn\/fr\/wp-content\/uploads\/2024\/06\/ff2d1817707a62d277fdeb21dcae5ee8.webp","keywords":["D\u00e9c\u00e8s","la mecque","p\u00e8lerinage","p\u00e8lerins","Tunisie"],"articleSection":["National"],"inLanguage":"fr-FR"},{"@type":"WebPage","@id":"https:\/\/www.webdo.tn\/fr\/actualite\/national\/tunisie-23-pelerins-tunisiens-decedes-a-la-mecque\/214800\/","url":"https:\/\/www.webdo.tn\/fr\/actualite\/national\/tunisie-23-pelerins-tunisiens-decedes-a-la-mecque\/214800\/","name":"Tunisie : 23 p\u00e8lerins tunisiens d\u00e9c\u00e9d\u00e9s \u00e0 la Mecque","isPartOf":{"@id":"https:\/\/www.webdo.tn\/fr\/#website"},"primaryImageOfPage":{"@id":"https:\/\/www.webdo.tn\/fr\/actualite\/national\/tunisie-23-pelerins-tunisiens-decedes-a-la-mecque\/214800\/#primaryimage"},"image":{"@id":"https:\/\/www.webdo.tn\/fr\/actualite\/national\/tunisie-23-pelerins-tunisiens-decedes-a-la-mecque\/214800\/#primaryimage"},"thumbnailUrl":"https:\/\/www.webdo.tn\/fr\/wp-content\/uploads\/2024\/06\/ff2d1817707a62d277fdeb21dcae5ee8.webp","datePublished":"2024-06-18T15:07:00+00:00","dateModified":"2025-05-20T22:36:18+00:00","description":"Une source au consulat g\u00e9n\u00e9ral de la R\u00e9publique tunisienne \u00e0 Jeddah a annonc\u00e9 aujourd'hui mardi 18 juin 2024, que 23 p\u00e8lerins sont d\u00e9c\u00e9d\u00e9s lors de l'accomplisse...","breadcrumb":{"@id":"https:\/\/www.webdo.tn\/fr\/actualite\/national\/tunisie-23-pelerins-tunisiens-decedes-a-la-mecque\/214800\/#breadcrumb"},"inLanguage":"fr-FR","potentialAction":[{"@type":"ReadAction","target":["https:\/\/www.webdo.tn\/fr\/actualite\/national\/tunisie-23-pelerins-tunisiens-decedes-a-la-mecque\/214800\/"]}]},{"@type":"ImageObject","inLanguage":"fr-FR","@id":"https:\/\/www.webdo.tn\/fr\/actualite\/national\/tunisie-23-pelerins-tunisiens-decedes-a-la-mecque\/214800\/#primaryimage","url":"https:\/\/www.webdo.tn\/fr\/wp-content\/uploads\/2024\/06\/ff2d1817707a62d277fdeb21dcae5ee8.webp","contentUrl":"https:\/\/www.webdo.tn\/fr\/wp-content\/uploads\/2024\/06\/ff2d1817707a62d277fdeb21dcae5ee8.webp","width":750,"height":400,"caption":"Tunisie : 23 p\u00e8lerins tunisiens d\u00e9c\u00e9d\u00e9s \u00e0 la Mecque"},{"@type":"BreadcrumbList","@id":"https:\/\/www.webdo.tn\/fr\/actualite\/national\/tunisie-23-pelerins-tunisiens-decedes-a-la-mecque\/214800\/#breadcrumb","itemListElement":[{"@type":"ListItem","position":1,"name":"Accueil","item":"https:\/\/www.webdo.tn\/fr\/"},{"@type":"ListItem","position":2,"name":"Tunisie : 23 p\u00e8lerins tunisiens d\u00e9c\u00e9d\u00e9s \u00e0 la Mecque"}]},{"@type":"WebSite","@id":"https:\/\/www.webdo.tn\/fr\/#website","url":"https:\/\/www.webdo.tn\/fr\/","name":"webdo","description":"Tunisie - News en Tunisie et \u00e0 l&#039;international sur Webdo.tn","publisher":{"@id":"https:\/\/www.webdo.tn\/fr\/#organization"},"potentialAction":[{"@type":"SearchAction","target":{"@type":"EntryPoint","urlTemplate":"https:\/\/www.webdo.tn\/fr\/?s={search_term_string}"},"query-input":{"@type":"PropertyValueSpecification","valueRequired":true,"valueName":"search_term_string"}}],"inLanguage":"fr-FR"},{"@type":"Organization","@id":"https:\/\/www.webdo.tn\/fr\/#organization","name":"Webdo","alternateName":"Webdo.tn","url":"https:\/\/www.webdo.tn\/fr\/","logo":{"@type":"ImageObject","inLanguage":"fr-FR","@id":"https:\/\/www.webdo.tn\/fr\/#\/schema\/logo\/image\/","url":"https:\/\/www.webdo.tn\/fr\/wp-content\/uploads\/2025\/06\/Webdo-Tunisie_168377.jpg","contentUrl":"https:\/\/www.webdo.tn\/fr\/wp-content\/uploads\/2025\/06\/Webdo-Tunisie_168377.jpg","width":301,"height":301,"caption":"Webdo"},"image":{"@id":"https:\/\/www.webdo.tn\/fr\/#\/schema\/logo\/image\/"},"sameAs":["https:\/\/www.facebook.com\/webdotn","https:\/\/x.com\/webdo_tn"],"description":"Webdo est un m\u00e9dia num\u00e9rique tunisien fond\u00e9 en 2010, sp\u00e9cialis\u00e9 dans l\u2019actualit\u00e9 nationale et internationale, l\u2019\u00e9conomie, la soci\u00e9t\u00e9 et les analyses politiques. Le site s\u2019adresse \u00e0 un large public francophone et couvre l\u2019information tunisienne en temps r\u00e9el.","email":"redac@webdo.tn","legalName":"YNJ SARL","foundingDate":"2010-09-06","numberOfEmployees":{"@type":"QuantitativeValue","minValue":"11","maxValue":"50"}},{"@type":"Person","@id":"https:\/\/www.webdo.tn\/fr\/#\/schema\/person\/f35b42a42c5e2511bbd282959d6385cc","name":"CL","image":{"@type":"ImageObject","inLanguage":"fr-FR","@id":"https:\/\/secure.gravatar.com\/avatar\/1447a49909b67aa657c488aec6512e1dd6143a480c1ecfee9b5b5cd74eb3b59e?s=96&d=mm&r=g","url":"https:\/\/secure.gravatar.com\/avatar\/1447a49909b67aa657c488aec6512e1dd6143a480c1ecfee9b5b5cd74eb3b59e?s=96&d=mm&r=g","contentUrl":"https:\/\/secure.gravatar.com\/avatar\/1447a49909b67aa657c488aec6512e1dd6143a480c1ecfee9b5b5cd74eb3b59e?s=96&d=mm&r=g","caption":"CL"},"url":"https:\/\/www.webdo.tn\/fr\/actualite\/author\/cl\/"}]}},"_links":{"self":[{"href":"https:\/\/www.webdo.tn\/fr\/wp-json\/wp\/v2\/posts\/214800","targetHints":{"allow":["GET"]}}],"collection":[{"href":"https:\/\/www.webdo.tn\/fr\/wp-json\/wp\/v2\/posts"}],"about":[{"href":"https:\/\/www.webdo.tn\/fr\/wp-json\/wp\/v2\/types\/post"}],"author":[{"embeddable":true,"href":"https:\/\/www.webdo.tn\/fr\/wp-json\/wp\/v2\/users\/3175"}],"replies":[{"embeddable":true,"href":"https:\/\/www.webdo.tn\/fr\/wp-json\/wp\/v2\/comments?post=214800"}],"version-history":[{"count":0,"href":"https:\/\/www.webdo.tn\/fr\/wp-json\/wp\/v2\/posts\/214800\/revisions"}],"wp:featuredmedia":[{"embeddable":true,"href":"https:\/\/www.webdo.tn\/fr\/wp-json\/wp\/v2\/media\/247167"}],"wp:attachment":[{"href":"https:\/\/www.webdo.tn\/fr\/wp-json\/wp\/v2\/media?parent=214800"}],"wp:term":[{"taxonomy":"category","embeddable":true,"href":"https:\/\/www.webdo.tn\/fr\/wp-json\/wp\/v2\/categories?post=214800"},{"taxonomy":"post_tag","embeddable":true,"href":"https:\/\/www.webdo.tn\/fr\/wp-json\/wp\/v2\/tags?post=214800"}],"curies":[{"name":"wp","href":"https:\/\/api.w.org\/{rel}","templated":true}]}}