{"id":214782,"date":"2024-06-15T12:20:00","date_gmt":"2024-06-15T12:20:00","guid":{"rendered":"https:\/\/www.webdo.tn\/fr\/blog\/tunisie-le-mjs-planche-sur-la-rehabilitation-de-la-piscine-olympique-d-el-menzah\/214782\/"},"modified":"2025-05-20T22:13:41","modified_gmt":"2025-05-20T22:13:41","slug":"tunisie-le-mjs-planche-sur-la-rehabilitation-de-la-piscine-olympique-d-el-menzah","status":"publish","type":"post","link":"https:\/\/www.webdo.tn\/fr\/actualite\/sport\/tunisie-le-mjs-planche-sur-la-rehabilitation-de-la-piscine-olympique-d-el-menzah\/214782\/","title":{"rendered":"Tunisie : Le MJS planche sur la r\u00e9habilitation de la piscine olympique d\u2019El Menzah"},"content":{"rendered":"<p>La piscine olympique d\u2019El Menzah sera r\u00e9nov\u00e9e dans le cadre d&rsquo;un partenariat public-priv\u00e9<\/p>\n<p>\t\t\t\t\t\t\t\t\tVendredi 14 juin, le ministre de la Jeunesse et des Sports (MJS), Kamel D\u00e9guiche, a dirig\u00e9 une s\u00e9ance de travail au si\u00e8ge de son d\u00e9partement, ax\u00e9e sur l&rsquo;adoption des \u00e9tudes pr\u00e9liminaires pour le projet de r\u00e9habilitation et d&rsquo;exploitation de la piscine olympique d&rsquo;El Menzah.<\/p>\n<p>Selon un communiqu\u00e9 publi\u00e9 par le MJS sur sa page Facebook, ce projet s&rsquo;inscrit dans le cadre d&rsquo;un partenariat public-priv\u00e9, servant de projet pilote dans les domaines de la jeunesse et du sport.<\/p>\n<p>Cette s\u00e9ance de travail fait suite \u00e0 l&rsquo;examen et \u00e0 l&rsquo;\u00e9change de propositions concernant les aspects techniques de la version actualis\u00e9e du budget allou\u00e9 \u00e0 ce projet. Ce budget a \u00e9t\u00e9 d\u00e9termin\u00e9 par un bureau d&rsquo;\u00e9tudes d\u00e9sign\u00e9 par l&rsquo;instance g\u00e9n\u00e9rale de partenariat public-priv\u00e9.<\/p>\n<p>Rappelons, dans ce contexte, que les travaux de r\u00e9novation et de r\u00e9habilitation de la piscine du Belv\u00e9d\u00e8re ont \u00e9t\u00e9 lanc\u00e9s en f\u00e9vrier dernier suite \u00e0 l\u2019appel et l\u2019intervention, urgents du pr\u00e9sident de la R\u00e9publique.<\/p>\n<p>A ce titre, la BIAT s\u2019est engag\u00e9e \u00e0 financer la restauration compl\u00e8te de la piscine municipale du Belv\u00e9d\u00e8re ainsi que ses annexes.<\/p>\n","protected":false},"excerpt":{"rendered":"<p>Vendredi 14 juin, le ministre de la Jeunesse et des Sports (MJS), Kamel D\u00e9guiche, a dirig\u00e9 une s\u00e9ance de travail au si\u00e8ge de son d\u00e9partement, ax\u00e9e sur l&rsquo;adoptio&#8230;<\/p>\n","protected":false},"author":3162,"featured_media":290724,"comment_status":"open","ping_status":"closed","sticky":false,"template":"","format":"standard","meta":{"footnotes":""},"categories":[2593],"tags":[4823,3829,4564,3150],"class_list":["post-214782","post","type-post","status-publish","format-standard","has-post-thumbnail","hentry","category-sport","tag-el-menzah","tag-piscine","tag-rehabilitation","tag-renovation"],"yoast_head":"<!-- This site is optimized with the Yoast SEO Premium plugin v27.5 (Yoast SEO v27.5) - https:\/\/yoast.com\/product\/yoast-seo-premium-wordpress\/ -->\n<title>Tunisie : Le MJS planche sur la r\u00e9habilitation de la piscine olympique d\u2019El Menzah<\/title>\n<meta name=\"description\" content=\"Vendredi 14 juin, le ministre de la Jeunesse et des Sports (MJS), Kamel D\u00e9guiche, a dirig\u00e9 une s\u00e9ance de travail au si\u00e8ge de son d\u00e9partement, ax\u00e9e sur l&#039;adoptio...\" \/>\n<link rel=\"canonical\" href=\"https:\/\/www.webdo.tn\/fr\/actualite\/sport\/tunisie-le-mjs-planche-sur-la-rehabilitation-de-la-piscine-olympique-d-el-menzah\/214782\/\" \/>\n<meta property=\"og:locale\" content=\"fr_FR\" \/>\n<meta property=\"og:type\" content=\"article\" \/>\n<meta property=\"og:title\" content=\"Tunisie : Le MJS planche sur la r\u00e9habilitation de la piscine olympique d\u2019El Menzah\" \/>\n<meta property=\"og:description\" content=\"Vendredi 14 juin, le ministre de la Jeunesse et des Sports (MJS), Kamel D\u00e9guiche, a dirig\u00e9 une s\u00e9ance de travail au si\u00e8ge de son d\u00e9partement, ax\u00e9e sur l&#039;adoptio...\" \/>\n<meta property=\"og:url\" content=\"https:\/\/www.webdo.tn\/fr\/actualite\/sport\/tunisie-le-mjs-planche-sur-la-rehabilitation-de-la-piscine-olympique-d-el-menzah\/214782\/\" \/>\n<meta property=\"og:site_name\" content=\"webdo\" \/>\n<meta property=\"article:publisher\" content=\"https:\/\/www.facebook.com\/webdotn\" \/>\n<meta property=\"article:published_time\" content=\"2024-06-15T12:20:00+00:00\" \/>\n<meta property=\"article:modified_time\" content=\"2025-05-20T22:13:41+00:00\" \/>\n<meta property=\"og:image\" content=\"https:\/\/www.webdo.tn\/fr\/wp-content\/uploads\/2024\/06\/202efe45846f6017f43535a4a6301dd0.webp\" \/>\n\t<meta property=\"og:image:width\" content=\"750\" \/>\n\t<meta property=\"og:image:height\" content=\"400\" \/>\n\t<meta property=\"og:image:type\" content=\"image\/webp\" \/>\n<meta name=\"author\" content=\"MC\" \/>\n<meta name=\"twitter:card\" content=\"summary_large_image\" \/>\n<meta name=\"twitter:creator\" content=\"@webdo_tn\" \/>\n<meta name=\"twitter:site\" content=\"@webdo_tn\" \/>\n<meta name=\"twitter:label1\" content=\"\u00c9crit par\" \/>\n\t<meta name=\"twitter:data1\" content=\"MC\" \/>\n\t<meta name=\"twitter:label2\" content=\"Dur\u00e9e de lecture estim\u00e9e\" \/>\n\t<meta name=\"twitter:data2\" content=\"1 minute\" \/>\n<script type=\"application\/ld+json\" class=\"yoast-schema-graph\">{\"@context\":\"https:\\\/\\\/schema.org\",\"@graph\":[{\"@type\":\"NewsArticle\",\"@id\":\"https:\\\/\\\/www.webdo.tn\\\/fr\\\/actualite\\\/sport\\\/tunisie-le-mjs-planche-sur-la-rehabilitation-de-la-piscine-olympique-d-el-menzah\\\/214782\\\/#article\",\"isPartOf\":{\"@id\":\"https:\\\/\\\/www.webdo.tn\\\/fr\\\/actualite\\\/sport\\\/tunisie-le-mjs-planche-sur-la-rehabilitation-de-la-piscine-olympique-d-el-menzah\\\/214782\\\/\"},\"author\":{\"name\":\"MC\",\"@id\":\"https:\\\/\\\/www.webdo.tn\\\/fr\\\/#\\\/schema\\\/person\\\/2c4929cbf5a809e3bd38617c6ce150f6\"},\"headline\":\"Tunisie : Le MJS planche sur la r\u00e9habilitation de la piscine olympique d\u2019El Menzah\",\"datePublished\":\"2024-06-15T12:20:00+00:00\",\"dateModified\":\"2025-05-20T22:13:41+00:00\",\"mainEntityOfPage\":{\"@id\":\"https:\\\/\\\/www.webdo.tn\\\/fr\\\/actualite\\\/sport\\\/tunisie-le-mjs-planche-sur-la-rehabilitation-de-la-piscine-olympique-d-el-menzah\\\/214782\\\/\"},\"wordCount\":239,\"commentCount\":0,\"publisher\":{\"@id\":\"https:\\\/\\\/www.webdo.tn\\\/fr\\\/#organization\"},\"image\":{\"@id\":\"https:\\\/\\\/www.webdo.tn\\\/fr\\\/actualite\\\/sport\\\/tunisie-le-mjs-planche-sur-la-rehabilitation-de-la-piscine-olympique-d-el-menzah\\\/214782\\\/#primaryimage\"},\"thumbnailUrl\":\"https:\\\/\\\/www.webdo.tn\\\/fr\\\/wp-content\\\/uploads\\\/2024\\\/06\\\/202efe45846f6017f43535a4a6301dd0.webp\",\"keywords\":[\"El Menzah\",\"piscine\",\"r\u00e9habilitation\",\"r\u00e9novation\"],\"articleSection\":[\"Sport\"],\"inLanguage\":\"fr-FR\"},{\"@type\":\"WebPage\",\"@id\":\"https:\\\/\\\/www.webdo.tn\\\/fr\\\/actualite\\\/sport\\\/tunisie-le-mjs-planche-sur-la-rehabilitation-de-la-piscine-olympique-d-el-menzah\\\/214782\\\/\",\"url\":\"https:\\\/\\\/www.webdo.tn\\\/fr\\\/actualite\\\/sport\\\/tunisie-le-mjs-planche-sur-la-rehabilitation-de-la-piscine-olympique-d-el-menzah\\\/214782\\\/\",\"name\":\"Tunisie : Le MJS planche sur la r\u00e9habilitation de la piscine olympique d\u2019El Menzah\",\"isPartOf\":{\"@id\":\"https:\\\/\\\/www.webdo.tn\\\/fr\\\/#website\"},\"primaryImageOfPage\":{\"@id\":\"https:\\\/\\\/www.webdo.tn\\\/fr\\\/actualite\\\/sport\\\/tunisie-le-mjs-planche-sur-la-rehabilitation-de-la-piscine-olympique-d-el-menzah\\\/214782\\\/#primaryimage\"},\"image\":{\"@id\":\"https:\\\/\\\/www.webdo.tn\\\/fr\\\/actualite\\\/sport\\\/tunisie-le-mjs-planche-sur-la-rehabilitation-de-la-piscine-olympique-d-el-menzah\\\/214782\\\/#primaryimage\"},\"thumbnailUrl\":\"https:\\\/\\\/www.webdo.tn\\\/fr\\\/wp-content\\\/uploads\\\/2024\\\/06\\\/202efe45846f6017f43535a4a6301dd0.webp\",\"datePublished\":\"2024-06-15T12:20:00+00:00\",\"dateModified\":\"2025-05-20T22:13:41+00:00\",\"description\":\"Vendredi 14 juin, le ministre de la Jeunesse et des Sports (MJS), Kamel D\u00e9guiche, a dirig\u00e9 une s\u00e9ance de travail au si\u00e8ge de son d\u00e9partement, ax\u00e9e sur l'adoptio...\",\"breadcrumb\":{\"@id\":\"https:\\\/\\\/www.webdo.tn\\\/fr\\\/actualite\\\/sport\\\/tunisie-le-mjs-planche-sur-la-rehabilitation-de-la-piscine-olympique-d-el-menzah\\\/214782\\\/#breadcrumb\"},\"inLanguage\":\"fr-FR\",\"potentialAction\":[{\"@type\":\"ReadAction\",\"target\":[\"https:\\\/\\\/www.webdo.tn\\\/fr\\\/actualite\\\/sport\\\/tunisie-le-mjs-planche-sur-la-rehabilitation-de-la-piscine-olympique-d-el-menzah\\\/214782\\\/\"]}]},{\"@type\":\"ImageObject\",\"inLanguage\":\"fr-FR\",\"@id\":\"https:\\\/\\\/www.webdo.tn\\\/fr\\\/actualite\\\/sport\\\/tunisie-le-mjs-planche-sur-la-rehabilitation-de-la-piscine-olympique-d-el-menzah\\\/214782\\\/#primaryimage\",\"url\":\"https:\\\/\\\/www.webdo.tn\\\/fr\\\/wp-content\\\/uploads\\\/2024\\\/06\\\/202efe45846f6017f43535a4a6301dd0.webp\",\"contentUrl\":\"https:\\\/\\\/www.webdo.tn\\\/fr\\\/wp-content\\\/uploads\\\/2024\\\/06\\\/202efe45846f6017f43535a4a6301dd0.webp\",\"width\":750,\"height\":400,\"caption\":\"Tunisie : Le MJS planche sur la r\u00e9habilitation de la piscine olympique d\u2019El Menzah\"},{\"@type\":\"BreadcrumbList\",\"@id\":\"https:\\\/\\\/www.webdo.tn\\\/fr\\\/actualite\\\/sport\\\/tunisie-le-mjs-planche-sur-la-rehabilitation-de-la-piscine-olympique-d-el-menzah\\\/214782\\\/#breadcrumb\",\"itemListElement\":[{\"@type\":\"ListItem\",\"position\":1,\"name\":\"Accueil\",\"item\":\"https:\\\/\\\/www.webdo.tn\\\/fr\\\/\"},{\"@type\":\"ListItem\",\"position\":2,\"name\":\"Tunisie : Le MJS planche sur la r\u00e9habilitation de la piscine olympique d\u2019El Menzah\"}]},{\"@type\":\"WebSite\",\"@id\":\"https:\\\/\\\/www.webdo.tn\\\/fr\\\/#website\",\"url\":\"https:\\\/\\\/www.webdo.tn\\\/fr\\\/\",\"name\":\"webdo\",\"description\":\"Tunisie - News en Tunisie et \u00e0 l&#039;international sur Webdo.tn\",\"publisher\":{\"@id\":\"https:\\\/\\\/www.webdo.tn\\\/fr\\\/#organization\"},\"potentialAction\":[{\"@type\":\"SearchAction\",\"target\":{\"@type\":\"EntryPoint\",\"urlTemplate\":\"https:\\\/\\\/www.webdo.tn\\\/fr\\\/?s={search_term_string}\"},\"query-input\":{\"@type\":\"PropertyValueSpecification\",\"valueRequired\":true,\"valueName\":\"search_term_string\"}}],\"inLanguage\":\"fr-FR\"},{\"@type\":\"Organization\",\"@id\":\"https:\\\/\\\/www.webdo.tn\\\/fr\\\/#organization\",\"name\":\"Webdo\",\"alternateName\":\"Webdo.tn\",\"url\":\"https:\\\/\\\/www.webdo.tn\\\/fr\\\/\",\"logo\":{\"@type\":\"ImageObject\",\"inLanguage\":\"fr-FR\",\"@id\":\"https:\\\/\\\/www.webdo.tn\\\/fr\\\/#\\\/schema\\\/logo\\\/image\\\/\",\"url\":\"https:\\\/\\\/www.webdo.tn\\\/fr\\\/wp-content\\\/uploads\\\/2025\\\/06\\\/Webdo-Tunisie_168377.jpg\",\"contentUrl\":\"https:\\\/\\\/www.webdo.tn\\\/fr\\\/wp-content\\\/uploads\\\/2025\\\/06\\\/Webdo-Tunisie_168377.jpg\",\"width\":301,\"height\":301,\"caption\":\"Webdo\"},\"image\":{\"@id\":\"https:\\\/\\\/www.webdo.tn\\\/fr\\\/#\\\/schema\\\/logo\\\/image\\\/\"},\"sameAs\":[\"https:\\\/\\\/www.facebook.com\\\/webdotn\",\"https:\\\/\\\/x.com\\\/webdo_tn\"],\"description\":\"Webdo est un m\u00e9dia num\u00e9rique tunisien fond\u00e9 en 2010, sp\u00e9cialis\u00e9 dans l\u2019actualit\u00e9 nationale et internationale, l\u2019\u00e9conomie, la soci\u00e9t\u00e9 et les analyses politiques. Le site s\u2019adresse \u00e0 un large public francophone et couvre l\u2019information tunisienne en temps r\u00e9el.\",\"email\":\"redac@webdo.tn\",\"legalName\":\"YNJ SARL\",\"foundingDate\":\"2010-09-06\",\"numberOfEmployees\":{\"@type\":\"QuantitativeValue\",\"minValue\":\"11\",\"maxValue\":\"50\"}},{\"@type\":\"Person\",\"@id\":\"https:\\\/\\\/www.webdo.tn\\\/fr\\\/#\\\/schema\\\/person\\\/2c4929cbf5a809e3bd38617c6ce150f6\",\"name\":\"MC\",\"image\":{\"@type\":\"ImageObject\",\"inLanguage\":\"fr-FR\",\"@id\":\"https:\\\/\\\/secure.gravatar.com\\\/avatar\\\/a545bbb6f84efdd5553dbbc2895e3ca8f1d12c5215e00a041c9670b54aa9b18a?s=96&d=mm&r=g\",\"url\":\"https:\\\/\\\/secure.gravatar.com\\\/avatar\\\/a545bbb6f84efdd5553dbbc2895e3ca8f1d12c5215e00a041c9670b54aa9b18a?s=96&d=mm&r=g\",\"contentUrl\":\"https:\\\/\\\/secure.gravatar.com\\\/avatar\\\/a545bbb6f84efdd5553dbbc2895e3ca8f1d12c5215e00a041c9670b54aa9b18a?s=96&d=mm&r=g\",\"caption\":\"MC\"},\"url\":\"https:\\\/\\\/www.webdo.tn\\\/fr\\\/actualite\\\/author\\\/mc\\\/\"}]}<\/script>\n<!-- \/ Yoast SEO Premium plugin. -->","yoast_head_json":{"title":"Tunisie : Le MJS planche sur la r\u00e9habilitation de la piscine olympique d\u2019El Menzah","description":"Vendredi 14 juin, le ministre de la Jeunesse et des Sports (MJS), Kamel D\u00e9guiche, a dirig\u00e9 une s\u00e9ance de travail au si\u00e8ge de son d\u00e9partement, ax\u00e9e sur l'adoptio...","canonical":"https:\/\/www.webdo.tn\/fr\/actualite\/sport\/tunisie-le-mjs-planche-sur-la-rehabilitation-de-la-piscine-olympique-d-el-menzah\/214782\/","og_locale":"fr_FR","og_type":"article","og_title":"Tunisie : Le MJS planche sur la r\u00e9habilitation de la piscine olympique d\u2019El Menzah","og_description":"Vendredi 14 juin, le ministre de la Jeunesse et des Sports (MJS), Kamel D\u00e9guiche, a dirig\u00e9 une s\u00e9ance de travail au si\u00e8ge de son d\u00e9partement, ax\u00e9e sur l'adoptio...","og_url":"https:\/\/www.webdo.tn\/fr\/actualite\/sport\/tunisie-le-mjs-planche-sur-la-rehabilitation-de-la-piscine-olympique-d-el-menzah\/214782\/","og_site_name":"webdo","article_publisher":"https:\/\/www.facebook.com\/webdotn","article_published_time":"2024-06-15T12:20:00+00:00","article_modified_time":"2025-05-20T22:13:41+00:00","og_image":[{"width":750,"height":400,"url":"https:\/\/www.webdo.tn\/fr\/wp-content\/uploads\/2024\/06\/202efe45846f6017f43535a4a6301dd0.webp","type":"image\/webp"}],"author":"MC","twitter_card":"summary_large_image","twitter_creator":"@webdo_tn","twitter_site":"@webdo_tn","twitter_misc":{"\u00c9crit par":"MC","Dur\u00e9e de lecture estim\u00e9e":"1 minute"},"schema":{"@context":"https:\/\/schema.org","@graph":[{"@type":"NewsArticle","@id":"https:\/\/www.webdo.tn\/fr\/actualite\/sport\/tunisie-le-mjs-planche-sur-la-rehabilitation-de-la-piscine-olympique-d-el-menzah\/214782\/#article","isPartOf":{"@id":"https:\/\/www.webdo.tn\/fr\/actualite\/sport\/tunisie-le-mjs-planche-sur-la-rehabilitation-de-la-piscine-olympique-d-el-menzah\/214782\/"},"author":{"name":"MC","@id":"https:\/\/www.webdo.tn\/fr\/#\/schema\/person\/2c4929cbf5a809e3bd38617c6ce150f6"},"headline":"Tunisie : Le MJS planche sur la r\u00e9habilitation de la piscine olympique d\u2019El Menzah","datePublished":"2024-06-15T12:20:00+00:00","dateModified":"2025-05-20T22:13:41+00:00","mainEntityOfPage":{"@id":"https:\/\/www.webdo.tn\/fr\/actualite\/sport\/tunisie-le-mjs-planche-sur-la-rehabilitation-de-la-piscine-olympique-d-el-menzah\/214782\/"},"wordCount":239,"commentCount":0,"publisher":{"@id":"https:\/\/www.webdo.tn\/fr\/#organization"},"image":{"@id":"https:\/\/www.webdo.tn\/fr\/actualite\/sport\/tunisie-le-mjs-planche-sur-la-rehabilitation-de-la-piscine-olympique-d-el-menzah\/214782\/#primaryimage"},"thumbnailUrl":"https:\/\/www.webdo.tn\/fr\/wp-content\/uploads\/2024\/06\/202efe45846f6017f43535a4a6301dd0.webp","keywords":["El Menzah","piscine","r\u00e9habilitation","r\u00e9novation"],"articleSection":["Sport"],"inLanguage":"fr-FR"},{"@type":"WebPage","@id":"https:\/\/www.webdo.tn\/fr\/actualite\/sport\/tunisie-le-mjs-planche-sur-la-rehabilitation-de-la-piscine-olympique-d-el-menzah\/214782\/","url":"https:\/\/www.webdo.tn\/fr\/actualite\/sport\/tunisie-le-mjs-planche-sur-la-rehabilitation-de-la-piscine-olympique-d-el-menzah\/214782\/","name":"Tunisie : Le MJS planche sur la r\u00e9habilitation de la piscine olympique d\u2019El Menzah","isPartOf":{"@id":"https:\/\/www.webdo.tn\/fr\/#website"},"primaryImageOfPage":{"@id":"https:\/\/www.webdo.tn\/fr\/actualite\/sport\/tunisie-le-mjs-planche-sur-la-rehabilitation-de-la-piscine-olympique-d-el-menzah\/214782\/#primaryimage"},"image":{"@id":"https:\/\/www.webdo.tn\/fr\/actualite\/sport\/tunisie-le-mjs-planche-sur-la-rehabilitation-de-la-piscine-olympique-d-el-menzah\/214782\/#primaryimage"},"thumbnailUrl":"https:\/\/www.webdo.tn\/fr\/wp-content\/uploads\/2024\/06\/202efe45846f6017f43535a4a6301dd0.webp","datePublished":"2024-06-15T12:20:00+00:00","dateModified":"2025-05-20T22:13:41+00:00","description":"Vendredi 14 juin, le ministre de la Jeunesse et des Sports (MJS), Kamel D\u00e9guiche, a dirig\u00e9 une s\u00e9ance de travail au si\u00e8ge de son d\u00e9partement, ax\u00e9e sur l'adoptio...","breadcrumb":{"@id":"https:\/\/www.webdo.tn\/fr\/actualite\/sport\/tunisie-le-mjs-planche-sur-la-rehabilitation-de-la-piscine-olympique-d-el-menzah\/214782\/#breadcrumb"},"inLanguage":"fr-FR","potentialAction":[{"@type":"ReadAction","target":["https:\/\/www.webdo.tn\/fr\/actualite\/sport\/tunisie-le-mjs-planche-sur-la-rehabilitation-de-la-piscine-olympique-d-el-menzah\/214782\/"]}]},{"@type":"ImageObject","inLanguage":"fr-FR","@id":"https:\/\/www.webdo.tn\/fr\/actualite\/sport\/tunisie-le-mjs-planche-sur-la-rehabilitation-de-la-piscine-olympique-d-el-menzah\/214782\/#primaryimage","url":"https:\/\/www.webdo.tn\/fr\/wp-content\/uploads\/2024\/06\/202efe45846f6017f43535a4a6301dd0.webp","contentUrl":"https:\/\/www.webdo.tn\/fr\/wp-content\/uploads\/2024\/06\/202efe45846f6017f43535a4a6301dd0.webp","width":750,"height":400,"caption":"Tunisie : Le MJS planche sur la r\u00e9habilitation de la piscine olympique d\u2019El Menzah"},{"@type":"BreadcrumbList","@id":"https:\/\/www.webdo.tn\/fr\/actualite\/sport\/tunisie-le-mjs-planche-sur-la-rehabilitation-de-la-piscine-olympique-d-el-menzah\/214782\/#breadcrumb","itemListElement":[{"@type":"ListItem","position":1,"name":"Accueil","item":"https:\/\/www.webdo.tn\/fr\/"},{"@type":"ListItem","position":2,"name":"Tunisie : Le MJS planche sur la r\u00e9habilitation de la piscine olympique d\u2019El Menzah"}]},{"@type":"WebSite","@id":"https:\/\/www.webdo.tn\/fr\/#website","url":"https:\/\/www.webdo.tn\/fr\/","name":"webdo","description":"Tunisie - News en Tunisie et \u00e0 l&#039;international sur Webdo.tn","publisher":{"@id":"https:\/\/www.webdo.tn\/fr\/#organization"},"potentialAction":[{"@type":"SearchAction","target":{"@type":"EntryPoint","urlTemplate":"https:\/\/www.webdo.tn\/fr\/?s={search_term_string}"},"query-input":{"@type":"PropertyValueSpecification","valueRequired":true,"valueName":"search_term_string"}}],"inLanguage":"fr-FR"},{"@type":"Organization","@id":"https:\/\/www.webdo.tn\/fr\/#organization","name":"Webdo","alternateName":"Webdo.tn","url":"https:\/\/www.webdo.tn\/fr\/","logo":{"@type":"ImageObject","inLanguage":"fr-FR","@id":"https:\/\/www.webdo.tn\/fr\/#\/schema\/logo\/image\/","url":"https:\/\/www.webdo.tn\/fr\/wp-content\/uploads\/2025\/06\/Webdo-Tunisie_168377.jpg","contentUrl":"https:\/\/www.webdo.tn\/fr\/wp-content\/uploads\/2025\/06\/Webdo-Tunisie_168377.jpg","width":301,"height":301,"caption":"Webdo"},"image":{"@id":"https:\/\/www.webdo.tn\/fr\/#\/schema\/logo\/image\/"},"sameAs":["https:\/\/www.facebook.com\/webdotn","https:\/\/x.com\/webdo_tn"],"description":"Webdo est un m\u00e9dia num\u00e9rique tunisien fond\u00e9 en 2010, sp\u00e9cialis\u00e9 dans l\u2019actualit\u00e9 nationale et internationale, l\u2019\u00e9conomie, la soci\u00e9t\u00e9 et les analyses politiques. Le site s\u2019adresse \u00e0 un large public francophone et couvre l\u2019information tunisienne en temps r\u00e9el.","email":"redac@webdo.tn","legalName":"YNJ SARL","foundingDate":"2010-09-06","numberOfEmployees":{"@type":"QuantitativeValue","minValue":"11","maxValue":"50"}},{"@type":"Person","@id":"https:\/\/www.webdo.tn\/fr\/#\/schema\/person\/2c4929cbf5a809e3bd38617c6ce150f6","name":"MC","image":{"@type":"ImageObject","inLanguage":"fr-FR","@id":"https:\/\/secure.gravatar.com\/avatar\/a545bbb6f84efdd5553dbbc2895e3ca8f1d12c5215e00a041c9670b54aa9b18a?s=96&d=mm&r=g","url":"https:\/\/secure.gravatar.com\/avatar\/a545bbb6f84efdd5553dbbc2895e3ca8f1d12c5215e00a041c9670b54aa9b18a?s=96&d=mm&r=g","contentUrl":"https:\/\/secure.gravatar.com\/avatar\/a545bbb6f84efdd5553dbbc2895e3ca8f1d12c5215e00a041c9670b54aa9b18a?s=96&d=mm&r=g","caption":"MC"},"url":"https:\/\/www.webdo.tn\/fr\/actualite\/author\/mc\/"}]}},"_links":{"self":[{"href":"https:\/\/www.webdo.tn\/fr\/wp-json\/wp\/v2\/posts\/214782","targetHints":{"allow":["GET"]}}],"collection":[{"href":"https:\/\/www.webdo.tn\/fr\/wp-json\/wp\/v2\/posts"}],"about":[{"href":"https:\/\/www.webdo.tn\/fr\/wp-json\/wp\/v2\/types\/post"}],"author":[{"embeddable":true,"href":"https:\/\/www.webdo.tn\/fr\/wp-json\/wp\/v2\/users\/3162"}],"replies":[{"embeddable":true,"href":"https:\/\/www.webdo.tn\/fr\/wp-json\/wp\/v2\/comments?post=214782"}],"version-history":[{"count":0,"href":"https:\/\/www.webdo.tn\/fr\/wp-json\/wp\/v2\/posts\/214782\/revisions"}],"wp:featuredmedia":[{"embeddable":true,"href":"https:\/\/www.webdo.tn\/fr\/wp-json\/wp\/v2\/media\/290724"}],"wp:attachment":[{"href":"https:\/\/www.webdo.tn\/fr\/wp-json\/wp\/v2\/media?parent=214782"}],"wp:term":[{"taxonomy":"category","embeddable":true,"href":"https:\/\/www.webdo.tn\/fr\/wp-json\/wp\/v2\/categories?post=214782"},{"taxonomy":"post_tag","embeddable":true,"href":"https:\/\/www.webdo.tn\/fr\/wp-json\/wp\/v2\/tags?post=214782"}],"curies":[{"name":"wp","href":"https:\/\/api.w.org\/{rel}","templated":true}]}}