{"id":214772,"date":"2024-06-14T19:07:00","date_gmt":"2024-06-14T19:07:00","guid":{"rendered":"https:\/\/www.webdo.tn\/fr\/blog\/la-tunisie-supprime-les-visas-pour-les-irakiens-et-les-iraniens\/214772\/"},"modified":"2024-06-14T19:07:00","modified_gmt":"2024-06-14T19:07:00","slug":"la-tunisie-supprime-les-visas-pour-les-irakiens-et-les-iraniens","status":"publish","type":"post","link":"https:\/\/www.webdo.tn\/fr\/actualite\/national\/la-tunisie-supprime-les-visas-pour-les-irakiens-et-les-iraniens\/214772\/","title":{"rendered":"La Tunisie supprime les visas pour les Irakiens et les Iraniens"},"content":{"rendered":"<p>Le Minist\u00e8re des Affaires \u00c9trang\u00e8res, de la Migration et des Tunisiens \u00e0 l&rsquo;\u00c9tranger annonce, dans un communiqu\u00e9 dat\u00e9 du vendredi 14 juin,  des changements majeurs pour les voyageurs en provenance d&rsquo;Irak et d&rsquo;Iran.<\/p>\n<p>\t\t\t\t\t\t\t\t\t\u00a0\u00c0 partir du 15 juin 2024, les d\u00e9tenteurs de passeports ordinaires irakiens et iraniens seront exempt\u00e9s de visa pour entrer en Tunisie.<\/p>\n<p>Pour les citoyens irakiens, cette exemption de visa s&rsquo;applique \u00e0 des s\u00e9jours touristiques de 15 jours maximum, une fois tous les 180 jours. Ils devront pr\u00e9senter une r\u00e9servation d&rsquo;h\u00f4tel confirm\u00e9e et un billet aller-retour pour b\u00e9n\u00e9ficier de cette mesure.<\/p>\n<p>Les d\u00e9tenteurs de passeports ordinaires iraniens pourront \u00e9galement entrer en Tunisie sans visa \u00e0 partir du 15 juin 2024, sans restriction particuli\u00e8re de dur\u00e9e pour un s\u00e9jour touristique.<\/p>\n","protected":false},"excerpt":{"rendered":"<p>\u00c0 partir du 15 juin 2024, la Tunisie supprime les visas pour les d\u00e9tenteurs de passeports ordinaires irakiens et iraniens, facilitant les voyages touristiques e&#8230;<\/p>\n","protected":false},"author":3169,"featured_media":247181,"comment_status":"open","ping_status":"closed","sticky":false,"template":"","format":"standard","meta":{"footnotes":""},"categories":[44],"tags":[2867,2912,2608],"class_list":["post-214772","post","type-post","status-publish","format-standard","has-post-thumbnail","hentry","category-national","tag-irak","tag-iran","tag-tunisie"],"yoast_head":"<!-- This site is optimized with the Yoast SEO Premium plugin v27.5 (Yoast SEO v27.5) - https:\/\/yoast.com\/product\/yoast-seo-premium-wordpress\/ -->\n<title>La Tunisie supprime les visas pour les Irakiens et les Iraniens<\/title>\n<meta name=\"description\" content=\"\u00c0 partir du 15 juin 2024, la Tunisie supprime les visas pour les d\u00e9tenteurs de passeports ordinaires irakiens et iraniens, facilitant les voyages touristiques e...\" \/>\n<link rel=\"canonical\" href=\"https:\/\/www.webdo.tn\/fr\/actualite\/national\/la-tunisie-supprime-les-visas-pour-les-irakiens-et-les-iraniens\/214772\/\" \/>\n<meta property=\"og:locale\" content=\"fr_FR\" \/>\n<meta property=\"og:type\" content=\"article\" \/>\n<meta property=\"og:title\" content=\"La Tunisie supprime les visas pour les Irakiens et les Iraniens\" \/>\n<meta property=\"og:description\" content=\"\u00c0 partir du 15 juin 2024, la Tunisie supprime les visas pour les d\u00e9tenteurs de passeports ordinaires irakiens et iraniens, facilitant les voyages touristiques e...\" \/>\n<meta property=\"og:url\" content=\"https:\/\/www.webdo.tn\/fr\/actualite\/national\/la-tunisie-supprime-les-visas-pour-les-irakiens-et-les-iraniens\/214772\/\" \/>\n<meta property=\"og:site_name\" content=\"webdo\" \/>\n<meta property=\"article:publisher\" content=\"https:\/\/www.facebook.com\/webdotn\" \/>\n<meta property=\"article:published_time\" content=\"2024-06-14T19:07:00+00:00\" \/>\n<meta property=\"og:image\" content=\"https:\/\/www.webdo.tn\/fr\/wp-content\/uploads\/2024\/06\/cd449853935d5ba06ed82f51aa42fb4d.webp\" \/>\n\t<meta property=\"og:image:width\" content=\"750\" \/>\n\t<meta property=\"og:image:height\" content=\"400\" \/>\n\t<meta property=\"og:image:type\" content=\"image\/webp\" \/>\n<meta name=\"author\" content=\"Webdo\" \/>\n<meta name=\"twitter:card\" content=\"summary_large_image\" \/>\n<meta name=\"twitter:creator\" content=\"@webdo_tn\" \/>\n<meta name=\"twitter:site\" content=\"@webdo_tn\" \/>\n<meta name=\"twitter:label1\" content=\"\u00c9crit par\" \/>\n\t<meta name=\"twitter:data1\" content=\"Webdo\" \/>\n\t<meta name=\"twitter:label2\" content=\"Dur\u00e9e de lecture estim\u00e9e\" \/>\n\t<meta name=\"twitter:data2\" content=\"1 minute\" \/>\n<script type=\"application\/ld+json\" class=\"yoast-schema-graph\">{\"@context\":\"https:\\\/\\\/schema.org\",\"@graph\":[{\"@type\":\"NewsArticle\",\"@id\":\"https:\\\/\\\/www.webdo.tn\\\/fr\\\/actualite\\\/national\\\/la-tunisie-supprime-les-visas-pour-les-irakiens-et-les-iraniens\\\/214772\\\/#article\",\"isPartOf\":{\"@id\":\"https:\\\/\\\/www.webdo.tn\\\/fr\\\/actualite\\\/national\\\/la-tunisie-supprime-les-visas-pour-les-irakiens-et-les-iraniens\\\/214772\\\/\"},\"author\":{\"name\":\"Webdo\",\"@id\":\"https:\\\/\\\/www.webdo.tn\\\/fr\\\/#\\\/schema\\\/person\\\/1f4e491e0907b413d61089e8eb573acc\"},\"headline\":\"La Tunisie supprime les visas pour les Irakiens et les Iraniens\",\"datePublished\":\"2024-06-14T19:07:00+00:00\",\"mainEntityOfPage\":{\"@id\":\"https:\\\/\\\/www.webdo.tn\\\/fr\\\/actualite\\\/national\\\/la-tunisie-supprime-les-visas-pour-les-irakiens-et-les-iraniens\\\/214772\\\/\"},\"wordCount\":142,\"commentCount\":0,\"publisher\":{\"@id\":\"https:\\\/\\\/www.webdo.tn\\\/fr\\\/#organization\"},\"image\":{\"@id\":\"https:\\\/\\\/www.webdo.tn\\\/fr\\\/actualite\\\/national\\\/la-tunisie-supprime-les-visas-pour-les-irakiens-et-les-iraniens\\\/214772\\\/#primaryimage\"},\"thumbnailUrl\":\"https:\\\/\\\/www.webdo.tn\\\/fr\\\/wp-content\\\/uploads\\\/2024\\\/06\\\/cd449853935d5ba06ed82f51aa42fb4d.webp\",\"keywords\":[\"irak\",\"Iran\",\"Tunisie\"],\"articleSection\":[\"National\"],\"inLanguage\":\"fr-FR\"},{\"@type\":\"WebPage\",\"@id\":\"https:\\\/\\\/www.webdo.tn\\\/fr\\\/actualite\\\/national\\\/la-tunisie-supprime-les-visas-pour-les-irakiens-et-les-iraniens\\\/214772\\\/\",\"url\":\"https:\\\/\\\/www.webdo.tn\\\/fr\\\/actualite\\\/national\\\/la-tunisie-supprime-les-visas-pour-les-irakiens-et-les-iraniens\\\/214772\\\/\",\"name\":\"La Tunisie supprime les visas pour les Irakiens et les Iraniens\",\"isPartOf\":{\"@id\":\"https:\\\/\\\/www.webdo.tn\\\/fr\\\/#website\"},\"primaryImageOfPage\":{\"@id\":\"https:\\\/\\\/www.webdo.tn\\\/fr\\\/actualite\\\/national\\\/la-tunisie-supprime-les-visas-pour-les-irakiens-et-les-iraniens\\\/214772\\\/#primaryimage\"},\"image\":{\"@id\":\"https:\\\/\\\/www.webdo.tn\\\/fr\\\/actualite\\\/national\\\/la-tunisie-supprime-les-visas-pour-les-irakiens-et-les-iraniens\\\/214772\\\/#primaryimage\"},\"thumbnailUrl\":\"https:\\\/\\\/www.webdo.tn\\\/fr\\\/wp-content\\\/uploads\\\/2024\\\/06\\\/cd449853935d5ba06ed82f51aa42fb4d.webp\",\"datePublished\":\"2024-06-14T19:07:00+00:00\",\"description\":\"\u00c0 partir du 15 juin 2024, la Tunisie supprime les visas pour les d\u00e9tenteurs de passeports ordinaires irakiens et iraniens, facilitant les voyages touristiques e...\",\"breadcrumb\":{\"@id\":\"https:\\\/\\\/www.webdo.tn\\\/fr\\\/actualite\\\/national\\\/la-tunisie-supprime-les-visas-pour-les-irakiens-et-les-iraniens\\\/214772\\\/#breadcrumb\"},\"inLanguage\":\"fr-FR\",\"potentialAction\":[{\"@type\":\"ReadAction\",\"target\":[\"https:\\\/\\\/www.webdo.tn\\\/fr\\\/actualite\\\/national\\\/la-tunisie-supprime-les-visas-pour-les-irakiens-et-les-iraniens\\\/214772\\\/\"]}]},{\"@type\":\"ImageObject\",\"inLanguage\":\"fr-FR\",\"@id\":\"https:\\\/\\\/www.webdo.tn\\\/fr\\\/actualite\\\/national\\\/la-tunisie-supprime-les-visas-pour-les-irakiens-et-les-iraniens\\\/214772\\\/#primaryimage\",\"url\":\"https:\\\/\\\/www.webdo.tn\\\/fr\\\/wp-content\\\/uploads\\\/2024\\\/06\\\/cd449853935d5ba06ed82f51aa42fb4d.webp\",\"contentUrl\":\"https:\\\/\\\/www.webdo.tn\\\/fr\\\/wp-content\\\/uploads\\\/2024\\\/06\\\/cd449853935d5ba06ed82f51aa42fb4d.webp\",\"width\":750,\"height\":400,\"caption\":\"La Tunisie supprime les visas pour les Irakiens et les Iraniens\"},{\"@type\":\"BreadcrumbList\",\"@id\":\"https:\\\/\\\/www.webdo.tn\\\/fr\\\/actualite\\\/national\\\/la-tunisie-supprime-les-visas-pour-les-irakiens-et-les-iraniens\\\/214772\\\/#breadcrumb\",\"itemListElement\":[{\"@type\":\"ListItem\",\"position\":1,\"name\":\"Accueil\",\"item\":\"https:\\\/\\\/www.webdo.tn\\\/fr\\\/\"},{\"@type\":\"ListItem\",\"position\":2,\"name\":\"La Tunisie supprime les visas pour les Irakiens et les Iraniens\"}]},{\"@type\":\"WebSite\",\"@id\":\"https:\\\/\\\/www.webdo.tn\\\/fr\\\/#website\",\"url\":\"https:\\\/\\\/www.webdo.tn\\\/fr\\\/\",\"name\":\"webdo\",\"description\":\"Tunisie - News en Tunisie et \u00e0 l&#039;international sur Webdo.tn\",\"publisher\":{\"@id\":\"https:\\\/\\\/www.webdo.tn\\\/fr\\\/#organization\"},\"potentialAction\":[{\"@type\":\"SearchAction\",\"target\":{\"@type\":\"EntryPoint\",\"urlTemplate\":\"https:\\\/\\\/www.webdo.tn\\\/fr\\\/?s={search_term_string}\"},\"query-input\":{\"@type\":\"PropertyValueSpecification\",\"valueRequired\":true,\"valueName\":\"search_term_string\"}}],\"inLanguage\":\"fr-FR\"},{\"@type\":\"Organization\",\"@id\":\"https:\\\/\\\/www.webdo.tn\\\/fr\\\/#organization\",\"name\":\"Webdo\",\"alternateName\":\"Webdo.tn\",\"url\":\"https:\\\/\\\/www.webdo.tn\\\/fr\\\/\",\"logo\":{\"@type\":\"ImageObject\",\"inLanguage\":\"fr-FR\",\"@id\":\"https:\\\/\\\/www.webdo.tn\\\/fr\\\/#\\\/schema\\\/logo\\\/image\\\/\",\"url\":\"https:\\\/\\\/www.webdo.tn\\\/fr\\\/wp-content\\\/uploads\\\/2025\\\/06\\\/Webdo-Tunisie_168377.jpg\",\"contentUrl\":\"https:\\\/\\\/www.webdo.tn\\\/fr\\\/wp-content\\\/uploads\\\/2025\\\/06\\\/Webdo-Tunisie_168377.jpg\",\"width\":301,\"height\":301,\"caption\":\"Webdo\"},\"image\":{\"@id\":\"https:\\\/\\\/www.webdo.tn\\\/fr\\\/#\\\/schema\\\/logo\\\/image\\\/\"},\"sameAs\":[\"https:\\\/\\\/www.facebook.com\\\/webdotn\",\"https:\\\/\\\/x.com\\\/webdo_tn\"],\"description\":\"Webdo est un m\u00e9dia num\u00e9rique tunisien fond\u00e9 en 2010, sp\u00e9cialis\u00e9 dans l\u2019actualit\u00e9 nationale et internationale, l\u2019\u00e9conomie, la soci\u00e9t\u00e9 et les analyses politiques. Le site s\u2019adresse \u00e0 un large public francophone et couvre l\u2019information tunisienne en temps r\u00e9el.\",\"email\":\"redac@webdo.tn\",\"legalName\":\"YNJ SARL\",\"foundingDate\":\"2010-09-06\",\"numberOfEmployees\":{\"@type\":\"QuantitativeValue\",\"minValue\":\"11\",\"maxValue\":\"50\"}},{\"@type\":\"Person\",\"@id\":\"https:\\\/\\\/www.webdo.tn\\\/fr\\\/#\\\/schema\\\/person\\\/1f4e491e0907b413d61089e8eb573acc\",\"name\":\"Webdo\",\"image\":{\"@type\":\"ImageObject\",\"inLanguage\":\"fr-FR\",\"@id\":\"https:\\\/\\\/secure.gravatar.com\\\/avatar\\\/de97aeec1bb80978a9dbb127e47dfc88aaacb2f3c29aac907d8d3222e3495d49?s=96&d=mm&r=g\",\"url\":\"https:\\\/\\\/secure.gravatar.com\\\/avatar\\\/de97aeec1bb80978a9dbb127e47dfc88aaacb2f3c29aac907d8d3222e3495d49?s=96&d=mm&r=g\",\"contentUrl\":\"https:\\\/\\\/secure.gravatar.com\\\/avatar\\\/de97aeec1bb80978a9dbb127e47dfc88aaacb2f3c29aac907d8d3222e3495d49?s=96&d=mm&r=g\",\"caption\":\"Webdo\"},\"url\":\"https:\\\/\\\/www.webdo.tn\\\/fr\\\/actualite\\\/author\\\/webdo\\\/\"}]}<\/script>\n<!-- \/ Yoast SEO Premium plugin. -->","yoast_head_json":{"title":"La Tunisie supprime les visas pour les Irakiens et les Iraniens","description":"\u00c0 partir du 15 juin 2024, la Tunisie supprime les visas pour les d\u00e9tenteurs de passeports ordinaires irakiens et iraniens, facilitant les voyages touristiques e...","canonical":"https:\/\/www.webdo.tn\/fr\/actualite\/national\/la-tunisie-supprime-les-visas-pour-les-irakiens-et-les-iraniens\/214772\/","og_locale":"fr_FR","og_type":"article","og_title":"La Tunisie supprime les visas pour les Irakiens et les Iraniens","og_description":"\u00c0 partir du 15 juin 2024, la Tunisie supprime les visas pour les d\u00e9tenteurs de passeports ordinaires irakiens et iraniens, facilitant les voyages touristiques e...","og_url":"https:\/\/www.webdo.tn\/fr\/actualite\/national\/la-tunisie-supprime-les-visas-pour-les-irakiens-et-les-iraniens\/214772\/","og_site_name":"webdo","article_publisher":"https:\/\/www.facebook.com\/webdotn","article_published_time":"2024-06-14T19:07:00+00:00","og_image":[{"width":750,"height":400,"url":"https:\/\/www.webdo.tn\/fr\/wp-content\/uploads\/2024\/06\/cd449853935d5ba06ed82f51aa42fb4d.webp","type":"image\/webp"}],"author":"Webdo","twitter_card":"summary_large_image","twitter_creator":"@webdo_tn","twitter_site":"@webdo_tn","twitter_misc":{"\u00c9crit par":"Webdo","Dur\u00e9e de lecture estim\u00e9e":"1 minute"},"schema":{"@context":"https:\/\/schema.org","@graph":[{"@type":"NewsArticle","@id":"https:\/\/www.webdo.tn\/fr\/actualite\/national\/la-tunisie-supprime-les-visas-pour-les-irakiens-et-les-iraniens\/214772\/#article","isPartOf":{"@id":"https:\/\/www.webdo.tn\/fr\/actualite\/national\/la-tunisie-supprime-les-visas-pour-les-irakiens-et-les-iraniens\/214772\/"},"author":{"name":"Webdo","@id":"https:\/\/www.webdo.tn\/fr\/#\/schema\/person\/1f4e491e0907b413d61089e8eb573acc"},"headline":"La Tunisie supprime les visas pour les Irakiens et les Iraniens","datePublished":"2024-06-14T19:07:00+00:00","mainEntityOfPage":{"@id":"https:\/\/www.webdo.tn\/fr\/actualite\/national\/la-tunisie-supprime-les-visas-pour-les-irakiens-et-les-iraniens\/214772\/"},"wordCount":142,"commentCount":0,"publisher":{"@id":"https:\/\/www.webdo.tn\/fr\/#organization"},"image":{"@id":"https:\/\/www.webdo.tn\/fr\/actualite\/national\/la-tunisie-supprime-les-visas-pour-les-irakiens-et-les-iraniens\/214772\/#primaryimage"},"thumbnailUrl":"https:\/\/www.webdo.tn\/fr\/wp-content\/uploads\/2024\/06\/cd449853935d5ba06ed82f51aa42fb4d.webp","keywords":["irak","Iran","Tunisie"],"articleSection":["National"],"inLanguage":"fr-FR"},{"@type":"WebPage","@id":"https:\/\/www.webdo.tn\/fr\/actualite\/national\/la-tunisie-supprime-les-visas-pour-les-irakiens-et-les-iraniens\/214772\/","url":"https:\/\/www.webdo.tn\/fr\/actualite\/national\/la-tunisie-supprime-les-visas-pour-les-irakiens-et-les-iraniens\/214772\/","name":"La Tunisie supprime les visas pour les Irakiens et les Iraniens","isPartOf":{"@id":"https:\/\/www.webdo.tn\/fr\/#website"},"primaryImageOfPage":{"@id":"https:\/\/www.webdo.tn\/fr\/actualite\/national\/la-tunisie-supprime-les-visas-pour-les-irakiens-et-les-iraniens\/214772\/#primaryimage"},"image":{"@id":"https:\/\/www.webdo.tn\/fr\/actualite\/national\/la-tunisie-supprime-les-visas-pour-les-irakiens-et-les-iraniens\/214772\/#primaryimage"},"thumbnailUrl":"https:\/\/www.webdo.tn\/fr\/wp-content\/uploads\/2024\/06\/cd449853935d5ba06ed82f51aa42fb4d.webp","datePublished":"2024-06-14T19:07:00+00:00","description":"\u00c0 partir du 15 juin 2024, la Tunisie supprime les visas pour les d\u00e9tenteurs de passeports ordinaires irakiens et iraniens, facilitant les voyages touristiques e...","breadcrumb":{"@id":"https:\/\/www.webdo.tn\/fr\/actualite\/national\/la-tunisie-supprime-les-visas-pour-les-irakiens-et-les-iraniens\/214772\/#breadcrumb"},"inLanguage":"fr-FR","potentialAction":[{"@type":"ReadAction","target":["https:\/\/www.webdo.tn\/fr\/actualite\/national\/la-tunisie-supprime-les-visas-pour-les-irakiens-et-les-iraniens\/214772\/"]}]},{"@type":"ImageObject","inLanguage":"fr-FR","@id":"https:\/\/www.webdo.tn\/fr\/actualite\/national\/la-tunisie-supprime-les-visas-pour-les-irakiens-et-les-iraniens\/214772\/#primaryimage","url":"https:\/\/www.webdo.tn\/fr\/wp-content\/uploads\/2024\/06\/cd449853935d5ba06ed82f51aa42fb4d.webp","contentUrl":"https:\/\/www.webdo.tn\/fr\/wp-content\/uploads\/2024\/06\/cd449853935d5ba06ed82f51aa42fb4d.webp","width":750,"height":400,"caption":"La Tunisie supprime les visas pour les Irakiens et les Iraniens"},{"@type":"BreadcrumbList","@id":"https:\/\/www.webdo.tn\/fr\/actualite\/national\/la-tunisie-supprime-les-visas-pour-les-irakiens-et-les-iraniens\/214772\/#breadcrumb","itemListElement":[{"@type":"ListItem","position":1,"name":"Accueil","item":"https:\/\/www.webdo.tn\/fr\/"},{"@type":"ListItem","position":2,"name":"La Tunisie supprime les visas pour les Irakiens et les Iraniens"}]},{"@type":"WebSite","@id":"https:\/\/www.webdo.tn\/fr\/#website","url":"https:\/\/www.webdo.tn\/fr\/","name":"webdo","description":"Tunisie - News en Tunisie et \u00e0 l&#039;international sur Webdo.tn","publisher":{"@id":"https:\/\/www.webdo.tn\/fr\/#organization"},"potentialAction":[{"@type":"SearchAction","target":{"@type":"EntryPoint","urlTemplate":"https:\/\/www.webdo.tn\/fr\/?s={search_term_string}"},"query-input":{"@type":"PropertyValueSpecification","valueRequired":true,"valueName":"search_term_string"}}],"inLanguage":"fr-FR"},{"@type":"Organization","@id":"https:\/\/www.webdo.tn\/fr\/#organization","name":"Webdo","alternateName":"Webdo.tn","url":"https:\/\/www.webdo.tn\/fr\/","logo":{"@type":"ImageObject","inLanguage":"fr-FR","@id":"https:\/\/www.webdo.tn\/fr\/#\/schema\/logo\/image\/","url":"https:\/\/www.webdo.tn\/fr\/wp-content\/uploads\/2025\/06\/Webdo-Tunisie_168377.jpg","contentUrl":"https:\/\/www.webdo.tn\/fr\/wp-content\/uploads\/2025\/06\/Webdo-Tunisie_168377.jpg","width":301,"height":301,"caption":"Webdo"},"image":{"@id":"https:\/\/www.webdo.tn\/fr\/#\/schema\/logo\/image\/"},"sameAs":["https:\/\/www.facebook.com\/webdotn","https:\/\/x.com\/webdo_tn"],"description":"Webdo est un m\u00e9dia num\u00e9rique tunisien fond\u00e9 en 2010, sp\u00e9cialis\u00e9 dans l\u2019actualit\u00e9 nationale et internationale, l\u2019\u00e9conomie, la soci\u00e9t\u00e9 et les analyses politiques. Le site s\u2019adresse \u00e0 un large public francophone et couvre l\u2019information tunisienne en temps r\u00e9el.","email":"redac@webdo.tn","legalName":"YNJ SARL","foundingDate":"2010-09-06","numberOfEmployees":{"@type":"QuantitativeValue","minValue":"11","maxValue":"50"}},{"@type":"Person","@id":"https:\/\/www.webdo.tn\/fr\/#\/schema\/person\/1f4e491e0907b413d61089e8eb573acc","name":"Webdo","image":{"@type":"ImageObject","inLanguage":"fr-FR","@id":"https:\/\/secure.gravatar.com\/avatar\/de97aeec1bb80978a9dbb127e47dfc88aaacb2f3c29aac907d8d3222e3495d49?s=96&d=mm&r=g","url":"https:\/\/secure.gravatar.com\/avatar\/de97aeec1bb80978a9dbb127e47dfc88aaacb2f3c29aac907d8d3222e3495d49?s=96&d=mm&r=g","contentUrl":"https:\/\/secure.gravatar.com\/avatar\/de97aeec1bb80978a9dbb127e47dfc88aaacb2f3c29aac907d8d3222e3495d49?s=96&d=mm&r=g","caption":"Webdo"},"url":"https:\/\/www.webdo.tn\/fr\/actualite\/author\/webdo\/"}]}},"_links":{"self":[{"href":"https:\/\/www.webdo.tn\/fr\/wp-json\/wp\/v2\/posts\/214772","targetHints":{"allow":["GET"]}}],"collection":[{"href":"https:\/\/www.webdo.tn\/fr\/wp-json\/wp\/v2\/posts"}],"about":[{"href":"https:\/\/www.webdo.tn\/fr\/wp-json\/wp\/v2\/types\/post"}],"author":[{"embeddable":true,"href":"https:\/\/www.webdo.tn\/fr\/wp-json\/wp\/v2\/users\/3169"}],"replies":[{"embeddable":true,"href":"https:\/\/www.webdo.tn\/fr\/wp-json\/wp\/v2\/comments?post=214772"}],"version-history":[{"count":0,"href":"https:\/\/www.webdo.tn\/fr\/wp-json\/wp\/v2\/posts\/214772\/revisions"}],"wp:featuredmedia":[{"embeddable":true,"href":"https:\/\/www.webdo.tn\/fr\/wp-json\/wp\/v2\/media\/247181"}],"wp:attachment":[{"href":"https:\/\/www.webdo.tn\/fr\/wp-json\/wp\/v2\/media?parent=214772"}],"wp:term":[{"taxonomy":"category","embeddable":true,"href":"https:\/\/www.webdo.tn\/fr\/wp-json\/wp\/v2\/categories?post=214772"},{"taxonomy":"post_tag","embeddable":true,"href":"https:\/\/www.webdo.tn\/fr\/wp-json\/wp\/v2\/tags?post=214772"}],"curies":[{"name":"wp","href":"https:\/\/api.w.org\/{rel}","templated":true}]}}