{"id":214754,"date":"2024-06-13T19:28:00","date_gmt":"2024-06-13T19:28:00","guid":{"rendered":"https:\/\/www.webdo.tn\/fr\/blog\/le-ministre-de-l-agriculture-confirme-pour-le-congres-de-l-huile-d-olive-a-madrid\/214754\/"},"modified":"2025-05-20T22:34:02","modified_gmt":"2025-05-20T22:34:02","slug":"le-ministre-de-l-agriculture-confirme-pour-le-congres-de-l-huile-d-olive-a-madrid","status":"publish","type":"post","link":"https:\/\/www.webdo.tn\/fr\/actualite\/national\/le-ministre-de-l-agriculture-confirme-pour-le-congres-de-l-huile-d-olive-a-madrid\/214754\/","title":{"rendered":"Le ministre de l&rsquo;agriculture confirm\u00e9 pour le Congr\u00e8s de l&rsquo;Huile d&rsquo;Olive \u00e0 Madrid"},"content":{"rendered":"<p>Le ministre tunisien de l&rsquo;Agriculture, des Ressources hydrauliques et de la P\u00eache, Abdelmonem Belati, sera pr\u00e9sent \u00e0 l&rsquo;ouverture de l&rsquo;Olive Oil World Congress (OOWC), selon l&rsquo;annonce faite par OOWC. Cet \u00e9v\u00e9nement majeur se d\u00e9roulera du 26 au 28 juin au Conseil Sup\u00e9rieur de la Recherche Scientifique Espagnol (CSIC) \u00e0 Madrid.<\/p>\n<p>\t\t\t\t\t\t\t\t\tLa Tunisie, connue pour la qualit\u00e9 de son huile d&rsquo;olive, accorde une grande importance \u00e0 sa participation \u00e0 l&rsquo;OOWC afin de promouvoir son secteur ol\u00e9icole sur la sc\u00e8ne internationale. La Tunisie a d&rsquo;ailleurs remport\u00e9 hier, mercredi 1\u00e9 juin, la premi\u00e8re place mondiale en d\u00e9crochant 60 m\u00e9dailles d&rsquo;or au Concours International Afro-Asiatique de l&rsquo;Huile d&rsquo;Olive Vierge Extra, \u00e0 Abou Dhabi. Plus de 100 entreprises de 14 pays y ont particip\u00e9.<\/p>\n<p>Sa pr\u00e9sence t\u00e9moigne de l&rsquo;int\u00e9r\u00eat de la Tunisie pour la recherche de solutions technologiques permettant de relever les nouveaux d\u00e9fis de la culture de l&rsquo;olivier en M\u00e9diterran\u00e9e. Le pays esp\u00e8re tirer profit de l&rsquo;OOWC pour stimuler l&rsquo;innovation et les \u00e9changes commerciaux dans ce secteur cl\u00e9.<\/p>\n<p>Outre M. Belati, d&rsquo;autres personnalit\u00e9s de haut rang assisteront \u00e0 l&rsquo;inauguration, comme Mohamed Sadiki, ministre marocain de l&rsquo;Agriculture, et Jaime Lillo, directeur ex\u00e9cutif du Conseil Ol\u00e9icole International, qui prononcera le discours d&rsquo;ouverture.<\/p>\n<p>Pendant le congr\u00e8s, les d\u00e9l\u00e9gu\u00e9s tunisiens participeront \u00e0 des sessions acad\u00e9miques, commerciales et de r\u00e9seautage leur permettant de se tenir inform\u00e9s des derni\u00e8res tendances de l&rsquo;industrie ol\u00e9icole et de nouer des contacts avec d&rsquo;importants acteurs mondiaux du secteur.<\/p>\n<p>Cette participation de haut niveau s&rsquo;inscrit pleinement dans la strat\u00e9gie tunisienne visant \u00e0 d\u00e9velopper et moderniser sa fili\u00e8re de l&rsquo;huile d&rsquo;olive, pilier de son \u00e9conomie agricole. La Tunisie cherche \u00e0 tirer parti des avanc\u00e9es technologiques pour renforcer davantage sa comp\u00e9titivit\u00e9 sur les march\u00e9s internationaux.<\/p>\n<p>Sous le slogan \u00ab\u00a0Go\u00fbtez-la, savourez, c&rsquo;est l&rsquo;huile d&rsquo;olive\u00a0\u00bb, l&rsquo;OOWC b\u00e9n\u00e9ficie du soutien de prestigieux sponsors de l&rsquo;agroalimentaire.<\/p>\n","protected":false},"excerpt":{"rendered":"<p>Le ministre tunisien de l&rsquo;Agriculture Abdelmonem Belati a confirm\u00e9 sa pr\u00e9sence au prochain Congr\u00e8s Mondial de l&rsquo;Huile d&rsquo;Olive qui se tiendra \u00e0 Madrid du 26 au 2&#8230;<\/p>\n","protected":false},"author":3169,"featured_media":290722,"comment_status":"open","ping_status":"closed","sticky":false,"template":"","format":"standard","meta":{"footnotes":""},"categories":[44],"tags":[10253,10252,10250,10251,2949,2608],"class_list":["post-214754","post","type-post","status-publish","format-standard","has-post-thumbnail","hentry","category-national","tag-abdelmonem-belati","tag-olive-oil-congress","tag-olive-oil","tag-oowc","tag-madrid","tag-tunisie"],"yoast_head":"<!-- This site is optimized with the Yoast SEO Premium plugin v27.5 (Yoast SEO v27.5) - https:\/\/yoast.com\/product\/yoast-seo-premium-wordpress\/ -->\n<title>Le ministre de l&#039;agriculture confirm\u00e9 pour le Congr\u00e8s de l&#039;Huile d&#039;Olive \u00e0 Madrid<\/title>\n<meta name=\"description\" content=\"Le ministre tunisien de l&#039;Agriculture Abdelmonem Belati a confirm\u00e9 sa pr\u00e9sence au prochain Congr\u00e8s Mondial de l&#039;Huile d&#039;Olive qui se tiendra \u00e0 Madrid du 26 au 2...\" \/>\n<link rel=\"canonical\" href=\"https:\/\/www.webdo.tn\/fr\/actualite\/national\/le-ministre-de-l-agriculture-confirme-pour-le-congres-de-l-huile-d-olive-a-madrid\/214754\/\" \/>\n<meta property=\"og:locale\" content=\"fr_FR\" \/>\n<meta property=\"og:type\" content=\"article\" \/>\n<meta property=\"og:title\" content=\"Le ministre de l&#039;agriculture confirm\u00e9 pour le Congr\u00e8s de l&#039;Huile d&#039;Olive \u00e0 Madrid\" \/>\n<meta property=\"og:description\" content=\"Le ministre tunisien de l&#039;Agriculture Abdelmonem Belati a confirm\u00e9 sa pr\u00e9sence au prochain Congr\u00e8s Mondial de l&#039;Huile d&#039;Olive qui se tiendra \u00e0 Madrid du 26 au 2...\" \/>\n<meta property=\"og:url\" content=\"https:\/\/www.webdo.tn\/fr\/actualite\/national\/le-ministre-de-l-agriculture-confirme-pour-le-congres-de-l-huile-d-olive-a-madrid\/214754\/\" \/>\n<meta property=\"og:site_name\" content=\"webdo\" \/>\n<meta property=\"article:publisher\" content=\"https:\/\/www.facebook.com\/webdotn\" \/>\n<meta property=\"article:published_time\" content=\"2024-06-13T19:28:00+00:00\" \/>\n<meta property=\"article:modified_time\" content=\"2025-05-20T22:34:02+00:00\" \/>\n<meta property=\"og:image\" content=\"https:\/\/www.webdo.tn\/fr\/wp-content\/uploads\/2024\/06\/ffe41237ea93382d4a86077a7ccd7652.webp\" \/>\n\t<meta property=\"og:image:width\" content=\"680\" \/>\n\t<meta property=\"og:image:height\" content=\"363\" \/>\n\t<meta property=\"og:image:type\" content=\"image\/webp\" \/>\n<meta name=\"author\" content=\"Webdo\" \/>\n<meta name=\"twitter:card\" content=\"summary_large_image\" \/>\n<meta name=\"twitter:creator\" content=\"@webdo_tn\" \/>\n<meta name=\"twitter:site\" content=\"@webdo_tn\" \/>\n<meta name=\"twitter:label1\" content=\"\u00c9crit par\" \/>\n\t<meta name=\"twitter:data1\" content=\"Webdo\" \/>\n\t<meta name=\"twitter:label2\" content=\"Dur\u00e9e de lecture estim\u00e9e\" \/>\n\t<meta name=\"twitter:data2\" content=\"2 minutes\" \/>\n<script type=\"application\/ld+json\" class=\"yoast-schema-graph\">{\"@context\":\"https:\\\/\\\/schema.org\",\"@graph\":[{\"@type\":\"NewsArticle\",\"@id\":\"https:\\\/\\\/www.webdo.tn\\\/fr\\\/actualite\\\/national\\\/le-ministre-de-l-agriculture-confirme-pour-le-congres-de-l-huile-d-olive-a-madrid\\\/214754\\\/#article\",\"isPartOf\":{\"@id\":\"https:\\\/\\\/www.webdo.tn\\\/fr\\\/actualite\\\/national\\\/le-ministre-de-l-agriculture-confirme-pour-le-congres-de-l-huile-d-olive-a-madrid\\\/214754\\\/\"},\"author\":{\"name\":\"Webdo\",\"@id\":\"https:\\\/\\\/www.webdo.tn\\\/fr\\\/#\\\/schema\\\/person\\\/1f4e491e0907b413d61089e8eb573acc\"},\"headline\":\"Le ministre de l&rsquo;agriculture confirm\u00e9 pour le Congr\u00e8s de l&rsquo;Huile d&rsquo;Olive \u00e0 Madrid\",\"datePublished\":\"2024-06-13T19:28:00+00:00\",\"dateModified\":\"2025-05-20T22:34:02+00:00\",\"mainEntityOfPage\":{\"@id\":\"https:\\\/\\\/www.webdo.tn\\\/fr\\\/actualite\\\/national\\\/le-ministre-de-l-agriculture-confirme-pour-le-congres-de-l-huile-d-olive-a-madrid\\\/214754\\\/\"},\"wordCount\":363,\"commentCount\":0,\"publisher\":{\"@id\":\"https:\\\/\\\/www.webdo.tn\\\/fr\\\/#organization\"},\"image\":{\"@id\":\"https:\\\/\\\/www.webdo.tn\\\/fr\\\/actualite\\\/national\\\/le-ministre-de-l-agriculture-confirme-pour-le-congres-de-l-huile-d-olive-a-madrid\\\/214754\\\/#primaryimage\"},\"thumbnailUrl\":\"https:\\\/\\\/www.webdo.tn\\\/fr\\\/wp-content\\\/uploads\\\/2024\\\/06\\\/ffe41237ea93382d4a86077a7ccd7652.webp\",\"keywords\":[\"'Abdelmonem Belati']\",\"'Olive Oil Congress'\",\"'Olive Oil'\",\"'OOWC'\",\"Madrid\",\"Tunisie\"],\"articleSection\":[\"National\"],\"inLanguage\":\"fr-FR\"},{\"@type\":\"WebPage\",\"@id\":\"https:\\\/\\\/www.webdo.tn\\\/fr\\\/actualite\\\/national\\\/le-ministre-de-l-agriculture-confirme-pour-le-congres-de-l-huile-d-olive-a-madrid\\\/214754\\\/\",\"url\":\"https:\\\/\\\/www.webdo.tn\\\/fr\\\/actualite\\\/national\\\/le-ministre-de-l-agriculture-confirme-pour-le-congres-de-l-huile-d-olive-a-madrid\\\/214754\\\/\",\"name\":\"Le ministre de l'agriculture confirm\u00e9 pour le Congr\u00e8s de l'Huile d'Olive \u00e0 Madrid\",\"isPartOf\":{\"@id\":\"https:\\\/\\\/www.webdo.tn\\\/fr\\\/#website\"},\"primaryImageOfPage\":{\"@id\":\"https:\\\/\\\/www.webdo.tn\\\/fr\\\/actualite\\\/national\\\/le-ministre-de-l-agriculture-confirme-pour-le-congres-de-l-huile-d-olive-a-madrid\\\/214754\\\/#primaryimage\"},\"image\":{\"@id\":\"https:\\\/\\\/www.webdo.tn\\\/fr\\\/actualite\\\/national\\\/le-ministre-de-l-agriculture-confirme-pour-le-congres-de-l-huile-d-olive-a-madrid\\\/214754\\\/#primaryimage\"},\"thumbnailUrl\":\"https:\\\/\\\/www.webdo.tn\\\/fr\\\/wp-content\\\/uploads\\\/2024\\\/06\\\/ffe41237ea93382d4a86077a7ccd7652.webp\",\"datePublished\":\"2024-06-13T19:28:00+00:00\",\"dateModified\":\"2025-05-20T22:34:02+00:00\",\"description\":\"Le ministre tunisien de l'Agriculture Abdelmonem Belati a confirm\u00e9 sa pr\u00e9sence au prochain Congr\u00e8s Mondial de l'Huile d'Olive qui se tiendra \u00e0 Madrid du 26 au 2...\",\"breadcrumb\":{\"@id\":\"https:\\\/\\\/www.webdo.tn\\\/fr\\\/actualite\\\/national\\\/le-ministre-de-l-agriculture-confirme-pour-le-congres-de-l-huile-d-olive-a-madrid\\\/214754\\\/#breadcrumb\"},\"inLanguage\":\"fr-FR\",\"potentialAction\":[{\"@type\":\"ReadAction\",\"target\":[\"https:\\\/\\\/www.webdo.tn\\\/fr\\\/actualite\\\/national\\\/le-ministre-de-l-agriculture-confirme-pour-le-congres-de-l-huile-d-olive-a-madrid\\\/214754\\\/\"]}]},{\"@type\":\"ImageObject\",\"inLanguage\":\"fr-FR\",\"@id\":\"https:\\\/\\\/www.webdo.tn\\\/fr\\\/actualite\\\/national\\\/le-ministre-de-l-agriculture-confirme-pour-le-congres-de-l-huile-d-olive-a-madrid\\\/214754\\\/#primaryimage\",\"url\":\"https:\\\/\\\/www.webdo.tn\\\/fr\\\/wp-content\\\/uploads\\\/2024\\\/06\\\/ffe41237ea93382d4a86077a7ccd7652.webp\",\"contentUrl\":\"https:\\\/\\\/www.webdo.tn\\\/fr\\\/wp-content\\\/uploads\\\/2024\\\/06\\\/ffe41237ea93382d4a86077a7ccd7652.webp\",\"width\":680,\"height\":363,\"caption\":\"Le ministre de l'agriculture confirm\u00e9 pour le Congr\u00e8s de l'Huile d'Olive \u00e0 Madrid\"},{\"@type\":\"BreadcrumbList\",\"@id\":\"https:\\\/\\\/www.webdo.tn\\\/fr\\\/actualite\\\/national\\\/le-ministre-de-l-agriculture-confirme-pour-le-congres-de-l-huile-d-olive-a-madrid\\\/214754\\\/#breadcrumb\",\"itemListElement\":[{\"@type\":\"ListItem\",\"position\":1,\"name\":\"Accueil\",\"item\":\"https:\\\/\\\/www.webdo.tn\\\/fr\\\/\"},{\"@type\":\"ListItem\",\"position\":2,\"name\":\"Le ministre de l&rsquo;agriculture confirm\u00e9 pour le Congr\u00e8s de l&rsquo;Huile d&rsquo;Olive \u00e0 Madrid\"}]},{\"@type\":\"WebSite\",\"@id\":\"https:\\\/\\\/www.webdo.tn\\\/fr\\\/#website\",\"url\":\"https:\\\/\\\/www.webdo.tn\\\/fr\\\/\",\"name\":\"webdo\",\"description\":\"Tunisie - News en Tunisie et \u00e0 l&#039;international sur Webdo.tn\",\"publisher\":{\"@id\":\"https:\\\/\\\/www.webdo.tn\\\/fr\\\/#organization\"},\"potentialAction\":[{\"@type\":\"SearchAction\",\"target\":{\"@type\":\"EntryPoint\",\"urlTemplate\":\"https:\\\/\\\/www.webdo.tn\\\/fr\\\/?s={search_term_string}\"},\"query-input\":{\"@type\":\"PropertyValueSpecification\",\"valueRequired\":true,\"valueName\":\"search_term_string\"}}],\"inLanguage\":\"fr-FR\"},{\"@type\":\"Organization\",\"@id\":\"https:\\\/\\\/www.webdo.tn\\\/fr\\\/#organization\",\"name\":\"Webdo\",\"alternateName\":\"Webdo.tn\",\"url\":\"https:\\\/\\\/www.webdo.tn\\\/fr\\\/\",\"logo\":{\"@type\":\"ImageObject\",\"inLanguage\":\"fr-FR\",\"@id\":\"https:\\\/\\\/www.webdo.tn\\\/fr\\\/#\\\/schema\\\/logo\\\/image\\\/\",\"url\":\"https:\\\/\\\/www.webdo.tn\\\/fr\\\/wp-content\\\/uploads\\\/2025\\\/06\\\/Webdo-Tunisie_168377.jpg\",\"contentUrl\":\"https:\\\/\\\/www.webdo.tn\\\/fr\\\/wp-content\\\/uploads\\\/2025\\\/06\\\/Webdo-Tunisie_168377.jpg\",\"width\":301,\"height\":301,\"caption\":\"Webdo\"},\"image\":{\"@id\":\"https:\\\/\\\/www.webdo.tn\\\/fr\\\/#\\\/schema\\\/logo\\\/image\\\/\"},\"sameAs\":[\"https:\\\/\\\/www.facebook.com\\\/webdotn\",\"https:\\\/\\\/x.com\\\/webdo_tn\"],\"description\":\"Webdo est un m\u00e9dia num\u00e9rique tunisien fond\u00e9 en 2010, sp\u00e9cialis\u00e9 dans l\u2019actualit\u00e9 nationale et internationale, l\u2019\u00e9conomie, la soci\u00e9t\u00e9 et les analyses politiques. Le site s\u2019adresse \u00e0 un large public francophone et couvre l\u2019information tunisienne en temps r\u00e9el.\",\"email\":\"redac@webdo.tn\",\"legalName\":\"YNJ SARL\",\"foundingDate\":\"2010-09-06\",\"numberOfEmployees\":{\"@type\":\"QuantitativeValue\",\"minValue\":\"11\",\"maxValue\":\"50\"}},{\"@type\":\"Person\",\"@id\":\"https:\\\/\\\/www.webdo.tn\\\/fr\\\/#\\\/schema\\\/person\\\/1f4e491e0907b413d61089e8eb573acc\",\"name\":\"Webdo\",\"image\":{\"@type\":\"ImageObject\",\"inLanguage\":\"fr-FR\",\"@id\":\"https:\\\/\\\/secure.gravatar.com\\\/avatar\\\/de97aeec1bb80978a9dbb127e47dfc88aaacb2f3c29aac907d8d3222e3495d49?s=96&d=mm&r=g\",\"url\":\"https:\\\/\\\/secure.gravatar.com\\\/avatar\\\/de97aeec1bb80978a9dbb127e47dfc88aaacb2f3c29aac907d8d3222e3495d49?s=96&d=mm&r=g\",\"contentUrl\":\"https:\\\/\\\/secure.gravatar.com\\\/avatar\\\/de97aeec1bb80978a9dbb127e47dfc88aaacb2f3c29aac907d8d3222e3495d49?s=96&d=mm&r=g\",\"caption\":\"Webdo\"},\"url\":\"https:\\\/\\\/www.webdo.tn\\\/fr\\\/actualite\\\/author\\\/webdo\\\/\"}]}<\/script>\n<!-- \/ Yoast SEO Premium plugin. -->","yoast_head_json":{"title":"Le ministre de l'agriculture confirm\u00e9 pour le Congr\u00e8s de l'Huile d'Olive \u00e0 Madrid","description":"Le ministre tunisien de l'Agriculture Abdelmonem Belati a confirm\u00e9 sa pr\u00e9sence au prochain Congr\u00e8s Mondial de l'Huile d'Olive qui se tiendra \u00e0 Madrid du 26 au 2...","canonical":"https:\/\/www.webdo.tn\/fr\/actualite\/national\/le-ministre-de-l-agriculture-confirme-pour-le-congres-de-l-huile-d-olive-a-madrid\/214754\/","og_locale":"fr_FR","og_type":"article","og_title":"Le ministre de l'agriculture confirm\u00e9 pour le Congr\u00e8s de l'Huile d'Olive \u00e0 Madrid","og_description":"Le ministre tunisien de l'Agriculture Abdelmonem Belati a confirm\u00e9 sa pr\u00e9sence au prochain Congr\u00e8s Mondial de l'Huile d'Olive qui se tiendra \u00e0 Madrid du 26 au 2...","og_url":"https:\/\/www.webdo.tn\/fr\/actualite\/national\/le-ministre-de-l-agriculture-confirme-pour-le-congres-de-l-huile-d-olive-a-madrid\/214754\/","og_site_name":"webdo","article_publisher":"https:\/\/www.facebook.com\/webdotn","article_published_time":"2024-06-13T19:28:00+00:00","article_modified_time":"2025-05-20T22:34:02+00:00","og_image":[{"width":680,"height":363,"url":"https:\/\/www.webdo.tn\/fr\/wp-content\/uploads\/2024\/06\/ffe41237ea93382d4a86077a7ccd7652.webp","type":"image\/webp"}],"author":"Webdo","twitter_card":"summary_large_image","twitter_creator":"@webdo_tn","twitter_site":"@webdo_tn","twitter_misc":{"\u00c9crit par":"Webdo","Dur\u00e9e de lecture estim\u00e9e":"2 minutes"},"schema":{"@context":"https:\/\/schema.org","@graph":[{"@type":"NewsArticle","@id":"https:\/\/www.webdo.tn\/fr\/actualite\/national\/le-ministre-de-l-agriculture-confirme-pour-le-congres-de-l-huile-d-olive-a-madrid\/214754\/#article","isPartOf":{"@id":"https:\/\/www.webdo.tn\/fr\/actualite\/national\/le-ministre-de-l-agriculture-confirme-pour-le-congres-de-l-huile-d-olive-a-madrid\/214754\/"},"author":{"name":"Webdo","@id":"https:\/\/www.webdo.tn\/fr\/#\/schema\/person\/1f4e491e0907b413d61089e8eb573acc"},"headline":"Le ministre de l&rsquo;agriculture confirm\u00e9 pour le Congr\u00e8s de l&rsquo;Huile d&rsquo;Olive \u00e0 Madrid","datePublished":"2024-06-13T19:28:00+00:00","dateModified":"2025-05-20T22:34:02+00:00","mainEntityOfPage":{"@id":"https:\/\/www.webdo.tn\/fr\/actualite\/national\/le-ministre-de-l-agriculture-confirme-pour-le-congres-de-l-huile-d-olive-a-madrid\/214754\/"},"wordCount":363,"commentCount":0,"publisher":{"@id":"https:\/\/www.webdo.tn\/fr\/#organization"},"image":{"@id":"https:\/\/www.webdo.tn\/fr\/actualite\/national\/le-ministre-de-l-agriculture-confirme-pour-le-congres-de-l-huile-d-olive-a-madrid\/214754\/#primaryimage"},"thumbnailUrl":"https:\/\/www.webdo.tn\/fr\/wp-content\/uploads\/2024\/06\/ffe41237ea93382d4a86077a7ccd7652.webp","keywords":["'Abdelmonem Belati']","'Olive Oil Congress'","'Olive Oil'","'OOWC'","Madrid","Tunisie"],"articleSection":["National"],"inLanguage":"fr-FR"},{"@type":"WebPage","@id":"https:\/\/www.webdo.tn\/fr\/actualite\/national\/le-ministre-de-l-agriculture-confirme-pour-le-congres-de-l-huile-d-olive-a-madrid\/214754\/","url":"https:\/\/www.webdo.tn\/fr\/actualite\/national\/le-ministre-de-l-agriculture-confirme-pour-le-congres-de-l-huile-d-olive-a-madrid\/214754\/","name":"Le ministre de l'agriculture confirm\u00e9 pour le Congr\u00e8s de l'Huile d'Olive \u00e0 Madrid","isPartOf":{"@id":"https:\/\/www.webdo.tn\/fr\/#website"},"primaryImageOfPage":{"@id":"https:\/\/www.webdo.tn\/fr\/actualite\/national\/le-ministre-de-l-agriculture-confirme-pour-le-congres-de-l-huile-d-olive-a-madrid\/214754\/#primaryimage"},"image":{"@id":"https:\/\/www.webdo.tn\/fr\/actualite\/national\/le-ministre-de-l-agriculture-confirme-pour-le-congres-de-l-huile-d-olive-a-madrid\/214754\/#primaryimage"},"thumbnailUrl":"https:\/\/www.webdo.tn\/fr\/wp-content\/uploads\/2024\/06\/ffe41237ea93382d4a86077a7ccd7652.webp","datePublished":"2024-06-13T19:28:00+00:00","dateModified":"2025-05-20T22:34:02+00:00","description":"Le ministre tunisien de l'Agriculture Abdelmonem Belati a confirm\u00e9 sa pr\u00e9sence au prochain Congr\u00e8s Mondial de l'Huile d'Olive qui se tiendra \u00e0 Madrid du 26 au 2...","breadcrumb":{"@id":"https:\/\/www.webdo.tn\/fr\/actualite\/national\/le-ministre-de-l-agriculture-confirme-pour-le-congres-de-l-huile-d-olive-a-madrid\/214754\/#breadcrumb"},"inLanguage":"fr-FR","potentialAction":[{"@type":"ReadAction","target":["https:\/\/www.webdo.tn\/fr\/actualite\/national\/le-ministre-de-l-agriculture-confirme-pour-le-congres-de-l-huile-d-olive-a-madrid\/214754\/"]}]},{"@type":"ImageObject","inLanguage":"fr-FR","@id":"https:\/\/www.webdo.tn\/fr\/actualite\/national\/le-ministre-de-l-agriculture-confirme-pour-le-congres-de-l-huile-d-olive-a-madrid\/214754\/#primaryimage","url":"https:\/\/www.webdo.tn\/fr\/wp-content\/uploads\/2024\/06\/ffe41237ea93382d4a86077a7ccd7652.webp","contentUrl":"https:\/\/www.webdo.tn\/fr\/wp-content\/uploads\/2024\/06\/ffe41237ea93382d4a86077a7ccd7652.webp","width":680,"height":363,"caption":"Le ministre de l'agriculture confirm\u00e9 pour le Congr\u00e8s de l'Huile d'Olive \u00e0 Madrid"},{"@type":"BreadcrumbList","@id":"https:\/\/www.webdo.tn\/fr\/actualite\/national\/le-ministre-de-l-agriculture-confirme-pour-le-congres-de-l-huile-d-olive-a-madrid\/214754\/#breadcrumb","itemListElement":[{"@type":"ListItem","position":1,"name":"Accueil","item":"https:\/\/www.webdo.tn\/fr\/"},{"@type":"ListItem","position":2,"name":"Le ministre de l&rsquo;agriculture confirm\u00e9 pour le Congr\u00e8s de l&rsquo;Huile d&rsquo;Olive \u00e0 Madrid"}]},{"@type":"WebSite","@id":"https:\/\/www.webdo.tn\/fr\/#website","url":"https:\/\/www.webdo.tn\/fr\/","name":"webdo","description":"Tunisie - News en Tunisie et \u00e0 l&#039;international sur Webdo.tn","publisher":{"@id":"https:\/\/www.webdo.tn\/fr\/#organization"},"potentialAction":[{"@type":"SearchAction","target":{"@type":"EntryPoint","urlTemplate":"https:\/\/www.webdo.tn\/fr\/?s={search_term_string}"},"query-input":{"@type":"PropertyValueSpecification","valueRequired":true,"valueName":"search_term_string"}}],"inLanguage":"fr-FR"},{"@type":"Organization","@id":"https:\/\/www.webdo.tn\/fr\/#organization","name":"Webdo","alternateName":"Webdo.tn","url":"https:\/\/www.webdo.tn\/fr\/","logo":{"@type":"ImageObject","inLanguage":"fr-FR","@id":"https:\/\/www.webdo.tn\/fr\/#\/schema\/logo\/image\/","url":"https:\/\/www.webdo.tn\/fr\/wp-content\/uploads\/2025\/06\/Webdo-Tunisie_168377.jpg","contentUrl":"https:\/\/www.webdo.tn\/fr\/wp-content\/uploads\/2025\/06\/Webdo-Tunisie_168377.jpg","width":301,"height":301,"caption":"Webdo"},"image":{"@id":"https:\/\/www.webdo.tn\/fr\/#\/schema\/logo\/image\/"},"sameAs":["https:\/\/www.facebook.com\/webdotn","https:\/\/x.com\/webdo_tn"],"description":"Webdo est un m\u00e9dia num\u00e9rique tunisien fond\u00e9 en 2010, sp\u00e9cialis\u00e9 dans l\u2019actualit\u00e9 nationale et internationale, l\u2019\u00e9conomie, la soci\u00e9t\u00e9 et les analyses politiques. Le site s\u2019adresse \u00e0 un large public francophone et couvre l\u2019information tunisienne en temps r\u00e9el.","email":"redac@webdo.tn","legalName":"YNJ SARL","foundingDate":"2010-09-06","numberOfEmployees":{"@type":"QuantitativeValue","minValue":"11","maxValue":"50"}},{"@type":"Person","@id":"https:\/\/www.webdo.tn\/fr\/#\/schema\/person\/1f4e491e0907b413d61089e8eb573acc","name":"Webdo","image":{"@type":"ImageObject","inLanguage":"fr-FR","@id":"https:\/\/secure.gravatar.com\/avatar\/de97aeec1bb80978a9dbb127e47dfc88aaacb2f3c29aac907d8d3222e3495d49?s=96&d=mm&r=g","url":"https:\/\/secure.gravatar.com\/avatar\/de97aeec1bb80978a9dbb127e47dfc88aaacb2f3c29aac907d8d3222e3495d49?s=96&d=mm&r=g","contentUrl":"https:\/\/secure.gravatar.com\/avatar\/de97aeec1bb80978a9dbb127e47dfc88aaacb2f3c29aac907d8d3222e3495d49?s=96&d=mm&r=g","caption":"Webdo"},"url":"https:\/\/www.webdo.tn\/fr\/actualite\/author\/webdo\/"}]}},"_links":{"self":[{"href":"https:\/\/www.webdo.tn\/fr\/wp-json\/wp\/v2\/posts\/214754","targetHints":{"allow":["GET"]}}],"collection":[{"href":"https:\/\/www.webdo.tn\/fr\/wp-json\/wp\/v2\/posts"}],"about":[{"href":"https:\/\/www.webdo.tn\/fr\/wp-json\/wp\/v2\/types\/post"}],"author":[{"embeddable":true,"href":"https:\/\/www.webdo.tn\/fr\/wp-json\/wp\/v2\/users\/3169"}],"replies":[{"embeddable":true,"href":"https:\/\/www.webdo.tn\/fr\/wp-json\/wp\/v2\/comments?post=214754"}],"version-history":[{"count":0,"href":"https:\/\/www.webdo.tn\/fr\/wp-json\/wp\/v2\/posts\/214754\/revisions"}],"wp:featuredmedia":[{"embeddable":true,"href":"https:\/\/www.webdo.tn\/fr\/wp-json\/wp\/v2\/media\/290722"}],"wp:attachment":[{"href":"https:\/\/www.webdo.tn\/fr\/wp-json\/wp\/v2\/media?parent=214754"}],"wp:term":[{"taxonomy":"category","embeddable":true,"href":"https:\/\/www.webdo.tn\/fr\/wp-json\/wp\/v2\/categories?post=214754"},{"taxonomy":"post_tag","embeddable":true,"href":"https:\/\/www.webdo.tn\/fr\/wp-json\/wp\/v2\/tags?post=214754"}],"curies":[{"name":"wp","href":"https:\/\/api.w.org\/{rel}","templated":true}]}}