{"id":214750,"date":"2024-06-13T14:58:00","date_gmt":"2024-06-13T14:58:00","guid":{"rendered":"https:\/\/www.webdo.tn\/fr\/blog\/tunisie-le-lancement-commercial-de-la-5g-prevu-en-2025\/214750\/"},"modified":"2025-05-20T22:53:56","modified_gmt":"2025-05-20T22:53:56","slug":"tunisie-le-lancement-commercial-de-la-5g-prevu-en-2025","status":"publish","type":"post","link":"https:\/\/www.webdo.tn\/fr\/actualite\/national\/tunisie-le-lancement-commercial-de-la-5g-prevu-en-2025\/214750\/","title":{"rendered":"Tunisie : Le lancement commercial de la 5G pr\u00e9vu en 2025"},"content":{"rendered":"<p>Un Conseil minist\u00e9riel a approuv\u00e9 aujourd\u2019hui la feuille de route propos\u00e9e pour le lancement de la 5G en Tunisie. Une commission charg\u00e9e de la pr\u00e9paration d\u2019octroi des autorisations sera cr\u00e9\u00e9 et le lancement commercial de 5G en Tunisie est pr\u00e9vu pour 2025.<\/p>\n<p>\t\t\t\t\t\t\t\t\tLe Chef du gouvernement, Ahmed Hachani a pr\u00e9sid\u00e9, ce jeudi 13 juin 2024, au palais du Gouvernement \u00e0 la Kasbah une r\u00e9union minist\u00e9rielle restreinte consacr\u00e9e au d\u00e9ploiement de la 5G en Tunisie et \u00e0 l&rsquo;examen des \u00e9tapes du d\u00e9ploiement de cette technologie.<\/p>\n<p>Cette r\u00e9union minist\u00e9rielle restreinte s\u2019est d\u00e9roul\u00e9e en pr\u00e9sence des ministres de l&rsquo;Int\u00e9rieur, Khaled Nouri, des Finances, Sihem Boughdiri Nemsia, des Technologies de la Communication, Nizar Ben Neji.<\/p>\n<p>Dans ce contexte, le Chef du gouvernement a soulign\u00e9 la n\u00e9cessit\u00e9 de travailler dans le cadre de la strat\u00e9gie nationale num\u00e9rique 2022-2025, afin que la Tunisie soit \u00e0 l&rsquo;avant-garde des pays qui suivent le d\u00e9veloppement technologique en d\u00e9veloppant l&rsquo;infrastructure des communications mobiles pour attirer les investissements dans le domaine num\u00e9rique et augmenter les opportunit\u00e9s \u00e9conomiques dans tous les domaines.<\/p>\n<p>Le ministre des Technologies de la Communication, M. Nizar Ben Neji, a pr\u00e9sent\u00e9 \u00e0 cet effet, un expos\u00e9 sur le cadre l\u00e9gislatif et r\u00e9glementaire pour l&rsquo;attribution des licences, les \u00e9tapes de pr\u00e9paration du d\u00e9ploiement de la 5G, ainsi que les mesures d&rsquo;accompagnement et les composantes des licences \u00e0 \u00eatre attribu\u00e9es dans le cadre de l&rsquo;appel d&rsquo;offres.<\/p>\n<p>Le projet vise \u00e0 r\u00e9pondre aux besoins croissants de d\u00e9bit, de r\u00e9activit\u00e9 et de qualit\u00e9 de navigation, ainsi qu&rsquo;\u00e0 absorber la densit\u00e9 croissante des utilisateurs et le volume de donn\u00e9es transport\u00e9es via le r\u00e9seau de communications mobiles, tout en int\u00e9grant les applications modernes li\u00e9es aux syst\u00e8mes d&rsquo;Internet.<\/p>\n<p>Ce Conseil minist\u00e9riel restreint a d\u00e9cid\u00e9 d&rsquo;approuver la feuille de route propos\u00e9e pour le d\u00e9ploiement de la 5G en Tunisie, et de cr\u00e9er un comit\u00e9 charg\u00e9 de pr\u00e9parer les \u00e9tapes pr\u00e9liminaires de l&rsquo;attribution des licences, afin de lancer effectivement la commercialisation des services la 5G \u00e0 partir de l&rsquo;ann\u00e9e 2025.<\/p>\n","protected":false},"excerpt":{"rendered":"<p>Le Chef du gouvernement, Ahmed Hachani a pr\u00e9sid\u00e9, ce jeudi 13 juin 2024, au palais du Gouvernement \u00e0 la Kasbah une r\u00e9union minist\u00e9rielle restreinte consacr\u00e9e au&#8230;<\/p>\n","protected":false},"author":3175,"featured_media":290719,"comment_status":"open","ping_status":"closed","sticky":false,"template":"","format":"standard","meta":{"footnotes":""},"categories":[44],"tags":[10245,3834,6389,4892,4232,2608],"class_list":["post-214750","post","type-post","status-publish","format-standard","has-post-thumbnail","hentry","category-national","tag-mobile","tag-5g","tag-internet","tag-licence","tag-technologie","tag-tunisie"],"yoast_head":"<!-- This site is optimized with the Yoast SEO Premium plugin v27.5 (Yoast SEO v27.5) - https:\/\/yoast.com\/product\/yoast-seo-premium-wordpress\/ -->\n<title>Tunisie : Le lancement commercial de la 5G pr\u00e9vu en 2025<\/title>\n<meta name=\"description\" content=\"Le Chef du gouvernement, Ahmed Hachani a pr\u00e9sid\u00e9, ce jeudi 13 juin 2024, au palais du Gouvernement \u00e0 la Kasbah une r\u00e9union minist\u00e9rielle restreinte consacr\u00e9e au...\" \/>\n<link rel=\"canonical\" href=\"https:\/\/www.webdo.tn\/fr\/actualite\/national\/tunisie-le-lancement-commercial-de-la-5g-prevu-en-2025\/214750\/\" \/>\n<meta property=\"og:locale\" content=\"fr_FR\" \/>\n<meta property=\"og:type\" content=\"article\" \/>\n<meta property=\"og:title\" content=\"Tunisie : Le lancement commercial de la 5G pr\u00e9vu en 2025\" \/>\n<meta property=\"og:description\" content=\"Le Chef du gouvernement, Ahmed Hachani a pr\u00e9sid\u00e9, ce jeudi 13 juin 2024, au palais du Gouvernement \u00e0 la Kasbah une r\u00e9union minist\u00e9rielle restreinte consacr\u00e9e au...\" \/>\n<meta property=\"og:url\" content=\"https:\/\/www.webdo.tn\/fr\/actualite\/national\/tunisie-le-lancement-commercial-de-la-5g-prevu-en-2025\/214750\/\" \/>\n<meta property=\"og:site_name\" content=\"webdo\" \/>\n<meta property=\"article:publisher\" content=\"https:\/\/www.facebook.com\/webdotn\" \/>\n<meta property=\"article:published_time\" content=\"2024-06-13T14:58:00+00:00\" \/>\n<meta property=\"article:modified_time\" content=\"2025-05-20T22:53:56+00:00\" \/>\n<meta property=\"og:image\" content=\"https:\/\/www.webdo.tn\/fr\/wp-content\/uploads\/2024\/06\/9afb74910f1f22f18db3ff436f301918.webp\" \/>\n\t<meta property=\"og:image:width\" content=\"750\" \/>\n\t<meta property=\"og:image:height\" content=\"400\" \/>\n\t<meta property=\"og:image:type\" content=\"image\/webp\" \/>\n<meta name=\"author\" content=\"CL\" \/>\n<meta name=\"twitter:card\" content=\"summary_large_image\" \/>\n<meta name=\"twitter:creator\" content=\"@webdo_tn\" \/>\n<meta name=\"twitter:site\" content=\"@webdo_tn\" \/>\n<meta name=\"twitter:label1\" content=\"\u00c9crit par\" \/>\n\t<meta name=\"twitter:data1\" content=\"CL\" \/>\n\t<meta name=\"twitter:label2\" content=\"Dur\u00e9e de lecture estim\u00e9e\" \/>\n\t<meta name=\"twitter:data2\" content=\"2 minutes\" \/>\n<script type=\"application\/ld+json\" class=\"yoast-schema-graph\">{\"@context\":\"https:\\\/\\\/schema.org\",\"@graph\":[{\"@type\":\"NewsArticle\",\"@id\":\"https:\\\/\\\/www.webdo.tn\\\/fr\\\/actualite\\\/national\\\/tunisie-le-lancement-commercial-de-la-5g-prevu-en-2025\\\/214750\\\/#article\",\"isPartOf\":{\"@id\":\"https:\\\/\\\/www.webdo.tn\\\/fr\\\/actualite\\\/national\\\/tunisie-le-lancement-commercial-de-la-5g-prevu-en-2025\\\/214750\\\/\"},\"author\":{\"name\":\"CL\",\"@id\":\"https:\\\/\\\/www.webdo.tn\\\/fr\\\/#\\\/schema\\\/person\\\/f35b42a42c5e2511bbd282959d6385cc\"},\"headline\":\"Tunisie : Le lancement commercial de la 5G pr\u00e9vu en 2025\",\"datePublished\":\"2024-06-13T14:58:00+00:00\",\"dateModified\":\"2025-05-20T22:53:56+00:00\",\"mainEntityOfPage\":{\"@id\":\"https:\\\/\\\/www.webdo.tn\\\/fr\\\/actualite\\\/national\\\/tunisie-le-lancement-commercial-de-la-5g-prevu-en-2025\\\/214750\\\/\"},\"wordCount\":384,\"commentCount\":0,\"publisher\":{\"@id\":\"https:\\\/\\\/www.webdo.tn\\\/fr\\\/#organization\"},\"image\":{\"@id\":\"https:\\\/\\\/www.webdo.tn\\\/fr\\\/actualite\\\/national\\\/tunisie-le-lancement-commercial-de-la-5g-prevu-en-2025\\\/214750\\\/#primaryimage\"},\"thumbnailUrl\":\"https:\\\/\\\/www.webdo.tn\\\/fr\\\/wp-content\\\/uploads\\\/2024\\\/06\\\/9afb74910f1f22f18db3ff436f301918.webp\",\"keywords\":[\"'mobile']\",\"5G\",\"Internet\",\"licence\",\"technologie\",\"Tunisie\"],\"articleSection\":[\"National\"],\"inLanguage\":\"fr-FR\"},{\"@type\":\"WebPage\",\"@id\":\"https:\\\/\\\/www.webdo.tn\\\/fr\\\/actualite\\\/national\\\/tunisie-le-lancement-commercial-de-la-5g-prevu-en-2025\\\/214750\\\/\",\"url\":\"https:\\\/\\\/www.webdo.tn\\\/fr\\\/actualite\\\/national\\\/tunisie-le-lancement-commercial-de-la-5g-prevu-en-2025\\\/214750\\\/\",\"name\":\"Tunisie : Le lancement commercial de la 5G pr\u00e9vu en 2025\",\"isPartOf\":{\"@id\":\"https:\\\/\\\/www.webdo.tn\\\/fr\\\/#website\"},\"primaryImageOfPage\":{\"@id\":\"https:\\\/\\\/www.webdo.tn\\\/fr\\\/actualite\\\/national\\\/tunisie-le-lancement-commercial-de-la-5g-prevu-en-2025\\\/214750\\\/#primaryimage\"},\"image\":{\"@id\":\"https:\\\/\\\/www.webdo.tn\\\/fr\\\/actualite\\\/national\\\/tunisie-le-lancement-commercial-de-la-5g-prevu-en-2025\\\/214750\\\/#primaryimage\"},\"thumbnailUrl\":\"https:\\\/\\\/www.webdo.tn\\\/fr\\\/wp-content\\\/uploads\\\/2024\\\/06\\\/9afb74910f1f22f18db3ff436f301918.webp\",\"datePublished\":\"2024-06-13T14:58:00+00:00\",\"dateModified\":\"2025-05-20T22:53:56+00:00\",\"description\":\"Le Chef du gouvernement, Ahmed Hachani a pr\u00e9sid\u00e9, ce jeudi 13 juin 2024, au palais du Gouvernement \u00e0 la Kasbah une r\u00e9union minist\u00e9rielle restreinte consacr\u00e9e au...\",\"breadcrumb\":{\"@id\":\"https:\\\/\\\/www.webdo.tn\\\/fr\\\/actualite\\\/national\\\/tunisie-le-lancement-commercial-de-la-5g-prevu-en-2025\\\/214750\\\/#breadcrumb\"},\"inLanguage\":\"fr-FR\",\"potentialAction\":[{\"@type\":\"ReadAction\",\"target\":[\"https:\\\/\\\/www.webdo.tn\\\/fr\\\/actualite\\\/national\\\/tunisie-le-lancement-commercial-de-la-5g-prevu-en-2025\\\/214750\\\/\"]}]},{\"@type\":\"ImageObject\",\"inLanguage\":\"fr-FR\",\"@id\":\"https:\\\/\\\/www.webdo.tn\\\/fr\\\/actualite\\\/national\\\/tunisie-le-lancement-commercial-de-la-5g-prevu-en-2025\\\/214750\\\/#primaryimage\",\"url\":\"https:\\\/\\\/www.webdo.tn\\\/fr\\\/wp-content\\\/uploads\\\/2024\\\/06\\\/9afb74910f1f22f18db3ff436f301918.webp\",\"contentUrl\":\"https:\\\/\\\/www.webdo.tn\\\/fr\\\/wp-content\\\/uploads\\\/2024\\\/06\\\/9afb74910f1f22f18db3ff436f301918.webp\",\"width\":750,\"height\":400,\"caption\":\"Tunisie : Le lancement commercial de la 5G pr\u00e9vu en 2025\"},{\"@type\":\"BreadcrumbList\",\"@id\":\"https:\\\/\\\/www.webdo.tn\\\/fr\\\/actualite\\\/national\\\/tunisie-le-lancement-commercial-de-la-5g-prevu-en-2025\\\/214750\\\/#breadcrumb\",\"itemListElement\":[{\"@type\":\"ListItem\",\"position\":1,\"name\":\"Accueil\",\"item\":\"https:\\\/\\\/www.webdo.tn\\\/fr\\\/\"},{\"@type\":\"ListItem\",\"position\":2,\"name\":\"Tunisie : Le lancement commercial de la 5G pr\u00e9vu en 2025\"}]},{\"@type\":\"WebSite\",\"@id\":\"https:\\\/\\\/www.webdo.tn\\\/fr\\\/#website\",\"url\":\"https:\\\/\\\/www.webdo.tn\\\/fr\\\/\",\"name\":\"webdo\",\"description\":\"Tunisie - News en Tunisie et \u00e0 l&#039;international sur Webdo.tn\",\"publisher\":{\"@id\":\"https:\\\/\\\/www.webdo.tn\\\/fr\\\/#organization\"},\"potentialAction\":[{\"@type\":\"SearchAction\",\"target\":{\"@type\":\"EntryPoint\",\"urlTemplate\":\"https:\\\/\\\/www.webdo.tn\\\/fr\\\/?s={search_term_string}\"},\"query-input\":{\"@type\":\"PropertyValueSpecification\",\"valueRequired\":true,\"valueName\":\"search_term_string\"}}],\"inLanguage\":\"fr-FR\"},{\"@type\":\"Organization\",\"@id\":\"https:\\\/\\\/www.webdo.tn\\\/fr\\\/#organization\",\"name\":\"Webdo\",\"alternateName\":\"Webdo.tn\",\"url\":\"https:\\\/\\\/www.webdo.tn\\\/fr\\\/\",\"logo\":{\"@type\":\"ImageObject\",\"inLanguage\":\"fr-FR\",\"@id\":\"https:\\\/\\\/www.webdo.tn\\\/fr\\\/#\\\/schema\\\/logo\\\/image\\\/\",\"url\":\"https:\\\/\\\/www.webdo.tn\\\/fr\\\/wp-content\\\/uploads\\\/2025\\\/06\\\/Webdo-Tunisie_168377.jpg\",\"contentUrl\":\"https:\\\/\\\/www.webdo.tn\\\/fr\\\/wp-content\\\/uploads\\\/2025\\\/06\\\/Webdo-Tunisie_168377.jpg\",\"width\":301,\"height\":301,\"caption\":\"Webdo\"},\"image\":{\"@id\":\"https:\\\/\\\/www.webdo.tn\\\/fr\\\/#\\\/schema\\\/logo\\\/image\\\/\"},\"sameAs\":[\"https:\\\/\\\/www.facebook.com\\\/webdotn\",\"https:\\\/\\\/x.com\\\/webdo_tn\"],\"description\":\"Webdo est un m\u00e9dia num\u00e9rique tunisien fond\u00e9 en 2010, sp\u00e9cialis\u00e9 dans l\u2019actualit\u00e9 nationale et internationale, l\u2019\u00e9conomie, la soci\u00e9t\u00e9 et les analyses politiques. Le site s\u2019adresse \u00e0 un large public francophone et couvre l\u2019information tunisienne en temps r\u00e9el.\",\"email\":\"redac@webdo.tn\",\"legalName\":\"YNJ SARL\",\"foundingDate\":\"2010-09-06\",\"numberOfEmployees\":{\"@type\":\"QuantitativeValue\",\"minValue\":\"11\",\"maxValue\":\"50\"}},{\"@type\":\"Person\",\"@id\":\"https:\\\/\\\/www.webdo.tn\\\/fr\\\/#\\\/schema\\\/person\\\/f35b42a42c5e2511bbd282959d6385cc\",\"name\":\"CL\",\"image\":{\"@type\":\"ImageObject\",\"inLanguage\":\"fr-FR\",\"@id\":\"https:\\\/\\\/secure.gravatar.com\\\/avatar\\\/1447a49909b67aa657c488aec6512e1dd6143a480c1ecfee9b5b5cd74eb3b59e?s=96&d=mm&r=g\",\"url\":\"https:\\\/\\\/secure.gravatar.com\\\/avatar\\\/1447a49909b67aa657c488aec6512e1dd6143a480c1ecfee9b5b5cd74eb3b59e?s=96&d=mm&r=g\",\"contentUrl\":\"https:\\\/\\\/secure.gravatar.com\\\/avatar\\\/1447a49909b67aa657c488aec6512e1dd6143a480c1ecfee9b5b5cd74eb3b59e?s=96&d=mm&r=g\",\"caption\":\"CL\"},\"url\":\"https:\\\/\\\/www.webdo.tn\\\/fr\\\/actualite\\\/author\\\/cl\\\/\"}]}<\/script>\n<!-- \/ Yoast SEO Premium plugin. -->","yoast_head_json":{"title":"Tunisie : Le lancement commercial de la 5G pr\u00e9vu en 2025","description":"Le Chef du gouvernement, Ahmed Hachani a pr\u00e9sid\u00e9, ce jeudi 13 juin 2024, au palais du Gouvernement \u00e0 la Kasbah une r\u00e9union minist\u00e9rielle restreinte consacr\u00e9e au...","canonical":"https:\/\/www.webdo.tn\/fr\/actualite\/national\/tunisie-le-lancement-commercial-de-la-5g-prevu-en-2025\/214750\/","og_locale":"fr_FR","og_type":"article","og_title":"Tunisie : Le lancement commercial de la 5G pr\u00e9vu en 2025","og_description":"Le Chef du gouvernement, Ahmed Hachani a pr\u00e9sid\u00e9, ce jeudi 13 juin 2024, au palais du Gouvernement \u00e0 la Kasbah une r\u00e9union minist\u00e9rielle restreinte consacr\u00e9e au...","og_url":"https:\/\/www.webdo.tn\/fr\/actualite\/national\/tunisie-le-lancement-commercial-de-la-5g-prevu-en-2025\/214750\/","og_site_name":"webdo","article_publisher":"https:\/\/www.facebook.com\/webdotn","article_published_time":"2024-06-13T14:58:00+00:00","article_modified_time":"2025-05-20T22:53:56+00:00","og_image":[{"width":750,"height":400,"url":"https:\/\/www.webdo.tn\/fr\/wp-content\/uploads\/2024\/06\/9afb74910f1f22f18db3ff436f301918.webp","type":"image\/webp"}],"author":"CL","twitter_card":"summary_large_image","twitter_creator":"@webdo_tn","twitter_site":"@webdo_tn","twitter_misc":{"\u00c9crit par":"CL","Dur\u00e9e de lecture estim\u00e9e":"2 minutes"},"schema":{"@context":"https:\/\/schema.org","@graph":[{"@type":"NewsArticle","@id":"https:\/\/www.webdo.tn\/fr\/actualite\/national\/tunisie-le-lancement-commercial-de-la-5g-prevu-en-2025\/214750\/#article","isPartOf":{"@id":"https:\/\/www.webdo.tn\/fr\/actualite\/national\/tunisie-le-lancement-commercial-de-la-5g-prevu-en-2025\/214750\/"},"author":{"name":"CL","@id":"https:\/\/www.webdo.tn\/fr\/#\/schema\/person\/f35b42a42c5e2511bbd282959d6385cc"},"headline":"Tunisie : Le lancement commercial de la 5G pr\u00e9vu en 2025","datePublished":"2024-06-13T14:58:00+00:00","dateModified":"2025-05-20T22:53:56+00:00","mainEntityOfPage":{"@id":"https:\/\/www.webdo.tn\/fr\/actualite\/national\/tunisie-le-lancement-commercial-de-la-5g-prevu-en-2025\/214750\/"},"wordCount":384,"commentCount":0,"publisher":{"@id":"https:\/\/www.webdo.tn\/fr\/#organization"},"image":{"@id":"https:\/\/www.webdo.tn\/fr\/actualite\/national\/tunisie-le-lancement-commercial-de-la-5g-prevu-en-2025\/214750\/#primaryimage"},"thumbnailUrl":"https:\/\/www.webdo.tn\/fr\/wp-content\/uploads\/2024\/06\/9afb74910f1f22f18db3ff436f301918.webp","keywords":["'mobile']","5G","Internet","licence","technologie","Tunisie"],"articleSection":["National"],"inLanguage":"fr-FR"},{"@type":"WebPage","@id":"https:\/\/www.webdo.tn\/fr\/actualite\/national\/tunisie-le-lancement-commercial-de-la-5g-prevu-en-2025\/214750\/","url":"https:\/\/www.webdo.tn\/fr\/actualite\/national\/tunisie-le-lancement-commercial-de-la-5g-prevu-en-2025\/214750\/","name":"Tunisie : Le lancement commercial de la 5G pr\u00e9vu en 2025","isPartOf":{"@id":"https:\/\/www.webdo.tn\/fr\/#website"},"primaryImageOfPage":{"@id":"https:\/\/www.webdo.tn\/fr\/actualite\/national\/tunisie-le-lancement-commercial-de-la-5g-prevu-en-2025\/214750\/#primaryimage"},"image":{"@id":"https:\/\/www.webdo.tn\/fr\/actualite\/national\/tunisie-le-lancement-commercial-de-la-5g-prevu-en-2025\/214750\/#primaryimage"},"thumbnailUrl":"https:\/\/www.webdo.tn\/fr\/wp-content\/uploads\/2024\/06\/9afb74910f1f22f18db3ff436f301918.webp","datePublished":"2024-06-13T14:58:00+00:00","dateModified":"2025-05-20T22:53:56+00:00","description":"Le Chef du gouvernement, Ahmed Hachani a pr\u00e9sid\u00e9, ce jeudi 13 juin 2024, au palais du Gouvernement \u00e0 la Kasbah une r\u00e9union minist\u00e9rielle restreinte consacr\u00e9e au...","breadcrumb":{"@id":"https:\/\/www.webdo.tn\/fr\/actualite\/national\/tunisie-le-lancement-commercial-de-la-5g-prevu-en-2025\/214750\/#breadcrumb"},"inLanguage":"fr-FR","potentialAction":[{"@type":"ReadAction","target":["https:\/\/www.webdo.tn\/fr\/actualite\/national\/tunisie-le-lancement-commercial-de-la-5g-prevu-en-2025\/214750\/"]}]},{"@type":"ImageObject","inLanguage":"fr-FR","@id":"https:\/\/www.webdo.tn\/fr\/actualite\/national\/tunisie-le-lancement-commercial-de-la-5g-prevu-en-2025\/214750\/#primaryimage","url":"https:\/\/www.webdo.tn\/fr\/wp-content\/uploads\/2024\/06\/9afb74910f1f22f18db3ff436f301918.webp","contentUrl":"https:\/\/www.webdo.tn\/fr\/wp-content\/uploads\/2024\/06\/9afb74910f1f22f18db3ff436f301918.webp","width":750,"height":400,"caption":"Tunisie : Le lancement commercial de la 5G pr\u00e9vu en 2025"},{"@type":"BreadcrumbList","@id":"https:\/\/www.webdo.tn\/fr\/actualite\/national\/tunisie-le-lancement-commercial-de-la-5g-prevu-en-2025\/214750\/#breadcrumb","itemListElement":[{"@type":"ListItem","position":1,"name":"Accueil","item":"https:\/\/www.webdo.tn\/fr\/"},{"@type":"ListItem","position":2,"name":"Tunisie : Le lancement commercial de la 5G pr\u00e9vu en 2025"}]},{"@type":"WebSite","@id":"https:\/\/www.webdo.tn\/fr\/#website","url":"https:\/\/www.webdo.tn\/fr\/","name":"webdo","description":"Tunisie - News en Tunisie et \u00e0 l&#039;international sur Webdo.tn","publisher":{"@id":"https:\/\/www.webdo.tn\/fr\/#organization"},"potentialAction":[{"@type":"SearchAction","target":{"@type":"EntryPoint","urlTemplate":"https:\/\/www.webdo.tn\/fr\/?s={search_term_string}"},"query-input":{"@type":"PropertyValueSpecification","valueRequired":true,"valueName":"search_term_string"}}],"inLanguage":"fr-FR"},{"@type":"Organization","@id":"https:\/\/www.webdo.tn\/fr\/#organization","name":"Webdo","alternateName":"Webdo.tn","url":"https:\/\/www.webdo.tn\/fr\/","logo":{"@type":"ImageObject","inLanguage":"fr-FR","@id":"https:\/\/www.webdo.tn\/fr\/#\/schema\/logo\/image\/","url":"https:\/\/www.webdo.tn\/fr\/wp-content\/uploads\/2025\/06\/Webdo-Tunisie_168377.jpg","contentUrl":"https:\/\/www.webdo.tn\/fr\/wp-content\/uploads\/2025\/06\/Webdo-Tunisie_168377.jpg","width":301,"height":301,"caption":"Webdo"},"image":{"@id":"https:\/\/www.webdo.tn\/fr\/#\/schema\/logo\/image\/"},"sameAs":["https:\/\/www.facebook.com\/webdotn","https:\/\/x.com\/webdo_tn"],"description":"Webdo est un m\u00e9dia num\u00e9rique tunisien fond\u00e9 en 2010, sp\u00e9cialis\u00e9 dans l\u2019actualit\u00e9 nationale et internationale, l\u2019\u00e9conomie, la soci\u00e9t\u00e9 et les analyses politiques. Le site s\u2019adresse \u00e0 un large public francophone et couvre l\u2019information tunisienne en temps r\u00e9el.","email":"redac@webdo.tn","legalName":"YNJ SARL","foundingDate":"2010-09-06","numberOfEmployees":{"@type":"QuantitativeValue","minValue":"11","maxValue":"50"}},{"@type":"Person","@id":"https:\/\/www.webdo.tn\/fr\/#\/schema\/person\/f35b42a42c5e2511bbd282959d6385cc","name":"CL","image":{"@type":"ImageObject","inLanguage":"fr-FR","@id":"https:\/\/secure.gravatar.com\/avatar\/1447a49909b67aa657c488aec6512e1dd6143a480c1ecfee9b5b5cd74eb3b59e?s=96&d=mm&r=g","url":"https:\/\/secure.gravatar.com\/avatar\/1447a49909b67aa657c488aec6512e1dd6143a480c1ecfee9b5b5cd74eb3b59e?s=96&d=mm&r=g","contentUrl":"https:\/\/secure.gravatar.com\/avatar\/1447a49909b67aa657c488aec6512e1dd6143a480c1ecfee9b5b5cd74eb3b59e?s=96&d=mm&r=g","caption":"CL"},"url":"https:\/\/www.webdo.tn\/fr\/actualite\/author\/cl\/"}]}},"_links":{"self":[{"href":"https:\/\/www.webdo.tn\/fr\/wp-json\/wp\/v2\/posts\/214750","targetHints":{"allow":["GET"]}}],"collection":[{"href":"https:\/\/www.webdo.tn\/fr\/wp-json\/wp\/v2\/posts"}],"about":[{"href":"https:\/\/www.webdo.tn\/fr\/wp-json\/wp\/v2\/types\/post"}],"author":[{"embeddable":true,"href":"https:\/\/www.webdo.tn\/fr\/wp-json\/wp\/v2\/users\/3175"}],"replies":[{"embeddable":true,"href":"https:\/\/www.webdo.tn\/fr\/wp-json\/wp\/v2\/comments?post=214750"}],"version-history":[{"count":0,"href":"https:\/\/www.webdo.tn\/fr\/wp-json\/wp\/v2\/posts\/214750\/revisions"}],"wp:featuredmedia":[{"embeddable":true,"href":"https:\/\/www.webdo.tn\/fr\/wp-json\/wp\/v2\/media\/290719"}],"wp:attachment":[{"href":"https:\/\/www.webdo.tn\/fr\/wp-json\/wp\/v2\/media?parent=214750"}],"wp:term":[{"taxonomy":"category","embeddable":true,"href":"https:\/\/www.webdo.tn\/fr\/wp-json\/wp\/v2\/categories?post=214750"},{"taxonomy":"post_tag","embeddable":true,"href":"https:\/\/www.webdo.tn\/fr\/wp-json\/wp\/v2\/tags?post=214750"}],"curies":[{"name":"wp","href":"https:\/\/api.w.org\/{rel}","templated":true}]}}