{"id":214741,"date":"2024-06-13T08:59:00","date_gmt":"2024-06-13T08:59:00","guid":{"rendered":"https:\/\/www.webdo.tn\/fr\/blog\/aid-el-idha-ouverture-des-banques-samedi\/214741\/"},"modified":"2025-05-20T22:36:23","modified_gmt":"2025-05-20T22:36:23","slug":"aid-el-idha-ouverture-des-banques-samedi","status":"publish","type":"post","link":"https:\/\/www.webdo.tn\/fr\/actualite\/national\/aid-el-idha-ouverture-des-banques-samedi\/214741\/","title":{"rendered":"A\u00efd El Idha : Ouverture des banques, samedi"},"content":{"rendered":"<p>A l\u2019occasion de l&rsquo;A\u00efd El Idha les banques assureront une permanence, samedi 15 juin afin de permettre le bon d\u00e9roulement des transactions.<\/p>\n<p>\t\t\t\t\t\t\t\t\tLa Banque Centrale de Tunisie a ainsi d\u00e9cid\u00e9 que les banques assureront au public, samedi 15 juin 2024, de 09h00 \u00e0 12h00, un service de retraits et versements d\u2019esp\u00e8ces et de change manuel.<\/p>\n<p>Elle assurera, le m\u00eame jour, de 09h00 \u00e0 12h00, un service de paiement \u00e0 son si\u00e8ge \u00e0 Tunis et dans ses succursales.<\/p>\n<p>Par ailleurs, la BCT a invit\u00e9 les banques et l\u2019Office National des Postes \u00e0 prendre les mesures n\u00e9cessaires pour assurer l\u2019alimentation des DAB et la continuit\u00e9 des paiements \u00e9lectroniques durant ce cong\u00e9 et d\u2019intervenir, le cas \u00e9ch\u00e9ant, \u00e0 temps pour la r\u00e9solution de tout incident technique.<\/p>\n<p>Rappelons que lA\u00efd El Idha sera c\u00e9l\u00e9br\u00e9 dimanche 16 juin et qu\u2019\u00e0 cette occasion, dimanche 16 et lundi 17 juin seront ch\u00f4m\u00e9s pour la majorit\u00e9 des Tunisiens.<\/p>\n","protected":false},"excerpt":{"rendered":"<p>A l\u2019occasion de l&rsquo;A\u00efd El Idha les banques assureront une permanence, samedi 15 juin afin de permettre le bon d\u00e9roulement des transactions.<\/p>\n","protected":false},"author":3175,"featured_media":247195,"comment_status":"open","ping_status":"closed","sticky":false,"template":"","format":"standard","meta":{"footnotes":""},"categories":[44],"tags":[6317,3063,2807,5924,6329,6330],"class_list":["post-214741","post","type-post","status-publish","format-standard","has-post-thumbnail","hentry","category-national","tag-aid-el-idha","tag-banques","tag-bct","tag-conge","tag-guichets","tag-ouverture"],"yoast_head":"<!-- This site is optimized with the Yoast SEO Premium plugin v27.5 (Yoast SEO v27.5) - https:\/\/yoast.com\/product\/yoast-seo-premium-wordpress\/ -->\n<title>A\u00efd El Idha : Ouverture des banques, samedi<\/title>\n<meta name=\"description\" content=\"A l\u2019occasion de l&#039;A\u00efd El Idha les banques assureront une permanence, samedi 15 juin afin de permettre le bon d\u00e9roulement des transactions.\" \/>\n<link rel=\"canonical\" href=\"https:\/\/www.webdo.tn\/fr\/actualite\/national\/aid-el-idha-ouverture-des-banques-samedi\/214741\/\" \/>\n<meta property=\"og:locale\" content=\"fr_FR\" \/>\n<meta property=\"og:type\" content=\"article\" \/>\n<meta property=\"og:title\" content=\"A\u00efd El Idha : Ouverture des banques, samedi\" \/>\n<meta property=\"og:description\" content=\"A l\u2019occasion de l&#039;A\u00efd El Idha les banques assureront une permanence, samedi 15 juin afin de permettre le bon d\u00e9roulement des transactions.\" \/>\n<meta property=\"og:url\" content=\"https:\/\/www.webdo.tn\/fr\/actualite\/national\/aid-el-idha-ouverture-des-banques-samedi\/214741\/\" \/>\n<meta property=\"og:site_name\" content=\"webdo\" \/>\n<meta property=\"article:publisher\" content=\"https:\/\/www.facebook.com\/webdotn\" \/>\n<meta property=\"article:published_time\" content=\"2024-06-13T08:59:00+00:00\" \/>\n<meta property=\"article:modified_time\" content=\"2025-05-20T22:36:23+00:00\" \/>\n<meta property=\"og:image\" content=\"https:\/\/www.webdo.tn\/fr\/wp-content\/uploads\/2024\/06\/e4e8e2def81faaa7659b3e80a2f88d2c.webp\" \/>\n\t<meta property=\"og:image:width\" content=\"750\" \/>\n\t<meta property=\"og:image:height\" content=\"400\" \/>\n\t<meta property=\"og:image:type\" content=\"image\/webp\" \/>\n<meta name=\"author\" content=\"CL\" \/>\n<meta name=\"twitter:card\" content=\"summary_large_image\" \/>\n<meta name=\"twitter:creator\" content=\"@webdo_tn\" \/>\n<meta name=\"twitter:site\" content=\"@webdo_tn\" \/>\n<meta name=\"twitter:label1\" content=\"\u00c9crit par\" \/>\n\t<meta name=\"twitter:data1\" content=\"CL\" \/>\n\t<meta name=\"twitter:label2\" content=\"Dur\u00e9e de lecture estim\u00e9e\" \/>\n\t<meta name=\"twitter:data2\" content=\"1 minute\" \/>\n<script type=\"application\/ld+json\" class=\"yoast-schema-graph\">{\"@context\":\"https:\\\/\\\/schema.org\",\"@graph\":[{\"@type\":\"NewsArticle\",\"@id\":\"https:\\\/\\\/www.webdo.tn\\\/fr\\\/actualite\\\/national\\\/aid-el-idha-ouverture-des-banques-samedi\\\/214741\\\/#article\",\"isPartOf\":{\"@id\":\"https:\\\/\\\/www.webdo.tn\\\/fr\\\/actualite\\\/national\\\/aid-el-idha-ouverture-des-banques-samedi\\\/214741\\\/\"},\"author\":{\"name\":\"CL\",\"@id\":\"https:\\\/\\\/www.webdo.tn\\\/fr\\\/#\\\/schema\\\/person\\\/f35b42a42c5e2511bbd282959d6385cc\"},\"headline\":\"A\u00efd El Idha : Ouverture des banques, samedi\",\"datePublished\":\"2024-06-13T08:59:00+00:00\",\"dateModified\":\"2025-05-20T22:36:23+00:00\",\"mainEntityOfPage\":{\"@id\":\"https:\\\/\\\/www.webdo.tn\\\/fr\\\/actualite\\\/national\\\/aid-el-idha-ouverture-des-banques-samedi\\\/214741\\\/\"},\"wordCount\":166,\"commentCount\":0,\"publisher\":{\"@id\":\"https:\\\/\\\/www.webdo.tn\\\/fr\\\/#organization\"},\"image\":{\"@id\":\"https:\\\/\\\/www.webdo.tn\\\/fr\\\/actualite\\\/national\\\/aid-el-idha-ouverture-des-banques-samedi\\\/214741\\\/#primaryimage\"},\"thumbnailUrl\":\"https:\\\/\\\/www.webdo.tn\\\/fr\\\/wp-content\\\/uploads\\\/2024\\\/06\\\/e4e8e2def81faaa7659b3e80a2f88d2c.webp\",\"keywords\":[\"aid el idha\",\"Banques\",\"BCT\",\"cong\u00e9\",\"Guichets\",\"Ouverture\"],\"articleSection\":[\"National\"],\"inLanguage\":\"fr-FR\"},{\"@type\":\"WebPage\",\"@id\":\"https:\\\/\\\/www.webdo.tn\\\/fr\\\/actualite\\\/national\\\/aid-el-idha-ouverture-des-banques-samedi\\\/214741\\\/\",\"url\":\"https:\\\/\\\/www.webdo.tn\\\/fr\\\/actualite\\\/national\\\/aid-el-idha-ouverture-des-banques-samedi\\\/214741\\\/\",\"name\":\"A\u00efd El Idha : Ouverture des banques, samedi\",\"isPartOf\":{\"@id\":\"https:\\\/\\\/www.webdo.tn\\\/fr\\\/#website\"},\"primaryImageOfPage\":{\"@id\":\"https:\\\/\\\/www.webdo.tn\\\/fr\\\/actualite\\\/national\\\/aid-el-idha-ouverture-des-banques-samedi\\\/214741\\\/#primaryimage\"},\"image\":{\"@id\":\"https:\\\/\\\/www.webdo.tn\\\/fr\\\/actualite\\\/national\\\/aid-el-idha-ouverture-des-banques-samedi\\\/214741\\\/#primaryimage\"},\"thumbnailUrl\":\"https:\\\/\\\/www.webdo.tn\\\/fr\\\/wp-content\\\/uploads\\\/2024\\\/06\\\/e4e8e2def81faaa7659b3e80a2f88d2c.webp\",\"datePublished\":\"2024-06-13T08:59:00+00:00\",\"dateModified\":\"2025-05-20T22:36:23+00:00\",\"description\":\"A l\u2019occasion de l'A\u00efd El Idha les banques assureront une permanence, samedi 15 juin afin de permettre le bon d\u00e9roulement des transactions.\",\"breadcrumb\":{\"@id\":\"https:\\\/\\\/www.webdo.tn\\\/fr\\\/actualite\\\/national\\\/aid-el-idha-ouverture-des-banques-samedi\\\/214741\\\/#breadcrumb\"},\"inLanguage\":\"fr-FR\",\"potentialAction\":[{\"@type\":\"ReadAction\",\"target\":[\"https:\\\/\\\/www.webdo.tn\\\/fr\\\/actualite\\\/national\\\/aid-el-idha-ouverture-des-banques-samedi\\\/214741\\\/\"]}]},{\"@type\":\"ImageObject\",\"inLanguage\":\"fr-FR\",\"@id\":\"https:\\\/\\\/www.webdo.tn\\\/fr\\\/actualite\\\/national\\\/aid-el-idha-ouverture-des-banques-samedi\\\/214741\\\/#primaryimage\",\"url\":\"https:\\\/\\\/www.webdo.tn\\\/fr\\\/wp-content\\\/uploads\\\/2024\\\/06\\\/e4e8e2def81faaa7659b3e80a2f88d2c.webp\",\"contentUrl\":\"https:\\\/\\\/www.webdo.tn\\\/fr\\\/wp-content\\\/uploads\\\/2024\\\/06\\\/e4e8e2def81faaa7659b3e80a2f88d2c.webp\",\"width\":750,\"height\":400,\"caption\":\"A\u00efd El Idha : Ouverture des banques, samedi\"},{\"@type\":\"BreadcrumbList\",\"@id\":\"https:\\\/\\\/www.webdo.tn\\\/fr\\\/actualite\\\/national\\\/aid-el-idha-ouverture-des-banques-samedi\\\/214741\\\/#breadcrumb\",\"itemListElement\":[{\"@type\":\"ListItem\",\"position\":1,\"name\":\"Accueil\",\"item\":\"https:\\\/\\\/www.webdo.tn\\\/fr\\\/\"},{\"@type\":\"ListItem\",\"position\":2,\"name\":\"A\u00efd El Idha : Ouverture des banques, samedi\"}]},{\"@type\":\"WebSite\",\"@id\":\"https:\\\/\\\/www.webdo.tn\\\/fr\\\/#website\",\"url\":\"https:\\\/\\\/www.webdo.tn\\\/fr\\\/\",\"name\":\"webdo\",\"description\":\"Tunisie - News en Tunisie et \u00e0 l&#039;international sur Webdo.tn\",\"publisher\":{\"@id\":\"https:\\\/\\\/www.webdo.tn\\\/fr\\\/#organization\"},\"potentialAction\":[{\"@type\":\"SearchAction\",\"target\":{\"@type\":\"EntryPoint\",\"urlTemplate\":\"https:\\\/\\\/www.webdo.tn\\\/fr\\\/?s={search_term_string}\"},\"query-input\":{\"@type\":\"PropertyValueSpecification\",\"valueRequired\":true,\"valueName\":\"search_term_string\"}}],\"inLanguage\":\"fr-FR\"},{\"@type\":\"Organization\",\"@id\":\"https:\\\/\\\/www.webdo.tn\\\/fr\\\/#organization\",\"name\":\"Webdo\",\"alternateName\":\"Webdo.tn\",\"url\":\"https:\\\/\\\/www.webdo.tn\\\/fr\\\/\",\"logo\":{\"@type\":\"ImageObject\",\"inLanguage\":\"fr-FR\",\"@id\":\"https:\\\/\\\/www.webdo.tn\\\/fr\\\/#\\\/schema\\\/logo\\\/image\\\/\",\"url\":\"https:\\\/\\\/www.webdo.tn\\\/fr\\\/wp-content\\\/uploads\\\/2025\\\/06\\\/Webdo-Tunisie_168377.jpg\",\"contentUrl\":\"https:\\\/\\\/www.webdo.tn\\\/fr\\\/wp-content\\\/uploads\\\/2025\\\/06\\\/Webdo-Tunisie_168377.jpg\",\"width\":301,\"height\":301,\"caption\":\"Webdo\"},\"image\":{\"@id\":\"https:\\\/\\\/www.webdo.tn\\\/fr\\\/#\\\/schema\\\/logo\\\/image\\\/\"},\"sameAs\":[\"https:\\\/\\\/www.facebook.com\\\/webdotn\",\"https:\\\/\\\/x.com\\\/webdo_tn\"],\"description\":\"Webdo est un m\u00e9dia num\u00e9rique tunisien fond\u00e9 en 2010, sp\u00e9cialis\u00e9 dans l\u2019actualit\u00e9 nationale et internationale, l\u2019\u00e9conomie, la soci\u00e9t\u00e9 et les analyses politiques. Le site s\u2019adresse \u00e0 un large public francophone et couvre l\u2019information tunisienne en temps r\u00e9el.\",\"email\":\"redac@webdo.tn\",\"legalName\":\"YNJ SARL\",\"foundingDate\":\"2010-09-06\",\"numberOfEmployees\":{\"@type\":\"QuantitativeValue\",\"minValue\":\"11\",\"maxValue\":\"50\"}},{\"@type\":\"Person\",\"@id\":\"https:\\\/\\\/www.webdo.tn\\\/fr\\\/#\\\/schema\\\/person\\\/f35b42a42c5e2511bbd282959d6385cc\",\"name\":\"CL\",\"image\":{\"@type\":\"ImageObject\",\"inLanguage\":\"fr-FR\",\"@id\":\"https:\\\/\\\/secure.gravatar.com\\\/avatar\\\/1447a49909b67aa657c488aec6512e1dd6143a480c1ecfee9b5b5cd74eb3b59e?s=96&d=mm&r=g\",\"url\":\"https:\\\/\\\/secure.gravatar.com\\\/avatar\\\/1447a49909b67aa657c488aec6512e1dd6143a480c1ecfee9b5b5cd74eb3b59e?s=96&d=mm&r=g\",\"contentUrl\":\"https:\\\/\\\/secure.gravatar.com\\\/avatar\\\/1447a49909b67aa657c488aec6512e1dd6143a480c1ecfee9b5b5cd74eb3b59e?s=96&d=mm&r=g\",\"caption\":\"CL\"},\"url\":\"https:\\\/\\\/www.webdo.tn\\\/fr\\\/actualite\\\/author\\\/cl\\\/\"}]}<\/script>\n<!-- \/ Yoast SEO Premium plugin. -->","yoast_head_json":{"title":"A\u00efd El Idha : Ouverture des banques, samedi","description":"A l\u2019occasion de l'A\u00efd El Idha les banques assureront une permanence, samedi 15 juin afin de permettre le bon d\u00e9roulement des transactions.","canonical":"https:\/\/www.webdo.tn\/fr\/actualite\/national\/aid-el-idha-ouverture-des-banques-samedi\/214741\/","og_locale":"fr_FR","og_type":"article","og_title":"A\u00efd El Idha : Ouverture des banques, samedi","og_description":"A l\u2019occasion de l'A\u00efd El Idha les banques assureront une permanence, samedi 15 juin afin de permettre le bon d\u00e9roulement des transactions.","og_url":"https:\/\/www.webdo.tn\/fr\/actualite\/national\/aid-el-idha-ouverture-des-banques-samedi\/214741\/","og_site_name":"webdo","article_publisher":"https:\/\/www.facebook.com\/webdotn","article_published_time":"2024-06-13T08:59:00+00:00","article_modified_time":"2025-05-20T22:36:23+00:00","og_image":[{"width":750,"height":400,"url":"https:\/\/www.webdo.tn\/fr\/wp-content\/uploads\/2024\/06\/e4e8e2def81faaa7659b3e80a2f88d2c.webp","type":"image\/webp"}],"author":"CL","twitter_card":"summary_large_image","twitter_creator":"@webdo_tn","twitter_site":"@webdo_tn","twitter_misc":{"\u00c9crit par":"CL","Dur\u00e9e de lecture estim\u00e9e":"1 minute"},"schema":{"@context":"https:\/\/schema.org","@graph":[{"@type":"NewsArticle","@id":"https:\/\/www.webdo.tn\/fr\/actualite\/national\/aid-el-idha-ouverture-des-banques-samedi\/214741\/#article","isPartOf":{"@id":"https:\/\/www.webdo.tn\/fr\/actualite\/national\/aid-el-idha-ouverture-des-banques-samedi\/214741\/"},"author":{"name":"CL","@id":"https:\/\/www.webdo.tn\/fr\/#\/schema\/person\/f35b42a42c5e2511bbd282959d6385cc"},"headline":"A\u00efd El Idha : Ouverture des banques, samedi","datePublished":"2024-06-13T08:59:00+00:00","dateModified":"2025-05-20T22:36:23+00:00","mainEntityOfPage":{"@id":"https:\/\/www.webdo.tn\/fr\/actualite\/national\/aid-el-idha-ouverture-des-banques-samedi\/214741\/"},"wordCount":166,"commentCount":0,"publisher":{"@id":"https:\/\/www.webdo.tn\/fr\/#organization"},"image":{"@id":"https:\/\/www.webdo.tn\/fr\/actualite\/national\/aid-el-idha-ouverture-des-banques-samedi\/214741\/#primaryimage"},"thumbnailUrl":"https:\/\/www.webdo.tn\/fr\/wp-content\/uploads\/2024\/06\/e4e8e2def81faaa7659b3e80a2f88d2c.webp","keywords":["aid el idha","Banques","BCT","cong\u00e9","Guichets","Ouverture"],"articleSection":["National"],"inLanguage":"fr-FR"},{"@type":"WebPage","@id":"https:\/\/www.webdo.tn\/fr\/actualite\/national\/aid-el-idha-ouverture-des-banques-samedi\/214741\/","url":"https:\/\/www.webdo.tn\/fr\/actualite\/national\/aid-el-idha-ouverture-des-banques-samedi\/214741\/","name":"A\u00efd El Idha : Ouverture des banques, samedi","isPartOf":{"@id":"https:\/\/www.webdo.tn\/fr\/#website"},"primaryImageOfPage":{"@id":"https:\/\/www.webdo.tn\/fr\/actualite\/national\/aid-el-idha-ouverture-des-banques-samedi\/214741\/#primaryimage"},"image":{"@id":"https:\/\/www.webdo.tn\/fr\/actualite\/national\/aid-el-idha-ouverture-des-banques-samedi\/214741\/#primaryimage"},"thumbnailUrl":"https:\/\/www.webdo.tn\/fr\/wp-content\/uploads\/2024\/06\/e4e8e2def81faaa7659b3e80a2f88d2c.webp","datePublished":"2024-06-13T08:59:00+00:00","dateModified":"2025-05-20T22:36:23+00:00","description":"A l\u2019occasion de l'A\u00efd El Idha les banques assureront une permanence, samedi 15 juin afin de permettre le bon d\u00e9roulement des transactions.","breadcrumb":{"@id":"https:\/\/www.webdo.tn\/fr\/actualite\/national\/aid-el-idha-ouverture-des-banques-samedi\/214741\/#breadcrumb"},"inLanguage":"fr-FR","potentialAction":[{"@type":"ReadAction","target":["https:\/\/www.webdo.tn\/fr\/actualite\/national\/aid-el-idha-ouverture-des-banques-samedi\/214741\/"]}]},{"@type":"ImageObject","inLanguage":"fr-FR","@id":"https:\/\/www.webdo.tn\/fr\/actualite\/national\/aid-el-idha-ouverture-des-banques-samedi\/214741\/#primaryimage","url":"https:\/\/www.webdo.tn\/fr\/wp-content\/uploads\/2024\/06\/e4e8e2def81faaa7659b3e80a2f88d2c.webp","contentUrl":"https:\/\/www.webdo.tn\/fr\/wp-content\/uploads\/2024\/06\/e4e8e2def81faaa7659b3e80a2f88d2c.webp","width":750,"height":400,"caption":"A\u00efd El Idha : Ouverture des banques, samedi"},{"@type":"BreadcrumbList","@id":"https:\/\/www.webdo.tn\/fr\/actualite\/national\/aid-el-idha-ouverture-des-banques-samedi\/214741\/#breadcrumb","itemListElement":[{"@type":"ListItem","position":1,"name":"Accueil","item":"https:\/\/www.webdo.tn\/fr\/"},{"@type":"ListItem","position":2,"name":"A\u00efd El Idha : Ouverture des banques, samedi"}]},{"@type":"WebSite","@id":"https:\/\/www.webdo.tn\/fr\/#website","url":"https:\/\/www.webdo.tn\/fr\/","name":"webdo","description":"Tunisie - News en Tunisie et \u00e0 l&#039;international sur Webdo.tn","publisher":{"@id":"https:\/\/www.webdo.tn\/fr\/#organization"},"potentialAction":[{"@type":"SearchAction","target":{"@type":"EntryPoint","urlTemplate":"https:\/\/www.webdo.tn\/fr\/?s={search_term_string}"},"query-input":{"@type":"PropertyValueSpecification","valueRequired":true,"valueName":"search_term_string"}}],"inLanguage":"fr-FR"},{"@type":"Organization","@id":"https:\/\/www.webdo.tn\/fr\/#organization","name":"Webdo","alternateName":"Webdo.tn","url":"https:\/\/www.webdo.tn\/fr\/","logo":{"@type":"ImageObject","inLanguage":"fr-FR","@id":"https:\/\/www.webdo.tn\/fr\/#\/schema\/logo\/image\/","url":"https:\/\/www.webdo.tn\/fr\/wp-content\/uploads\/2025\/06\/Webdo-Tunisie_168377.jpg","contentUrl":"https:\/\/www.webdo.tn\/fr\/wp-content\/uploads\/2025\/06\/Webdo-Tunisie_168377.jpg","width":301,"height":301,"caption":"Webdo"},"image":{"@id":"https:\/\/www.webdo.tn\/fr\/#\/schema\/logo\/image\/"},"sameAs":["https:\/\/www.facebook.com\/webdotn","https:\/\/x.com\/webdo_tn"],"description":"Webdo est un m\u00e9dia num\u00e9rique tunisien fond\u00e9 en 2010, sp\u00e9cialis\u00e9 dans l\u2019actualit\u00e9 nationale et internationale, l\u2019\u00e9conomie, la soci\u00e9t\u00e9 et les analyses politiques. Le site s\u2019adresse \u00e0 un large public francophone et couvre l\u2019information tunisienne en temps r\u00e9el.","email":"redac@webdo.tn","legalName":"YNJ SARL","foundingDate":"2010-09-06","numberOfEmployees":{"@type":"QuantitativeValue","minValue":"11","maxValue":"50"}},{"@type":"Person","@id":"https:\/\/www.webdo.tn\/fr\/#\/schema\/person\/f35b42a42c5e2511bbd282959d6385cc","name":"CL","image":{"@type":"ImageObject","inLanguage":"fr-FR","@id":"https:\/\/secure.gravatar.com\/avatar\/1447a49909b67aa657c488aec6512e1dd6143a480c1ecfee9b5b5cd74eb3b59e?s=96&d=mm&r=g","url":"https:\/\/secure.gravatar.com\/avatar\/1447a49909b67aa657c488aec6512e1dd6143a480c1ecfee9b5b5cd74eb3b59e?s=96&d=mm&r=g","contentUrl":"https:\/\/secure.gravatar.com\/avatar\/1447a49909b67aa657c488aec6512e1dd6143a480c1ecfee9b5b5cd74eb3b59e?s=96&d=mm&r=g","caption":"CL"},"url":"https:\/\/www.webdo.tn\/fr\/actualite\/author\/cl\/"}]}},"_links":{"self":[{"href":"https:\/\/www.webdo.tn\/fr\/wp-json\/wp\/v2\/posts\/214741","targetHints":{"allow":["GET"]}}],"collection":[{"href":"https:\/\/www.webdo.tn\/fr\/wp-json\/wp\/v2\/posts"}],"about":[{"href":"https:\/\/www.webdo.tn\/fr\/wp-json\/wp\/v2\/types\/post"}],"author":[{"embeddable":true,"href":"https:\/\/www.webdo.tn\/fr\/wp-json\/wp\/v2\/users\/3175"}],"replies":[{"embeddable":true,"href":"https:\/\/www.webdo.tn\/fr\/wp-json\/wp\/v2\/comments?post=214741"}],"version-history":[{"count":0,"href":"https:\/\/www.webdo.tn\/fr\/wp-json\/wp\/v2\/posts\/214741\/revisions"}],"wp:featuredmedia":[{"embeddable":true,"href":"https:\/\/www.webdo.tn\/fr\/wp-json\/wp\/v2\/media\/247195"}],"wp:attachment":[{"href":"https:\/\/www.webdo.tn\/fr\/wp-json\/wp\/v2\/media?parent=214741"}],"wp:term":[{"taxonomy":"category","embeddable":true,"href":"https:\/\/www.webdo.tn\/fr\/wp-json\/wp\/v2\/categories?post=214741"},{"taxonomy":"post_tag","embeddable":true,"href":"https:\/\/www.webdo.tn\/fr\/wp-json\/wp\/v2\/tags?post=214741"}],"curies":[{"name":"wp","href":"https:\/\/api.w.org\/{rel}","templated":true}]}}